{"id":1160,"date":"2016-11-17T23:26:39","date_gmt":"2016-11-17T23:26:39","guid":{"rendered":"http:\/\/www.puertocdelu.com.ar\/?p=1160"},"modified":"2016-11-17T23:26:39","modified_gmt":"2016-11-17T23:26:39","slug":"entre-rios-estara-presente-en-la-feria-gulfood-dubai-2017","status":"publish","type":"post","link":"https:\/\/www.puertocdelu.com.ar\/index.php\/2016\/11\/17\/entre-rios-estara-presente-en-la-feria-gulfood-dubai-2017\/","title":{"rendered":"Entre R\u00edos estar\u00e1 presente en la Feria Gulfood Dubai 2017"},"content":{"rendered":"<p>La Regi\u00f3n Centro realizar\u00e1 en conjunto una Misi\u00f3n Institucional y Comercial a los Emiratos \u00c1rabes Unidos a fin de participar en la Feria internacional Gulfood 2017, a celebrarse en la ciudad de Dubai entre los d\u00edas 26 de febrero y 2 de marzo. La participaci\u00f3n tiene por objeto promover la ampliaci\u00f3n del espectro de negocios existentes, como as\u00ed tambi\u00e9n desarrollar nuevas vinculaciones comerciales en uno de los eventos m\u00e1s importantes de Medio Oriente, donde se dan cita todos los actores de la comercializaci\u00f3n de alimentos, bebidas e industrias derivadas.<\/p>\n<p>El Ministerio de Producci\u00f3n de la provincia, a trav\u00e9s de la Secretar\u00eda\u00a0 Comercio, y el Consejo Federal de Inversiones, \u00a0promueven esta actividad en el marco de las acciones de fomento a las exportaciones de las econom\u00edas regionales, e invitan a participar de la \u00a0Misi\u00f3n Institucional y Comercial de la Regi\u00f3n Centro. La invitaci\u00f3n est\u00e1 dirigida a empresas productoras de alimentos y bebidas \u00a0de las provincias\u00a0 de C\u00f3rdoba, Entre R\u00edos y Santa Fe. Los cupos son limitados y se distribuir\u00e1n en 8 espacios para cada provincia.<\/p>\n<p>Cabe destacar que los Emiratos \u00c1rabes Unidos (EAU) es un importante reexportador (72 por ciento de sus importaciones son reexportadas a 160 pa\u00edses), por lo que Gulfood genera negocios para un inmenso mercado de consumidores de toda su regi\u00f3n. De esta manera, la Feria genera el marco propicio como puerta de entrada a Medio Oriente, dando acceso a 2 billones de consumidores de los Emiratos \u00c1rabes Unidos y la regi\u00f3n.<\/p>\n<p>En relaci\u00f3n a las participaciones provinciales en las ediciones anteriores, el Secretario de Comercio N\u00e9stor Loggio, destac\u00f3 que este tipo de misiones \u201cabre las puertas no s\u00f3lo a un mercado influyente sino que abre nuevas puertas y perspectivas para nuestro sector empresario en constante desarrollo\u201d.<\/p>\n<p>&nbsp;<\/p>\n<p>\u201cLa Secretar\u00eda de Comercio \u00a0como el gobierno entrerriano, se ha fijado como meta apoyar y acompa\u00f1ar a todos los emprendimientos en los que los empresarios entrerrianos puedan mostrar la preponderancia de sus productos, marcando presencia, lo que significa la importancia en el mundo de poder instalar el trabajo tan importante que lleva adelante la provincia\u201d, agreg\u00f3.<\/p>\n<h2>Detalles de la Feria<\/h2>\n<p>La Feria Gulfood es una feria internacional con una amplia trayectoria que celebra su 22\u00ba\u00a0 edici\u00f3n. Ha logrado transformarse en un evento obligado para quienes deseen exhibir \u00a0alimentos y bebidas en formato dispuesto para el consumidor final (retail). Es considerada la mayor plataforma de negocios para la industria de alimentos y bebidas en el Medio Oriente y \u00c1frica. Asimismo, la ubicaci\u00f3n geogr\u00e1fica de Dubai la transforma en un centro estrat\u00e9gico, equidistante de China y Europa, espacio propicio para la llegada de importantes compradores de Europa, \u00c1frica y, por qu\u00e9 no, Lejano Oriente.<\/p>\n<p>&nbsp;<\/p>\n<p>Con una trayectoria de\u00a021 a\u00f1os, este evento asegura importantes oportunidades para los exportadores argentinos y la promoci\u00f3n de la oferta exportable de la Regi\u00f3n Centro, tanto en los Emiratos \u00c1rabes Unidos, como en su \u00e1rea de influencia. Se esperan para la edici\u00f3n de 2017 m\u00e1s de 5.000 expositores de 114 pa\u00edses y aproximadamente 77.000 visitantes.<\/p>\n<p>&nbsp;<\/p>\n<h2>Para sumarse a la Misi\u00f3n<\/h2>\n<p>Aquellas empresas que se encuentren interesadas en participar en Dubai 2017, tienen tiempo de remitir la ficha de inscripci\u00f3n hasta el d\u00eda 15 de Diciembre \u00a0del corriente.<\/p>\n<p>Para consultas pueden acercarse a las oficinas de la Secretar\u00eda de Comercio, Laprida N\u00aa 465 Piso 4\u00aa, Paran\u00e1, Entre R\u00edos, o comunicarse a los siguientes tel\u00e9fonos (0343) 420 8899 \/ 8428. Tambi\u00e9n por correo electr\u00f3nico a\u00a0ivanacalafatich@hotmail.com\u00a0(Lic. Ivana Calafatich).<\/p>\n","protected":false},"excerpt":{"rendered":"<p>La Regi\u00f3n Centro realizar\u00e1 en conjunto una Misi\u00f3n Institucional y Comercial a los Emiratos \u00c1rabes Unidos a fin de participar en la Feria internacional Gulfood 2017, a celebrarse en la ciudad de Dubai entre los d\u00edas 26 de febrero y 2 de marzo. La participaci\u00f3n tiene por objeto promover la ampliaci\u00f3n del espectro de negocios [&hellip;]<\/p>\n","protected":false},"author":1,"featured_media":1161,"comment_status":"open","ping_status":"open","sticky":false,"template":"","format":"standard","meta":{"footnotes":""},"categories":[81],"tags":[],"class_list":{"0":"post-1160","1":"post","2":"type-post","3":"status-publish","4":"format-standard","5":"has-post-thumbnail","7":"category-noticias"},"yoast_head":"<!-- This site is optimized with the Yoast SEO plugin v27.4 - https:\/\/yoast.com\/product\/yoast-seo-wordpress\/ -->\n<title>Entre R\u00edos estar\u00e1 presente en la Feria Gulfood Dubai 2017 - Puerto de Concepci\u00f3n del Uruguay<\/title>\n<meta name=\"robots\" content=\"index, follow, max-snippet:-1, max-image-preview:large, max-video-preview:-1\" \/>\n<link rel=\"canonical\" href=\"https:\/\/www.puertocdelu.com.ar\/index.php\/2016\/11\/17\/entre-rios-estara-presente-en-la-feria-gulfood-dubai-2017\/\" \/>\n<meta property=\"og:locale\" content=\"es_ES\" \/>\n<meta property=\"og:type\" content=\"article\" \/>\n<meta property=\"og:title\" content=\"Entre R\u00edos estar\u00e1 presente en la Feria Gulfood Dubai 2017 - Puerto de Concepci\u00f3n del Uruguay\" \/>\n<meta property=\"og:description\" content=\"La Regi\u00f3n Centro realizar\u00e1 en conjunto una Misi\u00f3n Institucional y Comercial a los Emiratos \u00c1rabes Unidos a fin de participar en la Feria internacional Gulfood 2017, a celebrarse en la ciudad de Dubai entre los d\u00edas 26 de febrero y 2 de marzo. La participaci\u00f3n tiene por objeto promover la ampliaci\u00f3n del espectro de negocios [&hellip;]\" \/>\n<meta property=\"og:url\" content=\"https:\/\/www.puertocdelu.com.ar\/index.php\/2016\/11\/17\/entre-rios-estara-presente-en-la-feria-gulfood-dubai-2017\/\" \/>\n<meta property=\"og:site_name\" content=\"Puerto de Concepci\u00f3n del Uruguay\" \/>\n<meta property=\"article:published_time\" content=\"2016-11-17T23:26:39+00:00\" \/>\n<meta property=\"og:image\" content=\"https:\/\/www.puertocdelu.com.ar\/wp-content\/uploads\/2016\/11\/358_gulfood.jpg\" \/>\n\t<meta property=\"og:image:width\" content=\"900\" \/>\n\t<meta property=\"og:image:height\" content=\"410\" \/>\n\t<meta property=\"og:image:type\" content=\"image\/jpeg\" \/>\n<meta name=\"author\" content=\"PuertoCdelU\" \/>\n<meta name=\"twitter:card\" content=\"summary_large_image\" \/>\n<meta name=\"twitter:label1\" content=\"Escrito por\" \/>\n\t<meta name=\"twitter:data1\" content=\"PuertoCdelU\" \/>\n\t<meta name=\"twitter:label2\" content=\"Tiempo de lectura\" \/>\n\t<meta name=\"twitter:data2\" content=\"3 minutos\" \/>\n<script type=\"application\/ld+json\" class=\"yoast-schema-graph\">{\"@context\":\"https:\\\/\\\/schema.org\",\"@graph\":[{\"@type\":\"Article\",\"@id\":\"https:\\\/\\\/www.puertocdelu.com.ar\\\/index.php\\\/2016\\\/11\\\/17\\\/entre-rios-estara-presente-en-la-feria-gulfood-dubai-2017\\\/#article\",\"isPartOf\":{\"@id\":\"https:\\\/\\\/www.puertocdelu.com.ar\\\/index.php\\\/2016\\\/11\\\/17\\\/entre-rios-estara-presente-en-la-feria-gulfood-dubai-2017\\\/\"},\"author\":{\"name\":\"PuertoCdelU\",\"@id\":\"https:\\\/\\\/www.puertocdelu.com.ar\\\/#\\\/schema\\\/person\\\/9d258b923b29bd5f47ca80d9c8cd72d1\"},\"headline\":\"Entre R\u00edos estar\u00e1 presente en la Feria Gulfood Dubai 2017\",\"datePublished\":\"2016-11-17T23:26:39+00:00\",\"mainEntityOfPage\":{\"@id\":\"https:\\\/\\\/www.puertocdelu.com.ar\\\/index.php\\\/2016\\\/11\\\/17\\\/entre-rios-estara-presente-en-la-feria-gulfood-dubai-2017\\\/\"},\"wordCount\":606,\"commentCount\":0,\"image\":{\"@id\":\"https:\\\/\\\/www.puertocdelu.com.ar\\\/index.php\\\/2016\\\/11\\\/17\\\/entre-rios-estara-presente-en-la-feria-gulfood-dubai-2017\\\/#primaryimage\"},\"thumbnailUrl\":\"https:\\\/\\\/www.puertocdelu.com.ar\\\/wp-content\\\/uploads\\\/2016\\\/11\\\/358_gulfood.jpg\",\"articleSection\":[\"Noticias\"],\"inLanguage\":\"es\",\"potentialAction\":[{\"@type\":\"CommentAction\",\"name\":\"Comment\",\"target\":[\"https:\\\/\\\/www.puertocdelu.com.ar\\\/index.php\\\/2016\\\/11\\\/17\\\/entre-rios-estara-presente-en-la-feria-gulfood-dubai-2017\\\/#respond\"]}]},{\"@type\":\"WebPage\",\"@id\":\"https:\\\/\\\/www.puertocdelu.com.ar\\\/index.php\\\/2016\\\/11\\\/17\\\/entre-rios-estara-presente-en-la-feria-gulfood-dubai-2017\\\/\",\"url\":\"https:\\\/\\\/www.puertocdelu.com.ar\\\/index.php\\\/2016\\\/11\\\/17\\\/entre-rios-estara-presente-en-la-feria-gulfood-dubai-2017\\\/\",\"name\":\"Entre R\u00edos estar\u00e1 presente en la Feria Gulfood Dubai 2017 - Puerto de Concepci\u00f3n del Uruguay\",\"isPartOf\":{\"@id\":\"https:\\\/\\\/www.puertocdelu.com.ar\\\/#website\"},\"primaryImageOfPage\":{\"@id\":\"https:\\\/\\\/www.puertocdelu.com.ar\\\/index.php\\\/2016\\\/11\\\/17\\\/entre-rios-estara-presente-en-la-feria-gulfood-dubai-2017\\\/#primaryimage\"},\"image\":{\"@id\":\"https:\\\/\\\/www.puertocdelu.com.ar\\\/index.php\\\/2016\\\/11\\\/17\\\/entre-rios-estara-presente-en-la-feria-gulfood-dubai-2017\\\/#primaryimage\"},\"thumbnailUrl\":\"https:\\\/\\\/www.puertocdelu.com.ar\\\/wp-content\\\/uploads\\\/2016\\\/11\\\/358_gulfood.jpg\",\"datePublished\":\"2016-11-17T23:26:39+00:00\",\"author\":{\"@id\":\"https:\\\/\\\/www.puertocdelu.com.ar\\\/#\\\/schema\\\/person\\\/9d258b923b29bd5f47ca80d9c8cd72d1\"},\"breadcrumb\":{\"@id\":\"https:\\\/\\\/www.puertocdelu.com.ar\\\/index.php\\\/2016\\\/11\\\/17\\\/entre-rios-estara-presente-en-la-feria-gulfood-dubai-2017\\\/#breadcrumb\"},\"inLanguage\":\"es\",\"potentialAction\":[{\"@type\":\"ReadAction\",\"target\":[\"https:\\\/\\\/www.puertocdelu.com.ar\\\/index.php\\\/2016\\\/11\\\/17\\\/entre-rios-estara-presente-en-la-feria-gulfood-dubai-2017\\\/\"]}]},{\"@type\":\"ImageObject\",\"inLanguage\":\"es\",\"@id\":\"https:\\\/\\\/www.puertocdelu.com.ar\\\/index.php\\\/2016\\\/11\\\/17\\\/entre-rios-estara-presente-en-la-feria-gulfood-dubai-2017\\\/#primaryimage\",\"url\":\"https:\\\/\\\/www.puertocdelu.com.ar\\\/wp-content\\\/uploads\\\/2016\\\/11\\\/358_gulfood.jpg\",\"contentUrl\":\"https:\\\/\\\/www.puertocdelu.com.ar\\\/wp-content\\\/uploads\\\/2016\\\/11\\\/358_gulfood.jpg\",\"width\":900,\"height\":410},{\"@type\":\"BreadcrumbList\",\"@id\":\"https:\\\/\\\/www.puertocdelu.com.ar\\\/index.php\\\/2016\\\/11\\\/17\\\/entre-rios-estara-presente-en-la-feria-gulfood-dubai-2017\\\/#breadcrumb\",\"itemListElement\":[{\"@type\":\"ListItem\",\"position\":1,\"name\":\"Portada\",\"item\":\"https:\\\/\\\/www.puertocdelu.com.ar\\\/\"},{\"@type\":\"ListItem\",\"position\":2,\"name\":\"Entre R\u00edos estar\u00e1 presente en la Feria Gulfood Dubai 2017\"}]},{\"@type\":\"WebSite\",\"@id\":\"https:\\\/\\\/www.puertocdelu.com.ar\\\/#website\",\"url\":\"https:\\\/\\\/www.puertocdelu.com.ar\\\/\",\"name\":\"Puerto de Concepci\u00f3n del Uruguay\",\"description\":\"\",\"potentialAction\":[{\"@type\":\"SearchAction\",\"target\":{\"@type\":\"EntryPoint\",\"urlTemplate\":\"https:\\\/\\\/www.puertocdelu.com.ar\\\/?s={search_term_string}\"},\"query-input\":{\"@type\":\"PropertyValueSpecification\",\"valueRequired\":true,\"valueName\":\"search_term_string\"}}],\"inLanguage\":\"es\"},{\"@type\":\"Person\",\"@id\":\"https:\\\/\\\/www.puertocdelu.com.ar\\\/#\\\/schema\\\/person\\\/9d258b923b29bd5f47ca80d9c8cd72d1\",\"name\":\"PuertoCdelU\",\"image\":{\"@type\":\"ImageObject\",\"inLanguage\":\"es\",\"@id\":\"https:\\\/\\\/secure.gravatar.com\\\/avatar\\\/99e38dea1727d397df18aced5ac6840012bb7f24c8570dcfafabb73086aed88c?s=96&d=mm&r=g\",\"url\":\"https:\\\/\\\/secure.gravatar.com\\\/avatar\\\/99e38dea1727d397df18aced5ac6840012bb7f24c8570dcfafabb73086aed88c?s=96&d=mm&r=g\",\"contentUrl\":\"https:\\\/\\\/secure.gravatar.com\\\/avatar\\\/99e38dea1727d397df18aced5ac6840012bb7f24c8570dcfafabb73086aed88c?s=96&d=mm&r=g\",\"caption\":\"PuertoCdelU\"},\"url\":\"https:\\\/\\\/www.puertocdelu.com.ar\\\/index.php\\\/author\\\/hectordelos1\\\/\"}]}<\/script>\n<!-- \/ Yoast SEO plugin. -->","yoast_head_json":{"title":"Entre R\u00edos estar\u00e1 presente en la Feria Gulfood Dubai 2017 - Puerto de Concepci\u00f3n del Uruguay","robots":{"index":"index","follow":"follow","max-snippet":"max-snippet:-1","max-image-preview":"max-image-preview:large","max-video-preview":"max-video-preview:-1"},"canonical":"https:\/\/www.puertocdelu.com.ar\/index.php\/2016\/11\/17\/entre-rios-estara-presente-en-la-feria-gulfood-dubai-2017\/","og_locale":"es_ES","og_type":"article","og_title":"Entre R\u00edos estar\u00e1 presente en la Feria Gulfood Dubai 2017 - Puerto de Concepci\u00f3n del Uruguay","og_description":"La Regi\u00f3n Centro realizar\u00e1 en conjunto una Misi\u00f3n Institucional y Comercial a los Emiratos \u00c1rabes Unidos a fin de participar en la Feria internacional Gulfood 2017, a celebrarse en la ciudad de Dubai entre los d\u00edas 26 de febrero y 2 de marzo. La participaci\u00f3n tiene por objeto promover la ampliaci\u00f3n del espectro de negocios [&hellip;]","og_url":"https:\/\/www.puertocdelu.com.ar\/index.php\/2016\/11\/17\/entre-rios-estara-presente-en-la-feria-gulfood-dubai-2017\/","og_site_name":"Puerto de Concepci\u00f3n del Uruguay","article_published_time":"2016-11-17T23:26:39+00:00","og_image":[{"width":900,"height":410,"url":"https:\/\/www.puertocdelu.com.ar\/wp-content\/uploads\/2016\/11\/358_gulfood.jpg","type":"image\/jpeg"}],"author":"PuertoCdelU","twitter_card":"summary_large_image","twitter_misc":{"Escrito por":"PuertoCdelU","Tiempo de lectura":"3 minutos"},"schema":{"@context":"https:\/\/schema.org","@graph":[{"@type":"Article","@id":"https:\/\/www.puertocdelu.com.ar\/index.php\/2016\/11\/17\/entre-rios-estara-presente-en-la-feria-gulfood-dubai-2017\/#article","isPartOf":{"@id":"https:\/\/www.puertocdelu.com.ar\/index.php\/2016\/11\/17\/entre-rios-estara-presente-en-la-feria-gulfood-dubai-2017\/"},"author":{"name":"PuertoCdelU","@id":"https:\/\/www.puertocdelu.com.ar\/#\/schema\/person\/9d258b923b29bd5f47ca80d9c8cd72d1"},"headline":"Entre R\u00edos estar\u00e1 presente en la Feria Gulfood Dubai 2017","datePublished":"2016-11-17T23:26:39+00:00","mainEntityOfPage":{"@id":"https:\/\/www.puertocdelu.com.ar\/index.php\/2016\/11\/17\/entre-rios-estara-presente-en-la-feria-gulfood-dubai-2017\/"},"wordCount":606,"commentCount":0,"image":{"@id":"https:\/\/www.puertocdelu.com.ar\/index.php\/2016\/11\/17\/entre-rios-estara-presente-en-la-feria-gulfood-dubai-2017\/#primaryimage"},"thumbnailUrl":"https:\/\/www.puertocdelu.com.ar\/wp-content\/uploads\/2016\/11\/358_gulfood.jpg","articleSection":["Noticias"],"inLanguage":"es","potentialAction":[{"@type":"CommentAction","name":"Comment","target":["https:\/\/www.puertocdelu.com.ar\/index.php\/2016\/11\/17\/entre-rios-estara-presente-en-la-feria-gulfood-dubai-2017\/#respond"]}]},{"@type":"WebPage","@id":"https:\/\/www.puertocdelu.com.ar\/index.php\/2016\/11\/17\/entre-rios-estara-presente-en-la-feria-gulfood-dubai-2017\/","url":"https:\/\/www.puertocdelu.com.ar\/index.php\/2016\/11\/17\/entre-rios-estara-presente-en-la-feria-gulfood-dubai-2017\/","name":"Entre R\u00edos estar\u00e1 presente en la Feria Gulfood Dubai 2017 - Puerto de Concepci\u00f3n del Uruguay","isPartOf":{"@id":"https:\/\/www.puertocdelu.com.ar\/#website"},"primaryImageOfPage":{"@id":"https:\/\/www.puertocdelu.com.ar\/index.php\/2016\/11\/17\/entre-rios-estara-presente-en-la-feria-gulfood-dubai-2017\/#primaryimage"},"image":{"@id":"https:\/\/www.puertocdelu.com.ar\/index.php\/2016\/11\/17\/entre-rios-estara-presente-en-la-feria-gulfood-dubai-2017\/#primaryimage"},"thumbnailUrl":"https:\/\/www.puertocdelu.com.ar\/wp-content\/uploads\/2016\/11\/358_gulfood.jpg","datePublished":"2016-11-17T23:26:39+00:00","author":{"@id":"https:\/\/www.puertocdelu.com.ar\/#\/schema\/person\/9d258b923b29bd5f47ca80d9c8cd72d1"},"breadcrumb":{"@id":"https:\/\/www.puertocdelu.com.ar\/index.php\/2016\/11\/17\/entre-rios-estara-presente-en-la-feria-gulfood-dubai-2017\/#breadcrumb"},"inLanguage":"es","potentialAction":[{"@type":"ReadAction","target":["https:\/\/www.puertocdelu.com.ar\/index.php\/2016\/11\/17\/entre-rios-estara-presente-en-la-feria-gulfood-dubai-2017\/"]}]},{"@type":"ImageObject","inLanguage":"es","@id":"https:\/\/www.puertocdelu.com.ar\/index.php\/2016\/11\/17\/entre-rios-estara-presente-en-la-feria-gulfood-dubai-2017\/#primaryimage","url":"https:\/\/www.puertocdelu.com.ar\/wp-content\/uploads\/2016\/11\/358_gulfood.jpg","contentUrl":"https:\/\/www.puertocdelu.com.ar\/wp-content\/uploads\/2016\/11\/358_gulfood.jpg","width":900,"height":410},{"@type":"BreadcrumbList","@id":"https:\/\/www.puertocdelu.com.ar\/index.php\/2016\/11\/17\/entre-rios-estara-presente-en-la-feria-gulfood-dubai-2017\/#breadcrumb","itemListElement":[{"@type":"ListItem","position":1,"name":"Portada","item":"https:\/\/www.puertocdelu.com.ar\/"},{"@type":"ListItem","position":2,"name":"Entre R\u00edos estar\u00e1 presente en la Feria Gulfood Dubai 2017"}]},{"@type":"WebSite","@id":"https:\/\/www.puertocdelu.com.ar\/#website","url":"https:\/\/www.puertocdelu.com.ar\/","name":"Puerto de Concepci\u00f3n del Uruguay","description":"","potentialAction":[{"@type":"SearchAction","target":{"@type":"EntryPoint","urlTemplate":"https:\/\/www.puertocdelu.com.ar\/?s={search_term_string}"},"query-input":{"@type":"PropertyValueSpecification","valueRequired":true,"valueName":"search_term_string"}}],"inLanguage":"es"},{"@type":"Person","@id":"https:\/\/www.puertocdelu.com.ar\/#\/schema\/person\/9d258b923b29bd5f47ca80d9c8cd72d1","name":"PuertoCdelU","image":{"@type":"ImageObject","inLanguage":"es","@id":"https:\/\/secure.gravatar.com\/avatar\/99e38dea1727d397df18aced5ac6840012bb7f24c8570dcfafabb73086aed88c?s=96&d=mm&r=g","url":"https:\/\/secure.gravatar.com\/avatar\/99e38dea1727d397df18aced5ac6840012bb7f24c8570dcfafabb73086aed88c?s=96&d=mm&r=g","contentUrl":"https:\/\/secure.gravatar.com\/avatar\/99e38dea1727d397df18aced5ac6840012bb7f24c8570dcfafabb73086aed88c?s=96&d=mm&r=g","caption":"PuertoCdelU"},"url":"https:\/\/www.puertocdelu.com.ar\/index.php\/author\/hectordelos1\/"}]}},"_links":{"self":[{"href":"https:\/\/www.puertocdelu.com.ar\/index.php\/wp-json\/wp\/v2\/posts\/1160","targetHints":{"allow":["GET"]}}],"collection":[{"href":"https:\/\/www.puertocdelu.com.ar\/index.php\/wp-json\/wp\/v2\/posts"}],"about":[{"href":"https:\/\/www.puertocdelu.com.ar\/index.php\/wp-json\/wp\/v2\/types\/post"}],"author":[{"embeddable":true,"href":"https:\/\/www.puertocdelu.com.ar\/index.php\/wp-json\/wp\/v2\/users\/1"}],"replies":[{"embeddable":true,"href":"https:\/\/www.puertocdelu.com.ar\/index.php\/wp-json\/wp\/v2\/comments?post=1160"}],"version-history":[{"count":1,"href":"https:\/\/www.puertocdelu.com.ar\/index.php\/wp-json\/wp\/v2\/posts\/1160\/revisions"}],"predecessor-version":[{"id":1162,"href":"https:\/\/www.puertocdelu.com.ar\/index.php\/wp-json\/wp\/v2\/posts\/1160\/revisions\/1162"}],"wp:featuredmedia":[{"embeddable":true,"href":"https:\/\/www.puertocdelu.com.ar\/index.php\/wp-json\/wp\/v2\/media\/1161"}],"wp:attachment":[{"href":"https:\/\/www.puertocdelu.com.ar\/index.php\/wp-json\/wp\/v2\/media?parent=1160"}],"wp:term":[{"taxonomy":"category","embeddable":true,"href":"https:\/\/www.puertocdelu.com.ar\/index.php\/wp-json\/wp\/v2\/categories?post=1160"},{"taxonomy":"post_tag","embeddable":true,"href":"https:\/\/www.puertocdelu.com.ar\/index.php\/wp-json\/wp\/v2\/tags?post=1160"}],"curies":[{"name":"wp","href":"https:\/\/api.w.org\/{rel}","templated":true}]}}