{"id":1207,"date":"2016-12-06T11:28:50","date_gmt":"2016-12-06T11:28:50","guid":{"rendered":"http:\/\/www.puertocdelu.com.ar\/?p=1207"},"modified":"2016-12-06T11:38:58","modified_gmt":"2016-12-06T11:38:58","slug":"comenzaron-las-tareas-previas-al-dragado-de-los-pasos-montana-y-casablanca","status":"publish","type":"post","link":"https:\/\/www.puertocdelu.com.ar\/index.php\/2016\/12\/06\/comenzaron-las-tareas-previas-al-dragado-de-los-pasos-montana-y-casablanca\/","title":{"rendered":"Comenzaron las tareas previas para el dragado de los Pasos Monta\u00f1a y Casablanca"},"content":{"rendered":"<p>El buque sumergible \u201cRolldock Star\u201d, llegado desde Emiratos Arabes al Puerto de Fray Bentos, realiz\u00f3 el pasado fin de semana la maniobra de inmersi\u00f3n que permiti\u00f3 la liberaci\u00f3n sobre las aguas de r\u00edo Uruguay de la Draga \u201cKaerius\u201d, quien ser\u00e1 la encargada de la apertura de fondos duros.<\/p>\n<p>Mientras esto suced\u00eda, en el Puerto de Concepcion del Uruguay continuaban los preparativos de ensamble de ca\u00f1er\u00edas (sumergibles y flotantes de 12 y 18 metros), las se pueden observar sobre\u00a0 la margen oeste del riacho Itap\u00e9, a metros de la costa de la Isla del Puerto.<\/p>\n<p><a href=\"https:\/\/www.puertocdelu.com.ar\/wp-content\/uploads\/2016\/12\/WhatsApp-Image-2016-12-03-at-10.25.32.jpeg\"><img loading=\"lazy\" decoding=\"async\" class=\"aligncenter size-full wp-image-1208\" src=\"https:\/\/www.puertocdelu.com.ar\/wp-content\/uploads\/2016\/12\/WhatsApp-Image-2016-12-03-at-10.25.32.jpeg\" alt=\"whatsapp-image-2016-12-03-at-10-25-32\" width=\"1122\" height=\"612\" srcset=\"https:\/\/www.puertocdelu.com.ar\/wp-content\/uploads\/2016\/12\/WhatsApp-Image-2016-12-03-at-10.25.32.jpeg 1122w, https:\/\/www.puertocdelu.com.ar\/wp-content\/uploads\/2016\/12\/WhatsApp-Image-2016-12-03-at-10.25.32-300x164.jpeg 300w, https:\/\/www.puertocdelu.com.ar\/wp-content\/uploads\/2016\/12\/WhatsApp-Image-2016-12-03-at-10.25.32-768x419.jpeg 768w, https:\/\/www.puertocdelu.com.ar\/wp-content\/uploads\/2016\/12\/WhatsApp-Image-2016-12-03-at-10.25.32-1024x559.jpeg 1024w, https:\/\/www.puertocdelu.com.ar\/wp-content\/uploads\/2016\/12\/WhatsApp-Image-2016-12-03-at-10.25.32-696x380.jpeg 696w, https:\/\/www.puertocdelu.com.ar\/wp-content\/uploads\/2016\/12\/WhatsApp-Image-2016-12-03-at-10.25.32-1068x583.jpeg 1068w, https:\/\/www.puertocdelu.com.ar\/wp-content\/uploads\/2016\/12\/WhatsApp-Image-2016-12-03-at-10.25.32-770x420.jpeg 770w\" sizes=\"auto, (max-width: 1122px) 100vw, 1122px\" \/><\/a>Respecto a lo sucedido en Puerto de Fray Bentos, se se\u00f1al\u00f3 que estuvieron presentes en la verificaci\u00f3n de maniobra, el vicepresidente de CARU y presidente de la Delegaci\u00f3n argentina, Mauro Vaz\u00f3n, acompa\u00f1ado por los Delegados Rogelio Texeira y Pablo Marrero, adem\u00e1s del Secretario T\u00e9cnico Marcos Di Giuseppe, y los funcionarios Marcos Pittau y Luis Tapia de Departamento de navegaci\u00f3n de la Comisi\u00f3n.<\/p>\n<p>La draga Kaerius, es una cortadora de succi\u00f3n que destruye una secci\u00f3n de los fondos duros o consolidados que dificultan la navegaci\u00f3n, aspira los materiales y luego los bombea a otro lugar asignado.<\/p>\n<p>A partir del arribo al puerto de Fray Bentos, estar\u00eda programado que se realice el relevamiento pre-dragado del paso Monta\u00f1a con la embarcaci\u00f3n DN55, lo que permitir\u00e1 determinar los vol\u00famenes m\u00e1ximos a dragar. Este paso est\u00e1 ubicado entre los kil\u00f3metros 167 y 170, entre las ciudades de Fray Bentos, en Uruguay, y Concepci\u00f3n del Uruguay, en Argentina, tarea que est\u00e1 prevista se lleve adelante en un tiempo estimado de tres semanas y media de trabajo.<\/p>\n<p><a href=\"https:\/\/www.puertocdelu.com.ar\/wp-content\/uploads\/2016\/12\/WhatsApp-Image-2016-12-05-at-15.26.55.jpeg\"><img loading=\"lazy\" decoding=\"async\" class=\"aligncenter size-full wp-image-1209\" src=\"https:\/\/www.puertocdelu.com.ar\/wp-content\/uploads\/2016\/12\/WhatsApp-Image-2016-12-05-at-15.26.55.jpeg\" alt=\"whatsapp-image-2016-12-05-at-15-26-55\" width=\"1280\" height=\"698\" srcset=\"https:\/\/www.puertocdelu.com.ar\/wp-content\/uploads\/2016\/12\/WhatsApp-Image-2016-12-05-at-15.26.55.jpeg 1280w, https:\/\/www.puertocdelu.com.ar\/wp-content\/uploads\/2016\/12\/WhatsApp-Image-2016-12-05-at-15.26.55-300x164.jpeg 300w, https:\/\/www.puertocdelu.com.ar\/wp-content\/uploads\/2016\/12\/WhatsApp-Image-2016-12-05-at-15.26.55-768x419.jpeg 768w, https:\/\/www.puertocdelu.com.ar\/wp-content\/uploads\/2016\/12\/WhatsApp-Image-2016-12-05-at-15.26.55-1024x558.jpeg 1024w, https:\/\/www.puertocdelu.com.ar\/wp-content\/uploads\/2016\/12\/WhatsApp-Image-2016-12-05-at-15.26.55-696x380.jpeg 696w, https:\/\/www.puertocdelu.com.ar\/wp-content\/uploads\/2016\/12\/WhatsApp-Image-2016-12-05-at-15.26.55-1068x582.jpeg 1068w, https:\/\/www.puertocdelu.com.ar\/wp-content\/uploads\/2016\/12\/WhatsApp-Image-2016-12-05-at-15.26.55-770x420.jpeg 770w\" sizes=\"auto, (max-width: 1280px) 100vw, 1280px\" \/><\/a>Luego continuar\u00e1 en paso Casa Blanca, que se encuentra entre los kil\u00f3metros 196 y 200, en un tramo del r\u00edo comprendido entre las ciudades de Concepci\u00f3n del Uruguay y Paysand\u00fa en un plazo estimado de seis semanas y media de trabajo.<\/p>\n<p>Estos plazos establecidos podr\u00e1n cumplirse dependiendo principalmente de la condici\u00f3n hidrometereol\u00f3gica reinante en el sitio en el momento de dragar, y los niveles de agua sobre cada paso.<\/p>\n<p>El Delegado de CARU, Rogelio Texeira, explic\u00f3 que \u201ceste es un hito muy importante, porque esto nos va a permitir avanzar en el proceso de transformar el R\u00edo Uruguay navegable, en una hidrov\u00eda con actividad econ\u00f3mica, productiva, naviera, permitiendo que lleguen buques de ultramar a los puertos\u201d.<\/p>\n<p>Estos trabajos de apertura de fondos duros fueron subscriptos por la Comisi\u00f3n Administradora del R\u00edo Uruguay (CARU) el jueves 17 de noviembre, a trav\u00e9s de un contrato para excavar en los pasos Monta\u00f1a y Casa Blanca del curso fluvial fronterizo entre Argentina y Uruguay. Al respecto, el vicepresidente de CARU, afirm\u00f3 \u201cvamos a trabajar activamente para que el dragado integral est\u00e9 realizado, m\u00e1s all\u00e1 del paso importante de apertura de fondos duros, con garant\u00eda de los pies necesarios para que la producci\u00f3n tanto del NEA, como de la zona litoral del Uruguay salgan por esta v\u00eda\u201d.<\/p>\n","protected":false},"excerpt":{"rendered":"<p>El buque sumergible \u201cRolldock Star\u201d, llegado desde Emiratos Arabes al Puerto de Fray Bentos, realiz\u00f3 el pasado fin de semana la maniobra de inmersi\u00f3n que permiti\u00f3 la liberaci\u00f3n sobre las aguas de r\u00edo Uruguay de la Draga \u201cKaerius\u201d, quien ser\u00e1 la encargada de la apertura de fondos duros. Mientras esto suced\u00eda, en el Puerto de [&hellip;]<\/p>\n","protected":false},"author":1,"featured_media":1210,"comment_status":"open","ping_status":"open","sticky":false,"template":"","format":"standard","meta":{"footnotes":""},"categories":[81],"tags":[],"class_list":{"0":"post-1207","1":"post","2":"type-post","3":"status-publish","4":"format-standard","5":"has-post-thumbnail","7":"category-noticias"},"yoast_head":"<!-- This site is optimized with the Yoast SEO plugin v27.4 - https:\/\/yoast.com\/product\/yoast-seo-wordpress\/ -->\n<title>Comenzaron las tareas previas para el dragado de los Pasos Monta\u00f1a y Casablanca - Puerto de Concepci\u00f3n del Uruguay<\/title>\n<meta name=\"robots\" content=\"index, follow, max-snippet:-1, max-image-preview:large, max-video-preview:-1\" \/>\n<link rel=\"canonical\" href=\"https:\/\/www.puertocdelu.com.ar\/index.php\/2016\/12\/06\/comenzaron-las-tareas-previas-al-dragado-de-los-pasos-montana-y-casablanca\/\" \/>\n<meta property=\"og:locale\" content=\"es_ES\" \/>\n<meta property=\"og:type\" content=\"article\" \/>\n<meta property=\"og:title\" content=\"Comenzaron las tareas previas para el dragado de los Pasos Monta\u00f1a y Casablanca - Puerto de Concepci\u00f3n del Uruguay\" \/>\n<meta property=\"og:description\" content=\"El buque sumergible \u201cRolldock Star\u201d, llegado desde Emiratos Arabes al Puerto de Fray Bentos, realiz\u00f3 el pasado fin de semana la maniobra de inmersi\u00f3n que permiti\u00f3 la liberaci\u00f3n sobre las aguas de r\u00edo Uruguay de la Draga \u201cKaerius\u201d, quien ser\u00e1 la encargada de la apertura de fondos duros. Mientras esto suced\u00eda, en el Puerto de [&hellip;]\" \/>\n<meta property=\"og:url\" content=\"https:\/\/www.puertocdelu.com.ar\/index.php\/2016\/12\/06\/comenzaron-las-tareas-previas-al-dragado-de-los-pasos-montana-y-casablanca\/\" \/>\n<meta property=\"og:site_name\" content=\"Puerto de Concepci\u00f3n del Uruguay\" \/>\n<meta property=\"article:published_time\" content=\"2016-12-06T11:28:50+00:00\" \/>\n<meta property=\"article:modified_time\" content=\"2016-12-06T11:38:58+00:00\" \/>\n<meta property=\"og:image\" content=\"https:\/\/www.puertocdelu.com.ar\/wp-content\/uploads\/2016\/12\/WhatsApp-Image-2016-12-05-at-15.28.28.jpeg\" \/>\n\t<meta property=\"og:image:width\" content=\"1280\" \/>\n\t<meta property=\"og:image:height\" content=\"704\" \/>\n\t<meta property=\"og:image:type\" content=\"image\/jpeg\" \/>\n<meta name=\"author\" content=\"PuertoCdelU\" \/>\n<meta name=\"twitter:card\" content=\"summary_large_image\" \/>\n<meta name=\"twitter:label1\" content=\"Escrito por\" \/>\n\t<meta name=\"twitter:data1\" content=\"PuertoCdelU\" \/>\n\t<meta name=\"twitter:label2\" content=\"Tiempo de lectura\" \/>\n\t<meta name=\"twitter:data2\" content=\"3 minutos\" \/>\n<script type=\"application\/ld+json\" class=\"yoast-schema-graph\">{\"@context\":\"https:\\\/\\\/schema.org\",\"@graph\":[{\"@type\":\"Article\",\"@id\":\"https:\\\/\\\/www.puertocdelu.com.ar\\\/index.php\\\/2016\\\/12\\\/06\\\/comenzaron-las-tareas-previas-al-dragado-de-los-pasos-montana-y-casablanca\\\/#article\",\"isPartOf\":{\"@id\":\"https:\\\/\\\/www.puertocdelu.com.ar\\\/index.php\\\/2016\\\/12\\\/06\\\/comenzaron-las-tareas-previas-al-dragado-de-los-pasos-montana-y-casablanca\\\/\"},\"author\":{\"name\":\"PuertoCdelU\",\"@id\":\"https:\\\/\\\/www.puertocdelu.com.ar\\\/#\\\/schema\\\/person\\\/9d258b923b29bd5f47ca80d9c8cd72d1\"},\"headline\":\"Comenzaron las tareas previas para el dragado de los Pasos Monta\u00f1a y Casablanca\",\"datePublished\":\"2016-12-06T11:28:50+00:00\",\"dateModified\":\"2016-12-06T11:38:58+00:00\",\"mainEntityOfPage\":{\"@id\":\"https:\\\/\\\/www.puertocdelu.com.ar\\\/index.php\\\/2016\\\/12\\\/06\\\/comenzaron-las-tareas-previas-al-dragado-de-los-pasos-montana-y-casablanca\\\/\"},\"wordCount\":525,\"commentCount\":0,\"image\":{\"@id\":\"https:\\\/\\\/www.puertocdelu.com.ar\\\/index.php\\\/2016\\\/12\\\/06\\\/comenzaron-las-tareas-previas-al-dragado-de-los-pasos-montana-y-casablanca\\\/#primaryimage\"},\"thumbnailUrl\":\"https:\\\/\\\/www.puertocdelu.com.ar\\\/wp-content\\\/uploads\\\/2016\\\/12\\\/WhatsApp-Image-2016-12-05-at-15.28.28.jpeg\",\"articleSection\":[\"Noticias\"],\"inLanguage\":\"es\",\"potentialAction\":[{\"@type\":\"CommentAction\",\"name\":\"Comment\",\"target\":[\"https:\\\/\\\/www.puertocdelu.com.ar\\\/index.php\\\/2016\\\/12\\\/06\\\/comenzaron-las-tareas-previas-al-dragado-de-los-pasos-montana-y-casablanca\\\/#respond\"]}]},{\"@type\":\"WebPage\",\"@id\":\"https:\\\/\\\/www.puertocdelu.com.ar\\\/index.php\\\/2016\\\/12\\\/06\\\/comenzaron-las-tareas-previas-al-dragado-de-los-pasos-montana-y-casablanca\\\/\",\"url\":\"https:\\\/\\\/www.puertocdelu.com.ar\\\/index.php\\\/2016\\\/12\\\/06\\\/comenzaron-las-tareas-previas-al-dragado-de-los-pasos-montana-y-casablanca\\\/\",\"name\":\"Comenzaron las tareas previas para el dragado de los Pasos Monta\u00f1a y Casablanca - Puerto de Concepci\u00f3n del Uruguay\",\"isPartOf\":{\"@id\":\"https:\\\/\\\/www.puertocdelu.com.ar\\\/#website\"},\"primaryImageOfPage\":{\"@id\":\"https:\\\/\\\/www.puertocdelu.com.ar\\\/index.php\\\/2016\\\/12\\\/06\\\/comenzaron-las-tareas-previas-al-dragado-de-los-pasos-montana-y-casablanca\\\/#primaryimage\"},\"image\":{\"@id\":\"https:\\\/\\\/www.puertocdelu.com.ar\\\/index.php\\\/2016\\\/12\\\/06\\\/comenzaron-las-tareas-previas-al-dragado-de-los-pasos-montana-y-casablanca\\\/#primaryimage\"},\"thumbnailUrl\":\"https:\\\/\\\/www.puertocdelu.com.ar\\\/wp-content\\\/uploads\\\/2016\\\/12\\\/WhatsApp-Image-2016-12-05-at-15.28.28.jpeg\",\"datePublished\":\"2016-12-06T11:28:50+00:00\",\"dateModified\":\"2016-12-06T11:38:58+00:00\",\"author\":{\"@id\":\"https:\\\/\\\/www.puertocdelu.com.ar\\\/#\\\/schema\\\/person\\\/9d258b923b29bd5f47ca80d9c8cd72d1\"},\"breadcrumb\":{\"@id\":\"https:\\\/\\\/www.puertocdelu.com.ar\\\/index.php\\\/2016\\\/12\\\/06\\\/comenzaron-las-tareas-previas-al-dragado-de-los-pasos-montana-y-casablanca\\\/#breadcrumb\"},\"inLanguage\":\"es\",\"potentialAction\":[{\"@type\":\"ReadAction\",\"target\":[\"https:\\\/\\\/www.puertocdelu.com.ar\\\/index.php\\\/2016\\\/12\\\/06\\\/comenzaron-las-tareas-previas-al-dragado-de-los-pasos-montana-y-casablanca\\\/\"]}]},{\"@type\":\"ImageObject\",\"inLanguage\":\"es\",\"@id\":\"https:\\\/\\\/www.puertocdelu.com.ar\\\/index.php\\\/2016\\\/12\\\/06\\\/comenzaron-las-tareas-previas-al-dragado-de-los-pasos-montana-y-casablanca\\\/#primaryimage\",\"url\":\"https:\\\/\\\/www.puertocdelu.com.ar\\\/wp-content\\\/uploads\\\/2016\\\/12\\\/WhatsApp-Image-2016-12-05-at-15.28.28.jpeg\",\"contentUrl\":\"https:\\\/\\\/www.puertocdelu.com.ar\\\/wp-content\\\/uploads\\\/2016\\\/12\\\/WhatsApp-Image-2016-12-05-at-15.28.28.jpeg\",\"width\":1280,\"height\":704},{\"@type\":\"BreadcrumbList\",\"@id\":\"https:\\\/\\\/www.puertocdelu.com.ar\\\/index.php\\\/2016\\\/12\\\/06\\\/comenzaron-las-tareas-previas-al-dragado-de-los-pasos-montana-y-casablanca\\\/#breadcrumb\",\"itemListElement\":[{\"@type\":\"ListItem\",\"position\":1,\"name\":\"Portada\",\"item\":\"https:\\\/\\\/www.puertocdelu.com.ar\\\/\"},{\"@type\":\"ListItem\",\"position\":2,\"name\":\"Comenzaron las tareas previas para el dragado de los Pasos Monta\u00f1a y Casablanca\"}]},{\"@type\":\"WebSite\",\"@id\":\"https:\\\/\\\/www.puertocdelu.com.ar\\\/#website\",\"url\":\"https:\\\/\\\/www.puertocdelu.com.ar\\\/\",\"name\":\"Puerto de Concepci\u00f3n del Uruguay\",\"description\":\"\",\"potentialAction\":[{\"@type\":\"SearchAction\",\"target\":{\"@type\":\"EntryPoint\",\"urlTemplate\":\"https:\\\/\\\/www.puertocdelu.com.ar\\\/?s={search_term_string}\"},\"query-input\":{\"@type\":\"PropertyValueSpecification\",\"valueRequired\":true,\"valueName\":\"search_term_string\"}}],\"inLanguage\":\"es\"},{\"@type\":\"Person\",\"@id\":\"https:\\\/\\\/www.puertocdelu.com.ar\\\/#\\\/schema\\\/person\\\/9d258b923b29bd5f47ca80d9c8cd72d1\",\"name\":\"PuertoCdelU\",\"image\":{\"@type\":\"ImageObject\",\"inLanguage\":\"es\",\"@id\":\"https:\\\/\\\/secure.gravatar.com\\\/avatar\\\/99e38dea1727d397df18aced5ac6840012bb7f24c8570dcfafabb73086aed88c?s=96&d=mm&r=g\",\"url\":\"https:\\\/\\\/secure.gravatar.com\\\/avatar\\\/99e38dea1727d397df18aced5ac6840012bb7f24c8570dcfafabb73086aed88c?s=96&d=mm&r=g\",\"contentUrl\":\"https:\\\/\\\/secure.gravatar.com\\\/avatar\\\/99e38dea1727d397df18aced5ac6840012bb7f24c8570dcfafabb73086aed88c?s=96&d=mm&r=g\",\"caption\":\"PuertoCdelU\"},\"url\":\"https:\\\/\\\/www.puertocdelu.com.ar\\\/index.php\\\/author\\\/hectordelos1\\\/\"}]}<\/script>\n<!-- \/ Yoast SEO plugin. -->","yoast_head_json":{"title":"Comenzaron las tareas previas para el dragado de los Pasos Monta\u00f1a y Casablanca - Puerto de Concepci\u00f3n del Uruguay","robots":{"index":"index","follow":"follow","max-snippet":"max-snippet:-1","max-image-preview":"max-image-preview:large","max-video-preview":"max-video-preview:-1"},"canonical":"https:\/\/www.puertocdelu.com.ar\/index.php\/2016\/12\/06\/comenzaron-las-tareas-previas-al-dragado-de-los-pasos-montana-y-casablanca\/","og_locale":"es_ES","og_type":"article","og_title":"Comenzaron las tareas previas para el dragado de los Pasos Monta\u00f1a y Casablanca - Puerto de Concepci\u00f3n del Uruguay","og_description":"El buque sumergible \u201cRolldock Star\u201d, llegado desde Emiratos Arabes al Puerto de Fray Bentos, realiz\u00f3 el pasado fin de semana la maniobra de inmersi\u00f3n que permiti\u00f3 la liberaci\u00f3n sobre las aguas de r\u00edo Uruguay de la Draga \u201cKaerius\u201d, quien ser\u00e1 la encargada de la apertura de fondos duros. Mientras esto suced\u00eda, en el Puerto de [&hellip;]","og_url":"https:\/\/www.puertocdelu.com.ar\/index.php\/2016\/12\/06\/comenzaron-las-tareas-previas-al-dragado-de-los-pasos-montana-y-casablanca\/","og_site_name":"Puerto de Concepci\u00f3n del Uruguay","article_published_time":"2016-12-06T11:28:50+00:00","article_modified_time":"2016-12-06T11:38:58+00:00","og_image":[{"width":1280,"height":704,"url":"https:\/\/www.puertocdelu.com.ar\/wp-content\/uploads\/2016\/12\/WhatsApp-Image-2016-12-05-at-15.28.28.jpeg","type":"image\/jpeg"}],"author":"PuertoCdelU","twitter_card":"summary_large_image","twitter_misc":{"Escrito por":"PuertoCdelU","Tiempo de lectura":"3 minutos"},"schema":{"@context":"https:\/\/schema.org","@graph":[{"@type":"Article","@id":"https:\/\/www.puertocdelu.com.ar\/index.php\/2016\/12\/06\/comenzaron-las-tareas-previas-al-dragado-de-los-pasos-montana-y-casablanca\/#article","isPartOf":{"@id":"https:\/\/www.puertocdelu.com.ar\/index.php\/2016\/12\/06\/comenzaron-las-tareas-previas-al-dragado-de-los-pasos-montana-y-casablanca\/"},"author":{"name":"PuertoCdelU","@id":"https:\/\/www.puertocdelu.com.ar\/#\/schema\/person\/9d258b923b29bd5f47ca80d9c8cd72d1"},"headline":"Comenzaron las tareas previas para el dragado de los Pasos Monta\u00f1a y Casablanca","datePublished":"2016-12-06T11:28:50+00:00","dateModified":"2016-12-06T11:38:58+00:00","mainEntityOfPage":{"@id":"https:\/\/www.puertocdelu.com.ar\/index.php\/2016\/12\/06\/comenzaron-las-tareas-previas-al-dragado-de-los-pasos-montana-y-casablanca\/"},"wordCount":525,"commentCount":0,"image":{"@id":"https:\/\/www.puertocdelu.com.ar\/index.php\/2016\/12\/06\/comenzaron-las-tareas-previas-al-dragado-de-los-pasos-montana-y-casablanca\/#primaryimage"},"thumbnailUrl":"https:\/\/www.puertocdelu.com.ar\/wp-content\/uploads\/2016\/12\/WhatsApp-Image-2016-12-05-at-15.28.28.jpeg","articleSection":["Noticias"],"inLanguage":"es","potentialAction":[{"@type":"CommentAction","name":"Comment","target":["https:\/\/www.puertocdelu.com.ar\/index.php\/2016\/12\/06\/comenzaron-las-tareas-previas-al-dragado-de-los-pasos-montana-y-casablanca\/#respond"]}]},{"@type":"WebPage","@id":"https:\/\/www.puertocdelu.com.ar\/index.php\/2016\/12\/06\/comenzaron-las-tareas-previas-al-dragado-de-los-pasos-montana-y-casablanca\/","url":"https:\/\/www.puertocdelu.com.ar\/index.php\/2016\/12\/06\/comenzaron-las-tareas-previas-al-dragado-de-los-pasos-montana-y-casablanca\/","name":"Comenzaron las tareas previas para el dragado de los Pasos Monta\u00f1a y Casablanca - Puerto de Concepci\u00f3n del Uruguay","isPartOf":{"@id":"https:\/\/www.puertocdelu.com.ar\/#website"},"primaryImageOfPage":{"@id":"https:\/\/www.puertocdelu.com.ar\/index.php\/2016\/12\/06\/comenzaron-las-tareas-previas-al-dragado-de-los-pasos-montana-y-casablanca\/#primaryimage"},"image":{"@id":"https:\/\/www.puertocdelu.com.ar\/index.php\/2016\/12\/06\/comenzaron-las-tareas-previas-al-dragado-de-los-pasos-montana-y-casablanca\/#primaryimage"},"thumbnailUrl":"https:\/\/www.puertocdelu.com.ar\/wp-content\/uploads\/2016\/12\/WhatsApp-Image-2016-12-05-at-15.28.28.jpeg","datePublished":"2016-12-06T11:28:50+00:00","dateModified":"2016-12-06T11:38:58+00:00","author":{"@id":"https:\/\/www.puertocdelu.com.ar\/#\/schema\/person\/9d258b923b29bd5f47ca80d9c8cd72d1"},"breadcrumb":{"@id":"https:\/\/www.puertocdelu.com.ar\/index.php\/2016\/12\/06\/comenzaron-las-tareas-previas-al-dragado-de-los-pasos-montana-y-casablanca\/#breadcrumb"},"inLanguage":"es","potentialAction":[{"@type":"ReadAction","target":["https:\/\/www.puertocdelu.com.ar\/index.php\/2016\/12\/06\/comenzaron-las-tareas-previas-al-dragado-de-los-pasos-montana-y-casablanca\/"]}]},{"@type":"ImageObject","inLanguage":"es","@id":"https:\/\/www.puertocdelu.com.ar\/index.php\/2016\/12\/06\/comenzaron-las-tareas-previas-al-dragado-de-los-pasos-montana-y-casablanca\/#primaryimage","url":"https:\/\/www.puertocdelu.com.ar\/wp-content\/uploads\/2016\/12\/WhatsApp-Image-2016-12-05-at-15.28.28.jpeg","contentUrl":"https:\/\/www.puertocdelu.com.ar\/wp-content\/uploads\/2016\/12\/WhatsApp-Image-2016-12-05-at-15.28.28.jpeg","width":1280,"height":704},{"@type":"BreadcrumbList","@id":"https:\/\/www.puertocdelu.com.ar\/index.php\/2016\/12\/06\/comenzaron-las-tareas-previas-al-dragado-de-los-pasos-montana-y-casablanca\/#breadcrumb","itemListElement":[{"@type":"ListItem","position":1,"name":"Portada","item":"https:\/\/www.puertocdelu.com.ar\/"},{"@type":"ListItem","position":2,"name":"Comenzaron las tareas previas para el dragado de los Pasos Monta\u00f1a y Casablanca"}]},{"@type":"WebSite","@id":"https:\/\/www.puertocdelu.com.ar\/#website","url":"https:\/\/www.puertocdelu.com.ar\/","name":"Puerto de Concepci\u00f3n del Uruguay","description":"","potentialAction":[{"@type":"SearchAction","target":{"@type":"EntryPoint","urlTemplate":"https:\/\/www.puertocdelu.com.ar\/?s={search_term_string}"},"query-input":{"@type":"PropertyValueSpecification","valueRequired":true,"valueName":"search_term_string"}}],"inLanguage":"es"},{"@type":"Person","@id":"https:\/\/www.puertocdelu.com.ar\/#\/schema\/person\/9d258b923b29bd5f47ca80d9c8cd72d1","name":"PuertoCdelU","image":{"@type":"ImageObject","inLanguage":"es","@id":"https:\/\/secure.gravatar.com\/avatar\/99e38dea1727d397df18aced5ac6840012bb7f24c8570dcfafabb73086aed88c?s=96&d=mm&r=g","url":"https:\/\/secure.gravatar.com\/avatar\/99e38dea1727d397df18aced5ac6840012bb7f24c8570dcfafabb73086aed88c?s=96&d=mm&r=g","contentUrl":"https:\/\/secure.gravatar.com\/avatar\/99e38dea1727d397df18aced5ac6840012bb7f24c8570dcfafabb73086aed88c?s=96&d=mm&r=g","caption":"PuertoCdelU"},"url":"https:\/\/www.puertocdelu.com.ar\/index.php\/author\/hectordelos1\/"}]}},"_links":{"self":[{"href":"https:\/\/www.puertocdelu.com.ar\/index.php\/wp-json\/wp\/v2\/posts\/1207","targetHints":{"allow":["GET"]}}],"collection":[{"href":"https:\/\/www.puertocdelu.com.ar\/index.php\/wp-json\/wp\/v2\/posts"}],"about":[{"href":"https:\/\/www.puertocdelu.com.ar\/index.php\/wp-json\/wp\/v2\/types\/post"}],"author":[{"embeddable":true,"href":"https:\/\/www.puertocdelu.com.ar\/index.php\/wp-json\/wp\/v2\/users\/1"}],"replies":[{"embeddable":true,"href":"https:\/\/www.puertocdelu.com.ar\/index.php\/wp-json\/wp\/v2\/comments?post=1207"}],"version-history":[{"count":2,"href":"https:\/\/www.puertocdelu.com.ar\/index.php\/wp-json\/wp\/v2\/posts\/1207\/revisions"}],"predecessor-version":[{"id":1214,"href":"https:\/\/www.puertocdelu.com.ar\/index.php\/wp-json\/wp\/v2\/posts\/1207\/revisions\/1214"}],"wp:featuredmedia":[{"embeddable":true,"href":"https:\/\/www.puertocdelu.com.ar\/index.php\/wp-json\/wp\/v2\/media\/1210"}],"wp:attachment":[{"href":"https:\/\/www.puertocdelu.com.ar\/index.php\/wp-json\/wp\/v2\/media?parent=1207"}],"wp:term":[{"taxonomy":"category","embeddable":true,"href":"https:\/\/www.puertocdelu.com.ar\/index.php\/wp-json\/wp\/v2\/categories?post=1207"},{"taxonomy":"post_tag","embeddable":true,"href":"https:\/\/www.puertocdelu.com.ar\/index.php\/wp-json\/wp\/v2\/tags?post=1207"}],"curies":[{"name":"wp","href":"https:\/\/api.w.org\/{rel}","templated":true}]}}