{"id":1226,"date":"2016-12-29T21:33:38","date_gmt":"2016-12-29T21:33:38","guid":{"rendered":"http:\/\/www.puertocdelu.com.ar\/?p=1226"},"modified":"2016-12-29T21:33:38","modified_gmt":"2016-12-29T21:33:38","slug":"embarcaron-pollos-en-el-puerto-de-concepcion-del-uruguay","status":"publish","type":"post","link":"https:\/\/www.puertocdelu.com.ar\/index.php\/2016\/12\/29\/embarcaron-pollos-en-el-puerto-de-concepcion-del-uruguay\/","title":{"rendered":"Embarcaron pollos en el Puerto de Concepci\u00f3n del Uruguay"},"content":{"rendered":"<p class=\"title\">Seis contenedores refrigerados con pollo entrerriano se cargaron en el puerto de Concepci\u00f3n del Uruguay, en el buque Provincias Unidas con destino al puerto de Montevideo, para su trasbordo al destino final definitivo. Los encargados de la operaci\u00f3n consideraron a la prueba como \u201cmuy positiva y exitosa\u201d, ya que se evalu\u00f3 el rendimiento y capacidad de la gr\u00faa de la provincia.<\/p>\n<div class=\"herramientas\">\n<div class=\"interior-fecha\">Se trat\u00f3 de una prueba piloto por parte de la Naviera Maersk, una de las m\u00e1s importantes a nivel mundial.<\/p>\n<p>Es de destacar el acompa\u00f1amiento del sector av\u00edcola que particip\u00f3 de la operaci\u00f3n, en este caso, por las empresas Granja Tres Arroyos, Las Camelias y Noelma, responsables de este embarque al mercado internacional.<\/p>\n<p>Desde el Ministerio de Producci\u00f3n de la provincia, manifestaron \u201csu satisfacci\u00f3n por los resultados que abren interesantes expectativas a futuro, ya que se espera que, en el corto plazo, la Compa\u00f1\u00eda naviera tome la decisi\u00f3n de posicionar contenedores en el puerto de Concepci\u00f3n del Uruguay\u201d.<\/p>\n<p>En tal sentido, el presidente del Instituto Portuario Provincial, Leonardo Cabrera, se\u00f1al\u00f3 que \u201cmantenemos conversaciones con las autoridades de esta empresa naviera a los efectos de que apoyen el servicio en forma regular y de esta forma sumar volumen y distintos productos regionales\u201d.<\/p>\n<p>Resalt\u00f3 que \u201cestamos muy conformes porque qued\u00f3 demostrada, claramente, la buena operatividad de este puerto para este tipo de carga, lo que implica una potente alternativa para la producci\u00f3n no s\u00f3lo de Entre R\u00edos, sino de todo el litoral argentino y tambi\u00e9n para pa\u00edses hermanos\u201d.<\/p>\n<p>Destac\u00f3 que a la \u201ccalidad esencial de nuestros productos que alimentan al mundo, le podremos agregar el plus de la competitividad, si consolidamos esta tarea de lograr la reactivaci\u00f3n y puesta en valor de nuestros puertos\u201d.<\/p><\/div>\n<\/div>\n","protected":false},"excerpt":{"rendered":"<p>Seis contenedores refrigerados con pollo entrerriano se cargaron en el puerto de Concepci\u00f3n del Uruguay, en el buque Provincias Unidas con destino al puerto de Montevideo, para su trasbordo al destino final definitivo. Los encargados de la operaci\u00f3n consideraron a la prueba como \u201cmuy positiva y exitosa\u201d, ya que se evalu\u00f3 el rendimiento y capacidad [&hellip;]<\/p>\n","protected":false},"author":1,"featured_media":1227,"comment_status":"open","ping_status":"open","sticky":false,"template":"","format":"standard","meta":{"footnotes":""},"categories":[81],"tags":[],"class_list":{"0":"post-1226","1":"post","2":"type-post","3":"status-publish","4":"format-standard","5":"has-post-thumbnail","7":"category-noticias"},"yoast_head":"<!-- This site is optimized with the Yoast SEO plugin v27.4 - https:\/\/yoast.com\/product\/yoast-seo-wordpress\/ -->\n<title>Embarcaron pollos en el Puerto de Concepci\u00f3n del Uruguay - Puerto de Concepci\u00f3n del Uruguay<\/title>\n<meta name=\"robots\" content=\"index, follow, max-snippet:-1, max-image-preview:large, max-video-preview:-1\" \/>\n<link rel=\"canonical\" href=\"https:\/\/www.puertocdelu.com.ar\/index.php\/2016\/12\/29\/embarcaron-pollos-en-el-puerto-de-concepcion-del-uruguay\/\" \/>\n<meta property=\"og:locale\" content=\"es_ES\" \/>\n<meta property=\"og:type\" content=\"article\" \/>\n<meta property=\"og:title\" content=\"Embarcaron pollos en el Puerto de Concepci\u00f3n del Uruguay - Puerto de Concepci\u00f3n del Uruguay\" \/>\n<meta property=\"og:description\" content=\"Seis contenedores refrigerados con pollo entrerriano se cargaron en el puerto de Concepci\u00f3n del Uruguay, en el buque Provincias Unidas con destino al puerto de Montevideo, para su trasbordo al destino final definitivo. Los encargados de la operaci\u00f3n consideraron a la prueba como \u201cmuy positiva y exitosa\u201d, ya que se evalu\u00f3 el rendimiento y capacidad [&hellip;]\" \/>\n<meta property=\"og:url\" content=\"https:\/\/www.puertocdelu.com.ar\/index.php\/2016\/12\/29\/embarcaron-pollos-en-el-puerto-de-concepcion-del-uruguay\/\" \/>\n<meta property=\"og:site_name\" content=\"Puerto de Concepci\u00f3n del Uruguay\" \/>\n<meta property=\"article:published_time\" content=\"2016-12-29T21:33:38+00:00\" \/>\n<meta property=\"og:image\" content=\"https:\/\/www.puertocdelu.com.ar\/wp-content\/uploads\/2016\/12\/1483040262-1.jpg\" \/>\n\t<meta property=\"og:image:width\" content=\"3264\" \/>\n\t<meta property=\"og:image:height\" content=\"2448\" \/>\n\t<meta property=\"og:image:type\" content=\"image\/jpeg\" \/>\n<meta name=\"author\" content=\"PuertoCdelU\" \/>\n<meta name=\"twitter:card\" content=\"summary_large_image\" \/>\n<meta name=\"twitter:label1\" content=\"Escrito por\" \/>\n\t<meta name=\"twitter:data1\" content=\"PuertoCdelU\" \/>\n\t<meta name=\"twitter:label2\" content=\"Tiempo de lectura\" \/>\n\t<meta name=\"twitter:data2\" content=\"2 minutos\" \/>\n<script type=\"application\/ld+json\" class=\"yoast-schema-graph\">{\"@context\":\"https:\\\/\\\/schema.org\",\"@graph\":[{\"@type\":\"Article\",\"@id\":\"https:\\\/\\\/www.puertocdelu.com.ar\\\/index.php\\\/2016\\\/12\\\/29\\\/embarcaron-pollos-en-el-puerto-de-concepcion-del-uruguay\\\/#article\",\"isPartOf\":{\"@id\":\"https:\\\/\\\/www.puertocdelu.com.ar\\\/index.php\\\/2016\\\/12\\\/29\\\/embarcaron-pollos-en-el-puerto-de-concepcion-del-uruguay\\\/\"},\"author\":{\"name\":\"PuertoCdelU\",\"@id\":\"https:\\\/\\\/www.puertocdelu.com.ar\\\/#\\\/schema\\\/person\\\/9d258b923b29bd5f47ca80d9c8cd72d1\"},\"headline\":\"Embarcaron pollos en el Puerto de Concepci\u00f3n del Uruguay\",\"datePublished\":\"2016-12-29T21:33:38+00:00\",\"mainEntityOfPage\":{\"@id\":\"https:\\\/\\\/www.puertocdelu.com.ar\\\/index.php\\\/2016\\\/12\\\/29\\\/embarcaron-pollos-en-el-puerto-de-concepcion-del-uruguay\\\/\"},\"wordCount\":312,\"commentCount\":0,\"image\":{\"@id\":\"https:\\\/\\\/www.puertocdelu.com.ar\\\/index.php\\\/2016\\\/12\\\/29\\\/embarcaron-pollos-en-el-puerto-de-concepcion-del-uruguay\\\/#primaryimage\"},\"thumbnailUrl\":\"https:\\\/\\\/www.puertocdelu.com.ar\\\/wp-content\\\/uploads\\\/2016\\\/12\\\/1483040262-1.jpg\",\"articleSection\":[\"Noticias\"],\"inLanguage\":\"es\",\"potentialAction\":[{\"@type\":\"CommentAction\",\"name\":\"Comment\",\"target\":[\"https:\\\/\\\/www.puertocdelu.com.ar\\\/index.php\\\/2016\\\/12\\\/29\\\/embarcaron-pollos-en-el-puerto-de-concepcion-del-uruguay\\\/#respond\"]}]},{\"@type\":\"WebPage\",\"@id\":\"https:\\\/\\\/www.puertocdelu.com.ar\\\/index.php\\\/2016\\\/12\\\/29\\\/embarcaron-pollos-en-el-puerto-de-concepcion-del-uruguay\\\/\",\"url\":\"https:\\\/\\\/www.puertocdelu.com.ar\\\/index.php\\\/2016\\\/12\\\/29\\\/embarcaron-pollos-en-el-puerto-de-concepcion-del-uruguay\\\/\",\"name\":\"Embarcaron pollos en el Puerto de Concepci\u00f3n del Uruguay - Puerto de Concepci\u00f3n del Uruguay\",\"isPartOf\":{\"@id\":\"https:\\\/\\\/www.puertocdelu.com.ar\\\/#website\"},\"primaryImageOfPage\":{\"@id\":\"https:\\\/\\\/www.puertocdelu.com.ar\\\/index.php\\\/2016\\\/12\\\/29\\\/embarcaron-pollos-en-el-puerto-de-concepcion-del-uruguay\\\/#primaryimage\"},\"image\":{\"@id\":\"https:\\\/\\\/www.puertocdelu.com.ar\\\/index.php\\\/2016\\\/12\\\/29\\\/embarcaron-pollos-en-el-puerto-de-concepcion-del-uruguay\\\/#primaryimage\"},\"thumbnailUrl\":\"https:\\\/\\\/www.puertocdelu.com.ar\\\/wp-content\\\/uploads\\\/2016\\\/12\\\/1483040262-1.jpg\",\"datePublished\":\"2016-12-29T21:33:38+00:00\",\"author\":{\"@id\":\"https:\\\/\\\/www.puertocdelu.com.ar\\\/#\\\/schema\\\/person\\\/9d258b923b29bd5f47ca80d9c8cd72d1\"},\"breadcrumb\":{\"@id\":\"https:\\\/\\\/www.puertocdelu.com.ar\\\/index.php\\\/2016\\\/12\\\/29\\\/embarcaron-pollos-en-el-puerto-de-concepcion-del-uruguay\\\/#breadcrumb\"},\"inLanguage\":\"es\",\"potentialAction\":[{\"@type\":\"ReadAction\",\"target\":[\"https:\\\/\\\/www.puertocdelu.com.ar\\\/index.php\\\/2016\\\/12\\\/29\\\/embarcaron-pollos-en-el-puerto-de-concepcion-del-uruguay\\\/\"]}]},{\"@type\":\"ImageObject\",\"inLanguage\":\"es\",\"@id\":\"https:\\\/\\\/www.puertocdelu.com.ar\\\/index.php\\\/2016\\\/12\\\/29\\\/embarcaron-pollos-en-el-puerto-de-concepcion-del-uruguay\\\/#primaryimage\",\"url\":\"https:\\\/\\\/www.puertocdelu.com.ar\\\/wp-content\\\/uploads\\\/2016\\\/12\\\/1483040262-1.jpg\",\"contentUrl\":\"https:\\\/\\\/www.puertocdelu.com.ar\\\/wp-content\\\/uploads\\\/2016\\\/12\\\/1483040262-1.jpg\",\"width\":3264,\"height\":2448},{\"@type\":\"BreadcrumbList\",\"@id\":\"https:\\\/\\\/www.puertocdelu.com.ar\\\/index.php\\\/2016\\\/12\\\/29\\\/embarcaron-pollos-en-el-puerto-de-concepcion-del-uruguay\\\/#breadcrumb\",\"itemListElement\":[{\"@type\":\"ListItem\",\"position\":1,\"name\":\"Portada\",\"item\":\"https:\\\/\\\/www.puertocdelu.com.ar\\\/\"},{\"@type\":\"ListItem\",\"position\":2,\"name\":\"Embarcaron pollos en el Puerto de Concepci\u00f3n del Uruguay\"}]},{\"@type\":\"WebSite\",\"@id\":\"https:\\\/\\\/www.puertocdelu.com.ar\\\/#website\",\"url\":\"https:\\\/\\\/www.puertocdelu.com.ar\\\/\",\"name\":\"Puerto de Concepci\u00f3n del Uruguay\",\"description\":\"\",\"potentialAction\":[{\"@type\":\"SearchAction\",\"target\":{\"@type\":\"EntryPoint\",\"urlTemplate\":\"https:\\\/\\\/www.puertocdelu.com.ar\\\/?s={search_term_string}\"},\"query-input\":{\"@type\":\"PropertyValueSpecification\",\"valueRequired\":true,\"valueName\":\"search_term_string\"}}],\"inLanguage\":\"es\"},{\"@type\":\"Person\",\"@id\":\"https:\\\/\\\/www.puertocdelu.com.ar\\\/#\\\/schema\\\/person\\\/9d258b923b29bd5f47ca80d9c8cd72d1\",\"name\":\"PuertoCdelU\",\"image\":{\"@type\":\"ImageObject\",\"inLanguage\":\"es\",\"@id\":\"https:\\\/\\\/secure.gravatar.com\\\/avatar\\\/99e38dea1727d397df18aced5ac6840012bb7f24c8570dcfafabb73086aed88c?s=96&d=mm&r=g\",\"url\":\"https:\\\/\\\/secure.gravatar.com\\\/avatar\\\/99e38dea1727d397df18aced5ac6840012bb7f24c8570dcfafabb73086aed88c?s=96&d=mm&r=g\",\"contentUrl\":\"https:\\\/\\\/secure.gravatar.com\\\/avatar\\\/99e38dea1727d397df18aced5ac6840012bb7f24c8570dcfafabb73086aed88c?s=96&d=mm&r=g\",\"caption\":\"PuertoCdelU\"},\"url\":\"https:\\\/\\\/www.puertocdelu.com.ar\\\/index.php\\\/author\\\/hectordelos1\\\/\"}]}<\/script>\n<!-- \/ Yoast SEO plugin. -->","yoast_head_json":{"title":"Embarcaron pollos en el Puerto de Concepci\u00f3n del Uruguay - Puerto de Concepci\u00f3n del Uruguay","robots":{"index":"index","follow":"follow","max-snippet":"max-snippet:-1","max-image-preview":"max-image-preview:large","max-video-preview":"max-video-preview:-1"},"canonical":"https:\/\/www.puertocdelu.com.ar\/index.php\/2016\/12\/29\/embarcaron-pollos-en-el-puerto-de-concepcion-del-uruguay\/","og_locale":"es_ES","og_type":"article","og_title":"Embarcaron pollos en el Puerto de Concepci\u00f3n del Uruguay - Puerto de Concepci\u00f3n del Uruguay","og_description":"Seis contenedores refrigerados con pollo entrerriano se cargaron en el puerto de Concepci\u00f3n del Uruguay, en el buque Provincias Unidas con destino al puerto de Montevideo, para su trasbordo al destino final definitivo. Los encargados de la operaci\u00f3n consideraron a la prueba como \u201cmuy positiva y exitosa\u201d, ya que se evalu\u00f3 el rendimiento y capacidad [&hellip;]","og_url":"https:\/\/www.puertocdelu.com.ar\/index.php\/2016\/12\/29\/embarcaron-pollos-en-el-puerto-de-concepcion-del-uruguay\/","og_site_name":"Puerto de Concepci\u00f3n del Uruguay","article_published_time":"2016-12-29T21:33:38+00:00","og_image":[{"width":3264,"height":2448,"url":"https:\/\/www.puertocdelu.com.ar\/wp-content\/uploads\/2016\/12\/1483040262-1.jpg","type":"image\/jpeg"}],"author":"PuertoCdelU","twitter_card":"summary_large_image","twitter_misc":{"Escrito por":"PuertoCdelU","Tiempo de lectura":"2 minutos"},"schema":{"@context":"https:\/\/schema.org","@graph":[{"@type":"Article","@id":"https:\/\/www.puertocdelu.com.ar\/index.php\/2016\/12\/29\/embarcaron-pollos-en-el-puerto-de-concepcion-del-uruguay\/#article","isPartOf":{"@id":"https:\/\/www.puertocdelu.com.ar\/index.php\/2016\/12\/29\/embarcaron-pollos-en-el-puerto-de-concepcion-del-uruguay\/"},"author":{"name":"PuertoCdelU","@id":"https:\/\/www.puertocdelu.com.ar\/#\/schema\/person\/9d258b923b29bd5f47ca80d9c8cd72d1"},"headline":"Embarcaron pollos en el Puerto de Concepci\u00f3n del Uruguay","datePublished":"2016-12-29T21:33:38+00:00","mainEntityOfPage":{"@id":"https:\/\/www.puertocdelu.com.ar\/index.php\/2016\/12\/29\/embarcaron-pollos-en-el-puerto-de-concepcion-del-uruguay\/"},"wordCount":312,"commentCount":0,"image":{"@id":"https:\/\/www.puertocdelu.com.ar\/index.php\/2016\/12\/29\/embarcaron-pollos-en-el-puerto-de-concepcion-del-uruguay\/#primaryimage"},"thumbnailUrl":"https:\/\/www.puertocdelu.com.ar\/wp-content\/uploads\/2016\/12\/1483040262-1.jpg","articleSection":["Noticias"],"inLanguage":"es","potentialAction":[{"@type":"CommentAction","name":"Comment","target":["https:\/\/www.puertocdelu.com.ar\/index.php\/2016\/12\/29\/embarcaron-pollos-en-el-puerto-de-concepcion-del-uruguay\/#respond"]}]},{"@type":"WebPage","@id":"https:\/\/www.puertocdelu.com.ar\/index.php\/2016\/12\/29\/embarcaron-pollos-en-el-puerto-de-concepcion-del-uruguay\/","url":"https:\/\/www.puertocdelu.com.ar\/index.php\/2016\/12\/29\/embarcaron-pollos-en-el-puerto-de-concepcion-del-uruguay\/","name":"Embarcaron pollos en el Puerto de Concepci\u00f3n del Uruguay - Puerto de Concepci\u00f3n del Uruguay","isPartOf":{"@id":"https:\/\/www.puertocdelu.com.ar\/#website"},"primaryImageOfPage":{"@id":"https:\/\/www.puertocdelu.com.ar\/index.php\/2016\/12\/29\/embarcaron-pollos-en-el-puerto-de-concepcion-del-uruguay\/#primaryimage"},"image":{"@id":"https:\/\/www.puertocdelu.com.ar\/index.php\/2016\/12\/29\/embarcaron-pollos-en-el-puerto-de-concepcion-del-uruguay\/#primaryimage"},"thumbnailUrl":"https:\/\/www.puertocdelu.com.ar\/wp-content\/uploads\/2016\/12\/1483040262-1.jpg","datePublished":"2016-12-29T21:33:38+00:00","author":{"@id":"https:\/\/www.puertocdelu.com.ar\/#\/schema\/person\/9d258b923b29bd5f47ca80d9c8cd72d1"},"breadcrumb":{"@id":"https:\/\/www.puertocdelu.com.ar\/index.php\/2016\/12\/29\/embarcaron-pollos-en-el-puerto-de-concepcion-del-uruguay\/#breadcrumb"},"inLanguage":"es","potentialAction":[{"@type":"ReadAction","target":["https:\/\/www.puertocdelu.com.ar\/index.php\/2016\/12\/29\/embarcaron-pollos-en-el-puerto-de-concepcion-del-uruguay\/"]}]},{"@type":"ImageObject","inLanguage":"es","@id":"https:\/\/www.puertocdelu.com.ar\/index.php\/2016\/12\/29\/embarcaron-pollos-en-el-puerto-de-concepcion-del-uruguay\/#primaryimage","url":"https:\/\/www.puertocdelu.com.ar\/wp-content\/uploads\/2016\/12\/1483040262-1.jpg","contentUrl":"https:\/\/www.puertocdelu.com.ar\/wp-content\/uploads\/2016\/12\/1483040262-1.jpg","width":3264,"height":2448},{"@type":"BreadcrumbList","@id":"https:\/\/www.puertocdelu.com.ar\/index.php\/2016\/12\/29\/embarcaron-pollos-en-el-puerto-de-concepcion-del-uruguay\/#breadcrumb","itemListElement":[{"@type":"ListItem","position":1,"name":"Portada","item":"https:\/\/www.puertocdelu.com.ar\/"},{"@type":"ListItem","position":2,"name":"Embarcaron pollos en el Puerto de Concepci\u00f3n del Uruguay"}]},{"@type":"WebSite","@id":"https:\/\/www.puertocdelu.com.ar\/#website","url":"https:\/\/www.puertocdelu.com.ar\/","name":"Puerto de Concepci\u00f3n del Uruguay","description":"","potentialAction":[{"@type":"SearchAction","target":{"@type":"EntryPoint","urlTemplate":"https:\/\/www.puertocdelu.com.ar\/?s={search_term_string}"},"query-input":{"@type":"PropertyValueSpecification","valueRequired":true,"valueName":"search_term_string"}}],"inLanguage":"es"},{"@type":"Person","@id":"https:\/\/www.puertocdelu.com.ar\/#\/schema\/person\/9d258b923b29bd5f47ca80d9c8cd72d1","name":"PuertoCdelU","image":{"@type":"ImageObject","inLanguage":"es","@id":"https:\/\/secure.gravatar.com\/avatar\/99e38dea1727d397df18aced5ac6840012bb7f24c8570dcfafabb73086aed88c?s=96&d=mm&r=g","url":"https:\/\/secure.gravatar.com\/avatar\/99e38dea1727d397df18aced5ac6840012bb7f24c8570dcfafabb73086aed88c?s=96&d=mm&r=g","contentUrl":"https:\/\/secure.gravatar.com\/avatar\/99e38dea1727d397df18aced5ac6840012bb7f24c8570dcfafabb73086aed88c?s=96&d=mm&r=g","caption":"PuertoCdelU"},"url":"https:\/\/www.puertocdelu.com.ar\/index.php\/author\/hectordelos1\/"}]}},"_links":{"self":[{"href":"https:\/\/www.puertocdelu.com.ar\/index.php\/wp-json\/wp\/v2\/posts\/1226","targetHints":{"allow":["GET"]}}],"collection":[{"href":"https:\/\/www.puertocdelu.com.ar\/index.php\/wp-json\/wp\/v2\/posts"}],"about":[{"href":"https:\/\/www.puertocdelu.com.ar\/index.php\/wp-json\/wp\/v2\/types\/post"}],"author":[{"embeddable":true,"href":"https:\/\/www.puertocdelu.com.ar\/index.php\/wp-json\/wp\/v2\/users\/1"}],"replies":[{"embeddable":true,"href":"https:\/\/www.puertocdelu.com.ar\/index.php\/wp-json\/wp\/v2\/comments?post=1226"}],"version-history":[{"count":1,"href":"https:\/\/www.puertocdelu.com.ar\/index.php\/wp-json\/wp\/v2\/posts\/1226\/revisions"}],"predecessor-version":[{"id":1228,"href":"https:\/\/www.puertocdelu.com.ar\/index.php\/wp-json\/wp\/v2\/posts\/1226\/revisions\/1228"}],"wp:featuredmedia":[{"embeddable":true,"href":"https:\/\/www.puertocdelu.com.ar\/index.php\/wp-json\/wp\/v2\/media\/1227"}],"wp:attachment":[{"href":"https:\/\/www.puertocdelu.com.ar\/index.php\/wp-json\/wp\/v2\/media?parent=1226"}],"wp:term":[{"taxonomy":"category","embeddable":true,"href":"https:\/\/www.puertocdelu.com.ar\/index.php\/wp-json\/wp\/v2\/categories?post=1226"},{"taxonomy":"post_tag","embeddable":true,"href":"https:\/\/www.puertocdelu.com.ar\/index.php\/wp-json\/wp\/v2\/tags?post=1226"}],"curies":[{"name":"wp","href":"https:\/\/api.w.org\/{rel}","templated":true}]}}