{"id":1236,"date":"2017-02-06T13:37:18","date_gmt":"2017-02-06T13:37:18","guid":{"rendered":"http:\/\/www.puertocdelu.com.ar\/?p=1236"},"modified":"2017-02-06T13:38:08","modified_gmt":"2017-02-06T13:38:08","slug":"cinco-frigorificos-exportan-desde-el-puerto-de-concepcion-del-urguay","status":"publish","type":"post","link":"https:\/\/www.puertocdelu.com.ar\/index.php\/2017\/02\/06\/cinco-frigorificos-exportan-desde-el-puerto-de-concepcion-del-urguay\/","title":{"rendered":"Cinco frigor\u00edficos exportan desde el puerto de Concepci\u00f3n del Urguay"},"content":{"rendered":"<h1 class=\"entry_title\"><\/h1>\n<div class=\"single_postmeta\">\n<div id=\"text-28\" class=\"widget widget_text\"><\/div>\n<div class=\"clear\"><iframe loading=\"lazy\" src=\"https:\/\/www.youtube.com\/embed\/Q_MwCSSxyfE\" width=\"650\" height=\"405\" frameborder=\"0\" allowfullscreen=\"allowfullscreen\" data-mce-fragment=\"1\"><\/iframe>Tres Arroyos, Fepasa, Las Camelias, Soych\u00fa y Noelma se sumaron para completar un embarque con destino de exportaci\u00f3n a trav\u00e9s del buque portacontenedores de bandera uruguaya \u201cLucero\u201d. Esta noticia suma nuevas expectativas para el puerto de Concepci\u00f3n del Uruguay ya que esta operatoria podr\u00eda significar el inicio de un trabajo con una nueva modalidad, otra log\u00edstica, nuevas cargas y, por lo tanto, m\u00e1s trabajo para el puerto.<\/div>\n<\/div>\n<p>El ministro de la Producci\u00f3n de la Provincia, Carlos Schepens, estuvo ayer durante la operatoria. \u201cEs una oportunidad \u00fanica que vive la provincia, por la calidad y la cantidad de los exportadores que han confiado en nuestros puertos para cargar su mercader\u00eda, Entre R\u00edos pone toda su infraestructura a disposici\u00f3n de los productores y esto es una muestra de ello, no ha sido una tarea f\u00e1cil alcanzar el n\u00famero justo que nos permita este tipo de embarque, pero se ha logrado y ahora hay que seguir sumando, hay m\u00e1s empresas interesadas, todo esto demanda una log\u00edstica importante, no solo para el puerto sino tambi\u00e9n para las empresas que han respondido a la convocatoria\u201d, remarc\u00f3 el funcionario provincial\u201d, se\u00f1al\u00f3 el ministro de la Producci\u00f3n.<\/p>\n<div id=\"attachment_197157\" class=\"wp-caption aligncenter\">\n<p><a href=\"http:\/\/03442.com.ar\/noticias\/wp-content\/uploads\/2017\/02\/lauritto-con-Daniel-Godein-de-Las-Camelias.jpg\"><img loading=\"lazy\" decoding=\"async\" class=\"wp-image-197157\" src=\"http:\/\/03442.com.ar\/noticias\/wp-content\/uploads\/2017\/02\/lauritto-con-Daniel-Godein-de-Las-Camelias.jpg\" sizes=\"auto, (max-width: 650px) 100vw, 650px\" srcset=\"http:\/\/03442.com.ar\/noticias\/wp-content\/uploads\/2017\/02\/lauritto-con-Daniel-Godein-de-Las-Camelias.jpg 984w, http:\/\/03442.com.ar\/noticias\/wp-content\/uploads\/2017\/02\/lauritto-con-Daniel-Godein-de-Las-Camelias-300x211.jpg 300w, http:\/\/03442.com.ar\/noticias\/wp-content\/uploads\/2017\/02\/lauritto-con-Daniel-Godein-de-Las-Camelias-768x541.jpg 768w, http:\/\/03442.com.ar\/noticias\/wp-content\/uploads\/2017\/02\/lauritto-con-Daniel-Godein-de-Las-Camelias-70x50.jpg 70w, http:\/\/03442.com.ar\/noticias\/wp-content\/uploads\/2017\/02\/lauritto-con-Daniel-Godein-de-Las-Camelias-160x113.jpg 160w, http:\/\/03442.com.ar\/noticias\/wp-content\/uploads\/2017\/02\/lauritto-con-Daniel-Godein-de-Las-Camelias-640x451.jpg 640w\" width=\"650\" height=\"458\" \/><\/a><\/p>\n<p class=\"wp-caption-text\">Daniel Godein, de Las Camelias, Carlos Schepens, ministro de la Producci\u00f3n, Leticia Braslavsky y Jos\u00e9 Lauritto ayer en el puerto uruguayense.<\/p>\n<\/div>\n<p>La operatoria comenz\u00f3 en horas del mediod\u00eda y bajo un sol abrasador continu\u00f3 durante horas de la tarde.<\/p>\n<p>A los contenedores refrigerados con pollos congelados con destino a China, se sumaron tambi\u00e9n contenedores convencionales con arroz de la Cooperativa de San Salvador, que tambi\u00e9n eligi\u00f3 el puerto de La Hist\u00f3rica para exportar su producci\u00f3n.<\/p>\n<h2>\u201cExportamos por Concepci\u00f3n del Uruguay\u201d<\/h2>\n<div id=\"attachment_197158\" class=\"wp-caption aligncenter\">\n<p><a href=\"http:\/\/03442.com.ar\/noticias\/wp-content\/uploads\/2017\/02\/godein.jpg\"><img loading=\"lazy\" decoding=\"async\" class=\"wp-image-197158 size-full\" src=\"http:\/\/03442.com.ar\/noticias\/wp-content\/uploads\/2017\/02\/godein.jpg\" sizes=\"auto, (max-width: 650px) 100vw, 650px\" srcset=\"http:\/\/03442.com.ar\/noticias\/wp-content\/uploads\/2017\/02\/godein.jpg 650w, http:\/\/03442.com.ar\/noticias\/wp-content\/uploads\/2017\/02\/godein-300x225.jpg 300w, http:\/\/03442.com.ar\/noticias\/wp-content\/uploads\/2017\/02\/godein-80x60.jpg 80w, http:\/\/03442.com.ar\/noticias\/wp-content\/uploads\/2017\/02\/godein-118x88.jpg 118w, http:\/\/03442.com.ar\/noticias\/wp-content\/uploads\/2017\/02\/godein-160x120.jpg 160w, http:\/\/03442.com.ar\/noticias\/wp-content\/uploads\/2017\/02\/godein-640x480.jpg 640w\" width=\"650\" height=\"488\" \/><\/a><\/p>\n<p class=\"wp-caption-text\">Daniel Godein, Export Manager de Las Camelias<\/p>\n<\/div>\n<p>Uno de los representantes de las empresas exportadoras responsables del embarque de ayer fue Daniel Godein, gerente de exportaci\u00f3n del frigor\u00edfico Las Camelias.<\/p>\n<p>Al ser consultado si les resultaba beneficioso exportar a trav\u00e9s de Montenvideo fue tajante: \u201cNosotros no exportamos a trav\u00e9s de Montevideo, exportamos a trav\u00e9s de Concepci\u00f3n del Uruguay, es muy distinto en muchos sentidos, por lo que significa en t\u00e9rminos operativos, econ\u00f3micos y conceptuales, somos una empresa entrerriana exportando por un puerto entrerriano\u201d, puntualiz\u00f3.<\/p>\n<p>\u201cPara nosotros es de vital importancia salir desde el puerto de Concepci\u00f3n del Uruguay, esto nos permite bajar costos, y por lo tanto ser m\u00e1s competitivos, adem\u00e1s de estar saliendo de un puerto entrerriano, con todo lo que eso significa, cuando siempre salimos desde Z\u00e1rate o desde Capital Federal\u201d, remarc\u00f3 Godein.<\/p>\n<p>De igual manera subray\u00f3 la baja que esto significa en t\u00e9rminos de costos de transporte y log\u00edstica aplicada al seguimiento de la mercader\u00eda.<\/p>\n<h2>Expectativas<\/h2>\n<div id=\"attachment_197159\" class=\"wp-caption aligncenter\">\n<p><a href=\"http:\/\/03442.com.ar\/noticias\/wp-content\/uploads\/2017\/02\/leticia.jpg\"><img loading=\"lazy\" decoding=\"async\" class=\"size-full wp-image-197159\" src=\"http:\/\/03442.com.ar\/noticias\/wp-content\/uploads\/2017\/02\/leticia.jpg\" sizes=\"auto, (max-width: 650px) 100vw, 650px\" srcset=\"http:\/\/03442.com.ar\/noticias\/wp-content\/uploads\/2017\/02\/leticia.jpg 650w, http:\/\/03442.com.ar\/noticias\/wp-content\/uploads\/2017\/02\/leticia-300x225.jpg 300w, http:\/\/03442.com.ar\/noticias\/wp-content\/uploads\/2017\/02\/leticia-80x60.jpg 80w, http:\/\/03442.com.ar\/noticias\/wp-content\/uploads\/2017\/02\/leticia-118x88.jpg 118w, http:\/\/03442.com.ar\/noticias\/wp-content\/uploads\/2017\/02\/leticia-160x120.jpg 160w, http:\/\/03442.com.ar\/noticias\/wp-content\/uploads\/2017\/02\/leticia-640x480.jpg 640w\" alt=\"\" width=\"650\" height=\"488\" \/><\/a><\/p>\n<p class=\"wp-caption-text\">Leticia Braslavsky, presidenta del Ente Aut\u00e1rquico Puerto Concepci\u00f3n del Uruguay.<\/p>\n<\/div>\n<p>Leticia Braslavsky, presidenta del Ente Aut\u00e1rquico Puerto Concepci\u00f3n del Uruguay, se\u00f1al\u00f3 que \u201ceste tipo de operatoria es central para la reactivaci\u00f3n que se busca en el puerto. El ministro Schepens suma gestiones para la reactivaci\u00f3n de los puertos entrerrianos y en ese marco el de Concepci\u00f3n del Uruguay tiene la capacidad necesaria para llevar adelante este tipo de trabajo, nos abre muchas posibilidades de cara al futuro, y esto significa m\u00e1s mano de obra en el mismo puerto, m\u00e1s ventajas competitivas para los productores y nuevas alternativas para el comercio exterior de la provincia\u201d.<\/p>\n<p>Seg\u00fan se detall\u00f3 ayer, \u201cLucero\u201d completa su carga en el puerto de Concepci\u00f3n del Uruguay con mercader\u00eda entrerriana, y se traslada hasta Montevideo, donde finalmente ser\u00e1n embarcados hacia su destino final.<\/p>\n<p>La idea de este tipo de operaci\u00f3n es realizarla una vez cada quince d\u00edas, sin embargo, a\u00fan est\u00e1 todo sujeto a la evaluaci\u00f3n de los tiempos y beneficios que resultar\u00e1n de esta nueva metodolog\u00eda de trabajo con nueva mercader\u00eda.<\/p>\n<p>Schepens sostuvo que \u201cel mismo gobernador Bordet gestion\u00f3 un encuentro de estos empresarios con el ministro Rogelio Frigerio quien pregunt\u00f3 que era lo que se necesitaba para comenzar a trabajar y all\u00ed todos les respondimos que necesit\u00e1bamos cargas. Bueno, las cargas aparecieron y ahora hay que tratar de sostener y hacer crecer esta operatoria\u201d.<\/p>\n<p>En este sentido, el ministro tambi\u00e9n se reuni\u00f3 ayer con Mariano Caprarulo, representante de la C\u00e1mara de Exportadores de Citrus, interesados tambi\u00e9n en sumarse a esta alternativa que ofrece Concepci\u00f3n como puerto de salida para la exportaci\u00f3n. De igual manera se estar\u00eda avanzado con productores de miel, madera y otras mercader\u00edas que podr\u00edan aportar volumen a la operatoria.<\/p>\n<h2>La satisfacci\u00f3n de Lauritto<\/h2>\n<div id=\"attachment_197160\" class=\"wp-caption aligncenter\">\n<p><a href=\"http:\/\/03442.com.ar\/noticias\/wp-content\/uploads\/2017\/02\/lauritto04.jpg\"><img loading=\"lazy\" decoding=\"async\" class=\"wp-image-197160 size-full\" src=\"http:\/\/03442.com.ar\/noticias\/wp-content\/uploads\/2017\/02\/lauritto04.jpg\" sizes=\"auto, (max-width: 650px) 100vw, 650px\" srcset=\"http:\/\/03442.com.ar\/noticias\/wp-content\/uploads\/2017\/02\/lauritto04.jpg 650w, http:\/\/03442.com.ar\/noticias\/wp-content\/uploads\/2017\/02\/lauritto04-300x225.jpg 300w, http:\/\/03442.com.ar\/noticias\/wp-content\/uploads\/2017\/02\/lauritto04-80x60.jpg 80w, http:\/\/03442.com.ar\/noticias\/wp-content\/uploads\/2017\/02\/lauritto04-118x88.jpg 118w, http:\/\/03442.com.ar\/noticias\/wp-content\/uploads\/2017\/02\/lauritto04-160x120.jpg 160w, http:\/\/03442.com.ar\/noticias\/wp-content\/uploads\/2017\/02\/lauritto04-640x480.jpg 640w\" width=\"650\" height=\"488\" \/><\/a><\/p>\n<p class=\"wp-caption-text\">El intendente Jos\u00e9 Lauritto durante su recorrida por el puerto.<\/p>\n<\/div>\n<p>El Intendente Jos\u00e9 Eduardo Lauritto se mostr\u00f3 \u201ccon una enorme alegr\u00eda por ver nuestro puerto en marcha, siempre hemos sostenido que esto es un puerto regional para los productos de la regi\u00f3n. Despu\u00e9s de 22 a\u00f1os de frustraciones, despu\u00e9s de aquellos 99 barcos del a\u00f1o 96, eso no lo vamos a replicar con nostalgias, lo vamos a hacer de este modo, trabajando. Pero tan importante como esto es el dragado, balizamiento y mantenimiento del r\u00edo Uruguay, tan vitales como las cargas de toda la regi\u00f3n que deber\u00e1n llegar para sostener esta actividad\u201d.<\/p>\n<p>El intendente tambi\u00e9n se refiri\u00f3 a la importancia de sumar socios estrat\u00e9gicos en materia de carga. \u201cLa decisi\u00f3n del gobierno uruguayo de potenciar Paysand\u00fa nosotros tenemos que celebrarla, porque somos puertos complementarios que podemos aportar el volumen que piden las empresas interesadas en nuestras cargas y en nuestros puertos. En s\u00edntesis, la ciudad vive este momento con alegr\u00eda, con muchas esperanzas, pero sin bajar los brazos en la lucha por una reactivaci\u00f3n plena que siga generando trabajo para toda la regi\u00f3n\u201d.<\/p>\n<p>Fuente: 03442.com.ar<\/p>\n","protected":false},"excerpt":{"rendered":"<p>Tres Arroyos, Fepasa, Las Camelias, Soych\u00fa y Noelma se sumaron para completar un embarque con destino de exportaci\u00f3n a trav\u00e9s del buque portacontenedores de bandera uruguaya \u201cLucero\u201d. Esta noticia suma nuevas expectativas para el puerto de Concepci\u00f3n del Uruguay ya que esta operatoria podr\u00eda significar el inicio de un trabajo con una nueva modalidad, otra [&hellip;]<\/p>\n","protected":false},"author":1,"featured_media":1238,"comment_status":"open","ping_status":"open","sticky":false,"template":"","format":"video","meta":{"footnotes":""},"categories":[81],"tags":[],"class_list":{"0":"post-1236","1":"post","2":"type-post","3":"status-publish","4":"format-video","5":"has-post-thumbnail","7":"category-noticias","8":"post_format-post-format-video"},"yoast_head":"<!-- This site is optimized with the Yoast SEO plugin v27.4 - https:\/\/yoast.com\/product\/yoast-seo-wordpress\/ -->\n<title>Cinco frigor\u00edficos exportan desde el puerto de Concepci\u00f3n del Urguay - Puerto de Concepci\u00f3n del Uruguay<\/title>\n<meta name=\"robots\" content=\"index, follow, max-snippet:-1, max-image-preview:large, max-video-preview:-1\" \/>\n<link rel=\"canonical\" href=\"https:\/\/www.puertocdelu.com.ar\/index.php\/2017\/02\/06\/cinco-frigorificos-exportan-desde-el-puerto-de-concepcion-del-urguay\/\" \/>\n<meta property=\"og:locale\" content=\"es_ES\" \/>\n<meta property=\"og:type\" content=\"article\" \/>\n<meta property=\"og:title\" content=\"Cinco frigor\u00edficos exportan desde el puerto de Concepci\u00f3n del Urguay - Puerto de Concepci\u00f3n del Uruguay\" \/>\n<meta property=\"og:description\" content=\"Tres Arroyos, Fepasa, Las Camelias, Soych\u00fa y Noelma se sumaron para completar un embarque con destino de exportaci\u00f3n a trav\u00e9s del buque portacontenedores de bandera uruguaya \u201cLucero\u201d. Esta noticia suma nuevas expectativas para el puerto de Concepci\u00f3n del Uruguay ya que esta operatoria podr\u00eda significar el inicio de un trabajo con una nueva modalidad, otra [&hellip;]\" \/>\n<meta property=\"og:url\" content=\"https:\/\/www.puertocdelu.com.ar\/index.php\/2017\/02\/06\/cinco-frigorificos-exportan-desde-el-puerto-de-concepcion-del-urguay\/\" \/>\n<meta property=\"og:site_name\" content=\"Puerto de Concepci\u00f3n del Uruguay\" \/>\n<meta property=\"article:published_time\" content=\"2017-02-06T13:37:18+00:00\" \/>\n<meta property=\"article:modified_time\" content=\"2017-02-06T13:38:08+00:00\" \/>\n<meta property=\"og:image\" content=\"https:\/\/www.puertocdelu.com.ar\/wp-content\/uploads\/2017\/02\/sddefault.jpg\" \/>\n\t<meta property=\"og:image:width\" content=\"640\" \/>\n\t<meta property=\"og:image:height\" content=\"480\" \/>\n\t<meta property=\"og:image:type\" content=\"image\/jpeg\" \/>\n<meta name=\"author\" content=\"PuertoCdelU\" \/>\n<meta name=\"twitter:card\" content=\"summary_large_image\" \/>\n<meta name=\"twitter:label1\" content=\"Escrito por\" \/>\n\t<meta name=\"twitter:data1\" content=\"PuertoCdelU\" \/>\n\t<meta name=\"twitter:label2\" content=\"Tiempo de lectura\" \/>\n\t<meta name=\"twitter:data2\" content=\"5 minutos\" \/>\n<script type=\"application\/ld+json\" class=\"yoast-schema-graph\">{\"@context\":\"https:\\\/\\\/schema.org\",\"@graph\":[{\"@type\":\"Article\",\"@id\":\"https:\\\/\\\/www.puertocdelu.com.ar\\\/index.php\\\/2017\\\/02\\\/06\\\/cinco-frigorificos-exportan-desde-el-puerto-de-concepcion-del-urguay\\\/#article\",\"isPartOf\":{\"@id\":\"https:\\\/\\\/www.puertocdelu.com.ar\\\/index.php\\\/2017\\\/02\\\/06\\\/cinco-frigorificos-exportan-desde-el-puerto-de-concepcion-del-urguay\\\/\"},\"author\":{\"name\":\"PuertoCdelU\",\"@id\":\"https:\\\/\\\/www.puertocdelu.com.ar\\\/#\\\/schema\\\/person\\\/9d258b923b29bd5f47ca80d9c8cd72d1\"},\"headline\":\"Cinco frigor\u00edficos exportan desde el puerto de Concepci\u00f3n del Urguay\",\"datePublished\":\"2017-02-06T13:37:18+00:00\",\"dateModified\":\"2017-02-06T13:38:08+00:00\",\"mainEntityOfPage\":{\"@id\":\"https:\\\/\\\/www.puertocdelu.com.ar\\\/index.php\\\/2017\\\/02\\\/06\\\/cinco-frigorificos-exportan-desde-el-puerto-de-concepcion-del-urguay\\\/\"},\"wordCount\":1000,\"commentCount\":0,\"image\":{\"@id\":\"https:\\\/\\\/www.puertocdelu.com.ar\\\/index.php\\\/2017\\\/02\\\/06\\\/cinco-frigorificos-exportan-desde-el-puerto-de-concepcion-del-urguay\\\/#primaryimage\"},\"thumbnailUrl\":\"https:\\\/\\\/www.puertocdelu.com.ar\\\/wp-content\\\/uploads\\\/2017\\\/02\\\/sddefault.jpg\",\"articleSection\":[\"Noticias\"],\"inLanguage\":\"es\",\"potentialAction\":[{\"@type\":\"CommentAction\",\"name\":\"Comment\",\"target\":[\"https:\\\/\\\/www.puertocdelu.com.ar\\\/index.php\\\/2017\\\/02\\\/06\\\/cinco-frigorificos-exportan-desde-el-puerto-de-concepcion-del-urguay\\\/#respond\"]}]},{\"@type\":\"WebPage\",\"@id\":\"https:\\\/\\\/www.puertocdelu.com.ar\\\/index.php\\\/2017\\\/02\\\/06\\\/cinco-frigorificos-exportan-desde-el-puerto-de-concepcion-del-urguay\\\/\",\"url\":\"https:\\\/\\\/www.puertocdelu.com.ar\\\/index.php\\\/2017\\\/02\\\/06\\\/cinco-frigorificos-exportan-desde-el-puerto-de-concepcion-del-urguay\\\/\",\"name\":\"Cinco frigor\u00edficos exportan desde el puerto de Concepci\u00f3n del Urguay - Puerto de Concepci\u00f3n del Uruguay\",\"isPartOf\":{\"@id\":\"https:\\\/\\\/www.puertocdelu.com.ar\\\/#website\"},\"primaryImageOfPage\":{\"@id\":\"https:\\\/\\\/www.puertocdelu.com.ar\\\/index.php\\\/2017\\\/02\\\/06\\\/cinco-frigorificos-exportan-desde-el-puerto-de-concepcion-del-urguay\\\/#primaryimage\"},\"image\":{\"@id\":\"https:\\\/\\\/www.puertocdelu.com.ar\\\/index.php\\\/2017\\\/02\\\/06\\\/cinco-frigorificos-exportan-desde-el-puerto-de-concepcion-del-urguay\\\/#primaryimage\"},\"thumbnailUrl\":\"https:\\\/\\\/www.puertocdelu.com.ar\\\/wp-content\\\/uploads\\\/2017\\\/02\\\/sddefault.jpg\",\"datePublished\":\"2017-02-06T13:37:18+00:00\",\"dateModified\":\"2017-02-06T13:38:08+00:00\",\"author\":{\"@id\":\"https:\\\/\\\/www.puertocdelu.com.ar\\\/#\\\/schema\\\/person\\\/9d258b923b29bd5f47ca80d9c8cd72d1\"},\"breadcrumb\":{\"@id\":\"https:\\\/\\\/www.puertocdelu.com.ar\\\/index.php\\\/2017\\\/02\\\/06\\\/cinco-frigorificos-exportan-desde-el-puerto-de-concepcion-del-urguay\\\/#breadcrumb\"},\"inLanguage\":\"es\",\"potentialAction\":[{\"@type\":\"ReadAction\",\"target\":[\"https:\\\/\\\/www.puertocdelu.com.ar\\\/index.php\\\/2017\\\/02\\\/06\\\/cinco-frigorificos-exportan-desde-el-puerto-de-concepcion-del-urguay\\\/\"]}]},{\"@type\":\"ImageObject\",\"inLanguage\":\"es\",\"@id\":\"https:\\\/\\\/www.puertocdelu.com.ar\\\/index.php\\\/2017\\\/02\\\/06\\\/cinco-frigorificos-exportan-desde-el-puerto-de-concepcion-del-urguay\\\/#primaryimage\",\"url\":\"https:\\\/\\\/www.puertocdelu.com.ar\\\/wp-content\\\/uploads\\\/2017\\\/02\\\/sddefault.jpg\",\"contentUrl\":\"https:\\\/\\\/www.puertocdelu.com.ar\\\/wp-content\\\/uploads\\\/2017\\\/02\\\/sddefault.jpg\",\"width\":640,\"height\":480},{\"@type\":\"BreadcrumbList\",\"@id\":\"https:\\\/\\\/www.puertocdelu.com.ar\\\/index.php\\\/2017\\\/02\\\/06\\\/cinco-frigorificos-exportan-desde-el-puerto-de-concepcion-del-urguay\\\/#breadcrumb\",\"itemListElement\":[{\"@type\":\"ListItem\",\"position\":1,\"name\":\"Portada\",\"item\":\"https:\\\/\\\/www.puertocdelu.com.ar\\\/\"},{\"@type\":\"ListItem\",\"position\":2,\"name\":\"Cinco frigor\u00edficos exportan desde el puerto de Concepci\u00f3n del Urguay\"}]},{\"@type\":\"WebSite\",\"@id\":\"https:\\\/\\\/www.puertocdelu.com.ar\\\/#website\",\"url\":\"https:\\\/\\\/www.puertocdelu.com.ar\\\/\",\"name\":\"Puerto de Concepci\u00f3n del Uruguay\",\"description\":\"\",\"potentialAction\":[{\"@type\":\"SearchAction\",\"target\":{\"@type\":\"EntryPoint\",\"urlTemplate\":\"https:\\\/\\\/www.puertocdelu.com.ar\\\/?s={search_term_string}\"},\"query-input\":{\"@type\":\"PropertyValueSpecification\",\"valueRequired\":true,\"valueName\":\"search_term_string\"}}],\"inLanguage\":\"es\"},{\"@type\":\"Person\",\"@id\":\"https:\\\/\\\/www.puertocdelu.com.ar\\\/#\\\/schema\\\/person\\\/9d258b923b29bd5f47ca80d9c8cd72d1\",\"name\":\"PuertoCdelU\",\"image\":{\"@type\":\"ImageObject\",\"inLanguage\":\"es\",\"@id\":\"https:\\\/\\\/secure.gravatar.com\\\/avatar\\\/99e38dea1727d397df18aced5ac6840012bb7f24c8570dcfafabb73086aed88c?s=96&d=mm&r=g\",\"url\":\"https:\\\/\\\/secure.gravatar.com\\\/avatar\\\/99e38dea1727d397df18aced5ac6840012bb7f24c8570dcfafabb73086aed88c?s=96&d=mm&r=g\",\"contentUrl\":\"https:\\\/\\\/secure.gravatar.com\\\/avatar\\\/99e38dea1727d397df18aced5ac6840012bb7f24c8570dcfafabb73086aed88c?s=96&d=mm&r=g\",\"caption\":\"PuertoCdelU\"},\"url\":\"https:\\\/\\\/www.puertocdelu.com.ar\\\/index.php\\\/author\\\/hectordelos1\\\/\"}]}<\/script>\n<!-- \/ Yoast SEO plugin. -->","yoast_head_json":{"title":"Cinco frigor\u00edficos exportan desde el puerto de Concepci\u00f3n del Urguay - Puerto de Concepci\u00f3n del Uruguay","robots":{"index":"index","follow":"follow","max-snippet":"max-snippet:-1","max-image-preview":"max-image-preview:large","max-video-preview":"max-video-preview:-1"},"canonical":"https:\/\/www.puertocdelu.com.ar\/index.php\/2017\/02\/06\/cinco-frigorificos-exportan-desde-el-puerto-de-concepcion-del-urguay\/","og_locale":"es_ES","og_type":"article","og_title":"Cinco frigor\u00edficos exportan desde el puerto de Concepci\u00f3n del Urguay - Puerto de Concepci\u00f3n del Uruguay","og_description":"Tres Arroyos, Fepasa, Las Camelias, Soych\u00fa y Noelma se sumaron para completar un embarque con destino de exportaci\u00f3n a trav\u00e9s del buque portacontenedores de bandera uruguaya \u201cLucero\u201d. Esta noticia suma nuevas expectativas para el puerto de Concepci\u00f3n del Uruguay ya que esta operatoria podr\u00eda significar el inicio de un trabajo con una nueva modalidad, otra [&hellip;]","og_url":"https:\/\/www.puertocdelu.com.ar\/index.php\/2017\/02\/06\/cinco-frigorificos-exportan-desde-el-puerto-de-concepcion-del-urguay\/","og_site_name":"Puerto de Concepci\u00f3n del Uruguay","article_published_time":"2017-02-06T13:37:18+00:00","article_modified_time":"2017-02-06T13:38:08+00:00","og_image":[{"width":640,"height":480,"url":"https:\/\/www.puertocdelu.com.ar\/wp-content\/uploads\/2017\/02\/sddefault.jpg","type":"image\/jpeg"}],"author":"PuertoCdelU","twitter_card":"summary_large_image","twitter_misc":{"Escrito por":"PuertoCdelU","Tiempo de lectura":"5 minutos"},"schema":{"@context":"https:\/\/schema.org","@graph":[{"@type":"Article","@id":"https:\/\/www.puertocdelu.com.ar\/index.php\/2017\/02\/06\/cinco-frigorificos-exportan-desde-el-puerto-de-concepcion-del-urguay\/#article","isPartOf":{"@id":"https:\/\/www.puertocdelu.com.ar\/index.php\/2017\/02\/06\/cinco-frigorificos-exportan-desde-el-puerto-de-concepcion-del-urguay\/"},"author":{"name":"PuertoCdelU","@id":"https:\/\/www.puertocdelu.com.ar\/#\/schema\/person\/9d258b923b29bd5f47ca80d9c8cd72d1"},"headline":"Cinco frigor\u00edficos exportan desde el puerto de Concepci\u00f3n del Urguay","datePublished":"2017-02-06T13:37:18+00:00","dateModified":"2017-02-06T13:38:08+00:00","mainEntityOfPage":{"@id":"https:\/\/www.puertocdelu.com.ar\/index.php\/2017\/02\/06\/cinco-frigorificos-exportan-desde-el-puerto-de-concepcion-del-urguay\/"},"wordCount":1000,"commentCount":0,"image":{"@id":"https:\/\/www.puertocdelu.com.ar\/index.php\/2017\/02\/06\/cinco-frigorificos-exportan-desde-el-puerto-de-concepcion-del-urguay\/#primaryimage"},"thumbnailUrl":"https:\/\/www.puertocdelu.com.ar\/wp-content\/uploads\/2017\/02\/sddefault.jpg","articleSection":["Noticias"],"inLanguage":"es","potentialAction":[{"@type":"CommentAction","name":"Comment","target":["https:\/\/www.puertocdelu.com.ar\/index.php\/2017\/02\/06\/cinco-frigorificos-exportan-desde-el-puerto-de-concepcion-del-urguay\/#respond"]}]},{"@type":"WebPage","@id":"https:\/\/www.puertocdelu.com.ar\/index.php\/2017\/02\/06\/cinco-frigorificos-exportan-desde-el-puerto-de-concepcion-del-urguay\/","url":"https:\/\/www.puertocdelu.com.ar\/index.php\/2017\/02\/06\/cinco-frigorificos-exportan-desde-el-puerto-de-concepcion-del-urguay\/","name":"Cinco frigor\u00edficos exportan desde el puerto de Concepci\u00f3n del Urguay - Puerto de Concepci\u00f3n del Uruguay","isPartOf":{"@id":"https:\/\/www.puertocdelu.com.ar\/#website"},"primaryImageOfPage":{"@id":"https:\/\/www.puertocdelu.com.ar\/index.php\/2017\/02\/06\/cinco-frigorificos-exportan-desde-el-puerto-de-concepcion-del-urguay\/#primaryimage"},"image":{"@id":"https:\/\/www.puertocdelu.com.ar\/index.php\/2017\/02\/06\/cinco-frigorificos-exportan-desde-el-puerto-de-concepcion-del-urguay\/#primaryimage"},"thumbnailUrl":"https:\/\/www.puertocdelu.com.ar\/wp-content\/uploads\/2017\/02\/sddefault.jpg","datePublished":"2017-02-06T13:37:18+00:00","dateModified":"2017-02-06T13:38:08+00:00","author":{"@id":"https:\/\/www.puertocdelu.com.ar\/#\/schema\/person\/9d258b923b29bd5f47ca80d9c8cd72d1"},"breadcrumb":{"@id":"https:\/\/www.puertocdelu.com.ar\/index.php\/2017\/02\/06\/cinco-frigorificos-exportan-desde-el-puerto-de-concepcion-del-urguay\/#breadcrumb"},"inLanguage":"es","potentialAction":[{"@type":"ReadAction","target":["https:\/\/www.puertocdelu.com.ar\/index.php\/2017\/02\/06\/cinco-frigorificos-exportan-desde-el-puerto-de-concepcion-del-urguay\/"]}]},{"@type":"ImageObject","inLanguage":"es","@id":"https:\/\/www.puertocdelu.com.ar\/index.php\/2017\/02\/06\/cinco-frigorificos-exportan-desde-el-puerto-de-concepcion-del-urguay\/#primaryimage","url":"https:\/\/www.puertocdelu.com.ar\/wp-content\/uploads\/2017\/02\/sddefault.jpg","contentUrl":"https:\/\/www.puertocdelu.com.ar\/wp-content\/uploads\/2017\/02\/sddefault.jpg","width":640,"height":480},{"@type":"BreadcrumbList","@id":"https:\/\/www.puertocdelu.com.ar\/index.php\/2017\/02\/06\/cinco-frigorificos-exportan-desde-el-puerto-de-concepcion-del-urguay\/#breadcrumb","itemListElement":[{"@type":"ListItem","position":1,"name":"Portada","item":"https:\/\/www.puertocdelu.com.ar\/"},{"@type":"ListItem","position":2,"name":"Cinco frigor\u00edficos exportan desde el puerto de Concepci\u00f3n del Urguay"}]},{"@type":"WebSite","@id":"https:\/\/www.puertocdelu.com.ar\/#website","url":"https:\/\/www.puertocdelu.com.ar\/","name":"Puerto de Concepci\u00f3n del Uruguay","description":"","potentialAction":[{"@type":"SearchAction","target":{"@type":"EntryPoint","urlTemplate":"https:\/\/www.puertocdelu.com.ar\/?s={search_term_string}"},"query-input":{"@type":"PropertyValueSpecification","valueRequired":true,"valueName":"search_term_string"}}],"inLanguage":"es"},{"@type":"Person","@id":"https:\/\/www.puertocdelu.com.ar\/#\/schema\/person\/9d258b923b29bd5f47ca80d9c8cd72d1","name":"PuertoCdelU","image":{"@type":"ImageObject","inLanguage":"es","@id":"https:\/\/secure.gravatar.com\/avatar\/99e38dea1727d397df18aced5ac6840012bb7f24c8570dcfafabb73086aed88c?s=96&d=mm&r=g","url":"https:\/\/secure.gravatar.com\/avatar\/99e38dea1727d397df18aced5ac6840012bb7f24c8570dcfafabb73086aed88c?s=96&d=mm&r=g","contentUrl":"https:\/\/secure.gravatar.com\/avatar\/99e38dea1727d397df18aced5ac6840012bb7f24c8570dcfafabb73086aed88c?s=96&d=mm&r=g","caption":"PuertoCdelU"},"url":"https:\/\/www.puertocdelu.com.ar\/index.php\/author\/hectordelos1\/"}]}},"_links":{"self":[{"href":"https:\/\/www.puertocdelu.com.ar\/index.php\/wp-json\/wp\/v2\/posts\/1236","targetHints":{"allow":["GET"]}}],"collection":[{"href":"https:\/\/www.puertocdelu.com.ar\/index.php\/wp-json\/wp\/v2\/posts"}],"about":[{"href":"https:\/\/www.puertocdelu.com.ar\/index.php\/wp-json\/wp\/v2\/types\/post"}],"author":[{"embeddable":true,"href":"https:\/\/www.puertocdelu.com.ar\/index.php\/wp-json\/wp\/v2\/users\/1"}],"replies":[{"embeddable":true,"href":"https:\/\/www.puertocdelu.com.ar\/index.php\/wp-json\/wp\/v2\/comments?post=1236"}],"version-history":[{"count":2,"href":"https:\/\/www.puertocdelu.com.ar\/index.php\/wp-json\/wp\/v2\/posts\/1236\/revisions"}],"predecessor-version":[{"id":1239,"href":"https:\/\/www.puertocdelu.com.ar\/index.php\/wp-json\/wp\/v2\/posts\/1236\/revisions\/1239"}],"wp:featuredmedia":[{"embeddable":true,"href":"https:\/\/www.puertocdelu.com.ar\/index.php\/wp-json\/wp\/v2\/media\/1238"}],"wp:attachment":[{"href":"https:\/\/www.puertocdelu.com.ar\/index.php\/wp-json\/wp\/v2\/media?parent=1236"}],"wp:term":[{"taxonomy":"category","embeddable":true,"href":"https:\/\/www.puertocdelu.com.ar\/index.php\/wp-json\/wp\/v2\/categories?post=1236"},{"taxonomy":"post_tag","embeddable":true,"href":"https:\/\/www.puertocdelu.com.ar\/index.php\/wp-json\/wp\/v2\/tags?post=1236"}],"curies":[{"name":"wp","href":"https:\/\/api.w.org\/{rel}","templated":true}]}}