{"id":1240,"date":"2017-02-06T13:41:34","date_gmt":"2017-02-06T13:41:34","guid":{"rendered":"http:\/\/www.puertocdelu.com.ar\/?p=1240"},"modified":"2017-02-06T13:41:51","modified_gmt":"2017-02-06T13:41:51","slug":"el-ministro-schepens-califico-de-historico-el-embarque-de-carne-aviar-desde-concepcion-del-uruguay","status":"publish","type":"post","link":"https:\/\/www.puertocdelu.com.ar\/index.php\/2017\/02\/06\/el-ministro-schepens-califico-de-historico-el-embarque-de-carne-aviar-desde-concepcion-del-uruguay\/","title":{"rendered":"El Ministro Schepens calific\u00f3 de \u00abhist\u00f3rico\u00bb el embarque de carne aviar desde Concepci\u00f3n del Uruguay"},"content":{"rendered":"<p class=\"title\">Entre R\u00edos embarca a Per\u00fa y Nicaragua y carne de pollo a Sud\u00e1frica y China desde el puerto de Concepci\u00f3n del Uruguay. Se cargaron en contenedores 450 toneladas de arroz elaborado con destino a Per\u00fa y Nicaragua, y 220 toneladas de carne aviar con destino a Sud\u00e1frica y China.<\/p>\n<div class=\"herramientas\">\n<div class=\"interior-fecha\">\n<p>El ministro de Producci\u00f3n, Carlos Schepens, calific\u00f3 esta hecho como \u201chist\u00f3rico\u201d y detall\u00f3 que tras un \u201cembarque, realizado en diciembre como prueba piloto, hoy comenzamos a transitar un camino que permitir\u00e1 que otras econom\u00edas regionales comiencen a utilizar este puerto para enviar su producci\u00f3n a los mercados internaciones, mejorando su competitividad y generando empleo genuino en nuestra regi\u00f3n\u201d.<\/p>\n<p>Schepens record\u00f3 que \u201cEntre R\u00edos exporta el 55 por ciento de la carne aviar que se produce en Argentina, y por primera vez lo hace desde un puerto entrerriano\u201d. El funcionario destac\u00f3 la confianza y compromiso de las empresas que participaron de este embarque, que fueron los frigor\u00edficos Soych\u00fa, Las Camelias, Fepasa, Granja Tres Arroyos y Noelma. Tambi\u00e9n inform\u00f3 que en el pr\u00f3ximo embarque, programado para el 16 de febrero, se sumar\u00e1n Calisa del Grupo Motta, Domvil y Bonnin Hnos. Por su parte, la Cooperativa arrocera de San Salvador es la responsable del embarque de arroz con destino a Per\u00fa y Nicaragua.<\/p>\n<p>El intendente municipal, Jos\u00e9 Eduardo Lauritto, tambi\u00e9n estuvo presente en el puerto y destac\u00f3 la importancia el trabajo que se est\u00e1 haciendo en la Hidrov\u00eda del r\u00edo Uruguay y la necesidad del mantenimiento de la misma para hacer operativo el puerto, todo el a\u00f1o.<\/p>\n<p>La log\u00edstica previa demand\u00f3 casi un a\u00f1o de preparaci\u00f3n, ya que se necesitaron realizar las habilitaciones correspondientes para que las compa\u00f1\u00edas navieras volvieran a operar desde el puerto de Concepci\u00f3n del Uruguay, que es el \u00fanico que tiene capacidad de operar con contenedores en la provincia de Entre R\u00edos.<\/p>\n<p>Para lograr esta operaci\u00f3n la compa\u00f1\u00eda Hapag-Lloyd posicion\u00f3 los contenedores para cargas refrigeradas (Reefer). Tambi\u00e9n participaron las navieras CMA CGM S.A. y Nobleza, propietaria del buque portacontenedores \u201cLucero\u201d. Desde esta \u00faltima compa\u00f1\u00eda confirmaron que el pr\u00f3ximo 16 de febrero estar\u00e1n nuevamente cargando en el puerto de la ciudad hist\u00f3rica de Entre R\u00edos.<\/p>\n<\/div>\n<\/div>\n<div class=\"interior-fecha\"><\/div>\n<div class=\"interior-fecha\">Prensa \u2013 Ministerio de Producci\u00f3n<\/div>\n","protected":false},"excerpt":{"rendered":"<p>Entre R\u00edos embarca a Per\u00fa y Nicaragua y carne de pollo a Sud\u00e1frica y China desde el puerto de Concepci\u00f3n del Uruguay. Se cargaron en contenedores 450 toneladas de arroz elaborado con destino a Per\u00fa y Nicaragua, y 220 toneladas de carne aviar con destino a Sud\u00e1frica y China. El ministro de Producci\u00f3n, Carlos Schepens, [&hellip;]<\/p>\n","protected":false},"author":1,"featured_media":1241,"comment_status":"open","ping_status":"open","sticky":false,"template":"","format":"standard","meta":{"footnotes":""},"categories":[81],"tags":[],"class_list":{"0":"post-1240","1":"post","2":"type-post","3":"status-publish","4":"format-standard","5":"has-post-thumbnail","7":"category-noticias"},"yoast_head":"<!-- This site is optimized with the Yoast SEO plugin v27.4 - https:\/\/yoast.com\/product\/yoast-seo-wordpress\/ -->\n<title>El Ministro Schepens calific\u00f3 de &quot;hist\u00f3rico&quot; el embarque de carne aviar desde Concepci\u00f3n del Uruguay - Puerto de Concepci\u00f3n del Uruguay<\/title>\n<meta name=\"robots\" content=\"index, follow, max-snippet:-1, max-image-preview:large, max-video-preview:-1\" \/>\n<link rel=\"canonical\" href=\"https:\/\/www.puertocdelu.com.ar\/index.php\/2017\/02\/06\/el-ministro-schepens-califico-de-historico-el-embarque-de-carne-aviar-desde-concepcion-del-uruguay\/\" \/>\n<meta property=\"og:locale\" content=\"es_ES\" \/>\n<meta property=\"og:type\" content=\"article\" \/>\n<meta property=\"og:title\" content=\"El Ministro Schepens calific\u00f3 de &quot;hist\u00f3rico&quot; el embarque de carne aviar desde Concepci\u00f3n del Uruguay - Puerto de Concepci\u00f3n del Uruguay\" \/>\n<meta property=\"og:description\" content=\"Entre R\u00edos embarca a Per\u00fa y Nicaragua y carne de pollo a Sud\u00e1frica y China desde el puerto de Concepci\u00f3n del Uruguay. Se cargaron en contenedores 450 toneladas de arroz elaborado con destino a Per\u00fa y Nicaragua, y 220 toneladas de carne aviar con destino a Sud\u00e1frica y China. El ministro de Producci\u00f3n, Carlos Schepens, [&hellip;]\" \/>\n<meta property=\"og:url\" content=\"https:\/\/www.puertocdelu.com.ar\/index.php\/2017\/02\/06\/el-ministro-schepens-califico-de-historico-el-embarque-de-carne-aviar-desde-concepcion-del-uruguay\/\" \/>\n<meta property=\"og:site_name\" content=\"Puerto de Concepci\u00f3n del Uruguay\" \/>\n<meta property=\"article:published_time\" content=\"2017-02-06T13:41:34+00:00\" \/>\n<meta property=\"article:modified_time\" content=\"2017-02-06T13:41:51+00:00\" \/>\n<meta property=\"og:image\" content=\"https:\/\/www.puertocdelu.com.ar\/wp-content\/uploads\/2017\/02\/1486142724.jpg\" \/>\n\t<meta property=\"og:image:width\" content=\"1200\" \/>\n\t<meta property=\"og:image:height\" content=\"900\" \/>\n\t<meta property=\"og:image:type\" content=\"image\/jpeg\" \/>\n<meta name=\"author\" content=\"PuertoCdelU\" \/>\n<meta name=\"twitter:card\" content=\"summary_large_image\" \/>\n<meta name=\"twitter:label1\" content=\"Escrito por\" \/>\n\t<meta name=\"twitter:data1\" content=\"PuertoCdelU\" \/>\n\t<meta name=\"twitter:label2\" content=\"Tiempo de lectura\" \/>\n\t<meta name=\"twitter:data2\" content=\"2 minutos\" \/>\n<script type=\"application\/ld+json\" class=\"yoast-schema-graph\">{\"@context\":\"https:\\\/\\\/schema.org\",\"@graph\":[{\"@type\":\"Article\",\"@id\":\"https:\\\/\\\/www.puertocdelu.com.ar\\\/index.php\\\/2017\\\/02\\\/06\\\/el-ministro-schepens-califico-de-historico-el-embarque-de-carne-aviar-desde-concepcion-del-uruguay\\\/#article\",\"isPartOf\":{\"@id\":\"https:\\\/\\\/www.puertocdelu.com.ar\\\/index.php\\\/2017\\\/02\\\/06\\\/el-ministro-schepens-califico-de-historico-el-embarque-de-carne-aviar-desde-concepcion-del-uruguay\\\/\"},\"author\":{\"name\":\"PuertoCdelU\",\"@id\":\"https:\\\/\\\/www.puertocdelu.com.ar\\\/#\\\/schema\\\/person\\\/9d258b923b29bd5f47ca80d9c8cd72d1\"},\"headline\":\"El Ministro Schepens calific\u00f3 de \u00abhist\u00f3rico\u00bb el embarque de carne aviar desde Concepci\u00f3n del Uruguay\",\"datePublished\":\"2017-02-06T13:41:34+00:00\",\"dateModified\":\"2017-02-06T13:41:51+00:00\",\"mainEntityOfPage\":{\"@id\":\"https:\\\/\\\/www.puertocdelu.com.ar\\\/index.php\\\/2017\\\/02\\\/06\\\/el-ministro-schepens-califico-de-historico-el-embarque-de-carne-aviar-desde-concepcion-del-uruguay\\\/\"},\"wordCount\":404,\"commentCount\":0,\"image\":{\"@id\":\"https:\\\/\\\/www.puertocdelu.com.ar\\\/index.php\\\/2017\\\/02\\\/06\\\/el-ministro-schepens-califico-de-historico-el-embarque-de-carne-aviar-desde-concepcion-del-uruguay\\\/#primaryimage\"},\"thumbnailUrl\":\"https:\\\/\\\/www.puertocdelu.com.ar\\\/wp-content\\\/uploads\\\/2017\\\/02\\\/1486142724.jpg\",\"articleSection\":[\"Noticias\"],\"inLanguage\":\"es\",\"potentialAction\":[{\"@type\":\"CommentAction\",\"name\":\"Comment\",\"target\":[\"https:\\\/\\\/www.puertocdelu.com.ar\\\/index.php\\\/2017\\\/02\\\/06\\\/el-ministro-schepens-califico-de-historico-el-embarque-de-carne-aviar-desde-concepcion-del-uruguay\\\/#respond\"]}]},{\"@type\":\"WebPage\",\"@id\":\"https:\\\/\\\/www.puertocdelu.com.ar\\\/index.php\\\/2017\\\/02\\\/06\\\/el-ministro-schepens-califico-de-historico-el-embarque-de-carne-aviar-desde-concepcion-del-uruguay\\\/\",\"url\":\"https:\\\/\\\/www.puertocdelu.com.ar\\\/index.php\\\/2017\\\/02\\\/06\\\/el-ministro-schepens-califico-de-historico-el-embarque-de-carne-aviar-desde-concepcion-del-uruguay\\\/\",\"name\":\"El Ministro Schepens calific\u00f3 de \\\"hist\u00f3rico\\\" el embarque de carne aviar desde Concepci\u00f3n del Uruguay - Puerto de Concepci\u00f3n del Uruguay\",\"isPartOf\":{\"@id\":\"https:\\\/\\\/www.puertocdelu.com.ar\\\/#website\"},\"primaryImageOfPage\":{\"@id\":\"https:\\\/\\\/www.puertocdelu.com.ar\\\/index.php\\\/2017\\\/02\\\/06\\\/el-ministro-schepens-califico-de-historico-el-embarque-de-carne-aviar-desde-concepcion-del-uruguay\\\/#primaryimage\"},\"image\":{\"@id\":\"https:\\\/\\\/www.puertocdelu.com.ar\\\/index.php\\\/2017\\\/02\\\/06\\\/el-ministro-schepens-califico-de-historico-el-embarque-de-carne-aviar-desde-concepcion-del-uruguay\\\/#primaryimage\"},\"thumbnailUrl\":\"https:\\\/\\\/www.puertocdelu.com.ar\\\/wp-content\\\/uploads\\\/2017\\\/02\\\/1486142724.jpg\",\"datePublished\":\"2017-02-06T13:41:34+00:00\",\"dateModified\":\"2017-02-06T13:41:51+00:00\",\"author\":{\"@id\":\"https:\\\/\\\/www.puertocdelu.com.ar\\\/#\\\/schema\\\/person\\\/9d258b923b29bd5f47ca80d9c8cd72d1\"},\"breadcrumb\":{\"@id\":\"https:\\\/\\\/www.puertocdelu.com.ar\\\/index.php\\\/2017\\\/02\\\/06\\\/el-ministro-schepens-califico-de-historico-el-embarque-de-carne-aviar-desde-concepcion-del-uruguay\\\/#breadcrumb\"},\"inLanguage\":\"es\",\"potentialAction\":[{\"@type\":\"ReadAction\",\"target\":[\"https:\\\/\\\/www.puertocdelu.com.ar\\\/index.php\\\/2017\\\/02\\\/06\\\/el-ministro-schepens-califico-de-historico-el-embarque-de-carne-aviar-desde-concepcion-del-uruguay\\\/\"]}]},{\"@type\":\"ImageObject\",\"inLanguage\":\"es\",\"@id\":\"https:\\\/\\\/www.puertocdelu.com.ar\\\/index.php\\\/2017\\\/02\\\/06\\\/el-ministro-schepens-califico-de-historico-el-embarque-de-carne-aviar-desde-concepcion-del-uruguay\\\/#primaryimage\",\"url\":\"https:\\\/\\\/www.puertocdelu.com.ar\\\/wp-content\\\/uploads\\\/2017\\\/02\\\/1486142724.jpg\",\"contentUrl\":\"https:\\\/\\\/www.puertocdelu.com.ar\\\/wp-content\\\/uploads\\\/2017\\\/02\\\/1486142724.jpg\",\"width\":1200,\"height\":900},{\"@type\":\"BreadcrumbList\",\"@id\":\"https:\\\/\\\/www.puertocdelu.com.ar\\\/index.php\\\/2017\\\/02\\\/06\\\/el-ministro-schepens-califico-de-historico-el-embarque-de-carne-aviar-desde-concepcion-del-uruguay\\\/#breadcrumb\",\"itemListElement\":[{\"@type\":\"ListItem\",\"position\":1,\"name\":\"Portada\",\"item\":\"https:\\\/\\\/www.puertocdelu.com.ar\\\/\"},{\"@type\":\"ListItem\",\"position\":2,\"name\":\"El Ministro Schepens calific\u00f3 de \u00abhist\u00f3rico\u00bb el embarque de carne aviar desde Concepci\u00f3n del Uruguay\"}]},{\"@type\":\"WebSite\",\"@id\":\"https:\\\/\\\/www.puertocdelu.com.ar\\\/#website\",\"url\":\"https:\\\/\\\/www.puertocdelu.com.ar\\\/\",\"name\":\"Puerto de Concepci\u00f3n del Uruguay\",\"description\":\"\",\"potentialAction\":[{\"@type\":\"SearchAction\",\"target\":{\"@type\":\"EntryPoint\",\"urlTemplate\":\"https:\\\/\\\/www.puertocdelu.com.ar\\\/?s={search_term_string}\"},\"query-input\":{\"@type\":\"PropertyValueSpecification\",\"valueRequired\":true,\"valueName\":\"search_term_string\"}}],\"inLanguage\":\"es\"},{\"@type\":\"Person\",\"@id\":\"https:\\\/\\\/www.puertocdelu.com.ar\\\/#\\\/schema\\\/person\\\/9d258b923b29bd5f47ca80d9c8cd72d1\",\"name\":\"PuertoCdelU\",\"image\":{\"@type\":\"ImageObject\",\"inLanguage\":\"es\",\"@id\":\"https:\\\/\\\/secure.gravatar.com\\\/avatar\\\/99e38dea1727d397df18aced5ac6840012bb7f24c8570dcfafabb73086aed88c?s=96&d=mm&r=g\",\"url\":\"https:\\\/\\\/secure.gravatar.com\\\/avatar\\\/99e38dea1727d397df18aced5ac6840012bb7f24c8570dcfafabb73086aed88c?s=96&d=mm&r=g\",\"contentUrl\":\"https:\\\/\\\/secure.gravatar.com\\\/avatar\\\/99e38dea1727d397df18aced5ac6840012bb7f24c8570dcfafabb73086aed88c?s=96&d=mm&r=g\",\"caption\":\"PuertoCdelU\"},\"url\":\"https:\\\/\\\/www.puertocdelu.com.ar\\\/index.php\\\/author\\\/hectordelos1\\\/\"}]}<\/script>\n<!-- \/ Yoast SEO plugin. -->","yoast_head_json":{"title":"El Ministro Schepens calific\u00f3 de \"hist\u00f3rico\" el embarque de carne aviar desde Concepci\u00f3n del Uruguay - Puerto de Concepci\u00f3n del Uruguay","robots":{"index":"index","follow":"follow","max-snippet":"max-snippet:-1","max-image-preview":"max-image-preview:large","max-video-preview":"max-video-preview:-1"},"canonical":"https:\/\/www.puertocdelu.com.ar\/index.php\/2017\/02\/06\/el-ministro-schepens-califico-de-historico-el-embarque-de-carne-aviar-desde-concepcion-del-uruguay\/","og_locale":"es_ES","og_type":"article","og_title":"El Ministro Schepens calific\u00f3 de \"hist\u00f3rico\" el embarque de carne aviar desde Concepci\u00f3n del Uruguay - Puerto de Concepci\u00f3n del Uruguay","og_description":"Entre R\u00edos embarca a Per\u00fa y Nicaragua y carne de pollo a Sud\u00e1frica y China desde el puerto de Concepci\u00f3n del Uruguay. Se cargaron en contenedores 450 toneladas de arroz elaborado con destino a Per\u00fa y Nicaragua, y 220 toneladas de carne aviar con destino a Sud\u00e1frica y China. El ministro de Producci\u00f3n, Carlos Schepens, [&hellip;]","og_url":"https:\/\/www.puertocdelu.com.ar\/index.php\/2017\/02\/06\/el-ministro-schepens-califico-de-historico-el-embarque-de-carne-aviar-desde-concepcion-del-uruguay\/","og_site_name":"Puerto de Concepci\u00f3n del Uruguay","article_published_time":"2017-02-06T13:41:34+00:00","article_modified_time":"2017-02-06T13:41:51+00:00","og_image":[{"width":1200,"height":900,"url":"https:\/\/www.puertocdelu.com.ar\/wp-content\/uploads\/2017\/02\/1486142724.jpg","type":"image\/jpeg"}],"author":"PuertoCdelU","twitter_card":"summary_large_image","twitter_misc":{"Escrito por":"PuertoCdelU","Tiempo de lectura":"2 minutos"},"schema":{"@context":"https:\/\/schema.org","@graph":[{"@type":"Article","@id":"https:\/\/www.puertocdelu.com.ar\/index.php\/2017\/02\/06\/el-ministro-schepens-califico-de-historico-el-embarque-de-carne-aviar-desde-concepcion-del-uruguay\/#article","isPartOf":{"@id":"https:\/\/www.puertocdelu.com.ar\/index.php\/2017\/02\/06\/el-ministro-schepens-califico-de-historico-el-embarque-de-carne-aviar-desde-concepcion-del-uruguay\/"},"author":{"name":"PuertoCdelU","@id":"https:\/\/www.puertocdelu.com.ar\/#\/schema\/person\/9d258b923b29bd5f47ca80d9c8cd72d1"},"headline":"El Ministro Schepens calific\u00f3 de \u00abhist\u00f3rico\u00bb el embarque de carne aviar desde Concepci\u00f3n del Uruguay","datePublished":"2017-02-06T13:41:34+00:00","dateModified":"2017-02-06T13:41:51+00:00","mainEntityOfPage":{"@id":"https:\/\/www.puertocdelu.com.ar\/index.php\/2017\/02\/06\/el-ministro-schepens-califico-de-historico-el-embarque-de-carne-aviar-desde-concepcion-del-uruguay\/"},"wordCount":404,"commentCount":0,"image":{"@id":"https:\/\/www.puertocdelu.com.ar\/index.php\/2017\/02\/06\/el-ministro-schepens-califico-de-historico-el-embarque-de-carne-aviar-desde-concepcion-del-uruguay\/#primaryimage"},"thumbnailUrl":"https:\/\/www.puertocdelu.com.ar\/wp-content\/uploads\/2017\/02\/1486142724.jpg","articleSection":["Noticias"],"inLanguage":"es","potentialAction":[{"@type":"CommentAction","name":"Comment","target":["https:\/\/www.puertocdelu.com.ar\/index.php\/2017\/02\/06\/el-ministro-schepens-califico-de-historico-el-embarque-de-carne-aviar-desde-concepcion-del-uruguay\/#respond"]}]},{"@type":"WebPage","@id":"https:\/\/www.puertocdelu.com.ar\/index.php\/2017\/02\/06\/el-ministro-schepens-califico-de-historico-el-embarque-de-carne-aviar-desde-concepcion-del-uruguay\/","url":"https:\/\/www.puertocdelu.com.ar\/index.php\/2017\/02\/06\/el-ministro-schepens-califico-de-historico-el-embarque-de-carne-aviar-desde-concepcion-del-uruguay\/","name":"El Ministro Schepens calific\u00f3 de \"hist\u00f3rico\" el embarque de carne aviar desde Concepci\u00f3n del Uruguay - Puerto de Concepci\u00f3n del Uruguay","isPartOf":{"@id":"https:\/\/www.puertocdelu.com.ar\/#website"},"primaryImageOfPage":{"@id":"https:\/\/www.puertocdelu.com.ar\/index.php\/2017\/02\/06\/el-ministro-schepens-califico-de-historico-el-embarque-de-carne-aviar-desde-concepcion-del-uruguay\/#primaryimage"},"image":{"@id":"https:\/\/www.puertocdelu.com.ar\/index.php\/2017\/02\/06\/el-ministro-schepens-califico-de-historico-el-embarque-de-carne-aviar-desde-concepcion-del-uruguay\/#primaryimage"},"thumbnailUrl":"https:\/\/www.puertocdelu.com.ar\/wp-content\/uploads\/2017\/02\/1486142724.jpg","datePublished":"2017-02-06T13:41:34+00:00","dateModified":"2017-02-06T13:41:51+00:00","author":{"@id":"https:\/\/www.puertocdelu.com.ar\/#\/schema\/person\/9d258b923b29bd5f47ca80d9c8cd72d1"},"breadcrumb":{"@id":"https:\/\/www.puertocdelu.com.ar\/index.php\/2017\/02\/06\/el-ministro-schepens-califico-de-historico-el-embarque-de-carne-aviar-desde-concepcion-del-uruguay\/#breadcrumb"},"inLanguage":"es","potentialAction":[{"@type":"ReadAction","target":["https:\/\/www.puertocdelu.com.ar\/index.php\/2017\/02\/06\/el-ministro-schepens-califico-de-historico-el-embarque-de-carne-aviar-desde-concepcion-del-uruguay\/"]}]},{"@type":"ImageObject","inLanguage":"es","@id":"https:\/\/www.puertocdelu.com.ar\/index.php\/2017\/02\/06\/el-ministro-schepens-califico-de-historico-el-embarque-de-carne-aviar-desde-concepcion-del-uruguay\/#primaryimage","url":"https:\/\/www.puertocdelu.com.ar\/wp-content\/uploads\/2017\/02\/1486142724.jpg","contentUrl":"https:\/\/www.puertocdelu.com.ar\/wp-content\/uploads\/2017\/02\/1486142724.jpg","width":1200,"height":900},{"@type":"BreadcrumbList","@id":"https:\/\/www.puertocdelu.com.ar\/index.php\/2017\/02\/06\/el-ministro-schepens-califico-de-historico-el-embarque-de-carne-aviar-desde-concepcion-del-uruguay\/#breadcrumb","itemListElement":[{"@type":"ListItem","position":1,"name":"Portada","item":"https:\/\/www.puertocdelu.com.ar\/"},{"@type":"ListItem","position":2,"name":"El Ministro Schepens calific\u00f3 de \u00abhist\u00f3rico\u00bb el embarque de carne aviar desde Concepci\u00f3n del Uruguay"}]},{"@type":"WebSite","@id":"https:\/\/www.puertocdelu.com.ar\/#website","url":"https:\/\/www.puertocdelu.com.ar\/","name":"Puerto de Concepci\u00f3n del Uruguay","description":"","potentialAction":[{"@type":"SearchAction","target":{"@type":"EntryPoint","urlTemplate":"https:\/\/www.puertocdelu.com.ar\/?s={search_term_string}"},"query-input":{"@type":"PropertyValueSpecification","valueRequired":true,"valueName":"search_term_string"}}],"inLanguage":"es"},{"@type":"Person","@id":"https:\/\/www.puertocdelu.com.ar\/#\/schema\/person\/9d258b923b29bd5f47ca80d9c8cd72d1","name":"PuertoCdelU","image":{"@type":"ImageObject","inLanguage":"es","@id":"https:\/\/secure.gravatar.com\/avatar\/99e38dea1727d397df18aced5ac6840012bb7f24c8570dcfafabb73086aed88c?s=96&d=mm&r=g","url":"https:\/\/secure.gravatar.com\/avatar\/99e38dea1727d397df18aced5ac6840012bb7f24c8570dcfafabb73086aed88c?s=96&d=mm&r=g","contentUrl":"https:\/\/secure.gravatar.com\/avatar\/99e38dea1727d397df18aced5ac6840012bb7f24c8570dcfafabb73086aed88c?s=96&d=mm&r=g","caption":"PuertoCdelU"},"url":"https:\/\/www.puertocdelu.com.ar\/index.php\/author\/hectordelos1\/"}]}},"_links":{"self":[{"href":"https:\/\/www.puertocdelu.com.ar\/index.php\/wp-json\/wp\/v2\/posts\/1240","targetHints":{"allow":["GET"]}}],"collection":[{"href":"https:\/\/www.puertocdelu.com.ar\/index.php\/wp-json\/wp\/v2\/posts"}],"about":[{"href":"https:\/\/www.puertocdelu.com.ar\/index.php\/wp-json\/wp\/v2\/types\/post"}],"author":[{"embeddable":true,"href":"https:\/\/www.puertocdelu.com.ar\/index.php\/wp-json\/wp\/v2\/users\/1"}],"replies":[{"embeddable":true,"href":"https:\/\/www.puertocdelu.com.ar\/index.php\/wp-json\/wp\/v2\/comments?post=1240"}],"version-history":[{"count":2,"href":"https:\/\/www.puertocdelu.com.ar\/index.php\/wp-json\/wp\/v2\/posts\/1240\/revisions"}],"predecessor-version":[{"id":1243,"href":"https:\/\/www.puertocdelu.com.ar\/index.php\/wp-json\/wp\/v2\/posts\/1240\/revisions\/1243"}],"wp:featuredmedia":[{"embeddable":true,"href":"https:\/\/www.puertocdelu.com.ar\/index.php\/wp-json\/wp\/v2\/media\/1241"}],"wp:attachment":[{"href":"https:\/\/www.puertocdelu.com.ar\/index.php\/wp-json\/wp\/v2\/media?parent=1240"}],"wp:term":[{"taxonomy":"category","embeddable":true,"href":"https:\/\/www.puertocdelu.com.ar\/index.php\/wp-json\/wp\/v2\/categories?post=1240"},{"taxonomy":"post_tag","embeddable":true,"href":"https:\/\/www.puertocdelu.com.ar\/index.php\/wp-json\/wp\/v2\/tags?post=1240"}],"curies":[{"name":"wp","href":"https:\/\/api.w.org\/{rel}","templated":true}]}}