{"id":1248,"date":"2017-02-23T07:44:00","date_gmt":"2017-02-23T07:44:00","guid":{"rendered":"http:\/\/www.puertocdelu.com.ar\/?p=1248"},"modified":"2017-02-23T11:45:36","modified_gmt":"2017-02-23T11:45:36","slug":"se-conformo-la-mesa-pesquera-provincial","status":"publish","type":"post","link":"https:\/\/www.puertocdelu.com.ar\/index.php\/2017\/02\/23\/se-conformo-la-mesa-pesquera-provincial\/","title":{"rendered":"Se conform\u00f3 la Mesa pesquera provincial"},"content":{"rendered":"<p>El ministro de Producci\u00f3n, Carlos Schepens, presidi\u00f3 hoy la primera reuni\u00f3n de la Mesa pesquera, espacio in\u00e9dito en la provincia de Entre R\u00edos que re\u00fane a industriales, acopiadores, pescadores comerciales, adem\u00e1s de representantes de organismos estatales y de municipios con desarrollo de la actividad.<\/p>\n<p>Esta inicitiva del Ministerio tiene como objetivo la consolidaci\u00f3n\u00a0 de un \u00e1mbito propicio para el debate e\u00a0 intercambio respetuoso entre los actores de esta cadena. La intenci\u00f3n es convocarla peri\u00f3dicamente para que cada sector de la actividad pueda plantear los problemas que se suscitan en la conformaci\u00f3n de los precios, normativas existentes, competencia desleal y acuerdos con otras provincias, entre otros temas, con la participaci\u00f3n del estado como mediador y regulador de los conflictos.<\/p>\n<p>Esto da cuenta de un reconocimiento por parte del estado provincial a un sector que genera de 3 mil a 3.500 puestos de trabajo.<\/p>\n<p>En esta primera reuni\u00f3n,\u00a0 puntualmente, \u00a0se debati\u00f3 una postura unificada de la provincia\u00a0 para plantear al gobierno nacional respecto a los cupos de exportaci\u00f3n de las plantas frigor\u00edficas de la provincia. En este sentido,\u00a0 se logr\u00f3 el consenso de todos los participantes de la propuesta a presentar en la \u00a0reuni\u00f3n de la mesa continental en marzo pr\u00f3ximo, espacio donde se define el cupo exportable\u00a0 que le corresponde a cada provincia del total nacional.<\/p>\n<p>El otro punto trascendente tratado,\u00a0 fue\u00a0 establecer y definir la agenda de trabajo para la promoci\u00f3n de la oferta exportable de los productos de la pesca de r\u00edo en los mercados internacionales, medida sobre la que Entre R\u00edos jugar\u00e1 fuertemente.<\/p>\n<p>Al referirse al encuentro, el ministro de Producci\u00f3n, Carlos Schepens, celebr\u00f3 que \u201cpor primera vez en la provincia hemos logrado reunir a todos los actores de una cadena de valor que tiene singular importancia para nuestras localidades ribere\u00f1as. Sabemos la trascendencia y lo que genera la pesca comercial en Entre R\u00edos, por ello esta decisi\u00f3n de juntar a todos sus actores para trabajar mancomunadamente y con objetivos a corto, mediano y largo plazo podremos darle sustentabilidad y fortaleza\u201d<\/p>\n<p>\u201cTenemos la experiencia de otras cadenas que a partir de sentarse juntos a una misma mesa, han logrado sortear dificultades y poner las energ\u00edas en un mismo objetivo. Cuidar las buenas pr\u00e1cticas y respetando al recurso y al medio ambiente, son los otros aspectos en los que hoy estuvimos de acuerdo y nos permitir\u00e1 avanzar hacia otros logros\u201d, afirm\u00f3 el ministro.<\/p>\n<p>Por su parte, el director de Fiscalizaci\u00f3n, Juan Mansur se\u00f1al\u00f3, en una especie de anticipo a los t\u00f3picos de las futuras reuniones, que \u201cel gran tema es revertir \u00a0la gran informalidad que hay en el sector. Necesitamos, \u00a0a partir de un censo, \u00a0saber la cantidad de pescadores, \u00a0las necesidades concretas que tiene cada sector, \u00a0el problema concreto de cada eslab\u00f3n. \u00a0El frigor\u00edfico muchas veces tiene el problema de d\u00f3nde ubicar sus productos y c\u00f3mo logra avanzar en agregar mayor valor al pescado; \u00a0el acopiador o el pescador tienen dificultades en establecer precios, sobre todo \u00a0ahora que le han aumentado much\u00edsimo los costos de \u00a0la macroeconom\u00eda y los precios internacionales no aumentaron en concordancia con los precios nacionales. Eso ser\u00e1 una problem\u00e1tica a debatir en las pr\u00f3ximas reuniones\u201d.<\/p>\n<p>En tanto, el Coordinador de Pescadores del Ministerio de Producci\u00f3n, Pablo Gudi\u00f1o,\u00a0 destac\u00f3 que \u201cesta es una primera mesa que ha sido muy bienvenida y recibida por todos los sectores y que sienta\u00a0 un antecedente. Hoy asistimos a lo que ser\u00e1 un antes y un despu\u00e9s para la pesca comercial en la provincia\u201d.<\/p>\n<p>\u201cLo importante que tambi\u00e9n subyace en este tipo de reuniones es que los representantes de cada sector, nos vemos las caras. Entonces no puede haber duda de lo que se habla, de lo que se discute y de lo que se resuelve. Se transparentan todos los problemas\u201d, enfatiz\u00f3.<\/p>\n<p>Estuvieron presentes, adem\u00e1s de los funcionarios mencionados, el secretario de Producci\u00f3n Primaria, Mart\u00edn Barbieri; el subsecretario de Industria, Mario Acu\u00f1a; y el director de Relaciones Internacionales, Santiago Escales Migliore. Tambi\u00e9n estuvieron representantes de los municipios de Diamante, Victoria y Gualeguay.<\/p>\n<p>Por la industria frigor\u00edfica participaron las firmas Epuyen, River Fish y \u00a0Curimba, todos de Victoria, y \u00a0Lyon City (Pescanor) de Diamante, adem\u00e1s de Representantes de\u00a0pescadores y acopiadores de Victoria y Diamante.<\/p>\n<p>&nbsp;<\/p>\n<p>Algunos datos<\/p>\n<p>Del las 15 mil toneladas\u00a0 del producto de r\u00edo de agua dulce de Argentina que se exportan, alrededor de 8,5 mil toneladas de pescados salen de Entre R\u00edos, lo que indica la importancia de lo que se produce, se elabora y genera divisas y fuentes genuinas de trabajo para la provincia.<\/p>\n<p>Tambi\u00e9n hay que destacar que el puerto de Victoria es el puerto de pesca de agua dulce m\u00e1s importante y m\u00e1s desarrollado de Sudam\u00e9rica, o en otras palabras, no hay en Sudam\u00e9rica otra cuenca con el desarrollo industrial de la pesca que tiene Entre R\u00edos.<\/p>\n<p>&nbsp;<\/p>\n","protected":false},"excerpt":{"rendered":"<p>El ministro de Producci\u00f3n, Carlos Schepens, presidi\u00f3 hoy la primera reuni\u00f3n de la Mesa pesquera, espacio in\u00e9dito en la provincia de Entre R\u00edos que re\u00fane a industriales, acopiadores, pescadores comerciales, adem\u00e1s de representantes de organismos estatales y de municipios con desarrollo de la actividad. Esta inicitiva del Ministerio tiene como objetivo la consolidaci\u00f3n\u00a0 de un [&hellip;]<\/p>\n","protected":false},"author":1,"featured_media":1249,"comment_status":"open","ping_status":"open","sticky":false,"template":"","format":"standard","meta":{"footnotes":""},"categories":[81],"tags":[],"class_list":{"0":"post-1248","1":"post","2":"type-post","3":"status-publish","4":"format-standard","5":"has-post-thumbnail","7":"category-noticias"},"yoast_head":"<!-- This site is optimized with the Yoast SEO plugin v27.4 - https:\/\/yoast.com\/product\/yoast-seo-wordpress\/ -->\n<title>Se conform\u00f3 la Mesa pesquera provincial - Puerto de Concepci\u00f3n del Uruguay<\/title>\n<meta name=\"robots\" content=\"index, follow, max-snippet:-1, max-image-preview:large, max-video-preview:-1\" \/>\n<link rel=\"canonical\" href=\"https:\/\/www.puertocdelu.com.ar\/index.php\/2017\/02\/23\/se-conformo-la-mesa-pesquera-provincial\/\" \/>\n<meta property=\"og:locale\" content=\"es_ES\" \/>\n<meta property=\"og:type\" content=\"article\" \/>\n<meta property=\"og:title\" content=\"Se conform\u00f3 la Mesa pesquera provincial - Puerto de Concepci\u00f3n del Uruguay\" \/>\n<meta property=\"og:description\" content=\"El ministro de Producci\u00f3n, Carlos Schepens, presidi\u00f3 hoy la primera reuni\u00f3n de la Mesa pesquera, espacio in\u00e9dito en la provincia de Entre R\u00edos que re\u00fane a industriales, acopiadores, pescadores comerciales, adem\u00e1s de representantes de organismos estatales y de municipios con desarrollo de la actividad. Esta inicitiva del Ministerio tiene como objetivo la consolidaci\u00f3n\u00a0 de un [&hellip;]\" \/>\n<meta property=\"og:url\" content=\"https:\/\/www.puertocdelu.com.ar\/index.php\/2017\/02\/23\/se-conformo-la-mesa-pesquera-provincial\/\" \/>\n<meta property=\"og:site_name\" content=\"Puerto de Concepci\u00f3n del Uruguay\" \/>\n<meta property=\"article:published_time\" content=\"2017-02-23T07:44:00+00:00\" \/>\n<meta property=\"article:modified_time\" content=\"2017-02-23T11:45:36+00:00\" \/>\n<meta property=\"og:image\" content=\"https:\/\/www.puertocdelu.com.ar\/wp-content\/uploads\/2017\/02\/446_mesa-pesquera.jpg\" \/>\n\t<meta property=\"og:image:width\" content=\"984\" \/>\n\t<meta property=\"og:image:height\" content=\"592\" \/>\n\t<meta property=\"og:image:type\" content=\"image\/jpeg\" \/>\n<meta name=\"author\" content=\"PuertoCdelU\" \/>\n<meta name=\"twitter:card\" content=\"summary_large_image\" \/>\n<meta name=\"twitter:label1\" content=\"Escrito por\" \/>\n\t<meta name=\"twitter:data1\" content=\"PuertoCdelU\" \/>\n\t<meta name=\"twitter:label2\" content=\"Tiempo de lectura\" \/>\n\t<meta name=\"twitter:data2\" content=\"4 minutos\" \/>\n<script type=\"application\/ld+json\" class=\"yoast-schema-graph\">{\"@context\":\"https:\\\/\\\/schema.org\",\"@graph\":[{\"@type\":\"Article\",\"@id\":\"https:\\\/\\\/www.puertocdelu.com.ar\\\/index.php\\\/2017\\\/02\\\/23\\\/se-conformo-la-mesa-pesquera-provincial\\\/#article\",\"isPartOf\":{\"@id\":\"https:\\\/\\\/www.puertocdelu.com.ar\\\/index.php\\\/2017\\\/02\\\/23\\\/se-conformo-la-mesa-pesquera-provincial\\\/\"},\"author\":{\"name\":\"PuertoCdelU\",\"@id\":\"https:\\\/\\\/www.puertocdelu.com.ar\\\/#\\\/schema\\\/person\\\/9d258b923b29bd5f47ca80d9c8cd72d1\"},\"headline\":\"Se conform\u00f3 la Mesa pesquera provincial\",\"datePublished\":\"2017-02-23T07:44:00+00:00\",\"dateModified\":\"2017-02-23T11:45:36+00:00\",\"mainEntityOfPage\":{\"@id\":\"https:\\\/\\\/www.puertocdelu.com.ar\\\/index.php\\\/2017\\\/02\\\/23\\\/se-conformo-la-mesa-pesquera-provincial\\\/\"},\"wordCount\":851,\"commentCount\":0,\"image\":{\"@id\":\"https:\\\/\\\/www.puertocdelu.com.ar\\\/index.php\\\/2017\\\/02\\\/23\\\/se-conformo-la-mesa-pesquera-provincial\\\/#primaryimage\"},\"thumbnailUrl\":\"https:\\\/\\\/www.puertocdelu.com.ar\\\/wp-content\\\/uploads\\\/2017\\\/02\\\/446_mesa-pesquera.jpg\",\"articleSection\":[\"Noticias\"],\"inLanguage\":\"es\",\"potentialAction\":[{\"@type\":\"CommentAction\",\"name\":\"Comment\",\"target\":[\"https:\\\/\\\/www.puertocdelu.com.ar\\\/index.php\\\/2017\\\/02\\\/23\\\/se-conformo-la-mesa-pesquera-provincial\\\/#respond\"]}]},{\"@type\":\"WebPage\",\"@id\":\"https:\\\/\\\/www.puertocdelu.com.ar\\\/index.php\\\/2017\\\/02\\\/23\\\/se-conformo-la-mesa-pesquera-provincial\\\/\",\"url\":\"https:\\\/\\\/www.puertocdelu.com.ar\\\/index.php\\\/2017\\\/02\\\/23\\\/se-conformo-la-mesa-pesquera-provincial\\\/\",\"name\":\"Se conform\u00f3 la Mesa pesquera provincial - Puerto de Concepci\u00f3n del Uruguay\",\"isPartOf\":{\"@id\":\"https:\\\/\\\/www.puertocdelu.com.ar\\\/#website\"},\"primaryImageOfPage\":{\"@id\":\"https:\\\/\\\/www.puertocdelu.com.ar\\\/index.php\\\/2017\\\/02\\\/23\\\/se-conformo-la-mesa-pesquera-provincial\\\/#primaryimage\"},\"image\":{\"@id\":\"https:\\\/\\\/www.puertocdelu.com.ar\\\/index.php\\\/2017\\\/02\\\/23\\\/se-conformo-la-mesa-pesquera-provincial\\\/#primaryimage\"},\"thumbnailUrl\":\"https:\\\/\\\/www.puertocdelu.com.ar\\\/wp-content\\\/uploads\\\/2017\\\/02\\\/446_mesa-pesquera.jpg\",\"datePublished\":\"2017-02-23T07:44:00+00:00\",\"dateModified\":\"2017-02-23T11:45:36+00:00\",\"author\":{\"@id\":\"https:\\\/\\\/www.puertocdelu.com.ar\\\/#\\\/schema\\\/person\\\/9d258b923b29bd5f47ca80d9c8cd72d1\"},\"breadcrumb\":{\"@id\":\"https:\\\/\\\/www.puertocdelu.com.ar\\\/index.php\\\/2017\\\/02\\\/23\\\/se-conformo-la-mesa-pesquera-provincial\\\/#breadcrumb\"},\"inLanguage\":\"es\",\"potentialAction\":[{\"@type\":\"ReadAction\",\"target\":[\"https:\\\/\\\/www.puertocdelu.com.ar\\\/index.php\\\/2017\\\/02\\\/23\\\/se-conformo-la-mesa-pesquera-provincial\\\/\"]}]},{\"@type\":\"ImageObject\",\"inLanguage\":\"es\",\"@id\":\"https:\\\/\\\/www.puertocdelu.com.ar\\\/index.php\\\/2017\\\/02\\\/23\\\/se-conformo-la-mesa-pesquera-provincial\\\/#primaryimage\",\"url\":\"https:\\\/\\\/www.puertocdelu.com.ar\\\/wp-content\\\/uploads\\\/2017\\\/02\\\/446_mesa-pesquera.jpg\",\"contentUrl\":\"https:\\\/\\\/www.puertocdelu.com.ar\\\/wp-content\\\/uploads\\\/2017\\\/02\\\/446_mesa-pesquera.jpg\",\"width\":984,\"height\":592},{\"@type\":\"BreadcrumbList\",\"@id\":\"https:\\\/\\\/www.puertocdelu.com.ar\\\/index.php\\\/2017\\\/02\\\/23\\\/se-conformo-la-mesa-pesquera-provincial\\\/#breadcrumb\",\"itemListElement\":[{\"@type\":\"ListItem\",\"position\":1,\"name\":\"Portada\",\"item\":\"https:\\\/\\\/www.puertocdelu.com.ar\\\/\"},{\"@type\":\"ListItem\",\"position\":2,\"name\":\"Se conform\u00f3 la Mesa pesquera provincial\"}]},{\"@type\":\"WebSite\",\"@id\":\"https:\\\/\\\/www.puertocdelu.com.ar\\\/#website\",\"url\":\"https:\\\/\\\/www.puertocdelu.com.ar\\\/\",\"name\":\"Puerto de Concepci\u00f3n del Uruguay\",\"description\":\"\",\"potentialAction\":[{\"@type\":\"SearchAction\",\"target\":{\"@type\":\"EntryPoint\",\"urlTemplate\":\"https:\\\/\\\/www.puertocdelu.com.ar\\\/?s={search_term_string}\"},\"query-input\":{\"@type\":\"PropertyValueSpecification\",\"valueRequired\":true,\"valueName\":\"search_term_string\"}}],\"inLanguage\":\"es\"},{\"@type\":\"Person\",\"@id\":\"https:\\\/\\\/www.puertocdelu.com.ar\\\/#\\\/schema\\\/person\\\/9d258b923b29bd5f47ca80d9c8cd72d1\",\"name\":\"PuertoCdelU\",\"image\":{\"@type\":\"ImageObject\",\"inLanguage\":\"es\",\"@id\":\"https:\\\/\\\/secure.gravatar.com\\\/avatar\\\/99e38dea1727d397df18aced5ac6840012bb7f24c8570dcfafabb73086aed88c?s=96&d=mm&r=g\",\"url\":\"https:\\\/\\\/secure.gravatar.com\\\/avatar\\\/99e38dea1727d397df18aced5ac6840012bb7f24c8570dcfafabb73086aed88c?s=96&d=mm&r=g\",\"contentUrl\":\"https:\\\/\\\/secure.gravatar.com\\\/avatar\\\/99e38dea1727d397df18aced5ac6840012bb7f24c8570dcfafabb73086aed88c?s=96&d=mm&r=g\",\"caption\":\"PuertoCdelU\"},\"url\":\"https:\\\/\\\/www.puertocdelu.com.ar\\\/index.php\\\/author\\\/hectordelos1\\\/\"}]}<\/script>\n<!-- \/ Yoast SEO plugin. -->","yoast_head_json":{"title":"Se conform\u00f3 la Mesa pesquera provincial - Puerto de Concepci\u00f3n del Uruguay","robots":{"index":"index","follow":"follow","max-snippet":"max-snippet:-1","max-image-preview":"max-image-preview:large","max-video-preview":"max-video-preview:-1"},"canonical":"https:\/\/www.puertocdelu.com.ar\/index.php\/2017\/02\/23\/se-conformo-la-mesa-pesquera-provincial\/","og_locale":"es_ES","og_type":"article","og_title":"Se conform\u00f3 la Mesa pesquera provincial - Puerto de Concepci\u00f3n del Uruguay","og_description":"El ministro de Producci\u00f3n, Carlos Schepens, presidi\u00f3 hoy la primera reuni\u00f3n de la Mesa pesquera, espacio in\u00e9dito en la provincia de Entre R\u00edos que re\u00fane a industriales, acopiadores, pescadores comerciales, adem\u00e1s de representantes de organismos estatales y de municipios con desarrollo de la actividad. Esta inicitiva del Ministerio tiene como objetivo la consolidaci\u00f3n\u00a0 de un [&hellip;]","og_url":"https:\/\/www.puertocdelu.com.ar\/index.php\/2017\/02\/23\/se-conformo-la-mesa-pesquera-provincial\/","og_site_name":"Puerto de Concepci\u00f3n del Uruguay","article_published_time":"2017-02-23T07:44:00+00:00","article_modified_time":"2017-02-23T11:45:36+00:00","og_image":[{"width":984,"height":592,"url":"https:\/\/www.puertocdelu.com.ar\/wp-content\/uploads\/2017\/02\/446_mesa-pesquera.jpg","type":"image\/jpeg"}],"author":"PuertoCdelU","twitter_card":"summary_large_image","twitter_misc":{"Escrito por":"PuertoCdelU","Tiempo de lectura":"4 minutos"},"schema":{"@context":"https:\/\/schema.org","@graph":[{"@type":"Article","@id":"https:\/\/www.puertocdelu.com.ar\/index.php\/2017\/02\/23\/se-conformo-la-mesa-pesquera-provincial\/#article","isPartOf":{"@id":"https:\/\/www.puertocdelu.com.ar\/index.php\/2017\/02\/23\/se-conformo-la-mesa-pesquera-provincial\/"},"author":{"name":"PuertoCdelU","@id":"https:\/\/www.puertocdelu.com.ar\/#\/schema\/person\/9d258b923b29bd5f47ca80d9c8cd72d1"},"headline":"Se conform\u00f3 la Mesa pesquera provincial","datePublished":"2017-02-23T07:44:00+00:00","dateModified":"2017-02-23T11:45:36+00:00","mainEntityOfPage":{"@id":"https:\/\/www.puertocdelu.com.ar\/index.php\/2017\/02\/23\/se-conformo-la-mesa-pesquera-provincial\/"},"wordCount":851,"commentCount":0,"image":{"@id":"https:\/\/www.puertocdelu.com.ar\/index.php\/2017\/02\/23\/se-conformo-la-mesa-pesquera-provincial\/#primaryimage"},"thumbnailUrl":"https:\/\/www.puertocdelu.com.ar\/wp-content\/uploads\/2017\/02\/446_mesa-pesquera.jpg","articleSection":["Noticias"],"inLanguage":"es","potentialAction":[{"@type":"CommentAction","name":"Comment","target":["https:\/\/www.puertocdelu.com.ar\/index.php\/2017\/02\/23\/se-conformo-la-mesa-pesquera-provincial\/#respond"]}]},{"@type":"WebPage","@id":"https:\/\/www.puertocdelu.com.ar\/index.php\/2017\/02\/23\/se-conformo-la-mesa-pesquera-provincial\/","url":"https:\/\/www.puertocdelu.com.ar\/index.php\/2017\/02\/23\/se-conformo-la-mesa-pesquera-provincial\/","name":"Se conform\u00f3 la Mesa pesquera provincial - Puerto de Concepci\u00f3n del Uruguay","isPartOf":{"@id":"https:\/\/www.puertocdelu.com.ar\/#website"},"primaryImageOfPage":{"@id":"https:\/\/www.puertocdelu.com.ar\/index.php\/2017\/02\/23\/se-conformo-la-mesa-pesquera-provincial\/#primaryimage"},"image":{"@id":"https:\/\/www.puertocdelu.com.ar\/index.php\/2017\/02\/23\/se-conformo-la-mesa-pesquera-provincial\/#primaryimage"},"thumbnailUrl":"https:\/\/www.puertocdelu.com.ar\/wp-content\/uploads\/2017\/02\/446_mesa-pesquera.jpg","datePublished":"2017-02-23T07:44:00+00:00","dateModified":"2017-02-23T11:45:36+00:00","author":{"@id":"https:\/\/www.puertocdelu.com.ar\/#\/schema\/person\/9d258b923b29bd5f47ca80d9c8cd72d1"},"breadcrumb":{"@id":"https:\/\/www.puertocdelu.com.ar\/index.php\/2017\/02\/23\/se-conformo-la-mesa-pesquera-provincial\/#breadcrumb"},"inLanguage":"es","potentialAction":[{"@type":"ReadAction","target":["https:\/\/www.puertocdelu.com.ar\/index.php\/2017\/02\/23\/se-conformo-la-mesa-pesquera-provincial\/"]}]},{"@type":"ImageObject","inLanguage":"es","@id":"https:\/\/www.puertocdelu.com.ar\/index.php\/2017\/02\/23\/se-conformo-la-mesa-pesquera-provincial\/#primaryimage","url":"https:\/\/www.puertocdelu.com.ar\/wp-content\/uploads\/2017\/02\/446_mesa-pesquera.jpg","contentUrl":"https:\/\/www.puertocdelu.com.ar\/wp-content\/uploads\/2017\/02\/446_mesa-pesquera.jpg","width":984,"height":592},{"@type":"BreadcrumbList","@id":"https:\/\/www.puertocdelu.com.ar\/index.php\/2017\/02\/23\/se-conformo-la-mesa-pesquera-provincial\/#breadcrumb","itemListElement":[{"@type":"ListItem","position":1,"name":"Portada","item":"https:\/\/www.puertocdelu.com.ar\/"},{"@type":"ListItem","position":2,"name":"Se conform\u00f3 la Mesa pesquera provincial"}]},{"@type":"WebSite","@id":"https:\/\/www.puertocdelu.com.ar\/#website","url":"https:\/\/www.puertocdelu.com.ar\/","name":"Puerto de Concepci\u00f3n del Uruguay","description":"","potentialAction":[{"@type":"SearchAction","target":{"@type":"EntryPoint","urlTemplate":"https:\/\/www.puertocdelu.com.ar\/?s={search_term_string}"},"query-input":{"@type":"PropertyValueSpecification","valueRequired":true,"valueName":"search_term_string"}}],"inLanguage":"es"},{"@type":"Person","@id":"https:\/\/www.puertocdelu.com.ar\/#\/schema\/person\/9d258b923b29bd5f47ca80d9c8cd72d1","name":"PuertoCdelU","image":{"@type":"ImageObject","inLanguage":"es","@id":"https:\/\/secure.gravatar.com\/avatar\/99e38dea1727d397df18aced5ac6840012bb7f24c8570dcfafabb73086aed88c?s=96&d=mm&r=g","url":"https:\/\/secure.gravatar.com\/avatar\/99e38dea1727d397df18aced5ac6840012bb7f24c8570dcfafabb73086aed88c?s=96&d=mm&r=g","contentUrl":"https:\/\/secure.gravatar.com\/avatar\/99e38dea1727d397df18aced5ac6840012bb7f24c8570dcfafabb73086aed88c?s=96&d=mm&r=g","caption":"PuertoCdelU"},"url":"https:\/\/www.puertocdelu.com.ar\/index.php\/author\/hectordelos1\/"}]}},"_links":{"self":[{"href":"https:\/\/www.puertocdelu.com.ar\/index.php\/wp-json\/wp\/v2\/posts\/1248","targetHints":{"allow":["GET"]}}],"collection":[{"href":"https:\/\/www.puertocdelu.com.ar\/index.php\/wp-json\/wp\/v2\/posts"}],"about":[{"href":"https:\/\/www.puertocdelu.com.ar\/index.php\/wp-json\/wp\/v2\/types\/post"}],"author":[{"embeddable":true,"href":"https:\/\/www.puertocdelu.com.ar\/index.php\/wp-json\/wp\/v2\/users\/1"}],"replies":[{"embeddable":true,"href":"https:\/\/www.puertocdelu.com.ar\/index.php\/wp-json\/wp\/v2\/comments?post=1248"}],"version-history":[{"count":1,"href":"https:\/\/www.puertocdelu.com.ar\/index.php\/wp-json\/wp\/v2\/posts\/1248\/revisions"}],"predecessor-version":[{"id":1250,"href":"https:\/\/www.puertocdelu.com.ar\/index.php\/wp-json\/wp\/v2\/posts\/1248\/revisions\/1250"}],"wp:featuredmedia":[{"embeddable":true,"href":"https:\/\/www.puertocdelu.com.ar\/index.php\/wp-json\/wp\/v2\/media\/1249"}],"wp:attachment":[{"href":"https:\/\/www.puertocdelu.com.ar\/index.php\/wp-json\/wp\/v2\/media?parent=1248"}],"wp:term":[{"taxonomy":"category","embeddable":true,"href":"https:\/\/www.puertocdelu.com.ar\/index.php\/wp-json\/wp\/v2\/categories?post=1248"},{"taxonomy":"post_tag","embeddable":true,"href":"https:\/\/www.puertocdelu.com.ar\/index.php\/wp-json\/wp\/v2\/tags?post=1248"}],"curies":[{"name":"wp","href":"https:\/\/api.w.org\/{rel}","templated":true}]}}