{"id":1283,"date":"2017-04-19T20:28:36","date_gmt":"2017-04-19T20:28:36","guid":{"rendered":"http:\/\/www.puertocdelu.com.ar\/?p=1283"},"modified":"2017-04-20T00:51:14","modified_gmt":"2017-04-20T00:51:14","slug":"sesiona-en-concepcion-del-uruguay-el-consejo-federal-portuario","status":"publish","type":"post","link":"https:\/\/www.puertocdelu.com.ar\/index.php\/2017\/04\/19\/sesiona-en-concepcion-del-uruguay-el-consejo-federal-portuario\/","title":{"rendered":"Concepci\u00f3n del Uruguay recibi\u00f3 al Consejo Federal Portuario"},"content":{"rendered":"<p>Concepci\u00f3n del Uruguay fue sede de la sesi\u00f3n del Consejo Federal Portuario, presidido por el subsecretario de Puertos y V\u00edas Navegables de la Naci\u00f3n, Jorge Metz, quien encabez\u00f3 la actividad junto al ministro de Producci\u00f3n, Carlos Schepens; el presidente del Instituto Argentino de Transporte, Juan Pablo \u00c1lvarez Echag\u00fce; y los presidentes de los entes portuarios provincial y local, Leonardo Cabrera y Leticia Braslavsky, respectivamente, adem\u00e1s de las autoridades locales encabezadas por el viceintendente, Mart\u00edn Oliva.<\/p>\n<p><a href=\"https:\/\/www.puertocdelu.com.ar\/wp-content\/uploads\/2017\/04\/Consejo-Federal-Portuario-6.jpg\"><img loading=\"lazy\" decoding=\"async\" class=\"alignright wp-image-1290 size-medium\" src=\"https:\/\/www.puertocdelu.com.ar\/wp-content\/uploads\/2017\/04\/Consejo-Federal-Portuario-6-300x233.jpg\" alt=\"\" width=\"300\" height=\"233\" srcset=\"https:\/\/www.puertocdelu.com.ar\/wp-content\/uploads\/2017\/04\/Consejo-Federal-Portuario-6-300x233.jpg 300w, https:\/\/www.puertocdelu.com.ar\/wp-content\/uploads\/2017\/04\/Consejo-Federal-Portuario-6-768x596.jpg 768w, https:\/\/www.puertocdelu.com.ar\/wp-content\/uploads\/2017\/04\/Consejo-Federal-Portuario-6-1024x795.jpg 1024w, https:\/\/www.puertocdelu.com.ar\/wp-content\/uploads\/2017\/04\/Consejo-Federal-Portuario-6-696x540.jpg 696w, https:\/\/www.puertocdelu.com.ar\/wp-content\/uploads\/2017\/04\/Consejo-Federal-Portuario-6-1068x829.jpg 1068w, https:\/\/www.puertocdelu.com.ar\/wp-content\/uploads\/2017\/04\/Consejo-Federal-Portuario-6-541x420.jpg 541w, https:\/\/www.puertocdelu.com.ar\/wp-content\/uploads\/2017\/04\/Consejo-Federal-Portuario-6.jpg 1299w\" sizes=\"auto, (max-width: 300px) 100vw, 300px\" \/><\/a>El ministro de Producci\u00f3n, Carlos Schepens, y el presidente del Instituto Portuario Provincial (Ipper), Leonardo Cabrera, fueron designados por el gobernador Gustavo Bordet para representar a Entre R\u00edos en este encuentro, que ser\u00e1 el quinto desde que el organismo fuera creado en 2016.<\/p>\n<p>&nbsp;<\/p>\n<p><strong>Entre R\u00edos portuaria<\/strong><\/p>\n<p>Por su parte, el Ministro de Producci\u00f3n Carlos Schepens valor\u00f3 este espacio de intercambio como un \u00e1mbito que puede ayudar a definir pol\u00edticas en el futuro y brind\u00f3 un panorama del estado de situaci\u00f3n y los trabajos realizados en cada uno de los puertos.<br \/>\nAs\u00ed explic\u00f3 que Diamante, con el aporte privado comprometido recientemente, estar\u00e1 en condiciones para comercializar, y destac\u00f3 su capacidad 50 mil toneladas de almacenaje y con actores importantes participando en el comercio de granos.<br \/>\nAl hablar de Ibicuy, indic\u00f3 que est\u00e1 limpi\u00e1ndose el lecho y analiz\u00f3 que, por su ubicaci\u00f3n geogr\u00e1fica y su densidad de poblaci\u00f3n, puede constituirse en un puerto de transferencia de cargas. \u201cCreemos que brinda todas las oportunidad para que, con creatividad, podr\u00e1n imaginarse nuevos negocios y tambi\u00e9n podr\u00e1n imaginar obras de infraestructura originales\u201d, sostuvo.<br \/>\n<a href=\"https:\/\/www.puertocdelu.com.ar\/wp-content\/uploads\/2017\/04\/P1160636.jpg\"><img loading=\"lazy\" decoding=\"async\" class=\"alignright wp-image-1294 size-medium\" src=\"https:\/\/www.puertocdelu.com.ar\/wp-content\/uploads\/2017\/04\/P1160636-300x225.jpg\" alt=\"\" width=\"300\" height=\"225\" srcset=\"https:\/\/www.puertocdelu.com.ar\/wp-content\/uploads\/2017\/04\/P1160636-300x225.jpg 300w, https:\/\/www.puertocdelu.com.ar\/wp-content\/uploads\/2017\/04\/P1160636-80x60.jpg 80w, https:\/\/www.puertocdelu.com.ar\/wp-content\/uploads\/2017\/04\/P1160636-265x198.jpg 265w, https:\/\/www.puertocdelu.com.ar\/wp-content\/uploads\/2017\/04\/P1160636.jpg 650w, https:\/\/www.puertocdelu.com.ar\/wp-content\/uploads\/2017\/04\/P1160636-559x420.jpg 559w\" sizes=\"auto, (max-width: 300px) 100vw, 300px\" \/><\/a>Respecto a Concepci\u00f3n del Uruguay, record\u00f3 que est\u00e1 por adjudicarse la licitaci\u00f3n para dragado y mantenimiento. \u201cEste punto del mantenimiento es trascendente pues nos posibilita pensar en su continuidad y constituirse en el tramo final del transporte multimodal tanto del ferrocarril, como del cami\u00f3n\u201d, detall\u00f3.<br \/>\n\u201cNo podemos ser nost\u00e1lgicos y doloridos por los 100 barcos que tuvimos alguna vez. Estamos en marcha con el transporte de contenedores y vamos a hacer el esfuerzo para mantener los flujos de tr\u00e1fico, lograr que se embarquen otros productos y seguir generando el trabajo genuino\u201d.<br \/>\nPor \u00faltimo, el ministro reflexion\u00f3: \u201cSomos muy eficientes productores de cereales, oleaginosas, de alimentos. Fuimos bendecidos con la riqueza de nuestra tierra, pero estamos del otro lado del mundo. Solo con ideas, trabajo y competitividad, podremos ser competitivos y seguir consiguiendo productos que alimenten al mundo\u201d.<br \/>\nFinalmente, se dirigi\u00f3 a los presentes el Subsecretario de Puertos y V\u00edas Navegables de Naci\u00f3n y presidente del CFPort, Jorge Metz, quien destac\u00f3 que en tan poco tiempo se hayan organizado cinco reuniones del Consejo, \u201clo que demuestra el compromiso de los gobiernos de darle un sentido al tema portuario porque adem\u00e1s, este Consejo est\u00e1 constituido por gente muy id\u00f3nea y muy honesta\u201d.<br \/>\n\u201cTenemos puertos y un sistema vial que fue pensado y desarrollado hace mucho tiempo y sin embargo hoy los seguimos usando, lo que es una prueba de que existi\u00f3 una generaci\u00f3n que se anim\u00f3 a pensar y planificar lo que iba a pasar para los siguientes 100 a\u00f1os. Es la infraestructura que tenemos hasta hoy y que evidentemente fue muy buena\u201d.<br \/>\n\u201cHay consenso con los gobernadores para vincular el transporte en todos sus modos y hubo decisi\u00f3n pol\u00edtica y claridad para saber hacia d\u00f3nde vamos, observar lo que la sociedad necesita y trazar los objetivos\u201d.<br \/>\nLuego del Acto, los participantes hicieron una recorrida por el puerto de Concepci\u00f2n del Uruguay para luego abordar los temas previstos en la agenda de la asamblea.<\/p>\n<h2>Pedido por el ex Ministerio<\/h2>\n<p><a href=\"https:\/\/www.puertocdelu.com.ar\/wp-content\/uploads\/2017\/04\/02.jpg\"><img loading=\"lazy\" decoding=\"async\" class=\"aligncenter size-full wp-image-1291\" src=\"https:\/\/www.puertocdelu.com.ar\/wp-content\/uploads\/2017\/04\/02.jpg\" alt=\"\" width=\"984\" height=\"664\" srcset=\"https:\/\/www.puertocdelu.com.ar\/wp-content\/uploads\/2017\/04\/02.jpg 984w, https:\/\/www.puertocdelu.com.ar\/wp-content\/uploads\/2017\/04\/02-300x202.jpg 300w, https:\/\/www.puertocdelu.com.ar\/wp-content\/uploads\/2017\/04\/02-768x518.jpg 768w, https:\/\/www.puertocdelu.com.ar\/wp-content\/uploads\/2017\/04\/02-696x470.jpg 696w, https:\/\/www.puertocdelu.com.ar\/wp-content\/uploads\/2017\/04\/02-622x420.jpg 622w\" sizes=\"auto, (max-width: 984px) 100vw, 984px\" \/><\/a><\/p>\n<p>El Viceintendente Mart\u00edn Oliva,a compa\u00f1ado por funcionarios y concejales entreg\u00f3 al Subsecretario de V\u00edas Navegables una nota en nombre del pueblo y gobierno de Concepci\u00f3n del Uruguay donde se solicita restituir en nuestra ciudad el funcionamiento de lo que otrora fuera el Ministerio de Obras P\u00fablicas, y donde actualmente funciona una delegaci\u00f3n de la Direcci\u00f3n Nacional de V\u00edas Navegables. \u201cPoner en valor esta instituci\u00f3n permitir\u00e1 se\u00f1alizar la v\u00eda fluvial del r\u00edo Uruguay como complemento imprescindible del dragado y mantener operativo un puerto fluvial de relevancia para el pa\u00eds\u201d, se\u00f1al\u00f3 Mart\u00edn Oliva en la entrega del petitorio.<\/p>\n<p>Luego del acto inaugural, la actividad continu\u00f3 con una recorrida por las instalaciones portuarias y, posteriormente, se desarrollaron las deliberaciones hasta las \u00faltimas horas de la tarde en el Centro Comercial, Industrial y de la Producci\u00f3n (Cecom).<\/p>\n<p>&nbsp;<\/p>\n","protected":false},"excerpt":{"rendered":"<p>Concepci\u00f3n del Uruguay fue sede de la sesi\u00f3n del Consejo Federal Portuario, presidido por el subsecretario de Puertos y V\u00edas Navegables de la Naci\u00f3n, Jorge Metz, quien encabez\u00f3 la actividad junto al ministro de Producci\u00f3n, Carlos Schepens; el presidente del Instituto Argentino de Transporte, Juan Pablo \u00c1lvarez Echag\u00fce; y los presidentes de los entes portuarios [&hellip;]<\/p>\n","protected":false},"author":1,"featured_media":1289,"comment_status":"open","ping_status":"open","sticky":false,"template":"","format":"standard","meta":{"footnotes":""},"categories":[81],"tags":[],"class_list":{"0":"post-1283","1":"post","2":"type-post","3":"status-publish","4":"format-standard","5":"has-post-thumbnail","7":"category-noticias"},"yoast_head":"<!-- This site is optimized with the Yoast SEO plugin v27.4 - https:\/\/yoast.com\/product\/yoast-seo-wordpress\/ -->\n<title>Concepci\u00f3n del Uruguay recibi\u00f3 al Consejo Federal Portuario - Puerto de Concepci\u00f3n del Uruguay<\/title>\n<meta name=\"robots\" content=\"index, follow, max-snippet:-1, max-image-preview:large, max-video-preview:-1\" \/>\n<link rel=\"canonical\" href=\"https:\/\/www.puertocdelu.com.ar\/index.php\/2017\/04\/19\/sesiona-en-concepcion-del-uruguay-el-consejo-federal-portuario\/\" \/>\n<meta property=\"og:locale\" content=\"es_ES\" \/>\n<meta property=\"og:type\" content=\"article\" \/>\n<meta property=\"og:title\" content=\"Concepci\u00f3n del Uruguay recibi\u00f3 al Consejo Federal Portuario - Puerto de Concepci\u00f3n del Uruguay\" \/>\n<meta property=\"og:description\" content=\"Concepci\u00f3n del Uruguay fue sede de la sesi\u00f3n del Consejo Federal Portuario, presidido por el subsecretario de Puertos y V\u00edas Navegables de la Naci\u00f3n, Jorge Metz, quien encabez\u00f3 la actividad junto al ministro de Producci\u00f3n, Carlos Schepens; el presidente del Instituto Argentino de Transporte, Juan Pablo \u00c1lvarez Echag\u00fce; y los presidentes de los entes portuarios [&hellip;]\" \/>\n<meta property=\"og:url\" content=\"https:\/\/www.puertocdelu.com.ar\/index.php\/2017\/04\/19\/sesiona-en-concepcion-del-uruguay-el-consejo-federal-portuario\/\" \/>\n<meta property=\"og:site_name\" content=\"Puerto de Concepci\u00f3n del Uruguay\" \/>\n<meta property=\"article:published_time\" content=\"2017-04-19T20:28:36+00:00\" \/>\n<meta property=\"article:modified_time\" content=\"2017-04-20T00:51:14+00:00\" \/>\n<meta property=\"og:image\" content=\"https:\/\/www.puertocdelu.com.ar\/wp-content\/uploads\/2017\/04\/01.jpg\" \/>\n\t<meta property=\"og:image:width\" content=\"984\" \/>\n\t<meta property=\"og:image:height\" content=\"515\" \/>\n\t<meta property=\"og:image:type\" content=\"image\/jpeg\" \/>\n<meta name=\"author\" content=\"PuertoCdelU\" \/>\n<meta name=\"twitter:card\" content=\"summary_large_image\" \/>\n<meta name=\"twitter:label1\" content=\"Escrito por\" \/>\n\t<meta name=\"twitter:data1\" content=\"PuertoCdelU\" \/>\n\t<meta name=\"twitter:label2\" content=\"Tiempo de lectura\" \/>\n\t<meta name=\"twitter:data2\" content=\"4 minutos\" \/>\n<script type=\"application\/ld+json\" class=\"yoast-schema-graph\">{\"@context\":\"https:\\\/\\\/schema.org\",\"@graph\":[{\"@type\":\"Article\",\"@id\":\"https:\\\/\\\/www.puertocdelu.com.ar\\\/index.php\\\/2017\\\/04\\\/19\\\/sesiona-en-concepcion-del-uruguay-el-consejo-federal-portuario\\\/#article\",\"isPartOf\":{\"@id\":\"https:\\\/\\\/www.puertocdelu.com.ar\\\/index.php\\\/2017\\\/04\\\/19\\\/sesiona-en-concepcion-del-uruguay-el-consejo-federal-portuario\\\/\"},\"author\":{\"name\":\"PuertoCdelU\",\"@id\":\"https:\\\/\\\/www.puertocdelu.com.ar\\\/#\\\/schema\\\/person\\\/9d258b923b29bd5f47ca80d9c8cd72d1\"},\"headline\":\"Concepci\u00f3n del Uruguay recibi\u00f3 al Consejo Federal Portuario\",\"datePublished\":\"2017-04-19T20:28:36+00:00\",\"dateModified\":\"2017-04-20T00:51:14+00:00\",\"mainEntityOfPage\":{\"@id\":\"https:\\\/\\\/www.puertocdelu.com.ar\\\/index.php\\\/2017\\\/04\\\/19\\\/sesiona-en-concepcion-del-uruguay-el-consejo-federal-portuario\\\/\"},\"wordCount\":773,\"commentCount\":0,\"image\":{\"@id\":\"https:\\\/\\\/www.puertocdelu.com.ar\\\/index.php\\\/2017\\\/04\\\/19\\\/sesiona-en-concepcion-del-uruguay-el-consejo-federal-portuario\\\/#primaryimage\"},\"thumbnailUrl\":\"https:\\\/\\\/www.puertocdelu.com.ar\\\/wp-content\\\/uploads\\\/2017\\\/04\\\/01.jpg\",\"articleSection\":[\"Noticias\"],\"inLanguage\":\"es\",\"potentialAction\":[{\"@type\":\"CommentAction\",\"name\":\"Comment\",\"target\":[\"https:\\\/\\\/www.puertocdelu.com.ar\\\/index.php\\\/2017\\\/04\\\/19\\\/sesiona-en-concepcion-del-uruguay-el-consejo-federal-portuario\\\/#respond\"]}]},{\"@type\":\"WebPage\",\"@id\":\"https:\\\/\\\/www.puertocdelu.com.ar\\\/index.php\\\/2017\\\/04\\\/19\\\/sesiona-en-concepcion-del-uruguay-el-consejo-federal-portuario\\\/\",\"url\":\"https:\\\/\\\/www.puertocdelu.com.ar\\\/index.php\\\/2017\\\/04\\\/19\\\/sesiona-en-concepcion-del-uruguay-el-consejo-federal-portuario\\\/\",\"name\":\"Concepci\u00f3n del Uruguay recibi\u00f3 al Consejo Federal Portuario - Puerto de Concepci\u00f3n del Uruguay\",\"isPartOf\":{\"@id\":\"https:\\\/\\\/www.puertocdelu.com.ar\\\/#website\"},\"primaryImageOfPage\":{\"@id\":\"https:\\\/\\\/www.puertocdelu.com.ar\\\/index.php\\\/2017\\\/04\\\/19\\\/sesiona-en-concepcion-del-uruguay-el-consejo-federal-portuario\\\/#primaryimage\"},\"image\":{\"@id\":\"https:\\\/\\\/www.puertocdelu.com.ar\\\/index.php\\\/2017\\\/04\\\/19\\\/sesiona-en-concepcion-del-uruguay-el-consejo-federal-portuario\\\/#primaryimage\"},\"thumbnailUrl\":\"https:\\\/\\\/www.puertocdelu.com.ar\\\/wp-content\\\/uploads\\\/2017\\\/04\\\/01.jpg\",\"datePublished\":\"2017-04-19T20:28:36+00:00\",\"dateModified\":\"2017-04-20T00:51:14+00:00\",\"author\":{\"@id\":\"https:\\\/\\\/www.puertocdelu.com.ar\\\/#\\\/schema\\\/person\\\/9d258b923b29bd5f47ca80d9c8cd72d1\"},\"breadcrumb\":{\"@id\":\"https:\\\/\\\/www.puertocdelu.com.ar\\\/index.php\\\/2017\\\/04\\\/19\\\/sesiona-en-concepcion-del-uruguay-el-consejo-federal-portuario\\\/#breadcrumb\"},\"inLanguage\":\"es\",\"potentialAction\":[{\"@type\":\"ReadAction\",\"target\":[\"https:\\\/\\\/www.puertocdelu.com.ar\\\/index.php\\\/2017\\\/04\\\/19\\\/sesiona-en-concepcion-del-uruguay-el-consejo-federal-portuario\\\/\"]}]},{\"@type\":\"ImageObject\",\"inLanguage\":\"es\",\"@id\":\"https:\\\/\\\/www.puertocdelu.com.ar\\\/index.php\\\/2017\\\/04\\\/19\\\/sesiona-en-concepcion-del-uruguay-el-consejo-federal-portuario\\\/#primaryimage\",\"url\":\"https:\\\/\\\/www.puertocdelu.com.ar\\\/wp-content\\\/uploads\\\/2017\\\/04\\\/01.jpg\",\"contentUrl\":\"https:\\\/\\\/www.puertocdelu.com.ar\\\/wp-content\\\/uploads\\\/2017\\\/04\\\/01.jpg\",\"width\":984,\"height\":515},{\"@type\":\"BreadcrumbList\",\"@id\":\"https:\\\/\\\/www.puertocdelu.com.ar\\\/index.php\\\/2017\\\/04\\\/19\\\/sesiona-en-concepcion-del-uruguay-el-consejo-federal-portuario\\\/#breadcrumb\",\"itemListElement\":[{\"@type\":\"ListItem\",\"position\":1,\"name\":\"Portada\",\"item\":\"https:\\\/\\\/www.puertocdelu.com.ar\\\/\"},{\"@type\":\"ListItem\",\"position\":2,\"name\":\"Concepci\u00f3n del Uruguay recibi\u00f3 al Consejo Federal Portuario\"}]},{\"@type\":\"WebSite\",\"@id\":\"https:\\\/\\\/www.puertocdelu.com.ar\\\/#website\",\"url\":\"https:\\\/\\\/www.puertocdelu.com.ar\\\/\",\"name\":\"Puerto de Concepci\u00f3n del Uruguay\",\"description\":\"\",\"potentialAction\":[{\"@type\":\"SearchAction\",\"target\":{\"@type\":\"EntryPoint\",\"urlTemplate\":\"https:\\\/\\\/www.puertocdelu.com.ar\\\/?s={search_term_string}\"},\"query-input\":{\"@type\":\"PropertyValueSpecification\",\"valueRequired\":true,\"valueName\":\"search_term_string\"}}],\"inLanguage\":\"es\"},{\"@type\":\"Person\",\"@id\":\"https:\\\/\\\/www.puertocdelu.com.ar\\\/#\\\/schema\\\/person\\\/9d258b923b29bd5f47ca80d9c8cd72d1\",\"name\":\"PuertoCdelU\",\"image\":{\"@type\":\"ImageObject\",\"inLanguage\":\"es\",\"@id\":\"https:\\\/\\\/secure.gravatar.com\\\/avatar\\\/99e38dea1727d397df18aced5ac6840012bb7f24c8570dcfafabb73086aed88c?s=96&d=mm&r=g\",\"url\":\"https:\\\/\\\/secure.gravatar.com\\\/avatar\\\/99e38dea1727d397df18aced5ac6840012bb7f24c8570dcfafabb73086aed88c?s=96&d=mm&r=g\",\"contentUrl\":\"https:\\\/\\\/secure.gravatar.com\\\/avatar\\\/99e38dea1727d397df18aced5ac6840012bb7f24c8570dcfafabb73086aed88c?s=96&d=mm&r=g\",\"caption\":\"PuertoCdelU\"},\"url\":\"https:\\\/\\\/www.puertocdelu.com.ar\\\/index.php\\\/author\\\/hectordelos1\\\/\"}]}<\/script>\n<!-- \/ Yoast SEO plugin. -->","yoast_head_json":{"title":"Concepci\u00f3n del Uruguay recibi\u00f3 al Consejo Federal Portuario - Puerto de Concepci\u00f3n del Uruguay","robots":{"index":"index","follow":"follow","max-snippet":"max-snippet:-1","max-image-preview":"max-image-preview:large","max-video-preview":"max-video-preview:-1"},"canonical":"https:\/\/www.puertocdelu.com.ar\/index.php\/2017\/04\/19\/sesiona-en-concepcion-del-uruguay-el-consejo-federal-portuario\/","og_locale":"es_ES","og_type":"article","og_title":"Concepci\u00f3n del Uruguay recibi\u00f3 al Consejo Federal Portuario - Puerto de Concepci\u00f3n del Uruguay","og_description":"Concepci\u00f3n del Uruguay fue sede de la sesi\u00f3n del Consejo Federal Portuario, presidido por el subsecretario de Puertos y V\u00edas Navegables de la Naci\u00f3n, Jorge Metz, quien encabez\u00f3 la actividad junto al ministro de Producci\u00f3n, Carlos Schepens; el presidente del Instituto Argentino de Transporte, Juan Pablo \u00c1lvarez Echag\u00fce; y los presidentes de los entes portuarios [&hellip;]","og_url":"https:\/\/www.puertocdelu.com.ar\/index.php\/2017\/04\/19\/sesiona-en-concepcion-del-uruguay-el-consejo-federal-portuario\/","og_site_name":"Puerto de Concepci\u00f3n del Uruguay","article_published_time":"2017-04-19T20:28:36+00:00","article_modified_time":"2017-04-20T00:51:14+00:00","og_image":[{"width":984,"height":515,"url":"https:\/\/www.puertocdelu.com.ar\/wp-content\/uploads\/2017\/04\/01.jpg","type":"image\/jpeg"}],"author":"PuertoCdelU","twitter_card":"summary_large_image","twitter_misc":{"Escrito por":"PuertoCdelU","Tiempo de lectura":"4 minutos"},"schema":{"@context":"https:\/\/schema.org","@graph":[{"@type":"Article","@id":"https:\/\/www.puertocdelu.com.ar\/index.php\/2017\/04\/19\/sesiona-en-concepcion-del-uruguay-el-consejo-federal-portuario\/#article","isPartOf":{"@id":"https:\/\/www.puertocdelu.com.ar\/index.php\/2017\/04\/19\/sesiona-en-concepcion-del-uruguay-el-consejo-federal-portuario\/"},"author":{"name":"PuertoCdelU","@id":"https:\/\/www.puertocdelu.com.ar\/#\/schema\/person\/9d258b923b29bd5f47ca80d9c8cd72d1"},"headline":"Concepci\u00f3n del Uruguay recibi\u00f3 al Consejo Federal Portuario","datePublished":"2017-04-19T20:28:36+00:00","dateModified":"2017-04-20T00:51:14+00:00","mainEntityOfPage":{"@id":"https:\/\/www.puertocdelu.com.ar\/index.php\/2017\/04\/19\/sesiona-en-concepcion-del-uruguay-el-consejo-federal-portuario\/"},"wordCount":773,"commentCount":0,"image":{"@id":"https:\/\/www.puertocdelu.com.ar\/index.php\/2017\/04\/19\/sesiona-en-concepcion-del-uruguay-el-consejo-federal-portuario\/#primaryimage"},"thumbnailUrl":"https:\/\/www.puertocdelu.com.ar\/wp-content\/uploads\/2017\/04\/01.jpg","articleSection":["Noticias"],"inLanguage":"es","potentialAction":[{"@type":"CommentAction","name":"Comment","target":["https:\/\/www.puertocdelu.com.ar\/index.php\/2017\/04\/19\/sesiona-en-concepcion-del-uruguay-el-consejo-federal-portuario\/#respond"]}]},{"@type":"WebPage","@id":"https:\/\/www.puertocdelu.com.ar\/index.php\/2017\/04\/19\/sesiona-en-concepcion-del-uruguay-el-consejo-federal-portuario\/","url":"https:\/\/www.puertocdelu.com.ar\/index.php\/2017\/04\/19\/sesiona-en-concepcion-del-uruguay-el-consejo-federal-portuario\/","name":"Concepci\u00f3n del Uruguay recibi\u00f3 al Consejo Federal Portuario - Puerto de Concepci\u00f3n del Uruguay","isPartOf":{"@id":"https:\/\/www.puertocdelu.com.ar\/#website"},"primaryImageOfPage":{"@id":"https:\/\/www.puertocdelu.com.ar\/index.php\/2017\/04\/19\/sesiona-en-concepcion-del-uruguay-el-consejo-federal-portuario\/#primaryimage"},"image":{"@id":"https:\/\/www.puertocdelu.com.ar\/index.php\/2017\/04\/19\/sesiona-en-concepcion-del-uruguay-el-consejo-federal-portuario\/#primaryimage"},"thumbnailUrl":"https:\/\/www.puertocdelu.com.ar\/wp-content\/uploads\/2017\/04\/01.jpg","datePublished":"2017-04-19T20:28:36+00:00","dateModified":"2017-04-20T00:51:14+00:00","author":{"@id":"https:\/\/www.puertocdelu.com.ar\/#\/schema\/person\/9d258b923b29bd5f47ca80d9c8cd72d1"},"breadcrumb":{"@id":"https:\/\/www.puertocdelu.com.ar\/index.php\/2017\/04\/19\/sesiona-en-concepcion-del-uruguay-el-consejo-federal-portuario\/#breadcrumb"},"inLanguage":"es","potentialAction":[{"@type":"ReadAction","target":["https:\/\/www.puertocdelu.com.ar\/index.php\/2017\/04\/19\/sesiona-en-concepcion-del-uruguay-el-consejo-federal-portuario\/"]}]},{"@type":"ImageObject","inLanguage":"es","@id":"https:\/\/www.puertocdelu.com.ar\/index.php\/2017\/04\/19\/sesiona-en-concepcion-del-uruguay-el-consejo-federal-portuario\/#primaryimage","url":"https:\/\/www.puertocdelu.com.ar\/wp-content\/uploads\/2017\/04\/01.jpg","contentUrl":"https:\/\/www.puertocdelu.com.ar\/wp-content\/uploads\/2017\/04\/01.jpg","width":984,"height":515},{"@type":"BreadcrumbList","@id":"https:\/\/www.puertocdelu.com.ar\/index.php\/2017\/04\/19\/sesiona-en-concepcion-del-uruguay-el-consejo-federal-portuario\/#breadcrumb","itemListElement":[{"@type":"ListItem","position":1,"name":"Portada","item":"https:\/\/www.puertocdelu.com.ar\/"},{"@type":"ListItem","position":2,"name":"Concepci\u00f3n del Uruguay recibi\u00f3 al Consejo Federal Portuario"}]},{"@type":"WebSite","@id":"https:\/\/www.puertocdelu.com.ar\/#website","url":"https:\/\/www.puertocdelu.com.ar\/","name":"Puerto de Concepci\u00f3n del Uruguay","description":"","potentialAction":[{"@type":"SearchAction","target":{"@type":"EntryPoint","urlTemplate":"https:\/\/www.puertocdelu.com.ar\/?s={search_term_string}"},"query-input":{"@type":"PropertyValueSpecification","valueRequired":true,"valueName":"search_term_string"}}],"inLanguage":"es"},{"@type":"Person","@id":"https:\/\/www.puertocdelu.com.ar\/#\/schema\/person\/9d258b923b29bd5f47ca80d9c8cd72d1","name":"PuertoCdelU","image":{"@type":"ImageObject","inLanguage":"es","@id":"https:\/\/secure.gravatar.com\/avatar\/99e38dea1727d397df18aced5ac6840012bb7f24c8570dcfafabb73086aed88c?s=96&d=mm&r=g","url":"https:\/\/secure.gravatar.com\/avatar\/99e38dea1727d397df18aced5ac6840012bb7f24c8570dcfafabb73086aed88c?s=96&d=mm&r=g","contentUrl":"https:\/\/secure.gravatar.com\/avatar\/99e38dea1727d397df18aced5ac6840012bb7f24c8570dcfafabb73086aed88c?s=96&d=mm&r=g","caption":"PuertoCdelU"},"url":"https:\/\/www.puertocdelu.com.ar\/index.php\/author\/hectordelos1\/"}]}},"_links":{"self":[{"href":"https:\/\/www.puertocdelu.com.ar\/index.php\/wp-json\/wp\/v2\/posts\/1283","targetHints":{"allow":["GET"]}}],"collection":[{"href":"https:\/\/www.puertocdelu.com.ar\/index.php\/wp-json\/wp\/v2\/posts"}],"about":[{"href":"https:\/\/www.puertocdelu.com.ar\/index.php\/wp-json\/wp\/v2\/types\/post"}],"author":[{"embeddable":true,"href":"https:\/\/www.puertocdelu.com.ar\/index.php\/wp-json\/wp\/v2\/users\/1"}],"replies":[{"embeddable":true,"href":"https:\/\/www.puertocdelu.com.ar\/index.php\/wp-json\/wp\/v2\/comments?post=1283"}],"version-history":[{"count":5,"href":"https:\/\/www.puertocdelu.com.ar\/index.php\/wp-json\/wp\/v2\/posts\/1283\/revisions"}],"predecessor-version":[{"id":1295,"href":"https:\/\/www.puertocdelu.com.ar\/index.php\/wp-json\/wp\/v2\/posts\/1283\/revisions\/1295"}],"wp:featuredmedia":[{"embeddable":true,"href":"https:\/\/www.puertocdelu.com.ar\/index.php\/wp-json\/wp\/v2\/media\/1289"}],"wp:attachment":[{"href":"https:\/\/www.puertocdelu.com.ar\/index.php\/wp-json\/wp\/v2\/media?parent=1283"}],"wp:term":[{"taxonomy":"category","embeddable":true,"href":"https:\/\/www.puertocdelu.com.ar\/index.php\/wp-json\/wp\/v2\/categories?post=1283"},{"taxonomy":"post_tag","embeddable":true,"href":"https:\/\/www.puertocdelu.com.ar\/index.php\/wp-json\/wp\/v2\/tags?post=1283"}],"curies":[{"name":"wp","href":"https:\/\/api.w.org\/{rel}","templated":true}]}}