{"id":1315,"date":"2017-05-08T14:03:43","date_gmt":"2017-05-08T14:03:43","guid":{"rendered":"http:\/\/www.puertocdelu.com.ar\/?p=1315"},"modified":"2017-05-08T14:05:46","modified_gmt":"2017-05-08T14:05:46","slug":"zarpo-el-diana-bolten-con-14-mil-toneladas-de-arroz","status":"publish","type":"post","link":"https:\/\/www.puertocdelu.com.ar\/index.php\/2017\/05\/08\/zarpo-el-diana-bolten-con-14-mil-toneladas-de-arroz\/","title":{"rendered":"Zarp\u00f3 el Diana Bolten con m\u00e1s de 14 mil toneladas de arroz"},"content":{"rendered":"<p>El buque de bandera liberiana Diana Bolten zarp\u00f3 a las 16 de ayer del puerto de Concepci\u00f3n del Uruguay con 14.136 toneladas de arroz en bolsa, almacenadas en sus bodegas, para comercializar en Irak, uno de los mercados firmes que tiene la producci\u00f3n entrerriana desde hace varios a\u00f1os.<br \/>\nEl ultramarino, el primero que arriba en 2017 para emprender este tipo de embarques, que dio empleo genuino a m\u00e1s de 100 trabajadores \u2013entre estibadores, guincheros y controles de carga-, amarr\u00f3 el jueves 27 de abril en los muelles 3 y 4, despu\u00e9s de permanecer varios d\u00edas en rada (frente al Banco Pelay), iniciando la operatoria al d\u00eda siguiente.<br \/>\nCon la mercader\u00eda adquirida a las cooperativas arroceras entrerrianas, la nave, 180 metros de eslora y 30 de manga, se dirigi\u00f3 rumbo a la terminal Del Guaz\u00fa, ubicada sobre el r\u00edo Paran\u00e1, a la altura del complejo Z\u00e1rate Brazo Largo, donde se ten\u00eda previsto hacer una escala para completar carga en plan de iniciar el viaje hacia el final de la exportaci\u00f3n.<br \/>\nCabe destacar que el Diana Bolten es un ultramarino que ya estuvo en el puerto uruguayense. En julio de 2013 realiz\u00f3 una carga similar y con el mismo destino.<br \/>\nAsimismo, para hoy est\u00e1 anunciado el arribo del Provincias Unidas para efectuar un nuevo embarque en los muelles de la zona primaria aduanera.<\/p>\n<p>Marina mercante: censo<br \/>\nComenz\u00f3 el censo obligatorio para el personal de la marina mercante, que se realizar\u00e1 hasta el 31 de octubre de 2017 en todas las dependencias de la Prefectura Naval Argentina (PNA) del pa\u00eds sin costo alguno en tanto sea realizado en el t\u00e9rmino indicado.<br \/>\nEl empadronamiento, que se lleva a cabo cada 5 a\u00f1os, es un requisito esencial para la habilitaci\u00f3n de los embarcos tanto a nivel nacional como internacional.<br \/>\nCabe destacar que el tr\u00e1mite se encuadra en el decreto 572\/94 (reglamento de formaci\u00f3n y capacitaci\u00f3n del personal embarcado de la marina mercante) y en la resoluci\u00f3n ministerial 285\/03 (reglamento para la habilitaci\u00f3n y registro del personal navegante correspondiente a buques con servicios especiales).<\/p>\n<p>&nbsp;<\/p>\n<p>Fuente: Diario La Calle<\/p>\n","protected":false},"excerpt":{"rendered":"<p>El buque de bandera liberiana Diana Bolten zarp\u00f3 a las 16 de ayer del puerto de Concepci\u00f3n del Uruguay con 14.136 toneladas de arroz en bolsa, almacenadas en sus bodegas, para comercializar en Irak, uno de los mercados firmes que tiene la producci\u00f3n entrerriana desde hace varios a\u00f1os. El ultramarino, el primero que arriba en [&hellip;]<\/p>\n","protected":false},"author":1,"featured_media":1316,"comment_status":"open","ping_status":"open","sticky":false,"template":"","format":"standard","meta":{"footnotes":""},"categories":[81],"tags":[],"class_list":{"0":"post-1315","1":"post","2":"type-post","3":"status-publish","4":"format-standard","5":"has-post-thumbnail","7":"category-noticias"},"yoast_head":"<!-- This site is optimized with the Yoast SEO plugin v27.4 - https:\/\/yoast.com\/product\/yoast-seo-wordpress\/ -->\n<title>Zarp\u00f3 el Diana Bolten con m\u00e1s de 14 mil toneladas de arroz - Puerto de Concepci\u00f3n del Uruguay<\/title>\n<meta name=\"robots\" content=\"index, follow, max-snippet:-1, max-image-preview:large, max-video-preview:-1\" \/>\n<link rel=\"canonical\" href=\"https:\/\/www.puertocdelu.com.ar\/index.php\/2017\/05\/08\/zarpo-el-diana-bolten-con-14-mil-toneladas-de-arroz\/\" \/>\n<meta property=\"og:locale\" content=\"es_ES\" \/>\n<meta property=\"og:type\" content=\"article\" \/>\n<meta property=\"og:title\" content=\"Zarp\u00f3 el Diana Bolten con m\u00e1s de 14 mil toneladas de arroz - Puerto de Concepci\u00f3n del Uruguay\" \/>\n<meta property=\"og:description\" content=\"El buque de bandera liberiana Diana Bolten zarp\u00f3 a las 16 de ayer del puerto de Concepci\u00f3n del Uruguay con 14.136 toneladas de arroz en bolsa, almacenadas en sus bodegas, para comercializar en Irak, uno de los mercados firmes que tiene la producci\u00f3n entrerriana desde hace varios a\u00f1os. El ultramarino, el primero que arriba en [&hellip;]\" \/>\n<meta property=\"og:url\" content=\"https:\/\/www.puertocdelu.com.ar\/index.php\/2017\/05\/08\/zarpo-el-diana-bolten-con-14-mil-toneladas-de-arroz\/\" \/>\n<meta property=\"og:site_name\" content=\"Puerto de Concepci\u00f3n del Uruguay\" \/>\n<meta property=\"article:published_time\" content=\"2017-05-08T14:03:43+00:00\" \/>\n<meta property=\"article:modified_time\" content=\"2017-05-08T14:05:46+00:00\" \/>\n<meta property=\"og:image\" content=\"https:\/\/www.puertocdelu.com.ar\/wp-content\/uploads\/2017\/05\/IMG_4739.jpg\" \/>\n\t<meta property=\"og:image:width\" content=\"800\" \/>\n\t<meta property=\"og:image:height\" content=\"600\" \/>\n\t<meta property=\"og:image:type\" content=\"image\/jpeg\" \/>\n<meta name=\"author\" content=\"PuertoCdelU\" \/>\n<meta name=\"twitter:card\" content=\"summary_large_image\" \/>\n<meta name=\"twitter:label1\" content=\"Escrito por\" \/>\n\t<meta name=\"twitter:data1\" content=\"PuertoCdelU\" \/>\n\t<meta name=\"twitter:label2\" content=\"Tiempo de lectura\" \/>\n\t<meta name=\"twitter:data2\" content=\"2 minutos\" \/>\n<script type=\"application\/ld+json\" class=\"yoast-schema-graph\">{\"@context\":\"https:\\\/\\\/schema.org\",\"@graph\":[{\"@type\":\"Article\",\"@id\":\"https:\\\/\\\/www.puertocdelu.com.ar\\\/index.php\\\/2017\\\/05\\\/08\\\/zarpo-el-diana-bolten-con-14-mil-toneladas-de-arroz\\\/#article\",\"isPartOf\":{\"@id\":\"https:\\\/\\\/www.puertocdelu.com.ar\\\/index.php\\\/2017\\\/05\\\/08\\\/zarpo-el-diana-bolten-con-14-mil-toneladas-de-arroz\\\/\"},\"author\":{\"name\":\"PuertoCdelU\",\"@id\":\"https:\\\/\\\/www.puertocdelu.com.ar\\\/#\\\/schema\\\/person\\\/9d258b923b29bd5f47ca80d9c8cd72d1\"},\"headline\":\"Zarp\u00f3 el Diana Bolten con m\u00e1s de 14 mil toneladas de arroz\",\"datePublished\":\"2017-05-08T14:03:43+00:00\",\"dateModified\":\"2017-05-08T14:05:46+00:00\",\"mainEntityOfPage\":{\"@id\":\"https:\\\/\\\/www.puertocdelu.com.ar\\\/index.php\\\/2017\\\/05\\\/08\\\/zarpo-el-diana-bolten-con-14-mil-toneladas-de-arroz\\\/\"},\"wordCount\":361,\"commentCount\":0,\"image\":{\"@id\":\"https:\\\/\\\/www.puertocdelu.com.ar\\\/index.php\\\/2017\\\/05\\\/08\\\/zarpo-el-diana-bolten-con-14-mil-toneladas-de-arroz\\\/#primaryimage\"},\"thumbnailUrl\":\"https:\\\/\\\/www.puertocdelu.com.ar\\\/wp-content\\\/uploads\\\/2017\\\/05\\\/IMG_4739.jpg\",\"articleSection\":[\"Noticias\"],\"inLanguage\":\"es\",\"potentialAction\":[{\"@type\":\"CommentAction\",\"name\":\"Comment\",\"target\":[\"https:\\\/\\\/www.puertocdelu.com.ar\\\/index.php\\\/2017\\\/05\\\/08\\\/zarpo-el-diana-bolten-con-14-mil-toneladas-de-arroz\\\/#respond\"]}]},{\"@type\":\"WebPage\",\"@id\":\"https:\\\/\\\/www.puertocdelu.com.ar\\\/index.php\\\/2017\\\/05\\\/08\\\/zarpo-el-diana-bolten-con-14-mil-toneladas-de-arroz\\\/\",\"url\":\"https:\\\/\\\/www.puertocdelu.com.ar\\\/index.php\\\/2017\\\/05\\\/08\\\/zarpo-el-diana-bolten-con-14-mil-toneladas-de-arroz\\\/\",\"name\":\"Zarp\u00f3 el Diana Bolten con m\u00e1s de 14 mil toneladas de arroz - Puerto de Concepci\u00f3n del Uruguay\",\"isPartOf\":{\"@id\":\"https:\\\/\\\/www.puertocdelu.com.ar\\\/#website\"},\"primaryImageOfPage\":{\"@id\":\"https:\\\/\\\/www.puertocdelu.com.ar\\\/index.php\\\/2017\\\/05\\\/08\\\/zarpo-el-diana-bolten-con-14-mil-toneladas-de-arroz\\\/#primaryimage\"},\"image\":{\"@id\":\"https:\\\/\\\/www.puertocdelu.com.ar\\\/index.php\\\/2017\\\/05\\\/08\\\/zarpo-el-diana-bolten-con-14-mil-toneladas-de-arroz\\\/#primaryimage\"},\"thumbnailUrl\":\"https:\\\/\\\/www.puertocdelu.com.ar\\\/wp-content\\\/uploads\\\/2017\\\/05\\\/IMG_4739.jpg\",\"datePublished\":\"2017-05-08T14:03:43+00:00\",\"dateModified\":\"2017-05-08T14:05:46+00:00\",\"author\":{\"@id\":\"https:\\\/\\\/www.puertocdelu.com.ar\\\/#\\\/schema\\\/person\\\/9d258b923b29bd5f47ca80d9c8cd72d1\"},\"breadcrumb\":{\"@id\":\"https:\\\/\\\/www.puertocdelu.com.ar\\\/index.php\\\/2017\\\/05\\\/08\\\/zarpo-el-diana-bolten-con-14-mil-toneladas-de-arroz\\\/#breadcrumb\"},\"inLanguage\":\"es\",\"potentialAction\":[{\"@type\":\"ReadAction\",\"target\":[\"https:\\\/\\\/www.puertocdelu.com.ar\\\/index.php\\\/2017\\\/05\\\/08\\\/zarpo-el-diana-bolten-con-14-mil-toneladas-de-arroz\\\/\"]}]},{\"@type\":\"ImageObject\",\"inLanguage\":\"es\",\"@id\":\"https:\\\/\\\/www.puertocdelu.com.ar\\\/index.php\\\/2017\\\/05\\\/08\\\/zarpo-el-diana-bolten-con-14-mil-toneladas-de-arroz\\\/#primaryimage\",\"url\":\"https:\\\/\\\/www.puertocdelu.com.ar\\\/wp-content\\\/uploads\\\/2017\\\/05\\\/IMG_4739.jpg\",\"contentUrl\":\"https:\\\/\\\/www.puertocdelu.com.ar\\\/wp-content\\\/uploads\\\/2017\\\/05\\\/IMG_4739.jpg\",\"width\":800,\"height\":600},{\"@type\":\"BreadcrumbList\",\"@id\":\"https:\\\/\\\/www.puertocdelu.com.ar\\\/index.php\\\/2017\\\/05\\\/08\\\/zarpo-el-diana-bolten-con-14-mil-toneladas-de-arroz\\\/#breadcrumb\",\"itemListElement\":[{\"@type\":\"ListItem\",\"position\":1,\"name\":\"Portada\",\"item\":\"https:\\\/\\\/www.puertocdelu.com.ar\\\/\"},{\"@type\":\"ListItem\",\"position\":2,\"name\":\"Zarp\u00f3 el Diana Bolten con m\u00e1s de 14 mil toneladas de arroz\"}]},{\"@type\":\"WebSite\",\"@id\":\"https:\\\/\\\/www.puertocdelu.com.ar\\\/#website\",\"url\":\"https:\\\/\\\/www.puertocdelu.com.ar\\\/\",\"name\":\"Puerto de Concepci\u00f3n del Uruguay\",\"description\":\"\",\"potentialAction\":[{\"@type\":\"SearchAction\",\"target\":{\"@type\":\"EntryPoint\",\"urlTemplate\":\"https:\\\/\\\/www.puertocdelu.com.ar\\\/?s={search_term_string}\"},\"query-input\":{\"@type\":\"PropertyValueSpecification\",\"valueRequired\":true,\"valueName\":\"search_term_string\"}}],\"inLanguage\":\"es\"},{\"@type\":\"Person\",\"@id\":\"https:\\\/\\\/www.puertocdelu.com.ar\\\/#\\\/schema\\\/person\\\/9d258b923b29bd5f47ca80d9c8cd72d1\",\"name\":\"PuertoCdelU\",\"image\":{\"@type\":\"ImageObject\",\"inLanguage\":\"es\",\"@id\":\"https:\\\/\\\/secure.gravatar.com\\\/avatar\\\/99e38dea1727d397df18aced5ac6840012bb7f24c8570dcfafabb73086aed88c?s=96&d=mm&r=g\",\"url\":\"https:\\\/\\\/secure.gravatar.com\\\/avatar\\\/99e38dea1727d397df18aced5ac6840012bb7f24c8570dcfafabb73086aed88c?s=96&d=mm&r=g\",\"contentUrl\":\"https:\\\/\\\/secure.gravatar.com\\\/avatar\\\/99e38dea1727d397df18aced5ac6840012bb7f24c8570dcfafabb73086aed88c?s=96&d=mm&r=g\",\"caption\":\"PuertoCdelU\"},\"url\":\"https:\\\/\\\/www.puertocdelu.com.ar\\\/index.php\\\/author\\\/hectordelos1\\\/\"}]}<\/script>\n<!-- \/ Yoast SEO plugin. -->","yoast_head_json":{"title":"Zarp\u00f3 el Diana Bolten con m\u00e1s de 14 mil toneladas de arroz - Puerto de Concepci\u00f3n del Uruguay","robots":{"index":"index","follow":"follow","max-snippet":"max-snippet:-1","max-image-preview":"max-image-preview:large","max-video-preview":"max-video-preview:-1"},"canonical":"https:\/\/www.puertocdelu.com.ar\/index.php\/2017\/05\/08\/zarpo-el-diana-bolten-con-14-mil-toneladas-de-arroz\/","og_locale":"es_ES","og_type":"article","og_title":"Zarp\u00f3 el Diana Bolten con m\u00e1s de 14 mil toneladas de arroz - Puerto de Concepci\u00f3n del Uruguay","og_description":"El buque de bandera liberiana Diana Bolten zarp\u00f3 a las 16 de ayer del puerto de Concepci\u00f3n del Uruguay con 14.136 toneladas de arroz en bolsa, almacenadas en sus bodegas, para comercializar en Irak, uno de los mercados firmes que tiene la producci\u00f3n entrerriana desde hace varios a\u00f1os. El ultramarino, el primero que arriba en [&hellip;]","og_url":"https:\/\/www.puertocdelu.com.ar\/index.php\/2017\/05\/08\/zarpo-el-diana-bolten-con-14-mil-toneladas-de-arroz\/","og_site_name":"Puerto de Concepci\u00f3n del Uruguay","article_published_time":"2017-05-08T14:03:43+00:00","article_modified_time":"2017-05-08T14:05:46+00:00","og_image":[{"width":800,"height":600,"url":"https:\/\/www.puertocdelu.com.ar\/wp-content\/uploads\/2017\/05\/IMG_4739.jpg","type":"image\/jpeg"}],"author":"PuertoCdelU","twitter_card":"summary_large_image","twitter_misc":{"Escrito por":"PuertoCdelU","Tiempo de lectura":"2 minutos"},"schema":{"@context":"https:\/\/schema.org","@graph":[{"@type":"Article","@id":"https:\/\/www.puertocdelu.com.ar\/index.php\/2017\/05\/08\/zarpo-el-diana-bolten-con-14-mil-toneladas-de-arroz\/#article","isPartOf":{"@id":"https:\/\/www.puertocdelu.com.ar\/index.php\/2017\/05\/08\/zarpo-el-diana-bolten-con-14-mil-toneladas-de-arroz\/"},"author":{"name":"PuertoCdelU","@id":"https:\/\/www.puertocdelu.com.ar\/#\/schema\/person\/9d258b923b29bd5f47ca80d9c8cd72d1"},"headline":"Zarp\u00f3 el Diana Bolten con m\u00e1s de 14 mil toneladas de arroz","datePublished":"2017-05-08T14:03:43+00:00","dateModified":"2017-05-08T14:05:46+00:00","mainEntityOfPage":{"@id":"https:\/\/www.puertocdelu.com.ar\/index.php\/2017\/05\/08\/zarpo-el-diana-bolten-con-14-mil-toneladas-de-arroz\/"},"wordCount":361,"commentCount":0,"image":{"@id":"https:\/\/www.puertocdelu.com.ar\/index.php\/2017\/05\/08\/zarpo-el-diana-bolten-con-14-mil-toneladas-de-arroz\/#primaryimage"},"thumbnailUrl":"https:\/\/www.puertocdelu.com.ar\/wp-content\/uploads\/2017\/05\/IMG_4739.jpg","articleSection":["Noticias"],"inLanguage":"es","potentialAction":[{"@type":"CommentAction","name":"Comment","target":["https:\/\/www.puertocdelu.com.ar\/index.php\/2017\/05\/08\/zarpo-el-diana-bolten-con-14-mil-toneladas-de-arroz\/#respond"]}]},{"@type":"WebPage","@id":"https:\/\/www.puertocdelu.com.ar\/index.php\/2017\/05\/08\/zarpo-el-diana-bolten-con-14-mil-toneladas-de-arroz\/","url":"https:\/\/www.puertocdelu.com.ar\/index.php\/2017\/05\/08\/zarpo-el-diana-bolten-con-14-mil-toneladas-de-arroz\/","name":"Zarp\u00f3 el Diana Bolten con m\u00e1s de 14 mil toneladas de arroz - Puerto de Concepci\u00f3n del Uruguay","isPartOf":{"@id":"https:\/\/www.puertocdelu.com.ar\/#website"},"primaryImageOfPage":{"@id":"https:\/\/www.puertocdelu.com.ar\/index.php\/2017\/05\/08\/zarpo-el-diana-bolten-con-14-mil-toneladas-de-arroz\/#primaryimage"},"image":{"@id":"https:\/\/www.puertocdelu.com.ar\/index.php\/2017\/05\/08\/zarpo-el-diana-bolten-con-14-mil-toneladas-de-arroz\/#primaryimage"},"thumbnailUrl":"https:\/\/www.puertocdelu.com.ar\/wp-content\/uploads\/2017\/05\/IMG_4739.jpg","datePublished":"2017-05-08T14:03:43+00:00","dateModified":"2017-05-08T14:05:46+00:00","author":{"@id":"https:\/\/www.puertocdelu.com.ar\/#\/schema\/person\/9d258b923b29bd5f47ca80d9c8cd72d1"},"breadcrumb":{"@id":"https:\/\/www.puertocdelu.com.ar\/index.php\/2017\/05\/08\/zarpo-el-diana-bolten-con-14-mil-toneladas-de-arroz\/#breadcrumb"},"inLanguage":"es","potentialAction":[{"@type":"ReadAction","target":["https:\/\/www.puertocdelu.com.ar\/index.php\/2017\/05\/08\/zarpo-el-diana-bolten-con-14-mil-toneladas-de-arroz\/"]}]},{"@type":"ImageObject","inLanguage":"es","@id":"https:\/\/www.puertocdelu.com.ar\/index.php\/2017\/05\/08\/zarpo-el-diana-bolten-con-14-mil-toneladas-de-arroz\/#primaryimage","url":"https:\/\/www.puertocdelu.com.ar\/wp-content\/uploads\/2017\/05\/IMG_4739.jpg","contentUrl":"https:\/\/www.puertocdelu.com.ar\/wp-content\/uploads\/2017\/05\/IMG_4739.jpg","width":800,"height":600},{"@type":"BreadcrumbList","@id":"https:\/\/www.puertocdelu.com.ar\/index.php\/2017\/05\/08\/zarpo-el-diana-bolten-con-14-mil-toneladas-de-arroz\/#breadcrumb","itemListElement":[{"@type":"ListItem","position":1,"name":"Portada","item":"https:\/\/www.puertocdelu.com.ar\/"},{"@type":"ListItem","position":2,"name":"Zarp\u00f3 el Diana Bolten con m\u00e1s de 14 mil toneladas de arroz"}]},{"@type":"WebSite","@id":"https:\/\/www.puertocdelu.com.ar\/#website","url":"https:\/\/www.puertocdelu.com.ar\/","name":"Puerto de Concepci\u00f3n del Uruguay","description":"","potentialAction":[{"@type":"SearchAction","target":{"@type":"EntryPoint","urlTemplate":"https:\/\/www.puertocdelu.com.ar\/?s={search_term_string}"},"query-input":{"@type":"PropertyValueSpecification","valueRequired":true,"valueName":"search_term_string"}}],"inLanguage":"es"},{"@type":"Person","@id":"https:\/\/www.puertocdelu.com.ar\/#\/schema\/person\/9d258b923b29bd5f47ca80d9c8cd72d1","name":"PuertoCdelU","image":{"@type":"ImageObject","inLanguage":"es","@id":"https:\/\/secure.gravatar.com\/avatar\/99e38dea1727d397df18aced5ac6840012bb7f24c8570dcfafabb73086aed88c?s=96&d=mm&r=g","url":"https:\/\/secure.gravatar.com\/avatar\/99e38dea1727d397df18aced5ac6840012bb7f24c8570dcfafabb73086aed88c?s=96&d=mm&r=g","contentUrl":"https:\/\/secure.gravatar.com\/avatar\/99e38dea1727d397df18aced5ac6840012bb7f24c8570dcfafabb73086aed88c?s=96&d=mm&r=g","caption":"PuertoCdelU"},"url":"https:\/\/www.puertocdelu.com.ar\/index.php\/author\/hectordelos1\/"}]}},"_links":{"self":[{"href":"https:\/\/www.puertocdelu.com.ar\/index.php\/wp-json\/wp\/v2\/posts\/1315","targetHints":{"allow":["GET"]}}],"collection":[{"href":"https:\/\/www.puertocdelu.com.ar\/index.php\/wp-json\/wp\/v2\/posts"}],"about":[{"href":"https:\/\/www.puertocdelu.com.ar\/index.php\/wp-json\/wp\/v2\/types\/post"}],"author":[{"embeddable":true,"href":"https:\/\/www.puertocdelu.com.ar\/index.php\/wp-json\/wp\/v2\/users\/1"}],"replies":[{"embeddable":true,"href":"https:\/\/www.puertocdelu.com.ar\/index.php\/wp-json\/wp\/v2\/comments?post=1315"}],"version-history":[{"count":3,"href":"https:\/\/www.puertocdelu.com.ar\/index.php\/wp-json\/wp\/v2\/posts\/1315\/revisions"}],"predecessor-version":[{"id":1319,"href":"https:\/\/www.puertocdelu.com.ar\/index.php\/wp-json\/wp\/v2\/posts\/1315\/revisions\/1319"}],"wp:featuredmedia":[{"embeddable":true,"href":"https:\/\/www.puertocdelu.com.ar\/index.php\/wp-json\/wp\/v2\/media\/1316"}],"wp:attachment":[{"href":"https:\/\/www.puertocdelu.com.ar\/index.php\/wp-json\/wp\/v2\/media?parent=1315"}],"wp:term":[{"taxonomy":"category","embeddable":true,"href":"https:\/\/www.puertocdelu.com.ar\/index.php\/wp-json\/wp\/v2\/categories?post=1315"},{"taxonomy":"post_tag","embeddable":true,"href":"https:\/\/www.puertocdelu.com.ar\/index.php\/wp-json\/wp\/v2\/tags?post=1315"}],"curies":[{"name":"wp","href":"https:\/\/api.w.org\/{rel}","templated":true}]}}