{"id":1320,"date":"2017-05-09T22:54:13","date_gmt":"2017-05-09T22:54:13","guid":{"rendered":"http:\/\/www.puertocdelu.com.ar\/?p=1320"},"modified":"2017-05-09T22:54:13","modified_gmt":"2017-05-09T22:54:13","slug":"presentaron-una-propuesta-en-nacion-para-potenciar-la-zona-franca-de-concepcion-del-uruguay","status":"publish","type":"post","link":"https:\/\/www.puertocdelu.com.ar\/index.php\/2017\/05\/09\/presentaron-una-propuesta-en-nacion-para-potenciar-la-zona-franca-de-concepcion-del-uruguay\/","title":{"rendered":"Presentaron una propuesta en Naci\u00f3n para potenciar la Zona Franca de Concepci\u00f3n del Uruguay"},"content":{"rendered":"<p>A los fines de presentar una propuesta que permita generar mayor actividad en la Zona Franca de Concepci\u00f3n del Uruguay, el ministro de Producci\u00f3n, Carlos Schepens, acompa\u00f1\u00f3 a los empresarios concesionarios a una reuni\u00f3n con funcionarias del Ministerio de Producci\u00f3n de la Naci\u00f3n, que se realiz\u00f3 en la Ciudad Aut\u00f3noma de Buenos Aires.<\/p>\n<p>El ministro, quien estuvo acompa\u00f1ado por el Administrador de la Zona Franca, Jorge Alberto Gay, respald\u00f3 la presentaci\u00f3n que realizaron los empresarios concesionarios de la Zona Franca, para que en el marco de la Comisi\u00f3n Mercosur de Comercio (CMC) se eval\u00faen los alcances de la resoluci\u00f3n N\u00b033\/15 de los pa\u00edses miembros, que establece el R\u00e9gimen de certificaci\u00f3n de mercader\u00edas originarias almacenadas en zonas francas comerciales, industriales de procesamiento de las exportaciones y tambi\u00e9n las \u00e1reas aduaneras especiales de los estados partes, para permitir mayor operatividad en estos espacios de intercambio comercial.<\/p>\n<p>Schepens expuso las ventajas que generar\u00eda un pleno funcionamiento de la Zona Franca en el comercio regional, \u201cya que est\u00e1 ubicada en un lugar que facilita la log\u00edstica del transporte y se complementa con la proximidad al puerto de Concepci\u00f3n del Uruguay, hoy plenamente operativo, permitiendo ahorrar significativamente costos a distintos sectores de las econom\u00edas regionales y fundamentalmente creando empleo genuino en la regi\u00f3n\u201d, afirm\u00f3 el ministro.<\/p>\n<p>Por su parte, el concesionario de la Zona Franca, Armando Fellin, expres\u00f3 las posibilidades que puede brindar al comercio regional este espacio, que tiene una extensi\u00f3n de 111 hect\u00e1reas y una ubicaci\u00f3n de privilegio, lindante al Parque Industrial de la ciudad de Concepci\u00f3n del Uruguay, con buenas conexiones a la Hidrov\u00eda del R\u00edo Uruguay y a las rutas que conducen hacia Brasil, Uruguay, Chile y Paraguay, perfil\u00e1ndose como un gran centro log\u00edstico de la regi\u00f3n.<\/p>\n<p>En las zonas francas se pueden desarrollarse actividades comerciales como industriales o de servicios (log\u00edsticos, financieros, etc.), constituyendo esta un territorio extra aduanero, donde los insumos y mercader\u00edas que ingresan y permanecen dentro de sus l\u00edmites est\u00e1n exentos del pago de: derechos aduaneros a la importaci\u00f3n, impuestos internos, percepciones impositivas, tasa de estad\u00edsticas y el IVA (Impuesto al Valor Agregado).<\/p>\n<p>Por su parte, las directoras de Pol\u00edtica Comercial Externa, Fernanda Monti, y de Pol\u00edtica Comercial con el Mercosur del Ministerio de Producci\u00f3n de la Naci\u00f3n, Cecilia Mart\u00edn, se comprometieron a estudiar la petici\u00f3n para que, de ser factible su implementaci\u00f3n, pueda ser tratado en el marco de la Comisi\u00f3n Mercosur de Comercio, de la que forman parte Brasil, Paraguay, Uruguay y Argentina.<\/p>\n","protected":false},"excerpt":{"rendered":"<p>A los fines de presentar una propuesta que permita generar mayor actividad en la Zona Franca de Concepci\u00f3n del Uruguay, el ministro de Producci\u00f3n, Carlos Schepens, acompa\u00f1\u00f3 a los empresarios concesionarios a una reuni\u00f3n con funcionarias del Ministerio de Producci\u00f3n de la Naci\u00f3n, que se realiz\u00f3 en la Ciudad Aut\u00f3noma de Buenos Aires. El ministro, [&hellip;]<\/p>\n","protected":false},"author":1,"featured_media":1321,"comment_status":"open","ping_status":"open","sticky":false,"template":"","format":"standard","meta":{"footnotes":""},"categories":[81],"tags":[],"class_list":{"0":"post-1320","1":"post","2":"type-post","3":"status-publish","4":"format-standard","5":"has-post-thumbnail","7":"category-noticias"},"yoast_head":"<!-- This site is optimized with the Yoast SEO plugin v27.4 - https:\/\/yoast.com\/product\/yoast-seo-wordpress\/ -->\n<title>Presentaron una propuesta en Naci\u00f3n para potenciar la Zona Franca de Concepci\u00f3n del Uruguay - Puerto de Concepci\u00f3n del Uruguay<\/title>\n<meta name=\"robots\" content=\"index, follow, max-snippet:-1, max-image-preview:large, max-video-preview:-1\" \/>\n<link rel=\"canonical\" href=\"https:\/\/www.puertocdelu.com.ar\/index.php\/2017\/05\/09\/presentaron-una-propuesta-en-nacion-para-potenciar-la-zona-franca-de-concepcion-del-uruguay\/\" \/>\n<meta property=\"og:locale\" content=\"es_ES\" \/>\n<meta property=\"og:type\" content=\"article\" \/>\n<meta property=\"og:title\" content=\"Presentaron una propuesta en Naci\u00f3n para potenciar la Zona Franca de Concepci\u00f3n del Uruguay - Puerto de Concepci\u00f3n del Uruguay\" \/>\n<meta property=\"og:description\" content=\"A los fines de presentar una propuesta que permita generar mayor actividad en la Zona Franca de Concepci\u00f3n del Uruguay, el ministro de Producci\u00f3n, Carlos Schepens, acompa\u00f1\u00f3 a los empresarios concesionarios a una reuni\u00f3n con funcionarias del Ministerio de Producci\u00f3n de la Naci\u00f3n, que se realiz\u00f3 en la Ciudad Aut\u00f3noma de Buenos Aires. El ministro, [&hellip;]\" \/>\n<meta property=\"og:url\" content=\"https:\/\/www.puertocdelu.com.ar\/index.php\/2017\/05\/09\/presentaron-una-propuesta-en-nacion-para-potenciar-la-zona-franca-de-concepcion-del-uruguay\/\" \/>\n<meta property=\"og:site_name\" content=\"Puerto de Concepci\u00f3n del Uruguay\" \/>\n<meta property=\"article:published_time\" content=\"2017-05-09T22:54:13+00:00\" \/>\n<meta property=\"og:image\" content=\"https:\/\/www.puertocdelu.com.ar\/wp-content\/uploads\/2017\/05\/p4-zona-franca-696x522.jpg\" \/>\n\t<meta property=\"og:image:width\" content=\"696\" \/>\n\t<meta property=\"og:image:height\" content=\"522\" \/>\n\t<meta property=\"og:image:type\" content=\"image\/jpeg\" \/>\n<meta name=\"author\" content=\"PuertoCdelU\" \/>\n<meta name=\"twitter:card\" content=\"summary_large_image\" \/>\n<meta name=\"twitter:label1\" content=\"Escrito por\" \/>\n\t<meta name=\"twitter:data1\" content=\"PuertoCdelU\" \/>\n\t<meta name=\"twitter:label2\" content=\"Tiempo de lectura\" \/>\n\t<meta name=\"twitter:data2\" content=\"2 minutos\" \/>\n<script type=\"application\/ld+json\" class=\"yoast-schema-graph\">{\"@context\":\"https:\\\/\\\/schema.org\",\"@graph\":[{\"@type\":\"Article\",\"@id\":\"https:\\\/\\\/www.puertocdelu.com.ar\\\/index.php\\\/2017\\\/05\\\/09\\\/presentaron-una-propuesta-en-nacion-para-potenciar-la-zona-franca-de-concepcion-del-uruguay\\\/#article\",\"isPartOf\":{\"@id\":\"https:\\\/\\\/www.puertocdelu.com.ar\\\/index.php\\\/2017\\\/05\\\/09\\\/presentaron-una-propuesta-en-nacion-para-potenciar-la-zona-franca-de-concepcion-del-uruguay\\\/\"},\"author\":{\"name\":\"PuertoCdelU\",\"@id\":\"https:\\\/\\\/www.puertocdelu.com.ar\\\/#\\\/schema\\\/person\\\/9d258b923b29bd5f47ca80d9c8cd72d1\"},\"headline\":\"Presentaron una propuesta en Naci\u00f3n para potenciar la Zona Franca de Concepci\u00f3n del Uruguay\",\"datePublished\":\"2017-05-09T22:54:13+00:00\",\"mainEntityOfPage\":{\"@id\":\"https:\\\/\\\/www.puertocdelu.com.ar\\\/index.php\\\/2017\\\/05\\\/09\\\/presentaron-una-propuesta-en-nacion-para-potenciar-la-zona-franca-de-concepcion-del-uruguay\\\/\"},\"wordCount\":467,\"commentCount\":0,\"image\":{\"@id\":\"https:\\\/\\\/www.puertocdelu.com.ar\\\/index.php\\\/2017\\\/05\\\/09\\\/presentaron-una-propuesta-en-nacion-para-potenciar-la-zona-franca-de-concepcion-del-uruguay\\\/#primaryimage\"},\"thumbnailUrl\":\"https:\\\/\\\/www.puertocdelu.com.ar\\\/wp-content\\\/uploads\\\/2017\\\/05\\\/p4-zona-franca-696x522.jpg\",\"articleSection\":[\"Noticias\"],\"inLanguage\":\"es\",\"potentialAction\":[{\"@type\":\"CommentAction\",\"name\":\"Comment\",\"target\":[\"https:\\\/\\\/www.puertocdelu.com.ar\\\/index.php\\\/2017\\\/05\\\/09\\\/presentaron-una-propuesta-en-nacion-para-potenciar-la-zona-franca-de-concepcion-del-uruguay\\\/#respond\"]}]},{\"@type\":\"WebPage\",\"@id\":\"https:\\\/\\\/www.puertocdelu.com.ar\\\/index.php\\\/2017\\\/05\\\/09\\\/presentaron-una-propuesta-en-nacion-para-potenciar-la-zona-franca-de-concepcion-del-uruguay\\\/\",\"url\":\"https:\\\/\\\/www.puertocdelu.com.ar\\\/index.php\\\/2017\\\/05\\\/09\\\/presentaron-una-propuesta-en-nacion-para-potenciar-la-zona-franca-de-concepcion-del-uruguay\\\/\",\"name\":\"Presentaron una propuesta en Naci\u00f3n para potenciar la Zona Franca de Concepci\u00f3n del Uruguay - Puerto de Concepci\u00f3n del Uruguay\",\"isPartOf\":{\"@id\":\"https:\\\/\\\/www.puertocdelu.com.ar\\\/#website\"},\"primaryImageOfPage\":{\"@id\":\"https:\\\/\\\/www.puertocdelu.com.ar\\\/index.php\\\/2017\\\/05\\\/09\\\/presentaron-una-propuesta-en-nacion-para-potenciar-la-zona-franca-de-concepcion-del-uruguay\\\/#primaryimage\"},\"image\":{\"@id\":\"https:\\\/\\\/www.puertocdelu.com.ar\\\/index.php\\\/2017\\\/05\\\/09\\\/presentaron-una-propuesta-en-nacion-para-potenciar-la-zona-franca-de-concepcion-del-uruguay\\\/#primaryimage\"},\"thumbnailUrl\":\"https:\\\/\\\/www.puertocdelu.com.ar\\\/wp-content\\\/uploads\\\/2017\\\/05\\\/p4-zona-franca-696x522.jpg\",\"datePublished\":\"2017-05-09T22:54:13+00:00\",\"author\":{\"@id\":\"https:\\\/\\\/www.puertocdelu.com.ar\\\/#\\\/schema\\\/person\\\/9d258b923b29bd5f47ca80d9c8cd72d1\"},\"breadcrumb\":{\"@id\":\"https:\\\/\\\/www.puertocdelu.com.ar\\\/index.php\\\/2017\\\/05\\\/09\\\/presentaron-una-propuesta-en-nacion-para-potenciar-la-zona-franca-de-concepcion-del-uruguay\\\/#breadcrumb\"},\"inLanguage\":\"es\",\"potentialAction\":[{\"@type\":\"ReadAction\",\"target\":[\"https:\\\/\\\/www.puertocdelu.com.ar\\\/index.php\\\/2017\\\/05\\\/09\\\/presentaron-una-propuesta-en-nacion-para-potenciar-la-zona-franca-de-concepcion-del-uruguay\\\/\"]}]},{\"@type\":\"ImageObject\",\"inLanguage\":\"es\",\"@id\":\"https:\\\/\\\/www.puertocdelu.com.ar\\\/index.php\\\/2017\\\/05\\\/09\\\/presentaron-una-propuesta-en-nacion-para-potenciar-la-zona-franca-de-concepcion-del-uruguay\\\/#primaryimage\",\"url\":\"https:\\\/\\\/www.puertocdelu.com.ar\\\/wp-content\\\/uploads\\\/2017\\\/05\\\/p4-zona-franca-696x522.jpg\",\"contentUrl\":\"https:\\\/\\\/www.puertocdelu.com.ar\\\/wp-content\\\/uploads\\\/2017\\\/05\\\/p4-zona-franca-696x522.jpg\",\"width\":696,\"height\":522},{\"@type\":\"BreadcrumbList\",\"@id\":\"https:\\\/\\\/www.puertocdelu.com.ar\\\/index.php\\\/2017\\\/05\\\/09\\\/presentaron-una-propuesta-en-nacion-para-potenciar-la-zona-franca-de-concepcion-del-uruguay\\\/#breadcrumb\",\"itemListElement\":[{\"@type\":\"ListItem\",\"position\":1,\"name\":\"Portada\",\"item\":\"https:\\\/\\\/www.puertocdelu.com.ar\\\/\"},{\"@type\":\"ListItem\",\"position\":2,\"name\":\"Presentaron una propuesta en Naci\u00f3n para potenciar la Zona Franca de Concepci\u00f3n del Uruguay\"}]},{\"@type\":\"WebSite\",\"@id\":\"https:\\\/\\\/www.puertocdelu.com.ar\\\/#website\",\"url\":\"https:\\\/\\\/www.puertocdelu.com.ar\\\/\",\"name\":\"Puerto de Concepci\u00f3n del Uruguay\",\"description\":\"\",\"potentialAction\":[{\"@type\":\"SearchAction\",\"target\":{\"@type\":\"EntryPoint\",\"urlTemplate\":\"https:\\\/\\\/www.puertocdelu.com.ar\\\/?s={search_term_string}\"},\"query-input\":{\"@type\":\"PropertyValueSpecification\",\"valueRequired\":true,\"valueName\":\"search_term_string\"}}],\"inLanguage\":\"es\"},{\"@type\":\"Person\",\"@id\":\"https:\\\/\\\/www.puertocdelu.com.ar\\\/#\\\/schema\\\/person\\\/9d258b923b29bd5f47ca80d9c8cd72d1\",\"name\":\"PuertoCdelU\",\"image\":{\"@type\":\"ImageObject\",\"inLanguage\":\"es\",\"@id\":\"https:\\\/\\\/secure.gravatar.com\\\/avatar\\\/99e38dea1727d397df18aced5ac6840012bb7f24c8570dcfafabb73086aed88c?s=96&d=mm&r=g\",\"url\":\"https:\\\/\\\/secure.gravatar.com\\\/avatar\\\/99e38dea1727d397df18aced5ac6840012bb7f24c8570dcfafabb73086aed88c?s=96&d=mm&r=g\",\"contentUrl\":\"https:\\\/\\\/secure.gravatar.com\\\/avatar\\\/99e38dea1727d397df18aced5ac6840012bb7f24c8570dcfafabb73086aed88c?s=96&d=mm&r=g\",\"caption\":\"PuertoCdelU\"},\"url\":\"https:\\\/\\\/www.puertocdelu.com.ar\\\/index.php\\\/author\\\/hectordelos1\\\/\"}]}<\/script>\n<!-- \/ Yoast SEO plugin. -->","yoast_head_json":{"title":"Presentaron una propuesta en Naci\u00f3n para potenciar la Zona Franca de Concepci\u00f3n del Uruguay - Puerto de Concepci\u00f3n del Uruguay","robots":{"index":"index","follow":"follow","max-snippet":"max-snippet:-1","max-image-preview":"max-image-preview:large","max-video-preview":"max-video-preview:-1"},"canonical":"https:\/\/www.puertocdelu.com.ar\/index.php\/2017\/05\/09\/presentaron-una-propuesta-en-nacion-para-potenciar-la-zona-franca-de-concepcion-del-uruguay\/","og_locale":"es_ES","og_type":"article","og_title":"Presentaron una propuesta en Naci\u00f3n para potenciar la Zona Franca de Concepci\u00f3n del Uruguay - Puerto de Concepci\u00f3n del Uruguay","og_description":"A los fines de presentar una propuesta que permita generar mayor actividad en la Zona Franca de Concepci\u00f3n del Uruguay, el ministro de Producci\u00f3n, Carlos Schepens, acompa\u00f1\u00f3 a los empresarios concesionarios a una reuni\u00f3n con funcionarias del Ministerio de Producci\u00f3n de la Naci\u00f3n, que se realiz\u00f3 en la Ciudad Aut\u00f3noma de Buenos Aires. El ministro, [&hellip;]","og_url":"https:\/\/www.puertocdelu.com.ar\/index.php\/2017\/05\/09\/presentaron-una-propuesta-en-nacion-para-potenciar-la-zona-franca-de-concepcion-del-uruguay\/","og_site_name":"Puerto de Concepci\u00f3n del Uruguay","article_published_time":"2017-05-09T22:54:13+00:00","og_image":[{"width":696,"height":522,"url":"https:\/\/www.puertocdelu.com.ar\/wp-content\/uploads\/2017\/05\/p4-zona-franca-696x522.jpg","type":"image\/jpeg"}],"author":"PuertoCdelU","twitter_card":"summary_large_image","twitter_misc":{"Escrito por":"PuertoCdelU","Tiempo de lectura":"2 minutos"},"schema":{"@context":"https:\/\/schema.org","@graph":[{"@type":"Article","@id":"https:\/\/www.puertocdelu.com.ar\/index.php\/2017\/05\/09\/presentaron-una-propuesta-en-nacion-para-potenciar-la-zona-franca-de-concepcion-del-uruguay\/#article","isPartOf":{"@id":"https:\/\/www.puertocdelu.com.ar\/index.php\/2017\/05\/09\/presentaron-una-propuesta-en-nacion-para-potenciar-la-zona-franca-de-concepcion-del-uruguay\/"},"author":{"name":"PuertoCdelU","@id":"https:\/\/www.puertocdelu.com.ar\/#\/schema\/person\/9d258b923b29bd5f47ca80d9c8cd72d1"},"headline":"Presentaron una propuesta en Naci\u00f3n para potenciar la Zona Franca de Concepci\u00f3n del Uruguay","datePublished":"2017-05-09T22:54:13+00:00","mainEntityOfPage":{"@id":"https:\/\/www.puertocdelu.com.ar\/index.php\/2017\/05\/09\/presentaron-una-propuesta-en-nacion-para-potenciar-la-zona-franca-de-concepcion-del-uruguay\/"},"wordCount":467,"commentCount":0,"image":{"@id":"https:\/\/www.puertocdelu.com.ar\/index.php\/2017\/05\/09\/presentaron-una-propuesta-en-nacion-para-potenciar-la-zona-franca-de-concepcion-del-uruguay\/#primaryimage"},"thumbnailUrl":"https:\/\/www.puertocdelu.com.ar\/wp-content\/uploads\/2017\/05\/p4-zona-franca-696x522.jpg","articleSection":["Noticias"],"inLanguage":"es","potentialAction":[{"@type":"CommentAction","name":"Comment","target":["https:\/\/www.puertocdelu.com.ar\/index.php\/2017\/05\/09\/presentaron-una-propuesta-en-nacion-para-potenciar-la-zona-franca-de-concepcion-del-uruguay\/#respond"]}]},{"@type":"WebPage","@id":"https:\/\/www.puertocdelu.com.ar\/index.php\/2017\/05\/09\/presentaron-una-propuesta-en-nacion-para-potenciar-la-zona-franca-de-concepcion-del-uruguay\/","url":"https:\/\/www.puertocdelu.com.ar\/index.php\/2017\/05\/09\/presentaron-una-propuesta-en-nacion-para-potenciar-la-zona-franca-de-concepcion-del-uruguay\/","name":"Presentaron una propuesta en Naci\u00f3n para potenciar la Zona Franca de Concepci\u00f3n del Uruguay - Puerto de Concepci\u00f3n del Uruguay","isPartOf":{"@id":"https:\/\/www.puertocdelu.com.ar\/#website"},"primaryImageOfPage":{"@id":"https:\/\/www.puertocdelu.com.ar\/index.php\/2017\/05\/09\/presentaron-una-propuesta-en-nacion-para-potenciar-la-zona-franca-de-concepcion-del-uruguay\/#primaryimage"},"image":{"@id":"https:\/\/www.puertocdelu.com.ar\/index.php\/2017\/05\/09\/presentaron-una-propuesta-en-nacion-para-potenciar-la-zona-franca-de-concepcion-del-uruguay\/#primaryimage"},"thumbnailUrl":"https:\/\/www.puertocdelu.com.ar\/wp-content\/uploads\/2017\/05\/p4-zona-franca-696x522.jpg","datePublished":"2017-05-09T22:54:13+00:00","author":{"@id":"https:\/\/www.puertocdelu.com.ar\/#\/schema\/person\/9d258b923b29bd5f47ca80d9c8cd72d1"},"breadcrumb":{"@id":"https:\/\/www.puertocdelu.com.ar\/index.php\/2017\/05\/09\/presentaron-una-propuesta-en-nacion-para-potenciar-la-zona-franca-de-concepcion-del-uruguay\/#breadcrumb"},"inLanguage":"es","potentialAction":[{"@type":"ReadAction","target":["https:\/\/www.puertocdelu.com.ar\/index.php\/2017\/05\/09\/presentaron-una-propuesta-en-nacion-para-potenciar-la-zona-franca-de-concepcion-del-uruguay\/"]}]},{"@type":"ImageObject","inLanguage":"es","@id":"https:\/\/www.puertocdelu.com.ar\/index.php\/2017\/05\/09\/presentaron-una-propuesta-en-nacion-para-potenciar-la-zona-franca-de-concepcion-del-uruguay\/#primaryimage","url":"https:\/\/www.puertocdelu.com.ar\/wp-content\/uploads\/2017\/05\/p4-zona-franca-696x522.jpg","contentUrl":"https:\/\/www.puertocdelu.com.ar\/wp-content\/uploads\/2017\/05\/p4-zona-franca-696x522.jpg","width":696,"height":522},{"@type":"BreadcrumbList","@id":"https:\/\/www.puertocdelu.com.ar\/index.php\/2017\/05\/09\/presentaron-una-propuesta-en-nacion-para-potenciar-la-zona-franca-de-concepcion-del-uruguay\/#breadcrumb","itemListElement":[{"@type":"ListItem","position":1,"name":"Portada","item":"https:\/\/www.puertocdelu.com.ar\/"},{"@type":"ListItem","position":2,"name":"Presentaron una propuesta en Naci\u00f3n para potenciar la Zona Franca de Concepci\u00f3n del Uruguay"}]},{"@type":"WebSite","@id":"https:\/\/www.puertocdelu.com.ar\/#website","url":"https:\/\/www.puertocdelu.com.ar\/","name":"Puerto de Concepci\u00f3n del Uruguay","description":"","potentialAction":[{"@type":"SearchAction","target":{"@type":"EntryPoint","urlTemplate":"https:\/\/www.puertocdelu.com.ar\/?s={search_term_string}"},"query-input":{"@type":"PropertyValueSpecification","valueRequired":true,"valueName":"search_term_string"}}],"inLanguage":"es"},{"@type":"Person","@id":"https:\/\/www.puertocdelu.com.ar\/#\/schema\/person\/9d258b923b29bd5f47ca80d9c8cd72d1","name":"PuertoCdelU","image":{"@type":"ImageObject","inLanguage":"es","@id":"https:\/\/secure.gravatar.com\/avatar\/99e38dea1727d397df18aced5ac6840012bb7f24c8570dcfafabb73086aed88c?s=96&d=mm&r=g","url":"https:\/\/secure.gravatar.com\/avatar\/99e38dea1727d397df18aced5ac6840012bb7f24c8570dcfafabb73086aed88c?s=96&d=mm&r=g","contentUrl":"https:\/\/secure.gravatar.com\/avatar\/99e38dea1727d397df18aced5ac6840012bb7f24c8570dcfafabb73086aed88c?s=96&d=mm&r=g","caption":"PuertoCdelU"},"url":"https:\/\/www.puertocdelu.com.ar\/index.php\/author\/hectordelos1\/"}]}},"_links":{"self":[{"href":"https:\/\/www.puertocdelu.com.ar\/index.php\/wp-json\/wp\/v2\/posts\/1320","targetHints":{"allow":["GET"]}}],"collection":[{"href":"https:\/\/www.puertocdelu.com.ar\/index.php\/wp-json\/wp\/v2\/posts"}],"about":[{"href":"https:\/\/www.puertocdelu.com.ar\/index.php\/wp-json\/wp\/v2\/types\/post"}],"author":[{"embeddable":true,"href":"https:\/\/www.puertocdelu.com.ar\/index.php\/wp-json\/wp\/v2\/users\/1"}],"replies":[{"embeddable":true,"href":"https:\/\/www.puertocdelu.com.ar\/index.php\/wp-json\/wp\/v2\/comments?post=1320"}],"version-history":[{"count":1,"href":"https:\/\/www.puertocdelu.com.ar\/index.php\/wp-json\/wp\/v2\/posts\/1320\/revisions"}],"predecessor-version":[{"id":1322,"href":"https:\/\/www.puertocdelu.com.ar\/index.php\/wp-json\/wp\/v2\/posts\/1320\/revisions\/1322"}],"wp:featuredmedia":[{"embeddable":true,"href":"https:\/\/www.puertocdelu.com.ar\/index.php\/wp-json\/wp\/v2\/media\/1321"}],"wp:attachment":[{"href":"https:\/\/www.puertocdelu.com.ar\/index.php\/wp-json\/wp\/v2\/media?parent=1320"}],"wp:term":[{"taxonomy":"category","embeddable":true,"href":"https:\/\/www.puertocdelu.com.ar\/index.php\/wp-json\/wp\/v2\/categories?post=1320"},{"taxonomy":"post_tag","embeddable":true,"href":"https:\/\/www.puertocdelu.com.ar\/index.php\/wp-json\/wp\/v2\/tags?post=1320"}],"curies":[{"name":"wp","href":"https:\/\/api.w.org\/{rel}","templated":true}]}}