{"id":1341,"date":"2017-06-12T13:35:44","date_gmt":"2017-06-12T13:35:44","guid":{"rendered":"http:\/\/www.puertocdelu.com.ar\/?p=1341"},"modified":"2017-06-12T13:35:44","modified_gmt":"2017-06-12T13:35:44","slug":"entre-rios-y-uruguay-avanzan-en-el-acuerdo-de-buenas-practicas-agricolas","status":"publish","type":"post","link":"https:\/\/www.puertocdelu.com.ar\/index.php\/2017\/06\/12\/entre-rios-y-uruguay-avanzan-en-el-acuerdo-de-buenas-practicas-agricolas\/","title":{"rendered":"Entre R\u00edos y Uruguay avanzan en el acuerdo de buenas pr\u00e1cticas agr\u00edcolas"},"content":{"rendered":"<p class=\"title\">En el marco del Comit\u00e9 Hidrov\u00eda del R\u00edo Uruguay, y a los efectos de intercambiar experiencias sobre buenas pr\u00e1cticas agr\u00edcolas, autoridades del gobierno de Entre R\u00edos mantuvieron una reuni\u00f3n de trabajo con funcionarios de la Rep\u00fablica Oriental del Uruguay en Montevideo. Se acord\u00f3 una agenda de trabajo con lineamientos generales. Habr\u00e1 un segundo encuentro en Paran\u00e1.<\/p>\n<div class=\"herramientas\"><\/div>\n<div class=\"interior-texto\">El encuentro resulta de una propuesta realizada oportunamente por el ministro de Producci\u00f3n, Carlos Schepens al Comit\u00e9 de Hidrov\u00eda del R\u00edo Uruguay para que los dos estados que comparten el r\u00edo pongan \u00e9nfasis en la conservaci\u00f3n de suelo y el ambiente a trav\u00e9s del correcto uso de los agroqu\u00edmicos.<\/p>\n<p>En esta primera oportunidad, el secretario de Producci\u00f3n Primaria, Mart\u00edn Barbieri, se reuni\u00f3 en Montevideo con funcionarios del Ministerio de Ganader\u00eda, Agricultura y Pesca de la Rep\u00fablica Oriental del Uruguay. En tanto, se producir\u00e1 un segundo encuentro en Paran\u00e1, el 29 de junio con la intenci\u00f3n de presentar un acta de colaboraci\u00f3n y trabajo mutuo que promueva las buenas pr\u00e1cticas agr\u00edcolas en ambas m\u00e1rgenes del R\u00edo Uruguay. Adem\u00e1s, el 7 y 8 de septiembre se presentar\u00e1n las propuestas ante los intendentes que conforman el Comit\u00e9 Binacional del R\u00edo Uruguay..<\/p>\n<p>En ese sentido, al evaluar este primer encuentro, Barbieri destac\u00f3 que \u00abha sido muy satisfactorio y genera muchas expectativas por todo lo que podemos trabajar en la generaci\u00f3n de informaci\u00f3n tendiente a desarrollar modelos productivos sustentables, ambientalmente m\u00e1s seguros y, confundir en la complementariedad regional a los fines del desarrollo de la Hidrov\u00eda del R\u00edo Uruguay y el aprovechamiento de los puertos\u00bb.<\/p>\n<p>\u00abLos funcionarios uruguayos presentaron su modelo de planes de uso de los suelos agr\u00edcolas, donde los productores presentan con aval de un ingeniero agr\u00f3nomo una propuesta de rotaci\u00f3n de cultivos, la cual es aprobada y monitoreada por el Estado. De este modo se logra una m\u00ednima degradaci\u00f3n del suelo adem\u00e1s de permitir una planificaci\u00f3n ordenada de la log\u00edstica para sacar la cosecha al saber de antemano las hect\u00e1reas a cosechar y tener los lotes georreferenciados. El 94 por ciento de los productores uruguayos se inscribe y presenta su plan de uso, dado que han comprendido la importancia de la conservaci\u00f3n\u201d, explic\u00f3 Barbieri.<\/p>\n<p>Respecto de las acciones en el futuro inmediato, el funcionario indic\u00f3 que \u201chablaremos con el ministro Schepens en los pr\u00f3ximos d\u00edas para proponer a algunas zonas o departamentos de la provincia como prueba piloto e invitar a los productores que inscriban su plan de uso del suelo de manera voluntaria para analizar las posibilidades de que en nuestra provincia podamos implementar un modelo similar\u00bb.<\/p>\n<p>Recibieron a Barbieri en representaci\u00f3n del gobierno uruguayo la directora nacional de Recursos Naturales, Mariana Hill y los integrantes de su gabinete, Carlos Cl\u00e9rici y Mart\u00edn Dell Acqua. Tambi\u00e9n particip\u00f3 de la reuni\u00f3n en representaci\u00f3n del Comit\u00e9 de Hidrov\u00eda R\u00edo Uruguay, Jos\u00e9 Luis Genta.<\/p><\/div>\n","protected":false},"excerpt":{"rendered":"<p>En el marco del Comit\u00e9 Hidrov\u00eda del R\u00edo Uruguay, y a los efectos de intercambiar experiencias sobre buenas pr\u00e1cticas agr\u00edcolas, autoridades del gobierno de Entre R\u00edos mantuvieron una reuni\u00f3n de trabajo con funcionarios de la Rep\u00fablica Oriental del Uruguay en Montevideo. Se acord\u00f3 una agenda de trabajo con lineamientos generales. Habr\u00e1 un segundo encuentro en [&hellip;]<\/p>\n","protected":false},"author":1,"featured_media":1342,"comment_status":"open","ping_status":"open","sticky":false,"template":"","format":"standard","meta":{"footnotes":""},"categories":[81],"tags":[],"class_list":{"0":"post-1341","1":"post","2":"type-post","3":"status-publish","4":"format-standard","5":"has-post-thumbnail","7":"category-noticias"},"yoast_head":"<!-- This site is optimized with the Yoast SEO plugin v27.4 - https:\/\/yoast.com\/product\/yoast-seo-wordpress\/ -->\n<title>Entre R\u00edos y Uruguay avanzan en el acuerdo de buenas pr\u00e1cticas agr\u00edcolas - Puerto de Concepci\u00f3n del Uruguay<\/title>\n<meta name=\"robots\" content=\"index, follow, max-snippet:-1, max-image-preview:large, max-video-preview:-1\" \/>\n<link rel=\"canonical\" href=\"https:\/\/www.puertocdelu.com.ar\/index.php\/2017\/06\/12\/entre-rios-y-uruguay-avanzan-en-el-acuerdo-de-buenas-practicas-agricolas\/\" \/>\n<meta property=\"og:locale\" content=\"es_ES\" \/>\n<meta property=\"og:type\" content=\"article\" \/>\n<meta property=\"og:title\" content=\"Entre R\u00edos y Uruguay avanzan en el acuerdo de buenas pr\u00e1cticas agr\u00edcolas - Puerto de Concepci\u00f3n del Uruguay\" \/>\n<meta property=\"og:description\" content=\"En el marco del Comit\u00e9 Hidrov\u00eda del R\u00edo Uruguay, y a los efectos de intercambiar experiencias sobre buenas pr\u00e1cticas agr\u00edcolas, autoridades del gobierno de Entre R\u00edos mantuvieron una reuni\u00f3n de trabajo con funcionarios de la Rep\u00fablica Oriental del Uruguay en Montevideo. Se acord\u00f3 una agenda de trabajo con lineamientos generales. Habr\u00e1 un segundo encuentro en [&hellip;]\" \/>\n<meta property=\"og:url\" content=\"https:\/\/www.puertocdelu.com.ar\/index.php\/2017\/06\/12\/entre-rios-y-uruguay-avanzan-en-el-acuerdo-de-buenas-practicas-agricolas\/\" \/>\n<meta property=\"og:site_name\" content=\"Puerto de Concepci\u00f3n del Uruguay\" \/>\n<meta property=\"article:published_time\" content=\"2017-06-12T13:35:44+00:00\" \/>\n<meta property=\"og:image\" content=\"https:\/\/www.puertocdelu.com.ar\/wp-content\/uploads\/2017\/06\/1497028857.jpg\" \/>\n\t<meta property=\"og:image:width\" content=\"1032\" \/>\n\t<meta property=\"og:image:height\" content=\"774\" \/>\n\t<meta property=\"og:image:type\" content=\"image\/jpeg\" \/>\n<meta name=\"author\" content=\"PuertoCdelU\" \/>\n<meta name=\"twitter:card\" content=\"summary_large_image\" \/>\n<meta name=\"twitter:label1\" content=\"Escrito por\" \/>\n\t<meta name=\"twitter:data1\" content=\"PuertoCdelU\" \/>\n\t<meta name=\"twitter:label2\" content=\"Tiempo de lectura\" \/>\n\t<meta name=\"twitter:data2\" content=\"3 minutos\" \/>\n<script type=\"application\/ld+json\" class=\"yoast-schema-graph\">{\"@context\":\"https:\\\/\\\/schema.org\",\"@graph\":[{\"@type\":\"Article\",\"@id\":\"https:\\\/\\\/www.puertocdelu.com.ar\\\/index.php\\\/2017\\\/06\\\/12\\\/entre-rios-y-uruguay-avanzan-en-el-acuerdo-de-buenas-practicas-agricolas\\\/#article\",\"isPartOf\":{\"@id\":\"https:\\\/\\\/www.puertocdelu.com.ar\\\/index.php\\\/2017\\\/06\\\/12\\\/entre-rios-y-uruguay-avanzan-en-el-acuerdo-de-buenas-practicas-agricolas\\\/\"},\"author\":{\"name\":\"PuertoCdelU\",\"@id\":\"https:\\\/\\\/www.puertocdelu.com.ar\\\/#\\\/schema\\\/person\\\/9d258b923b29bd5f47ca80d9c8cd72d1\"},\"headline\":\"Entre R\u00edos y Uruguay avanzan en el acuerdo de buenas pr\u00e1cticas agr\u00edcolas\",\"datePublished\":\"2017-06-12T13:35:44+00:00\",\"mainEntityOfPage\":{\"@id\":\"https:\\\/\\\/www.puertocdelu.com.ar\\\/index.php\\\/2017\\\/06\\\/12\\\/entre-rios-y-uruguay-avanzan-en-el-acuerdo-de-buenas-practicas-agricolas\\\/\"},\"wordCount\":529,\"commentCount\":0,\"image\":{\"@id\":\"https:\\\/\\\/www.puertocdelu.com.ar\\\/index.php\\\/2017\\\/06\\\/12\\\/entre-rios-y-uruguay-avanzan-en-el-acuerdo-de-buenas-practicas-agricolas\\\/#primaryimage\"},\"thumbnailUrl\":\"https:\\\/\\\/www.puertocdelu.com.ar\\\/wp-content\\\/uploads\\\/2017\\\/06\\\/1497028857.jpg\",\"articleSection\":[\"Noticias\"],\"inLanguage\":\"es\",\"potentialAction\":[{\"@type\":\"CommentAction\",\"name\":\"Comment\",\"target\":[\"https:\\\/\\\/www.puertocdelu.com.ar\\\/index.php\\\/2017\\\/06\\\/12\\\/entre-rios-y-uruguay-avanzan-en-el-acuerdo-de-buenas-practicas-agricolas\\\/#respond\"]}]},{\"@type\":\"WebPage\",\"@id\":\"https:\\\/\\\/www.puertocdelu.com.ar\\\/index.php\\\/2017\\\/06\\\/12\\\/entre-rios-y-uruguay-avanzan-en-el-acuerdo-de-buenas-practicas-agricolas\\\/\",\"url\":\"https:\\\/\\\/www.puertocdelu.com.ar\\\/index.php\\\/2017\\\/06\\\/12\\\/entre-rios-y-uruguay-avanzan-en-el-acuerdo-de-buenas-practicas-agricolas\\\/\",\"name\":\"Entre R\u00edos y Uruguay avanzan en el acuerdo de buenas pr\u00e1cticas agr\u00edcolas - Puerto de Concepci\u00f3n del Uruguay\",\"isPartOf\":{\"@id\":\"https:\\\/\\\/www.puertocdelu.com.ar\\\/#website\"},\"primaryImageOfPage\":{\"@id\":\"https:\\\/\\\/www.puertocdelu.com.ar\\\/index.php\\\/2017\\\/06\\\/12\\\/entre-rios-y-uruguay-avanzan-en-el-acuerdo-de-buenas-practicas-agricolas\\\/#primaryimage\"},\"image\":{\"@id\":\"https:\\\/\\\/www.puertocdelu.com.ar\\\/index.php\\\/2017\\\/06\\\/12\\\/entre-rios-y-uruguay-avanzan-en-el-acuerdo-de-buenas-practicas-agricolas\\\/#primaryimage\"},\"thumbnailUrl\":\"https:\\\/\\\/www.puertocdelu.com.ar\\\/wp-content\\\/uploads\\\/2017\\\/06\\\/1497028857.jpg\",\"datePublished\":\"2017-06-12T13:35:44+00:00\",\"author\":{\"@id\":\"https:\\\/\\\/www.puertocdelu.com.ar\\\/#\\\/schema\\\/person\\\/9d258b923b29bd5f47ca80d9c8cd72d1\"},\"breadcrumb\":{\"@id\":\"https:\\\/\\\/www.puertocdelu.com.ar\\\/index.php\\\/2017\\\/06\\\/12\\\/entre-rios-y-uruguay-avanzan-en-el-acuerdo-de-buenas-practicas-agricolas\\\/#breadcrumb\"},\"inLanguage\":\"es\",\"potentialAction\":[{\"@type\":\"ReadAction\",\"target\":[\"https:\\\/\\\/www.puertocdelu.com.ar\\\/index.php\\\/2017\\\/06\\\/12\\\/entre-rios-y-uruguay-avanzan-en-el-acuerdo-de-buenas-practicas-agricolas\\\/\"]}]},{\"@type\":\"ImageObject\",\"inLanguage\":\"es\",\"@id\":\"https:\\\/\\\/www.puertocdelu.com.ar\\\/index.php\\\/2017\\\/06\\\/12\\\/entre-rios-y-uruguay-avanzan-en-el-acuerdo-de-buenas-practicas-agricolas\\\/#primaryimage\",\"url\":\"https:\\\/\\\/www.puertocdelu.com.ar\\\/wp-content\\\/uploads\\\/2017\\\/06\\\/1497028857.jpg\",\"contentUrl\":\"https:\\\/\\\/www.puertocdelu.com.ar\\\/wp-content\\\/uploads\\\/2017\\\/06\\\/1497028857.jpg\",\"width\":1032,\"height\":774},{\"@type\":\"BreadcrumbList\",\"@id\":\"https:\\\/\\\/www.puertocdelu.com.ar\\\/index.php\\\/2017\\\/06\\\/12\\\/entre-rios-y-uruguay-avanzan-en-el-acuerdo-de-buenas-practicas-agricolas\\\/#breadcrumb\",\"itemListElement\":[{\"@type\":\"ListItem\",\"position\":1,\"name\":\"Portada\",\"item\":\"https:\\\/\\\/www.puertocdelu.com.ar\\\/\"},{\"@type\":\"ListItem\",\"position\":2,\"name\":\"Entre R\u00edos y Uruguay avanzan en el acuerdo de buenas pr\u00e1cticas agr\u00edcolas\"}]},{\"@type\":\"WebSite\",\"@id\":\"https:\\\/\\\/www.puertocdelu.com.ar\\\/#website\",\"url\":\"https:\\\/\\\/www.puertocdelu.com.ar\\\/\",\"name\":\"Puerto de Concepci\u00f3n del Uruguay\",\"description\":\"\",\"potentialAction\":[{\"@type\":\"SearchAction\",\"target\":{\"@type\":\"EntryPoint\",\"urlTemplate\":\"https:\\\/\\\/www.puertocdelu.com.ar\\\/?s={search_term_string}\"},\"query-input\":{\"@type\":\"PropertyValueSpecification\",\"valueRequired\":true,\"valueName\":\"search_term_string\"}}],\"inLanguage\":\"es\"},{\"@type\":\"Person\",\"@id\":\"https:\\\/\\\/www.puertocdelu.com.ar\\\/#\\\/schema\\\/person\\\/9d258b923b29bd5f47ca80d9c8cd72d1\",\"name\":\"PuertoCdelU\",\"image\":{\"@type\":\"ImageObject\",\"inLanguage\":\"es\",\"@id\":\"https:\\\/\\\/secure.gravatar.com\\\/avatar\\\/99e38dea1727d397df18aced5ac6840012bb7f24c8570dcfafabb73086aed88c?s=96&d=mm&r=g\",\"url\":\"https:\\\/\\\/secure.gravatar.com\\\/avatar\\\/99e38dea1727d397df18aced5ac6840012bb7f24c8570dcfafabb73086aed88c?s=96&d=mm&r=g\",\"contentUrl\":\"https:\\\/\\\/secure.gravatar.com\\\/avatar\\\/99e38dea1727d397df18aced5ac6840012bb7f24c8570dcfafabb73086aed88c?s=96&d=mm&r=g\",\"caption\":\"PuertoCdelU\"},\"url\":\"https:\\\/\\\/www.puertocdelu.com.ar\\\/index.php\\\/author\\\/hectordelos1\\\/\"}]}<\/script>\n<!-- \/ Yoast SEO plugin. -->","yoast_head_json":{"title":"Entre R\u00edos y Uruguay avanzan en el acuerdo de buenas pr\u00e1cticas agr\u00edcolas - Puerto de Concepci\u00f3n del Uruguay","robots":{"index":"index","follow":"follow","max-snippet":"max-snippet:-1","max-image-preview":"max-image-preview:large","max-video-preview":"max-video-preview:-1"},"canonical":"https:\/\/www.puertocdelu.com.ar\/index.php\/2017\/06\/12\/entre-rios-y-uruguay-avanzan-en-el-acuerdo-de-buenas-practicas-agricolas\/","og_locale":"es_ES","og_type":"article","og_title":"Entre R\u00edos y Uruguay avanzan en el acuerdo de buenas pr\u00e1cticas agr\u00edcolas - Puerto de Concepci\u00f3n del Uruguay","og_description":"En el marco del Comit\u00e9 Hidrov\u00eda del R\u00edo Uruguay, y a los efectos de intercambiar experiencias sobre buenas pr\u00e1cticas agr\u00edcolas, autoridades del gobierno de Entre R\u00edos mantuvieron una reuni\u00f3n de trabajo con funcionarios de la Rep\u00fablica Oriental del Uruguay en Montevideo. Se acord\u00f3 una agenda de trabajo con lineamientos generales. Habr\u00e1 un segundo encuentro en [&hellip;]","og_url":"https:\/\/www.puertocdelu.com.ar\/index.php\/2017\/06\/12\/entre-rios-y-uruguay-avanzan-en-el-acuerdo-de-buenas-practicas-agricolas\/","og_site_name":"Puerto de Concepci\u00f3n del Uruguay","article_published_time":"2017-06-12T13:35:44+00:00","og_image":[{"width":1032,"height":774,"url":"https:\/\/www.puertocdelu.com.ar\/wp-content\/uploads\/2017\/06\/1497028857.jpg","type":"image\/jpeg"}],"author":"PuertoCdelU","twitter_card":"summary_large_image","twitter_misc":{"Escrito por":"PuertoCdelU","Tiempo de lectura":"3 minutos"},"schema":{"@context":"https:\/\/schema.org","@graph":[{"@type":"Article","@id":"https:\/\/www.puertocdelu.com.ar\/index.php\/2017\/06\/12\/entre-rios-y-uruguay-avanzan-en-el-acuerdo-de-buenas-practicas-agricolas\/#article","isPartOf":{"@id":"https:\/\/www.puertocdelu.com.ar\/index.php\/2017\/06\/12\/entre-rios-y-uruguay-avanzan-en-el-acuerdo-de-buenas-practicas-agricolas\/"},"author":{"name":"PuertoCdelU","@id":"https:\/\/www.puertocdelu.com.ar\/#\/schema\/person\/9d258b923b29bd5f47ca80d9c8cd72d1"},"headline":"Entre R\u00edos y Uruguay avanzan en el acuerdo de buenas pr\u00e1cticas agr\u00edcolas","datePublished":"2017-06-12T13:35:44+00:00","mainEntityOfPage":{"@id":"https:\/\/www.puertocdelu.com.ar\/index.php\/2017\/06\/12\/entre-rios-y-uruguay-avanzan-en-el-acuerdo-de-buenas-practicas-agricolas\/"},"wordCount":529,"commentCount":0,"image":{"@id":"https:\/\/www.puertocdelu.com.ar\/index.php\/2017\/06\/12\/entre-rios-y-uruguay-avanzan-en-el-acuerdo-de-buenas-practicas-agricolas\/#primaryimage"},"thumbnailUrl":"https:\/\/www.puertocdelu.com.ar\/wp-content\/uploads\/2017\/06\/1497028857.jpg","articleSection":["Noticias"],"inLanguage":"es","potentialAction":[{"@type":"CommentAction","name":"Comment","target":["https:\/\/www.puertocdelu.com.ar\/index.php\/2017\/06\/12\/entre-rios-y-uruguay-avanzan-en-el-acuerdo-de-buenas-practicas-agricolas\/#respond"]}]},{"@type":"WebPage","@id":"https:\/\/www.puertocdelu.com.ar\/index.php\/2017\/06\/12\/entre-rios-y-uruguay-avanzan-en-el-acuerdo-de-buenas-practicas-agricolas\/","url":"https:\/\/www.puertocdelu.com.ar\/index.php\/2017\/06\/12\/entre-rios-y-uruguay-avanzan-en-el-acuerdo-de-buenas-practicas-agricolas\/","name":"Entre R\u00edos y Uruguay avanzan en el acuerdo de buenas pr\u00e1cticas agr\u00edcolas - Puerto de Concepci\u00f3n del Uruguay","isPartOf":{"@id":"https:\/\/www.puertocdelu.com.ar\/#website"},"primaryImageOfPage":{"@id":"https:\/\/www.puertocdelu.com.ar\/index.php\/2017\/06\/12\/entre-rios-y-uruguay-avanzan-en-el-acuerdo-de-buenas-practicas-agricolas\/#primaryimage"},"image":{"@id":"https:\/\/www.puertocdelu.com.ar\/index.php\/2017\/06\/12\/entre-rios-y-uruguay-avanzan-en-el-acuerdo-de-buenas-practicas-agricolas\/#primaryimage"},"thumbnailUrl":"https:\/\/www.puertocdelu.com.ar\/wp-content\/uploads\/2017\/06\/1497028857.jpg","datePublished":"2017-06-12T13:35:44+00:00","author":{"@id":"https:\/\/www.puertocdelu.com.ar\/#\/schema\/person\/9d258b923b29bd5f47ca80d9c8cd72d1"},"breadcrumb":{"@id":"https:\/\/www.puertocdelu.com.ar\/index.php\/2017\/06\/12\/entre-rios-y-uruguay-avanzan-en-el-acuerdo-de-buenas-practicas-agricolas\/#breadcrumb"},"inLanguage":"es","potentialAction":[{"@type":"ReadAction","target":["https:\/\/www.puertocdelu.com.ar\/index.php\/2017\/06\/12\/entre-rios-y-uruguay-avanzan-en-el-acuerdo-de-buenas-practicas-agricolas\/"]}]},{"@type":"ImageObject","inLanguage":"es","@id":"https:\/\/www.puertocdelu.com.ar\/index.php\/2017\/06\/12\/entre-rios-y-uruguay-avanzan-en-el-acuerdo-de-buenas-practicas-agricolas\/#primaryimage","url":"https:\/\/www.puertocdelu.com.ar\/wp-content\/uploads\/2017\/06\/1497028857.jpg","contentUrl":"https:\/\/www.puertocdelu.com.ar\/wp-content\/uploads\/2017\/06\/1497028857.jpg","width":1032,"height":774},{"@type":"BreadcrumbList","@id":"https:\/\/www.puertocdelu.com.ar\/index.php\/2017\/06\/12\/entre-rios-y-uruguay-avanzan-en-el-acuerdo-de-buenas-practicas-agricolas\/#breadcrumb","itemListElement":[{"@type":"ListItem","position":1,"name":"Portada","item":"https:\/\/www.puertocdelu.com.ar\/"},{"@type":"ListItem","position":2,"name":"Entre R\u00edos y Uruguay avanzan en el acuerdo de buenas pr\u00e1cticas agr\u00edcolas"}]},{"@type":"WebSite","@id":"https:\/\/www.puertocdelu.com.ar\/#website","url":"https:\/\/www.puertocdelu.com.ar\/","name":"Puerto de Concepci\u00f3n del Uruguay","description":"","potentialAction":[{"@type":"SearchAction","target":{"@type":"EntryPoint","urlTemplate":"https:\/\/www.puertocdelu.com.ar\/?s={search_term_string}"},"query-input":{"@type":"PropertyValueSpecification","valueRequired":true,"valueName":"search_term_string"}}],"inLanguage":"es"},{"@type":"Person","@id":"https:\/\/www.puertocdelu.com.ar\/#\/schema\/person\/9d258b923b29bd5f47ca80d9c8cd72d1","name":"PuertoCdelU","image":{"@type":"ImageObject","inLanguage":"es","@id":"https:\/\/secure.gravatar.com\/avatar\/99e38dea1727d397df18aced5ac6840012bb7f24c8570dcfafabb73086aed88c?s=96&d=mm&r=g","url":"https:\/\/secure.gravatar.com\/avatar\/99e38dea1727d397df18aced5ac6840012bb7f24c8570dcfafabb73086aed88c?s=96&d=mm&r=g","contentUrl":"https:\/\/secure.gravatar.com\/avatar\/99e38dea1727d397df18aced5ac6840012bb7f24c8570dcfafabb73086aed88c?s=96&d=mm&r=g","caption":"PuertoCdelU"},"url":"https:\/\/www.puertocdelu.com.ar\/index.php\/author\/hectordelos1\/"}]}},"_links":{"self":[{"href":"https:\/\/www.puertocdelu.com.ar\/index.php\/wp-json\/wp\/v2\/posts\/1341","targetHints":{"allow":["GET"]}}],"collection":[{"href":"https:\/\/www.puertocdelu.com.ar\/index.php\/wp-json\/wp\/v2\/posts"}],"about":[{"href":"https:\/\/www.puertocdelu.com.ar\/index.php\/wp-json\/wp\/v2\/types\/post"}],"author":[{"embeddable":true,"href":"https:\/\/www.puertocdelu.com.ar\/index.php\/wp-json\/wp\/v2\/users\/1"}],"replies":[{"embeddable":true,"href":"https:\/\/www.puertocdelu.com.ar\/index.php\/wp-json\/wp\/v2\/comments?post=1341"}],"version-history":[{"count":1,"href":"https:\/\/www.puertocdelu.com.ar\/index.php\/wp-json\/wp\/v2\/posts\/1341\/revisions"}],"predecessor-version":[{"id":1343,"href":"https:\/\/www.puertocdelu.com.ar\/index.php\/wp-json\/wp\/v2\/posts\/1341\/revisions\/1343"}],"wp:featuredmedia":[{"embeddable":true,"href":"https:\/\/www.puertocdelu.com.ar\/index.php\/wp-json\/wp\/v2\/media\/1342"}],"wp:attachment":[{"href":"https:\/\/www.puertocdelu.com.ar\/index.php\/wp-json\/wp\/v2\/media?parent=1341"}],"wp:term":[{"taxonomy":"category","embeddable":true,"href":"https:\/\/www.puertocdelu.com.ar\/index.php\/wp-json\/wp\/v2\/categories?post=1341"},{"taxonomy":"post_tag","embeddable":true,"href":"https:\/\/www.puertocdelu.com.ar\/index.php\/wp-json\/wp\/v2\/tags?post=1341"}],"curies":[{"name":"wp","href":"https:\/\/api.w.org\/{rel}","templated":true}]}}