{"id":1353,"date":"2017-06-15T11:31:30","date_gmt":"2017-06-15T11:31:30","guid":{"rendered":"http:\/\/www.puertocdelu.com.ar\/?p=1353"},"modified":"2017-06-16T11:33:14","modified_gmt":"2017-06-16T11:33:14","slug":"el-ente-portuario-debio-trasladar-sus-oficinas-por-la-creciente","status":"publish","type":"post","link":"https:\/\/www.puertocdelu.com.ar\/index.php\/2017\/06\/15\/el-ente-portuario-debio-trasladar-sus-oficinas-por-la-creciente\/","title":{"rendered":"El ente portuario debi\u00f3 trasladar sus oficinas por la creciente"},"content":{"rendered":"<p>Con la zona este de Concepci\u00f3n del Uruguay completamente inundada, todas las actividades vinculadas a la actividad portuaria debieron ser canceladas a la espera de la bajante.<\/p>\n<p><a href=\"https:\/\/www.puertocdelu.com.ar\/wp-content\/uploads\/2017\/06\/IMG_3561.jpg\"><img loading=\"lazy\" decoding=\"async\" class=\"alignright size-medium wp-image-1354\" src=\"https:\/\/www.puertocdelu.com.ar\/wp-content\/uploads\/2017\/06\/IMG_3561-300x165.jpg\" alt=\"\" width=\"300\" height=\"165\" srcset=\"https:\/\/www.puertocdelu.com.ar\/wp-content\/uploads\/2017\/06\/IMG_3561-300x165.jpg 300w, https:\/\/www.puertocdelu.com.ar\/wp-content\/uploads\/2017\/06\/IMG_3561-768x423.jpg 768w, https:\/\/www.puertocdelu.com.ar\/wp-content\/uploads\/2017\/06\/IMG_3561-1024x564.jpg 1024w, https:\/\/www.puertocdelu.com.ar\/wp-content\/uploads\/2017\/06\/IMG_3561-696x385.jpg 696w, https:\/\/www.puertocdelu.com.ar\/wp-content\/uploads\/2017\/06\/IMG_3561-1068x589.jpg 1068w, https:\/\/www.puertocdelu.com.ar\/wp-content\/uploads\/2017\/06\/IMG_3561-762x420.jpg 762w, https:\/\/www.puertocdelu.com.ar\/wp-content\/uploads\/2017\/06\/IMG_3561.jpg 1181w\" sizes=\"auto, (max-width: 300px) 100vw, 300px\" \/><\/a>Las oficinas administrativas del Ente Puerto Concepci\u00f3n del Uruguay (EAPCU) no escapan a esta circunstancia, y debi\u00f3 mudar circunstancialmente sus dependencias administrativas a un cuerpo de oficinas ubicado sobre calle San Mart\u00edn al 150.<\/p>\n<p>Espacio donde funciona moment\u00e1neamente la administraci\u00f3n del Ente Portuario.<br \/>\nEl personal del Eapcu se encuentra desarrollando all\u00ed sus tareas, por lo que se solicita a todas aquellas personas que deban realizar tr\u00e1mites vinculados al puerto de la ciudad, se acerquen hasta estas oficinas ubicadas en lo que fuera una planta de silos sobre calle San Mart\u00edn a metros de avenida Paysand\u00fa.<\/p>\n<p>Para quienes deban establecer contacto telef\u00f3nico, la l\u00ednea habilitada moment\u00e1neamente es el 3442 519512.<\/p>\n","protected":false},"excerpt":{"rendered":"<p>Con la zona este de Concepci\u00f3n del Uruguay completamente inundada, todas las actividades vinculadas a la actividad portuaria debieron ser canceladas a la espera de la bajante. Las oficinas administrativas del Ente Puerto Concepci\u00f3n del Uruguay (EAPCU) no escapan a esta circunstancia, y debi\u00f3 mudar circunstancialmente sus dependencias administrativas a un cuerpo de oficinas ubicado [&hellip;]<\/p>\n","protected":false},"author":1,"featured_media":1355,"comment_status":"open","ping_status":"open","sticky":false,"template":"","format":"standard","meta":{"footnotes":""},"categories":[81],"tags":[],"class_list":{"0":"post-1353","1":"post","2":"type-post","3":"status-publish","4":"format-standard","5":"has-post-thumbnail","7":"category-noticias"},"yoast_head":"<!-- This site is optimized with the Yoast SEO plugin v27.4 - https:\/\/yoast.com\/product\/yoast-seo-wordpress\/ -->\n<title>El ente portuario debi\u00f3 trasladar sus oficinas por la creciente - Puerto de Concepci\u00f3n del Uruguay<\/title>\n<meta name=\"robots\" content=\"index, follow, max-snippet:-1, max-image-preview:large, max-video-preview:-1\" \/>\n<link rel=\"canonical\" href=\"https:\/\/www.puertocdelu.com.ar\/index.php\/2017\/06\/15\/el-ente-portuario-debio-trasladar-sus-oficinas-por-la-creciente\/\" \/>\n<meta property=\"og:locale\" content=\"es_ES\" \/>\n<meta property=\"og:type\" content=\"article\" \/>\n<meta property=\"og:title\" content=\"El ente portuario debi\u00f3 trasladar sus oficinas por la creciente - Puerto de Concepci\u00f3n del Uruguay\" \/>\n<meta property=\"og:description\" content=\"Con la zona este de Concepci\u00f3n del Uruguay completamente inundada, todas las actividades vinculadas a la actividad portuaria debieron ser canceladas a la espera de la bajante. Las oficinas administrativas del Ente Puerto Concepci\u00f3n del Uruguay (EAPCU) no escapan a esta circunstancia, y debi\u00f3 mudar circunstancialmente sus dependencias administrativas a un cuerpo de oficinas ubicado [&hellip;]\" \/>\n<meta property=\"og:url\" content=\"https:\/\/www.puertocdelu.com.ar\/index.php\/2017\/06\/15\/el-ente-portuario-debio-trasladar-sus-oficinas-por-la-creciente\/\" \/>\n<meta property=\"og:site_name\" content=\"Puerto de Concepci\u00f3n del Uruguay\" \/>\n<meta property=\"article:published_time\" content=\"2017-06-15T11:31:30+00:00\" \/>\n<meta property=\"article:modified_time\" content=\"2017-06-16T11:33:14+00:00\" \/>\n<meta property=\"og:image\" content=\"https:\/\/www.puertocdelu.com.ar\/wp-content\/uploads\/2017\/06\/puerto000-768x432.jpg\" \/>\n\t<meta property=\"og:image:width\" content=\"768\" \/>\n\t<meta property=\"og:image:height\" content=\"432\" \/>\n\t<meta property=\"og:image:type\" content=\"image\/jpeg\" \/>\n<meta name=\"author\" content=\"PuertoCdelU\" \/>\n<meta name=\"twitter:card\" content=\"summary_large_image\" \/>\n<meta name=\"twitter:label1\" content=\"Escrito por\" \/>\n\t<meta name=\"twitter:data1\" content=\"PuertoCdelU\" \/>\n\t<meta name=\"twitter:label2\" content=\"Tiempo de lectura\" \/>\n\t<meta name=\"twitter:data2\" content=\"1 minuto\" \/>\n<script type=\"application\/ld+json\" class=\"yoast-schema-graph\">{\"@context\":\"https:\\\/\\\/schema.org\",\"@graph\":[{\"@type\":\"Article\",\"@id\":\"https:\\\/\\\/www.puertocdelu.com.ar\\\/index.php\\\/2017\\\/06\\\/15\\\/el-ente-portuario-debio-trasladar-sus-oficinas-por-la-creciente\\\/#article\",\"isPartOf\":{\"@id\":\"https:\\\/\\\/www.puertocdelu.com.ar\\\/index.php\\\/2017\\\/06\\\/15\\\/el-ente-portuario-debio-trasladar-sus-oficinas-por-la-creciente\\\/\"},\"author\":{\"name\":\"PuertoCdelU\",\"@id\":\"https:\\\/\\\/www.puertocdelu.com.ar\\\/#\\\/schema\\\/person\\\/9d258b923b29bd5f47ca80d9c8cd72d1\"},\"headline\":\"El ente portuario debi\u00f3 trasladar sus oficinas por la creciente\",\"datePublished\":\"2017-06-15T11:31:30+00:00\",\"dateModified\":\"2017-06-16T11:33:14+00:00\",\"mainEntityOfPage\":{\"@id\":\"https:\\\/\\\/www.puertocdelu.com.ar\\\/index.php\\\/2017\\\/06\\\/15\\\/el-ente-portuario-debio-trasladar-sus-oficinas-por-la-creciente\\\/\"},\"wordCount\":153,\"commentCount\":0,\"image\":{\"@id\":\"https:\\\/\\\/www.puertocdelu.com.ar\\\/index.php\\\/2017\\\/06\\\/15\\\/el-ente-portuario-debio-trasladar-sus-oficinas-por-la-creciente\\\/#primaryimage\"},\"thumbnailUrl\":\"https:\\\/\\\/www.puertocdelu.com.ar\\\/wp-content\\\/uploads\\\/2017\\\/06\\\/puerto000-768x432.jpg\",\"articleSection\":[\"Noticias\"],\"inLanguage\":\"es\",\"potentialAction\":[{\"@type\":\"CommentAction\",\"name\":\"Comment\",\"target\":[\"https:\\\/\\\/www.puertocdelu.com.ar\\\/index.php\\\/2017\\\/06\\\/15\\\/el-ente-portuario-debio-trasladar-sus-oficinas-por-la-creciente\\\/#respond\"]}]},{\"@type\":\"WebPage\",\"@id\":\"https:\\\/\\\/www.puertocdelu.com.ar\\\/index.php\\\/2017\\\/06\\\/15\\\/el-ente-portuario-debio-trasladar-sus-oficinas-por-la-creciente\\\/\",\"url\":\"https:\\\/\\\/www.puertocdelu.com.ar\\\/index.php\\\/2017\\\/06\\\/15\\\/el-ente-portuario-debio-trasladar-sus-oficinas-por-la-creciente\\\/\",\"name\":\"El ente portuario debi\u00f3 trasladar sus oficinas por la creciente - Puerto de Concepci\u00f3n del Uruguay\",\"isPartOf\":{\"@id\":\"https:\\\/\\\/www.puertocdelu.com.ar\\\/#website\"},\"primaryImageOfPage\":{\"@id\":\"https:\\\/\\\/www.puertocdelu.com.ar\\\/index.php\\\/2017\\\/06\\\/15\\\/el-ente-portuario-debio-trasladar-sus-oficinas-por-la-creciente\\\/#primaryimage\"},\"image\":{\"@id\":\"https:\\\/\\\/www.puertocdelu.com.ar\\\/index.php\\\/2017\\\/06\\\/15\\\/el-ente-portuario-debio-trasladar-sus-oficinas-por-la-creciente\\\/#primaryimage\"},\"thumbnailUrl\":\"https:\\\/\\\/www.puertocdelu.com.ar\\\/wp-content\\\/uploads\\\/2017\\\/06\\\/puerto000-768x432.jpg\",\"datePublished\":\"2017-06-15T11:31:30+00:00\",\"dateModified\":\"2017-06-16T11:33:14+00:00\",\"author\":{\"@id\":\"https:\\\/\\\/www.puertocdelu.com.ar\\\/#\\\/schema\\\/person\\\/9d258b923b29bd5f47ca80d9c8cd72d1\"},\"breadcrumb\":{\"@id\":\"https:\\\/\\\/www.puertocdelu.com.ar\\\/index.php\\\/2017\\\/06\\\/15\\\/el-ente-portuario-debio-trasladar-sus-oficinas-por-la-creciente\\\/#breadcrumb\"},\"inLanguage\":\"es\",\"potentialAction\":[{\"@type\":\"ReadAction\",\"target\":[\"https:\\\/\\\/www.puertocdelu.com.ar\\\/index.php\\\/2017\\\/06\\\/15\\\/el-ente-portuario-debio-trasladar-sus-oficinas-por-la-creciente\\\/\"]}]},{\"@type\":\"ImageObject\",\"inLanguage\":\"es\",\"@id\":\"https:\\\/\\\/www.puertocdelu.com.ar\\\/index.php\\\/2017\\\/06\\\/15\\\/el-ente-portuario-debio-trasladar-sus-oficinas-por-la-creciente\\\/#primaryimage\",\"url\":\"https:\\\/\\\/www.puertocdelu.com.ar\\\/wp-content\\\/uploads\\\/2017\\\/06\\\/puerto000-768x432.jpg\",\"contentUrl\":\"https:\\\/\\\/www.puertocdelu.com.ar\\\/wp-content\\\/uploads\\\/2017\\\/06\\\/puerto000-768x432.jpg\",\"width\":768,\"height\":432},{\"@type\":\"BreadcrumbList\",\"@id\":\"https:\\\/\\\/www.puertocdelu.com.ar\\\/index.php\\\/2017\\\/06\\\/15\\\/el-ente-portuario-debio-trasladar-sus-oficinas-por-la-creciente\\\/#breadcrumb\",\"itemListElement\":[{\"@type\":\"ListItem\",\"position\":1,\"name\":\"Portada\",\"item\":\"https:\\\/\\\/www.puertocdelu.com.ar\\\/\"},{\"@type\":\"ListItem\",\"position\":2,\"name\":\"El ente portuario debi\u00f3 trasladar sus oficinas por la creciente\"}]},{\"@type\":\"WebSite\",\"@id\":\"https:\\\/\\\/www.puertocdelu.com.ar\\\/#website\",\"url\":\"https:\\\/\\\/www.puertocdelu.com.ar\\\/\",\"name\":\"Puerto de Concepci\u00f3n del Uruguay\",\"description\":\"\",\"potentialAction\":[{\"@type\":\"SearchAction\",\"target\":{\"@type\":\"EntryPoint\",\"urlTemplate\":\"https:\\\/\\\/www.puertocdelu.com.ar\\\/?s={search_term_string}\"},\"query-input\":{\"@type\":\"PropertyValueSpecification\",\"valueRequired\":true,\"valueName\":\"search_term_string\"}}],\"inLanguage\":\"es\"},{\"@type\":\"Person\",\"@id\":\"https:\\\/\\\/www.puertocdelu.com.ar\\\/#\\\/schema\\\/person\\\/9d258b923b29bd5f47ca80d9c8cd72d1\",\"name\":\"PuertoCdelU\",\"image\":{\"@type\":\"ImageObject\",\"inLanguage\":\"es\",\"@id\":\"https:\\\/\\\/secure.gravatar.com\\\/avatar\\\/99e38dea1727d397df18aced5ac6840012bb7f24c8570dcfafabb73086aed88c?s=96&d=mm&r=g\",\"url\":\"https:\\\/\\\/secure.gravatar.com\\\/avatar\\\/99e38dea1727d397df18aced5ac6840012bb7f24c8570dcfafabb73086aed88c?s=96&d=mm&r=g\",\"contentUrl\":\"https:\\\/\\\/secure.gravatar.com\\\/avatar\\\/99e38dea1727d397df18aced5ac6840012bb7f24c8570dcfafabb73086aed88c?s=96&d=mm&r=g\",\"caption\":\"PuertoCdelU\"},\"url\":\"https:\\\/\\\/www.puertocdelu.com.ar\\\/index.php\\\/author\\\/hectordelos1\\\/\"}]}<\/script>\n<!-- \/ Yoast SEO plugin. -->","yoast_head_json":{"title":"El ente portuario debi\u00f3 trasladar sus oficinas por la creciente - Puerto de Concepci\u00f3n del Uruguay","robots":{"index":"index","follow":"follow","max-snippet":"max-snippet:-1","max-image-preview":"max-image-preview:large","max-video-preview":"max-video-preview:-1"},"canonical":"https:\/\/www.puertocdelu.com.ar\/index.php\/2017\/06\/15\/el-ente-portuario-debio-trasladar-sus-oficinas-por-la-creciente\/","og_locale":"es_ES","og_type":"article","og_title":"El ente portuario debi\u00f3 trasladar sus oficinas por la creciente - Puerto de Concepci\u00f3n del Uruguay","og_description":"Con la zona este de Concepci\u00f3n del Uruguay completamente inundada, todas las actividades vinculadas a la actividad portuaria debieron ser canceladas a la espera de la bajante. Las oficinas administrativas del Ente Puerto Concepci\u00f3n del Uruguay (EAPCU) no escapan a esta circunstancia, y debi\u00f3 mudar circunstancialmente sus dependencias administrativas a un cuerpo de oficinas ubicado [&hellip;]","og_url":"https:\/\/www.puertocdelu.com.ar\/index.php\/2017\/06\/15\/el-ente-portuario-debio-trasladar-sus-oficinas-por-la-creciente\/","og_site_name":"Puerto de Concepci\u00f3n del Uruguay","article_published_time":"2017-06-15T11:31:30+00:00","article_modified_time":"2017-06-16T11:33:14+00:00","og_image":[{"width":768,"height":432,"url":"https:\/\/www.puertocdelu.com.ar\/wp-content\/uploads\/2017\/06\/puerto000-768x432.jpg","type":"image\/jpeg"}],"author":"PuertoCdelU","twitter_card":"summary_large_image","twitter_misc":{"Escrito por":"PuertoCdelU","Tiempo de lectura":"1 minuto"},"schema":{"@context":"https:\/\/schema.org","@graph":[{"@type":"Article","@id":"https:\/\/www.puertocdelu.com.ar\/index.php\/2017\/06\/15\/el-ente-portuario-debio-trasladar-sus-oficinas-por-la-creciente\/#article","isPartOf":{"@id":"https:\/\/www.puertocdelu.com.ar\/index.php\/2017\/06\/15\/el-ente-portuario-debio-trasladar-sus-oficinas-por-la-creciente\/"},"author":{"name":"PuertoCdelU","@id":"https:\/\/www.puertocdelu.com.ar\/#\/schema\/person\/9d258b923b29bd5f47ca80d9c8cd72d1"},"headline":"El ente portuario debi\u00f3 trasladar sus oficinas por la creciente","datePublished":"2017-06-15T11:31:30+00:00","dateModified":"2017-06-16T11:33:14+00:00","mainEntityOfPage":{"@id":"https:\/\/www.puertocdelu.com.ar\/index.php\/2017\/06\/15\/el-ente-portuario-debio-trasladar-sus-oficinas-por-la-creciente\/"},"wordCount":153,"commentCount":0,"image":{"@id":"https:\/\/www.puertocdelu.com.ar\/index.php\/2017\/06\/15\/el-ente-portuario-debio-trasladar-sus-oficinas-por-la-creciente\/#primaryimage"},"thumbnailUrl":"https:\/\/www.puertocdelu.com.ar\/wp-content\/uploads\/2017\/06\/puerto000-768x432.jpg","articleSection":["Noticias"],"inLanguage":"es","potentialAction":[{"@type":"CommentAction","name":"Comment","target":["https:\/\/www.puertocdelu.com.ar\/index.php\/2017\/06\/15\/el-ente-portuario-debio-trasladar-sus-oficinas-por-la-creciente\/#respond"]}]},{"@type":"WebPage","@id":"https:\/\/www.puertocdelu.com.ar\/index.php\/2017\/06\/15\/el-ente-portuario-debio-trasladar-sus-oficinas-por-la-creciente\/","url":"https:\/\/www.puertocdelu.com.ar\/index.php\/2017\/06\/15\/el-ente-portuario-debio-trasladar-sus-oficinas-por-la-creciente\/","name":"El ente portuario debi\u00f3 trasladar sus oficinas por la creciente - Puerto de Concepci\u00f3n del Uruguay","isPartOf":{"@id":"https:\/\/www.puertocdelu.com.ar\/#website"},"primaryImageOfPage":{"@id":"https:\/\/www.puertocdelu.com.ar\/index.php\/2017\/06\/15\/el-ente-portuario-debio-trasladar-sus-oficinas-por-la-creciente\/#primaryimage"},"image":{"@id":"https:\/\/www.puertocdelu.com.ar\/index.php\/2017\/06\/15\/el-ente-portuario-debio-trasladar-sus-oficinas-por-la-creciente\/#primaryimage"},"thumbnailUrl":"https:\/\/www.puertocdelu.com.ar\/wp-content\/uploads\/2017\/06\/puerto000-768x432.jpg","datePublished":"2017-06-15T11:31:30+00:00","dateModified":"2017-06-16T11:33:14+00:00","author":{"@id":"https:\/\/www.puertocdelu.com.ar\/#\/schema\/person\/9d258b923b29bd5f47ca80d9c8cd72d1"},"breadcrumb":{"@id":"https:\/\/www.puertocdelu.com.ar\/index.php\/2017\/06\/15\/el-ente-portuario-debio-trasladar-sus-oficinas-por-la-creciente\/#breadcrumb"},"inLanguage":"es","potentialAction":[{"@type":"ReadAction","target":["https:\/\/www.puertocdelu.com.ar\/index.php\/2017\/06\/15\/el-ente-portuario-debio-trasladar-sus-oficinas-por-la-creciente\/"]}]},{"@type":"ImageObject","inLanguage":"es","@id":"https:\/\/www.puertocdelu.com.ar\/index.php\/2017\/06\/15\/el-ente-portuario-debio-trasladar-sus-oficinas-por-la-creciente\/#primaryimage","url":"https:\/\/www.puertocdelu.com.ar\/wp-content\/uploads\/2017\/06\/puerto000-768x432.jpg","contentUrl":"https:\/\/www.puertocdelu.com.ar\/wp-content\/uploads\/2017\/06\/puerto000-768x432.jpg","width":768,"height":432},{"@type":"BreadcrumbList","@id":"https:\/\/www.puertocdelu.com.ar\/index.php\/2017\/06\/15\/el-ente-portuario-debio-trasladar-sus-oficinas-por-la-creciente\/#breadcrumb","itemListElement":[{"@type":"ListItem","position":1,"name":"Portada","item":"https:\/\/www.puertocdelu.com.ar\/"},{"@type":"ListItem","position":2,"name":"El ente portuario debi\u00f3 trasladar sus oficinas por la creciente"}]},{"@type":"WebSite","@id":"https:\/\/www.puertocdelu.com.ar\/#website","url":"https:\/\/www.puertocdelu.com.ar\/","name":"Puerto de Concepci\u00f3n del Uruguay","description":"","potentialAction":[{"@type":"SearchAction","target":{"@type":"EntryPoint","urlTemplate":"https:\/\/www.puertocdelu.com.ar\/?s={search_term_string}"},"query-input":{"@type":"PropertyValueSpecification","valueRequired":true,"valueName":"search_term_string"}}],"inLanguage":"es"},{"@type":"Person","@id":"https:\/\/www.puertocdelu.com.ar\/#\/schema\/person\/9d258b923b29bd5f47ca80d9c8cd72d1","name":"PuertoCdelU","image":{"@type":"ImageObject","inLanguage":"es","@id":"https:\/\/secure.gravatar.com\/avatar\/99e38dea1727d397df18aced5ac6840012bb7f24c8570dcfafabb73086aed88c?s=96&d=mm&r=g","url":"https:\/\/secure.gravatar.com\/avatar\/99e38dea1727d397df18aced5ac6840012bb7f24c8570dcfafabb73086aed88c?s=96&d=mm&r=g","contentUrl":"https:\/\/secure.gravatar.com\/avatar\/99e38dea1727d397df18aced5ac6840012bb7f24c8570dcfafabb73086aed88c?s=96&d=mm&r=g","caption":"PuertoCdelU"},"url":"https:\/\/www.puertocdelu.com.ar\/index.php\/author\/hectordelos1\/"}]}},"_links":{"self":[{"href":"https:\/\/www.puertocdelu.com.ar\/index.php\/wp-json\/wp\/v2\/posts\/1353","targetHints":{"allow":["GET"]}}],"collection":[{"href":"https:\/\/www.puertocdelu.com.ar\/index.php\/wp-json\/wp\/v2\/posts"}],"about":[{"href":"https:\/\/www.puertocdelu.com.ar\/index.php\/wp-json\/wp\/v2\/types\/post"}],"author":[{"embeddable":true,"href":"https:\/\/www.puertocdelu.com.ar\/index.php\/wp-json\/wp\/v2\/users\/1"}],"replies":[{"embeddable":true,"href":"https:\/\/www.puertocdelu.com.ar\/index.php\/wp-json\/wp\/v2\/comments?post=1353"}],"version-history":[{"count":2,"href":"https:\/\/www.puertocdelu.com.ar\/index.php\/wp-json\/wp\/v2\/posts\/1353\/revisions"}],"predecessor-version":[{"id":1357,"href":"https:\/\/www.puertocdelu.com.ar\/index.php\/wp-json\/wp\/v2\/posts\/1353\/revisions\/1357"}],"wp:featuredmedia":[{"embeddable":true,"href":"https:\/\/www.puertocdelu.com.ar\/index.php\/wp-json\/wp\/v2\/media\/1355"}],"wp:attachment":[{"href":"https:\/\/www.puertocdelu.com.ar\/index.php\/wp-json\/wp\/v2\/media?parent=1353"}],"wp:term":[{"taxonomy":"category","embeddable":true,"href":"https:\/\/www.puertocdelu.com.ar\/index.php\/wp-json\/wp\/v2\/categories?post=1353"},{"taxonomy":"post_tag","embeddable":true,"href":"https:\/\/www.puertocdelu.com.ar\/index.php\/wp-json\/wp\/v2\/tags?post=1353"}],"curies":[{"name":"wp","href":"https:\/\/api.w.org\/{rel}","templated":true}]}}