{"id":1362,"date":"2017-06-22T15:08:57","date_gmt":"2017-06-22T15:08:57","guid":{"rendered":"http:\/\/www.puertocdelu.com.ar\/?p=1362"},"modified":"2017-06-22T15:08:58","modified_gmt":"2017-06-22T15:08:58","slug":"tras-la-bajante-el-ente-portuario-vuelve-a-funcionar-en-sus-oficinas-sobre-avenida-paysandu","status":"publish","type":"post","link":"https:\/\/www.puertocdelu.com.ar\/index.php\/2017\/06\/22\/tras-la-bajante-el-ente-portuario-vuelve-a-funcionar-en-sus-oficinas-sobre-avenida-paysandu\/","title":{"rendered":"Tras la bajante, el Ente Portuario vuelve a funcionar en sus oficinas sobre Avenida Paysand\u00fa"},"content":{"rendered":"<p>El pico de la creciente oblig\u00f3 al traslado de las oficinas del Ente Aut\u00e1rquico Puerto Concepci\u00f3n del Uruguay (EAPCU) a otras dependencias sobre calle San Mart\u00edn, sin embargo, tras el descenso de las aguas del r\u00edo Uruguay, el personal del Ente ha regresado a desempe\u00f1ar sus tareas en los lugares originales.<\/p>\n<p>Cabe recordar que el Ente tiene su sede en Avenida Paysand\u00fa 274, y para todo tipo de contacto los interesados lo pueden realizar a trav\u00e9s de las l\u00edneas rotativas del \u00a003442 422191, o por E-mail: eapcu@puertocdelu.com.ar.<\/p>\n","protected":false},"excerpt":{"rendered":"<p>El pico de la creciente oblig\u00f3 al traslado de las oficinas del Ente Aut\u00e1rquico Puerto Concepci\u00f3n del Uruguay (EAPCU) a otras dependencias sobre calle San Mart\u00edn, sin embargo, tras el descenso de las aguas del r\u00edo Uruguay, el personal del Ente ha regresado a desempe\u00f1ar sus tareas en los lugares originales. Cabe recordar que el [&hellip;]<\/p>\n","protected":false},"author":1,"featured_media":1363,"comment_status":"open","ping_status":"open","sticky":false,"template":"","format":"standard","meta":{"footnotes":""},"categories":[81],"tags":[],"class_list":{"0":"post-1362","1":"post","2":"type-post","3":"status-publish","4":"format-standard","5":"has-post-thumbnail","7":"category-noticias"},"yoast_head":"<!-- This site is optimized with the Yoast SEO plugin v27.4 - https:\/\/yoast.com\/product\/yoast-seo-wordpress\/ -->\n<title>Tras la bajante, el Ente Portuario vuelve a funcionar en sus oficinas sobre Avenida Paysand\u00fa - Puerto de Concepci\u00f3n del Uruguay<\/title>\n<meta name=\"robots\" content=\"index, follow, max-snippet:-1, max-image-preview:large, max-video-preview:-1\" \/>\n<link rel=\"canonical\" href=\"https:\/\/www.puertocdelu.com.ar\/index.php\/2017\/06\/22\/tras-la-bajante-el-ente-portuario-vuelve-a-funcionar-en-sus-oficinas-sobre-avenida-paysandu\/\" \/>\n<meta property=\"og:locale\" content=\"es_ES\" \/>\n<meta property=\"og:type\" content=\"article\" \/>\n<meta property=\"og:title\" content=\"Tras la bajante, el Ente Portuario vuelve a funcionar en sus oficinas sobre Avenida Paysand\u00fa - Puerto de Concepci\u00f3n del Uruguay\" \/>\n<meta property=\"og:description\" content=\"El pico de la creciente oblig\u00f3 al traslado de las oficinas del Ente Aut\u00e1rquico Puerto Concepci\u00f3n del Uruguay (EAPCU) a otras dependencias sobre calle San Mart\u00edn, sin embargo, tras el descenso de las aguas del r\u00edo Uruguay, el personal del Ente ha regresado a desempe\u00f1ar sus tareas en los lugares originales. Cabe recordar que el [&hellip;]\" \/>\n<meta property=\"og:url\" content=\"https:\/\/www.puertocdelu.com.ar\/index.php\/2017\/06\/22\/tras-la-bajante-el-ente-portuario-vuelve-a-funcionar-en-sus-oficinas-sobre-avenida-paysandu\/\" \/>\n<meta property=\"og:site_name\" content=\"Puerto de Concepci\u00f3n del Uruguay\" \/>\n<meta property=\"article:published_time\" content=\"2017-06-22T15:08:57+00:00\" \/>\n<meta property=\"article:modified_time\" content=\"2017-06-22T15:08:58+00:00\" \/>\n<meta property=\"og:image\" content=\"https:\/\/www.puertocdelu.com.ar\/wp-content\/uploads\/2017\/06\/ente.jpg\" \/>\n\t<meta property=\"og:image:width\" content=\"1083\" \/>\n\t<meta property=\"og:image:height\" content=\"812\" \/>\n\t<meta property=\"og:image:type\" content=\"image\/jpeg\" \/>\n<meta name=\"author\" content=\"PuertoCdelU\" \/>\n<meta name=\"twitter:card\" content=\"summary_large_image\" \/>\n<meta name=\"twitter:label1\" content=\"Escrito por\" \/>\n\t<meta name=\"twitter:data1\" content=\"PuertoCdelU\" \/>\n<script type=\"application\/ld+json\" class=\"yoast-schema-graph\">{\"@context\":\"https:\\\/\\\/schema.org\",\"@graph\":[{\"@type\":\"Article\",\"@id\":\"https:\\\/\\\/www.puertocdelu.com.ar\\\/index.php\\\/2017\\\/06\\\/22\\\/tras-la-bajante-el-ente-portuario-vuelve-a-funcionar-en-sus-oficinas-sobre-avenida-paysandu\\\/#article\",\"isPartOf\":{\"@id\":\"https:\\\/\\\/www.puertocdelu.com.ar\\\/index.php\\\/2017\\\/06\\\/22\\\/tras-la-bajante-el-ente-portuario-vuelve-a-funcionar-en-sus-oficinas-sobre-avenida-paysandu\\\/\"},\"author\":{\"name\":\"PuertoCdelU\",\"@id\":\"https:\\\/\\\/www.puertocdelu.com.ar\\\/#\\\/schema\\\/person\\\/9d258b923b29bd5f47ca80d9c8cd72d1\"},\"headline\":\"Tras la bajante, el Ente Portuario vuelve a funcionar en sus oficinas sobre Avenida Paysand\u00fa\",\"datePublished\":\"2017-06-22T15:08:57+00:00\",\"dateModified\":\"2017-06-22T15:08:58+00:00\",\"mainEntityOfPage\":{\"@id\":\"https:\\\/\\\/www.puertocdelu.com.ar\\\/index.php\\\/2017\\\/06\\\/22\\\/tras-la-bajante-el-ente-portuario-vuelve-a-funcionar-en-sus-oficinas-sobre-avenida-paysandu\\\/\"},\"wordCount\":109,\"commentCount\":0,\"image\":{\"@id\":\"https:\\\/\\\/www.puertocdelu.com.ar\\\/index.php\\\/2017\\\/06\\\/22\\\/tras-la-bajante-el-ente-portuario-vuelve-a-funcionar-en-sus-oficinas-sobre-avenida-paysandu\\\/#primaryimage\"},\"thumbnailUrl\":\"https:\\\/\\\/www.puertocdelu.com.ar\\\/wp-content\\\/uploads\\\/2017\\\/06\\\/ente.jpg\",\"articleSection\":[\"Noticias\"],\"inLanguage\":\"es\",\"potentialAction\":[{\"@type\":\"CommentAction\",\"name\":\"Comment\",\"target\":[\"https:\\\/\\\/www.puertocdelu.com.ar\\\/index.php\\\/2017\\\/06\\\/22\\\/tras-la-bajante-el-ente-portuario-vuelve-a-funcionar-en-sus-oficinas-sobre-avenida-paysandu\\\/#respond\"]}]},{\"@type\":\"WebPage\",\"@id\":\"https:\\\/\\\/www.puertocdelu.com.ar\\\/index.php\\\/2017\\\/06\\\/22\\\/tras-la-bajante-el-ente-portuario-vuelve-a-funcionar-en-sus-oficinas-sobre-avenida-paysandu\\\/\",\"url\":\"https:\\\/\\\/www.puertocdelu.com.ar\\\/index.php\\\/2017\\\/06\\\/22\\\/tras-la-bajante-el-ente-portuario-vuelve-a-funcionar-en-sus-oficinas-sobre-avenida-paysandu\\\/\",\"name\":\"Tras la bajante, el Ente Portuario vuelve a funcionar en sus oficinas sobre Avenida Paysand\u00fa - Puerto de Concepci\u00f3n del Uruguay\",\"isPartOf\":{\"@id\":\"https:\\\/\\\/www.puertocdelu.com.ar\\\/#website\"},\"primaryImageOfPage\":{\"@id\":\"https:\\\/\\\/www.puertocdelu.com.ar\\\/index.php\\\/2017\\\/06\\\/22\\\/tras-la-bajante-el-ente-portuario-vuelve-a-funcionar-en-sus-oficinas-sobre-avenida-paysandu\\\/#primaryimage\"},\"image\":{\"@id\":\"https:\\\/\\\/www.puertocdelu.com.ar\\\/index.php\\\/2017\\\/06\\\/22\\\/tras-la-bajante-el-ente-portuario-vuelve-a-funcionar-en-sus-oficinas-sobre-avenida-paysandu\\\/#primaryimage\"},\"thumbnailUrl\":\"https:\\\/\\\/www.puertocdelu.com.ar\\\/wp-content\\\/uploads\\\/2017\\\/06\\\/ente.jpg\",\"datePublished\":\"2017-06-22T15:08:57+00:00\",\"dateModified\":\"2017-06-22T15:08:58+00:00\",\"author\":{\"@id\":\"https:\\\/\\\/www.puertocdelu.com.ar\\\/#\\\/schema\\\/person\\\/9d258b923b29bd5f47ca80d9c8cd72d1\"},\"breadcrumb\":{\"@id\":\"https:\\\/\\\/www.puertocdelu.com.ar\\\/index.php\\\/2017\\\/06\\\/22\\\/tras-la-bajante-el-ente-portuario-vuelve-a-funcionar-en-sus-oficinas-sobre-avenida-paysandu\\\/#breadcrumb\"},\"inLanguage\":\"es\",\"potentialAction\":[{\"@type\":\"ReadAction\",\"target\":[\"https:\\\/\\\/www.puertocdelu.com.ar\\\/index.php\\\/2017\\\/06\\\/22\\\/tras-la-bajante-el-ente-portuario-vuelve-a-funcionar-en-sus-oficinas-sobre-avenida-paysandu\\\/\"]}]},{\"@type\":\"ImageObject\",\"inLanguage\":\"es\",\"@id\":\"https:\\\/\\\/www.puertocdelu.com.ar\\\/index.php\\\/2017\\\/06\\\/22\\\/tras-la-bajante-el-ente-portuario-vuelve-a-funcionar-en-sus-oficinas-sobre-avenida-paysandu\\\/#primaryimage\",\"url\":\"https:\\\/\\\/www.puertocdelu.com.ar\\\/wp-content\\\/uploads\\\/2017\\\/06\\\/ente.jpg\",\"contentUrl\":\"https:\\\/\\\/www.puertocdelu.com.ar\\\/wp-content\\\/uploads\\\/2017\\\/06\\\/ente.jpg\",\"width\":1083,\"height\":812},{\"@type\":\"BreadcrumbList\",\"@id\":\"https:\\\/\\\/www.puertocdelu.com.ar\\\/index.php\\\/2017\\\/06\\\/22\\\/tras-la-bajante-el-ente-portuario-vuelve-a-funcionar-en-sus-oficinas-sobre-avenida-paysandu\\\/#breadcrumb\",\"itemListElement\":[{\"@type\":\"ListItem\",\"position\":1,\"name\":\"Portada\",\"item\":\"https:\\\/\\\/www.puertocdelu.com.ar\\\/\"},{\"@type\":\"ListItem\",\"position\":2,\"name\":\"Tras la bajante, el Ente Portuario vuelve a funcionar en sus oficinas sobre Avenida Paysand\u00fa\"}]},{\"@type\":\"WebSite\",\"@id\":\"https:\\\/\\\/www.puertocdelu.com.ar\\\/#website\",\"url\":\"https:\\\/\\\/www.puertocdelu.com.ar\\\/\",\"name\":\"Puerto de Concepci\u00f3n del Uruguay\",\"description\":\"\",\"potentialAction\":[{\"@type\":\"SearchAction\",\"target\":{\"@type\":\"EntryPoint\",\"urlTemplate\":\"https:\\\/\\\/www.puertocdelu.com.ar\\\/?s={search_term_string}\"},\"query-input\":{\"@type\":\"PropertyValueSpecification\",\"valueRequired\":true,\"valueName\":\"search_term_string\"}}],\"inLanguage\":\"es\"},{\"@type\":\"Person\",\"@id\":\"https:\\\/\\\/www.puertocdelu.com.ar\\\/#\\\/schema\\\/person\\\/9d258b923b29bd5f47ca80d9c8cd72d1\",\"name\":\"PuertoCdelU\",\"image\":{\"@type\":\"ImageObject\",\"inLanguage\":\"es\",\"@id\":\"https:\\\/\\\/secure.gravatar.com\\\/avatar\\\/99e38dea1727d397df18aced5ac6840012bb7f24c8570dcfafabb73086aed88c?s=96&d=mm&r=g\",\"url\":\"https:\\\/\\\/secure.gravatar.com\\\/avatar\\\/99e38dea1727d397df18aced5ac6840012bb7f24c8570dcfafabb73086aed88c?s=96&d=mm&r=g\",\"contentUrl\":\"https:\\\/\\\/secure.gravatar.com\\\/avatar\\\/99e38dea1727d397df18aced5ac6840012bb7f24c8570dcfafabb73086aed88c?s=96&d=mm&r=g\",\"caption\":\"PuertoCdelU\"},\"url\":\"https:\\\/\\\/www.puertocdelu.com.ar\\\/index.php\\\/author\\\/hectordelos1\\\/\"}]}<\/script>\n<!-- \/ Yoast SEO plugin. -->","yoast_head_json":{"title":"Tras la bajante, el Ente Portuario vuelve a funcionar en sus oficinas sobre Avenida Paysand\u00fa - Puerto de Concepci\u00f3n del Uruguay","robots":{"index":"index","follow":"follow","max-snippet":"max-snippet:-1","max-image-preview":"max-image-preview:large","max-video-preview":"max-video-preview:-1"},"canonical":"https:\/\/www.puertocdelu.com.ar\/index.php\/2017\/06\/22\/tras-la-bajante-el-ente-portuario-vuelve-a-funcionar-en-sus-oficinas-sobre-avenida-paysandu\/","og_locale":"es_ES","og_type":"article","og_title":"Tras la bajante, el Ente Portuario vuelve a funcionar en sus oficinas sobre Avenida Paysand\u00fa - Puerto de Concepci\u00f3n del Uruguay","og_description":"El pico de la creciente oblig\u00f3 al traslado de las oficinas del Ente Aut\u00e1rquico Puerto Concepci\u00f3n del Uruguay (EAPCU) a otras dependencias sobre calle San Mart\u00edn, sin embargo, tras el descenso de las aguas del r\u00edo Uruguay, el personal del Ente ha regresado a desempe\u00f1ar sus tareas en los lugares originales. Cabe recordar que el [&hellip;]","og_url":"https:\/\/www.puertocdelu.com.ar\/index.php\/2017\/06\/22\/tras-la-bajante-el-ente-portuario-vuelve-a-funcionar-en-sus-oficinas-sobre-avenida-paysandu\/","og_site_name":"Puerto de Concepci\u00f3n del Uruguay","article_published_time":"2017-06-22T15:08:57+00:00","article_modified_time":"2017-06-22T15:08:58+00:00","og_image":[{"width":1083,"height":812,"url":"https:\/\/www.puertocdelu.com.ar\/wp-content\/uploads\/2017\/06\/ente.jpg","type":"image\/jpeg"}],"author":"PuertoCdelU","twitter_card":"summary_large_image","twitter_misc":{"Escrito por":"PuertoCdelU"},"schema":{"@context":"https:\/\/schema.org","@graph":[{"@type":"Article","@id":"https:\/\/www.puertocdelu.com.ar\/index.php\/2017\/06\/22\/tras-la-bajante-el-ente-portuario-vuelve-a-funcionar-en-sus-oficinas-sobre-avenida-paysandu\/#article","isPartOf":{"@id":"https:\/\/www.puertocdelu.com.ar\/index.php\/2017\/06\/22\/tras-la-bajante-el-ente-portuario-vuelve-a-funcionar-en-sus-oficinas-sobre-avenida-paysandu\/"},"author":{"name":"PuertoCdelU","@id":"https:\/\/www.puertocdelu.com.ar\/#\/schema\/person\/9d258b923b29bd5f47ca80d9c8cd72d1"},"headline":"Tras la bajante, el Ente Portuario vuelve a funcionar en sus oficinas sobre Avenida Paysand\u00fa","datePublished":"2017-06-22T15:08:57+00:00","dateModified":"2017-06-22T15:08:58+00:00","mainEntityOfPage":{"@id":"https:\/\/www.puertocdelu.com.ar\/index.php\/2017\/06\/22\/tras-la-bajante-el-ente-portuario-vuelve-a-funcionar-en-sus-oficinas-sobre-avenida-paysandu\/"},"wordCount":109,"commentCount":0,"image":{"@id":"https:\/\/www.puertocdelu.com.ar\/index.php\/2017\/06\/22\/tras-la-bajante-el-ente-portuario-vuelve-a-funcionar-en-sus-oficinas-sobre-avenida-paysandu\/#primaryimage"},"thumbnailUrl":"https:\/\/www.puertocdelu.com.ar\/wp-content\/uploads\/2017\/06\/ente.jpg","articleSection":["Noticias"],"inLanguage":"es","potentialAction":[{"@type":"CommentAction","name":"Comment","target":["https:\/\/www.puertocdelu.com.ar\/index.php\/2017\/06\/22\/tras-la-bajante-el-ente-portuario-vuelve-a-funcionar-en-sus-oficinas-sobre-avenida-paysandu\/#respond"]}]},{"@type":"WebPage","@id":"https:\/\/www.puertocdelu.com.ar\/index.php\/2017\/06\/22\/tras-la-bajante-el-ente-portuario-vuelve-a-funcionar-en-sus-oficinas-sobre-avenida-paysandu\/","url":"https:\/\/www.puertocdelu.com.ar\/index.php\/2017\/06\/22\/tras-la-bajante-el-ente-portuario-vuelve-a-funcionar-en-sus-oficinas-sobre-avenida-paysandu\/","name":"Tras la bajante, el Ente Portuario vuelve a funcionar en sus oficinas sobre Avenida Paysand\u00fa - Puerto de Concepci\u00f3n del Uruguay","isPartOf":{"@id":"https:\/\/www.puertocdelu.com.ar\/#website"},"primaryImageOfPage":{"@id":"https:\/\/www.puertocdelu.com.ar\/index.php\/2017\/06\/22\/tras-la-bajante-el-ente-portuario-vuelve-a-funcionar-en-sus-oficinas-sobre-avenida-paysandu\/#primaryimage"},"image":{"@id":"https:\/\/www.puertocdelu.com.ar\/index.php\/2017\/06\/22\/tras-la-bajante-el-ente-portuario-vuelve-a-funcionar-en-sus-oficinas-sobre-avenida-paysandu\/#primaryimage"},"thumbnailUrl":"https:\/\/www.puertocdelu.com.ar\/wp-content\/uploads\/2017\/06\/ente.jpg","datePublished":"2017-06-22T15:08:57+00:00","dateModified":"2017-06-22T15:08:58+00:00","author":{"@id":"https:\/\/www.puertocdelu.com.ar\/#\/schema\/person\/9d258b923b29bd5f47ca80d9c8cd72d1"},"breadcrumb":{"@id":"https:\/\/www.puertocdelu.com.ar\/index.php\/2017\/06\/22\/tras-la-bajante-el-ente-portuario-vuelve-a-funcionar-en-sus-oficinas-sobre-avenida-paysandu\/#breadcrumb"},"inLanguage":"es","potentialAction":[{"@type":"ReadAction","target":["https:\/\/www.puertocdelu.com.ar\/index.php\/2017\/06\/22\/tras-la-bajante-el-ente-portuario-vuelve-a-funcionar-en-sus-oficinas-sobre-avenida-paysandu\/"]}]},{"@type":"ImageObject","inLanguage":"es","@id":"https:\/\/www.puertocdelu.com.ar\/index.php\/2017\/06\/22\/tras-la-bajante-el-ente-portuario-vuelve-a-funcionar-en-sus-oficinas-sobre-avenida-paysandu\/#primaryimage","url":"https:\/\/www.puertocdelu.com.ar\/wp-content\/uploads\/2017\/06\/ente.jpg","contentUrl":"https:\/\/www.puertocdelu.com.ar\/wp-content\/uploads\/2017\/06\/ente.jpg","width":1083,"height":812},{"@type":"BreadcrumbList","@id":"https:\/\/www.puertocdelu.com.ar\/index.php\/2017\/06\/22\/tras-la-bajante-el-ente-portuario-vuelve-a-funcionar-en-sus-oficinas-sobre-avenida-paysandu\/#breadcrumb","itemListElement":[{"@type":"ListItem","position":1,"name":"Portada","item":"https:\/\/www.puertocdelu.com.ar\/"},{"@type":"ListItem","position":2,"name":"Tras la bajante, el Ente Portuario vuelve a funcionar en sus oficinas sobre Avenida Paysand\u00fa"}]},{"@type":"WebSite","@id":"https:\/\/www.puertocdelu.com.ar\/#website","url":"https:\/\/www.puertocdelu.com.ar\/","name":"Puerto de Concepci\u00f3n del Uruguay","description":"","potentialAction":[{"@type":"SearchAction","target":{"@type":"EntryPoint","urlTemplate":"https:\/\/www.puertocdelu.com.ar\/?s={search_term_string}"},"query-input":{"@type":"PropertyValueSpecification","valueRequired":true,"valueName":"search_term_string"}}],"inLanguage":"es"},{"@type":"Person","@id":"https:\/\/www.puertocdelu.com.ar\/#\/schema\/person\/9d258b923b29bd5f47ca80d9c8cd72d1","name":"PuertoCdelU","image":{"@type":"ImageObject","inLanguage":"es","@id":"https:\/\/secure.gravatar.com\/avatar\/99e38dea1727d397df18aced5ac6840012bb7f24c8570dcfafabb73086aed88c?s=96&d=mm&r=g","url":"https:\/\/secure.gravatar.com\/avatar\/99e38dea1727d397df18aced5ac6840012bb7f24c8570dcfafabb73086aed88c?s=96&d=mm&r=g","contentUrl":"https:\/\/secure.gravatar.com\/avatar\/99e38dea1727d397df18aced5ac6840012bb7f24c8570dcfafabb73086aed88c?s=96&d=mm&r=g","caption":"PuertoCdelU"},"url":"https:\/\/www.puertocdelu.com.ar\/index.php\/author\/hectordelos1\/"}]}},"_links":{"self":[{"href":"https:\/\/www.puertocdelu.com.ar\/index.php\/wp-json\/wp\/v2\/posts\/1362","targetHints":{"allow":["GET"]}}],"collection":[{"href":"https:\/\/www.puertocdelu.com.ar\/index.php\/wp-json\/wp\/v2\/posts"}],"about":[{"href":"https:\/\/www.puertocdelu.com.ar\/index.php\/wp-json\/wp\/v2\/types\/post"}],"author":[{"embeddable":true,"href":"https:\/\/www.puertocdelu.com.ar\/index.php\/wp-json\/wp\/v2\/users\/1"}],"replies":[{"embeddable":true,"href":"https:\/\/www.puertocdelu.com.ar\/index.php\/wp-json\/wp\/v2\/comments?post=1362"}],"version-history":[{"count":1,"href":"https:\/\/www.puertocdelu.com.ar\/index.php\/wp-json\/wp\/v2\/posts\/1362\/revisions"}],"predecessor-version":[{"id":1364,"href":"https:\/\/www.puertocdelu.com.ar\/index.php\/wp-json\/wp\/v2\/posts\/1362\/revisions\/1364"}],"wp:featuredmedia":[{"embeddable":true,"href":"https:\/\/www.puertocdelu.com.ar\/index.php\/wp-json\/wp\/v2\/media\/1363"}],"wp:attachment":[{"href":"https:\/\/www.puertocdelu.com.ar\/index.php\/wp-json\/wp\/v2\/media?parent=1362"}],"wp:term":[{"taxonomy":"category","embeddable":true,"href":"https:\/\/www.puertocdelu.com.ar\/index.php\/wp-json\/wp\/v2\/categories?post=1362"},{"taxonomy":"post_tag","embeddable":true,"href":"https:\/\/www.puertocdelu.com.ar\/index.php\/wp-json\/wp\/v2\/tags?post=1362"}],"curies":[{"name":"wp","href":"https:\/\/api.w.org\/{rel}","templated":true}]}}