{"id":1365,"date":"2017-06-29T02:30:17","date_gmt":"2017-06-29T02:30:17","guid":{"rendered":"http:\/\/www.puertocdelu.com.ar\/?p=1365"},"modified":"2017-06-29T10:54:04","modified_gmt":"2017-06-29T10:54:04","slug":"el-ente-portuario-saluda-a-prefectura-en-su-aniversario","status":"publish","type":"post","link":"https:\/\/www.puertocdelu.com.ar\/index.php\/2017\/06\/29\/el-ente-portuario-saluda-a-prefectura-en-su-aniversario\/","title":{"rendered":"El Ente Portuario saluda a Prefectura en su aniversario"},"content":{"rendered":"<p>El Ente Aut\u00e1rquico Puerto Concepci\u00f3n del Uruguay (EAPCU), se une en la celebraci\u00f3n de un nuevo aniversario de la creaci\u00f3n de la Prefectura Naval Argentina, y saluda a sus autoridades y a todo el personal que presta servicios en esta fuerza tan importante en el resguardo y la seguridad de las costas argentinas.<\/p>\n<p>Como Ente Portuario trabajamos en un contacto diario y sabemos de la entrega y el profesionalismo con que trabaja Prefectura cumpliendo con su deber, no solo en lo concerniente a todas las actividades diarias bajo su responsabilidad, sino tambi\u00e9n en constante colaboraci\u00f3n con la comunidad cuando esta lo necesita.<\/p>\n<p>Con motivo de conmemorarse el 207\u00ba Aniversario de la Incorporaci\u00f3n y Nacimiento de la Prefectura Naval Argentina como Instituci\u00f3n de la Patria, la Prefectura de Zona Bajo Uruguay realizara el Acto en esta ciudad.<\/p>\n<p>El mismo se llevar\u00e1 a cabo en la Plaza de Ceremonias \u201cCabo Primero Julio Omar Ben\u00edtez\u201d de la Prefectura de Zona, el d\u00eda jueves 29 de junio a las 11:00 horas.<\/p>\n","protected":false},"excerpt":{"rendered":"<p>El Ente Aut\u00e1rquico Puerto Concepci\u00f3n del Uruguay (EAPCU), se une en la celebraci\u00f3n de un nuevo aniversario de la creaci\u00f3n de la Prefectura Naval Argentina, y saluda a sus autoridades y a todo el personal que presta servicios en esta fuerza tan importante en el resguardo y la seguridad de las costas argentinas. Como Ente [&hellip;]<\/p>\n","protected":false},"author":1,"featured_media":1366,"comment_status":"open","ping_status":"open","sticky":false,"template":"","format":"standard","meta":{"footnotes":""},"categories":[81],"tags":[],"class_list":{"0":"post-1365","1":"post","2":"type-post","3":"status-publish","4":"format-standard","5":"has-post-thumbnail","7":"category-noticias"},"yoast_head":"<!-- This site is optimized with the Yoast SEO plugin v27.4 - https:\/\/yoast.com\/product\/yoast-seo-wordpress\/ -->\n<title>El Ente Portuario saluda a Prefectura en su aniversario - Puerto de Concepci\u00f3n del Uruguay<\/title>\n<meta name=\"robots\" content=\"index, follow, max-snippet:-1, max-image-preview:large, max-video-preview:-1\" \/>\n<link rel=\"canonical\" href=\"https:\/\/www.puertocdelu.com.ar\/index.php\/2017\/06\/29\/el-ente-portuario-saluda-a-prefectura-en-su-aniversario\/\" \/>\n<meta property=\"og:locale\" content=\"es_ES\" \/>\n<meta property=\"og:type\" content=\"article\" \/>\n<meta property=\"og:title\" content=\"El Ente Portuario saluda a Prefectura en su aniversario - Puerto de Concepci\u00f3n del Uruguay\" \/>\n<meta property=\"og:description\" content=\"El Ente Aut\u00e1rquico Puerto Concepci\u00f3n del Uruguay (EAPCU), se une en la celebraci\u00f3n de un nuevo aniversario de la creaci\u00f3n de la Prefectura Naval Argentina, y saluda a sus autoridades y a todo el personal que presta servicios en esta fuerza tan importante en el resguardo y la seguridad de las costas argentinas. Como Ente [&hellip;]\" \/>\n<meta property=\"og:url\" content=\"https:\/\/www.puertocdelu.com.ar\/index.php\/2017\/06\/29\/el-ente-portuario-saluda-a-prefectura-en-su-aniversario\/\" \/>\n<meta property=\"og:site_name\" content=\"Puerto de Concepci\u00f3n del Uruguay\" \/>\n<meta property=\"article:published_time\" content=\"2017-06-29T02:30:17+00:00\" \/>\n<meta property=\"article:modified_time\" content=\"2017-06-29T10:54:04+00:00\" \/>\n<meta property=\"og:image\" content=\"https:\/\/www.puertocdelu.com.ar\/wp-content\/uploads\/2017\/06\/prefectura-naval-argentina-.jpg\" \/>\n\t<meta property=\"og:image:width\" content=\"550\" \/>\n\t<meta property=\"og:image:height\" content=\"270\" \/>\n\t<meta property=\"og:image:type\" content=\"image\/jpeg\" \/>\n<meta name=\"author\" content=\"PuertoCdelU\" \/>\n<meta name=\"twitter:card\" content=\"summary_large_image\" \/>\n<meta name=\"twitter:label1\" content=\"Escrito por\" \/>\n\t<meta name=\"twitter:data1\" content=\"PuertoCdelU\" \/>\n\t<meta name=\"twitter:label2\" content=\"Tiempo de lectura\" \/>\n\t<meta name=\"twitter:data2\" content=\"1 minuto\" \/>\n<script type=\"application\/ld+json\" class=\"yoast-schema-graph\">{\"@context\":\"https:\\\/\\\/schema.org\",\"@graph\":[{\"@type\":\"Article\",\"@id\":\"https:\\\/\\\/www.puertocdelu.com.ar\\\/index.php\\\/2017\\\/06\\\/29\\\/el-ente-portuario-saluda-a-prefectura-en-su-aniversario\\\/#article\",\"isPartOf\":{\"@id\":\"https:\\\/\\\/www.puertocdelu.com.ar\\\/index.php\\\/2017\\\/06\\\/29\\\/el-ente-portuario-saluda-a-prefectura-en-su-aniversario\\\/\"},\"author\":{\"name\":\"PuertoCdelU\",\"@id\":\"https:\\\/\\\/www.puertocdelu.com.ar\\\/#\\\/schema\\\/person\\\/9d258b923b29bd5f47ca80d9c8cd72d1\"},\"headline\":\"El Ente Portuario saluda a Prefectura en su aniversario\",\"datePublished\":\"2017-06-29T02:30:17+00:00\",\"dateModified\":\"2017-06-29T10:54:04+00:00\",\"mainEntityOfPage\":{\"@id\":\"https:\\\/\\\/www.puertocdelu.com.ar\\\/index.php\\\/2017\\\/06\\\/29\\\/el-ente-portuario-saluda-a-prefectura-en-su-aniversario\\\/\"},\"wordCount\":183,\"commentCount\":0,\"image\":{\"@id\":\"https:\\\/\\\/www.puertocdelu.com.ar\\\/index.php\\\/2017\\\/06\\\/29\\\/el-ente-portuario-saluda-a-prefectura-en-su-aniversario\\\/#primaryimage\"},\"thumbnailUrl\":\"https:\\\/\\\/www.puertocdelu.com.ar\\\/wp-content\\\/uploads\\\/2017\\\/06\\\/prefectura-naval-argentina-.jpg\",\"articleSection\":[\"Noticias\"],\"inLanguage\":\"es\",\"potentialAction\":[{\"@type\":\"CommentAction\",\"name\":\"Comment\",\"target\":[\"https:\\\/\\\/www.puertocdelu.com.ar\\\/index.php\\\/2017\\\/06\\\/29\\\/el-ente-portuario-saluda-a-prefectura-en-su-aniversario\\\/#respond\"]}]},{\"@type\":\"WebPage\",\"@id\":\"https:\\\/\\\/www.puertocdelu.com.ar\\\/index.php\\\/2017\\\/06\\\/29\\\/el-ente-portuario-saluda-a-prefectura-en-su-aniversario\\\/\",\"url\":\"https:\\\/\\\/www.puertocdelu.com.ar\\\/index.php\\\/2017\\\/06\\\/29\\\/el-ente-portuario-saluda-a-prefectura-en-su-aniversario\\\/\",\"name\":\"El Ente Portuario saluda a Prefectura en su aniversario - Puerto de Concepci\u00f3n del Uruguay\",\"isPartOf\":{\"@id\":\"https:\\\/\\\/www.puertocdelu.com.ar\\\/#website\"},\"primaryImageOfPage\":{\"@id\":\"https:\\\/\\\/www.puertocdelu.com.ar\\\/index.php\\\/2017\\\/06\\\/29\\\/el-ente-portuario-saluda-a-prefectura-en-su-aniversario\\\/#primaryimage\"},\"image\":{\"@id\":\"https:\\\/\\\/www.puertocdelu.com.ar\\\/index.php\\\/2017\\\/06\\\/29\\\/el-ente-portuario-saluda-a-prefectura-en-su-aniversario\\\/#primaryimage\"},\"thumbnailUrl\":\"https:\\\/\\\/www.puertocdelu.com.ar\\\/wp-content\\\/uploads\\\/2017\\\/06\\\/prefectura-naval-argentina-.jpg\",\"datePublished\":\"2017-06-29T02:30:17+00:00\",\"dateModified\":\"2017-06-29T10:54:04+00:00\",\"author\":{\"@id\":\"https:\\\/\\\/www.puertocdelu.com.ar\\\/#\\\/schema\\\/person\\\/9d258b923b29bd5f47ca80d9c8cd72d1\"},\"breadcrumb\":{\"@id\":\"https:\\\/\\\/www.puertocdelu.com.ar\\\/index.php\\\/2017\\\/06\\\/29\\\/el-ente-portuario-saluda-a-prefectura-en-su-aniversario\\\/#breadcrumb\"},\"inLanguage\":\"es\",\"potentialAction\":[{\"@type\":\"ReadAction\",\"target\":[\"https:\\\/\\\/www.puertocdelu.com.ar\\\/index.php\\\/2017\\\/06\\\/29\\\/el-ente-portuario-saluda-a-prefectura-en-su-aniversario\\\/\"]}]},{\"@type\":\"ImageObject\",\"inLanguage\":\"es\",\"@id\":\"https:\\\/\\\/www.puertocdelu.com.ar\\\/index.php\\\/2017\\\/06\\\/29\\\/el-ente-portuario-saluda-a-prefectura-en-su-aniversario\\\/#primaryimage\",\"url\":\"https:\\\/\\\/www.puertocdelu.com.ar\\\/wp-content\\\/uploads\\\/2017\\\/06\\\/prefectura-naval-argentina-.jpg\",\"contentUrl\":\"https:\\\/\\\/www.puertocdelu.com.ar\\\/wp-content\\\/uploads\\\/2017\\\/06\\\/prefectura-naval-argentina-.jpg\",\"width\":550,\"height\":270},{\"@type\":\"BreadcrumbList\",\"@id\":\"https:\\\/\\\/www.puertocdelu.com.ar\\\/index.php\\\/2017\\\/06\\\/29\\\/el-ente-portuario-saluda-a-prefectura-en-su-aniversario\\\/#breadcrumb\",\"itemListElement\":[{\"@type\":\"ListItem\",\"position\":1,\"name\":\"Portada\",\"item\":\"https:\\\/\\\/www.puertocdelu.com.ar\\\/\"},{\"@type\":\"ListItem\",\"position\":2,\"name\":\"El Ente Portuario saluda a Prefectura en su aniversario\"}]},{\"@type\":\"WebSite\",\"@id\":\"https:\\\/\\\/www.puertocdelu.com.ar\\\/#website\",\"url\":\"https:\\\/\\\/www.puertocdelu.com.ar\\\/\",\"name\":\"Puerto de Concepci\u00f3n del Uruguay\",\"description\":\"\",\"potentialAction\":[{\"@type\":\"SearchAction\",\"target\":{\"@type\":\"EntryPoint\",\"urlTemplate\":\"https:\\\/\\\/www.puertocdelu.com.ar\\\/?s={search_term_string}\"},\"query-input\":{\"@type\":\"PropertyValueSpecification\",\"valueRequired\":true,\"valueName\":\"search_term_string\"}}],\"inLanguage\":\"es\"},{\"@type\":\"Person\",\"@id\":\"https:\\\/\\\/www.puertocdelu.com.ar\\\/#\\\/schema\\\/person\\\/9d258b923b29bd5f47ca80d9c8cd72d1\",\"name\":\"PuertoCdelU\",\"image\":{\"@type\":\"ImageObject\",\"inLanguage\":\"es\",\"@id\":\"https:\\\/\\\/secure.gravatar.com\\\/avatar\\\/99e38dea1727d397df18aced5ac6840012bb7f24c8570dcfafabb73086aed88c?s=96&d=mm&r=g\",\"url\":\"https:\\\/\\\/secure.gravatar.com\\\/avatar\\\/99e38dea1727d397df18aced5ac6840012bb7f24c8570dcfafabb73086aed88c?s=96&d=mm&r=g\",\"contentUrl\":\"https:\\\/\\\/secure.gravatar.com\\\/avatar\\\/99e38dea1727d397df18aced5ac6840012bb7f24c8570dcfafabb73086aed88c?s=96&d=mm&r=g\",\"caption\":\"PuertoCdelU\"},\"url\":\"https:\\\/\\\/www.puertocdelu.com.ar\\\/index.php\\\/author\\\/hectordelos1\\\/\"}]}<\/script>\n<!-- \/ Yoast SEO plugin. -->","yoast_head_json":{"title":"El Ente Portuario saluda a Prefectura en su aniversario - Puerto de Concepci\u00f3n del Uruguay","robots":{"index":"index","follow":"follow","max-snippet":"max-snippet:-1","max-image-preview":"max-image-preview:large","max-video-preview":"max-video-preview:-1"},"canonical":"https:\/\/www.puertocdelu.com.ar\/index.php\/2017\/06\/29\/el-ente-portuario-saluda-a-prefectura-en-su-aniversario\/","og_locale":"es_ES","og_type":"article","og_title":"El Ente Portuario saluda a Prefectura en su aniversario - Puerto de Concepci\u00f3n del Uruguay","og_description":"El Ente Aut\u00e1rquico Puerto Concepci\u00f3n del Uruguay (EAPCU), se une en la celebraci\u00f3n de un nuevo aniversario de la creaci\u00f3n de la Prefectura Naval Argentina, y saluda a sus autoridades y a todo el personal que presta servicios en esta fuerza tan importante en el resguardo y la seguridad de las costas argentinas. Como Ente [&hellip;]","og_url":"https:\/\/www.puertocdelu.com.ar\/index.php\/2017\/06\/29\/el-ente-portuario-saluda-a-prefectura-en-su-aniversario\/","og_site_name":"Puerto de Concepci\u00f3n del Uruguay","article_published_time":"2017-06-29T02:30:17+00:00","article_modified_time":"2017-06-29T10:54:04+00:00","og_image":[{"width":550,"height":270,"url":"https:\/\/www.puertocdelu.com.ar\/wp-content\/uploads\/2017\/06\/prefectura-naval-argentina-.jpg","type":"image\/jpeg"}],"author":"PuertoCdelU","twitter_card":"summary_large_image","twitter_misc":{"Escrito por":"PuertoCdelU","Tiempo de lectura":"1 minuto"},"schema":{"@context":"https:\/\/schema.org","@graph":[{"@type":"Article","@id":"https:\/\/www.puertocdelu.com.ar\/index.php\/2017\/06\/29\/el-ente-portuario-saluda-a-prefectura-en-su-aniversario\/#article","isPartOf":{"@id":"https:\/\/www.puertocdelu.com.ar\/index.php\/2017\/06\/29\/el-ente-portuario-saluda-a-prefectura-en-su-aniversario\/"},"author":{"name":"PuertoCdelU","@id":"https:\/\/www.puertocdelu.com.ar\/#\/schema\/person\/9d258b923b29bd5f47ca80d9c8cd72d1"},"headline":"El Ente Portuario saluda a Prefectura en su aniversario","datePublished":"2017-06-29T02:30:17+00:00","dateModified":"2017-06-29T10:54:04+00:00","mainEntityOfPage":{"@id":"https:\/\/www.puertocdelu.com.ar\/index.php\/2017\/06\/29\/el-ente-portuario-saluda-a-prefectura-en-su-aniversario\/"},"wordCount":183,"commentCount":0,"image":{"@id":"https:\/\/www.puertocdelu.com.ar\/index.php\/2017\/06\/29\/el-ente-portuario-saluda-a-prefectura-en-su-aniversario\/#primaryimage"},"thumbnailUrl":"https:\/\/www.puertocdelu.com.ar\/wp-content\/uploads\/2017\/06\/prefectura-naval-argentina-.jpg","articleSection":["Noticias"],"inLanguage":"es","potentialAction":[{"@type":"CommentAction","name":"Comment","target":["https:\/\/www.puertocdelu.com.ar\/index.php\/2017\/06\/29\/el-ente-portuario-saluda-a-prefectura-en-su-aniversario\/#respond"]}]},{"@type":"WebPage","@id":"https:\/\/www.puertocdelu.com.ar\/index.php\/2017\/06\/29\/el-ente-portuario-saluda-a-prefectura-en-su-aniversario\/","url":"https:\/\/www.puertocdelu.com.ar\/index.php\/2017\/06\/29\/el-ente-portuario-saluda-a-prefectura-en-su-aniversario\/","name":"El Ente Portuario saluda a Prefectura en su aniversario - Puerto de Concepci\u00f3n del Uruguay","isPartOf":{"@id":"https:\/\/www.puertocdelu.com.ar\/#website"},"primaryImageOfPage":{"@id":"https:\/\/www.puertocdelu.com.ar\/index.php\/2017\/06\/29\/el-ente-portuario-saluda-a-prefectura-en-su-aniversario\/#primaryimage"},"image":{"@id":"https:\/\/www.puertocdelu.com.ar\/index.php\/2017\/06\/29\/el-ente-portuario-saluda-a-prefectura-en-su-aniversario\/#primaryimage"},"thumbnailUrl":"https:\/\/www.puertocdelu.com.ar\/wp-content\/uploads\/2017\/06\/prefectura-naval-argentina-.jpg","datePublished":"2017-06-29T02:30:17+00:00","dateModified":"2017-06-29T10:54:04+00:00","author":{"@id":"https:\/\/www.puertocdelu.com.ar\/#\/schema\/person\/9d258b923b29bd5f47ca80d9c8cd72d1"},"breadcrumb":{"@id":"https:\/\/www.puertocdelu.com.ar\/index.php\/2017\/06\/29\/el-ente-portuario-saluda-a-prefectura-en-su-aniversario\/#breadcrumb"},"inLanguage":"es","potentialAction":[{"@type":"ReadAction","target":["https:\/\/www.puertocdelu.com.ar\/index.php\/2017\/06\/29\/el-ente-portuario-saluda-a-prefectura-en-su-aniversario\/"]}]},{"@type":"ImageObject","inLanguage":"es","@id":"https:\/\/www.puertocdelu.com.ar\/index.php\/2017\/06\/29\/el-ente-portuario-saluda-a-prefectura-en-su-aniversario\/#primaryimage","url":"https:\/\/www.puertocdelu.com.ar\/wp-content\/uploads\/2017\/06\/prefectura-naval-argentina-.jpg","contentUrl":"https:\/\/www.puertocdelu.com.ar\/wp-content\/uploads\/2017\/06\/prefectura-naval-argentina-.jpg","width":550,"height":270},{"@type":"BreadcrumbList","@id":"https:\/\/www.puertocdelu.com.ar\/index.php\/2017\/06\/29\/el-ente-portuario-saluda-a-prefectura-en-su-aniversario\/#breadcrumb","itemListElement":[{"@type":"ListItem","position":1,"name":"Portada","item":"https:\/\/www.puertocdelu.com.ar\/"},{"@type":"ListItem","position":2,"name":"El Ente Portuario saluda a Prefectura en su aniversario"}]},{"@type":"WebSite","@id":"https:\/\/www.puertocdelu.com.ar\/#website","url":"https:\/\/www.puertocdelu.com.ar\/","name":"Puerto de Concepci\u00f3n del Uruguay","description":"","potentialAction":[{"@type":"SearchAction","target":{"@type":"EntryPoint","urlTemplate":"https:\/\/www.puertocdelu.com.ar\/?s={search_term_string}"},"query-input":{"@type":"PropertyValueSpecification","valueRequired":true,"valueName":"search_term_string"}}],"inLanguage":"es"},{"@type":"Person","@id":"https:\/\/www.puertocdelu.com.ar\/#\/schema\/person\/9d258b923b29bd5f47ca80d9c8cd72d1","name":"PuertoCdelU","image":{"@type":"ImageObject","inLanguage":"es","@id":"https:\/\/secure.gravatar.com\/avatar\/99e38dea1727d397df18aced5ac6840012bb7f24c8570dcfafabb73086aed88c?s=96&d=mm&r=g","url":"https:\/\/secure.gravatar.com\/avatar\/99e38dea1727d397df18aced5ac6840012bb7f24c8570dcfafabb73086aed88c?s=96&d=mm&r=g","contentUrl":"https:\/\/secure.gravatar.com\/avatar\/99e38dea1727d397df18aced5ac6840012bb7f24c8570dcfafabb73086aed88c?s=96&d=mm&r=g","caption":"PuertoCdelU"},"url":"https:\/\/www.puertocdelu.com.ar\/index.php\/author\/hectordelos1\/"}]}},"_links":{"self":[{"href":"https:\/\/www.puertocdelu.com.ar\/index.php\/wp-json\/wp\/v2\/posts\/1365","targetHints":{"allow":["GET"]}}],"collection":[{"href":"https:\/\/www.puertocdelu.com.ar\/index.php\/wp-json\/wp\/v2\/posts"}],"about":[{"href":"https:\/\/www.puertocdelu.com.ar\/index.php\/wp-json\/wp\/v2\/types\/post"}],"author":[{"embeddable":true,"href":"https:\/\/www.puertocdelu.com.ar\/index.php\/wp-json\/wp\/v2\/users\/1"}],"replies":[{"embeddable":true,"href":"https:\/\/www.puertocdelu.com.ar\/index.php\/wp-json\/wp\/v2\/comments?post=1365"}],"version-history":[{"count":2,"href":"https:\/\/www.puertocdelu.com.ar\/index.php\/wp-json\/wp\/v2\/posts\/1365\/revisions"}],"predecessor-version":[{"id":1368,"href":"https:\/\/www.puertocdelu.com.ar\/index.php\/wp-json\/wp\/v2\/posts\/1365\/revisions\/1368"}],"wp:featuredmedia":[{"embeddable":true,"href":"https:\/\/www.puertocdelu.com.ar\/index.php\/wp-json\/wp\/v2\/media\/1366"}],"wp:attachment":[{"href":"https:\/\/www.puertocdelu.com.ar\/index.php\/wp-json\/wp\/v2\/media?parent=1365"}],"wp:term":[{"taxonomy":"category","embeddable":true,"href":"https:\/\/www.puertocdelu.com.ar\/index.php\/wp-json\/wp\/v2\/categories?post=1365"},{"taxonomy":"post_tag","embeddable":true,"href":"https:\/\/www.puertocdelu.com.ar\/index.php\/wp-json\/wp\/v2\/tags?post=1365"}],"curies":[{"name":"wp","href":"https:\/\/api.w.org\/{rel}","templated":true}]}}