{"id":1385,"date":"2017-07-18T23:59:28","date_gmt":"2017-07-18T23:59:28","guid":{"rendered":"http:\/\/www.puertocdelu.com.ar\/?p=1385"},"modified":"2017-07-18T23:59:28","modified_gmt":"2017-07-18T23:59:28","slug":"la-provincia-reclamara-a-la-nacion-por-la-situacion-de-la-cadena-avicola","status":"publish","type":"post","link":"https:\/\/www.puertocdelu.com.ar\/index.php\/2017\/07\/18\/la-provincia-reclamara-a-la-nacion-por-la-situacion-de-la-cadena-avicola\/","title":{"rendered":"La provincia reclamar\u00e1 a la Naci\u00f3n por la situaci\u00f3n de la cadena av\u00edcola"},"content":{"rendered":"<p>El ministro de Producci\u00f3n solicit\u00f3 una audiencia con el titular de Agroindustria, Ricardo Buryaile, para plantearle la compleja situaci\u00f3n por la que atraviesa la cadena av\u00edcola provincial, afectada por variables macroecon\u00f3micas nacionales, que impactan negativamente en las econom\u00edas regionales.<br \/>\nEl ministro de Producci\u00f3n de la provincia, Carlos Schepens, record\u00f3 que hace pocos d\u00edas el gobernador Gustavo Bordet recibi\u00f3 a empresarios de la cadena av\u00edcola, quienes se mostraron preocupados por \u201cla falta de competitividad del sector\u201d. Del encuentro particip\u00f3 Marcelo De Grazia, de Granja Tres Arroyos, y el titular de Noelma S.A., N\u00e9stor Eggs.<br \/>\nEl ministro de Producci\u00f3n resalt\u00f3 que \u201cpara Entre R\u00edos, la avicultura es el gran motor de nuestra econom\u00eda, fueron muchos a\u00f1os de inversi\u00f3n para crecer y consolidar una cadena de valor agregado, que hoy la estamos `rifando\u00b4 por decisiones que se toman, sin pensar que hay mucha gente en cada uno de los eslabones productivos. Son miles de familias que tienen una gran incertidumbre sobre su futuro\u201d.<br \/>\nAsimismo, el ministro coment\u00f3: \u201cHace un a\u00f1o tuvimos una reuni\u00f3n, en Gualeguaych\u00fa, con Rogelio Frigerio. A la semana siguiente est\u00e1bamos reunidos, los due\u00f1os de todos los frigor\u00edficos av\u00edcolas con medio gabinete productivo del gobierno nacional, junto con el gobernador. Se les pidi\u00f3 evaluar algunas decisiones de pol\u00edtica econ\u00f3mica tomadas y hasta hoy no hubo respuesta\u201d.<br \/>\nSchepens tambi\u00e9n record\u00f3 que \u201cdurante la celebraci\u00f3n del d\u00eda de la avicultura, las entidades del sector, tanto la C\u00e1mara de Empresas Procesadoras Av\u00edcolas como los productores de huevos, plantearon la situaci\u00f3n claramente. Si queremos ser el supermercado del mundo estas producciones no pueden seguir esperando\u201d.<br \/>\nEn ese espacio, \u201clos avicultores plantearon la necesidad de impulsar una pol\u00edtica para volver a posicionar la carne aviar en los mercados internacionales, ya que las empresas tienen un alto stock de cajas congeladas en pollos y un excedente de 30 huevos\/h\/a\u00f1o como un atraso constante de stock en granja, que los obliga a reducir sus planteles de parrilleros y ponedoras, poniendo en riesgo el trabajo de muchos entrerrianos\u201d, a\u00f1adi\u00f3 el ministro.<br \/>\nEn esa l\u00ednea, Schepens explic\u00f3: \u201cEn el gobierno entrerriano cuando hay situaciones de emergencia, siempre tratamos de acompa\u00f1ar a todos los sectores, yendo a las entidades crediticias, peleando para conseguir tasas razonables y aportando desde la provincia para que realmente se pueda seguir trabajando. Hoy estamos observando un pa\u00eds, que salvo los sectores especulativos, se est\u00e1 achicando\u201d.<br \/>\nEl titular de la cartera de Producci\u00f3n record\u00f3 que en la reuni\u00f3n con el gobernador, el empresario N\u00e9stor Eggs precis\u00f3 que en la avicultura \u201cpor cada mill\u00f3n de pollos en producci\u00f3n, se ocupan mil personas, por lo tanto una compa\u00f1\u00eda que tiene siete millones de cabezas, tiene siete mil personas ocupadas, algunos directamente y otros indirectamente por los servicios que se generan\u201d, le inform\u00f3 el empresario al gobernador.<br \/>\nSchepens record\u00f3 que la avicultura argentina genera unos 100.000 puestos de trabajo y de estos 50 por ciento son de Entre R\u00edos, por lo cual sino se revierte esta situaci\u00f3n tendr\u00eda una gran repercusi\u00f3n en esta provincia que es el primer productor nacional y participa con el 48,5 % de la producci\u00f3n nacional, con 3.400 establecimientos av\u00edcolas en general (pollos parrilleros \u2013 aves de postura- reproductoras-recr\u00edas- plantas de incubaci\u00f3n).<br \/>\nHay m\u00e1s de 6.500 galpones de crianza de pollos parrilleros, esto hace que la avicultura entrerriana de carne posea el 54 por ciento de las granjas del pa\u00eds, desde donde salen m\u00e1s del 60 por ciento de las exportaciones de carne aviar.<\/p>\n","protected":false},"excerpt":{"rendered":"<p>El ministro de Producci\u00f3n solicit\u00f3 una audiencia con el titular de Agroindustria, Ricardo Buryaile, para plantearle la compleja situaci\u00f3n por la que atraviesa la cadena av\u00edcola provincial, afectada por variables macroecon\u00f3micas nacionales, que impactan negativamente en las econom\u00edas regionales. El ministro de Producci\u00f3n de la provincia, Carlos Schepens, record\u00f3 que hace pocos d\u00edas el gobernador [&hellip;]<\/p>\n","protected":false},"author":1,"featured_media":1386,"comment_status":"open","ping_status":"open","sticky":false,"template":"","format":"standard","meta":{"footnotes":""},"categories":[81],"tags":[],"class_list":{"0":"post-1385","1":"post","2":"type-post","3":"status-publish","4":"format-standard","5":"has-post-thumbnail","7":"category-noticias"},"yoast_head":"<!-- This site is optimized with the Yoast SEO plugin v27.4 - https:\/\/yoast.com\/product\/yoast-seo-wordpress\/ -->\n<title>La provincia reclamar\u00e1 a la Naci\u00f3n por la situaci\u00f3n de la cadena av\u00edcola - Puerto de Concepci\u00f3n del Uruguay<\/title>\n<meta name=\"robots\" content=\"index, follow, max-snippet:-1, max-image-preview:large, max-video-preview:-1\" \/>\n<link rel=\"canonical\" href=\"https:\/\/www.puertocdelu.com.ar\/index.php\/2017\/07\/18\/la-provincia-reclamara-a-la-nacion-por-la-situacion-de-la-cadena-avicola\/\" \/>\n<meta property=\"og:locale\" content=\"es_ES\" \/>\n<meta property=\"og:type\" content=\"article\" \/>\n<meta property=\"og:title\" content=\"La provincia reclamar\u00e1 a la Naci\u00f3n por la situaci\u00f3n de la cadena av\u00edcola - Puerto de Concepci\u00f3n del Uruguay\" \/>\n<meta property=\"og:description\" content=\"El ministro de Producci\u00f3n solicit\u00f3 una audiencia con el titular de Agroindustria, Ricardo Buryaile, para plantearle la compleja situaci\u00f3n por la que atraviesa la cadena av\u00edcola provincial, afectada por variables macroecon\u00f3micas nacionales, que impactan negativamente en las econom\u00edas regionales. El ministro de Producci\u00f3n de la provincia, Carlos Schepens, record\u00f3 que hace pocos d\u00edas el gobernador [&hellip;]\" \/>\n<meta property=\"og:url\" content=\"https:\/\/www.puertocdelu.com.ar\/index.php\/2017\/07\/18\/la-provincia-reclamara-a-la-nacion-por-la-situacion-de-la-cadena-avicola\/\" \/>\n<meta property=\"og:site_name\" content=\"Puerto de Concepci\u00f3n del Uruguay\" \/>\n<meta property=\"article:published_time\" content=\"2017-07-18T23:59:28+00:00\" \/>\n<meta property=\"og:image\" content=\"https:\/\/www.puertocdelu.com.ar\/wp-content\/uploads\/2017\/07\/623_provincia-reclama-a-nacion-por-cadena-avicola.jpg\" \/>\n\t<meta property=\"og:image:width\" content=\"900\" \/>\n\t<meta property=\"og:image:height\" content=\"410\" \/>\n\t<meta property=\"og:image:type\" content=\"image\/jpeg\" \/>\n<meta name=\"author\" content=\"PuertoCdelU\" \/>\n<meta name=\"twitter:card\" content=\"summary_large_image\" \/>\n<meta name=\"twitter:label1\" content=\"Escrito por\" \/>\n\t<meta name=\"twitter:data1\" content=\"PuertoCdelU\" \/>\n\t<meta name=\"twitter:label2\" content=\"Tiempo de lectura\" \/>\n\t<meta name=\"twitter:data2\" content=\"3 minutos\" \/>\n<script type=\"application\/ld+json\" class=\"yoast-schema-graph\">{\"@context\":\"https:\\\/\\\/schema.org\",\"@graph\":[{\"@type\":\"Article\",\"@id\":\"https:\\\/\\\/www.puertocdelu.com.ar\\\/index.php\\\/2017\\\/07\\\/18\\\/la-provincia-reclamara-a-la-nacion-por-la-situacion-de-la-cadena-avicola\\\/#article\",\"isPartOf\":{\"@id\":\"https:\\\/\\\/www.puertocdelu.com.ar\\\/index.php\\\/2017\\\/07\\\/18\\\/la-provincia-reclamara-a-la-nacion-por-la-situacion-de-la-cadena-avicola\\\/\"},\"author\":{\"name\":\"PuertoCdelU\",\"@id\":\"https:\\\/\\\/www.puertocdelu.com.ar\\\/#\\\/schema\\\/person\\\/9d258b923b29bd5f47ca80d9c8cd72d1\"},\"headline\":\"La provincia reclamar\u00e1 a la Naci\u00f3n por la situaci\u00f3n de la cadena av\u00edcola\",\"datePublished\":\"2017-07-18T23:59:28+00:00\",\"mainEntityOfPage\":{\"@id\":\"https:\\\/\\\/www.puertocdelu.com.ar\\\/index.php\\\/2017\\\/07\\\/18\\\/la-provincia-reclamara-a-la-nacion-por-la-situacion-de-la-cadena-avicola\\\/\"},\"wordCount\":628,\"commentCount\":0,\"image\":{\"@id\":\"https:\\\/\\\/www.puertocdelu.com.ar\\\/index.php\\\/2017\\\/07\\\/18\\\/la-provincia-reclamara-a-la-nacion-por-la-situacion-de-la-cadena-avicola\\\/#primaryimage\"},\"thumbnailUrl\":\"https:\\\/\\\/www.puertocdelu.com.ar\\\/wp-content\\\/uploads\\\/2017\\\/07\\\/623_provincia-reclama-a-nacion-por-cadena-avicola.jpg\",\"articleSection\":[\"Noticias\"],\"inLanguage\":\"es\",\"potentialAction\":[{\"@type\":\"CommentAction\",\"name\":\"Comment\",\"target\":[\"https:\\\/\\\/www.puertocdelu.com.ar\\\/index.php\\\/2017\\\/07\\\/18\\\/la-provincia-reclamara-a-la-nacion-por-la-situacion-de-la-cadena-avicola\\\/#respond\"]}]},{\"@type\":\"WebPage\",\"@id\":\"https:\\\/\\\/www.puertocdelu.com.ar\\\/index.php\\\/2017\\\/07\\\/18\\\/la-provincia-reclamara-a-la-nacion-por-la-situacion-de-la-cadena-avicola\\\/\",\"url\":\"https:\\\/\\\/www.puertocdelu.com.ar\\\/index.php\\\/2017\\\/07\\\/18\\\/la-provincia-reclamara-a-la-nacion-por-la-situacion-de-la-cadena-avicola\\\/\",\"name\":\"La provincia reclamar\u00e1 a la Naci\u00f3n por la situaci\u00f3n de la cadena av\u00edcola - Puerto de Concepci\u00f3n del Uruguay\",\"isPartOf\":{\"@id\":\"https:\\\/\\\/www.puertocdelu.com.ar\\\/#website\"},\"primaryImageOfPage\":{\"@id\":\"https:\\\/\\\/www.puertocdelu.com.ar\\\/index.php\\\/2017\\\/07\\\/18\\\/la-provincia-reclamara-a-la-nacion-por-la-situacion-de-la-cadena-avicola\\\/#primaryimage\"},\"image\":{\"@id\":\"https:\\\/\\\/www.puertocdelu.com.ar\\\/index.php\\\/2017\\\/07\\\/18\\\/la-provincia-reclamara-a-la-nacion-por-la-situacion-de-la-cadena-avicola\\\/#primaryimage\"},\"thumbnailUrl\":\"https:\\\/\\\/www.puertocdelu.com.ar\\\/wp-content\\\/uploads\\\/2017\\\/07\\\/623_provincia-reclama-a-nacion-por-cadena-avicola.jpg\",\"datePublished\":\"2017-07-18T23:59:28+00:00\",\"author\":{\"@id\":\"https:\\\/\\\/www.puertocdelu.com.ar\\\/#\\\/schema\\\/person\\\/9d258b923b29bd5f47ca80d9c8cd72d1\"},\"breadcrumb\":{\"@id\":\"https:\\\/\\\/www.puertocdelu.com.ar\\\/index.php\\\/2017\\\/07\\\/18\\\/la-provincia-reclamara-a-la-nacion-por-la-situacion-de-la-cadena-avicola\\\/#breadcrumb\"},\"inLanguage\":\"es\",\"potentialAction\":[{\"@type\":\"ReadAction\",\"target\":[\"https:\\\/\\\/www.puertocdelu.com.ar\\\/index.php\\\/2017\\\/07\\\/18\\\/la-provincia-reclamara-a-la-nacion-por-la-situacion-de-la-cadena-avicola\\\/\"]}]},{\"@type\":\"ImageObject\",\"inLanguage\":\"es\",\"@id\":\"https:\\\/\\\/www.puertocdelu.com.ar\\\/index.php\\\/2017\\\/07\\\/18\\\/la-provincia-reclamara-a-la-nacion-por-la-situacion-de-la-cadena-avicola\\\/#primaryimage\",\"url\":\"https:\\\/\\\/www.puertocdelu.com.ar\\\/wp-content\\\/uploads\\\/2017\\\/07\\\/623_provincia-reclama-a-nacion-por-cadena-avicola.jpg\",\"contentUrl\":\"https:\\\/\\\/www.puertocdelu.com.ar\\\/wp-content\\\/uploads\\\/2017\\\/07\\\/623_provincia-reclama-a-nacion-por-cadena-avicola.jpg\",\"width\":900,\"height\":410},{\"@type\":\"BreadcrumbList\",\"@id\":\"https:\\\/\\\/www.puertocdelu.com.ar\\\/index.php\\\/2017\\\/07\\\/18\\\/la-provincia-reclamara-a-la-nacion-por-la-situacion-de-la-cadena-avicola\\\/#breadcrumb\",\"itemListElement\":[{\"@type\":\"ListItem\",\"position\":1,\"name\":\"Portada\",\"item\":\"https:\\\/\\\/www.puertocdelu.com.ar\\\/\"},{\"@type\":\"ListItem\",\"position\":2,\"name\":\"La provincia reclamar\u00e1 a la Naci\u00f3n por la situaci\u00f3n de la cadena av\u00edcola\"}]},{\"@type\":\"WebSite\",\"@id\":\"https:\\\/\\\/www.puertocdelu.com.ar\\\/#website\",\"url\":\"https:\\\/\\\/www.puertocdelu.com.ar\\\/\",\"name\":\"Puerto de Concepci\u00f3n del Uruguay\",\"description\":\"\",\"potentialAction\":[{\"@type\":\"SearchAction\",\"target\":{\"@type\":\"EntryPoint\",\"urlTemplate\":\"https:\\\/\\\/www.puertocdelu.com.ar\\\/?s={search_term_string}\"},\"query-input\":{\"@type\":\"PropertyValueSpecification\",\"valueRequired\":true,\"valueName\":\"search_term_string\"}}],\"inLanguage\":\"es\"},{\"@type\":\"Person\",\"@id\":\"https:\\\/\\\/www.puertocdelu.com.ar\\\/#\\\/schema\\\/person\\\/9d258b923b29bd5f47ca80d9c8cd72d1\",\"name\":\"PuertoCdelU\",\"image\":{\"@type\":\"ImageObject\",\"inLanguage\":\"es\",\"@id\":\"https:\\\/\\\/secure.gravatar.com\\\/avatar\\\/99e38dea1727d397df18aced5ac6840012bb7f24c8570dcfafabb73086aed88c?s=96&d=mm&r=g\",\"url\":\"https:\\\/\\\/secure.gravatar.com\\\/avatar\\\/99e38dea1727d397df18aced5ac6840012bb7f24c8570dcfafabb73086aed88c?s=96&d=mm&r=g\",\"contentUrl\":\"https:\\\/\\\/secure.gravatar.com\\\/avatar\\\/99e38dea1727d397df18aced5ac6840012bb7f24c8570dcfafabb73086aed88c?s=96&d=mm&r=g\",\"caption\":\"PuertoCdelU\"},\"url\":\"https:\\\/\\\/www.puertocdelu.com.ar\\\/index.php\\\/author\\\/hectordelos1\\\/\"}]}<\/script>\n<!-- \/ Yoast SEO plugin. -->","yoast_head_json":{"title":"La provincia reclamar\u00e1 a la Naci\u00f3n por la situaci\u00f3n de la cadena av\u00edcola - Puerto de Concepci\u00f3n del Uruguay","robots":{"index":"index","follow":"follow","max-snippet":"max-snippet:-1","max-image-preview":"max-image-preview:large","max-video-preview":"max-video-preview:-1"},"canonical":"https:\/\/www.puertocdelu.com.ar\/index.php\/2017\/07\/18\/la-provincia-reclamara-a-la-nacion-por-la-situacion-de-la-cadena-avicola\/","og_locale":"es_ES","og_type":"article","og_title":"La provincia reclamar\u00e1 a la Naci\u00f3n por la situaci\u00f3n de la cadena av\u00edcola - Puerto de Concepci\u00f3n del Uruguay","og_description":"El ministro de Producci\u00f3n solicit\u00f3 una audiencia con el titular de Agroindustria, Ricardo Buryaile, para plantearle la compleja situaci\u00f3n por la que atraviesa la cadena av\u00edcola provincial, afectada por variables macroecon\u00f3micas nacionales, que impactan negativamente en las econom\u00edas regionales. El ministro de Producci\u00f3n de la provincia, Carlos Schepens, record\u00f3 que hace pocos d\u00edas el gobernador [&hellip;]","og_url":"https:\/\/www.puertocdelu.com.ar\/index.php\/2017\/07\/18\/la-provincia-reclamara-a-la-nacion-por-la-situacion-de-la-cadena-avicola\/","og_site_name":"Puerto de Concepci\u00f3n del Uruguay","article_published_time":"2017-07-18T23:59:28+00:00","og_image":[{"width":900,"height":410,"url":"https:\/\/www.puertocdelu.com.ar\/wp-content\/uploads\/2017\/07\/623_provincia-reclama-a-nacion-por-cadena-avicola.jpg","type":"image\/jpeg"}],"author":"PuertoCdelU","twitter_card":"summary_large_image","twitter_misc":{"Escrito por":"PuertoCdelU","Tiempo de lectura":"3 minutos"},"schema":{"@context":"https:\/\/schema.org","@graph":[{"@type":"Article","@id":"https:\/\/www.puertocdelu.com.ar\/index.php\/2017\/07\/18\/la-provincia-reclamara-a-la-nacion-por-la-situacion-de-la-cadena-avicola\/#article","isPartOf":{"@id":"https:\/\/www.puertocdelu.com.ar\/index.php\/2017\/07\/18\/la-provincia-reclamara-a-la-nacion-por-la-situacion-de-la-cadena-avicola\/"},"author":{"name":"PuertoCdelU","@id":"https:\/\/www.puertocdelu.com.ar\/#\/schema\/person\/9d258b923b29bd5f47ca80d9c8cd72d1"},"headline":"La provincia reclamar\u00e1 a la Naci\u00f3n por la situaci\u00f3n de la cadena av\u00edcola","datePublished":"2017-07-18T23:59:28+00:00","mainEntityOfPage":{"@id":"https:\/\/www.puertocdelu.com.ar\/index.php\/2017\/07\/18\/la-provincia-reclamara-a-la-nacion-por-la-situacion-de-la-cadena-avicola\/"},"wordCount":628,"commentCount":0,"image":{"@id":"https:\/\/www.puertocdelu.com.ar\/index.php\/2017\/07\/18\/la-provincia-reclamara-a-la-nacion-por-la-situacion-de-la-cadena-avicola\/#primaryimage"},"thumbnailUrl":"https:\/\/www.puertocdelu.com.ar\/wp-content\/uploads\/2017\/07\/623_provincia-reclama-a-nacion-por-cadena-avicola.jpg","articleSection":["Noticias"],"inLanguage":"es","potentialAction":[{"@type":"CommentAction","name":"Comment","target":["https:\/\/www.puertocdelu.com.ar\/index.php\/2017\/07\/18\/la-provincia-reclamara-a-la-nacion-por-la-situacion-de-la-cadena-avicola\/#respond"]}]},{"@type":"WebPage","@id":"https:\/\/www.puertocdelu.com.ar\/index.php\/2017\/07\/18\/la-provincia-reclamara-a-la-nacion-por-la-situacion-de-la-cadena-avicola\/","url":"https:\/\/www.puertocdelu.com.ar\/index.php\/2017\/07\/18\/la-provincia-reclamara-a-la-nacion-por-la-situacion-de-la-cadena-avicola\/","name":"La provincia reclamar\u00e1 a la Naci\u00f3n por la situaci\u00f3n de la cadena av\u00edcola - Puerto de Concepci\u00f3n del Uruguay","isPartOf":{"@id":"https:\/\/www.puertocdelu.com.ar\/#website"},"primaryImageOfPage":{"@id":"https:\/\/www.puertocdelu.com.ar\/index.php\/2017\/07\/18\/la-provincia-reclamara-a-la-nacion-por-la-situacion-de-la-cadena-avicola\/#primaryimage"},"image":{"@id":"https:\/\/www.puertocdelu.com.ar\/index.php\/2017\/07\/18\/la-provincia-reclamara-a-la-nacion-por-la-situacion-de-la-cadena-avicola\/#primaryimage"},"thumbnailUrl":"https:\/\/www.puertocdelu.com.ar\/wp-content\/uploads\/2017\/07\/623_provincia-reclama-a-nacion-por-cadena-avicola.jpg","datePublished":"2017-07-18T23:59:28+00:00","author":{"@id":"https:\/\/www.puertocdelu.com.ar\/#\/schema\/person\/9d258b923b29bd5f47ca80d9c8cd72d1"},"breadcrumb":{"@id":"https:\/\/www.puertocdelu.com.ar\/index.php\/2017\/07\/18\/la-provincia-reclamara-a-la-nacion-por-la-situacion-de-la-cadena-avicola\/#breadcrumb"},"inLanguage":"es","potentialAction":[{"@type":"ReadAction","target":["https:\/\/www.puertocdelu.com.ar\/index.php\/2017\/07\/18\/la-provincia-reclamara-a-la-nacion-por-la-situacion-de-la-cadena-avicola\/"]}]},{"@type":"ImageObject","inLanguage":"es","@id":"https:\/\/www.puertocdelu.com.ar\/index.php\/2017\/07\/18\/la-provincia-reclamara-a-la-nacion-por-la-situacion-de-la-cadena-avicola\/#primaryimage","url":"https:\/\/www.puertocdelu.com.ar\/wp-content\/uploads\/2017\/07\/623_provincia-reclama-a-nacion-por-cadena-avicola.jpg","contentUrl":"https:\/\/www.puertocdelu.com.ar\/wp-content\/uploads\/2017\/07\/623_provincia-reclama-a-nacion-por-cadena-avicola.jpg","width":900,"height":410},{"@type":"BreadcrumbList","@id":"https:\/\/www.puertocdelu.com.ar\/index.php\/2017\/07\/18\/la-provincia-reclamara-a-la-nacion-por-la-situacion-de-la-cadena-avicola\/#breadcrumb","itemListElement":[{"@type":"ListItem","position":1,"name":"Portada","item":"https:\/\/www.puertocdelu.com.ar\/"},{"@type":"ListItem","position":2,"name":"La provincia reclamar\u00e1 a la Naci\u00f3n por la situaci\u00f3n de la cadena av\u00edcola"}]},{"@type":"WebSite","@id":"https:\/\/www.puertocdelu.com.ar\/#website","url":"https:\/\/www.puertocdelu.com.ar\/","name":"Puerto de Concepci\u00f3n del Uruguay","description":"","potentialAction":[{"@type":"SearchAction","target":{"@type":"EntryPoint","urlTemplate":"https:\/\/www.puertocdelu.com.ar\/?s={search_term_string}"},"query-input":{"@type":"PropertyValueSpecification","valueRequired":true,"valueName":"search_term_string"}}],"inLanguage":"es"},{"@type":"Person","@id":"https:\/\/www.puertocdelu.com.ar\/#\/schema\/person\/9d258b923b29bd5f47ca80d9c8cd72d1","name":"PuertoCdelU","image":{"@type":"ImageObject","inLanguage":"es","@id":"https:\/\/secure.gravatar.com\/avatar\/99e38dea1727d397df18aced5ac6840012bb7f24c8570dcfafabb73086aed88c?s=96&d=mm&r=g","url":"https:\/\/secure.gravatar.com\/avatar\/99e38dea1727d397df18aced5ac6840012bb7f24c8570dcfafabb73086aed88c?s=96&d=mm&r=g","contentUrl":"https:\/\/secure.gravatar.com\/avatar\/99e38dea1727d397df18aced5ac6840012bb7f24c8570dcfafabb73086aed88c?s=96&d=mm&r=g","caption":"PuertoCdelU"},"url":"https:\/\/www.puertocdelu.com.ar\/index.php\/author\/hectordelos1\/"}]}},"_links":{"self":[{"href":"https:\/\/www.puertocdelu.com.ar\/index.php\/wp-json\/wp\/v2\/posts\/1385","targetHints":{"allow":["GET"]}}],"collection":[{"href":"https:\/\/www.puertocdelu.com.ar\/index.php\/wp-json\/wp\/v2\/posts"}],"about":[{"href":"https:\/\/www.puertocdelu.com.ar\/index.php\/wp-json\/wp\/v2\/types\/post"}],"author":[{"embeddable":true,"href":"https:\/\/www.puertocdelu.com.ar\/index.php\/wp-json\/wp\/v2\/users\/1"}],"replies":[{"embeddable":true,"href":"https:\/\/www.puertocdelu.com.ar\/index.php\/wp-json\/wp\/v2\/comments?post=1385"}],"version-history":[{"count":1,"href":"https:\/\/www.puertocdelu.com.ar\/index.php\/wp-json\/wp\/v2\/posts\/1385\/revisions"}],"predecessor-version":[{"id":1387,"href":"https:\/\/www.puertocdelu.com.ar\/index.php\/wp-json\/wp\/v2\/posts\/1385\/revisions\/1387"}],"wp:featuredmedia":[{"embeddable":true,"href":"https:\/\/www.puertocdelu.com.ar\/index.php\/wp-json\/wp\/v2\/media\/1386"}],"wp:attachment":[{"href":"https:\/\/www.puertocdelu.com.ar\/index.php\/wp-json\/wp\/v2\/media?parent=1385"}],"wp:term":[{"taxonomy":"category","embeddable":true,"href":"https:\/\/www.puertocdelu.com.ar\/index.php\/wp-json\/wp\/v2\/categories?post=1385"},{"taxonomy":"post_tag","embeddable":true,"href":"https:\/\/www.puertocdelu.com.ar\/index.php\/wp-json\/wp\/v2\/tags?post=1385"}],"curies":[{"name":"wp","href":"https:\/\/api.w.org\/{rel}","templated":true}]}}