{"id":1409,"date":"2017-08-09T11:51:59","date_gmt":"2017-08-09T11:51:59","guid":{"rendered":"http:\/\/www.puertocdelu.com.ar\/?p=1409"},"modified":"2017-08-09T11:53:27","modified_gmt":"2017-08-09T11:53:27","slug":"la-caru-prorrogo-el-plazo-para-presentar-ofertas-para-el-dragado-del-rio-uruguay","status":"publish","type":"post","link":"https:\/\/www.puertocdelu.com.ar\/index.php\/2017\/08\/09\/la-caru-prorrogo-el-plazo-para-presentar-ofertas-para-el-dragado-del-rio-uruguay\/","title":{"rendered":"La CARU prorrog\u00f3 el plazo para presentar ofertas para el dragado del r\u00edo Uruguay"},"content":{"rendered":"<p class=\"MsoNormal\">Se prorrog\u00f3 el plazo para la presentaci\u00f3n de ofertas para el segundo a segundo llamado a concurso de precios para la contrataci\u00f3n de los trabajos de dragado de apertura, profundizaci\u00f3n y mantenimiento en el r\u00edo Uruguay entre el Km 0 Y EL Km 206,8, incluido el canal de acceso al puerto de Concepci\u00f3n del Uruguay.<\/p>\n<p class=\"MsoNormal\">As\u00ed lo inform\u00f3 la Comisi\u00f3n Administradora del R\u00edo Uruguay (CARU), organismo que public\u00f3 el 2do llamado a Concurso de Precios para la obra que se encuentra comprendida en el \u201cProyecto de dragado de profundizaci\u00f3n y balizamiento del R\u00edo Uruguay desde el km 0 al km 187,1, incluyendo el canal de acceso al puerto de Concepci\u00f3n del Uruguay y los canales entre el km 187,1 y el km 206,8 puerto de Paysand\u00fa\u201d, cuyo dise\u00f1o y posterior ejecuci\u00f3n ha sido encomendado por los gobiernos de ambos Estados Parte a la CARU.<\/p>\n<p class=\"MsoNormal\">El Pliego de Bases y Condiciones del llamado, con las correspondientes Especificaciones T\u00e9cnicas y Anexos se encuentra disponible para la consulta, en la Sede de la Comisi\u00f3n Administradora del R\u00edo Uruguay, sita en la Avenida Costanera Norte s\/N\u00b0, Paysand\u00fa, Rep\u00fablica Oriental del Uruguay y en este Sitio Web de la CARU.<\/p>\n<p class=\"MsoNormal\">El plazo para la presentaci\u00f3n de Ofertas venc\u00eda inicialmente el d\u00eda 22 de agosto de 2017 a las 11.00 horas.<\/p>\n<p class=\"MsoNormal\">Sin embargo, de acuerdo a la Circular 3 del organismo binacional, se ha extendido dicho plazo para entrega de las ofertas ya que hubo varias consultas que consideraban \u201cinsuficiente la extensi\u00f3n de tiempo concedida para un estudio pormenorizado del proyecto, la recopilaci\u00f3n\/legalizaci\u00f3n de la documentaci\u00f3n exigida y preparaci\u00f3n de la propuesta t\u00e9cnica en los t\u00e9rminos del pliego, por lo que se solicita tengan a bien extender la pr\u00f3rroga ya concedida a 60 d\u00edas\u201d.<\/p>\n<p class=\"MsoNormal\">Considerado los motivos expresado en \u00e9sta y otras solicitudes similares, la Comisi\u00f3n ha resuelto prorrogar el plazo estipulado, estableciendo como nueva fecha para la presentaci\u00f3n y apertura de ofertas, el d\u00eda 10 de octubre de 2017 a las 11:00 horas en la Sede de la Comisi\u00f3n Administradora del R\u00edo Uruguay.<\/p>\n","protected":false},"excerpt":{"rendered":"<p>Se prorrog\u00f3 el plazo para la presentaci\u00f3n de ofertas para el segundo a segundo llamado a concurso de precios para la contrataci\u00f3n de los trabajos de dragado de apertura, profundizaci\u00f3n y mantenimiento en el r\u00edo Uruguay entre el Km 0 Y EL Km 206,8, incluido el canal de acceso al puerto de Concepci\u00f3n del Uruguay. [&hellip;]<\/p>\n","protected":false},"author":1,"featured_media":1208,"comment_status":"open","ping_status":"open","sticky":false,"template":"","format":"standard","meta":{"footnotes":""},"categories":[81],"tags":[],"class_list":{"0":"post-1409","1":"post","2":"type-post","3":"status-publish","4":"format-standard","5":"has-post-thumbnail","7":"category-noticias"},"yoast_head":"<!-- This site is optimized with the Yoast SEO plugin v27.4 - https:\/\/yoast.com\/product\/yoast-seo-wordpress\/ -->\n<title>La CARU prorrog\u00f3 el plazo para presentar ofertas para el dragado del r\u00edo Uruguay - Puerto de Concepci\u00f3n del Uruguay<\/title>\n<meta name=\"robots\" content=\"index, follow, max-snippet:-1, max-image-preview:large, max-video-preview:-1\" \/>\n<link rel=\"canonical\" href=\"https:\/\/www.puertocdelu.com.ar\/index.php\/2017\/08\/09\/la-caru-prorrogo-el-plazo-para-presentar-ofertas-para-el-dragado-del-rio-uruguay\/\" \/>\n<meta property=\"og:locale\" content=\"es_ES\" \/>\n<meta property=\"og:type\" content=\"article\" \/>\n<meta property=\"og:title\" content=\"La CARU prorrog\u00f3 el plazo para presentar ofertas para el dragado del r\u00edo Uruguay - Puerto de Concepci\u00f3n del Uruguay\" \/>\n<meta property=\"og:description\" content=\"Se prorrog\u00f3 el plazo para la presentaci\u00f3n de ofertas para el segundo a segundo llamado a concurso de precios para la contrataci\u00f3n de los trabajos de dragado de apertura, profundizaci\u00f3n y mantenimiento en el r\u00edo Uruguay entre el Km 0 Y EL Km 206,8, incluido el canal de acceso al puerto de Concepci\u00f3n del Uruguay. [&hellip;]\" \/>\n<meta property=\"og:url\" content=\"https:\/\/www.puertocdelu.com.ar\/index.php\/2017\/08\/09\/la-caru-prorrogo-el-plazo-para-presentar-ofertas-para-el-dragado-del-rio-uruguay\/\" \/>\n<meta property=\"og:site_name\" content=\"Puerto de Concepci\u00f3n del Uruguay\" \/>\n<meta property=\"article:published_time\" content=\"2017-08-09T11:51:59+00:00\" \/>\n<meta property=\"article:modified_time\" content=\"2017-08-09T11:53:27+00:00\" \/>\n<meta property=\"og:image\" content=\"https:\/\/www.puertocdelu.com.ar\/wp-content\/uploads\/2016\/12\/WhatsApp-Image-2016-12-03-at-10.25.32.jpeg\" \/>\n\t<meta property=\"og:image:width\" content=\"1122\" \/>\n\t<meta property=\"og:image:height\" content=\"612\" \/>\n\t<meta property=\"og:image:type\" content=\"image\/jpeg\" \/>\n<meta name=\"author\" content=\"PuertoCdelU\" \/>\n<meta name=\"twitter:card\" content=\"summary_large_image\" \/>\n<meta name=\"twitter:label1\" content=\"Escrito por\" \/>\n\t<meta name=\"twitter:data1\" content=\"PuertoCdelU\" \/>\n\t<meta name=\"twitter:label2\" content=\"Tiempo de lectura\" \/>\n\t<meta name=\"twitter:data2\" content=\"2 minutos\" \/>\n<script type=\"application\/ld+json\" class=\"yoast-schema-graph\">{\"@context\":\"https:\\\/\\\/schema.org\",\"@graph\":[{\"@type\":\"Article\",\"@id\":\"https:\\\/\\\/www.puertocdelu.com.ar\\\/index.php\\\/2017\\\/08\\\/09\\\/la-caru-prorrogo-el-plazo-para-presentar-ofertas-para-el-dragado-del-rio-uruguay\\\/#article\",\"isPartOf\":{\"@id\":\"https:\\\/\\\/www.puertocdelu.com.ar\\\/index.php\\\/2017\\\/08\\\/09\\\/la-caru-prorrogo-el-plazo-para-presentar-ofertas-para-el-dragado-del-rio-uruguay\\\/\"},\"author\":{\"name\":\"PuertoCdelU\",\"@id\":\"https:\\\/\\\/www.puertocdelu.com.ar\\\/#\\\/schema\\\/person\\\/9d258b923b29bd5f47ca80d9c8cd72d1\"},\"headline\":\"La CARU prorrog\u00f3 el plazo para presentar ofertas para el dragado del r\u00edo Uruguay\",\"datePublished\":\"2017-08-09T11:51:59+00:00\",\"dateModified\":\"2017-08-09T11:53:27+00:00\",\"mainEntityOfPage\":{\"@id\":\"https:\\\/\\\/www.puertocdelu.com.ar\\\/index.php\\\/2017\\\/08\\\/09\\\/la-caru-prorrogo-el-plazo-para-presentar-ofertas-para-el-dragado-del-rio-uruguay\\\/\"},\"wordCount\":374,\"commentCount\":0,\"image\":{\"@id\":\"https:\\\/\\\/www.puertocdelu.com.ar\\\/index.php\\\/2017\\\/08\\\/09\\\/la-caru-prorrogo-el-plazo-para-presentar-ofertas-para-el-dragado-del-rio-uruguay\\\/#primaryimage\"},\"thumbnailUrl\":\"https:\\\/\\\/www.puertocdelu.com.ar\\\/wp-content\\\/uploads\\\/2016\\\/12\\\/WhatsApp-Image-2016-12-03-at-10.25.32.jpeg\",\"articleSection\":[\"Noticias\"],\"inLanguage\":\"es\",\"potentialAction\":[{\"@type\":\"CommentAction\",\"name\":\"Comment\",\"target\":[\"https:\\\/\\\/www.puertocdelu.com.ar\\\/index.php\\\/2017\\\/08\\\/09\\\/la-caru-prorrogo-el-plazo-para-presentar-ofertas-para-el-dragado-del-rio-uruguay\\\/#respond\"]}]},{\"@type\":\"WebPage\",\"@id\":\"https:\\\/\\\/www.puertocdelu.com.ar\\\/index.php\\\/2017\\\/08\\\/09\\\/la-caru-prorrogo-el-plazo-para-presentar-ofertas-para-el-dragado-del-rio-uruguay\\\/\",\"url\":\"https:\\\/\\\/www.puertocdelu.com.ar\\\/index.php\\\/2017\\\/08\\\/09\\\/la-caru-prorrogo-el-plazo-para-presentar-ofertas-para-el-dragado-del-rio-uruguay\\\/\",\"name\":\"La CARU prorrog\u00f3 el plazo para presentar ofertas para el dragado del r\u00edo Uruguay - Puerto de Concepci\u00f3n del Uruguay\",\"isPartOf\":{\"@id\":\"https:\\\/\\\/www.puertocdelu.com.ar\\\/#website\"},\"primaryImageOfPage\":{\"@id\":\"https:\\\/\\\/www.puertocdelu.com.ar\\\/index.php\\\/2017\\\/08\\\/09\\\/la-caru-prorrogo-el-plazo-para-presentar-ofertas-para-el-dragado-del-rio-uruguay\\\/#primaryimage\"},\"image\":{\"@id\":\"https:\\\/\\\/www.puertocdelu.com.ar\\\/index.php\\\/2017\\\/08\\\/09\\\/la-caru-prorrogo-el-plazo-para-presentar-ofertas-para-el-dragado-del-rio-uruguay\\\/#primaryimage\"},\"thumbnailUrl\":\"https:\\\/\\\/www.puertocdelu.com.ar\\\/wp-content\\\/uploads\\\/2016\\\/12\\\/WhatsApp-Image-2016-12-03-at-10.25.32.jpeg\",\"datePublished\":\"2017-08-09T11:51:59+00:00\",\"dateModified\":\"2017-08-09T11:53:27+00:00\",\"author\":{\"@id\":\"https:\\\/\\\/www.puertocdelu.com.ar\\\/#\\\/schema\\\/person\\\/9d258b923b29bd5f47ca80d9c8cd72d1\"},\"breadcrumb\":{\"@id\":\"https:\\\/\\\/www.puertocdelu.com.ar\\\/index.php\\\/2017\\\/08\\\/09\\\/la-caru-prorrogo-el-plazo-para-presentar-ofertas-para-el-dragado-del-rio-uruguay\\\/#breadcrumb\"},\"inLanguage\":\"es\",\"potentialAction\":[{\"@type\":\"ReadAction\",\"target\":[\"https:\\\/\\\/www.puertocdelu.com.ar\\\/index.php\\\/2017\\\/08\\\/09\\\/la-caru-prorrogo-el-plazo-para-presentar-ofertas-para-el-dragado-del-rio-uruguay\\\/\"]}]},{\"@type\":\"ImageObject\",\"inLanguage\":\"es\",\"@id\":\"https:\\\/\\\/www.puertocdelu.com.ar\\\/index.php\\\/2017\\\/08\\\/09\\\/la-caru-prorrogo-el-plazo-para-presentar-ofertas-para-el-dragado-del-rio-uruguay\\\/#primaryimage\",\"url\":\"https:\\\/\\\/www.puertocdelu.com.ar\\\/wp-content\\\/uploads\\\/2016\\\/12\\\/WhatsApp-Image-2016-12-03-at-10.25.32.jpeg\",\"contentUrl\":\"https:\\\/\\\/www.puertocdelu.com.ar\\\/wp-content\\\/uploads\\\/2016\\\/12\\\/WhatsApp-Image-2016-12-03-at-10.25.32.jpeg\",\"width\":1122,\"height\":612},{\"@type\":\"BreadcrumbList\",\"@id\":\"https:\\\/\\\/www.puertocdelu.com.ar\\\/index.php\\\/2017\\\/08\\\/09\\\/la-caru-prorrogo-el-plazo-para-presentar-ofertas-para-el-dragado-del-rio-uruguay\\\/#breadcrumb\",\"itemListElement\":[{\"@type\":\"ListItem\",\"position\":1,\"name\":\"Portada\",\"item\":\"https:\\\/\\\/www.puertocdelu.com.ar\\\/\"},{\"@type\":\"ListItem\",\"position\":2,\"name\":\"La CARU prorrog\u00f3 el plazo para presentar ofertas para el dragado del r\u00edo Uruguay\"}]},{\"@type\":\"WebSite\",\"@id\":\"https:\\\/\\\/www.puertocdelu.com.ar\\\/#website\",\"url\":\"https:\\\/\\\/www.puertocdelu.com.ar\\\/\",\"name\":\"Puerto de Concepci\u00f3n del Uruguay\",\"description\":\"\",\"potentialAction\":[{\"@type\":\"SearchAction\",\"target\":{\"@type\":\"EntryPoint\",\"urlTemplate\":\"https:\\\/\\\/www.puertocdelu.com.ar\\\/?s={search_term_string}\"},\"query-input\":{\"@type\":\"PropertyValueSpecification\",\"valueRequired\":true,\"valueName\":\"search_term_string\"}}],\"inLanguage\":\"es\"},{\"@type\":\"Person\",\"@id\":\"https:\\\/\\\/www.puertocdelu.com.ar\\\/#\\\/schema\\\/person\\\/9d258b923b29bd5f47ca80d9c8cd72d1\",\"name\":\"PuertoCdelU\",\"image\":{\"@type\":\"ImageObject\",\"inLanguage\":\"es\",\"@id\":\"https:\\\/\\\/secure.gravatar.com\\\/avatar\\\/99e38dea1727d397df18aced5ac6840012bb7f24c8570dcfafabb73086aed88c?s=96&d=mm&r=g\",\"url\":\"https:\\\/\\\/secure.gravatar.com\\\/avatar\\\/99e38dea1727d397df18aced5ac6840012bb7f24c8570dcfafabb73086aed88c?s=96&d=mm&r=g\",\"contentUrl\":\"https:\\\/\\\/secure.gravatar.com\\\/avatar\\\/99e38dea1727d397df18aced5ac6840012bb7f24c8570dcfafabb73086aed88c?s=96&d=mm&r=g\",\"caption\":\"PuertoCdelU\"},\"url\":\"https:\\\/\\\/www.puertocdelu.com.ar\\\/index.php\\\/author\\\/hectordelos1\\\/\"}]}<\/script>\n<!-- \/ Yoast SEO plugin. -->","yoast_head_json":{"title":"La CARU prorrog\u00f3 el plazo para presentar ofertas para el dragado del r\u00edo Uruguay - Puerto de Concepci\u00f3n del Uruguay","robots":{"index":"index","follow":"follow","max-snippet":"max-snippet:-1","max-image-preview":"max-image-preview:large","max-video-preview":"max-video-preview:-1"},"canonical":"https:\/\/www.puertocdelu.com.ar\/index.php\/2017\/08\/09\/la-caru-prorrogo-el-plazo-para-presentar-ofertas-para-el-dragado-del-rio-uruguay\/","og_locale":"es_ES","og_type":"article","og_title":"La CARU prorrog\u00f3 el plazo para presentar ofertas para el dragado del r\u00edo Uruguay - Puerto de Concepci\u00f3n del Uruguay","og_description":"Se prorrog\u00f3 el plazo para la presentaci\u00f3n de ofertas para el segundo a segundo llamado a concurso de precios para la contrataci\u00f3n de los trabajos de dragado de apertura, profundizaci\u00f3n y mantenimiento en el r\u00edo Uruguay entre el Km 0 Y EL Km 206,8, incluido el canal de acceso al puerto de Concepci\u00f3n del Uruguay. [&hellip;]","og_url":"https:\/\/www.puertocdelu.com.ar\/index.php\/2017\/08\/09\/la-caru-prorrogo-el-plazo-para-presentar-ofertas-para-el-dragado-del-rio-uruguay\/","og_site_name":"Puerto de Concepci\u00f3n del Uruguay","article_published_time":"2017-08-09T11:51:59+00:00","article_modified_time":"2017-08-09T11:53:27+00:00","og_image":[{"width":1122,"height":612,"url":"https:\/\/www.puertocdelu.com.ar\/wp-content\/uploads\/2016\/12\/WhatsApp-Image-2016-12-03-at-10.25.32.jpeg","type":"image\/jpeg"}],"author":"PuertoCdelU","twitter_card":"summary_large_image","twitter_misc":{"Escrito por":"PuertoCdelU","Tiempo de lectura":"2 minutos"},"schema":{"@context":"https:\/\/schema.org","@graph":[{"@type":"Article","@id":"https:\/\/www.puertocdelu.com.ar\/index.php\/2017\/08\/09\/la-caru-prorrogo-el-plazo-para-presentar-ofertas-para-el-dragado-del-rio-uruguay\/#article","isPartOf":{"@id":"https:\/\/www.puertocdelu.com.ar\/index.php\/2017\/08\/09\/la-caru-prorrogo-el-plazo-para-presentar-ofertas-para-el-dragado-del-rio-uruguay\/"},"author":{"name":"PuertoCdelU","@id":"https:\/\/www.puertocdelu.com.ar\/#\/schema\/person\/9d258b923b29bd5f47ca80d9c8cd72d1"},"headline":"La CARU prorrog\u00f3 el plazo para presentar ofertas para el dragado del r\u00edo Uruguay","datePublished":"2017-08-09T11:51:59+00:00","dateModified":"2017-08-09T11:53:27+00:00","mainEntityOfPage":{"@id":"https:\/\/www.puertocdelu.com.ar\/index.php\/2017\/08\/09\/la-caru-prorrogo-el-plazo-para-presentar-ofertas-para-el-dragado-del-rio-uruguay\/"},"wordCount":374,"commentCount":0,"image":{"@id":"https:\/\/www.puertocdelu.com.ar\/index.php\/2017\/08\/09\/la-caru-prorrogo-el-plazo-para-presentar-ofertas-para-el-dragado-del-rio-uruguay\/#primaryimage"},"thumbnailUrl":"https:\/\/www.puertocdelu.com.ar\/wp-content\/uploads\/2016\/12\/WhatsApp-Image-2016-12-03-at-10.25.32.jpeg","articleSection":["Noticias"],"inLanguage":"es","potentialAction":[{"@type":"CommentAction","name":"Comment","target":["https:\/\/www.puertocdelu.com.ar\/index.php\/2017\/08\/09\/la-caru-prorrogo-el-plazo-para-presentar-ofertas-para-el-dragado-del-rio-uruguay\/#respond"]}]},{"@type":"WebPage","@id":"https:\/\/www.puertocdelu.com.ar\/index.php\/2017\/08\/09\/la-caru-prorrogo-el-plazo-para-presentar-ofertas-para-el-dragado-del-rio-uruguay\/","url":"https:\/\/www.puertocdelu.com.ar\/index.php\/2017\/08\/09\/la-caru-prorrogo-el-plazo-para-presentar-ofertas-para-el-dragado-del-rio-uruguay\/","name":"La CARU prorrog\u00f3 el plazo para presentar ofertas para el dragado del r\u00edo Uruguay - Puerto de Concepci\u00f3n del Uruguay","isPartOf":{"@id":"https:\/\/www.puertocdelu.com.ar\/#website"},"primaryImageOfPage":{"@id":"https:\/\/www.puertocdelu.com.ar\/index.php\/2017\/08\/09\/la-caru-prorrogo-el-plazo-para-presentar-ofertas-para-el-dragado-del-rio-uruguay\/#primaryimage"},"image":{"@id":"https:\/\/www.puertocdelu.com.ar\/index.php\/2017\/08\/09\/la-caru-prorrogo-el-plazo-para-presentar-ofertas-para-el-dragado-del-rio-uruguay\/#primaryimage"},"thumbnailUrl":"https:\/\/www.puertocdelu.com.ar\/wp-content\/uploads\/2016\/12\/WhatsApp-Image-2016-12-03-at-10.25.32.jpeg","datePublished":"2017-08-09T11:51:59+00:00","dateModified":"2017-08-09T11:53:27+00:00","author":{"@id":"https:\/\/www.puertocdelu.com.ar\/#\/schema\/person\/9d258b923b29bd5f47ca80d9c8cd72d1"},"breadcrumb":{"@id":"https:\/\/www.puertocdelu.com.ar\/index.php\/2017\/08\/09\/la-caru-prorrogo-el-plazo-para-presentar-ofertas-para-el-dragado-del-rio-uruguay\/#breadcrumb"},"inLanguage":"es","potentialAction":[{"@type":"ReadAction","target":["https:\/\/www.puertocdelu.com.ar\/index.php\/2017\/08\/09\/la-caru-prorrogo-el-plazo-para-presentar-ofertas-para-el-dragado-del-rio-uruguay\/"]}]},{"@type":"ImageObject","inLanguage":"es","@id":"https:\/\/www.puertocdelu.com.ar\/index.php\/2017\/08\/09\/la-caru-prorrogo-el-plazo-para-presentar-ofertas-para-el-dragado-del-rio-uruguay\/#primaryimage","url":"https:\/\/www.puertocdelu.com.ar\/wp-content\/uploads\/2016\/12\/WhatsApp-Image-2016-12-03-at-10.25.32.jpeg","contentUrl":"https:\/\/www.puertocdelu.com.ar\/wp-content\/uploads\/2016\/12\/WhatsApp-Image-2016-12-03-at-10.25.32.jpeg","width":1122,"height":612},{"@type":"BreadcrumbList","@id":"https:\/\/www.puertocdelu.com.ar\/index.php\/2017\/08\/09\/la-caru-prorrogo-el-plazo-para-presentar-ofertas-para-el-dragado-del-rio-uruguay\/#breadcrumb","itemListElement":[{"@type":"ListItem","position":1,"name":"Portada","item":"https:\/\/www.puertocdelu.com.ar\/"},{"@type":"ListItem","position":2,"name":"La CARU prorrog\u00f3 el plazo para presentar ofertas para el dragado del r\u00edo Uruguay"}]},{"@type":"WebSite","@id":"https:\/\/www.puertocdelu.com.ar\/#website","url":"https:\/\/www.puertocdelu.com.ar\/","name":"Puerto de Concepci\u00f3n del Uruguay","description":"","potentialAction":[{"@type":"SearchAction","target":{"@type":"EntryPoint","urlTemplate":"https:\/\/www.puertocdelu.com.ar\/?s={search_term_string}"},"query-input":{"@type":"PropertyValueSpecification","valueRequired":true,"valueName":"search_term_string"}}],"inLanguage":"es"},{"@type":"Person","@id":"https:\/\/www.puertocdelu.com.ar\/#\/schema\/person\/9d258b923b29bd5f47ca80d9c8cd72d1","name":"PuertoCdelU","image":{"@type":"ImageObject","inLanguage":"es","@id":"https:\/\/secure.gravatar.com\/avatar\/99e38dea1727d397df18aced5ac6840012bb7f24c8570dcfafabb73086aed88c?s=96&d=mm&r=g","url":"https:\/\/secure.gravatar.com\/avatar\/99e38dea1727d397df18aced5ac6840012bb7f24c8570dcfafabb73086aed88c?s=96&d=mm&r=g","contentUrl":"https:\/\/secure.gravatar.com\/avatar\/99e38dea1727d397df18aced5ac6840012bb7f24c8570dcfafabb73086aed88c?s=96&d=mm&r=g","caption":"PuertoCdelU"},"url":"https:\/\/www.puertocdelu.com.ar\/index.php\/author\/hectordelos1\/"}]}},"_links":{"self":[{"href":"https:\/\/www.puertocdelu.com.ar\/index.php\/wp-json\/wp\/v2\/posts\/1409","targetHints":{"allow":["GET"]}}],"collection":[{"href":"https:\/\/www.puertocdelu.com.ar\/index.php\/wp-json\/wp\/v2\/posts"}],"about":[{"href":"https:\/\/www.puertocdelu.com.ar\/index.php\/wp-json\/wp\/v2\/types\/post"}],"author":[{"embeddable":true,"href":"https:\/\/www.puertocdelu.com.ar\/index.php\/wp-json\/wp\/v2\/users\/1"}],"replies":[{"embeddable":true,"href":"https:\/\/www.puertocdelu.com.ar\/index.php\/wp-json\/wp\/v2\/comments?post=1409"}],"version-history":[{"count":2,"href":"https:\/\/www.puertocdelu.com.ar\/index.php\/wp-json\/wp\/v2\/posts\/1409\/revisions"}],"predecessor-version":[{"id":1411,"href":"https:\/\/www.puertocdelu.com.ar\/index.php\/wp-json\/wp\/v2\/posts\/1409\/revisions\/1411"}],"wp:featuredmedia":[{"embeddable":true,"href":"https:\/\/www.puertocdelu.com.ar\/index.php\/wp-json\/wp\/v2\/media\/1208"}],"wp:attachment":[{"href":"https:\/\/www.puertocdelu.com.ar\/index.php\/wp-json\/wp\/v2\/media?parent=1409"}],"wp:term":[{"taxonomy":"category","embeddable":true,"href":"https:\/\/www.puertocdelu.com.ar\/index.php\/wp-json\/wp\/v2\/categories?post=1409"},{"taxonomy":"post_tag","embeddable":true,"href":"https:\/\/www.puertocdelu.com.ar\/index.php\/wp-json\/wp\/v2\/tags?post=1409"}],"curies":[{"name":"wp","href":"https:\/\/api.w.org\/{rel}","templated":true}]}}