{"id":1412,"date":"2017-08-15T20:16:43","date_gmt":"2017-08-15T20:16:43","guid":{"rendered":"http:\/\/www.puertocdelu.com.ar\/?p=1412"},"modified":"2017-08-15T20:16:43","modified_gmt":"2017-08-15T20:16:43","slug":"cargan-trigo-en-el-puerto-de-diamante","status":"publish","type":"post","link":"https:\/\/www.puertocdelu.com.ar\/index.php\/2017\/08\/15\/cargan-trigo-en-el-puerto-de-diamante\/","title":{"rendered":"Cargan trigo en el puerto de Diamante"},"content":{"rendered":"<p>Este martes amarr\u00f3 en el puerto de Diamante, el buque ultramarino Coral Ocean para cargar trigo que tendr\u00e1 como destino final Per\u00fa. A continuaci\u00f3n ingresar\u00e1 el Marco Polo para embarcar soja que ser\u00e1 exportada a China.<br \/>\nTama\u00f1o completo<br \/>\nEl ministro de Producci\u00f3n, Carlos Schepens, inform\u00f3 que este martes arrib\u00f3 al puerto de Diamante eel buque cerealero Coral Ocean, un ultramarino de 175 metros de eslora, que cargar\u00e1 trigo con destino a Per\u00fa. Una vez concluida la carga, ingresar\u00e1 el Marco Polo, embarcaci\u00f3n de bandera paname\u00f1a de 225 metros de eslora que tiene programada la carga de soja a granel con destino a China.<\/p>\n<p>El funcionario tambi\u00e9n coment\u00f3 que la operatoria del ultramarino est\u00e1 a cargo de la empresa Cargill. Luego indic\u00f3 que dicha tarea es posible gracias a los trabajos de dragado del r\u00edo Paran\u00e1 realizados en conjunto entre la empresa y el gobierno provincial.<\/p>\n<h2>Trabajos en Puerto Ibicuy<\/h2>\n<p>Schepens tambi\u00e9n comunic\u00f3 que desde hace dos semanas, se encuentra trabajando en el puerto de Ibicuy el pont\u00f3n gr\u00faa que comenz\u00f3 con la segunda etapa de la limpieza y reposici\u00f3n de los obst\u00e1culos que est\u00e1n en el fondo del r\u00edo Paran\u00e1, frente al nuevo muelle continental.<\/p>\n<p>D\u00edas atr\u00e1s, se encontraban trabajando buzos t\u00e1cticos para la identificaci\u00f3n de estos elementos que obstruyen el paso, y se espera un equipo superior para los elementos m\u00e1s grandes y pesados, para finalmente culminar con esta tarea de limpieza.<\/p>\n<p>Con respecto a las convocatorias a iniciativas de inversi\u00f3n, el titular de la cartera productiva, coment\u00f3 que se efectuar\u00e1n a fines de agosto, seg\u00fan lo acordado con el gobernador Bordet, en el marco de la reactivaci\u00f3n de los puertos provinciales.<\/p>\n<h2>En Concepci\u00f3n del Uruguay<\/h2>\n<p>Simult\u00e1neamente, las autoridades del puerto de Concepci\u00f3n del Uruguay esperan que en estos pr\u00f3ximos d\u00edas se confirme el arribo de un barco para la carga aproximada de 14.000 toneladas para cargar arroz entrerriano y correntino que fue vendido a Irak.<\/p>\n<p>\u201cDesde el gobierno provincial venimos trabajando en todos los frentes para fortalecer el sistema portuario entrerriano y as\u00ed ofrecer alternativas de log\u00edstica y transportes para la salida al exterior de las econom\u00edas regionales de nuestra provincia\u201d, sostuvo el ministro de Producci\u00f3n.<\/p>\n<p>Por otro lado, se inform\u00f3 que Schepens, acompa\u00f1ado por el presidente del Instituto Portuario de Entre R\u00edos, Leonardo Cabrera, participar\u00e1 a fines de agosto de una nueva sesi\u00f3n del Consejo Federal Portuario en la ciudad de Resistencia, Chaco, donde se reunir\u00e1 con las autoridades portuarias nacionales para seguir realizando gestiones para el mejoramiento de las terminales portuarias.<\/p>\n","protected":false},"excerpt":{"rendered":"<p>Este martes amarr\u00f3 en el puerto de Diamante, el buque ultramarino Coral Ocean para cargar trigo que tendr\u00e1 como destino final Per\u00fa. A continuaci\u00f3n ingresar\u00e1 el Marco Polo para embarcar soja que ser\u00e1 exportada a China. Tama\u00f1o completo El ministro de Producci\u00f3n, Carlos Schepens, inform\u00f3 que este martes arrib\u00f3 al puerto de Diamante eel buque [&hellip;]<\/p>\n","protected":false},"author":1,"featured_media":1413,"comment_status":"open","ping_status":"open","sticky":false,"template":"","format":"standard","meta":{"footnotes":""},"categories":[81],"tags":[],"class_list":{"0":"post-1412","1":"post","2":"type-post","3":"status-publish","4":"format-standard","5":"has-post-thumbnail","7":"category-noticias"},"yoast_head":"<!-- This site is optimized with the Yoast SEO plugin v27.4 - https:\/\/yoast.com\/product\/yoast-seo-wordpress\/ -->\n<title>Cargan trigo en el puerto de Diamante - Puerto de Concepci\u00f3n del Uruguay<\/title>\n<meta name=\"robots\" content=\"index, follow, max-snippet:-1, max-image-preview:large, max-video-preview:-1\" \/>\n<link rel=\"canonical\" href=\"https:\/\/www.puertocdelu.com.ar\/index.php\/2017\/08\/15\/cargan-trigo-en-el-puerto-de-diamante\/\" \/>\n<meta property=\"og:locale\" content=\"es_ES\" \/>\n<meta property=\"og:type\" content=\"article\" \/>\n<meta property=\"og:title\" content=\"Cargan trigo en el puerto de Diamante - Puerto de Concepci\u00f3n del Uruguay\" \/>\n<meta property=\"og:description\" content=\"Este martes amarr\u00f3 en el puerto de Diamante, el buque ultramarino Coral Ocean para cargar trigo que tendr\u00e1 como destino final Per\u00fa. A continuaci\u00f3n ingresar\u00e1 el Marco Polo para embarcar soja que ser\u00e1 exportada a China. Tama\u00f1o completo El ministro de Producci\u00f3n, Carlos Schepens, inform\u00f3 que este martes arrib\u00f3 al puerto de Diamante eel buque [&hellip;]\" \/>\n<meta property=\"og:url\" content=\"https:\/\/www.puertocdelu.com.ar\/index.php\/2017\/08\/15\/cargan-trigo-en-el-puerto-de-diamante\/\" \/>\n<meta property=\"og:site_name\" content=\"Puerto de Concepci\u00f3n del Uruguay\" \/>\n<meta property=\"article:published_time\" content=\"2017-08-15T20:16:43+00:00\" \/>\n<meta property=\"og:image\" content=\"https:\/\/www.puertocdelu.com.ar\/wp-content\/uploads\/2017\/08\/x_1502812784.jpg\" \/>\n\t<meta property=\"og:image:width\" content=\"984\" \/>\n\t<meta property=\"og:image:height\" content=\"438\" \/>\n\t<meta property=\"og:image:type\" content=\"image\/jpeg\" \/>\n<meta name=\"author\" content=\"PuertoCdelU\" \/>\n<meta name=\"twitter:card\" content=\"summary_large_image\" \/>\n<meta name=\"twitter:label1\" content=\"Escrito por\" \/>\n\t<meta name=\"twitter:data1\" content=\"PuertoCdelU\" \/>\n\t<meta name=\"twitter:label2\" content=\"Tiempo de lectura\" \/>\n\t<meta name=\"twitter:data2\" content=\"2 minutos\" \/>\n<script type=\"application\/ld+json\" class=\"yoast-schema-graph\">{\"@context\":\"https:\\\/\\\/schema.org\",\"@graph\":[{\"@type\":\"Article\",\"@id\":\"https:\\\/\\\/www.puertocdelu.com.ar\\\/index.php\\\/2017\\\/08\\\/15\\\/cargan-trigo-en-el-puerto-de-diamante\\\/#article\",\"isPartOf\":{\"@id\":\"https:\\\/\\\/www.puertocdelu.com.ar\\\/index.php\\\/2017\\\/08\\\/15\\\/cargan-trigo-en-el-puerto-de-diamante\\\/\"},\"author\":{\"name\":\"PuertoCdelU\",\"@id\":\"https:\\\/\\\/www.puertocdelu.com.ar\\\/#\\\/schema\\\/person\\\/9d258b923b29bd5f47ca80d9c8cd72d1\"},\"headline\":\"Cargan trigo en el puerto de Diamante\",\"datePublished\":\"2017-08-15T20:16:43+00:00\",\"mainEntityOfPage\":{\"@id\":\"https:\\\/\\\/www.puertocdelu.com.ar\\\/index.php\\\/2017\\\/08\\\/15\\\/cargan-trigo-en-el-puerto-de-diamante\\\/\"},\"wordCount\":453,\"commentCount\":0,\"image\":{\"@id\":\"https:\\\/\\\/www.puertocdelu.com.ar\\\/index.php\\\/2017\\\/08\\\/15\\\/cargan-trigo-en-el-puerto-de-diamante\\\/#primaryimage\"},\"thumbnailUrl\":\"https:\\\/\\\/www.puertocdelu.com.ar\\\/wp-content\\\/uploads\\\/2017\\\/08\\\/x_1502812784.jpg\",\"articleSection\":[\"Noticias\"],\"inLanguage\":\"es\",\"potentialAction\":[{\"@type\":\"CommentAction\",\"name\":\"Comment\",\"target\":[\"https:\\\/\\\/www.puertocdelu.com.ar\\\/index.php\\\/2017\\\/08\\\/15\\\/cargan-trigo-en-el-puerto-de-diamante\\\/#respond\"]}]},{\"@type\":\"WebPage\",\"@id\":\"https:\\\/\\\/www.puertocdelu.com.ar\\\/index.php\\\/2017\\\/08\\\/15\\\/cargan-trigo-en-el-puerto-de-diamante\\\/\",\"url\":\"https:\\\/\\\/www.puertocdelu.com.ar\\\/index.php\\\/2017\\\/08\\\/15\\\/cargan-trigo-en-el-puerto-de-diamante\\\/\",\"name\":\"Cargan trigo en el puerto de Diamante - Puerto de Concepci\u00f3n del Uruguay\",\"isPartOf\":{\"@id\":\"https:\\\/\\\/www.puertocdelu.com.ar\\\/#website\"},\"primaryImageOfPage\":{\"@id\":\"https:\\\/\\\/www.puertocdelu.com.ar\\\/index.php\\\/2017\\\/08\\\/15\\\/cargan-trigo-en-el-puerto-de-diamante\\\/#primaryimage\"},\"image\":{\"@id\":\"https:\\\/\\\/www.puertocdelu.com.ar\\\/index.php\\\/2017\\\/08\\\/15\\\/cargan-trigo-en-el-puerto-de-diamante\\\/#primaryimage\"},\"thumbnailUrl\":\"https:\\\/\\\/www.puertocdelu.com.ar\\\/wp-content\\\/uploads\\\/2017\\\/08\\\/x_1502812784.jpg\",\"datePublished\":\"2017-08-15T20:16:43+00:00\",\"author\":{\"@id\":\"https:\\\/\\\/www.puertocdelu.com.ar\\\/#\\\/schema\\\/person\\\/9d258b923b29bd5f47ca80d9c8cd72d1\"},\"breadcrumb\":{\"@id\":\"https:\\\/\\\/www.puertocdelu.com.ar\\\/index.php\\\/2017\\\/08\\\/15\\\/cargan-trigo-en-el-puerto-de-diamante\\\/#breadcrumb\"},\"inLanguage\":\"es\",\"potentialAction\":[{\"@type\":\"ReadAction\",\"target\":[\"https:\\\/\\\/www.puertocdelu.com.ar\\\/index.php\\\/2017\\\/08\\\/15\\\/cargan-trigo-en-el-puerto-de-diamante\\\/\"]}]},{\"@type\":\"ImageObject\",\"inLanguage\":\"es\",\"@id\":\"https:\\\/\\\/www.puertocdelu.com.ar\\\/index.php\\\/2017\\\/08\\\/15\\\/cargan-trigo-en-el-puerto-de-diamante\\\/#primaryimage\",\"url\":\"https:\\\/\\\/www.puertocdelu.com.ar\\\/wp-content\\\/uploads\\\/2017\\\/08\\\/x_1502812784.jpg\",\"contentUrl\":\"https:\\\/\\\/www.puertocdelu.com.ar\\\/wp-content\\\/uploads\\\/2017\\\/08\\\/x_1502812784.jpg\",\"width\":984,\"height\":438},{\"@type\":\"BreadcrumbList\",\"@id\":\"https:\\\/\\\/www.puertocdelu.com.ar\\\/index.php\\\/2017\\\/08\\\/15\\\/cargan-trigo-en-el-puerto-de-diamante\\\/#breadcrumb\",\"itemListElement\":[{\"@type\":\"ListItem\",\"position\":1,\"name\":\"Portada\",\"item\":\"https:\\\/\\\/www.puertocdelu.com.ar\\\/\"},{\"@type\":\"ListItem\",\"position\":2,\"name\":\"Cargan trigo en el puerto de Diamante\"}]},{\"@type\":\"WebSite\",\"@id\":\"https:\\\/\\\/www.puertocdelu.com.ar\\\/#website\",\"url\":\"https:\\\/\\\/www.puertocdelu.com.ar\\\/\",\"name\":\"Puerto de Concepci\u00f3n del Uruguay\",\"description\":\"\",\"potentialAction\":[{\"@type\":\"SearchAction\",\"target\":{\"@type\":\"EntryPoint\",\"urlTemplate\":\"https:\\\/\\\/www.puertocdelu.com.ar\\\/?s={search_term_string}\"},\"query-input\":{\"@type\":\"PropertyValueSpecification\",\"valueRequired\":true,\"valueName\":\"search_term_string\"}}],\"inLanguage\":\"es\"},{\"@type\":\"Person\",\"@id\":\"https:\\\/\\\/www.puertocdelu.com.ar\\\/#\\\/schema\\\/person\\\/9d258b923b29bd5f47ca80d9c8cd72d1\",\"name\":\"PuertoCdelU\",\"image\":{\"@type\":\"ImageObject\",\"inLanguage\":\"es\",\"@id\":\"https:\\\/\\\/secure.gravatar.com\\\/avatar\\\/99e38dea1727d397df18aced5ac6840012bb7f24c8570dcfafabb73086aed88c?s=96&d=mm&r=g\",\"url\":\"https:\\\/\\\/secure.gravatar.com\\\/avatar\\\/99e38dea1727d397df18aced5ac6840012bb7f24c8570dcfafabb73086aed88c?s=96&d=mm&r=g\",\"contentUrl\":\"https:\\\/\\\/secure.gravatar.com\\\/avatar\\\/99e38dea1727d397df18aced5ac6840012bb7f24c8570dcfafabb73086aed88c?s=96&d=mm&r=g\",\"caption\":\"PuertoCdelU\"},\"url\":\"https:\\\/\\\/www.puertocdelu.com.ar\\\/index.php\\\/author\\\/hectordelos1\\\/\"}]}<\/script>\n<!-- \/ Yoast SEO plugin. -->","yoast_head_json":{"title":"Cargan trigo en el puerto de Diamante - Puerto de Concepci\u00f3n del Uruguay","robots":{"index":"index","follow":"follow","max-snippet":"max-snippet:-1","max-image-preview":"max-image-preview:large","max-video-preview":"max-video-preview:-1"},"canonical":"https:\/\/www.puertocdelu.com.ar\/index.php\/2017\/08\/15\/cargan-trigo-en-el-puerto-de-diamante\/","og_locale":"es_ES","og_type":"article","og_title":"Cargan trigo en el puerto de Diamante - Puerto de Concepci\u00f3n del Uruguay","og_description":"Este martes amarr\u00f3 en el puerto de Diamante, el buque ultramarino Coral Ocean para cargar trigo que tendr\u00e1 como destino final Per\u00fa. A continuaci\u00f3n ingresar\u00e1 el Marco Polo para embarcar soja que ser\u00e1 exportada a China. Tama\u00f1o completo El ministro de Producci\u00f3n, Carlos Schepens, inform\u00f3 que este martes arrib\u00f3 al puerto de Diamante eel buque [&hellip;]","og_url":"https:\/\/www.puertocdelu.com.ar\/index.php\/2017\/08\/15\/cargan-trigo-en-el-puerto-de-diamante\/","og_site_name":"Puerto de Concepci\u00f3n del Uruguay","article_published_time":"2017-08-15T20:16:43+00:00","og_image":[{"width":984,"height":438,"url":"https:\/\/www.puertocdelu.com.ar\/wp-content\/uploads\/2017\/08\/x_1502812784.jpg","type":"image\/jpeg"}],"author":"PuertoCdelU","twitter_card":"summary_large_image","twitter_misc":{"Escrito por":"PuertoCdelU","Tiempo de lectura":"2 minutos"},"schema":{"@context":"https:\/\/schema.org","@graph":[{"@type":"Article","@id":"https:\/\/www.puertocdelu.com.ar\/index.php\/2017\/08\/15\/cargan-trigo-en-el-puerto-de-diamante\/#article","isPartOf":{"@id":"https:\/\/www.puertocdelu.com.ar\/index.php\/2017\/08\/15\/cargan-trigo-en-el-puerto-de-diamante\/"},"author":{"name":"PuertoCdelU","@id":"https:\/\/www.puertocdelu.com.ar\/#\/schema\/person\/9d258b923b29bd5f47ca80d9c8cd72d1"},"headline":"Cargan trigo en el puerto de Diamante","datePublished":"2017-08-15T20:16:43+00:00","mainEntityOfPage":{"@id":"https:\/\/www.puertocdelu.com.ar\/index.php\/2017\/08\/15\/cargan-trigo-en-el-puerto-de-diamante\/"},"wordCount":453,"commentCount":0,"image":{"@id":"https:\/\/www.puertocdelu.com.ar\/index.php\/2017\/08\/15\/cargan-trigo-en-el-puerto-de-diamante\/#primaryimage"},"thumbnailUrl":"https:\/\/www.puertocdelu.com.ar\/wp-content\/uploads\/2017\/08\/x_1502812784.jpg","articleSection":["Noticias"],"inLanguage":"es","potentialAction":[{"@type":"CommentAction","name":"Comment","target":["https:\/\/www.puertocdelu.com.ar\/index.php\/2017\/08\/15\/cargan-trigo-en-el-puerto-de-diamante\/#respond"]}]},{"@type":"WebPage","@id":"https:\/\/www.puertocdelu.com.ar\/index.php\/2017\/08\/15\/cargan-trigo-en-el-puerto-de-diamante\/","url":"https:\/\/www.puertocdelu.com.ar\/index.php\/2017\/08\/15\/cargan-trigo-en-el-puerto-de-diamante\/","name":"Cargan trigo en el puerto de Diamante - Puerto de Concepci\u00f3n del Uruguay","isPartOf":{"@id":"https:\/\/www.puertocdelu.com.ar\/#website"},"primaryImageOfPage":{"@id":"https:\/\/www.puertocdelu.com.ar\/index.php\/2017\/08\/15\/cargan-trigo-en-el-puerto-de-diamante\/#primaryimage"},"image":{"@id":"https:\/\/www.puertocdelu.com.ar\/index.php\/2017\/08\/15\/cargan-trigo-en-el-puerto-de-diamante\/#primaryimage"},"thumbnailUrl":"https:\/\/www.puertocdelu.com.ar\/wp-content\/uploads\/2017\/08\/x_1502812784.jpg","datePublished":"2017-08-15T20:16:43+00:00","author":{"@id":"https:\/\/www.puertocdelu.com.ar\/#\/schema\/person\/9d258b923b29bd5f47ca80d9c8cd72d1"},"breadcrumb":{"@id":"https:\/\/www.puertocdelu.com.ar\/index.php\/2017\/08\/15\/cargan-trigo-en-el-puerto-de-diamante\/#breadcrumb"},"inLanguage":"es","potentialAction":[{"@type":"ReadAction","target":["https:\/\/www.puertocdelu.com.ar\/index.php\/2017\/08\/15\/cargan-trigo-en-el-puerto-de-diamante\/"]}]},{"@type":"ImageObject","inLanguage":"es","@id":"https:\/\/www.puertocdelu.com.ar\/index.php\/2017\/08\/15\/cargan-trigo-en-el-puerto-de-diamante\/#primaryimage","url":"https:\/\/www.puertocdelu.com.ar\/wp-content\/uploads\/2017\/08\/x_1502812784.jpg","contentUrl":"https:\/\/www.puertocdelu.com.ar\/wp-content\/uploads\/2017\/08\/x_1502812784.jpg","width":984,"height":438},{"@type":"BreadcrumbList","@id":"https:\/\/www.puertocdelu.com.ar\/index.php\/2017\/08\/15\/cargan-trigo-en-el-puerto-de-diamante\/#breadcrumb","itemListElement":[{"@type":"ListItem","position":1,"name":"Portada","item":"https:\/\/www.puertocdelu.com.ar\/"},{"@type":"ListItem","position":2,"name":"Cargan trigo en el puerto de Diamante"}]},{"@type":"WebSite","@id":"https:\/\/www.puertocdelu.com.ar\/#website","url":"https:\/\/www.puertocdelu.com.ar\/","name":"Puerto de Concepci\u00f3n del Uruguay","description":"","potentialAction":[{"@type":"SearchAction","target":{"@type":"EntryPoint","urlTemplate":"https:\/\/www.puertocdelu.com.ar\/?s={search_term_string}"},"query-input":{"@type":"PropertyValueSpecification","valueRequired":true,"valueName":"search_term_string"}}],"inLanguage":"es"},{"@type":"Person","@id":"https:\/\/www.puertocdelu.com.ar\/#\/schema\/person\/9d258b923b29bd5f47ca80d9c8cd72d1","name":"PuertoCdelU","image":{"@type":"ImageObject","inLanguage":"es","@id":"https:\/\/secure.gravatar.com\/avatar\/99e38dea1727d397df18aced5ac6840012bb7f24c8570dcfafabb73086aed88c?s=96&d=mm&r=g","url":"https:\/\/secure.gravatar.com\/avatar\/99e38dea1727d397df18aced5ac6840012bb7f24c8570dcfafabb73086aed88c?s=96&d=mm&r=g","contentUrl":"https:\/\/secure.gravatar.com\/avatar\/99e38dea1727d397df18aced5ac6840012bb7f24c8570dcfafabb73086aed88c?s=96&d=mm&r=g","caption":"PuertoCdelU"},"url":"https:\/\/www.puertocdelu.com.ar\/index.php\/author\/hectordelos1\/"}]}},"_links":{"self":[{"href":"https:\/\/www.puertocdelu.com.ar\/index.php\/wp-json\/wp\/v2\/posts\/1412","targetHints":{"allow":["GET"]}}],"collection":[{"href":"https:\/\/www.puertocdelu.com.ar\/index.php\/wp-json\/wp\/v2\/posts"}],"about":[{"href":"https:\/\/www.puertocdelu.com.ar\/index.php\/wp-json\/wp\/v2\/types\/post"}],"author":[{"embeddable":true,"href":"https:\/\/www.puertocdelu.com.ar\/index.php\/wp-json\/wp\/v2\/users\/1"}],"replies":[{"embeddable":true,"href":"https:\/\/www.puertocdelu.com.ar\/index.php\/wp-json\/wp\/v2\/comments?post=1412"}],"version-history":[{"count":1,"href":"https:\/\/www.puertocdelu.com.ar\/index.php\/wp-json\/wp\/v2\/posts\/1412\/revisions"}],"predecessor-version":[{"id":1414,"href":"https:\/\/www.puertocdelu.com.ar\/index.php\/wp-json\/wp\/v2\/posts\/1412\/revisions\/1414"}],"wp:featuredmedia":[{"embeddable":true,"href":"https:\/\/www.puertocdelu.com.ar\/index.php\/wp-json\/wp\/v2\/media\/1413"}],"wp:attachment":[{"href":"https:\/\/www.puertocdelu.com.ar\/index.php\/wp-json\/wp\/v2\/media?parent=1412"}],"wp:term":[{"taxonomy":"category","embeddable":true,"href":"https:\/\/www.puertocdelu.com.ar\/index.php\/wp-json\/wp\/v2\/categories?post=1412"},{"taxonomy":"post_tag","embeddable":true,"href":"https:\/\/www.puertocdelu.com.ar\/index.php\/wp-json\/wp\/v2\/tags?post=1412"}],"curies":[{"name":"wp","href":"https:\/\/api.w.org\/{rel}","templated":true}]}}