{"id":1426,"date":"2017-08-29T20:21:10","date_gmt":"2017-08-29T20:21:10","guid":{"rendered":"http:\/\/www.puertocdelu.com.ar\/?p=1426"},"modified":"2017-08-29T20:21:10","modified_gmt":"2017-08-29T20:21:10","slug":"un-nuevo-buque-arribo-al-puerto-de-diamante","status":"publish","type":"post","link":"https:\/\/www.puertocdelu.com.ar\/index.php\/2017\/08\/29\/un-nuevo-buque-arribo-al-puerto-de-diamante\/","title":{"rendered":"Un nuevo buque arrib\u00f3 al puerto de Diamante"},"content":{"rendered":"<p>Un buque de bandera liberiana, el Talimen, arrib\u00f3 al puerto de Diamante. Se trata del quinto barco de ultramar consecutivo que ingresa en esta estaci\u00f3n portuaria desde que se realizaron las obras de dragado sobre ese tramo del r\u00edo Paran\u00e1.<br \/>\nEl Talimen cargar\u00e1 unas 30.000 toneladas de soja con destino a China. Semanas atr\u00e1s el buque Coral Ocean carg\u00f3 aproximadamente 19.000 toneladas de trigo con destino a Per\u00fa, demostrando as\u00ed la importancia comercial que posee el puerto de Diamante para la provincia, para los productores y exportadores.<br \/>\nDesde el Ministerio de Producci\u00f3n resaltaron la relevancia estrat\u00e9gica que tuvieron las acciones emprendidas para la reactivaci\u00f3n y desarrollo de los puertos provinciales.<br \/>\nAl respecto, el ministro de Producci\u00f3n, Carlos Schepens, mostr\u00f3 su satisfacci\u00f3n por este arribo, se\u00f1alando que \u201cestamos dando pasos muy firmes y seguros en la pol\u00edtica de reactivaci\u00f3n portuaria. Cada etapa que nos hemos trazado la estamos cumplimentando y el gobernador Gustavo Bordet, quien nos encomend\u00f3 con mucho \u00e9nfasis esta tarea, va dando respuestas y apoyo a cada necesidad que nos planteamos\u201d.<br \/>\n\u201cConseguir continuidad y asegurarnos la frecuencia de los embarques es un logro trascendente, pero sobre todo es un incentivo para todos los sectores, tanto p\u00fablicos como privados, que podamos imaginar una provincia con un desarrollo portuario exportador a la altura de la calidad de nuestros productos\u201d, afirm\u00f3 el funcionario.<br \/>\n\u201cAdem\u00e1s, estamos sentando un antecedente para que todas las cadenas de valor, sepan que el compromiso que tenemos con los puertos se va materializando en cada logro alcanzado\u201d, concluy\u00f3.<\/p>\n","protected":false},"excerpt":{"rendered":"<p>Un buque de bandera liberiana, el Talimen, arrib\u00f3 al puerto de Diamante. Se trata del quinto barco de ultramar consecutivo que ingresa en esta estaci\u00f3n portuaria desde que se realizaron las obras de dragado sobre ese tramo del r\u00edo Paran\u00e1. El Talimen cargar\u00e1 unas 30.000 toneladas de soja con destino a China. Semanas atr\u00e1s el [&hellip;]<\/p>\n","protected":false},"author":1,"featured_media":1427,"comment_status":"open","ping_status":"open","sticky":false,"template":"","format":"standard","meta":{"footnotes":""},"categories":[81],"tags":[],"class_list":{"0":"post-1426","1":"post","2":"type-post","3":"status-publish","4":"format-standard","5":"has-post-thumbnail","7":"category-noticias"},"yoast_head":"<!-- This site is optimized with the Yoast SEO plugin v27.4 - https:\/\/yoast.com\/product\/yoast-seo-wordpress\/ -->\n<title>Un nuevo buque arrib\u00f3 al puerto de Diamante - Puerto de Concepci\u00f3n del Uruguay<\/title>\n<meta name=\"robots\" content=\"index, follow, max-snippet:-1, max-image-preview:large, max-video-preview:-1\" \/>\n<link rel=\"canonical\" href=\"https:\/\/www.puertocdelu.com.ar\/index.php\/2017\/08\/29\/un-nuevo-buque-arribo-al-puerto-de-diamante\/\" \/>\n<meta property=\"og:locale\" content=\"es_ES\" \/>\n<meta property=\"og:type\" content=\"article\" \/>\n<meta property=\"og:title\" content=\"Un nuevo buque arrib\u00f3 al puerto de Diamante - Puerto de Concepci\u00f3n del Uruguay\" \/>\n<meta property=\"og:description\" content=\"Un buque de bandera liberiana, el Talimen, arrib\u00f3 al puerto de Diamante. Se trata del quinto barco de ultramar consecutivo que ingresa en esta estaci\u00f3n portuaria desde que se realizaron las obras de dragado sobre ese tramo del r\u00edo Paran\u00e1. El Talimen cargar\u00e1 unas 30.000 toneladas de soja con destino a China. Semanas atr\u00e1s el [&hellip;]\" \/>\n<meta property=\"og:url\" content=\"https:\/\/www.puertocdelu.com.ar\/index.php\/2017\/08\/29\/un-nuevo-buque-arribo-al-puerto-de-diamante\/\" \/>\n<meta property=\"og:site_name\" content=\"Puerto de Concepci\u00f3n del Uruguay\" \/>\n<meta property=\"article:published_time\" content=\"2017-08-29T20:21:10+00:00\" \/>\n<meta property=\"og:image\" content=\"https:\/\/www.puertocdelu.com.ar\/wp-content\/uploads\/2017\/08\/diamante.jpg\" \/>\n\t<meta property=\"og:image:width\" content=\"1200\" \/>\n\t<meta property=\"og:image:height\" content=\"530\" \/>\n\t<meta property=\"og:image:type\" content=\"image\/jpeg\" \/>\n<meta name=\"author\" content=\"PuertoCdelU\" \/>\n<meta name=\"twitter:card\" content=\"summary_large_image\" \/>\n<meta name=\"twitter:label1\" content=\"Escrito por\" \/>\n\t<meta name=\"twitter:data1\" content=\"PuertoCdelU\" \/>\n\t<meta name=\"twitter:label2\" content=\"Tiempo de lectura\" \/>\n\t<meta name=\"twitter:data2\" content=\"1 minuto\" \/>\n<script type=\"application\/ld+json\" class=\"yoast-schema-graph\">{\"@context\":\"https:\\\/\\\/schema.org\",\"@graph\":[{\"@type\":\"Article\",\"@id\":\"https:\\\/\\\/www.puertocdelu.com.ar\\\/index.php\\\/2017\\\/08\\\/29\\\/un-nuevo-buque-arribo-al-puerto-de-diamante\\\/#article\",\"isPartOf\":{\"@id\":\"https:\\\/\\\/www.puertocdelu.com.ar\\\/index.php\\\/2017\\\/08\\\/29\\\/un-nuevo-buque-arribo-al-puerto-de-diamante\\\/\"},\"author\":{\"name\":\"PuertoCdelU\",\"@id\":\"https:\\\/\\\/www.puertocdelu.com.ar\\\/#\\\/schema\\\/person\\\/9d258b923b29bd5f47ca80d9c8cd72d1\"},\"headline\":\"Un nuevo buque arrib\u00f3 al puerto de Diamante\",\"datePublished\":\"2017-08-29T20:21:10+00:00\",\"mainEntityOfPage\":{\"@id\":\"https:\\\/\\\/www.puertocdelu.com.ar\\\/index.php\\\/2017\\\/08\\\/29\\\/un-nuevo-buque-arribo-al-puerto-de-diamante\\\/\"},\"wordCount\":269,\"commentCount\":0,\"image\":{\"@id\":\"https:\\\/\\\/www.puertocdelu.com.ar\\\/index.php\\\/2017\\\/08\\\/29\\\/un-nuevo-buque-arribo-al-puerto-de-diamante\\\/#primaryimage\"},\"thumbnailUrl\":\"https:\\\/\\\/www.puertocdelu.com.ar\\\/wp-content\\\/uploads\\\/2017\\\/08\\\/diamante.jpg\",\"articleSection\":[\"Noticias\"],\"inLanguage\":\"es\",\"potentialAction\":[{\"@type\":\"CommentAction\",\"name\":\"Comment\",\"target\":[\"https:\\\/\\\/www.puertocdelu.com.ar\\\/index.php\\\/2017\\\/08\\\/29\\\/un-nuevo-buque-arribo-al-puerto-de-diamante\\\/#respond\"]}]},{\"@type\":\"WebPage\",\"@id\":\"https:\\\/\\\/www.puertocdelu.com.ar\\\/index.php\\\/2017\\\/08\\\/29\\\/un-nuevo-buque-arribo-al-puerto-de-diamante\\\/\",\"url\":\"https:\\\/\\\/www.puertocdelu.com.ar\\\/index.php\\\/2017\\\/08\\\/29\\\/un-nuevo-buque-arribo-al-puerto-de-diamante\\\/\",\"name\":\"Un nuevo buque arrib\u00f3 al puerto de Diamante - Puerto de Concepci\u00f3n del Uruguay\",\"isPartOf\":{\"@id\":\"https:\\\/\\\/www.puertocdelu.com.ar\\\/#website\"},\"primaryImageOfPage\":{\"@id\":\"https:\\\/\\\/www.puertocdelu.com.ar\\\/index.php\\\/2017\\\/08\\\/29\\\/un-nuevo-buque-arribo-al-puerto-de-diamante\\\/#primaryimage\"},\"image\":{\"@id\":\"https:\\\/\\\/www.puertocdelu.com.ar\\\/index.php\\\/2017\\\/08\\\/29\\\/un-nuevo-buque-arribo-al-puerto-de-diamante\\\/#primaryimage\"},\"thumbnailUrl\":\"https:\\\/\\\/www.puertocdelu.com.ar\\\/wp-content\\\/uploads\\\/2017\\\/08\\\/diamante.jpg\",\"datePublished\":\"2017-08-29T20:21:10+00:00\",\"author\":{\"@id\":\"https:\\\/\\\/www.puertocdelu.com.ar\\\/#\\\/schema\\\/person\\\/9d258b923b29bd5f47ca80d9c8cd72d1\"},\"breadcrumb\":{\"@id\":\"https:\\\/\\\/www.puertocdelu.com.ar\\\/index.php\\\/2017\\\/08\\\/29\\\/un-nuevo-buque-arribo-al-puerto-de-diamante\\\/#breadcrumb\"},\"inLanguage\":\"es\",\"potentialAction\":[{\"@type\":\"ReadAction\",\"target\":[\"https:\\\/\\\/www.puertocdelu.com.ar\\\/index.php\\\/2017\\\/08\\\/29\\\/un-nuevo-buque-arribo-al-puerto-de-diamante\\\/\"]}]},{\"@type\":\"ImageObject\",\"inLanguage\":\"es\",\"@id\":\"https:\\\/\\\/www.puertocdelu.com.ar\\\/index.php\\\/2017\\\/08\\\/29\\\/un-nuevo-buque-arribo-al-puerto-de-diamante\\\/#primaryimage\",\"url\":\"https:\\\/\\\/www.puertocdelu.com.ar\\\/wp-content\\\/uploads\\\/2017\\\/08\\\/diamante.jpg\",\"contentUrl\":\"https:\\\/\\\/www.puertocdelu.com.ar\\\/wp-content\\\/uploads\\\/2017\\\/08\\\/diamante.jpg\",\"width\":1200,\"height\":530},{\"@type\":\"BreadcrumbList\",\"@id\":\"https:\\\/\\\/www.puertocdelu.com.ar\\\/index.php\\\/2017\\\/08\\\/29\\\/un-nuevo-buque-arribo-al-puerto-de-diamante\\\/#breadcrumb\",\"itemListElement\":[{\"@type\":\"ListItem\",\"position\":1,\"name\":\"Portada\",\"item\":\"https:\\\/\\\/www.puertocdelu.com.ar\\\/\"},{\"@type\":\"ListItem\",\"position\":2,\"name\":\"Un nuevo buque arrib\u00f3 al puerto de Diamante\"}]},{\"@type\":\"WebSite\",\"@id\":\"https:\\\/\\\/www.puertocdelu.com.ar\\\/#website\",\"url\":\"https:\\\/\\\/www.puertocdelu.com.ar\\\/\",\"name\":\"Puerto de Concepci\u00f3n del Uruguay\",\"description\":\"\",\"potentialAction\":[{\"@type\":\"SearchAction\",\"target\":{\"@type\":\"EntryPoint\",\"urlTemplate\":\"https:\\\/\\\/www.puertocdelu.com.ar\\\/?s={search_term_string}\"},\"query-input\":{\"@type\":\"PropertyValueSpecification\",\"valueRequired\":true,\"valueName\":\"search_term_string\"}}],\"inLanguage\":\"es\"},{\"@type\":\"Person\",\"@id\":\"https:\\\/\\\/www.puertocdelu.com.ar\\\/#\\\/schema\\\/person\\\/9d258b923b29bd5f47ca80d9c8cd72d1\",\"name\":\"PuertoCdelU\",\"image\":{\"@type\":\"ImageObject\",\"inLanguage\":\"es\",\"@id\":\"https:\\\/\\\/secure.gravatar.com\\\/avatar\\\/99e38dea1727d397df18aced5ac6840012bb7f24c8570dcfafabb73086aed88c?s=96&d=mm&r=g\",\"url\":\"https:\\\/\\\/secure.gravatar.com\\\/avatar\\\/99e38dea1727d397df18aced5ac6840012bb7f24c8570dcfafabb73086aed88c?s=96&d=mm&r=g\",\"contentUrl\":\"https:\\\/\\\/secure.gravatar.com\\\/avatar\\\/99e38dea1727d397df18aced5ac6840012bb7f24c8570dcfafabb73086aed88c?s=96&d=mm&r=g\",\"caption\":\"PuertoCdelU\"},\"url\":\"https:\\\/\\\/www.puertocdelu.com.ar\\\/index.php\\\/author\\\/hectordelos1\\\/\"}]}<\/script>\n<!-- \/ Yoast SEO plugin. -->","yoast_head_json":{"title":"Un nuevo buque arrib\u00f3 al puerto de Diamante - Puerto de Concepci\u00f3n del Uruguay","robots":{"index":"index","follow":"follow","max-snippet":"max-snippet:-1","max-image-preview":"max-image-preview:large","max-video-preview":"max-video-preview:-1"},"canonical":"https:\/\/www.puertocdelu.com.ar\/index.php\/2017\/08\/29\/un-nuevo-buque-arribo-al-puerto-de-diamante\/","og_locale":"es_ES","og_type":"article","og_title":"Un nuevo buque arrib\u00f3 al puerto de Diamante - Puerto de Concepci\u00f3n del Uruguay","og_description":"Un buque de bandera liberiana, el Talimen, arrib\u00f3 al puerto de Diamante. Se trata del quinto barco de ultramar consecutivo que ingresa en esta estaci\u00f3n portuaria desde que se realizaron las obras de dragado sobre ese tramo del r\u00edo Paran\u00e1. El Talimen cargar\u00e1 unas 30.000 toneladas de soja con destino a China. Semanas atr\u00e1s el [&hellip;]","og_url":"https:\/\/www.puertocdelu.com.ar\/index.php\/2017\/08\/29\/un-nuevo-buque-arribo-al-puerto-de-diamante\/","og_site_name":"Puerto de Concepci\u00f3n del Uruguay","article_published_time":"2017-08-29T20:21:10+00:00","og_image":[{"width":1200,"height":530,"url":"https:\/\/www.puertocdelu.com.ar\/wp-content\/uploads\/2017\/08\/diamante.jpg","type":"image\/jpeg"}],"author":"PuertoCdelU","twitter_card":"summary_large_image","twitter_misc":{"Escrito por":"PuertoCdelU","Tiempo de lectura":"1 minuto"},"schema":{"@context":"https:\/\/schema.org","@graph":[{"@type":"Article","@id":"https:\/\/www.puertocdelu.com.ar\/index.php\/2017\/08\/29\/un-nuevo-buque-arribo-al-puerto-de-diamante\/#article","isPartOf":{"@id":"https:\/\/www.puertocdelu.com.ar\/index.php\/2017\/08\/29\/un-nuevo-buque-arribo-al-puerto-de-diamante\/"},"author":{"name":"PuertoCdelU","@id":"https:\/\/www.puertocdelu.com.ar\/#\/schema\/person\/9d258b923b29bd5f47ca80d9c8cd72d1"},"headline":"Un nuevo buque arrib\u00f3 al puerto de Diamante","datePublished":"2017-08-29T20:21:10+00:00","mainEntityOfPage":{"@id":"https:\/\/www.puertocdelu.com.ar\/index.php\/2017\/08\/29\/un-nuevo-buque-arribo-al-puerto-de-diamante\/"},"wordCount":269,"commentCount":0,"image":{"@id":"https:\/\/www.puertocdelu.com.ar\/index.php\/2017\/08\/29\/un-nuevo-buque-arribo-al-puerto-de-diamante\/#primaryimage"},"thumbnailUrl":"https:\/\/www.puertocdelu.com.ar\/wp-content\/uploads\/2017\/08\/diamante.jpg","articleSection":["Noticias"],"inLanguage":"es","potentialAction":[{"@type":"CommentAction","name":"Comment","target":["https:\/\/www.puertocdelu.com.ar\/index.php\/2017\/08\/29\/un-nuevo-buque-arribo-al-puerto-de-diamante\/#respond"]}]},{"@type":"WebPage","@id":"https:\/\/www.puertocdelu.com.ar\/index.php\/2017\/08\/29\/un-nuevo-buque-arribo-al-puerto-de-diamante\/","url":"https:\/\/www.puertocdelu.com.ar\/index.php\/2017\/08\/29\/un-nuevo-buque-arribo-al-puerto-de-diamante\/","name":"Un nuevo buque arrib\u00f3 al puerto de Diamante - Puerto de Concepci\u00f3n del Uruguay","isPartOf":{"@id":"https:\/\/www.puertocdelu.com.ar\/#website"},"primaryImageOfPage":{"@id":"https:\/\/www.puertocdelu.com.ar\/index.php\/2017\/08\/29\/un-nuevo-buque-arribo-al-puerto-de-diamante\/#primaryimage"},"image":{"@id":"https:\/\/www.puertocdelu.com.ar\/index.php\/2017\/08\/29\/un-nuevo-buque-arribo-al-puerto-de-diamante\/#primaryimage"},"thumbnailUrl":"https:\/\/www.puertocdelu.com.ar\/wp-content\/uploads\/2017\/08\/diamante.jpg","datePublished":"2017-08-29T20:21:10+00:00","author":{"@id":"https:\/\/www.puertocdelu.com.ar\/#\/schema\/person\/9d258b923b29bd5f47ca80d9c8cd72d1"},"breadcrumb":{"@id":"https:\/\/www.puertocdelu.com.ar\/index.php\/2017\/08\/29\/un-nuevo-buque-arribo-al-puerto-de-diamante\/#breadcrumb"},"inLanguage":"es","potentialAction":[{"@type":"ReadAction","target":["https:\/\/www.puertocdelu.com.ar\/index.php\/2017\/08\/29\/un-nuevo-buque-arribo-al-puerto-de-diamante\/"]}]},{"@type":"ImageObject","inLanguage":"es","@id":"https:\/\/www.puertocdelu.com.ar\/index.php\/2017\/08\/29\/un-nuevo-buque-arribo-al-puerto-de-diamante\/#primaryimage","url":"https:\/\/www.puertocdelu.com.ar\/wp-content\/uploads\/2017\/08\/diamante.jpg","contentUrl":"https:\/\/www.puertocdelu.com.ar\/wp-content\/uploads\/2017\/08\/diamante.jpg","width":1200,"height":530},{"@type":"BreadcrumbList","@id":"https:\/\/www.puertocdelu.com.ar\/index.php\/2017\/08\/29\/un-nuevo-buque-arribo-al-puerto-de-diamante\/#breadcrumb","itemListElement":[{"@type":"ListItem","position":1,"name":"Portada","item":"https:\/\/www.puertocdelu.com.ar\/"},{"@type":"ListItem","position":2,"name":"Un nuevo buque arrib\u00f3 al puerto de Diamante"}]},{"@type":"WebSite","@id":"https:\/\/www.puertocdelu.com.ar\/#website","url":"https:\/\/www.puertocdelu.com.ar\/","name":"Puerto de Concepci\u00f3n del Uruguay","description":"","potentialAction":[{"@type":"SearchAction","target":{"@type":"EntryPoint","urlTemplate":"https:\/\/www.puertocdelu.com.ar\/?s={search_term_string}"},"query-input":{"@type":"PropertyValueSpecification","valueRequired":true,"valueName":"search_term_string"}}],"inLanguage":"es"},{"@type":"Person","@id":"https:\/\/www.puertocdelu.com.ar\/#\/schema\/person\/9d258b923b29bd5f47ca80d9c8cd72d1","name":"PuertoCdelU","image":{"@type":"ImageObject","inLanguage":"es","@id":"https:\/\/secure.gravatar.com\/avatar\/99e38dea1727d397df18aced5ac6840012bb7f24c8570dcfafabb73086aed88c?s=96&d=mm&r=g","url":"https:\/\/secure.gravatar.com\/avatar\/99e38dea1727d397df18aced5ac6840012bb7f24c8570dcfafabb73086aed88c?s=96&d=mm&r=g","contentUrl":"https:\/\/secure.gravatar.com\/avatar\/99e38dea1727d397df18aced5ac6840012bb7f24c8570dcfafabb73086aed88c?s=96&d=mm&r=g","caption":"PuertoCdelU"},"url":"https:\/\/www.puertocdelu.com.ar\/index.php\/author\/hectordelos1\/"}]}},"_links":{"self":[{"href":"https:\/\/www.puertocdelu.com.ar\/index.php\/wp-json\/wp\/v2\/posts\/1426","targetHints":{"allow":["GET"]}}],"collection":[{"href":"https:\/\/www.puertocdelu.com.ar\/index.php\/wp-json\/wp\/v2\/posts"}],"about":[{"href":"https:\/\/www.puertocdelu.com.ar\/index.php\/wp-json\/wp\/v2\/types\/post"}],"author":[{"embeddable":true,"href":"https:\/\/www.puertocdelu.com.ar\/index.php\/wp-json\/wp\/v2\/users\/1"}],"replies":[{"embeddable":true,"href":"https:\/\/www.puertocdelu.com.ar\/index.php\/wp-json\/wp\/v2\/comments?post=1426"}],"version-history":[{"count":1,"href":"https:\/\/www.puertocdelu.com.ar\/index.php\/wp-json\/wp\/v2\/posts\/1426\/revisions"}],"predecessor-version":[{"id":1428,"href":"https:\/\/www.puertocdelu.com.ar\/index.php\/wp-json\/wp\/v2\/posts\/1426\/revisions\/1428"}],"wp:featuredmedia":[{"embeddable":true,"href":"https:\/\/www.puertocdelu.com.ar\/index.php\/wp-json\/wp\/v2\/media\/1427"}],"wp:attachment":[{"href":"https:\/\/www.puertocdelu.com.ar\/index.php\/wp-json\/wp\/v2\/media?parent=1426"}],"wp:term":[{"taxonomy":"category","embeddable":true,"href":"https:\/\/www.puertocdelu.com.ar\/index.php\/wp-json\/wp\/v2\/categories?post=1426"},{"taxonomy":"post_tag","embeddable":true,"href":"https:\/\/www.puertocdelu.com.ar\/index.php\/wp-json\/wp\/v2\/tags?post=1426"}],"curies":[{"name":"wp","href":"https:\/\/api.w.org\/{rel}","templated":true}]}}