{"id":1430,"date":"2017-09-09T20:25:09","date_gmt":"2017-09-09T20:25:09","guid":{"rendered":"http:\/\/www.puertocdelu.com.ar\/?p=1430"},"modified":"2017-09-09T20:27:51","modified_gmt":"2017-09-09T20:27:51","slug":"arribara-un-nuevo-ultramarino-al-puerto-de-concepcion-del-uruguay","status":"publish","type":"post","link":"https:\/\/www.puertocdelu.com.ar\/index.php\/2017\/09\/09\/arribara-un-nuevo-ultramarino-al-puerto-de-concepcion-del-uruguay\/","title":{"rendered":"Arribar\u00e1 un nuevo ultramarino al puerto de Concepci\u00f3n del Uruguay"},"content":{"rendered":"<p>Su llegada est\u00e1 prevista para el pr\u00f3ximo fin de semana\u00a0 (entre los d\u00edas 15 y 17 de septiembre), seg\u00fan las autoridades del Ente Puerto Concepci\u00f3n del Uruguay (EAPCU).<\/p>\n<p>Se trata del ultramarino tipo bulk carrier \u201cFatih\u201d de bandera de Malta, con 180 metros de eslora y 30 de manga.<\/p>\n<p>En el puerto de La Hist\u00f3rica cargar\u00e1 arroz en bolsa, uno de los productos que eligen esta terminal como salida a la exportaci\u00f3n. En este caso se trata de un embarque conformado por mercader\u00eda de productores del norte entrerriano y del sur de la provincia de Corrientes.\u00a0\u00a0 Se cargaran entre 13 y\u00a0 14 mil tonelada con destino a Irak<\/p>\n<p><a href=\"https:\/\/www.puertocdelu.com.ar\/wp-content\/uploads\/2017\/09\/FATIH-3.jpg\"><img loading=\"lazy\" decoding=\"async\" class=\"aligncenter wp-image-1432\" src=\"https:\/\/www.puertocdelu.com.ar\/wp-content\/uploads\/2017\/09\/FATIH-3.jpg\" alt=\"\" width=\"650\" height=\"433\" srcset=\"https:\/\/www.puertocdelu.com.ar\/wp-content\/uploads\/2017\/09\/FATIH-3.jpg 800w, https:\/\/www.puertocdelu.com.ar\/wp-content\/uploads\/2017\/09\/FATIH-3-300x200.jpg 300w, https:\/\/www.puertocdelu.com.ar\/wp-content\/uploads\/2017\/09\/FATIH-3-768x512.jpg 768w, https:\/\/www.puertocdelu.com.ar\/wp-content\/uploads\/2017\/09\/FATIH-3-696x464.jpg 696w, https:\/\/www.puertocdelu.com.ar\/wp-content\/uploads\/2017\/09\/FATIH-3-630x420.jpg 630w\" sizes=\"auto, (max-width: 650px) 100vw, 650px\" \/><\/a>El buque <a href=\"https:\/\/www.marinetraffic.com\/es\/ais\/home\/shipid:149251\/zoom:10\" target=\"_blank\" rel=\"noopener\">viene haciendo un recorrido por el oc\u00e9ano Pac\u00edfico<\/a>, donde una de sus \u00faltimas paradas fue en Puerto Montt, en Chile. Seg\u00fan la hoja de ruta, el nav\u00edo se encuentra por estas horas saliendo del canal de Beagle, tras haber pasado el viernes por el Cabo de Hornos con destino al puerto de Necochea, desde donde se dirigir\u00e1 al R\u00edo de la Plata para ingresar al r\u00edo Uruguay con destino a Concepci\u00f3n del Uruguay.<\/p>\n<p><a href=\"https:\/\/www.puertocdelu.com.ar\/wp-content\/uploads\/2017\/09\/FATIH-2.jpg\"><img loading=\"lazy\" decoding=\"async\" class=\"aligncenter wp-image-1433\" src=\"https:\/\/www.puertocdelu.com.ar\/wp-content\/uploads\/2017\/09\/FATIH-2.jpg\" alt=\"\" width=\"650\" height=\"433\" srcset=\"https:\/\/www.puertocdelu.com.ar\/wp-content\/uploads\/2017\/09\/FATIH-2.jpg 800w, https:\/\/www.puertocdelu.com.ar\/wp-content\/uploads\/2017\/09\/FATIH-2-300x200.jpg 300w, https:\/\/www.puertocdelu.com.ar\/wp-content\/uploads\/2017\/09\/FATIH-2-768x512.jpg 768w, https:\/\/www.puertocdelu.com.ar\/wp-content\/uploads\/2017\/09\/FATIH-2-696x464.jpg 696w, https:\/\/www.puertocdelu.com.ar\/wp-content\/uploads\/2017\/09\/FATIH-2-630x420.jpg 630w\" sizes=\"auto, (max-width: 650px) 100vw, 650px\" \/><\/a><\/p>\n<p>Como sucede siempre que llega este tipo de buque, se pone en marcha una vez m\u00e1s el puerto de la ciudad, y con ello una importante generaci\u00f3n de trabajo para la cientos de personas que constituyen la mano de obra portuaria, un grupo de trabajo reconocido por su capacidad, rapidez y transparencia para la realizaci\u00f3n de las tareas que implica la estiba, descarga de camiones y ordenamiento de las bodegas de los buques.<\/p>\n","protected":false},"excerpt":{"rendered":"<p>Su llegada est\u00e1 prevista para el pr\u00f3ximo fin de semana\u00a0 (entre los d\u00edas 15 y 17 de septiembre), seg\u00fan las autoridades del Ente Puerto Concepci\u00f3n del Uruguay (EAPCU). Se trata del ultramarino tipo bulk carrier \u201cFatih\u201d de bandera de Malta, con 180 metros de eslora y 30 de manga. En el puerto de La Hist\u00f3rica [&hellip;]<\/p>\n","protected":false},"author":1,"featured_media":1431,"comment_status":"open","ping_status":"open","sticky":false,"template":"","format":"standard","meta":{"footnotes":""},"categories":[81],"tags":[],"class_list":{"0":"post-1430","1":"post","2":"type-post","3":"status-publish","4":"format-standard","5":"has-post-thumbnail","7":"category-noticias"},"yoast_head":"<!-- This site is optimized with the Yoast SEO plugin v27.4 - https:\/\/yoast.com\/product\/yoast-seo-wordpress\/ -->\n<title>Arribar\u00e1 un nuevo ultramarino al puerto de Concepci\u00f3n del Uruguay - Puerto de Concepci\u00f3n del Uruguay<\/title>\n<meta name=\"robots\" content=\"index, follow, max-snippet:-1, max-image-preview:large, max-video-preview:-1\" \/>\n<link rel=\"canonical\" href=\"https:\/\/www.puertocdelu.com.ar\/index.php\/2017\/09\/09\/arribara-un-nuevo-ultramarino-al-puerto-de-concepcion-del-uruguay\/\" \/>\n<meta property=\"og:locale\" content=\"es_ES\" \/>\n<meta property=\"og:type\" content=\"article\" \/>\n<meta property=\"og:title\" content=\"Arribar\u00e1 un nuevo ultramarino al puerto de Concepci\u00f3n del Uruguay - Puerto de Concepci\u00f3n del Uruguay\" \/>\n<meta property=\"og:description\" content=\"Su llegada est\u00e1 prevista para el pr\u00f3ximo fin de semana\u00a0 (entre los d\u00edas 15 y 17 de septiembre), seg\u00fan las autoridades del Ente Puerto Concepci\u00f3n del Uruguay (EAPCU). Se trata del ultramarino tipo bulk carrier \u201cFatih\u201d de bandera de Malta, con 180 metros de eslora y 30 de manga. En el puerto de La Hist\u00f3rica [&hellip;]\" \/>\n<meta property=\"og:url\" content=\"https:\/\/www.puertocdelu.com.ar\/index.php\/2017\/09\/09\/arribara-un-nuevo-ultramarino-al-puerto-de-concepcion-del-uruguay\/\" \/>\n<meta property=\"og:site_name\" content=\"Puerto de Concepci\u00f3n del Uruguay\" \/>\n<meta property=\"article:published_time\" content=\"2017-09-09T20:25:09+00:00\" \/>\n<meta property=\"article:modified_time\" content=\"2017-09-09T20:27:51+00:00\" \/>\n<meta property=\"og:image\" content=\"https:\/\/www.puertocdelu.com.ar\/wp-content\/uploads\/2017\/09\/FATIH-1.jpg\" \/>\n\t<meta property=\"og:image:width\" content=\"984\" \/>\n\t<meta property=\"og:image:height\" content=\"433\" \/>\n\t<meta property=\"og:image:type\" content=\"image\/jpeg\" \/>\n<meta name=\"author\" content=\"PuertoCdelU\" \/>\n<meta name=\"twitter:card\" content=\"summary_large_image\" \/>\n<meta name=\"twitter:label1\" content=\"Escrito por\" \/>\n\t<meta name=\"twitter:data1\" content=\"PuertoCdelU\" \/>\n\t<meta name=\"twitter:label2\" content=\"Tiempo de lectura\" \/>\n\t<meta name=\"twitter:data2\" content=\"1 minuto\" \/>\n<script type=\"application\/ld+json\" class=\"yoast-schema-graph\">{\"@context\":\"https:\\\/\\\/schema.org\",\"@graph\":[{\"@type\":\"Article\",\"@id\":\"https:\\\/\\\/www.puertocdelu.com.ar\\\/index.php\\\/2017\\\/09\\\/09\\\/arribara-un-nuevo-ultramarino-al-puerto-de-concepcion-del-uruguay\\\/#article\",\"isPartOf\":{\"@id\":\"https:\\\/\\\/www.puertocdelu.com.ar\\\/index.php\\\/2017\\\/09\\\/09\\\/arribara-un-nuevo-ultramarino-al-puerto-de-concepcion-del-uruguay\\\/\"},\"author\":{\"name\":\"PuertoCdelU\",\"@id\":\"https:\\\/\\\/www.puertocdelu.com.ar\\\/#\\\/schema\\\/person\\\/9d258b923b29bd5f47ca80d9c8cd72d1\"},\"headline\":\"Arribar\u00e1 un nuevo ultramarino al puerto de Concepci\u00f3n del Uruguay\",\"datePublished\":\"2017-09-09T20:25:09+00:00\",\"dateModified\":\"2017-09-09T20:27:51+00:00\",\"mainEntityOfPage\":{\"@id\":\"https:\\\/\\\/www.puertocdelu.com.ar\\\/index.php\\\/2017\\\/09\\\/09\\\/arribara-un-nuevo-ultramarino-al-puerto-de-concepcion-del-uruguay\\\/\"},\"wordCount\":278,\"commentCount\":0,\"image\":{\"@id\":\"https:\\\/\\\/www.puertocdelu.com.ar\\\/index.php\\\/2017\\\/09\\\/09\\\/arribara-un-nuevo-ultramarino-al-puerto-de-concepcion-del-uruguay\\\/#primaryimage\"},\"thumbnailUrl\":\"https:\\\/\\\/www.puertocdelu.com.ar\\\/wp-content\\\/uploads\\\/2017\\\/09\\\/FATIH-1.jpg\",\"articleSection\":[\"Noticias\"],\"inLanguage\":\"es\",\"potentialAction\":[{\"@type\":\"CommentAction\",\"name\":\"Comment\",\"target\":[\"https:\\\/\\\/www.puertocdelu.com.ar\\\/index.php\\\/2017\\\/09\\\/09\\\/arribara-un-nuevo-ultramarino-al-puerto-de-concepcion-del-uruguay\\\/#respond\"]}]},{\"@type\":\"WebPage\",\"@id\":\"https:\\\/\\\/www.puertocdelu.com.ar\\\/index.php\\\/2017\\\/09\\\/09\\\/arribara-un-nuevo-ultramarino-al-puerto-de-concepcion-del-uruguay\\\/\",\"url\":\"https:\\\/\\\/www.puertocdelu.com.ar\\\/index.php\\\/2017\\\/09\\\/09\\\/arribara-un-nuevo-ultramarino-al-puerto-de-concepcion-del-uruguay\\\/\",\"name\":\"Arribar\u00e1 un nuevo ultramarino al puerto de Concepci\u00f3n del Uruguay - Puerto de Concepci\u00f3n del Uruguay\",\"isPartOf\":{\"@id\":\"https:\\\/\\\/www.puertocdelu.com.ar\\\/#website\"},\"primaryImageOfPage\":{\"@id\":\"https:\\\/\\\/www.puertocdelu.com.ar\\\/index.php\\\/2017\\\/09\\\/09\\\/arribara-un-nuevo-ultramarino-al-puerto-de-concepcion-del-uruguay\\\/#primaryimage\"},\"image\":{\"@id\":\"https:\\\/\\\/www.puertocdelu.com.ar\\\/index.php\\\/2017\\\/09\\\/09\\\/arribara-un-nuevo-ultramarino-al-puerto-de-concepcion-del-uruguay\\\/#primaryimage\"},\"thumbnailUrl\":\"https:\\\/\\\/www.puertocdelu.com.ar\\\/wp-content\\\/uploads\\\/2017\\\/09\\\/FATIH-1.jpg\",\"datePublished\":\"2017-09-09T20:25:09+00:00\",\"dateModified\":\"2017-09-09T20:27:51+00:00\",\"author\":{\"@id\":\"https:\\\/\\\/www.puertocdelu.com.ar\\\/#\\\/schema\\\/person\\\/9d258b923b29bd5f47ca80d9c8cd72d1\"},\"breadcrumb\":{\"@id\":\"https:\\\/\\\/www.puertocdelu.com.ar\\\/index.php\\\/2017\\\/09\\\/09\\\/arribara-un-nuevo-ultramarino-al-puerto-de-concepcion-del-uruguay\\\/#breadcrumb\"},\"inLanguage\":\"es\",\"potentialAction\":[{\"@type\":\"ReadAction\",\"target\":[\"https:\\\/\\\/www.puertocdelu.com.ar\\\/index.php\\\/2017\\\/09\\\/09\\\/arribara-un-nuevo-ultramarino-al-puerto-de-concepcion-del-uruguay\\\/\"]}]},{\"@type\":\"ImageObject\",\"inLanguage\":\"es\",\"@id\":\"https:\\\/\\\/www.puertocdelu.com.ar\\\/index.php\\\/2017\\\/09\\\/09\\\/arribara-un-nuevo-ultramarino-al-puerto-de-concepcion-del-uruguay\\\/#primaryimage\",\"url\":\"https:\\\/\\\/www.puertocdelu.com.ar\\\/wp-content\\\/uploads\\\/2017\\\/09\\\/FATIH-1.jpg\",\"contentUrl\":\"https:\\\/\\\/www.puertocdelu.com.ar\\\/wp-content\\\/uploads\\\/2017\\\/09\\\/FATIH-1.jpg\",\"width\":984,\"height\":433},{\"@type\":\"BreadcrumbList\",\"@id\":\"https:\\\/\\\/www.puertocdelu.com.ar\\\/index.php\\\/2017\\\/09\\\/09\\\/arribara-un-nuevo-ultramarino-al-puerto-de-concepcion-del-uruguay\\\/#breadcrumb\",\"itemListElement\":[{\"@type\":\"ListItem\",\"position\":1,\"name\":\"Portada\",\"item\":\"https:\\\/\\\/www.puertocdelu.com.ar\\\/\"},{\"@type\":\"ListItem\",\"position\":2,\"name\":\"Arribar\u00e1 un nuevo ultramarino al puerto de Concepci\u00f3n del Uruguay\"}]},{\"@type\":\"WebSite\",\"@id\":\"https:\\\/\\\/www.puertocdelu.com.ar\\\/#website\",\"url\":\"https:\\\/\\\/www.puertocdelu.com.ar\\\/\",\"name\":\"Puerto de Concepci\u00f3n del Uruguay\",\"description\":\"\",\"potentialAction\":[{\"@type\":\"SearchAction\",\"target\":{\"@type\":\"EntryPoint\",\"urlTemplate\":\"https:\\\/\\\/www.puertocdelu.com.ar\\\/?s={search_term_string}\"},\"query-input\":{\"@type\":\"PropertyValueSpecification\",\"valueRequired\":true,\"valueName\":\"search_term_string\"}}],\"inLanguage\":\"es\"},{\"@type\":\"Person\",\"@id\":\"https:\\\/\\\/www.puertocdelu.com.ar\\\/#\\\/schema\\\/person\\\/9d258b923b29bd5f47ca80d9c8cd72d1\",\"name\":\"PuertoCdelU\",\"image\":{\"@type\":\"ImageObject\",\"inLanguage\":\"es\",\"@id\":\"https:\\\/\\\/secure.gravatar.com\\\/avatar\\\/99e38dea1727d397df18aced5ac6840012bb7f24c8570dcfafabb73086aed88c?s=96&d=mm&r=g\",\"url\":\"https:\\\/\\\/secure.gravatar.com\\\/avatar\\\/99e38dea1727d397df18aced5ac6840012bb7f24c8570dcfafabb73086aed88c?s=96&d=mm&r=g\",\"contentUrl\":\"https:\\\/\\\/secure.gravatar.com\\\/avatar\\\/99e38dea1727d397df18aced5ac6840012bb7f24c8570dcfafabb73086aed88c?s=96&d=mm&r=g\",\"caption\":\"PuertoCdelU\"},\"url\":\"https:\\\/\\\/www.puertocdelu.com.ar\\\/index.php\\\/author\\\/hectordelos1\\\/\"}]}<\/script>\n<!-- \/ Yoast SEO plugin. -->","yoast_head_json":{"title":"Arribar\u00e1 un nuevo ultramarino al puerto de Concepci\u00f3n del Uruguay - Puerto de Concepci\u00f3n del Uruguay","robots":{"index":"index","follow":"follow","max-snippet":"max-snippet:-1","max-image-preview":"max-image-preview:large","max-video-preview":"max-video-preview:-1"},"canonical":"https:\/\/www.puertocdelu.com.ar\/index.php\/2017\/09\/09\/arribara-un-nuevo-ultramarino-al-puerto-de-concepcion-del-uruguay\/","og_locale":"es_ES","og_type":"article","og_title":"Arribar\u00e1 un nuevo ultramarino al puerto de Concepci\u00f3n del Uruguay - Puerto de Concepci\u00f3n del Uruguay","og_description":"Su llegada est\u00e1 prevista para el pr\u00f3ximo fin de semana\u00a0 (entre los d\u00edas 15 y 17 de septiembre), seg\u00fan las autoridades del Ente Puerto Concepci\u00f3n del Uruguay (EAPCU). Se trata del ultramarino tipo bulk carrier \u201cFatih\u201d de bandera de Malta, con 180 metros de eslora y 30 de manga. En el puerto de La Hist\u00f3rica [&hellip;]","og_url":"https:\/\/www.puertocdelu.com.ar\/index.php\/2017\/09\/09\/arribara-un-nuevo-ultramarino-al-puerto-de-concepcion-del-uruguay\/","og_site_name":"Puerto de Concepci\u00f3n del Uruguay","article_published_time":"2017-09-09T20:25:09+00:00","article_modified_time":"2017-09-09T20:27:51+00:00","og_image":[{"width":984,"height":433,"url":"https:\/\/www.puertocdelu.com.ar\/wp-content\/uploads\/2017\/09\/FATIH-1.jpg","type":"image\/jpeg"}],"author":"PuertoCdelU","twitter_card":"summary_large_image","twitter_misc":{"Escrito por":"PuertoCdelU","Tiempo de lectura":"1 minuto"},"schema":{"@context":"https:\/\/schema.org","@graph":[{"@type":"Article","@id":"https:\/\/www.puertocdelu.com.ar\/index.php\/2017\/09\/09\/arribara-un-nuevo-ultramarino-al-puerto-de-concepcion-del-uruguay\/#article","isPartOf":{"@id":"https:\/\/www.puertocdelu.com.ar\/index.php\/2017\/09\/09\/arribara-un-nuevo-ultramarino-al-puerto-de-concepcion-del-uruguay\/"},"author":{"name":"PuertoCdelU","@id":"https:\/\/www.puertocdelu.com.ar\/#\/schema\/person\/9d258b923b29bd5f47ca80d9c8cd72d1"},"headline":"Arribar\u00e1 un nuevo ultramarino al puerto de Concepci\u00f3n del Uruguay","datePublished":"2017-09-09T20:25:09+00:00","dateModified":"2017-09-09T20:27:51+00:00","mainEntityOfPage":{"@id":"https:\/\/www.puertocdelu.com.ar\/index.php\/2017\/09\/09\/arribara-un-nuevo-ultramarino-al-puerto-de-concepcion-del-uruguay\/"},"wordCount":278,"commentCount":0,"image":{"@id":"https:\/\/www.puertocdelu.com.ar\/index.php\/2017\/09\/09\/arribara-un-nuevo-ultramarino-al-puerto-de-concepcion-del-uruguay\/#primaryimage"},"thumbnailUrl":"https:\/\/www.puertocdelu.com.ar\/wp-content\/uploads\/2017\/09\/FATIH-1.jpg","articleSection":["Noticias"],"inLanguage":"es","potentialAction":[{"@type":"CommentAction","name":"Comment","target":["https:\/\/www.puertocdelu.com.ar\/index.php\/2017\/09\/09\/arribara-un-nuevo-ultramarino-al-puerto-de-concepcion-del-uruguay\/#respond"]}]},{"@type":"WebPage","@id":"https:\/\/www.puertocdelu.com.ar\/index.php\/2017\/09\/09\/arribara-un-nuevo-ultramarino-al-puerto-de-concepcion-del-uruguay\/","url":"https:\/\/www.puertocdelu.com.ar\/index.php\/2017\/09\/09\/arribara-un-nuevo-ultramarino-al-puerto-de-concepcion-del-uruguay\/","name":"Arribar\u00e1 un nuevo ultramarino al puerto de Concepci\u00f3n del Uruguay - Puerto de Concepci\u00f3n del Uruguay","isPartOf":{"@id":"https:\/\/www.puertocdelu.com.ar\/#website"},"primaryImageOfPage":{"@id":"https:\/\/www.puertocdelu.com.ar\/index.php\/2017\/09\/09\/arribara-un-nuevo-ultramarino-al-puerto-de-concepcion-del-uruguay\/#primaryimage"},"image":{"@id":"https:\/\/www.puertocdelu.com.ar\/index.php\/2017\/09\/09\/arribara-un-nuevo-ultramarino-al-puerto-de-concepcion-del-uruguay\/#primaryimage"},"thumbnailUrl":"https:\/\/www.puertocdelu.com.ar\/wp-content\/uploads\/2017\/09\/FATIH-1.jpg","datePublished":"2017-09-09T20:25:09+00:00","dateModified":"2017-09-09T20:27:51+00:00","author":{"@id":"https:\/\/www.puertocdelu.com.ar\/#\/schema\/person\/9d258b923b29bd5f47ca80d9c8cd72d1"},"breadcrumb":{"@id":"https:\/\/www.puertocdelu.com.ar\/index.php\/2017\/09\/09\/arribara-un-nuevo-ultramarino-al-puerto-de-concepcion-del-uruguay\/#breadcrumb"},"inLanguage":"es","potentialAction":[{"@type":"ReadAction","target":["https:\/\/www.puertocdelu.com.ar\/index.php\/2017\/09\/09\/arribara-un-nuevo-ultramarino-al-puerto-de-concepcion-del-uruguay\/"]}]},{"@type":"ImageObject","inLanguage":"es","@id":"https:\/\/www.puertocdelu.com.ar\/index.php\/2017\/09\/09\/arribara-un-nuevo-ultramarino-al-puerto-de-concepcion-del-uruguay\/#primaryimage","url":"https:\/\/www.puertocdelu.com.ar\/wp-content\/uploads\/2017\/09\/FATIH-1.jpg","contentUrl":"https:\/\/www.puertocdelu.com.ar\/wp-content\/uploads\/2017\/09\/FATIH-1.jpg","width":984,"height":433},{"@type":"BreadcrumbList","@id":"https:\/\/www.puertocdelu.com.ar\/index.php\/2017\/09\/09\/arribara-un-nuevo-ultramarino-al-puerto-de-concepcion-del-uruguay\/#breadcrumb","itemListElement":[{"@type":"ListItem","position":1,"name":"Portada","item":"https:\/\/www.puertocdelu.com.ar\/"},{"@type":"ListItem","position":2,"name":"Arribar\u00e1 un nuevo ultramarino al puerto de Concepci\u00f3n del Uruguay"}]},{"@type":"WebSite","@id":"https:\/\/www.puertocdelu.com.ar\/#website","url":"https:\/\/www.puertocdelu.com.ar\/","name":"Puerto de Concepci\u00f3n del Uruguay","description":"","potentialAction":[{"@type":"SearchAction","target":{"@type":"EntryPoint","urlTemplate":"https:\/\/www.puertocdelu.com.ar\/?s={search_term_string}"},"query-input":{"@type":"PropertyValueSpecification","valueRequired":true,"valueName":"search_term_string"}}],"inLanguage":"es"},{"@type":"Person","@id":"https:\/\/www.puertocdelu.com.ar\/#\/schema\/person\/9d258b923b29bd5f47ca80d9c8cd72d1","name":"PuertoCdelU","image":{"@type":"ImageObject","inLanguage":"es","@id":"https:\/\/secure.gravatar.com\/avatar\/99e38dea1727d397df18aced5ac6840012bb7f24c8570dcfafabb73086aed88c?s=96&d=mm&r=g","url":"https:\/\/secure.gravatar.com\/avatar\/99e38dea1727d397df18aced5ac6840012bb7f24c8570dcfafabb73086aed88c?s=96&d=mm&r=g","contentUrl":"https:\/\/secure.gravatar.com\/avatar\/99e38dea1727d397df18aced5ac6840012bb7f24c8570dcfafabb73086aed88c?s=96&d=mm&r=g","caption":"PuertoCdelU"},"url":"https:\/\/www.puertocdelu.com.ar\/index.php\/author\/hectordelos1\/"}]}},"_links":{"self":[{"href":"https:\/\/www.puertocdelu.com.ar\/index.php\/wp-json\/wp\/v2\/posts\/1430","targetHints":{"allow":["GET"]}}],"collection":[{"href":"https:\/\/www.puertocdelu.com.ar\/index.php\/wp-json\/wp\/v2\/posts"}],"about":[{"href":"https:\/\/www.puertocdelu.com.ar\/index.php\/wp-json\/wp\/v2\/types\/post"}],"author":[{"embeddable":true,"href":"https:\/\/www.puertocdelu.com.ar\/index.php\/wp-json\/wp\/v2\/users\/1"}],"replies":[{"embeddable":true,"href":"https:\/\/www.puertocdelu.com.ar\/index.php\/wp-json\/wp\/v2\/comments?post=1430"}],"version-history":[{"count":4,"href":"https:\/\/www.puertocdelu.com.ar\/index.php\/wp-json\/wp\/v2\/posts\/1430\/revisions"}],"predecessor-version":[{"id":1437,"href":"https:\/\/www.puertocdelu.com.ar\/index.php\/wp-json\/wp\/v2\/posts\/1430\/revisions\/1437"}],"wp:featuredmedia":[{"embeddable":true,"href":"https:\/\/www.puertocdelu.com.ar\/index.php\/wp-json\/wp\/v2\/media\/1431"}],"wp:attachment":[{"href":"https:\/\/www.puertocdelu.com.ar\/index.php\/wp-json\/wp\/v2\/media?parent=1430"}],"wp:term":[{"taxonomy":"category","embeddable":true,"href":"https:\/\/www.puertocdelu.com.ar\/index.php\/wp-json\/wp\/v2\/categories?post=1430"},{"taxonomy":"post_tag","embeddable":true,"href":"https:\/\/www.puertocdelu.com.ar\/index.php\/wp-json\/wp\/v2\/tags?post=1430"}],"curies":[{"name":"wp","href":"https:\/\/api.w.org\/{rel}","templated":true}]}}