{"id":1482,"date":"2017-11-27T16:37:32","date_gmt":"2017-11-27T16:37:32","guid":{"rendered":"http:\/\/www.puertocdelu.com.ar\/?p=1482"},"modified":"2017-11-27T16:44:47","modified_gmt":"2017-11-27T16:44:47","slug":"schepens-asumio-al-frente-del-instituto-portuario","status":"publish","type":"post","link":"https:\/\/www.puertocdelu.com.ar\/index.php\/2017\/11\/27\/schepens-asumio-al-frente-del-instituto-portuario\/","title":{"rendered":"Schepens asumi\u00f3 al frente del Instituto Portuario"},"content":{"rendered":"<p>El decreto que lo nombr\u00f3 ya fue firmado, el nombre de Schepens est\u00e1 colgado en la web oficial del organismo<\/p>\n<p>El ex ministro de Producci\u00f3n, Carlos Schepens, cuya renuncia fue aceptada por el gobernador Gustavo Bordet en el marco del recambio de autoridades dispuesto en las \u00faltimas semanas, fue designado al frente del Instituto Portuario de Entre R\u00edos (IPPER).<br \/>\nEl dirigente uruguayense recibi\u00f3 el decreto con el nombramiento correspondiente el pasado 10 y ya asumi\u00f3 sus funciones en el nuevo cargo. En tanto, seg\u00fan manifest\u00f3 a LA CALLE, este martes el gobernador oficializar\u00e1 su nuevo cargo.El decreto que lo nombr\u00f3 ya fue firmado, el nombre de Schepens colgado en la web oficial del organismo y el funcionario ya se encuentra en Paran\u00e1 en su nueva tarea.<br \/>\nSchepens lleg\u00f3 al Ipper, en el marco de su carrera pol\u00edtica, luego de haber comenzado como senador provincial (2007\/2011), seguido como Intendente uruguayense (2011\/20015) y, finalmente, como ministro de la Producci\u00f3n provincial por poco m\u00e1s de un a\u00f1o y medio, aproximadamente.<\/p>\n<p>Objetivos<br \/>\nEl Instituto Portuario Provincial es un organismo descentralizado del Poder Ejecutivo Provincial, con asiento en la ciudad de Paran\u00e1 y dependencia funcional del Ministerio de Producci\u00f3n.<br \/>\nEs el v\u00ednculo directo con la Subsecretar\u00eda de Puertos y V\u00edas Navegables de la Naci\u00f3n y con todo otro organismo nacional e internacional en los que refiere a los intereses portuarios de la provincia, con capacidad de representarla por mandato expreso del Sr. Gobernador. Propicia el progreso de la actividad portuaria mediante las propuestas legislativas necesarias para adaptar a los puertos p\u00fablicos, privados o mixtos a la competencia del mercado.<br \/>\nCabe resaltar, que el fortalecimiento de los puertos y la reactivaci\u00f3n real de nuestro r\u00edo, siempre fue una de la smayores preocupaciones del funcionario, en el recorrido de sus cargos no solo en nuestra ciudad, sino en la provincia.<\/p>\n<p>Fuente: Diario La Calle.<\/p>\n","protected":false},"excerpt":{"rendered":"<p>El decreto que lo nombr\u00f3 ya fue firmado, el nombre de Schepens est\u00e1 colgado en la web oficial del organismo El ex ministro de Producci\u00f3n, Carlos Schepens, cuya renuncia fue aceptada por el gobernador Gustavo Bordet en el marco del recambio de autoridades dispuesto en las \u00faltimas semanas, fue designado al frente del Instituto Portuario [&hellip;]<\/p>\n","protected":false},"author":1,"featured_media":1483,"comment_status":"open","ping_status":"open","sticky":false,"template":"","format":"standard","meta":{"footnotes":""},"categories":[81],"tags":[],"class_list":{"0":"post-1482","1":"post","2":"type-post","3":"status-publish","4":"format-standard","5":"has-post-thumbnail","7":"category-noticias"},"yoast_head":"<!-- This site is optimized with the Yoast SEO plugin v27.4 - https:\/\/yoast.com\/product\/yoast-seo-wordpress\/ -->\n<title>Schepens asumi\u00f3 al frente del Instituto Portuario - Puerto de Concepci\u00f3n del Uruguay<\/title>\n<meta name=\"robots\" content=\"index, follow, max-snippet:-1, max-image-preview:large, max-video-preview:-1\" \/>\n<link rel=\"canonical\" href=\"https:\/\/www.puertocdelu.com.ar\/index.php\/2017\/11\/27\/schepens-asumio-al-frente-del-instituto-portuario\/\" \/>\n<meta property=\"og:locale\" content=\"es_ES\" \/>\n<meta property=\"og:type\" content=\"article\" \/>\n<meta property=\"og:title\" content=\"Schepens asumi\u00f3 al frente del Instituto Portuario - Puerto de Concepci\u00f3n del Uruguay\" \/>\n<meta property=\"og:description\" content=\"El decreto que lo nombr\u00f3 ya fue firmado, el nombre de Schepens est\u00e1 colgado en la web oficial del organismo El ex ministro de Producci\u00f3n, Carlos Schepens, cuya renuncia fue aceptada por el gobernador Gustavo Bordet en el marco del recambio de autoridades dispuesto en las \u00faltimas semanas, fue designado al frente del Instituto Portuario [&hellip;]\" \/>\n<meta property=\"og:url\" content=\"https:\/\/www.puertocdelu.com.ar\/index.php\/2017\/11\/27\/schepens-asumio-al-frente-del-instituto-portuario\/\" \/>\n<meta property=\"og:site_name\" content=\"Puerto de Concepci\u00f3n del Uruguay\" \/>\n<meta property=\"article:published_time\" content=\"2017-11-27T16:37:32+00:00\" \/>\n<meta property=\"article:modified_time\" content=\"2017-11-27T16:44:47+00:00\" \/>\n<meta property=\"og:image\" content=\"https:\/\/www.puertocdelu.com.ar\/wp-content\/uploads\/2017\/11\/p1-schepens.jpg\" \/>\n\t<meta property=\"og:image:width\" content=\"800\" \/>\n\t<meta property=\"og:image:height\" content=\"600\" \/>\n\t<meta property=\"og:image:type\" content=\"image\/jpeg\" \/>\n<meta name=\"author\" content=\"PuertoCdelU\" \/>\n<meta name=\"twitter:card\" content=\"summary_large_image\" \/>\n<meta name=\"twitter:label1\" content=\"Escrito por\" \/>\n\t<meta name=\"twitter:data1\" content=\"PuertoCdelU\" \/>\n\t<meta name=\"twitter:label2\" content=\"Tiempo de lectura\" \/>\n\t<meta name=\"twitter:data2\" content=\"2 minutos\" \/>\n<script type=\"application\/ld+json\" class=\"yoast-schema-graph\">{\"@context\":\"https:\\\/\\\/schema.org\",\"@graph\":[{\"@type\":\"Article\",\"@id\":\"https:\\\/\\\/www.puertocdelu.com.ar\\\/index.php\\\/2017\\\/11\\\/27\\\/schepens-asumio-al-frente-del-instituto-portuario\\\/#article\",\"isPartOf\":{\"@id\":\"https:\\\/\\\/www.puertocdelu.com.ar\\\/index.php\\\/2017\\\/11\\\/27\\\/schepens-asumio-al-frente-del-instituto-portuario\\\/\"},\"author\":{\"name\":\"PuertoCdelU\",\"@id\":\"https:\\\/\\\/www.puertocdelu.com.ar\\\/#\\\/schema\\\/person\\\/9d258b923b29bd5f47ca80d9c8cd72d1\"},\"headline\":\"Schepens asumi\u00f3 al frente del Instituto Portuario\",\"datePublished\":\"2017-11-27T16:37:32+00:00\",\"dateModified\":\"2017-11-27T16:44:47+00:00\",\"mainEntityOfPage\":{\"@id\":\"https:\\\/\\\/www.puertocdelu.com.ar\\\/index.php\\\/2017\\\/11\\\/27\\\/schepens-asumio-al-frente-del-instituto-portuario\\\/\"},\"wordCount\":327,\"commentCount\":0,\"image\":{\"@id\":\"https:\\\/\\\/www.puertocdelu.com.ar\\\/index.php\\\/2017\\\/11\\\/27\\\/schepens-asumio-al-frente-del-instituto-portuario\\\/#primaryimage\"},\"thumbnailUrl\":\"https:\\\/\\\/www.puertocdelu.com.ar\\\/wp-content\\\/uploads\\\/2017\\\/11\\\/p1-schepens.jpg\",\"articleSection\":[\"Noticias\"],\"inLanguage\":\"es\",\"potentialAction\":[{\"@type\":\"CommentAction\",\"name\":\"Comment\",\"target\":[\"https:\\\/\\\/www.puertocdelu.com.ar\\\/index.php\\\/2017\\\/11\\\/27\\\/schepens-asumio-al-frente-del-instituto-portuario\\\/#respond\"]}]},{\"@type\":\"WebPage\",\"@id\":\"https:\\\/\\\/www.puertocdelu.com.ar\\\/index.php\\\/2017\\\/11\\\/27\\\/schepens-asumio-al-frente-del-instituto-portuario\\\/\",\"url\":\"https:\\\/\\\/www.puertocdelu.com.ar\\\/index.php\\\/2017\\\/11\\\/27\\\/schepens-asumio-al-frente-del-instituto-portuario\\\/\",\"name\":\"Schepens asumi\u00f3 al frente del Instituto Portuario - Puerto de Concepci\u00f3n del Uruguay\",\"isPartOf\":{\"@id\":\"https:\\\/\\\/www.puertocdelu.com.ar\\\/#website\"},\"primaryImageOfPage\":{\"@id\":\"https:\\\/\\\/www.puertocdelu.com.ar\\\/index.php\\\/2017\\\/11\\\/27\\\/schepens-asumio-al-frente-del-instituto-portuario\\\/#primaryimage\"},\"image\":{\"@id\":\"https:\\\/\\\/www.puertocdelu.com.ar\\\/index.php\\\/2017\\\/11\\\/27\\\/schepens-asumio-al-frente-del-instituto-portuario\\\/#primaryimage\"},\"thumbnailUrl\":\"https:\\\/\\\/www.puertocdelu.com.ar\\\/wp-content\\\/uploads\\\/2017\\\/11\\\/p1-schepens.jpg\",\"datePublished\":\"2017-11-27T16:37:32+00:00\",\"dateModified\":\"2017-11-27T16:44:47+00:00\",\"author\":{\"@id\":\"https:\\\/\\\/www.puertocdelu.com.ar\\\/#\\\/schema\\\/person\\\/9d258b923b29bd5f47ca80d9c8cd72d1\"},\"breadcrumb\":{\"@id\":\"https:\\\/\\\/www.puertocdelu.com.ar\\\/index.php\\\/2017\\\/11\\\/27\\\/schepens-asumio-al-frente-del-instituto-portuario\\\/#breadcrumb\"},\"inLanguage\":\"es\",\"potentialAction\":[{\"@type\":\"ReadAction\",\"target\":[\"https:\\\/\\\/www.puertocdelu.com.ar\\\/index.php\\\/2017\\\/11\\\/27\\\/schepens-asumio-al-frente-del-instituto-portuario\\\/\"]}]},{\"@type\":\"ImageObject\",\"inLanguage\":\"es\",\"@id\":\"https:\\\/\\\/www.puertocdelu.com.ar\\\/index.php\\\/2017\\\/11\\\/27\\\/schepens-asumio-al-frente-del-instituto-portuario\\\/#primaryimage\",\"url\":\"https:\\\/\\\/www.puertocdelu.com.ar\\\/wp-content\\\/uploads\\\/2017\\\/11\\\/p1-schepens.jpg\",\"contentUrl\":\"https:\\\/\\\/www.puertocdelu.com.ar\\\/wp-content\\\/uploads\\\/2017\\\/11\\\/p1-schepens.jpg\",\"width\":800,\"height\":600},{\"@type\":\"BreadcrumbList\",\"@id\":\"https:\\\/\\\/www.puertocdelu.com.ar\\\/index.php\\\/2017\\\/11\\\/27\\\/schepens-asumio-al-frente-del-instituto-portuario\\\/#breadcrumb\",\"itemListElement\":[{\"@type\":\"ListItem\",\"position\":1,\"name\":\"Portada\",\"item\":\"https:\\\/\\\/www.puertocdelu.com.ar\\\/\"},{\"@type\":\"ListItem\",\"position\":2,\"name\":\"Schepens asumi\u00f3 al frente del Instituto Portuario\"}]},{\"@type\":\"WebSite\",\"@id\":\"https:\\\/\\\/www.puertocdelu.com.ar\\\/#website\",\"url\":\"https:\\\/\\\/www.puertocdelu.com.ar\\\/\",\"name\":\"Puerto de Concepci\u00f3n del Uruguay\",\"description\":\"\",\"potentialAction\":[{\"@type\":\"SearchAction\",\"target\":{\"@type\":\"EntryPoint\",\"urlTemplate\":\"https:\\\/\\\/www.puertocdelu.com.ar\\\/?s={search_term_string}\"},\"query-input\":{\"@type\":\"PropertyValueSpecification\",\"valueRequired\":true,\"valueName\":\"search_term_string\"}}],\"inLanguage\":\"es\"},{\"@type\":\"Person\",\"@id\":\"https:\\\/\\\/www.puertocdelu.com.ar\\\/#\\\/schema\\\/person\\\/9d258b923b29bd5f47ca80d9c8cd72d1\",\"name\":\"PuertoCdelU\",\"image\":{\"@type\":\"ImageObject\",\"inLanguage\":\"es\",\"@id\":\"https:\\\/\\\/secure.gravatar.com\\\/avatar\\\/99e38dea1727d397df18aced5ac6840012bb7f24c8570dcfafabb73086aed88c?s=96&d=mm&r=g\",\"url\":\"https:\\\/\\\/secure.gravatar.com\\\/avatar\\\/99e38dea1727d397df18aced5ac6840012bb7f24c8570dcfafabb73086aed88c?s=96&d=mm&r=g\",\"contentUrl\":\"https:\\\/\\\/secure.gravatar.com\\\/avatar\\\/99e38dea1727d397df18aced5ac6840012bb7f24c8570dcfafabb73086aed88c?s=96&d=mm&r=g\",\"caption\":\"PuertoCdelU\"},\"url\":\"https:\\\/\\\/www.puertocdelu.com.ar\\\/index.php\\\/author\\\/hectordelos1\\\/\"}]}<\/script>\n<!-- \/ Yoast SEO plugin. -->","yoast_head_json":{"title":"Schepens asumi\u00f3 al frente del Instituto Portuario - Puerto de Concepci\u00f3n del Uruguay","robots":{"index":"index","follow":"follow","max-snippet":"max-snippet:-1","max-image-preview":"max-image-preview:large","max-video-preview":"max-video-preview:-1"},"canonical":"https:\/\/www.puertocdelu.com.ar\/index.php\/2017\/11\/27\/schepens-asumio-al-frente-del-instituto-portuario\/","og_locale":"es_ES","og_type":"article","og_title":"Schepens asumi\u00f3 al frente del Instituto Portuario - Puerto de Concepci\u00f3n del Uruguay","og_description":"El decreto que lo nombr\u00f3 ya fue firmado, el nombre de Schepens est\u00e1 colgado en la web oficial del organismo El ex ministro de Producci\u00f3n, Carlos Schepens, cuya renuncia fue aceptada por el gobernador Gustavo Bordet en el marco del recambio de autoridades dispuesto en las \u00faltimas semanas, fue designado al frente del Instituto Portuario [&hellip;]","og_url":"https:\/\/www.puertocdelu.com.ar\/index.php\/2017\/11\/27\/schepens-asumio-al-frente-del-instituto-portuario\/","og_site_name":"Puerto de Concepci\u00f3n del Uruguay","article_published_time":"2017-11-27T16:37:32+00:00","article_modified_time":"2017-11-27T16:44:47+00:00","og_image":[{"width":800,"height":600,"url":"https:\/\/www.puertocdelu.com.ar\/wp-content\/uploads\/2017\/11\/p1-schepens.jpg","type":"image\/jpeg"}],"author":"PuertoCdelU","twitter_card":"summary_large_image","twitter_misc":{"Escrito por":"PuertoCdelU","Tiempo de lectura":"2 minutos"},"schema":{"@context":"https:\/\/schema.org","@graph":[{"@type":"Article","@id":"https:\/\/www.puertocdelu.com.ar\/index.php\/2017\/11\/27\/schepens-asumio-al-frente-del-instituto-portuario\/#article","isPartOf":{"@id":"https:\/\/www.puertocdelu.com.ar\/index.php\/2017\/11\/27\/schepens-asumio-al-frente-del-instituto-portuario\/"},"author":{"name":"PuertoCdelU","@id":"https:\/\/www.puertocdelu.com.ar\/#\/schema\/person\/9d258b923b29bd5f47ca80d9c8cd72d1"},"headline":"Schepens asumi\u00f3 al frente del Instituto Portuario","datePublished":"2017-11-27T16:37:32+00:00","dateModified":"2017-11-27T16:44:47+00:00","mainEntityOfPage":{"@id":"https:\/\/www.puertocdelu.com.ar\/index.php\/2017\/11\/27\/schepens-asumio-al-frente-del-instituto-portuario\/"},"wordCount":327,"commentCount":0,"image":{"@id":"https:\/\/www.puertocdelu.com.ar\/index.php\/2017\/11\/27\/schepens-asumio-al-frente-del-instituto-portuario\/#primaryimage"},"thumbnailUrl":"https:\/\/www.puertocdelu.com.ar\/wp-content\/uploads\/2017\/11\/p1-schepens.jpg","articleSection":["Noticias"],"inLanguage":"es","potentialAction":[{"@type":"CommentAction","name":"Comment","target":["https:\/\/www.puertocdelu.com.ar\/index.php\/2017\/11\/27\/schepens-asumio-al-frente-del-instituto-portuario\/#respond"]}]},{"@type":"WebPage","@id":"https:\/\/www.puertocdelu.com.ar\/index.php\/2017\/11\/27\/schepens-asumio-al-frente-del-instituto-portuario\/","url":"https:\/\/www.puertocdelu.com.ar\/index.php\/2017\/11\/27\/schepens-asumio-al-frente-del-instituto-portuario\/","name":"Schepens asumi\u00f3 al frente del Instituto Portuario - Puerto de Concepci\u00f3n del Uruguay","isPartOf":{"@id":"https:\/\/www.puertocdelu.com.ar\/#website"},"primaryImageOfPage":{"@id":"https:\/\/www.puertocdelu.com.ar\/index.php\/2017\/11\/27\/schepens-asumio-al-frente-del-instituto-portuario\/#primaryimage"},"image":{"@id":"https:\/\/www.puertocdelu.com.ar\/index.php\/2017\/11\/27\/schepens-asumio-al-frente-del-instituto-portuario\/#primaryimage"},"thumbnailUrl":"https:\/\/www.puertocdelu.com.ar\/wp-content\/uploads\/2017\/11\/p1-schepens.jpg","datePublished":"2017-11-27T16:37:32+00:00","dateModified":"2017-11-27T16:44:47+00:00","author":{"@id":"https:\/\/www.puertocdelu.com.ar\/#\/schema\/person\/9d258b923b29bd5f47ca80d9c8cd72d1"},"breadcrumb":{"@id":"https:\/\/www.puertocdelu.com.ar\/index.php\/2017\/11\/27\/schepens-asumio-al-frente-del-instituto-portuario\/#breadcrumb"},"inLanguage":"es","potentialAction":[{"@type":"ReadAction","target":["https:\/\/www.puertocdelu.com.ar\/index.php\/2017\/11\/27\/schepens-asumio-al-frente-del-instituto-portuario\/"]}]},{"@type":"ImageObject","inLanguage":"es","@id":"https:\/\/www.puertocdelu.com.ar\/index.php\/2017\/11\/27\/schepens-asumio-al-frente-del-instituto-portuario\/#primaryimage","url":"https:\/\/www.puertocdelu.com.ar\/wp-content\/uploads\/2017\/11\/p1-schepens.jpg","contentUrl":"https:\/\/www.puertocdelu.com.ar\/wp-content\/uploads\/2017\/11\/p1-schepens.jpg","width":800,"height":600},{"@type":"BreadcrumbList","@id":"https:\/\/www.puertocdelu.com.ar\/index.php\/2017\/11\/27\/schepens-asumio-al-frente-del-instituto-portuario\/#breadcrumb","itemListElement":[{"@type":"ListItem","position":1,"name":"Portada","item":"https:\/\/www.puertocdelu.com.ar\/"},{"@type":"ListItem","position":2,"name":"Schepens asumi\u00f3 al frente del Instituto Portuario"}]},{"@type":"WebSite","@id":"https:\/\/www.puertocdelu.com.ar\/#website","url":"https:\/\/www.puertocdelu.com.ar\/","name":"Puerto de Concepci\u00f3n del Uruguay","description":"","potentialAction":[{"@type":"SearchAction","target":{"@type":"EntryPoint","urlTemplate":"https:\/\/www.puertocdelu.com.ar\/?s={search_term_string}"},"query-input":{"@type":"PropertyValueSpecification","valueRequired":true,"valueName":"search_term_string"}}],"inLanguage":"es"},{"@type":"Person","@id":"https:\/\/www.puertocdelu.com.ar\/#\/schema\/person\/9d258b923b29bd5f47ca80d9c8cd72d1","name":"PuertoCdelU","image":{"@type":"ImageObject","inLanguage":"es","@id":"https:\/\/secure.gravatar.com\/avatar\/99e38dea1727d397df18aced5ac6840012bb7f24c8570dcfafabb73086aed88c?s=96&d=mm&r=g","url":"https:\/\/secure.gravatar.com\/avatar\/99e38dea1727d397df18aced5ac6840012bb7f24c8570dcfafabb73086aed88c?s=96&d=mm&r=g","contentUrl":"https:\/\/secure.gravatar.com\/avatar\/99e38dea1727d397df18aced5ac6840012bb7f24c8570dcfafabb73086aed88c?s=96&d=mm&r=g","caption":"PuertoCdelU"},"url":"https:\/\/www.puertocdelu.com.ar\/index.php\/author\/hectordelos1\/"}]}},"_links":{"self":[{"href":"https:\/\/www.puertocdelu.com.ar\/index.php\/wp-json\/wp\/v2\/posts\/1482","targetHints":{"allow":["GET"]}}],"collection":[{"href":"https:\/\/www.puertocdelu.com.ar\/index.php\/wp-json\/wp\/v2\/posts"}],"about":[{"href":"https:\/\/www.puertocdelu.com.ar\/index.php\/wp-json\/wp\/v2\/types\/post"}],"author":[{"embeddable":true,"href":"https:\/\/www.puertocdelu.com.ar\/index.php\/wp-json\/wp\/v2\/users\/1"}],"replies":[{"embeddable":true,"href":"https:\/\/www.puertocdelu.com.ar\/index.php\/wp-json\/wp\/v2\/comments?post=1482"}],"version-history":[{"count":2,"href":"https:\/\/www.puertocdelu.com.ar\/index.php\/wp-json\/wp\/v2\/posts\/1482\/revisions"}],"predecessor-version":[{"id":1488,"href":"https:\/\/www.puertocdelu.com.ar\/index.php\/wp-json\/wp\/v2\/posts\/1482\/revisions\/1488"}],"wp:featuredmedia":[{"embeddable":true,"href":"https:\/\/www.puertocdelu.com.ar\/index.php\/wp-json\/wp\/v2\/media\/1483"}],"wp:attachment":[{"href":"https:\/\/www.puertocdelu.com.ar\/index.php\/wp-json\/wp\/v2\/media?parent=1482"}],"wp:term":[{"taxonomy":"category","embeddable":true,"href":"https:\/\/www.puertocdelu.com.ar\/index.php\/wp-json\/wp\/v2\/categories?post=1482"},{"taxonomy":"post_tag","embeddable":true,"href":"https:\/\/www.puertocdelu.com.ar\/index.php\/wp-json\/wp\/v2\/tags?post=1482"}],"curies":[{"name":"wp","href":"https:\/\/api.w.org\/{rel}","templated":true}]}}