{"id":1603,"date":"2018-07-31T02:40:51","date_gmt":"2018-07-31T02:40:51","guid":{"rendered":"http:\/\/www.puertocdelu.com.ar\/?p=1603"},"modified":"2018-07-31T02:40:51","modified_gmt":"2018-07-31T02:40:51","slug":"el-calypso-intensifico-su-actividad-de-carga-en-las-ultimas-horas","status":"publish","type":"post","link":"https:\/\/www.puertocdelu.com.ar\/index.php\/2018\/07\/31\/el-calypso-intensifico-su-actividad-de-carga-en-las-ultimas-horas\/","title":{"rendered":"El Calypso intensific\u00f3 su actividad de carga en las \u00faltimas horas"},"content":{"rendered":"<p><iframe loading=\"lazy\" title=\"Carga el Calypso en el Puerto de Concepci\u00f3n del Uruguay\" width=\"696\" height=\"392\" src=\"https:\/\/www.youtube.com\/embed\/djF4s5fElFM?feature=oembed\" frameborder=\"0\" allow=\"accelerometer; autoplay; encrypted-media; gyroscope; picture-in-picture\" allowfullscreen><\/iframe><\/p>\n<p>Uno de los puntos m\u00e1s importantes que tiene el arribo de cada buque el puerto de Concepci\u00f3n del Uruguay es la generaci\u00f3n de mano de obra, en el caso del ultramarino Calypso esto se nota de forma visible ante la importante cantidad de gente que se ocupa para las distintas tareas que se vienen realizando desde la semana pasada.<br \/>\nCabe se\u00f1alar que este ultramarino carga arroz en bolsa de productores entrerrianos con destino a Irak.<br \/>\nEn la jornada de este lunes el trabajo de carga se intensific\u00f3 de manera exponencial luego de varias jornadas de inactividad debido a las inclemencias clim\u00e1ticas que impidieron la apertura de las bodegas.<br \/>\nSeg\u00fan las estimaciones en el lugar, fueron aproximadamente unos 220 jornales los que demand\u00f3 la estiba a lo largo de los dos turnos en que se divide el d\u00eda, a lo que se deben sumar los camiones, guinches, controles de carga y medidas de seguridad, un n\u00famero imponente que grafica la importancia que tiene el puerto en materia laboral.<br \/>\nCada jornal es de 6 horas y demanda un promedio de 110 personas, algunas de las cuales repiten y contin\u00faan trabajando a lo largo del d\u00eda.<br \/>\nEn la jornada del lunes el trabajo demand\u00f3 un accionar a 6 manos, esto es 6 puntos de descarga para las cuatro gr\u00faas del buque, lo que multiplic\u00f3 la cantidad de gente ocupada e incluso oblig\u00f3 a buscar personal para completar las manos.<br \/>\nEn total el Calypso lleva completadas casi 10 mil toneladas de las 12.600 que tiene planificado cargar en el puerto de Concepci\u00f3n del Uruguay.<br \/>\nAl salir de Entre R\u00edos, el ultramarino completar\u00e1 su carga en la terminal Del Guaz\u00fa.<\/p>\n","protected":false},"excerpt":{"rendered":"<p>Uno de los puntos m\u00e1s importantes que tiene el arribo de cada buque el puerto de Concepci\u00f3n del Uruguay es la generaci\u00f3n de mano de obra, en el caso del ultramarino Calypso esto se nota de forma visible ante la importante cantidad de gente que se ocupa para las distintas tareas que se vienen realizando [&hellip;]<\/p>\n","protected":false},"author":1,"featured_media":1604,"comment_status":"open","ping_status":"open","sticky":false,"template":"","format":"standard","meta":{"footnotes":""},"categories":[81],"tags":[],"class_list":{"0":"post-1603","1":"post","2":"type-post","3":"status-publish","4":"format-standard","5":"has-post-thumbnail","7":"category-noticias"},"yoast_head":"<!-- This site is optimized with the Yoast SEO plugin v27.4 - https:\/\/yoast.com\/product\/yoast-seo-wordpress\/ -->\n<title>El Calypso intensific\u00f3 su actividad de carga en las \u00faltimas horas - Puerto de Concepci\u00f3n del Uruguay<\/title>\n<meta name=\"robots\" content=\"index, follow, max-snippet:-1, max-image-preview:large, max-video-preview:-1\" \/>\n<link rel=\"canonical\" href=\"https:\/\/www.puertocdelu.com.ar\/index.php\/2018\/07\/31\/el-calypso-intensifico-su-actividad-de-carga-en-las-ultimas-horas\/\" \/>\n<meta property=\"og:locale\" content=\"es_ES\" \/>\n<meta property=\"og:type\" content=\"article\" \/>\n<meta property=\"og:title\" content=\"El Calypso intensific\u00f3 su actividad de carga en las \u00faltimas horas - Puerto de Concepci\u00f3n del Uruguay\" \/>\n<meta property=\"og:description\" content=\"Uno de los puntos m\u00e1s importantes que tiene el arribo de cada buque el puerto de Concepci\u00f3n del Uruguay es la generaci\u00f3n de mano de obra, en el caso del ultramarino Calypso esto se nota de forma visible ante la importante cantidad de gente que se ocupa para las distintas tareas que se vienen realizando [&hellip;]\" \/>\n<meta property=\"og:url\" content=\"https:\/\/www.puertocdelu.com.ar\/index.php\/2018\/07\/31\/el-calypso-intensifico-su-actividad-de-carga-en-las-ultimas-horas\/\" \/>\n<meta property=\"og:site_name\" content=\"Puerto de Concepci\u00f3n del Uruguay\" \/>\n<meta property=\"article:published_time\" content=\"2018-07-31T02:40:51+00:00\" \/>\n<meta property=\"og:image\" content=\"https:\/\/www.puertocdelu.com.ar\/wp-content\/uploads\/2018\/07\/calypso.jpg\" \/>\n\t<meta property=\"og:image:width\" content=\"1516\" \/>\n\t<meta property=\"og:image:height\" content=\"853\" \/>\n\t<meta property=\"og:image:type\" content=\"image\/jpeg\" \/>\n<meta name=\"author\" content=\"PuertoCdelU\" \/>\n<meta name=\"twitter:card\" content=\"summary_large_image\" \/>\n<meta name=\"twitter:label1\" content=\"Escrito por\" \/>\n\t<meta name=\"twitter:data1\" content=\"PuertoCdelU\" \/>\n\t<meta name=\"twitter:label2\" content=\"Tiempo de lectura\" \/>\n\t<meta name=\"twitter:data2\" content=\"1 minuto\" \/>\n<script type=\"application\/ld+json\" class=\"yoast-schema-graph\">{\"@context\":\"https:\\\/\\\/schema.org\",\"@graph\":[{\"@type\":\"Article\",\"@id\":\"https:\\\/\\\/www.puertocdelu.com.ar\\\/index.php\\\/2018\\\/07\\\/31\\\/el-calypso-intensifico-su-actividad-de-carga-en-las-ultimas-horas\\\/#article\",\"isPartOf\":{\"@id\":\"https:\\\/\\\/www.puertocdelu.com.ar\\\/index.php\\\/2018\\\/07\\\/31\\\/el-calypso-intensifico-su-actividad-de-carga-en-las-ultimas-horas\\\/\"},\"author\":{\"name\":\"PuertoCdelU\",\"@id\":\"https:\\\/\\\/www.puertocdelu.com.ar\\\/#\\\/schema\\\/person\\\/9d258b923b29bd5f47ca80d9c8cd72d1\"},\"headline\":\"El Calypso intensific\u00f3 su actividad de carga en las \u00faltimas horas\",\"datePublished\":\"2018-07-31T02:40:51+00:00\",\"mainEntityOfPage\":{\"@id\":\"https:\\\/\\\/www.puertocdelu.com.ar\\\/index.php\\\/2018\\\/07\\\/31\\\/el-calypso-intensifico-su-actividad-de-carga-en-las-ultimas-horas\\\/\"},\"wordCount\":298,\"commentCount\":0,\"image\":{\"@id\":\"https:\\\/\\\/www.puertocdelu.com.ar\\\/index.php\\\/2018\\\/07\\\/31\\\/el-calypso-intensifico-su-actividad-de-carga-en-las-ultimas-horas\\\/#primaryimage\"},\"thumbnailUrl\":\"https:\\\/\\\/www.puertocdelu.com.ar\\\/wp-content\\\/uploads\\\/2018\\\/07\\\/calypso.jpg\",\"articleSection\":[\"Noticias\"],\"inLanguage\":\"es\",\"potentialAction\":[{\"@type\":\"CommentAction\",\"name\":\"Comment\",\"target\":[\"https:\\\/\\\/www.puertocdelu.com.ar\\\/index.php\\\/2018\\\/07\\\/31\\\/el-calypso-intensifico-su-actividad-de-carga-en-las-ultimas-horas\\\/#respond\"]}]},{\"@type\":\"WebPage\",\"@id\":\"https:\\\/\\\/www.puertocdelu.com.ar\\\/index.php\\\/2018\\\/07\\\/31\\\/el-calypso-intensifico-su-actividad-de-carga-en-las-ultimas-horas\\\/\",\"url\":\"https:\\\/\\\/www.puertocdelu.com.ar\\\/index.php\\\/2018\\\/07\\\/31\\\/el-calypso-intensifico-su-actividad-de-carga-en-las-ultimas-horas\\\/\",\"name\":\"El Calypso intensific\u00f3 su actividad de carga en las \u00faltimas horas - Puerto de Concepci\u00f3n del Uruguay\",\"isPartOf\":{\"@id\":\"https:\\\/\\\/www.puertocdelu.com.ar\\\/#website\"},\"primaryImageOfPage\":{\"@id\":\"https:\\\/\\\/www.puertocdelu.com.ar\\\/index.php\\\/2018\\\/07\\\/31\\\/el-calypso-intensifico-su-actividad-de-carga-en-las-ultimas-horas\\\/#primaryimage\"},\"image\":{\"@id\":\"https:\\\/\\\/www.puertocdelu.com.ar\\\/index.php\\\/2018\\\/07\\\/31\\\/el-calypso-intensifico-su-actividad-de-carga-en-las-ultimas-horas\\\/#primaryimage\"},\"thumbnailUrl\":\"https:\\\/\\\/www.puertocdelu.com.ar\\\/wp-content\\\/uploads\\\/2018\\\/07\\\/calypso.jpg\",\"datePublished\":\"2018-07-31T02:40:51+00:00\",\"author\":{\"@id\":\"https:\\\/\\\/www.puertocdelu.com.ar\\\/#\\\/schema\\\/person\\\/9d258b923b29bd5f47ca80d9c8cd72d1\"},\"breadcrumb\":{\"@id\":\"https:\\\/\\\/www.puertocdelu.com.ar\\\/index.php\\\/2018\\\/07\\\/31\\\/el-calypso-intensifico-su-actividad-de-carga-en-las-ultimas-horas\\\/#breadcrumb\"},\"inLanguage\":\"es\",\"potentialAction\":[{\"@type\":\"ReadAction\",\"target\":[\"https:\\\/\\\/www.puertocdelu.com.ar\\\/index.php\\\/2018\\\/07\\\/31\\\/el-calypso-intensifico-su-actividad-de-carga-en-las-ultimas-horas\\\/\"]}]},{\"@type\":\"ImageObject\",\"inLanguage\":\"es\",\"@id\":\"https:\\\/\\\/www.puertocdelu.com.ar\\\/index.php\\\/2018\\\/07\\\/31\\\/el-calypso-intensifico-su-actividad-de-carga-en-las-ultimas-horas\\\/#primaryimage\",\"url\":\"https:\\\/\\\/www.puertocdelu.com.ar\\\/wp-content\\\/uploads\\\/2018\\\/07\\\/calypso.jpg\",\"contentUrl\":\"https:\\\/\\\/www.puertocdelu.com.ar\\\/wp-content\\\/uploads\\\/2018\\\/07\\\/calypso.jpg\",\"width\":1516,\"height\":853},{\"@type\":\"BreadcrumbList\",\"@id\":\"https:\\\/\\\/www.puertocdelu.com.ar\\\/index.php\\\/2018\\\/07\\\/31\\\/el-calypso-intensifico-su-actividad-de-carga-en-las-ultimas-horas\\\/#breadcrumb\",\"itemListElement\":[{\"@type\":\"ListItem\",\"position\":1,\"name\":\"Portada\",\"item\":\"https:\\\/\\\/www.puertocdelu.com.ar\\\/\"},{\"@type\":\"ListItem\",\"position\":2,\"name\":\"El Calypso intensific\u00f3 su actividad de carga en las \u00faltimas horas\"}]},{\"@type\":\"WebSite\",\"@id\":\"https:\\\/\\\/www.puertocdelu.com.ar\\\/#website\",\"url\":\"https:\\\/\\\/www.puertocdelu.com.ar\\\/\",\"name\":\"Puerto de Concepci\u00f3n del Uruguay\",\"description\":\"\",\"potentialAction\":[{\"@type\":\"SearchAction\",\"target\":{\"@type\":\"EntryPoint\",\"urlTemplate\":\"https:\\\/\\\/www.puertocdelu.com.ar\\\/?s={search_term_string}\"},\"query-input\":{\"@type\":\"PropertyValueSpecification\",\"valueRequired\":true,\"valueName\":\"search_term_string\"}}],\"inLanguage\":\"es\"},{\"@type\":\"Person\",\"@id\":\"https:\\\/\\\/www.puertocdelu.com.ar\\\/#\\\/schema\\\/person\\\/9d258b923b29bd5f47ca80d9c8cd72d1\",\"name\":\"PuertoCdelU\",\"image\":{\"@type\":\"ImageObject\",\"inLanguage\":\"es\",\"@id\":\"https:\\\/\\\/secure.gravatar.com\\\/avatar\\\/99e38dea1727d397df18aced5ac6840012bb7f24c8570dcfafabb73086aed88c?s=96&d=mm&r=g\",\"url\":\"https:\\\/\\\/secure.gravatar.com\\\/avatar\\\/99e38dea1727d397df18aced5ac6840012bb7f24c8570dcfafabb73086aed88c?s=96&d=mm&r=g\",\"contentUrl\":\"https:\\\/\\\/secure.gravatar.com\\\/avatar\\\/99e38dea1727d397df18aced5ac6840012bb7f24c8570dcfafabb73086aed88c?s=96&d=mm&r=g\",\"caption\":\"PuertoCdelU\"},\"url\":\"https:\\\/\\\/www.puertocdelu.com.ar\\\/index.php\\\/author\\\/hectordelos1\\\/\"}]}<\/script>\n<!-- \/ Yoast SEO plugin. -->","yoast_head_json":{"title":"El Calypso intensific\u00f3 su actividad de carga en las \u00faltimas horas - Puerto de Concepci\u00f3n del Uruguay","robots":{"index":"index","follow":"follow","max-snippet":"max-snippet:-1","max-image-preview":"max-image-preview:large","max-video-preview":"max-video-preview:-1"},"canonical":"https:\/\/www.puertocdelu.com.ar\/index.php\/2018\/07\/31\/el-calypso-intensifico-su-actividad-de-carga-en-las-ultimas-horas\/","og_locale":"es_ES","og_type":"article","og_title":"El Calypso intensific\u00f3 su actividad de carga en las \u00faltimas horas - Puerto de Concepci\u00f3n del Uruguay","og_description":"Uno de los puntos m\u00e1s importantes que tiene el arribo de cada buque el puerto de Concepci\u00f3n del Uruguay es la generaci\u00f3n de mano de obra, en el caso del ultramarino Calypso esto se nota de forma visible ante la importante cantidad de gente que se ocupa para las distintas tareas que se vienen realizando [&hellip;]","og_url":"https:\/\/www.puertocdelu.com.ar\/index.php\/2018\/07\/31\/el-calypso-intensifico-su-actividad-de-carga-en-las-ultimas-horas\/","og_site_name":"Puerto de Concepci\u00f3n del Uruguay","article_published_time":"2018-07-31T02:40:51+00:00","og_image":[{"width":1516,"height":853,"url":"https:\/\/www.puertocdelu.com.ar\/wp-content\/uploads\/2018\/07\/calypso.jpg","type":"image\/jpeg"}],"author":"PuertoCdelU","twitter_card":"summary_large_image","twitter_misc":{"Escrito por":"PuertoCdelU","Tiempo de lectura":"1 minuto"},"schema":{"@context":"https:\/\/schema.org","@graph":[{"@type":"Article","@id":"https:\/\/www.puertocdelu.com.ar\/index.php\/2018\/07\/31\/el-calypso-intensifico-su-actividad-de-carga-en-las-ultimas-horas\/#article","isPartOf":{"@id":"https:\/\/www.puertocdelu.com.ar\/index.php\/2018\/07\/31\/el-calypso-intensifico-su-actividad-de-carga-en-las-ultimas-horas\/"},"author":{"name":"PuertoCdelU","@id":"https:\/\/www.puertocdelu.com.ar\/#\/schema\/person\/9d258b923b29bd5f47ca80d9c8cd72d1"},"headline":"El Calypso intensific\u00f3 su actividad de carga en las \u00faltimas horas","datePublished":"2018-07-31T02:40:51+00:00","mainEntityOfPage":{"@id":"https:\/\/www.puertocdelu.com.ar\/index.php\/2018\/07\/31\/el-calypso-intensifico-su-actividad-de-carga-en-las-ultimas-horas\/"},"wordCount":298,"commentCount":0,"image":{"@id":"https:\/\/www.puertocdelu.com.ar\/index.php\/2018\/07\/31\/el-calypso-intensifico-su-actividad-de-carga-en-las-ultimas-horas\/#primaryimage"},"thumbnailUrl":"https:\/\/www.puertocdelu.com.ar\/wp-content\/uploads\/2018\/07\/calypso.jpg","articleSection":["Noticias"],"inLanguage":"es","potentialAction":[{"@type":"CommentAction","name":"Comment","target":["https:\/\/www.puertocdelu.com.ar\/index.php\/2018\/07\/31\/el-calypso-intensifico-su-actividad-de-carga-en-las-ultimas-horas\/#respond"]}]},{"@type":"WebPage","@id":"https:\/\/www.puertocdelu.com.ar\/index.php\/2018\/07\/31\/el-calypso-intensifico-su-actividad-de-carga-en-las-ultimas-horas\/","url":"https:\/\/www.puertocdelu.com.ar\/index.php\/2018\/07\/31\/el-calypso-intensifico-su-actividad-de-carga-en-las-ultimas-horas\/","name":"El Calypso intensific\u00f3 su actividad de carga en las \u00faltimas horas - Puerto de Concepci\u00f3n del Uruguay","isPartOf":{"@id":"https:\/\/www.puertocdelu.com.ar\/#website"},"primaryImageOfPage":{"@id":"https:\/\/www.puertocdelu.com.ar\/index.php\/2018\/07\/31\/el-calypso-intensifico-su-actividad-de-carga-en-las-ultimas-horas\/#primaryimage"},"image":{"@id":"https:\/\/www.puertocdelu.com.ar\/index.php\/2018\/07\/31\/el-calypso-intensifico-su-actividad-de-carga-en-las-ultimas-horas\/#primaryimage"},"thumbnailUrl":"https:\/\/www.puertocdelu.com.ar\/wp-content\/uploads\/2018\/07\/calypso.jpg","datePublished":"2018-07-31T02:40:51+00:00","author":{"@id":"https:\/\/www.puertocdelu.com.ar\/#\/schema\/person\/9d258b923b29bd5f47ca80d9c8cd72d1"},"breadcrumb":{"@id":"https:\/\/www.puertocdelu.com.ar\/index.php\/2018\/07\/31\/el-calypso-intensifico-su-actividad-de-carga-en-las-ultimas-horas\/#breadcrumb"},"inLanguage":"es","potentialAction":[{"@type":"ReadAction","target":["https:\/\/www.puertocdelu.com.ar\/index.php\/2018\/07\/31\/el-calypso-intensifico-su-actividad-de-carga-en-las-ultimas-horas\/"]}]},{"@type":"ImageObject","inLanguage":"es","@id":"https:\/\/www.puertocdelu.com.ar\/index.php\/2018\/07\/31\/el-calypso-intensifico-su-actividad-de-carga-en-las-ultimas-horas\/#primaryimage","url":"https:\/\/www.puertocdelu.com.ar\/wp-content\/uploads\/2018\/07\/calypso.jpg","contentUrl":"https:\/\/www.puertocdelu.com.ar\/wp-content\/uploads\/2018\/07\/calypso.jpg","width":1516,"height":853},{"@type":"BreadcrumbList","@id":"https:\/\/www.puertocdelu.com.ar\/index.php\/2018\/07\/31\/el-calypso-intensifico-su-actividad-de-carga-en-las-ultimas-horas\/#breadcrumb","itemListElement":[{"@type":"ListItem","position":1,"name":"Portada","item":"https:\/\/www.puertocdelu.com.ar\/"},{"@type":"ListItem","position":2,"name":"El Calypso intensific\u00f3 su actividad de carga en las \u00faltimas horas"}]},{"@type":"WebSite","@id":"https:\/\/www.puertocdelu.com.ar\/#website","url":"https:\/\/www.puertocdelu.com.ar\/","name":"Puerto de Concepci\u00f3n del Uruguay","description":"","potentialAction":[{"@type":"SearchAction","target":{"@type":"EntryPoint","urlTemplate":"https:\/\/www.puertocdelu.com.ar\/?s={search_term_string}"},"query-input":{"@type":"PropertyValueSpecification","valueRequired":true,"valueName":"search_term_string"}}],"inLanguage":"es"},{"@type":"Person","@id":"https:\/\/www.puertocdelu.com.ar\/#\/schema\/person\/9d258b923b29bd5f47ca80d9c8cd72d1","name":"PuertoCdelU","image":{"@type":"ImageObject","inLanguage":"es","@id":"https:\/\/secure.gravatar.com\/avatar\/99e38dea1727d397df18aced5ac6840012bb7f24c8570dcfafabb73086aed88c?s=96&d=mm&r=g","url":"https:\/\/secure.gravatar.com\/avatar\/99e38dea1727d397df18aced5ac6840012bb7f24c8570dcfafabb73086aed88c?s=96&d=mm&r=g","contentUrl":"https:\/\/secure.gravatar.com\/avatar\/99e38dea1727d397df18aced5ac6840012bb7f24c8570dcfafabb73086aed88c?s=96&d=mm&r=g","caption":"PuertoCdelU"},"url":"https:\/\/www.puertocdelu.com.ar\/index.php\/author\/hectordelos1\/"}]}},"_links":{"self":[{"href":"https:\/\/www.puertocdelu.com.ar\/index.php\/wp-json\/wp\/v2\/posts\/1603","targetHints":{"allow":["GET"]}}],"collection":[{"href":"https:\/\/www.puertocdelu.com.ar\/index.php\/wp-json\/wp\/v2\/posts"}],"about":[{"href":"https:\/\/www.puertocdelu.com.ar\/index.php\/wp-json\/wp\/v2\/types\/post"}],"author":[{"embeddable":true,"href":"https:\/\/www.puertocdelu.com.ar\/index.php\/wp-json\/wp\/v2\/users\/1"}],"replies":[{"embeddable":true,"href":"https:\/\/www.puertocdelu.com.ar\/index.php\/wp-json\/wp\/v2\/comments?post=1603"}],"version-history":[{"count":1,"href":"https:\/\/www.puertocdelu.com.ar\/index.php\/wp-json\/wp\/v2\/posts\/1603\/revisions"}],"predecessor-version":[{"id":1605,"href":"https:\/\/www.puertocdelu.com.ar\/index.php\/wp-json\/wp\/v2\/posts\/1603\/revisions\/1605"}],"wp:featuredmedia":[{"embeddable":true,"href":"https:\/\/www.puertocdelu.com.ar\/index.php\/wp-json\/wp\/v2\/media\/1604"}],"wp:attachment":[{"href":"https:\/\/www.puertocdelu.com.ar\/index.php\/wp-json\/wp\/v2\/media?parent=1603"}],"wp:term":[{"taxonomy":"category","embeddable":true,"href":"https:\/\/www.puertocdelu.com.ar\/index.php\/wp-json\/wp\/v2\/categories?post=1603"},{"taxonomy":"post_tag","embeddable":true,"href":"https:\/\/www.puertocdelu.com.ar\/index.php\/wp-json\/wp\/v2\/tags?post=1603"}],"curies":[{"name":"wp","href":"https:\/\/api.w.org\/{rel}","templated":true}]}}