{"id":1610,"date":"2018-08-01T15:52:13","date_gmt":"2018-08-01T15:52:13","guid":{"rendered":"http:\/\/www.puertocdelu.com.ar\/?p=1610"},"modified":"2018-08-01T15:56:56","modified_gmt":"2018-08-01T15:56:56","slug":"ingreso-el-granelero-lefkada-al-puerto-de-concepcion-del-uruguay","status":"publish","type":"post","link":"https:\/\/www.puertocdelu.com.ar\/index.php\/2018\/08\/01\/ingreso-el-granelero-lefkada-al-puerto-de-concepcion-del-uruguay\/","title":{"rendered":"Ingres\u00f3 el granelero Lefkada al Puerto de Concepci\u00f3n del Uruguay"},"content":{"rendered":"<p>A apenas una hora de haber zarpado el Calypso del Puerto de Concepci\u00f3n del Uruguay, con m\u00e1s de 12 mil toneladas de arroz en bolsa con destino a Irak, ingres\u00f3 sobre las 9 de la ma\u00f1ana de este 1\u00b0 de agosto el ultramarino Lefkada a la rada interior de la terminal portuaria uruguayense.<\/p>\n<p>A lo largo de varios minutos se llevaron adelante \u00a0las maniobras de rigor que implican el ingreso a trav\u00e9s del canal, un viraje completo para quedar con la proa al norte y el posterior traslado hasta el elevador terminal que el puerto dispone en el extremo sur de sus instalaciones.<\/p>\n<p>El Lefkada cargar\u00e1 unas 11 mil toneladas de arroz a granel con destino a Senegal, un embarque que activa otro sector del puerto ya que involucra el elevador, todo el sistema de silos, balanzas y las plataformas de descargas simult\u00e1neas para camiones.<\/p>\n<p>El buque permanecer\u00e1 en muelle por unos cuatro d\u00edas, tiempo estimado para el embarque, siempre y cuando las condiciones clim\u00e1ticas permitan un normal desempe\u00f1o de las tareas.<\/p>\n<p>La mercader\u00eda es de diferentes productores de la regi\u00f3n que se unen para conformar el volumen suficiente para abastecer un embarque de estas caracter\u00edsticas.<\/p>\n<p>El buque Lefkada navega actualmente con bandera de Liberia, fue construido en el a\u00f1o 2016 y es del tipo Bulk Carrier, tiene 180 metros de eslora por 30 de manga.<\/p>\n","protected":false},"excerpt":{"rendered":"<p>A apenas una hora de haber zarpado el Calypso del Puerto de Concepci\u00f3n del Uruguay, con m\u00e1s de 12 mil toneladas de arroz en bolsa con destino a Irak, ingres\u00f3 sobre las 9 de la ma\u00f1ana de este 1\u00b0 de agosto el ultramarino Lefkada a la rada interior de la terminal portuaria uruguayense. A lo [&hellip;]<\/p>\n","protected":false},"author":1,"featured_media":1611,"comment_status":"open","ping_status":"open","sticky":false,"template":"","format":"standard","meta":{"footnotes":""},"categories":[81],"tags":[],"class_list":{"0":"post-1610","1":"post","2":"type-post","3":"status-publish","4":"format-standard","5":"has-post-thumbnail","7":"category-noticias"},"yoast_head":"<!-- This site is optimized with the Yoast SEO plugin v27.4 - https:\/\/yoast.com\/product\/yoast-seo-wordpress\/ -->\n<title>Ingres\u00f3 el granelero Lefkada al Puerto de Concepci\u00f3n del Uruguay - Puerto de Concepci\u00f3n del Uruguay<\/title>\n<meta name=\"robots\" content=\"index, follow, max-snippet:-1, max-image-preview:large, max-video-preview:-1\" \/>\n<link rel=\"canonical\" href=\"https:\/\/www.puertocdelu.com.ar\/index.php\/2018\/08\/01\/ingreso-el-granelero-lefkada-al-puerto-de-concepcion-del-uruguay\/\" \/>\n<meta property=\"og:locale\" content=\"es_ES\" \/>\n<meta property=\"og:type\" content=\"article\" \/>\n<meta property=\"og:title\" content=\"Ingres\u00f3 el granelero Lefkada al Puerto de Concepci\u00f3n del Uruguay - Puerto de Concepci\u00f3n del Uruguay\" \/>\n<meta property=\"og:description\" content=\"A apenas una hora de haber zarpado el Calypso del Puerto de Concepci\u00f3n del Uruguay, con m\u00e1s de 12 mil toneladas de arroz en bolsa con destino a Irak, ingres\u00f3 sobre las 9 de la ma\u00f1ana de este 1\u00b0 de agosto el ultramarino Lefkada a la rada interior de la terminal portuaria uruguayense. A lo [&hellip;]\" \/>\n<meta property=\"og:url\" content=\"https:\/\/www.puertocdelu.com.ar\/index.php\/2018\/08\/01\/ingreso-el-granelero-lefkada-al-puerto-de-concepcion-del-uruguay\/\" \/>\n<meta property=\"og:site_name\" content=\"Puerto de Concepci\u00f3n del Uruguay\" \/>\n<meta property=\"article:published_time\" content=\"2018-08-01T15:52:13+00:00\" \/>\n<meta property=\"article:modified_time\" content=\"2018-08-01T15:56:56+00:00\" \/>\n<meta property=\"og:image\" content=\"https:\/\/www.puertocdelu.com.ar\/wp-content\/uploads\/2018\/08\/lefkada00.gif\" \/>\n\t<meta property=\"og:image:width\" content=\"895\" \/>\n\t<meta property=\"og:image:height\" content=\"453\" \/>\n\t<meta property=\"og:image:type\" content=\"image\/gif\" \/>\n<meta name=\"author\" content=\"PuertoCdelU\" \/>\n<meta name=\"twitter:card\" content=\"summary_large_image\" \/>\n<meta name=\"twitter:label1\" content=\"Escrito por\" \/>\n\t<meta name=\"twitter:data1\" content=\"PuertoCdelU\" \/>\n\t<meta name=\"twitter:label2\" content=\"Tiempo de lectura\" \/>\n\t<meta name=\"twitter:data2\" content=\"1 minuto\" \/>\n<script type=\"application\/ld+json\" class=\"yoast-schema-graph\">{\"@context\":\"https:\\\/\\\/schema.org\",\"@graph\":[{\"@type\":\"Article\",\"@id\":\"https:\\\/\\\/www.puertocdelu.com.ar\\\/index.php\\\/2018\\\/08\\\/01\\\/ingreso-el-granelero-lefkada-al-puerto-de-concepcion-del-uruguay\\\/#article\",\"isPartOf\":{\"@id\":\"https:\\\/\\\/www.puertocdelu.com.ar\\\/index.php\\\/2018\\\/08\\\/01\\\/ingreso-el-granelero-lefkada-al-puerto-de-concepcion-del-uruguay\\\/\"},\"author\":{\"name\":\"PuertoCdelU\",\"@id\":\"https:\\\/\\\/www.puertocdelu.com.ar\\\/#\\\/schema\\\/person\\\/9d258b923b29bd5f47ca80d9c8cd72d1\"},\"headline\":\"Ingres\u00f3 el granelero Lefkada al Puerto de Concepci\u00f3n del Uruguay\",\"datePublished\":\"2018-08-01T15:52:13+00:00\",\"dateModified\":\"2018-08-01T15:56:56+00:00\",\"mainEntityOfPage\":{\"@id\":\"https:\\\/\\\/www.puertocdelu.com.ar\\\/index.php\\\/2018\\\/08\\\/01\\\/ingreso-el-granelero-lefkada-al-puerto-de-concepcion-del-uruguay\\\/\"},\"wordCount\":242,\"commentCount\":0,\"image\":{\"@id\":\"https:\\\/\\\/www.puertocdelu.com.ar\\\/index.php\\\/2018\\\/08\\\/01\\\/ingreso-el-granelero-lefkada-al-puerto-de-concepcion-del-uruguay\\\/#primaryimage\"},\"thumbnailUrl\":\"https:\\\/\\\/www.puertocdelu.com.ar\\\/wp-content\\\/uploads\\\/2018\\\/08\\\/lefkada00.gif\",\"articleSection\":[\"Noticias\"],\"inLanguage\":\"es\",\"potentialAction\":[{\"@type\":\"CommentAction\",\"name\":\"Comment\",\"target\":[\"https:\\\/\\\/www.puertocdelu.com.ar\\\/index.php\\\/2018\\\/08\\\/01\\\/ingreso-el-granelero-lefkada-al-puerto-de-concepcion-del-uruguay\\\/#respond\"]}]},{\"@type\":\"WebPage\",\"@id\":\"https:\\\/\\\/www.puertocdelu.com.ar\\\/index.php\\\/2018\\\/08\\\/01\\\/ingreso-el-granelero-lefkada-al-puerto-de-concepcion-del-uruguay\\\/\",\"url\":\"https:\\\/\\\/www.puertocdelu.com.ar\\\/index.php\\\/2018\\\/08\\\/01\\\/ingreso-el-granelero-lefkada-al-puerto-de-concepcion-del-uruguay\\\/\",\"name\":\"Ingres\u00f3 el granelero Lefkada al Puerto de Concepci\u00f3n del Uruguay - Puerto de Concepci\u00f3n del Uruguay\",\"isPartOf\":{\"@id\":\"https:\\\/\\\/www.puertocdelu.com.ar\\\/#website\"},\"primaryImageOfPage\":{\"@id\":\"https:\\\/\\\/www.puertocdelu.com.ar\\\/index.php\\\/2018\\\/08\\\/01\\\/ingreso-el-granelero-lefkada-al-puerto-de-concepcion-del-uruguay\\\/#primaryimage\"},\"image\":{\"@id\":\"https:\\\/\\\/www.puertocdelu.com.ar\\\/index.php\\\/2018\\\/08\\\/01\\\/ingreso-el-granelero-lefkada-al-puerto-de-concepcion-del-uruguay\\\/#primaryimage\"},\"thumbnailUrl\":\"https:\\\/\\\/www.puertocdelu.com.ar\\\/wp-content\\\/uploads\\\/2018\\\/08\\\/lefkada00.gif\",\"datePublished\":\"2018-08-01T15:52:13+00:00\",\"dateModified\":\"2018-08-01T15:56:56+00:00\",\"author\":{\"@id\":\"https:\\\/\\\/www.puertocdelu.com.ar\\\/#\\\/schema\\\/person\\\/9d258b923b29bd5f47ca80d9c8cd72d1\"},\"breadcrumb\":{\"@id\":\"https:\\\/\\\/www.puertocdelu.com.ar\\\/index.php\\\/2018\\\/08\\\/01\\\/ingreso-el-granelero-lefkada-al-puerto-de-concepcion-del-uruguay\\\/#breadcrumb\"},\"inLanguage\":\"es\",\"potentialAction\":[{\"@type\":\"ReadAction\",\"target\":[\"https:\\\/\\\/www.puertocdelu.com.ar\\\/index.php\\\/2018\\\/08\\\/01\\\/ingreso-el-granelero-lefkada-al-puerto-de-concepcion-del-uruguay\\\/\"]}]},{\"@type\":\"ImageObject\",\"inLanguage\":\"es\",\"@id\":\"https:\\\/\\\/www.puertocdelu.com.ar\\\/index.php\\\/2018\\\/08\\\/01\\\/ingreso-el-granelero-lefkada-al-puerto-de-concepcion-del-uruguay\\\/#primaryimage\",\"url\":\"https:\\\/\\\/www.puertocdelu.com.ar\\\/wp-content\\\/uploads\\\/2018\\\/08\\\/lefkada00.gif\",\"contentUrl\":\"https:\\\/\\\/www.puertocdelu.com.ar\\\/wp-content\\\/uploads\\\/2018\\\/08\\\/lefkada00.gif\",\"width\":895,\"height\":453},{\"@type\":\"BreadcrumbList\",\"@id\":\"https:\\\/\\\/www.puertocdelu.com.ar\\\/index.php\\\/2018\\\/08\\\/01\\\/ingreso-el-granelero-lefkada-al-puerto-de-concepcion-del-uruguay\\\/#breadcrumb\",\"itemListElement\":[{\"@type\":\"ListItem\",\"position\":1,\"name\":\"Portada\",\"item\":\"https:\\\/\\\/www.puertocdelu.com.ar\\\/\"},{\"@type\":\"ListItem\",\"position\":2,\"name\":\"Ingres\u00f3 el granelero Lefkada al Puerto de Concepci\u00f3n del Uruguay\"}]},{\"@type\":\"WebSite\",\"@id\":\"https:\\\/\\\/www.puertocdelu.com.ar\\\/#website\",\"url\":\"https:\\\/\\\/www.puertocdelu.com.ar\\\/\",\"name\":\"Puerto de Concepci\u00f3n del Uruguay\",\"description\":\"\",\"potentialAction\":[{\"@type\":\"SearchAction\",\"target\":{\"@type\":\"EntryPoint\",\"urlTemplate\":\"https:\\\/\\\/www.puertocdelu.com.ar\\\/?s={search_term_string}\"},\"query-input\":{\"@type\":\"PropertyValueSpecification\",\"valueRequired\":true,\"valueName\":\"search_term_string\"}}],\"inLanguage\":\"es\"},{\"@type\":\"Person\",\"@id\":\"https:\\\/\\\/www.puertocdelu.com.ar\\\/#\\\/schema\\\/person\\\/9d258b923b29bd5f47ca80d9c8cd72d1\",\"name\":\"PuertoCdelU\",\"image\":{\"@type\":\"ImageObject\",\"inLanguage\":\"es\",\"@id\":\"https:\\\/\\\/secure.gravatar.com\\\/avatar\\\/99e38dea1727d397df18aced5ac6840012bb7f24c8570dcfafabb73086aed88c?s=96&d=mm&r=g\",\"url\":\"https:\\\/\\\/secure.gravatar.com\\\/avatar\\\/99e38dea1727d397df18aced5ac6840012bb7f24c8570dcfafabb73086aed88c?s=96&d=mm&r=g\",\"contentUrl\":\"https:\\\/\\\/secure.gravatar.com\\\/avatar\\\/99e38dea1727d397df18aced5ac6840012bb7f24c8570dcfafabb73086aed88c?s=96&d=mm&r=g\",\"caption\":\"PuertoCdelU\"},\"url\":\"https:\\\/\\\/www.puertocdelu.com.ar\\\/index.php\\\/author\\\/hectordelos1\\\/\"}]}<\/script>\n<!-- \/ Yoast SEO plugin. -->","yoast_head_json":{"title":"Ingres\u00f3 el granelero Lefkada al Puerto de Concepci\u00f3n del Uruguay - Puerto de Concepci\u00f3n del Uruguay","robots":{"index":"index","follow":"follow","max-snippet":"max-snippet:-1","max-image-preview":"max-image-preview:large","max-video-preview":"max-video-preview:-1"},"canonical":"https:\/\/www.puertocdelu.com.ar\/index.php\/2018\/08\/01\/ingreso-el-granelero-lefkada-al-puerto-de-concepcion-del-uruguay\/","og_locale":"es_ES","og_type":"article","og_title":"Ingres\u00f3 el granelero Lefkada al Puerto de Concepci\u00f3n del Uruguay - Puerto de Concepci\u00f3n del Uruguay","og_description":"A apenas una hora de haber zarpado el Calypso del Puerto de Concepci\u00f3n del Uruguay, con m\u00e1s de 12 mil toneladas de arroz en bolsa con destino a Irak, ingres\u00f3 sobre las 9 de la ma\u00f1ana de este 1\u00b0 de agosto el ultramarino Lefkada a la rada interior de la terminal portuaria uruguayense. A lo [&hellip;]","og_url":"https:\/\/www.puertocdelu.com.ar\/index.php\/2018\/08\/01\/ingreso-el-granelero-lefkada-al-puerto-de-concepcion-del-uruguay\/","og_site_name":"Puerto de Concepci\u00f3n del Uruguay","article_published_time":"2018-08-01T15:52:13+00:00","article_modified_time":"2018-08-01T15:56:56+00:00","og_image":[{"width":895,"height":453,"url":"https:\/\/www.puertocdelu.com.ar\/wp-content\/uploads\/2018\/08\/lefkada00.gif","type":"image\/gif"}],"author":"PuertoCdelU","twitter_card":"summary_large_image","twitter_misc":{"Escrito por":"PuertoCdelU","Tiempo de lectura":"1 minuto"},"schema":{"@context":"https:\/\/schema.org","@graph":[{"@type":"Article","@id":"https:\/\/www.puertocdelu.com.ar\/index.php\/2018\/08\/01\/ingreso-el-granelero-lefkada-al-puerto-de-concepcion-del-uruguay\/#article","isPartOf":{"@id":"https:\/\/www.puertocdelu.com.ar\/index.php\/2018\/08\/01\/ingreso-el-granelero-lefkada-al-puerto-de-concepcion-del-uruguay\/"},"author":{"name":"PuertoCdelU","@id":"https:\/\/www.puertocdelu.com.ar\/#\/schema\/person\/9d258b923b29bd5f47ca80d9c8cd72d1"},"headline":"Ingres\u00f3 el granelero Lefkada al Puerto de Concepci\u00f3n del Uruguay","datePublished":"2018-08-01T15:52:13+00:00","dateModified":"2018-08-01T15:56:56+00:00","mainEntityOfPage":{"@id":"https:\/\/www.puertocdelu.com.ar\/index.php\/2018\/08\/01\/ingreso-el-granelero-lefkada-al-puerto-de-concepcion-del-uruguay\/"},"wordCount":242,"commentCount":0,"image":{"@id":"https:\/\/www.puertocdelu.com.ar\/index.php\/2018\/08\/01\/ingreso-el-granelero-lefkada-al-puerto-de-concepcion-del-uruguay\/#primaryimage"},"thumbnailUrl":"https:\/\/www.puertocdelu.com.ar\/wp-content\/uploads\/2018\/08\/lefkada00.gif","articleSection":["Noticias"],"inLanguage":"es","potentialAction":[{"@type":"CommentAction","name":"Comment","target":["https:\/\/www.puertocdelu.com.ar\/index.php\/2018\/08\/01\/ingreso-el-granelero-lefkada-al-puerto-de-concepcion-del-uruguay\/#respond"]}]},{"@type":"WebPage","@id":"https:\/\/www.puertocdelu.com.ar\/index.php\/2018\/08\/01\/ingreso-el-granelero-lefkada-al-puerto-de-concepcion-del-uruguay\/","url":"https:\/\/www.puertocdelu.com.ar\/index.php\/2018\/08\/01\/ingreso-el-granelero-lefkada-al-puerto-de-concepcion-del-uruguay\/","name":"Ingres\u00f3 el granelero Lefkada al Puerto de Concepci\u00f3n del Uruguay - Puerto de Concepci\u00f3n del Uruguay","isPartOf":{"@id":"https:\/\/www.puertocdelu.com.ar\/#website"},"primaryImageOfPage":{"@id":"https:\/\/www.puertocdelu.com.ar\/index.php\/2018\/08\/01\/ingreso-el-granelero-lefkada-al-puerto-de-concepcion-del-uruguay\/#primaryimage"},"image":{"@id":"https:\/\/www.puertocdelu.com.ar\/index.php\/2018\/08\/01\/ingreso-el-granelero-lefkada-al-puerto-de-concepcion-del-uruguay\/#primaryimage"},"thumbnailUrl":"https:\/\/www.puertocdelu.com.ar\/wp-content\/uploads\/2018\/08\/lefkada00.gif","datePublished":"2018-08-01T15:52:13+00:00","dateModified":"2018-08-01T15:56:56+00:00","author":{"@id":"https:\/\/www.puertocdelu.com.ar\/#\/schema\/person\/9d258b923b29bd5f47ca80d9c8cd72d1"},"breadcrumb":{"@id":"https:\/\/www.puertocdelu.com.ar\/index.php\/2018\/08\/01\/ingreso-el-granelero-lefkada-al-puerto-de-concepcion-del-uruguay\/#breadcrumb"},"inLanguage":"es","potentialAction":[{"@type":"ReadAction","target":["https:\/\/www.puertocdelu.com.ar\/index.php\/2018\/08\/01\/ingreso-el-granelero-lefkada-al-puerto-de-concepcion-del-uruguay\/"]}]},{"@type":"ImageObject","inLanguage":"es","@id":"https:\/\/www.puertocdelu.com.ar\/index.php\/2018\/08\/01\/ingreso-el-granelero-lefkada-al-puerto-de-concepcion-del-uruguay\/#primaryimage","url":"https:\/\/www.puertocdelu.com.ar\/wp-content\/uploads\/2018\/08\/lefkada00.gif","contentUrl":"https:\/\/www.puertocdelu.com.ar\/wp-content\/uploads\/2018\/08\/lefkada00.gif","width":895,"height":453},{"@type":"BreadcrumbList","@id":"https:\/\/www.puertocdelu.com.ar\/index.php\/2018\/08\/01\/ingreso-el-granelero-lefkada-al-puerto-de-concepcion-del-uruguay\/#breadcrumb","itemListElement":[{"@type":"ListItem","position":1,"name":"Portada","item":"https:\/\/www.puertocdelu.com.ar\/"},{"@type":"ListItem","position":2,"name":"Ingres\u00f3 el granelero Lefkada al Puerto de Concepci\u00f3n del Uruguay"}]},{"@type":"WebSite","@id":"https:\/\/www.puertocdelu.com.ar\/#website","url":"https:\/\/www.puertocdelu.com.ar\/","name":"Puerto de Concepci\u00f3n del Uruguay","description":"","potentialAction":[{"@type":"SearchAction","target":{"@type":"EntryPoint","urlTemplate":"https:\/\/www.puertocdelu.com.ar\/?s={search_term_string}"},"query-input":{"@type":"PropertyValueSpecification","valueRequired":true,"valueName":"search_term_string"}}],"inLanguage":"es"},{"@type":"Person","@id":"https:\/\/www.puertocdelu.com.ar\/#\/schema\/person\/9d258b923b29bd5f47ca80d9c8cd72d1","name":"PuertoCdelU","image":{"@type":"ImageObject","inLanguage":"es","@id":"https:\/\/secure.gravatar.com\/avatar\/99e38dea1727d397df18aced5ac6840012bb7f24c8570dcfafabb73086aed88c?s=96&d=mm&r=g","url":"https:\/\/secure.gravatar.com\/avatar\/99e38dea1727d397df18aced5ac6840012bb7f24c8570dcfafabb73086aed88c?s=96&d=mm&r=g","contentUrl":"https:\/\/secure.gravatar.com\/avatar\/99e38dea1727d397df18aced5ac6840012bb7f24c8570dcfafabb73086aed88c?s=96&d=mm&r=g","caption":"PuertoCdelU"},"url":"https:\/\/www.puertocdelu.com.ar\/index.php\/author\/hectordelos1\/"}]}},"_links":{"self":[{"href":"https:\/\/www.puertocdelu.com.ar\/index.php\/wp-json\/wp\/v2\/posts\/1610","targetHints":{"allow":["GET"]}}],"collection":[{"href":"https:\/\/www.puertocdelu.com.ar\/index.php\/wp-json\/wp\/v2\/posts"}],"about":[{"href":"https:\/\/www.puertocdelu.com.ar\/index.php\/wp-json\/wp\/v2\/types\/post"}],"author":[{"embeddable":true,"href":"https:\/\/www.puertocdelu.com.ar\/index.php\/wp-json\/wp\/v2\/users\/1"}],"replies":[{"embeddable":true,"href":"https:\/\/www.puertocdelu.com.ar\/index.php\/wp-json\/wp\/v2\/comments?post=1610"}],"version-history":[{"count":2,"href":"https:\/\/www.puertocdelu.com.ar\/index.php\/wp-json\/wp\/v2\/posts\/1610\/revisions"}],"predecessor-version":[{"id":1613,"href":"https:\/\/www.puertocdelu.com.ar\/index.php\/wp-json\/wp\/v2\/posts\/1610\/revisions\/1613"}],"wp:featuredmedia":[{"embeddable":true,"href":"https:\/\/www.puertocdelu.com.ar\/index.php\/wp-json\/wp\/v2\/media\/1611"}],"wp:attachment":[{"href":"https:\/\/www.puertocdelu.com.ar\/index.php\/wp-json\/wp\/v2\/media?parent=1610"}],"wp:term":[{"taxonomy":"category","embeddable":true,"href":"https:\/\/www.puertocdelu.com.ar\/index.php\/wp-json\/wp\/v2\/categories?post=1610"},{"taxonomy":"post_tag","embeddable":true,"href":"https:\/\/www.puertocdelu.com.ar\/index.php\/wp-json\/wp\/v2\/tags?post=1610"}],"curies":[{"name":"wp","href":"https:\/\/api.w.org\/{rel}","templated":true}]}}