{"id":1702,"date":"2018-12-16T15:46:47","date_gmt":"2018-12-16T15:46:47","guid":{"rendered":"http:\/\/www.puertocdelu.com.ar\/?p=1702"},"modified":"2018-12-16T15:50:11","modified_gmt":"2018-12-16T15:50:11","slug":"los-puertos-entrerrianos-en-el-eje-logistico-de-vaca-muerta","status":"publish","type":"post","link":"https:\/\/www.puertocdelu.com.ar\/index.php\/2018\/12\/16\/los-puertos-entrerrianos-en-el-eje-logistico-de-vaca-muerta\/","title":{"rendered":"Los puertos entrerrianos en el eje log\u00edstico de Vaca Muerta"},"content":{"rendered":"<p>Los puertos entrerrianos son parte del proyecto que est\u00e1 elaborando la Naci\u00f3n para el abastecimiento de arena sil\u00edcea que demanda el yacimiento petrolero de Vaca Muerta en la provincia de Neuqu\u00e9n. En este marco, Carlos Schepens, presidente del Instituto Portuario Provincial de Entre R\u00edos (IPPER), particip\u00f3 d\u00edas pasados de un encuentro en Casa Rosada convocado por la Subsecretar\u00eda Nacional de Puertos y V\u00edas Navegables<\/p>\n<p>Mariano Saul, titular de esa cartera nacional, fue quien dio la bienvenida a los participantes del encuentro que tuvo lugar en uno de los salones de la Casa Rosada.<\/p>\n<p><a href=\"https:\/\/www.puertocdelu.com.ar\/wp-content\/uploads\/2018\/12\/VM02.jpg\"><img loading=\"lazy\" decoding=\"async\" class=\"aligncenter size-large wp-image-1704\" src=\"https:\/\/www.puertocdelu.com.ar\/wp-content\/uploads\/2018\/12\/VM02-1024x568.jpg\" alt=\"\" width=\"640\" height=\"355\" srcset=\"https:\/\/www.puertocdelu.com.ar\/wp-content\/uploads\/2018\/12\/VM02-1024x568.jpg 1024w, https:\/\/www.puertocdelu.com.ar\/wp-content\/uploads\/2018\/12\/VM02-300x167.jpg 300w, https:\/\/www.puertocdelu.com.ar\/wp-content\/uploads\/2018\/12\/VM02-768x426.jpg 768w, https:\/\/www.puertocdelu.com.ar\/wp-content\/uploads\/2018\/12\/VM02-696x385.jpg 696w, https:\/\/www.puertocdelu.com.ar\/wp-content\/uploads\/2018\/12\/VM02-1068x593.jpg 1068w, https:\/\/www.puertocdelu.com.ar\/wp-content\/uploads\/2018\/12\/VM02-757x420.jpg 757w, https:\/\/www.puertocdelu.com.ar\/wp-content\/uploads\/2018\/12\/VM02.jpg 1200w\" sizes=\"auto, (max-width: 640px) 100vw, 640px\" \/><\/a><\/p>\n<p>Asistieron representantes de las empresas petroleras que tienen explotaciones en el yacimiento, de las navieras interesadas en el transporte de la arena y empresas dedicadas a la log\u00edstica portuaria. Los \u00fanicos puertos convocados fueron Concepci\u00f3n del Uruguay, Diamante e Ibicuy, por parte de Entre R\u00edos, y el puerto de Bah\u00eda Blanca, de la provincia de Buenos Aires.<\/p>\n<p>\u00abNuestra provincia tiene los puertos con toda la infraestructura necesaria para hacer los embarques del material, tanto Ibicuy, como Concepci\u00f3n del Uruguay y Diamante est\u00e1n en condiciones \u00f3ptimas para este desaf\u00edo, por lo que Entre R\u00edos est\u00e1 en condiciones de ser un eje fundamental en la log\u00edstica que demanda Vaca Muerta \u00ab, detall\u00f3 Schepens tras el encuentro.<\/p>\n<p><a href=\"https:\/\/www.puertocdelu.com.ar\/wp-content\/uploads\/2018\/12\/VM03.jpg\"><img loading=\"lazy\" decoding=\"async\" class=\"aligncenter size-large wp-image-1705\" src=\"https:\/\/www.puertocdelu.com.ar\/wp-content\/uploads\/2018\/12\/VM03-1024x690.jpg\" alt=\"\" width=\"640\" height=\"431\" srcset=\"https:\/\/www.puertocdelu.com.ar\/wp-content\/uploads\/2018\/12\/VM03-1024x690.jpg 1024w, https:\/\/www.puertocdelu.com.ar\/wp-content\/uploads\/2018\/12\/VM03-300x202.jpg 300w, https:\/\/www.puertocdelu.com.ar\/wp-content\/uploads\/2018\/12\/VM03-768x518.jpg 768w, https:\/\/www.puertocdelu.com.ar\/wp-content\/uploads\/2018\/12\/VM03-696x469.jpg 696w, https:\/\/www.puertocdelu.com.ar\/wp-content\/uploads\/2018\/12\/VM03-1068x720.jpg 1068w, https:\/\/www.puertocdelu.com.ar\/wp-content\/uploads\/2018\/12\/VM03-623x420.jpg 623w, https:\/\/www.puertocdelu.com.ar\/wp-content\/uploads\/2018\/12\/VM03.jpg 1200w\" sizes=\"auto, (max-width: 640px) 100vw, 640px\" \/><\/a><\/p>\n<p>Por Entre R\u00edos expusieron el titular del puerto de Diamante, Luis Stello, de Concepci\u00f3n del Uruguay, Claudio Camparo, y de Ibicuy, Leonardo Cabrera. Tambi\u00e9n estuvo presente en el encuentro el Fiscal de Estado de Entre R\u00edos, Julio Rodr\u00edguez Signes.<\/p>\n<p>Martin Hagelstrom, Director Nacional de Control de Puertos y Vias Navegables, resalt\u00f3 el valor de este primer encuentro donde quedaron sentadas las bases de toda la cadena log\u00edstica que involucra a los puertos entrerrianos, las empresas de log\u00edstica y las petroleras.<\/p>\n","protected":false},"excerpt":{"rendered":"<p>Los puertos entrerrianos son parte del proyecto que est\u00e1 elaborando la Naci\u00f3n para el abastecimiento de arena sil\u00edcea que demanda el yacimiento petrolero de Vaca Muerta en la provincia de Neuqu\u00e9n. En este marco, Carlos Schepens, presidente del Instituto Portuario Provincial de Entre R\u00edos (IPPER), particip\u00f3 d\u00edas pasados de un encuentro en Casa Rosada convocado [&hellip;]<\/p>\n","protected":false},"author":1,"featured_media":1703,"comment_status":"open","ping_status":"open","sticky":false,"template":"","format":"standard","meta":{"footnotes":""},"categories":[81],"tags":[],"class_list":{"0":"post-1702","1":"post","2":"type-post","3":"status-publish","4":"format-standard","5":"has-post-thumbnail","7":"category-noticias"},"yoast_head":"<!-- This site is optimized with the Yoast SEO plugin v27.4 - https:\/\/yoast.com\/product\/yoast-seo-wordpress\/ -->\n<title>Los puertos entrerrianos en el eje log\u00edstico de Vaca Muerta - Puerto de Concepci\u00f3n del Uruguay<\/title>\n<meta name=\"robots\" content=\"index, follow, max-snippet:-1, max-image-preview:large, max-video-preview:-1\" \/>\n<link rel=\"canonical\" href=\"https:\/\/www.puertocdelu.com.ar\/index.php\/2018\/12\/16\/los-puertos-entrerrianos-en-el-eje-logistico-de-vaca-muerta\/\" \/>\n<meta property=\"og:locale\" content=\"es_ES\" \/>\n<meta property=\"og:type\" content=\"article\" \/>\n<meta property=\"og:title\" content=\"Los puertos entrerrianos en el eje log\u00edstico de Vaca Muerta - Puerto de Concepci\u00f3n del Uruguay\" \/>\n<meta property=\"og:description\" content=\"Los puertos entrerrianos son parte del proyecto que est\u00e1 elaborando la Naci\u00f3n para el abastecimiento de arena sil\u00edcea que demanda el yacimiento petrolero de Vaca Muerta en la provincia de Neuqu\u00e9n. En este marco, Carlos Schepens, presidente del Instituto Portuario Provincial de Entre R\u00edos (IPPER), particip\u00f3 d\u00edas pasados de un encuentro en Casa Rosada convocado [&hellip;]\" \/>\n<meta property=\"og:url\" content=\"https:\/\/www.puertocdelu.com.ar\/index.php\/2018\/12\/16\/los-puertos-entrerrianos-en-el-eje-logistico-de-vaca-muerta\/\" \/>\n<meta property=\"og:site_name\" content=\"Puerto de Concepci\u00f3n del Uruguay\" \/>\n<meta property=\"article:published_time\" content=\"2018-12-16T15:46:47+00:00\" \/>\n<meta property=\"article:modified_time\" content=\"2018-12-16T15:50:11+00:00\" \/>\n<meta property=\"og:image\" content=\"https:\/\/www.puertocdelu.com.ar\/wp-content\/uploads\/2018\/12\/VM01.jpg\" \/>\n\t<meta property=\"og:image:width\" content=\"1200\" \/>\n\t<meta property=\"og:image:height\" content=\"665\" \/>\n\t<meta property=\"og:image:type\" content=\"image\/jpeg\" \/>\n<meta name=\"author\" content=\"PuertoCdelU\" \/>\n<meta name=\"twitter:card\" content=\"summary_large_image\" \/>\n<meta name=\"twitter:label1\" content=\"Escrito por\" \/>\n\t<meta name=\"twitter:data1\" content=\"PuertoCdelU\" \/>\n\t<meta name=\"twitter:label2\" content=\"Tiempo de lectura\" \/>\n\t<meta name=\"twitter:data2\" content=\"2 minutos\" \/>\n<script type=\"application\/ld+json\" class=\"yoast-schema-graph\">{\"@context\":\"https:\\\/\\\/schema.org\",\"@graph\":[{\"@type\":\"Article\",\"@id\":\"https:\\\/\\\/www.puertocdelu.com.ar\\\/index.php\\\/2018\\\/12\\\/16\\\/los-puertos-entrerrianos-en-el-eje-logistico-de-vaca-muerta\\\/#article\",\"isPartOf\":{\"@id\":\"https:\\\/\\\/www.puertocdelu.com.ar\\\/index.php\\\/2018\\\/12\\\/16\\\/los-puertos-entrerrianos-en-el-eje-logistico-de-vaca-muerta\\\/\"},\"author\":{\"name\":\"PuertoCdelU\",\"@id\":\"https:\\\/\\\/www.puertocdelu.com.ar\\\/#\\\/schema\\\/person\\\/9d258b923b29bd5f47ca80d9c8cd72d1\"},\"headline\":\"Los puertos entrerrianos en el eje log\u00edstico de Vaca Muerta\",\"datePublished\":\"2018-12-16T15:46:47+00:00\",\"dateModified\":\"2018-12-16T15:50:11+00:00\",\"mainEntityOfPage\":{\"@id\":\"https:\\\/\\\/www.puertocdelu.com.ar\\\/index.php\\\/2018\\\/12\\\/16\\\/los-puertos-entrerrianos-en-el-eje-logistico-de-vaca-muerta\\\/\"},\"wordCount\":320,\"commentCount\":0,\"image\":{\"@id\":\"https:\\\/\\\/www.puertocdelu.com.ar\\\/index.php\\\/2018\\\/12\\\/16\\\/los-puertos-entrerrianos-en-el-eje-logistico-de-vaca-muerta\\\/#primaryimage\"},\"thumbnailUrl\":\"https:\\\/\\\/www.puertocdelu.com.ar\\\/wp-content\\\/uploads\\\/2018\\\/12\\\/VM01.jpg\",\"articleSection\":[\"Noticias\"],\"inLanguage\":\"es\",\"potentialAction\":[{\"@type\":\"CommentAction\",\"name\":\"Comment\",\"target\":[\"https:\\\/\\\/www.puertocdelu.com.ar\\\/index.php\\\/2018\\\/12\\\/16\\\/los-puertos-entrerrianos-en-el-eje-logistico-de-vaca-muerta\\\/#respond\"]}]},{\"@type\":\"WebPage\",\"@id\":\"https:\\\/\\\/www.puertocdelu.com.ar\\\/index.php\\\/2018\\\/12\\\/16\\\/los-puertos-entrerrianos-en-el-eje-logistico-de-vaca-muerta\\\/\",\"url\":\"https:\\\/\\\/www.puertocdelu.com.ar\\\/index.php\\\/2018\\\/12\\\/16\\\/los-puertos-entrerrianos-en-el-eje-logistico-de-vaca-muerta\\\/\",\"name\":\"Los puertos entrerrianos en el eje log\u00edstico de Vaca Muerta - Puerto de Concepci\u00f3n del Uruguay\",\"isPartOf\":{\"@id\":\"https:\\\/\\\/www.puertocdelu.com.ar\\\/#website\"},\"primaryImageOfPage\":{\"@id\":\"https:\\\/\\\/www.puertocdelu.com.ar\\\/index.php\\\/2018\\\/12\\\/16\\\/los-puertos-entrerrianos-en-el-eje-logistico-de-vaca-muerta\\\/#primaryimage\"},\"image\":{\"@id\":\"https:\\\/\\\/www.puertocdelu.com.ar\\\/index.php\\\/2018\\\/12\\\/16\\\/los-puertos-entrerrianos-en-el-eje-logistico-de-vaca-muerta\\\/#primaryimage\"},\"thumbnailUrl\":\"https:\\\/\\\/www.puertocdelu.com.ar\\\/wp-content\\\/uploads\\\/2018\\\/12\\\/VM01.jpg\",\"datePublished\":\"2018-12-16T15:46:47+00:00\",\"dateModified\":\"2018-12-16T15:50:11+00:00\",\"author\":{\"@id\":\"https:\\\/\\\/www.puertocdelu.com.ar\\\/#\\\/schema\\\/person\\\/9d258b923b29bd5f47ca80d9c8cd72d1\"},\"breadcrumb\":{\"@id\":\"https:\\\/\\\/www.puertocdelu.com.ar\\\/index.php\\\/2018\\\/12\\\/16\\\/los-puertos-entrerrianos-en-el-eje-logistico-de-vaca-muerta\\\/#breadcrumb\"},\"inLanguage\":\"es\",\"potentialAction\":[{\"@type\":\"ReadAction\",\"target\":[\"https:\\\/\\\/www.puertocdelu.com.ar\\\/index.php\\\/2018\\\/12\\\/16\\\/los-puertos-entrerrianos-en-el-eje-logistico-de-vaca-muerta\\\/\"]}]},{\"@type\":\"ImageObject\",\"inLanguage\":\"es\",\"@id\":\"https:\\\/\\\/www.puertocdelu.com.ar\\\/index.php\\\/2018\\\/12\\\/16\\\/los-puertos-entrerrianos-en-el-eje-logistico-de-vaca-muerta\\\/#primaryimage\",\"url\":\"https:\\\/\\\/www.puertocdelu.com.ar\\\/wp-content\\\/uploads\\\/2018\\\/12\\\/VM01.jpg\",\"contentUrl\":\"https:\\\/\\\/www.puertocdelu.com.ar\\\/wp-content\\\/uploads\\\/2018\\\/12\\\/VM01.jpg\",\"width\":1200,\"height\":665},{\"@type\":\"BreadcrumbList\",\"@id\":\"https:\\\/\\\/www.puertocdelu.com.ar\\\/index.php\\\/2018\\\/12\\\/16\\\/los-puertos-entrerrianos-en-el-eje-logistico-de-vaca-muerta\\\/#breadcrumb\",\"itemListElement\":[{\"@type\":\"ListItem\",\"position\":1,\"name\":\"Portada\",\"item\":\"https:\\\/\\\/www.puertocdelu.com.ar\\\/\"},{\"@type\":\"ListItem\",\"position\":2,\"name\":\"Los puertos entrerrianos en el eje log\u00edstico de Vaca Muerta\"}]},{\"@type\":\"WebSite\",\"@id\":\"https:\\\/\\\/www.puertocdelu.com.ar\\\/#website\",\"url\":\"https:\\\/\\\/www.puertocdelu.com.ar\\\/\",\"name\":\"Puerto de Concepci\u00f3n del Uruguay\",\"description\":\"\",\"potentialAction\":[{\"@type\":\"SearchAction\",\"target\":{\"@type\":\"EntryPoint\",\"urlTemplate\":\"https:\\\/\\\/www.puertocdelu.com.ar\\\/?s={search_term_string}\"},\"query-input\":{\"@type\":\"PropertyValueSpecification\",\"valueRequired\":true,\"valueName\":\"search_term_string\"}}],\"inLanguage\":\"es\"},{\"@type\":\"Person\",\"@id\":\"https:\\\/\\\/www.puertocdelu.com.ar\\\/#\\\/schema\\\/person\\\/9d258b923b29bd5f47ca80d9c8cd72d1\",\"name\":\"PuertoCdelU\",\"image\":{\"@type\":\"ImageObject\",\"inLanguage\":\"es\",\"@id\":\"https:\\\/\\\/secure.gravatar.com\\\/avatar\\\/99e38dea1727d397df18aced5ac6840012bb7f24c8570dcfafabb73086aed88c?s=96&d=mm&r=g\",\"url\":\"https:\\\/\\\/secure.gravatar.com\\\/avatar\\\/99e38dea1727d397df18aced5ac6840012bb7f24c8570dcfafabb73086aed88c?s=96&d=mm&r=g\",\"contentUrl\":\"https:\\\/\\\/secure.gravatar.com\\\/avatar\\\/99e38dea1727d397df18aced5ac6840012bb7f24c8570dcfafabb73086aed88c?s=96&d=mm&r=g\",\"caption\":\"PuertoCdelU\"},\"url\":\"https:\\\/\\\/www.puertocdelu.com.ar\\\/index.php\\\/author\\\/hectordelos1\\\/\"}]}<\/script>\n<!-- \/ Yoast SEO plugin. -->","yoast_head_json":{"title":"Los puertos entrerrianos en el eje log\u00edstico de Vaca Muerta - Puerto de Concepci\u00f3n del Uruguay","robots":{"index":"index","follow":"follow","max-snippet":"max-snippet:-1","max-image-preview":"max-image-preview:large","max-video-preview":"max-video-preview:-1"},"canonical":"https:\/\/www.puertocdelu.com.ar\/index.php\/2018\/12\/16\/los-puertos-entrerrianos-en-el-eje-logistico-de-vaca-muerta\/","og_locale":"es_ES","og_type":"article","og_title":"Los puertos entrerrianos en el eje log\u00edstico de Vaca Muerta - Puerto de Concepci\u00f3n del Uruguay","og_description":"Los puertos entrerrianos son parte del proyecto que est\u00e1 elaborando la Naci\u00f3n para el abastecimiento de arena sil\u00edcea que demanda el yacimiento petrolero de Vaca Muerta en la provincia de Neuqu\u00e9n. En este marco, Carlos Schepens, presidente del Instituto Portuario Provincial de Entre R\u00edos (IPPER), particip\u00f3 d\u00edas pasados de un encuentro en Casa Rosada convocado [&hellip;]","og_url":"https:\/\/www.puertocdelu.com.ar\/index.php\/2018\/12\/16\/los-puertos-entrerrianos-en-el-eje-logistico-de-vaca-muerta\/","og_site_name":"Puerto de Concepci\u00f3n del Uruguay","article_published_time":"2018-12-16T15:46:47+00:00","article_modified_time":"2018-12-16T15:50:11+00:00","og_image":[{"width":1200,"height":665,"url":"https:\/\/www.puertocdelu.com.ar\/wp-content\/uploads\/2018\/12\/VM01.jpg","type":"image\/jpeg"}],"author":"PuertoCdelU","twitter_card":"summary_large_image","twitter_misc":{"Escrito por":"PuertoCdelU","Tiempo de lectura":"2 minutos"},"schema":{"@context":"https:\/\/schema.org","@graph":[{"@type":"Article","@id":"https:\/\/www.puertocdelu.com.ar\/index.php\/2018\/12\/16\/los-puertos-entrerrianos-en-el-eje-logistico-de-vaca-muerta\/#article","isPartOf":{"@id":"https:\/\/www.puertocdelu.com.ar\/index.php\/2018\/12\/16\/los-puertos-entrerrianos-en-el-eje-logistico-de-vaca-muerta\/"},"author":{"name":"PuertoCdelU","@id":"https:\/\/www.puertocdelu.com.ar\/#\/schema\/person\/9d258b923b29bd5f47ca80d9c8cd72d1"},"headline":"Los puertos entrerrianos en el eje log\u00edstico de Vaca Muerta","datePublished":"2018-12-16T15:46:47+00:00","dateModified":"2018-12-16T15:50:11+00:00","mainEntityOfPage":{"@id":"https:\/\/www.puertocdelu.com.ar\/index.php\/2018\/12\/16\/los-puertos-entrerrianos-en-el-eje-logistico-de-vaca-muerta\/"},"wordCount":320,"commentCount":0,"image":{"@id":"https:\/\/www.puertocdelu.com.ar\/index.php\/2018\/12\/16\/los-puertos-entrerrianos-en-el-eje-logistico-de-vaca-muerta\/#primaryimage"},"thumbnailUrl":"https:\/\/www.puertocdelu.com.ar\/wp-content\/uploads\/2018\/12\/VM01.jpg","articleSection":["Noticias"],"inLanguage":"es","potentialAction":[{"@type":"CommentAction","name":"Comment","target":["https:\/\/www.puertocdelu.com.ar\/index.php\/2018\/12\/16\/los-puertos-entrerrianos-en-el-eje-logistico-de-vaca-muerta\/#respond"]}]},{"@type":"WebPage","@id":"https:\/\/www.puertocdelu.com.ar\/index.php\/2018\/12\/16\/los-puertos-entrerrianos-en-el-eje-logistico-de-vaca-muerta\/","url":"https:\/\/www.puertocdelu.com.ar\/index.php\/2018\/12\/16\/los-puertos-entrerrianos-en-el-eje-logistico-de-vaca-muerta\/","name":"Los puertos entrerrianos en el eje log\u00edstico de Vaca Muerta - Puerto de Concepci\u00f3n del Uruguay","isPartOf":{"@id":"https:\/\/www.puertocdelu.com.ar\/#website"},"primaryImageOfPage":{"@id":"https:\/\/www.puertocdelu.com.ar\/index.php\/2018\/12\/16\/los-puertos-entrerrianos-en-el-eje-logistico-de-vaca-muerta\/#primaryimage"},"image":{"@id":"https:\/\/www.puertocdelu.com.ar\/index.php\/2018\/12\/16\/los-puertos-entrerrianos-en-el-eje-logistico-de-vaca-muerta\/#primaryimage"},"thumbnailUrl":"https:\/\/www.puertocdelu.com.ar\/wp-content\/uploads\/2018\/12\/VM01.jpg","datePublished":"2018-12-16T15:46:47+00:00","dateModified":"2018-12-16T15:50:11+00:00","author":{"@id":"https:\/\/www.puertocdelu.com.ar\/#\/schema\/person\/9d258b923b29bd5f47ca80d9c8cd72d1"},"breadcrumb":{"@id":"https:\/\/www.puertocdelu.com.ar\/index.php\/2018\/12\/16\/los-puertos-entrerrianos-en-el-eje-logistico-de-vaca-muerta\/#breadcrumb"},"inLanguage":"es","potentialAction":[{"@type":"ReadAction","target":["https:\/\/www.puertocdelu.com.ar\/index.php\/2018\/12\/16\/los-puertos-entrerrianos-en-el-eje-logistico-de-vaca-muerta\/"]}]},{"@type":"ImageObject","inLanguage":"es","@id":"https:\/\/www.puertocdelu.com.ar\/index.php\/2018\/12\/16\/los-puertos-entrerrianos-en-el-eje-logistico-de-vaca-muerta\/#primaryimage","url":"https:\/\/www.puertocdelu.com.ar\/wp-content\/uploads\/2018\/12\/VM01.jpg","contentUrl":"https:\/\/www.puertocdelu.com.ar\/wp-content\/uploads\/2018\/12\/VM01.jpg","width":1200,"height":665},{"@type":"BreadcrumbList","@id":"https:\/\/www.puertocdelu.com.ar\/index.php\/2018\/12\/16\/los-puertos-entrerrianos-en-el-eje-logistico-de-vaca-muerta\/#breadcrumb","itemListElement":[{"@type":"ListItem","position":1,"name":"Portada","item":"https:\/\/www.puertocdelu.com.ar\/"},{"@type":"ListItem","position":2,"name":"Los puertos entrerrianos en el eje log\u00edstico de Vaca Muerta"}]},{"@type":"WebSite","@id":"https:\/\/www.puertocdelu.com.ar\/#website","url":"https:\/\/www.puertocdelu.com.ar\/","name":"Puerto de Concepci\u00f3n del Uruguay","description":"","potentialAction":[{"@type":"SearchAction","target":{"@type":"EntryPoint","urlTemplate":"https:\/\/www.puertocdelu.com.ar\/?s={search_term_string}"},"query-input":{"@type":"PropertyValueSpecification","valueRequired":true,"valueName":"search_term_string"}}],"inLanguage":"es"},{"@type":"Person","@id":"https:\/\/www.puertocdelu.com.ar\/#\/schema\/person\/9d258b923b29bd5f47ca80d9c8cd72d1","name":"PuertoCdelU","image":{"@type":"ImageObject","inLanguage":"es","@id":"https:\/\/secure.gravatar.com\/avatar\/99e38dea1727d397df18aced5ac6840012bb7f24c8570dcfafabb73086aed88c?s=96&d=mm&r=g","url":"https:\/\/secure.gravatar.com\/avatar\/99e38dea1727d397df18aced5ac6840012bb7f24c8570dcfafabb73086aed88c?s=96&d=mm&r=g","contentUrl":"https:\/\/secure.gravatar.com\/avatar\/99e38dea1727d397df18aced5ac6840012bb7f24c8570dcfafabb73086aed88c?s=96&d=mm&r=g","caption":"PuertoCdelU"},"url":"https:\/\/www.puertocdelu.com.ar\/index.php\/author\/hectordelos1\/"}]}},"_links":{"self":[{"href":"https:\/\/www.puertocdelu.com.ar\/index.php\/wp-json\/wp\/v2\/posts\/1702","targetHints":{"allow":["GET"]}}],"collection":[{"href":"https:\/\/www.puertocdelu.com.ar\/index.php\/wp-json\/wp\/v2\/posts"}],"about":[{"href":"https:\/\/www.puertocdelu.com.ar\/index.php\/wp-json\/wp\/v2\/types\/post"}],"author":[{"embeddable":true,"href":"https:\/\/www.puertocdelu.com.ar\/index.php\/wp-json\/wp\/v2\/users\/1"}],"replies":[{"embeddable":true,"href":"https:\/\/www.puertocdelu.com.ar\/index.php\/wp-json\/wp\/v2\/comments?post=1702"}],"version-history":[{"count":2,"href":"https:\/\/www.puertocdelu.com.ar\/index.php\/wp-json\/wp\/v2\/posts\/1702\/revisions"}],"predecessor-version":[{"id":1707,"href":"https:\/\/www.puertocdelu.com.ar\/index.php\/wp-json\/wp\/v2\/posts\/1702\/revisions\/1707"}],"wp:featuredmedia":[{"embeddable":true,"href":"https:\/\/www.puertocdelu.com.ar\/index.php\/wp-json\/wp\/v2\/media\/1703"}],"wp:attachment":[{"href":"https:\/\/www.puertocdelu.com.ar\/index.php\/wp-json\/wp\/v2\/media?parent=1702"}],"wp:term":[{"taxonomy":"category","embeddable":true,"href":"https:\/\/www.puertocdelu.com.ar\/index.php\/wp-json\/wp\/v2\/categories?post=1702"},{"taxonomy":"post_tag","embeddable":true,"href":"https:\/\/www.puertocdelu.com.ar\/index.php\/wp-json\/wp\/v2\/tags?post=1702"}],"curies":[{"name":"wp","href":"https:\/\/api.w.org\/{rel}","templated":true}]}}