{"id":1739,"date":"2019-01-19T23:12:51","date_gmt":"2019-01-19T23:12:51","guid":{"rendered":"http:\/\/www.puertocdelu.com.ar\/?p=1739"},"modified":"2019-01-19T23:22:16","modified_gmt":"2019-01-19T23:22:16","slug":"el-ts-challenge-embarco-toda-la-madera-disponible-y-detuvo-la-operatoria","status":"publish","type":"post","link":"https:\/\/www.puertocdelu.com.ar\/index.php\/2019\/01\/19\/el-ts-challenge-embarco-toda-la-madera-disponible-y-detuvo-la-operatoria\/","title":{"rendered":"En plena creciente el TS Challenge embarc\u00f3 toda la madera disponible y detuvo la operatoria"},"content":{"rendered":"<p>Por cuestiones de seguridad en los muelles, se detuvo en horas de la tarde de este s\u00e1bado la carga de madera de pino en el buque TS Challenge cuando ya se hab\u00eda hab\u00edan alcanzado cerca de 17 mil toneladas de las 20 mil programadas.<\/p>\n<p>Seg\u00fan se destac\u00f3 en la zona de trabajo, se logr\u00f3 embarcar toda la mercader\u00eda que estaba disponible en los acopios, y restaba ingresar solamente la carga que deb\u00eda salir de los montes pero su traslado se vio complicado por el estado de los caminos.<\/p>\n<p><a href=\"https:\/\/www.puertocdelu.com.ar\/wp-content\/uploads\/2019\/01\/inunda02.jpg\"><img loading=\"lazy\" decoding=\"async\" class=\"aligncenter size-full wp-image-1744\" src=\"https:\/\/www.puertocdelu.com.ar\/wp-content\/uploads\/2019\/01\/inunda02.jpg\" alt=\"\" width=\"1000\" height=\"750\" srcset=\"https:\/\/www.puertocdelu.com.ar\/wp-content\/uploads\/2019\/01\/inunda02.jpg 1000w, https:\/\/www.puertocdelu.com.ar\/wp-content\/uploads\/2019\/01\/inunda02-300x225.jpg 300w, https:\/\/www.puertocdelu.com.ar\/wp-content\/uploads\/2019\/01\/inunda02-768x576.jpg 768w, https:\/\/www.puertocdelu.com.ar\/wp-content\/uploads\/2019\/01\/inunda02-80x60.jpg 80w, https:\/\/www.puertocdelu.com.ar\/wp-content\/uploads\/2019\/01\/inunda02-265x198.jpg 265w, https:\/\/www.puertocdelu.com.ar\/wp-content\/uploads\/2019\/01\/inunda02-696x522.jpg 696w, https:\/\/www.puertocdelu.com.ar\/wp-content\/uploads\/2019\/01\/inunda02-560x420.jpg 560w\" sizes=\"auto, (max-width: 1000px) 100vw, 1000px\" \/><\/a><\/p>\n<p>Si bien el acceso de los camiones y la zona de carga sobre los muelles a\u00fan estaban accesibles, tanto Prefectura como el Ente Aut\u00e1rquico Puerto Concepci\u00f3n del Uruguay coincidieron en suspender las tareas debido al incontenible avance de las aguas.<\/p>\n<p>\u201cEs de destacar el enorme trabajo que han realizado de forma conjunta la Prefectura Naval, el Ente Portuario, Aduana, todos los trabajadores, camioneros y a todas las personas de las empresas involucradas en\u00a0 la log\u00edstica para el embarque, se optimizaron los tiempos, se garantizaron en todo momento las medidas de seguridad y se demostr\u00f3 nuevamente la capacidad que tiene el puerto de Concepci\u00f3n del Uruguay como salida para la producci\u00f3n entrerriana\u201d, remarc\u00f3 Carlos Schepens, presidente del Instituto Portuario de Entre R\u00edos.<\/p>\n<p>El ultramarino de 182 metros de eslora y bandera paname\u00f1a, carg\u00f3 unas 16.300 toneladas y permanecer\u00e1 amarrado en los muelles 14, 15 y 16 bis del puerto local como medida de precauci\u00f3n hasta tanto se den mejores condiciones para zarpar.<\/p>\n<p>\u00abA esto se refiere el gobernador Bordet cuando afirma que el desarrollo portuario en toda la provincia es vital para el desarrollo y la competitividad de los productores entrerrianos, es el cuarto buque en dos meses que sale de la provincia, y hay otro m\u00e1s programado para los primeros d\u00edas de febrero\u00bb, complet\u00f3 Schepens.<\/p>\n<p>Cabe recordar que operatoria de carga fue incesante durante los \u00faltimos d\u00edas tratando de ganarle a la creciente, a la sudestada y a las lluvias torrenciales que se conjugaron a lo largo de todas las jornadas.<\/p>\n<p>El buque completar\u00e1 su carga en el puerto de Montevideo antes de partir rumbo a su destino final que es China.<\/p>\n","protected":false},"excerpt":{"rendered":"<p>Por cuestiones de seguridad en los muelles, se detuvo en horas de la tarde de este s\u00e1bado la carga de madera de pino en el buque TS Challenge cuando ya se hab\u00eda hab\u00edan alcanzado cerca de 17 mil toneladas de las 20 mil programadas. Seg\u00fan se destac\u00f3 en la zona de trabajo, se logr\u00f3 embarcar [&hellip;]<\/p>\n","protected":false},"author":1,"featured_media":1743,"comment_status":"open","ping_status":"open","sticky":false,"template":"","format":"standard","meta":{"footnotes":""},"categories":[81],"tags":[],"class_list":{"0":"post-1739","1":"post","2":"type-post","3":"status-publish","4":"format-standard","5":"has-post-thumbnail","7":"category-noticias"},"yoast_head":"<!-- This site is optimized with the Yoast SEO plugin v27.4 - https:\/\/yoast.com\/product\/yoast-seo-wordpress\/ -->\n<title>En plena creciente el TS Challenge embarc\u00f3 toda la madera disponible y detuvo la operatoria - Puerto de Concepci\u00f3n del Uruguay<\/title>\n<meta name=\"robots\" content=\"index, follow, max-snippet:-1, max-image-preview:large, max-video-preview:-1\" \/>\n<link rel=\"canonical\" href=\"https:\/\/www.puertocdelu.com.ar\/index.php\/2019\/01\/19\/el-ts-challenge-embarco-toda-la-madera-disponible-y-detuvo-la-operatoria\/\" \/>\n<meta property=\"og:locale\" content=\"es_ES\" \/>\n<meta property=\"og:type\" content=\"article\" \/>\n<meta property=\"og:title\" content=\"En plena creciente el TS Challenge embarc\u00f3 toda la madera disponible y detuvo la operatoria - Puerto de Concepci\u00f3n del Uruguay\" \/>\n<meta property=\"og:description\" content=\"Por cuestiones de seguridad en los muelles, se detuvo en horas de la tarde de este s\u00e1bado la carga de madera de pino en el buque TS Challenge cuando ya se hab\u00eda hab\u00edan alcanzado cerca de 17 mil toneladas de las 20 mil programadas. Seg\u00fan se destac\u00f3 en la zona de trabajo, se logr\u00f3 embarcar [&hellip;]\" \/>\n<meta property=\"og:url\" content=\"https:\/\/www.puertocdelu.com.ar\/index.php\/2019\/01\/19\/el-ts-challenge-embarco-toda-la-madera-disponible-y-detuvo-la-operatoria\/\" \/>\n<meta property=\"og:site_name\" content=\"Puerto de Concepci\u00f3n del Uruguay\" \/>\n<meta property=\"article:published_time\" content=\"2019-01-19T23:12:51+00:00\" \/>\n<meta property=\"article:modified_time\" content=\"2019-01-19T23:22:16+00:00\" \/>\n<meta property=\"og:image\" content=\"https:\/\/www.puertocdelu.com.ar\/wp-content\/uploads\/2019\/01\/inunda01.jpg\" \/>\n\t<meta property=\"og:image:width\" content=\"1000\" \/>\n\t<meta property=\"og:image:height\" content=\"583\" \/>\n\t<meta property=\"og:image:type\" content=\"image\/jpeg\" \/>\n<meta name=\"author\" content=\"PuertoCdelU\" \/>\n<meta name=\"twitter:card\" content=\"summary_large_image\" \/>\n<meta name=\"twitter:label1\" content=\"Escrito por\" \/>\n\t<meta name=\"twitter:data1\" content=\"PuertoCdelU\" \/>\n\t<meta name=\"twitter:label2\" content=\"Tiempo de lectura\" \/>\n\t<meta name=\"twitter:data2\" content=\"2 minutos\" \/>\n<script type=\"application\/ld+json\" class=\"yoast-schema-graph\">{\"@context\":\"https:\\\/\\\/schema.org\",\"@graph\":[{\"@type\":\"Article\",\"@id\":\"https:\\\/\\\/www.puertocdelu.com.ar\\\/index.php\\\/2019\\\/01\\\/19\\\/el-ts-challenge-embarco-toda-la-madera-disponible-y-detuvo-la-operatoria\\\/#article\",\"isPartOf\":{\"@id\":\"https:\\\/\\\/www.puertocdelu.com.ar\\\/index.php\\\/2019\\\/01\\\/19\\\/el-ts-challenge-embarco-toda-la-madera-disponible-y-detuvo-la-operatoria\\\/\"},\"author\":{\"name\":\"PuertoCdelU\",\"@id\":\"https:\\\/\\\/www.puertocdelu.com.ar\\\/#\\\/schema\\\/person\\\/9d258b923b29bd5f47ca80d9c8cd72d1\"},\"headline\":\"En plena creciente el TS Challenge embarc\u00f3 toda la madera disponible y detuvo la operatoria\",\"datePublished\":\"2019-01-19T23:12:51+00:00\",\"dateModified\":\"2019-01-19T23:22:16+00:00\",\"mainEntityOfPage\":{\"@id\":\"https:\\\/\\\/www.puertocdelu.com.ar\\\/index.php\\\/2019\\\/01\\\/19\\\/el-ts-challenge-embarco-toda-la-madera-disponible-y-detuvo-la-operatoria\\\/\"},\"wordCount\":386,\"commentCount\":0,\"image\":{\"@id\":\"https:\\\/\\\/www.puertocdelu.com.ar\\\/index.php\\\/2019\\\/01\\\/19\\\/el-ts-challenge-embarco-toda-la-madera-disponible-y-detuvo-la-operatoria\\\/#primaryimage\"},\"thumbnailUrl\":\"https:\\\/\\\/www.puertocdelu.com.ar\\\/wp-content\\\/uploads\\\/2019\\\/01\\\/inunda01.jpg\",\"articleSection\":[\"Noticias\"],\"inLanguage\":\"es\",\"potentialAction\":[{\"@type\":\"CommentAction\",\"name\":\"Comment\",\"target\":[\"https:\\\/\\\/www.puertocdelu.com.ar\\\/index.php\\\/2019\\\/01\\\/19\\\/el-ts-challenge-embarco-toda-la-madera-disponible-y-detuvo-la-operatoria\\\/#respond\"]}]},{\"@type\":\"WebPage\",\"@id\":\"https:\\\/\\\/www.puertocdelu.com.ar\\\/index.php\\\/2019\\\/01\\\/19\\\/el-ts-challenge-embarco-toda-la-madera-disponible-y-detuvo-la-operatoria\\\/\",\"url\":\"https:\\\/\\\/www.puertocdelu.com.ar\\\/index.php\\\/2019\\\/01\\\/19\\\/el-ts-challenge-embarco-toda-la-madera-disponible-y-detuvo-la-operatoria\\\/\",\"name\":\"En plena creciente el TS Challenge embarc\u00f3 toda la madera disponible y detuvo la operatoria - Puerto de Concepci\u00f3n del Uruguay\",\"isPartOf\":{\"@id\":\"https:\\\/\\\/www.puertocdelu.com.ar\\\/#website\"},\"primaryImageOfPage\":{\"@id\":\"https:\\\/\\\/www.puertocdelu.com.ar\\\/index.php\\\/2019\\\/01\\\/19\\\/el-ts-challenge-embarco-toda-la-madera-disponible-y-detuvo-la-operatoria\\\/#primaryimage\"},\"image\":{\"@id\":\"https:\\\/\\\/www.puertocdelu.com.ar\\\/index.php\\\/2019\\\/01\\\/19\\\/el-ts-challenge-embarco-toda-la-madera-disponible-y-detuvo-la-operatoria\\\/#primaryimage\"},\"thumbnailUrl\":\"https:\\\/\\\/www.puertocdelu.com.ar\\\/wp-content\\\/uploads\\\/2019\\\/01\\\/inunda01.jpg\",\"datePublished\":\"2019-01-19T23:12:51+00:00\",\"dateModified\":\"2019-01-19T23:22:16+00:00\",\"author\":{\"@id\":\"https:\\\/\\\/www.puertocdelu.com.ar\\\/#\\\/schema\\\/person\\\/9d258b923b29bd5f47ca80d9c8cd72d1\"},\"breadcrumb\":{\"@id\":\"https:\\\/\\\/www.puertocdelu.com.ar\\\/index.php\\\/2019\\\/01\\\/19\\\/el-ts-challenge-embarco-toda-la-madera-disponible-y-detuvo-la-operatoria\\\/#breadcrumb\"},\"inLanguage\":\"es\",\"potentialAction\":[{\"@type\":\"ReadAction\",\"target\":[\"https:\\\/\\\/www.puertocdelu.com.ar\\\/index.php\\\/2019\\\/01\\\/19\\\/el-ts-challenge-embarco-toda-la-madera-disponible-y-detuvo-la-operatoria\\\/\"]}]},{\"@type\":\"ImageObject\",\"inLanguage\":\"es\",\"@id\":\"https:\\\/\\\/www.puertocdelu.com.ar\\\/index.php\\\/2019\\\/01\\\/19\\\/el-ts-challenge-embarco-toda-la-madera-disponible-y-detuvo-la-operatoria\\\/#primaryimage\",\"url\":\"https:\\\/\\\/www.puertocdelu.com.ar\\\/wp-content\\\/uploads\\\/2019\\\/01\\\/inunda01.jpg\",\"contentUrl\":\"https:\\\/\\\/www.puertocdelu.com.ar\\\/wp-content\\\/uploads\\\/2019\\\/01\\\/inunda01.jpg\",\"width\":1000,\"height\":583},{\"@type\":\"BreadcrumbList\",\"@id\":\"https:\\\/\\\/www.puertocdelu.com.ar\\\/index.php\\\/2019\\\/01\\\/19\\\/el-ts-challenge-embarco-toda-la-madera-disponible-y-detuvo-la-operatoria\\\/#breadcrumb\",\"itemListElement\":[{\"@type\":\"ListItem\",\"position\":1,\"name\":\"Portada\",\"item\":\"https:\\\/\\\/www.puertocdelu.com.ar\\\/\"},{\"@type\":\"ListItem\",\"position\":2,\"name\":\"En plena creciente el TS Challenge embarc\u00f3 toda la madera disponible y detuvo la operatoria\"}]},{\"@type\":\"WebSite\",\"@id\":\"https:\\\/\\\/www.puertocdelu.com.ar\\\/#website\",\"url\":\"https:\\\/\\\/www.puertocdelu.com.ar\\\/\",\"name\":\"Puerto de Concepci\u00f3n del Uruguay\",\"description\":\"\",\"potentialAction\":[{\"@type\":\"SearchAction\",\"target\":{\"@type\":\"EntryPoint\",\"urlTemplate\":\"https:\\\/\\\/www.puertocdelu.com.ar\\\/?s={search_term_string}\"},\"query-input\":{\"@type\":\"PropertyValueSpecification\",\"valueRequired\":true,\"valueName\":\"search_term_string\"}}],\"inLanguage\":\"es\"},{\"@type\":\"Person\",\"@id\":\"https:\\\/\\\/www.puertocdelu.com.ar\\\/#\\\/schema\\\/person\\\/9d258b923b29bd5f47ca80d9c8cd72d1\",\"name\":\"PuertoCdelU\",\"image\":{\"@type\":\"ImageObject\",\"inLanguage\":\"es\",\"@id\":\"https:\\\/\\\/secure.gravatar.com\\\/avatar\\\/99e38dea1727d397df18aced5ac6840012bb7f24c8570dcfafabb73086aed88c?s=96&d=mm&r=g\",\"url\":\"https:\\\/\\\/secure.gravatar.com\\\/avatar\\\/99e38dea1727d397df18aced5ac6840012bb7f24c8570dcfafabb73086aed88c?s=96&d=mm&r=g\",\"contentUrl\":\"https:\\\/\\\/secure.gravatar.com\\\/avatar\\\/99e38dea1727d397df18aced5ac6840012bb7f24c8570dcfafabb73086aed88c?s=96&d=mm&r=g\",\"caption\":\"PuertoCdelU\"},\"url\":\"https:\\\/\\\/www.puertocdelu.com.ar\\\/index.php\\\/author\\\/hectordelos1\\\/\"}]}<\/script>\n<!-- \/ Yoast SEO plugin. -->","yoast_head_json":{"title":"En plena creciente el TS Challenge embarc\u00f3 toda la madera disponible y detuvo la operatoria - Puerto de Concepci\u00f3n del Uruguay","robots":{"index":"index","follow":"follow","max-snippet":"max-snippet:-1","max-image-preview":"max-image-preview:large","max-video-preview":"max-video-preview:-1"},"canonical":"https:\/\/www.puertocdelu.com.ar\/index.php\/2019\/01\/19\/el-ts-challenge-embarco-toda-la-madera-disponible-y-detuvo-la-operatoria\/","og_locale":"es_ES","og_type":"article","og_title":"En plena creciente el TS Challenge embarc\u00f3 toda la madera disponible y detuvo la operatoria - Puerto de Concepci\u00f3n del Uruguay","og_description":"Por cuestiones de seguridad en los muelles, se detuvo en horas de la tarde de este s\u00e1bado la carga de madera de pino en el buque TS Challenge cuando ya se hab\u00eda hab\u00edan alcanzado cerca de 17 mil toneladas de las 20 mil programadas. Seg\u00fan se destac\u00f3 en la zona de trabajo, se logr\u00f3 embarcar [&hellip;]","og_url":"https:\/\/www.puertocdelu.com.ar\/index.php\/2019\/01\/19\/el-ts-challenge-embarco-toda-la-madera-disponible-y-detuvo-la-operatoria\/","og_site_name":"Puerto de Concepci\u00f3n del Uruguay","article_published_time":"2019-01-19T23:12:51+00:00","article_modified_time":"2019-01-19T23:22:16+00:00","og_image":[{"width":1000,"height":583,"url":"https:\/\/www.puertocdelu.com.ar\/wp-content\/uploads\/2019\/01\/inunda01.jpg","type":"image\/jpeg"}],"author":"PuertoCdelU","twitter_card":"summary_large_image","twitter_misc":{"Escrito por":"PuertoCdelU","Tiempo de lectura":"2 minutos"},"schema":{"@context":"https:\/\/schema.org","@graph":[{"@type":"Article","@id":"https:\/\/www.puertocdelu.com.ar\/index.php\/2019\/01\/19\/el-ts-challenge-embarco-toda-la-madera-disponible-y-detuvo-la-operatoria\/#article","isPartOf":{"@id":"https:\/\/www.puertocdelu.com.ar\/index.php\/2019\/01\/19\/el-ts-challenge-embarco-toda-la-madera-disponible-y-detuvo-la-operatoria\/"},"author":{"name":"PuertoCdelU","@id":"https:\/\/www.puertocdelu.com.ar\/#\/schema\/person\/9d258b923b29bd5f47ca80d9c8cd72d1"},"headline":"En plena creciente el TS Challenge embarc\u00f3 toda la madera disponible y detuvo la operatoria","datePublished":"2019-01-19T23:12:51+00:00","dateModified":"2019-01-19T23:22:16+00:00","mainEntityOfPage":{"@id":"https:\/\/www.puertocdelu.com.ar\/index.php\/2019\/01\/19\/el-ts-challenge-embarco-toda-la-madera-disponible-y-detuvo-la-operatoria\/"},"wordCount":386,"commentCount":0,"image":{"@id":"https:\/\/www.puertocdelu.com.ar\/index.php\/2019\/01\/19\/el-ts-challenge-embarco-toda-la-madera-disponible-y-detuvo-la-operatoria\/#primaryimage"},"thumbnailUrl":"https:\/\/www.puertocdelu.com.ar\/wp-content\/uploads\/2019\/01\/inunda01.jpg","articleSection":["Noticias"],"inLanguage":"es","potentialAction":[{"@type":"CommentAction","name":"Comment","target":["https:\/\/www.puertocdelu.com.ar\/index.php\/2019\/01\/19\/el-ts-challenge-embarco-toda-la-madera-disponible-y-detuvo-la-operatoria\/#respond"]}]},{"@type":"WebPage","@id":"https:\/\/www.puertocdelu.com.ar\/index.php\/2019\/01\/19\/el-ts-challenge-embarco-toda-la-madera-disponible-y-detuvo-la-operatoria\/","url":"https:\/\/www.puertocdelu.com.ar\/index.php\/2019\/01\/19\/el-ts-challenge-embarco-toda-la-madera-disponible-y-detuvo-la-operatoria\/","name":"En plena creciente el TS Challenge embarc\u00f3 toda la madera disponible y detuvo la operatoria - Puerto de Concepci\u00f3n del Uruguay","isPartOf":{"@id":"https:\/\/www.puertocdelu.com.ar\/#website"},"primaryImageOfPage":{"@id":"https:\/\/www.puertocdelu.com.ar\/index.php\/2019\/01\/19\/el-ts-challenge-embarco-toda-la-madera-disponible-y-detuvo-la-operatoria\/#primaryimage"},"image":{"@id":"https:\/\/www.puertocdelu.com.ar\/index.php\/2019\/01\/19\/el-ts-challenge-embarco-toda-la-madera-disponible-y-detuvo-la-operatoria\/#primaryimage"},"thumbnailUrl":"https:\/\/www.puertocdelu.com.ar\/wp-content\/uploads\/2019\/01\/inunda01.jpg","datePublished":"2019-01-19T23:12:51+00:00","dateModified":"2019-01-19T23:22:16+00:00","author":{"@id":"https:\/\/www.puertocdelu.com.ar\/#\/schema\/person\/9d258b923b29bd5f47ca80d9c8cd72d1"},"breadcrumb":{"@id":"https:\/\/www.puertocdelu.com.ar\/index.php\/2019\/01\/19\/el-ts-challenge-embarco-toda-la-madera-disponible-y-detuvo-la-operatoria\/#breadcrumb"},"inLanguage":"es","potentialAction":[{"@type":"ReadAction","target":["https:\/\/www.puertocdelu.com.ar\/index.php\/2019\/01\/19\/el-ts-challenge-embarco-toda-la-madera-disponible-y-detuvo-la-operatoria\/"]}]},{"@type":"ImageObject","inLanguage":"es","@id":"https:\/\/www.puertocdelu.com.ar\/index.php\/2019\/01\/19\/el-ts-challenge-embarco-toda-la-madera-disponible-y-detuvo-la-operatoria\/#primaryimage","url":"https:\/\/www.puertocdelu.com.ar\/wp-content\/uploads\/2019\/01\/inunda01.jpg","contentUrl":"https:\/\/www.puertocdelu.com.ar\/wp-content\/uploads\/2019\/01\/inunda01.jpg","width":1000,"height":583},{"@type":"BreadcrumbList","@id":"https:\/\/www.puertocdelu.com.ar\/index.php\/2019\/01\/19\/el-ts-challenge-embarco-toda-la-madera-disponible-y-detuvo-la-operatoria\/#breadcrumb","itemListElement":[{"@type":"ListItem","position":1,"name":"Portada","item":"https:\/\/www.puertocdelu.com.ar\/"},{"@type":"ListItem","position":2,"name":"En plena creciente el TS Challenge embarc\u00f3 toda la madera disponible y detuvo la operatoria"}]},{"@type":"WebSite","@id":"https:\/\/www.puertocdelu.com.ar\/#website","url":"https:\/\/www.puertocdelu.com.ar\/","name":"Puerto de Concepci\u00f3n del Uruguay","description":"","potentialAction":[{"@type":"SearchAction","target":{"@type":"EntryPoint","urlTemplate":"https:\/\/www.puertocdelu.com.ar\/?s={search_term_string}"},"query-input":{"@type":"PropertyValueSpecification","valueRequired":true,"valueName":"search_term_string"}}],"inLanguage":"es"},{"@type":"Person","@id":"https:\/\/www.puertocdelu.com.ar\/#\/schema\/person\/9d258b923b29bd5f47ca80d9c8cd72d1","name":"PuertoCdelU","image":{"@type":"ImageObject","inLanguage":"es","@id":"https:\/\/secure.gravatar.com\/avatar\/99e38dea1727d397df18aced5ac6840012bb7f24c8570dcfafabb73086aed88c?s=96&d=mm&r=g","url":"https:\/\/secure.gravatar.com\/avatar\/99e38dea1727d397df18aced5ac6840012bb7f24c8570dcfafabb73086aed88c?s=96&d=mm&r=g","contentUrl":"https:\/\/secure.gravatar.com\/avatar\/99e38dea1727d397df18aced5ac6840012bb7f24c8570dcfafabb73086aed88c?s=96&d=mm&r=g","caption":"PuertoCdelU"},"url":"https:\/\/www.puertocdelu.com.ar\/index.php\/author\/hectordelos1\/"}]}},"_links":{"self":[{"href":"https:\/\/www.puertocdelu.com.ar\/index.php\/wp-json\/wp\/v2\/posts\/1739","targetHints":{"allow":["GET"]}}],"collection":[{"href":"https:\/\/www.puertocdelu.com.ar\/index.php\/wp-json\/wp\/v2\/posts"}],"about":[{"href":"https:\/\/www.puertocdelu.com.ar\/index.php\/wp-json\/wp\/v2\/types\/post"}],"author":[{"embeddable":true,"href":"https:\/\/www.puertocdelu.com.ar\/index.php\/wp-json\/wp\/v2\/users\/1"}],"replies":[{"embeddable":true,"href":"https:\/\/www.puertocdelu.com.ar\/index.php\/wp-json\/wp\/v2\/comments?post=1739"}],"version-history":[{"count":6,"href":"https:\/\/www.puertocdelu.com.ar\/index.php\/wp-json\/wp\/v2\/posts\/1739\/revisions"}],"predecessor-version":[{"id":1750,"href":"https:\/\/www.puertocdelu.com.ar\/index.php\/wp-json\/wp\/v2\/posts\/1739\/revisions\/1750"}],"wp:featuredmedia":[{"embeddable":true,"href":"https:\/\/www.puertocdelu.com.ar\/index.php\/wp-json\/wp\/v2\/media\/1743"}],"wp:attachment":[{"href":"https:\/\/www.puertocdelu.com.ar\/index.php\/wp-json\/wp\/v2\/media?parent=1739"}],"wp:term":[{"taxonomy":"category","embeddable":true,"href":"https:\/\/www.puertocdelu.com.ar\/index.php\/wp-json\/wp\/v2\/categories?post=1739"},{"taxonomy":"post_tag","embeddable":true,"href":"https:\/\/www.puertocdelu.com.ar\/index.php\/wp-json\/wp\/v2\/tags?post=1739"}],"curies":[{"name":"wp","href":"https:\/\/api.w.org\/{rel}","templated":true}]}}