{"id":1789,"date":"2019-04-03T22:37:50","date_gmt":"2019-04-03T22:37:50","guid":{"rendered":"http:\/\/www.puertocdelu.com.ar\/?p=1789"},"modified":"2019-04-04T09:43:18","modified_gmt":"2019-04-04T09:43:18","slug":"el-ts-bravo-completo-su-carga-y-se-aguarda-el-ingreso-del-nordic-stavanger","status":"publish","type":"post","link":"https:\/\/www.puertocdelu.com.ar\/index.php\/2019\/04\/03\/el-ts-bravo-completo-su-carga-y-se-aguarda-el-ingreso-del-nordic-stavanger\/","title":{"rendered":"El TS Bravo complet\u00f3 su carga y se aguarda el ingreso del Nordic Stavanger"},"content":{"rendered":"<p>Luego de tres jornadas de intensa actividad, el buque carguero \u201cTS Bravo\u201d, de bandera paname\u00f1a, finaliz\u00f3 la carga de troncos de madera de pino con destino a China desde el puerto de Concepci\u00f3n del Uruguay. El trabajo involucr\u00f3 a m\u00e1s de 500 viajes de camiones que transitaron de forma constante por la zona portuaria de La Hist\u00f3rica trasladando su carga desde las diferentes zonas destinadas al acopio, hasta los muelles 14, 15 y 16 bis de la terminal portuaria.<br \/>\nEste es el s\u00e9ptimo buque que se lleva este tipo de mercader\u00eda desde la provincia de Entre R\u00edos.<\/p>\n<h2>Arroz a Costa Rica<\/h2>\n<p>Para la siguiente semana se aguarda la llegada de un bulk carrier granelero para embarcar otras 20.000 toneladas, en este caso de arroz c\u00e1scara de productores y cooperativas entrerrianas que utilizan siempre el puerto de La Hist\u00f3rica como punto de salida para las exportaciones de este tipo de cereal.<br \/>\nEl carguero programado para este embarque es el \u201cNordic Stavanger\u201d, de 190 metros de eslora y bandera de Liberia.<br \/>\nEl destino de la carga ser\u00e1 Costa Rica, un destino distinto al que est\u00e1 acostumbrado el puerto uruguayenses pero que marca tambi\u00e9n la apertura de mercados que el arroz entrerriano viene desarrollando a lo largo del \u00faltimo tiempo.<br \/>\nFinalmente, para los \u00faltimos d\u00edas del mes de abril, llegar\u00e1 otro buque de cargas generales para un nuevo embarque de troncos de madera de pino para China.<\/p>\n","protected":false},"excerpt":{"rendered":"<p>Luego de tres jornadas de intensa actividad, el buque carguero \u201cTS Bravo\u201d, de bandera paname\u00f1a, finaliz\u00f3 la carga de troncos de madera de pino con destino a China desde el puerto de Concepci\u00f3n del Uruguay. El trabajo involucr\u00f3 a m\u00e1s de 500 viajes de camiones que transitaron de forma constante por la zona portuaria de [&hellip;]<\/p>\n","protected":false},"author":1,"featured_media":1790,"comment_status":"open","ping_status":"open","sticky":false,"template":"","format":"standard","meta":{"footnotes":""},"categories":[81],"tags":[],"class_list":{"0":"post-1789","1":"post","2":"type-post","3":"status-publish","4":"format-standard","5":"has-post-thumbnail","7":"category-noticias"},"yoast_head":"<!-- This site is optimized with the Yoast SEO plugin v27.4 - https:\/\/yoast.com\/product\/yoast-seo-wordpress\/ -->\n<title>El TS Bravo complet\u00f3 su carga y se aguarda el ingreso del Nordic Stavanger - Puerto de Concepci\u00f3n del Uruguay<\/title>\n<meta name=\"robots\" content=\"index, follow, max-snippet:-1, max-image-preview:large, max-video-preview:-1\" \/>\n<link rel=\"canonical\" href=\"https:\/\/www.puertocdelu.com.ar\/index.php\/2019\/04\/03\/el-ts-bravo-completo-su-carga-y-se-aguarda-el-ingreso-del-nordic-stavanger\/\" \/>\n<meta property=\"og:locale\" content=\"es_ES\" \/>\n<meta property=\"og:type\" content=\"article\" \/>\n<meta property=\"og:title\" content=\"El TS Bravo complet\u00f3 su carga y se aguarda el ingreso del Nordic Stavanger - Puerto de Concepci\u00f3n del Uruguay\" \/>\n<meta property=\"og:description\" content=\"Luego de tres jornadas de intensa actividad, el buque carguero \u201cTS Bravo\u201d, de bandera paname\u00f1a, finaliz\u00f3 la carga de troncos de madera de pino con destino a China desde el puerto de Concepci\u00f3n del Uruguay. El trabajo involucr\u00f3 a m\u00e1s de 500 viajes de camiones que transitaron de forma constante por la zona portuaria de [&hellip;]\" \/>\n<meta property=\"og:url\" content=\"https:\/\/www.puertocdelu.com.ar\/index.php\/2019\/04\/03\/el-ts-bravo-completo-su-carga-y-se-aguarda-el-ingreso-del-nordic-stavanger\/\" \/>\n<meta property=\"og:site_name\" content=\"Puerto de Concepci\u00f3n del Uruguay\" \/>\n<meta property=\"article:published_time\" content=\"2019-04-03T22:37:50+00:00\" \/>\n<meta property=\"article:modified_time\" content=\"2019-04-04T09:43:18+00:00\" \/>\n<meta property=\"og:image\" content=\"https:\/\/www.puertocdelu.com.ar\/wp-content\/uploads\/2019\/04\/buque05.jpg\" \/>\n\t<meta property=\"og:image:width\" content=\"3744\" \/>\n\t<meta property=\"og:image:height\" content=\"1808\" \/>\n\t<meta property=\"og:image:type\" content=\"image\/jpeg\" \/>\n<meta name=\"author\" content=\"PuertoCdelU\" \/>\n<meta name=\"twitter:card\" content=\"summary_large_image\" \/>\n<meta name=\"twitter:label1\" content=\"Escrito por\" \/>\n\t<meta name=\"twitter:data1\" content=\"PuertoCdelU\" \/>\n\t<meta name=\"twitter:label2\" content=\"Tiempo de lectura\" \/>\n\t<meta name=\"twitter:data2\" content=\"1 minuto\" \/>\n<script type=\"application\/ld+json\" class=\"yoast-schema-graph\">{\"@context\":\"https:\\\/\\\/schema.org\",\"@graph\":[{\"@type\":\"Article\",\"@id\":\"https:\\\/\\\/www.puertocdelu.com.ar\\\/index.php\\\/2019\\\/04\\\/03\\\/el-ts-bravo-completo-su-carga-y-se-aguarda-el-ingreso-del-nordic-stavanger\\\/#article\",\"isPartOf\":{\"@id\":\"https:\\\/\\\/www.puertocdelu.com.ar\\\/index.php\\\/2019\\\/04\\\/03\\\/el-ts-bravo-completo-su-carga-y-se-aguarda-el-ingreso-del-nordic-stavanger\\\/\"},\"author\":{\"name\":\"PuertoCdelU\",\"@id\":\"https:\\\/\\\/www.puertocdelu.com.ar\\\/#\\\/schema\\\/person\\\/9d258b923b29bd5f47ca80d9c8cd72d1\"},\"headline\":\"El TS Bravo complet\u00f3 su carga y se aguarda el ingreso del Nordic Stavanger\",\"datePublished\":\"2019-04-03T22:37:50+00:00\",\"dateModified\":\"2019-04-04T09:43:18+00:00\",\"mainEntityOfPage\":{\"@id\":\"https:\\\/\\\/www.puertocdelu.com.ar\\\/index.php\\\/2019\\\/04\\\/03\\\/el-ts-bravo-completo-su-carga-y-se-aguarda-el-ingreso-del-nordic-stavanger\\\/\"},\"wordCount\":253,\"commentCount\":0,\"image\":{\"@id\":\"https:\\\/\\\/www.puertocdelu.com.ar\\\/index.php\\\/2019\\\/04\\\/03\\\/el-ts-bravo-completo-su-carga-y-se-aguarda-el-ingreso-del-nordic-stavanger\\\/#primaryimage\"},\"thumbnailUrl\":\"https:\\\/\\\/www.puertocdelu.com.ar\\\/wp-content\\\/uploads\\\/2019\\\/04\\\/buque05.jpg\",\"articleSection\":[\"Noticias\"],\"inLanguage\":\"es\",\"potentialAction\":[{\"@type\":\"CommentAction\",\"name\":\"Comment\",\"target\":[\"https:\\\/\\\/www.puertocdelu.com.ar\\\/index.php\\\/2019\\\/04\\\/03\\\/el-ts-bravo-completo-su-carga-y-se-aguarda-el-ingreso-del-nordic-stavanger\\\/#respond\"]}]},{\"@type\":\"WebPage\",\"@id\":\"https:\\\/\\\/www.puertocdelu.com.ar\\\/index.php\\\/2019\\\/04\\\/03\\\/el-ts-bravo-completo-su-carga-y-se-aguarda-el-ingreso-del-nordic-stavanger\\\/\",\"url\":\"https:\\\/\\\/www.puertocdelu.com.ar\\\/index.php\\\/2019\\\/04\\\/03\\\/el-ts-bravo-completo-su-carga-y-se-aguarda-el-ingreso-del-nordic-stavanger\\\/\",\"name\":\"El TS Bravo complet\u00f3 su carga y se aguarda el ingreso del Nordic Stavanger - Puerto de Concepci\u00f3n del Uruguay\",\"isPartOf\":{\"@id\":\"https:\\\/\\\/www.puertocdelu.com.ar\\\/#website\"},\"primaryImageOfPage\":{\"@id\":\"https:\\\/\\\/www.puertocdelu.com.ar\\\/index.php\\\/2019\\\/04\\\/03\\\/el-ts-bravo-completo-su-carga-y-se-aguarda-el-ingreso-del-nordic-stavanger\\\/#primaryimage\"},\"image\":{\"@id\":\"https:\\\/\\\/www.puertocdelu.com.ar\\\/index.php\\\/2019\\\/04\\\/03\\\/el-ts-bravo-completo-su-carga-y-se-aguarda-el-ingreso-del-nordic-stavanger\\\/#primaryimage\"},\"thumbnailUrl\":\"https:\\\/\\\/www.puertocdelu.com.ar\\\/wp-content\\\/uploads\\\/2019\\\/04\\\/buque05.jpg\",\"datePublished\":\"2019-04-03T22:37:50+00:00\",\"dateModified\":\"2019-04-04T09:43:18+00:00\",\"author\":{\"@id\":\"https:\\\/\\\/www.puertocdelu.com.ar\\\/#\\\/schema\\\/person\\\/9d258b923b29bd5f47ca80d9c8cd72d1\"},\"breadcrumb\":{\"@id\":\"https:\\\/\\\/www.puertocdelu.com.ar\\\/index.php\\\/2019\\\/04\\\/03\\\/el-ts-bravo-completo-su-carga-y-se-aguarda-el-ingreso-del-nordic-stavanger\\\/#breadcrumb\"},\"inLanguage\":\"es\",\"potentialAction\":[{\"@type\":\"ReadAction\",\"target\":[\"https:\\\/\\\/www.puertocdelu.com.ar\\\/index.php\\\/2019\\\/04\\\/03\\\/el-ts-bravo-completo-su-carga-y-se-aguarda-el-ingreso-del-nordic-stavanger\\\/\"]}]},{\"@type\":\"ImageObject\",\"inLanguage\":\"es\",\"@id\":\"https:\\\/\\\/www.puertocdelu.com.ar\\\/index.php\\\/2019\\\/04\\\/03\\\/el-ts-bravo-completo-su-carga-y-se-aguarda-el-ingreso-del-nordic-stavanger\\\/#primaryimage\",\"url\":\"https:\\\/\\\/www.puertocdelu.com.ar\\\/wp-content\\\/uploads\\\/2019\\\/04\\\/buque05.jpg\",\"contentUrl\":\"https:\\\/\\\/www.puertocdelu.com.ar\\\/wp-content\\\/uploads\\\/2019\\\/04\\\/buque05.jpg\",\"width\":3744,\"height\":1808},{\"@type\":\"BreadcrumbList\",\"@id\":\"https:\\\/\\\/www.puertocdelu.com.ar\\\/index.php\\\/2019\\\/04\\\/03\\\/el-ts-bravo-completo-su-carga-y-se-aguarda-el-ingreso-del-nordic-stavanger\\\/#breadcrumb\",\"itemListElement\":[{\"@type\":\"ListItem\",\"position\":1,\"name\":\"Portada\",\"item\":\"https:\\\/\\\/www.puertocdelu.com.ar\\\/\"},{\"@type\":\"ListItem\",\"position\":2,\"name\":\"El TS Bravo complet\u00f3 su carga y se aguarda el ingreso del Nordic Stavanger\"}]},{\"@type\":\"WebSite\",\"@id\":\"https:\\\/\\\/www.puertocdelu.com.ar\\\/#website\",\"url\":\"https:\\\/\\\/www.puertocdelu.com.ar\\\/\",\"name\":\"Puerto de Concepci\u00f3n del Uruguay\",\"description\":\"\",\"potentialAction\":[{\"@type\":\"SearchAction\",\"target\":{\"@type\":\"EntryPoint\",\"urlTemplate\":\"https:\\\/\\\/www.puertocdelu.com.ar\\\/?s={search_term_string}\"},\"query-input\":{\"@type\":\"PropertyValueSpecification\",\"valueRequired\":true,\"valueName\":\"search_term_string\"}}],\"inLanguage\":\"es\"},{\"@type\":\"Person\",\"@id\":\"https:\\\/\\\/www.puertocdelu.com.ar\\\/#\\\/schema\\\/person\\\/9d258b923b29bd5f47ca80d9c8cd72d1\",\"name\":\"PuertoCdelU\",\"image\":{\"@type\":\"ImageObject\",\"inLanguage\":\"es\",\"@id\":\"https:\\\/\\\/secure.gravatar.com\\\/avatar\\\/99e38dea1727d397df18aced5ac6840012bb7f24c8570dcfafabb73086aed88c?s=96&d=mm&r=g\",\"url\":\"https:\\\/\\\/secure.gravatar.com\\\/avatar\\\/99e38dea1727d397df18aced5ac6840012bb7f24c8570dcfafabb73086aed88c?s=96&d=mm&r=g\",\"contentUrl\":\"https:\\\/\\\/secure.gravatar.com\\\/avatar\\\/99e38dea1727d397df18aced5ac6840012bb7f24c8570dcfafabb73086aed88c?s=96&d=mm&r=g\",\"caption\":\"PuertoCdelU\"},\"url\":\"https:\\\/\\\/www.puertocdelu.com.ar\\\/index.php\\\/author\\\/hectordelos1\\\/\"}]}<\/script>\n<!-- \/ Yoast SEO plugin. -->","yoast_head_json":{"title":"El TS Bravo complet\u00f3 su carga y se aguarda el ingreso del Nordic Stavanger - Puerto de Concepci\u00f3n del Uruguay","robots":{"index":"index","follow":"follow","max-snippet":"max-snippet:-1","max-image-preview":"max-image-preview:large","max-video-preview":"max-video-preview:-1"},"canonical":"https:\/\/www.puertocdelu.com.ar\/index.php\/2019\/04\/03\/el-ts-bravo-completo-su-carga-y-se-aguarda-el-ingreso-del-nordic-stavanger\/","og_locale":"es_ES","og_type":"article","og_title":"El TS Bravo complet\u00f3 su carga y se aguarda el ingreso del Nordic Stavanger - Puerto de Concepci\u00f3n del Uruguay","og_description":"Luego de tres jornadas de intensa actividad, el buque carguero \u201cTS Bravo\u201d, de bandera paname\u00f1a, finaliz\u00f3 la carga de troncos de madera de pino con destino a China desde el puerto de Concepci\u00f3n del Uruguay. El trabajo involucr\u00f3 a m\u00e1s de 500 viajes de camiones que transitaron de forma constante por la zona portuaria de [&hellip;]","og_url":"https:\/\/www.puertocdelu.com.ar\/index.php\/2019\/04\/03\/el-ts-bravo-completo-su-carga-y-se-aguarda-el-ingreso-del-nordic-stavanger\/","og_site_name":"Puerto de Concepci\u00f3n del Uruguay","article_published_time":"2019-04-03T22:37:50+00:00","article_modified_time":"2019-04-04T09:43:18+00:00","og_image":[{"width":3744,"height":1808,"url":"https:\/\/www.puertocdelu.com.ar\/wp-content\/uploads\/2019\/04\/buque05.jpg","type":"image\/jpeg"}],"author":"PuertoCdelU","twitter_card":"summary_large_image","twitter_misc":{"Escrito por":"PuertoCdelU","Tiempo de lectura":"1 minuto"},"schema":{"@context":"https:\/\/schema.org","@graph":[{"@type":"Article","@id":"https:\/\/www.puertocdelu.com.ar\/index.php\/2019\/04\/03\/el-ts-bravo-completo-su-carga-y-se-aguarda-el-ingreso-del-nordic-stavanger\/#article","isPartOf":{"@id":"https:\/\/www.puertocdelu.com.ar\/index.php\/2019\/04\/03\/el-ts-bravo-completo-su-carga-y-se-aguarda-el-ingreso-del-nordic-stavanger\/"},"author":{"name":"PuertoCdelU","@id":"https:\/\/www.puertocdelu.com.ar\/#\/schema\/person\/9d258b923b29bd5f47ca80d9c8cd72d1"},"headline":"El TS Bravo complet\u00f3 su carga y se aguarda el ingreso del Nordic Stavanger","datePublished":"2019-04-03T22:37:50+00:00","dateModified":"2019-04-04T09:43:18+00:00","mainEntityOfPage":{"@id":"https:\/\/www.puertocdelu.com.ar\/index.php\/2019\/04\/03\/el-ts-bravo-completo-su-carga-y-se-aguarda-el-ingreso-del-nordic-stavanger\/"},"wordCount":253,"commentCount":0,"image":{"@id":"https:\/\/www.puertocdelu.com.ar\/index.php\/2019\/04\/03\/el-ts-bravo-completo-su-carga-y-se-aguarda-el-ingreso-del-nordic-stavanger\/#primaryimage"},"thumbnailUrl":"https:\/\/www.puertocdelu.com.ar\/wp-content\/uploads\/2019\/04\/buque05.jpg","articleSection":["Noticias"],"inLanguage":"es","potentialAction":[{"@type":"CommentAction","name":"Comment","target":["https:\/\/www.puertocdelu.com.ar\/index.php\/2019\/04\/03\/el-ts-bravo-completo-su-carga-y-se-aguarda-el-ingreso-del-nordic-stavanger\/#respond"]}]},{"@type":"WebPage","@id":"https:\/\/www.puertocdelu.com.ar\/index.php\/2019\/04\/03\/el-ts-bravo-completo-su-carga-y-se-aguarda-el-ingreso-del-nordic-stavanger\/","url":"https:\/\/www.puertocdelu.com.ar\/index.php\/2019\/04\/03\/el-ts-bravo-completo-su-carga-y-se-aguarda-el-ingreso-del-nordic-stavanger\/","name":"El TS Bravo complet\u00f3 su carga y se aguarda el ingreso del Nordic Stavanger - Puerto de Concepci\u00f3n del Uruguay","isPartOf":{"@id":"https:\/\/www.puertocdelu.com.ar\/#website"},"primaryImageOfPage":{"@id":"https:\/\/www.puertocdelu.com.ar\/index.php\/2019\/04\/03\/el-ts-bravo-completo-su-carga-y-se-aguarda-el-ingreso-del-nordic-stavanger\/#primaryimage"},"image":{"@id":"https:\/\/www.puertocdelu.com.ar\/index.php\/2019\/04\/03\/el-ts-bravo-completo-su-carga-y-se-aguarda-el-ingreso-del-nordic-stavanger\/#primaryimage"},"thumbnailUrl":"https:\/\/www.puertocdelu.com.ar\/wp-content\/uploads\/2019\/04\/buque05.jpg","datePublished":"2019-04-03T22:37:50+00:00","dateModified":"2019-04-04T09:43:18+00:00","author":{"@id":"https:\/\/www.puertocdelu.com.ar\/#\/schema\/person\/9d258b923b29bd5f47ca80d9c8cd72d1"},"breadcrumb":{"@id":"https:\/\/www.puertocdelu.com.ar\/index.php\/2019\/04\/03\/el-ts-bravo-completo-su-carga-y-se-aguarda-el-ingreso-del-nordic-stavanger\/#breadcrumb"},"inLanguage":"es","potentialAction":[{"@type":"ReadAction","target":["https:\/\/www.puertocdelu.com.ar\/index.php\/2019\/04\/03\/el-ts-bravo-completo-su-carga-y-se-aguarda-el-ingreso-del-nordic-stavanger\/"]}]},{"@type":"ImageObject","inLanguage":"es","@id":"https:\/\/www.puertocdelu.com.ar\/index.php\/2019\/04\/03\/el-ts-bravo-completo-su-carga-y-se-aguarda-el-ingreso-del-nordic-stavanger\/#primaryimage","url":"https:\/\/www.puertocdelu.com.ar\/wp-content\/uploads\/2019\/04\/buque05.jpg","contentUrl":"https:\/\/www.puertocdelu.com.ar\/wp-content\/uploads\/2019\/04\/buque05.jpg","width":3744,"height":1808},{"@type":"BreadcrumbList","@id":"https:\/\/www.puertocdelu.com.ar\/index.php\/2019\/04\/03\/el-ts-bravo-completo-su-carga-y-se-aguarda-el-ingreso-del-nordic-stavanger\/#breadcrumb","itemListElement":[{"@type":"ListItem","position":1,"name":"Portada","item":"https:\/\/www.puertocdelu.com.ar\/"},{"@type":"ListItem","position":2,"name":"El TS Bravo complet\u00f3 su carga y se aguarda el ingreso del Nordic Stavanger"}]},{"@type":"WebSite","@id":"https:\/\/www.puertocdelu.com.ar\/#website","url":"https:\/\/www.puertocdelu.com.ar\/","name":"Puerto de Concepci\u00f3n del Uruguay","description":"","potentialAction":[{"@type":"SearchAction","target":{"@type":"EntryPoint","urlTemplate":"https:\/\/www.puertocdelu.com.ar\/?s={search_term_string}"},"query-input":{"@type":"PropertyValueSpecification","valueRequired":true,"valueName":"search_term_string"}}],"inLanguage":"es"},{"@type":"Person","@id":"https:\/\/www.puertocdelu.com.ar\/#\/schema\/person\/9d258b923b29bd5f47ca80d9c8cd72d1","name":"PuertoCdelU","image":{"@type":"ImageObject","inLanguage":"es","@id":"https:\/\/secure.gravatar.com\/avatar\/99e38dea1727d397df18aced5ac6840012bb7f24c8570dcfafabb73086aed88c?s=96&d=mm&r=g","url":"https:\/\/secure.gravatar.com\/avatar\/99e38dea1727d397df18aced5ac6840012bb7f24c8570dcfafabb73086aed88c?s=96&d=mm&r=g","contentUrl":"https:\/\/secure.gravatar.com\/avatar\/99e38dea1727d397df18aced5ac6840012bb7f24c8570dcfafabb73086aed88c?s=96&d=mm&r=g","caption":"PuertoCdelU"},"url":"https:\/\/www.puertocdelu.com.ar\/index.php\/author\/hectordelos1\/"}]}},"_links":{"self":[{"href":"https:\/\/www.puertocdelu.com.ar\/index.php\/wp-json\/wp\/v2\/posts\/1789","targetHints":{"allow":["GET"]}}],"collection":[{"href":"https:\/\/www.puertocdelu.com.ar\/index.php\/wp-json\/wp\/v2\/posts"}],"about":[{"href":"https:\/\/www.puertocdelu.com.ar\/index.php\/wp-json\/wp\/v2\/types\/post"}],"author":[{"embeddable":true,"href":"https:\/\/www.puertocdelu.com.ar\/index.php\/wp-json\/wp\/v2\/users\/1"}],"replies":[{"embeddable":true,"href":"https:\/\/www.puertocdelu.com.ar\/index.php\/wp-json\/wp\/v2\/comments?post=1789"}],"version-history":[{"count":5,"href":"https:\/\/www.puertocdelu.com.ar\/index.php\/wp-json\/wp\/v2\/posts\/1789\/revisions"}],"predecessor-version":[{"id":1795,"href":"https:\/\/www.puertocdelu.com.ar\/index.php\/wp-json\/wp\/v2\/posts\/1789\/revisions\/1795"}],"wp:featuredmedia":[{"embeddable":true,"href":"https:\/\/www.puertocdelu.com.ar\/index.php\/wp-json\/wp\/v2\/media\/1790"}],"wp:attachment":[{"href":"https:\/\/www.puertocdelu.com.ar\/index.php\/wp-json\/wp\/v2\/media?parent=1789"}],"wp:term":[{"taxonomy":"category","embeddable":true,"href":"https:\/\/www.puertocdelu.com.ar\/index.php\/wp-json\/wp\/v2\/categories?post=1789"},{"taxonomy":"post_tag","embeddable":true,"href":"https:\/\/www.puertocdelu.com.ar\/index.php\/wp-json\/wp\/v2\/tags?post=1789"}],"curies":[{"name":"wp","href":"https:\/\/api.w.org\/{rel}","templated":true}]}}