{"id":1837,"date":"2019-06-25T14:37:13","date_gmt":"2019-06-25T14:37:13","guid":{"rendered":"http:\/\/www.puertocdelu.com.ar\/?p=1837"},"modified":"2019-06-25T14:37:13","modified_gmt":"2019-06-25T14:37:13","slug":"un-informe-destaca-el-crecimiento-de-entre-rios-en-las-exportaciones-nacionales","status":"publish","type":"post","link":"https:\/\/www.puertocdelu.com.ar\/index.php\/2019\/06\/25\/un-informe-destaca-el-crecimiento-de-entre-rios-en-las-exportaciones-nacionales\/","title":{"rendered":"Un informe destaca el crecimiento de Entre R\u00edos en las exportaciones nacionales"},"content":{"rendered":"<p>Un informe elaborado por el Centro de Estudio de Desarrollo Macroecon\u00f3mico (Cedma) destaca el crecimiento de los productos entrerrianos en las exportaciones de todo el pa\u00eds durante los \u00faltimos a\u00f1os. Tambi\u00e9n valora el aumento de las exportaciones industriales de la provincia.<\/p>\n<p>El informe elaborado por el Cedma compara el aporte de todas las provincias a la balanza comercial del pa\u00eds. En ese marco destaca que Entre R\u00edos increment\u00f3 su participaci\u00f3n en el total nacional. De esa manera, las manufacturas de origen agr\u00edcola (MOA) entrerrianas se ubican en el orden del 19,3 por ciento, mientras que la media nacional es del 1,4 por ciento en 2018. Asimismo, las manufacturas de origen industrial (MOI) aumentaron hasta alcanzar 12 por ciento en el \u00faltimo a\u00f1o.<\/p>\n<p>Por otra parte, \u00abla matriz productiva de nuestra provincia promete extrapolarse de la exclusividad de la producci\u00f3n primaria, para avanzar en segmentos con mayor tecnolog\u00eda e innovaci\u00f3n dentro de la cadena productiva e introducirse en mercados de mayor valor agregado y rentabilidad\u00bb, expresa el informe elaborado por el centro de estudios.<\/p>\n<p>En ese marco, el Cedma sostiene que Entre R\u00edos \u00abse presenta como un actor fundamental en la producci\u00f3n y comercializaci\u00f3n de bienes primarios exportables\u00bb y que \u00absiendo una de las provincias con menor amplitud territorial, en 2018 se ha posicionado como el tercer exportador de carnes del pa\u00eds, as\u00ed como el quinto exportador de cereales\u00bb.<\/p>\n<p>\u00abEsto lo ubica dentro de las ocho provincias que mayor participaci\u00f3n tienen en los ingresos del pa\u00eds provenientes de la comercializaci\u00f3n de productos en el exterior\u00bb, subraya el documento, y agrega: En materia de comercio internacional, la Regi\u00f3n Centro &#8211; Santa Fe, C\u00f3rdoba y Entre R\u00edos \u2013 es el n\u00facleo productivo m\u00e1s importante del Pa\u00eds, excluyendo la Provincia de Buenos Aires. Esta regi\u00f3n aporta el 42 por ciento de las exportaciones del pa\u00eds, y el 21 por ciento del Producto Bruto Interno\u00bb.<\/p>\n<p>\u00abPor otra parte, el posicionamiento de Entre R\u00edos en las exportaciones del rubro manufacturero ha sido preponderante. Adem\u00e1s, de percibir un crecimiento constante a\u00f1o a a\u00f1o en las exportaciones de ambos rubros (MOI y MOA), en determinados per\u00edodos, la provincia alcanz\u00f3 niveles de ingreso por exportaci\u00f3n muy superior a los porcentajes registrados por el total del pa\u00eds\u00bb, se\u00f1ala el informe.<\/p>\n<p>\u00abAs\u00ed, por ejemplo, en 2018 se increment\u00f3 casi un 20 por ciento sus ingresos por exportaci\u00f3n de MOA y en 2016 aproximadamente un 15 por ciento en MOI\u00bb, contin\u00faa el documento, e indica que \u00abal observar el estado de situaci\u00f3n en 2018 con respecto a 2015, los incrementos porcentuales en ingresos por exportaci\u00f3n en MOA y MOI han sido sustantivos. En tres a\u00f1os las manufacturas de origen agr\u00edcola generaron 30 mil millones de d\u00f3lares m\u00e1s (aproximadamente un 7 por ciento en alza, mientras que a nivel nacional los ingresos disminuyeron casi un 2 por ciento). En cuanto a las manufacturas de origen industrial los incrementos desde 2015 se elevaron en 13 mil millones de d\u00f3lares (lo que significa un incremento de ingresos por m\u00e1s del 12 por ciento).<\/p>\n","protected":false},"excerpt":{"rendered":"<p>Un informe elaborado por el Centro de Estudio de Desarrollo Macroecon\u00f3mico (Cedma) destaca el crecimiento de los productos entrerrianos en las exportaciones de todo el pa\u00eds durante los \u00faltimos a\u00f1os. Tambi\u00e9n valora el aumento de las exportaciones industriales de la provincia. El informe elaborado por el Cedma compara el aporte de todas las provincias a [&hellip;]<\/p>\n","protected":false},"author":1,"featured_media":1838,"comment_status":"open","ping_status":"open","sticky":false,"template":"","format":"standard","meta":{"footnotes":""},"categories":[81],"tags":[],"class_list":{"0":"post-1837","1":"post","2":"type-post","3":"status-publish","4":"format-standard","5":"has-post-thumbnail","7":"category-noticias"},"yoast_head":"<!-- This site is optimized with the Yoast SEO plugin v27.4 - https:\/\/yoast.com\/product\/yoast-seo-wordpress\/ -->\n<title>Un informe destaca el crecimiento de Entre R\u00edos en las exportaciones nacionales - Puerto de Concepci\u00f3n del Uruguay<\/title>\n<meta name=\"robots\" content=\"index, follow, max-snippet:-1, max-image-preview:large, max-video-preview:-1\" \/>\n<link rel=\"canonical\" href=\"https:\/\/www.puertocdelu.com.ar\/index.php\/2019\/06\/25\/un-informe-destaca-el-crecimiento-de-entre-rios-en-las-exportaciones-nacionales\/\" \/>\n<meta property=\"og:locale\" content=\"es_ES\" \/>\n<meta property=\"og:type\" content=\"article\" \/>\n<meta property=\"og:title\" content=\"Un informe destaca el crecimiento de Entre R\u00edos en las exportaciones nacionales - Puerto de Concepci\u00f3n del Uruguay\" \/>\n<meta property=\"og:description\" content=\"Un informe elaborado por el Centro de Estudio de Desarrollo Macroecon\u00f3mico (Cedma) destaca el crecimiento de los productos entrerrianos en las exportaciones de todo el pa\u00eds durante los \u00faltimos a\u00f1os. Tambi\u00e9n valora el aumento de las exportaciones industriales de la provincia. El informe elaborado por el Cedma compara el aporte de todas las provincias a [&hellip;]\" \/>\n<meta property=\"og:url\" content=\"https:\/\/www.puertocdelu.com.ar\/index.php\/2019\/06\/25\/un-informe-destaca-el-crecimiento-de-entre-rios-en-las-exportaciones-nacionales\/\" \/>\n<meta property=\"og:site_name\" content=\"Puerto de Concepci\u00f3n del Uruguay\" \/>\n<meta property=\"article:published_time\" content=\"2019-06-25T14:37:13+00:00\" \/>\n<meta property=\"og:image\" content=\"https:\/\/www.puertocdelu.com.ar\/wp-content\/uploads\/2019\/06\/x_1561299110.jpg\" \/>\n\t<meta property=\"og:image:width\" content=\"1920\" \/>\n\t<meta property=\"og:image:height\" content=\"1280\" \/>\n\t<meta property=\"og:image:type\" content=\"image\/jpeg\" \/>\n<meta name=\"author\" content=\"PuertoCdelU\" \/>\n<meta name=\"twitter:card\" content=\"summary_large_image\" \/>\n<meta name=\"twitter:label1\" content=\"Escrito por\" \/>\n\t<meta name=\"twitter:data1\" content=\"PuertoCdelU\" \/>\n\t<meta name=\"twitter:label2\" content=\"Tiempo de lectura\" \/>\n\t<meta name=\"twitter:data2\" content=\"3 minutos\" \/>\n<script type=\"application\/ld+json\" class=\"yoast-schema-graph\">{\"@context\":\"https:\\\/\\\/schema.org\",\"@graph\":[{\"@type\":\"Article\",\"@id\":\"https:\\\/\\\/www.puertocdelu.com.ar\\\/index.php\\\/2019\\\/06\\\/25\\\/un-informe-destaca-el-crecimiento-de-entre-rios-en-las-exportaciones-nacionales\\\/#article\",\"isPartOf\":{\"@id\":\"https:\\\/\\\/www.puertocdelu.com.ar\\\/index.php\\\/2019\\\/06\\\/25\\\/un-informe-destaca-el-crecimiento-de-entre-rios-en-las-exportaciones-nacionales\\\/\"},\"author\":{\"name\":\"PuertoCdelU\",\"@id\":\"https:\\\/\\\/www.puertocdelu.com.ar\\\/#\\\/schema\\\/person\\\/9d258b923b29bd5f47ca80d9c8cd72d1\"},\"headline\":\"Un informe destaca el crecimiento de Entre R\u00edos en las exportaciones nacionales\",\"datePublished\":\"2019-06-25T14:37:13+00:00\",\"mainEntityOfPage\":{\"@id\":\"https:\\\/\\\/www.puertocdelu.com.ar\\\/index.php\\\/2019\\\/06\\\/25\\\/un-informe-destaca-el-crecimiento-de-entre-rios-en-las-exportaciones-nacionales\\\/\"},\"wordCount\":536,\"commentCount\":0,\"image\":{\"@id\":\"https:\\\/\\\/www.puertocdelu.com.ar\\\/index.php\\\/2019\\\/06\\\/25\\\/un-informe-destaca-el-crecimiento-de-entre-rios-en-las-exportaciones-nacionales\\\/#primaryimage\"},\"thumbnailUrl\":\"https:\\\/\\\/www.puertocdelu.com.ar\\\/wp-content\\\/uploads\\\/2019\\\/06\\\/x_1561299110.jpg\",\"articleSection\":[\"Noticias\"],\"inLanguage\":\"es\",\"potentialAction\":[{\"@type\":\"CommentAction\",\"name\":\"Comment\",\"target\":[\"https:\\\/\\\/www.puertocdelu.com.ar\\\/index.php\\\/2019\\\/06\\\/25\\\/un-informe-destaca-el-crecimiento-de-entre-rios-en-las-exportaciones-nacionales\\\/#respond\"]}]},{\"@type\":\"WebPage\",\"@id\":\"https:\\\/\\\/www.puertocdelu.com.ar\\\/index.php\\\/2019\\\/06\\\/25\\\/un-informe-destaca-el-crecimiento-de-entre-rios-en-las-exportaciones-nacionales\\\/\",\"url\":\"https:\\\/\\\/www.puertocdelu.com.ar\\\/index.php\\\/2019\\\/06\\\/25\\\/un-informe-destaca-el-crecimiento-de-entre-rios-en-las-exportaciones-nacionales\\\/\",\"name\":\"Un informe destaca el crecimiento de Entre R\u00edos en las exportaciones nacionales - Puerto de Concepci\u00f3n del Uruguay\",\"isPartOf\":{\"@id\":\"https:\\\/\\\/www.puertocdelu.com.ar\\\/#website\"},\"primaryImageOfPage\":{\"@id\":\"https:\\\/\\\/www.puertocdelu.com.ar\\\/index.php\\\/2019\\\/06\\\/25\\\/un-informe-destaca-el-crecimiento-de-entre-rios-en-las-exportaciones-nacionales\\\/#primaryimage\"},\"image\":{\"@id\":\"https:\\\/\\\/www.puertocdelu.com.ar\\\/index.php\\\/2019\\\/06\\\/25\\\/un-informe-destaca-el-crecimiento-de-entre-rios-en-las-exportaciones-nacionales\\\/#primaryimage\"},\"thumbnailUrl\":\"https:\\\/\\\/www.puertocdelu.com.ar\\\/wp-content\\\/uploads\\\/2019\\\/06\\\/x_1561299110.jpg\",\"datePublished\":\"2019-06-25T14:37:13+00:00\",\"author\":{\"@id\":\"https:\\\/\\\/www.puertocdelu.com.ar\\\/#\\\/schema\\\/person\\\/9d258b923b29bd5f47ca80d9c8cd72d1\"},\"breadcrumb\":{\"@id\":\"https:\\\/\\\/www.puertocdelu.com.ar\\\/index.php\\\/2019\\\/06\\\/25\\\/un-informe-destaca-el-crecimiento-de-entre-rios-en-las-exportaciones-nacionales\\\/#breadcrumb\"},\"inLanguage\":\"es\",\"potentialAction\":[{\"@type\":\"ReadAction\",\"target\":[\"https:\\\/\\\/www.puertocdelu.com.ar\\\/index.php\\\/2019\\\/06\\\/25\\\/un-informe-destaca-el-crecimiento-de-entre-rios-en-las-exportaciones-nacionales\\\/\"]}]},{\"@type\":\"ImageObject\",\"inLanguage\":\"es\",\"@id\":\"https:\\\/\\\/www.puertocdelu.com.ar\\\/index.php\\\/2019\\\/06\\\/25\\\/un-informe-destaca-el-crecimiento-de-entre-rios-en-las-exportaciones-nacionales\\\/#primaryimage\",\"url\":\"https:\\\/\\\/www.puertocdelu.com.ar\\\/wp-content\\\/uploads\\\/2019\\\/06\\\/x_1561299110.jpg\",\"contentUrl\":\"https:\\\/\\\/www.puertocdelu.com.ar\\\/wp-content\\\/uploads\\\/2019\\\/06\\\/x_1561299110.jpg\",\"width\":1920,\"height\":1280},{\"@type\":\"BreadcrumbList\",\"@id\":\"https:\\\/\\\/www.puertocdelu.com.ar\\\/index.php\\\/2019\\\/06\\\/25\\\/un-informe-destaca-el-crecimiento-de-entre-rios-en-las-exportaciones-nacionales\\\/#breadcrumb\",\"itemListElement\":[{\"@type\":\"ListItem\",\"position\":1,\"name\":\"Portada\",\"item\":\"https:\\\/\\\/www.puertocdelu.com.ar\\\/\"},{\"@type\":\"ListItem\",\"position\":2,\"name\":\"Un informe destaca el crecimiento de Entre R\u00edos en las exportaciones nacionales\"}]},{\"@type\":\"WebSite\",\"@id\":\"https:\\\/\\\/www.puertocdelu.com.ar\\\/#website\",\"url\":\"https:\\\/\\\/www.puertocdelu.com.ar\\\/\",\"name\":\"Puerto de Concepci\u00f3n del Uruguay\",\"description\":\"\",\"potentialAction\":[{\"@type\":\"SearchAction\",\"target\":{\"@type\":\"EntryPoint\",\"urlTemplate\":\"https:\\\/\\\/www.puertocdelu.com.ar\\\/?s={search_term_string}\"},\"query-input\":{\"@type\":\"PropertyValueSpecification\",\"valueRequired\":true,\"valueName\":\"search_term_string\"}}],\"inLanguage\":\"es\"},{\"@type\":\"Person\",\"@id\":\"https:\\\/\\\/www.puertocdelu.com.ar\\\/#\\\/schema\\\/person\\\/9d258b923b29bd5f47ca80d9c8cd72d1\",\"name\":\"PuertoCdelU\",\"image\":{\"@type\":\"ImageObject\",\"inLanguage\":\"es\",\"@id\":\"https:\\\/\\\/secure.gravatar.com\\\/avatar\\\/99e38dea1727d397df18aced5ac6840012bb7f24c8570dcfafabb73086aed88c?s=96&d=mm&r=g\",\"url\":\"https:\\\/\\\/secure.gravatar.com\\\/avatar\\\/99e38dea1727d397df18aced5ac6840012bb7f24c8570dcfafabb73086aed88c?s=96&d=mm&r=g\",\"contentUrl\":\"https:\\\/\\\/secure.gravatar.com\\\/avatar\\\/99e38dea1727d397df18aced5ac6840012bb7f24c8570dcfafabb73086aed88c?s=96&d=mm&r=g\",\"caption\":\"PuertoCdelU\"},\"url\":\"https:\\\/\\\/www.puertocdelu.com.ar\\\/index.php\\\/author\\\/hectordelos1\\\/\"}]}<\/script>\n<!-- \/ Yoast SEO plugin. -->","yoast_head_json":{"title":"Un informe destaca el crecimiento de Entre R\u00edos en las exportaciones nacionales - Puerto de Concepci\u00f3n del Uruguay","robots":{"index":"index","follow":"follow","max-snippet":"max-snippet:-1","max-image-preview":"max-image-preview:large","max-video-preview":"max-video-preview:-1"},"canonical":"https:\/\/www.puertocdelu.com.ar\/index.php\/2019\/06\/25\/un-informe-destaca-el-crecimiento-de-entre-rios-en-las-exportaciones-nacionales\/","og_locale":"es_ES","og_type":"article","og_title":"Un informe destaca el crecimiento de Entre R\u00edos en las exportaciones nacionales - Puerto de Concepci\u00f3n del Uruguay","og_description":"Un informe elaborado por el Centro de Estudio de Desarrollo Macroecon\u00f3mico (Cedma) destaca el crecimiento de los productos entrerrianos en las exportaciones de todo el pa\u00eds durante los \u00faltimos a\u00f1os. Tambi\u00e9n valora el aumento de las exportaciones industriales de la provincia. El informe elaborado por el Cedma compara el aporte de todas las provincias a [&hellip;]","og_url":"https:\/\/www.puertocdelu.com.ar\/index.php\/2019\/06\/25\/un-informe-destaca-el-crecimiento-de-entre-rios-en-las-exportaciones-nacionales\/","og_site_name":"Puerto de Concepci\u00f3n del Uruguay","article_published_time":"2019-06-25T14:37:13+00:00","og_image":[{"width":1920,"height":1280,"url":"https:\/\/www.puertocdelu.com.ar\/wp-content\/uploads\/2019\/06\/x_1561299110.jpg","type":"image\/jpeg"}],"author":"PuertoCdelU","twitter_card":"summary_large_image","twitter_misc":{"Escrito por":"PuertoCdelU","Tiempo de lectura":"3 minutos"},"schema":{"@context":"https:\/\/schema.org","@graph":[{"@type":"Article","@id":"https:\/\/www.puertocdelu.com.ar\/index.php\/2019\/06\/25\/un-informe-destaca-el-crecimiento-de-entre-rios-en-las-exportaciones-nacionales\/#article","isPartOf":{"@id":"https:\/\/www.puertocdelu.com.ar\/index.php\/2019\/06\/25\/un-informe-destaca-el-crecimiento-de-entre-rios-en-las-exportaciones-nacionales\/"},"author":{"name":"PuertoCdelU","@id":"https:\/\/www.puertocdelu.com.ar\/#\/schema\/person\/9d258b923b29bd5f47ca80d9c8cd72d1"},"headline":"Un informe destaca el crecimiento de Entre R\u00edos en las exportaciones nacionales","datePublished":"2019-06-25T14:37:13+00:00","mainEntityOfPage":{"@id":"https:\/\/www.puertocdelu.com.ar\/index.php\/2019\/06\/25\/un-informe-destaca-el-crecimiento-de-entre-rios-en-las-exportaciones-nacionales\/"},"wordCount":536,"commentCount":0,"image":{"@id":"https:\/\/www.puertocdelu.com.ar\/index.php\/2019\/06\/25\/un-informe-destaca-el-crecimiento-de-entre-rios-en-las-exportaciones-nacionales\/#primaryimage"},"thumbnailUrl":"https:\/\/www.puertocdelu.com.ar\/wp-content\/uploads\/2019\/06\/x_1561299110.jpg","articleSection":["Noticias"],"inLanguage":"es","potentialAction":[{"@type":"CommentAction","name":"Comment","target":["https:\/\/www.puertocdelu.com.ar\/index.php\/2019\/06\/25\/un-informe-destaca-el-crecimiento-de-entre-rios-en-las-exportaciones-nacionales\/#respond"]}]},{"@type":"WebPage","@id":"https:\/\/www.puertocdelu.com.ar\/index.php\/2019\/06\/25\/un-informe-destaca-el-crecimiento-de-entre-rios-en-las-exportaciones-nacionales\/","url":"https:\/\/www.puertocdelu.com.ar\/index.php\/2019\/06\/25\/un-informe-destaca-el-crecimiento-de-entre-rios-en-las-exportaciones-nacionales\/","name":"Un informe destaca el crecimiento de Entre R\u00edos en las exportaciones nacionales - Puerto de Concepci\u00f3n del Uruguay","isPartOf":{"@id":"https:\/\/www.puertocdelu.com.ar\/#website"},"primaryImageOfPage":{"@id":"https:\/\/www.puertocdelu.com.ar\/index.php\/2019\/06\/25\/un-informe-destaca-el-crecimiento-de-entre-rios-en-las-exportaciones-nacionales\/#primaryimage"},"image":{"@id":"https:\/\/www.puertocdelu.com.ar\/index.php\/2019\/06\/25\/un-informe-destaca-el-crecimiento-de-entre-rios-en-las-exportaciones-nacionales\/#primaryimage"},"thumbnailUrl":"https:\/\/www.puertocdelu.com.ar\/wp-content\/uploads\/2019\/06\/x_1561299110.jpg","datePublished":"2019-06-25T14:37:13+00:00","author":{"@id":"https:\/\/www.puertocdelu.com.ar\/#\/schema\/person\/9d258b923b29bd5f47ca80d9c8cd72d1"},"breadcrumb":{"@id":"https:\/\/www.puertocdelu.com.ar\/index.php\/2019\/06\/25\/un-informe-destaca-el-crecimiento-de-entre-rios-en-las-exportaciones-nacionales\/#breadcrumb"},"inLanguage":"es","potentialAction":[{"@type":"ReadAction","target":["https:\/\/www.puertocdelu.com.ar\/index.php\/2019\/06\/25\/un-informe-destaca-el-crecimiento-de-entre-rios-en-las-exportaciones-nacionales\/"]}]},{"@type":"ImageObject","inLanguage":"es","@id":"https:\/\/www.puertocdelu.com.ar\/index.php\/2019\/06\/25\/un-informe-destaca-el-crecimiento-de-entre-rios-en-las-exportaciones-nacionales\/#primaryimage","url":"https:\/\/www.puertocdelu.com.ar\/wp-content\/uploads\/2019\/06\/x_1561299110.jpg","contentUrl":"https:\/\/www.puertocdelu.com.ar\/wp-content\/uploads\/2019\/06\/x_1561299110.jpg","width":1920,"height":1280},{"@type":"BreadcrumbList","@id":"https:\/\/www.puertocdelu.com.ar\/index.php\/2019\/06\/25\/un-informe-destaca-el-crecimiento-de-entre-rios-en-las-exportaciones-nacionales\/#breadcrumb","itemListElement":[{"@type":"ListItem","position":1,"name":"Portada","item":"https:\/\/www.puertocdelu.com.ar\/"},{"@type":"ListItem","position":2,"name":"Un informe destaca el crecimiento de Entre R\u00edos en las exportaciones nacionales"}]},{"@type":"WebSite","@id":"https:\/\/www.puertocdelu.com.ar\/#website","url":"https:\/\/www.puertocdelu.com.ar\/","name":"Puerto de Concepci\u00f3n del Uruguay","description":"","potentialAction":[{"@type":"SearchAction","target":{"@type":"EntryPoint","urlTemplate":"https:\/\/www.puertocdelu.com.ar\/?s={search_term_string}"},"query-input":{"@type":"PropertyValueSpecification","valueRequired":true,"valueName":"search_term_string"}}],"inLanguage":"es"},{"@type":"Person","@id":"https:\/\/www.puertocdelu.com.ar\/#\/schema\/person\/9d258b923b29bd5f47ca80d9c8cd72d1","name":"PuertoCdelU","image":{"@type":"ImageObject","inLanguage":"es","@id":"https:\/\/secure.gravatar.com\/avatar\/99e38dea1727d397df18aced5ac6840012bb7f24c8570dcfafabb73086aed88c?s=96&d=mm&r=g","url":"https:\/\/secure.gravatar.com\/avatar\/99e38dea1727d397df18aced5ac6840012bb7f24c8570dcfafabb73086aed88c?s=96&d=mm&r=g","contentUrl":"https:\/\/secure.gravatar.com\/avatar\/99e38dea1727d397df18aced5ac6840012bb7f24c8570dcfafabb73086aed88c?s=96&d=mm&r=g","caption":"PuertoCdelU"},"url":"https:\/\/www.puertocdelu.com.ar\/index.php\/author\/hectordelos1\/"}]}},"_links":{"self":[{"href":"https:\/\/www.puertocdelu.com.ar\/index.php\/wp-json\/wp\/v2\/posts\/1837","targetHints":{"allow":["GET"]}}],"collection":[{"href":"https:\/\/www.puertocdelu.com.ar\/index.php\/wp-json\/wp\/v2\/posts"}],"about":[{"href":"https:\/\/www.puertocdelu.com.ar\/index.php\/wp-json\/wp\/v2\/types\/post"}],"author":[{"embeddable":true,"href":"https:\/\/www.puertocdelu.com.ar\/index.php\/wp-json\/wp\/v2\/users\/1"}],"replies":[{"embeddable":true,"href":"https:\/\/www.puertocdelu.com.ar\/index.php\/wp-json\/wp\/v2\/comments?post=1837"}],"version-history":[{"count":1,"href":"https:\/\/www.puertocdelu.com.ar\/index.php\/wp-json\/wp\/v2\/posts\/1837\/revisions"}],"predecessor-version":[{"id":1839,"href":"https:\/\/www.puertocdelu.com.ar\/index.php\/wp-json\/wp\/v2\/posts\/1837\/revisions\/1839"}],"wp:featuredmedia":[{"embeddable":true,"href":"https:\/\/www.puertocdelu.com.ar\/index.php\/wp-json\/wp\/v2\/media\/1838"}],"wp:attachment":[{"href":"https:\/\/www.puertocdelu.com.ar\/index.php\/wp-json\/wp\/v2\/media?parent=1837"}],"wp:term":[{"taxonomy":"category","embeddable":true,"href":"https:\/\/www.puertocdelu.com.ar\/index.php\/wp-json\/wp\/v2\/categories?post=1837"},{"taxonomy":"post_tag","embeddable":true,"href":"https:\/\/www.puertocdelu.com.ar\/index.php\/wp-json\/wp\/v2\/tags?post=1837"}],"curies":[{"name":"wp","href":"https:\/\/api.w.org\/{rel}","templated":true}]}}