{"id":1887,"date":"2019-10-11T10:24:51","date_gmt":"2019-10-11T10:24:51","guid":{"rendered":"http:\/\/www.puertocdelu.com.ar\/?p=1887"},"modified":"2019-10-16T10:25:38","modified_gmt":"2019-10-16T10:25:38","slug":"zarpo-el-hedvig-bulker-y-se-completaron-tres-embarques-en-una-semana","status":"publish","type":"post","link":"https:\/\/www.puertocdelu.com.ar\/index.php\/2019\/10\/11\/zarpo-el-hedvig-bulker-y-se-completaron-tres-embarques-en-una-semana\/","title":{"rendered":"Zarp\u00f3 el Hedvig Bulker y se completaron tres embarques en una semana"},"content":{"rendered":"<p>El BBC Neptune se cruz\u00f3 cargado con arroz con el Matakana Island que cargaba madera.<br \/>\nContin\u00faa siendo de gran intensidad la actividad de exportaci\u00f3n entrerriana desde el puerto de Concepci\u00f3n del Uruguay. Este viernes termin\u00f3 la carga del tercer buque que oper\u00f3 esta semana donde se embarcaron casi 40 mil toneladas de madera y 17 mil toneladas de arroz.<\/p>\n<p>Pasadas las 18 zarp\u00f3 el Hedvig Bulker con 17.550 toneladas de troncos de madera de pino.<br \/>\nEn solo una semana el puerto uruguayense recibi\u00f3 al buque BBC Neptune, al Matakana Island y al Hedvig Bulker.<\/p>\n<p>El primero carg\u00f3 arroz c\u00e1scara a granel con destino a Venezuela luego de una intensa tarea que involucr\u00f3 el acopio previo de mercader\u00eda de productores entrerrianos y la llegada de cientos de camiones que fueron abasteciendo al buque durante todo el proceso de embarque.<\/p>\n<p>De forma simult\u00e1nea lleg\u00f3 a principios de semana el buque Matakana Island, un carguero de 175 metros de eslora con bandera de Hong Kong, que carg\u00f3 unas 20 mil toneladas de troncos de madera de pino entrerriano con destino a China.<\/p>\n<p>Este trabajo se realiz\u00f3 de forma ininterrumpida durante tres d\u00edas en los muelles 3 y 4 del puerto uruguayense completando un trabajo que sigue ganando eficiencia en los tiempos y posibilita niveles de operatividad y competitividad muy altos en beneficio de los exportadores entrerrianos.<\/p>\n<p><a href=\"https:\/\/www.puertocdelu.com.ar\/wp-content\/uploads\/2019\/10\/P1220653.jpg\"><img loading=\"lazy\" decoding=\"async\" class=\"aligncenter size-full wp-image-1889\" src=\"https:\/\/www.puertocdelu.com.ar\/wp-content\/uploads\/2019\/10\/P1220653.jpg\" alt=\"\" width=\"900\" height=\"378\" srcset=\"https:\/\/www.puertocdelu.com.ar\/wp-content\/uploads\/2019\/10\/P1220653.jpg 900w, https:\/\/www.puertocdelu.com.ar\/wp-content\/uploads\/2019\/10\/P1220653-300x126.jpg 300w, https:\/\/www.puertocdelu.com.ar\/wp-content\/uploads\/2019\/10\/P1220653-768x323.jpg 768w, https:\/\/www.puertocdelu.com.ar\/wp-content\/uploads\/2019\/10\/P1220653-696x292.jpg 696w\" sizes=\"auto, (max-width: 900px) 100vw, 900px\" \/><\/a><\/p>\n<p>El Hedvig Bulker ingres\u00f3 el mi\u00e9rcoles y parti\u00f3 en la tarde de este viernes rumbo a Ibicuy.<br \/>\nEl movimiento de carga no se detuvo en ning\u00fan momento ya que, mientras se finalizaban las tareas en el Matakana Island, esperaba en rada exterior el \u201cHedvig Bulker\u201d, otro carguero proveniente de Sidney, Australia, con bandera de Dinamarca, que tambi\u00e9n carg\u00f3 madera de pino con destino al mercado chino de fabricaci\u00f3n de muebles.<\/p>\n<p>El buque hab\u00eda llegado el mi\u00e9rcoles y complet\u00f3 sus tareas este viernes con unas 19.500 toneladas embarcadas en Concepci\u00f3n del Uruguay donde se sumaron unos 500 viajes de camiones con madera que mantuvieron toda la zona portuaria con un intenso movimiento de tr\u00e1nsito.<\/p>\n<p>Desde La Hist\u00f3rica este buque se dirigir\u00e1 al puerto de Ibicuy, donde completar\u00e1 sus bodegas para partir directamente desde all\u00ed a su destino en China.<\/p>\n<p>En total ya se han completado 20 embarques en los \u00faltimos 10 meses, 16 con madera de pino y eucalipto hacia China, y cuatro m\u00e1s con arroz de distinta variedad a los mercados de Irak, Costa Rica, Venezuela y Senegal.<\/p>\n","protected":false},"excerpt":{"rendered":"<p>El BBC Neptune se cruz\u00f3 cargado con arroz con el Matakana Island que cargaba madera. Contin\u00faa siendo de gran intensidad la actividad de exportaci\u00f3n entrerriana desde el puerto de Concepci\u00f3n del Uruguay. Este viernes termin\u00f3 la carga del tercer buque que oper\u00f3 esta semana donde se embarcaron casi 40 mil toneladas de madera y 17 [&hellip;]<\/p>\n","protected":false},"author":1,"featured_media":1888,"comment_status":"open","ping_status":"open","sticky":false,"template":"","format":"standard","meta":{"footnotes":""},"categories":[81],"tags":[],"class_list":{"0":"post-1887","1":"post","2":"type-post","3":"status-publish","4":"format-standard","5":"has-post-thumbnail","7":"category-noticias"},"yoast_head":"<!-- This site is optimized with the Yoast SEO plugin v27.4 - https:\/\/yoast.com\/product\/yoast-seo-wordpress\/ -->\n<title>Zarp\u00f3 el Hedvig Bulker y se completaron tres embarques en una semana - Puerto de Concepci\u00f3n del Uruguay<\/title>\n<meta name=\"robots\" content=\"index, follow, max-snippet:-1, max-image-preview:large, max-video-preview:-1\" \/>\n<link rel=\"canonical\" href=\"https:\/\/www.puertocdelu.com.ar\/index.php\/2019\/10\/11\/zarpo-el-hedvig-bulker-y-se-completaron-tres-embarques-en-una-semana\/\" \/>\n<meta property=\"og:locale\" content=\"es_ES\" \/>\n<meta property=\"og:type\" content=\"article\" \/>\n<meta property=\"og:title\" content=\"Zarp\u00f3 el Hedvig Bulker y se completaron tres embarques en una semana - Puerto de Concepci\u00f3n del Uruguay\" \/>\n<meta property=\"og:description\" content=\"El BBC Neptune se cruz\u00f3 cargado con arroz con el Matakana Island que cargaba madera. Contin\u00faa siendo de gran intensidad la actividad de exportaci\u00f3n entrerriana desde el puerto de Concepci\u00f3n del Uruguay. Este viernes termin\u00f3 la carga del tercer buque que oper\u00f3 esta semana donde se embarcaron casi 40 mil toneladas de madera y 17 [&hellip;]\" \/>\n<meta property=\"og:url\" content=\"https:\/\/www.puertocdelu.com.ar\/index.php\/2019\/10\/11\/zarpo-el-hedvig-bulker-y-se-completaron-tres-embarques-en-una-semana\/\" \/>\n<meta property=\"og:site_name\" content=\"Puerto de Concepci\u00f3n del Uruguay\" \/>\n<meta property=\"article:published_time\" content=\"2019-10-11T10:24:51+00:00\" \/>\n<meta property=\"article:modified_time\" content=\"2019-10-16T10:25:38+00:00\" \/>\n<meta property=\"og:image\" content=\"https:\/\/www.puertocdelu.com.ar\/wp-content\/uploads\/2019\/10\/dos-buques-cdelu.jpg\" \/>\n\t<meta property=\"og:image:width\" content=\"900\" \/>\n\t<meta property=\"og:image:height\" content=\"525\" \/>\n\t<meta property=\"og:image:type\" content=\"image\/jpeg\" \/>\n<meta name=\"author\" content=\"PuertoCdelU\" \/>\n<meta name=\"twitter:card\" content=\"summary_large_image\" \/>\n<meta name=\"twitter:label1\" content=\"Escrito por\" \/>\n\t<meta name=\"twitter:data1\" content=\"PuertoCdelU\" \/>\n\t<meta name=\"twitter:label2\" content=\"Tiempo de lectura\" \/>\n\t<meta name=\"twitter:data2\" content=\"2 minutos\" \/>\n<script type=\"application\/ld+json\" class=\"yoast-schema-graph\">{\"@context\":\"https:\\\/\\\/schema.org\",\"@graph\":[{\"@type\":\"Article\",\"@id\":\"https:\\\/\\\/www.puertocdelu.com.ar\\\/index.php\\\/2019\\\/10\\\/11\\\/zarpo-el-hedvig-bulker-y-se-completaron-tres-embarques-en-una-semana\\\/#article\",\"isPartOf\":{\"@id\":\"https:\\\/\\\/www.puertocdelu.com.ar\\\/index.php\\\/2019\\\/10\\\/11\\\/zarpo-el-hedvig-bulker-y-se-completaron-tres-embarques-en-una-semana\\\/\"},\"author\":{\"name\":\"PuertoCdelU\",\"@id\":\"https:\\\/\\\/www.puertocdelu.com.ar\\\/#\\\/schema\\\/person\\\/9d258b923b29bd5f47ca80d9c8cd72d1\"},\"headline\":\"Zarp\u00f3 el Hedvig Bulker y se completaron tres embarques en una semana\",\"datePublished\":\"2019-10-11T10:24:51+00:00\",\"dateModified\":\"2019-10-16T10:25:38+00:00\",\"mainEntityOfPage\":{\"@id\":\"https:\\\/\\\/www.puertocdelu.com.ar\\\/index.php\\\/2019\\\/10\\\/11\\\/zarpo-el-hedvig-bulker-y-se-completaron-tres-embarques-en-una-semana\\\/\"},\"wordCount\":417,\"commentCount\":0,\"image\":{\"@id\":\"https:\\\/\\\/www.puertocdelu.com.ar\\\/index.php\\\/2019\\\/10\\\/11\\\/zarpo-el-hedvig-bulker-y-se-completaron-tres-embarques-en-una-semana\\\/#primaryimage\"},\"thumbnailUrl\":\"https:\\\/\\\/www.puertocdelu.com.ar\\\/wp-content\\\/uploads\\\/2019\\\/10\\\/dos-buques-cdelu.jpg\",\"articleSection\":[\"Noticias\"],\"inLanguage\":\"es\",\"potentialAction\":[{\"@type\":\"CommentAction\",\"name\":\"Comment\",\"target\":[\"https:\\\/\\\/www.puertocdelu.com.ar\\\/index.php\\\/2019\\\/10\\\/11\\\/zarpo-el-hedvig-bulker-y-se-completaron-tres-embarques-en-una-semana\\\/#respond\"]}]},{\"@type\":\"WebPage\",\"@id\":\"https:\\\/\\\/www.puertocdelu.com.ar\\\/index.php\\\/2019\\\/10\\\/11\\\/zarpo-el-hedvig-bulker-y-se-completaron-tres-embarques-en-una-semana\\\/\",\"url\":\"https:\\\/\\\/www.puertocdelu.com.ar\\\/index.php\\\/2019\\\/10\\\/11\\\/zarpo-el-hedvig-bulker-y-se-completaron-tres-embarques-en-una-semana\\\/\",\"name\":\"Zarp\u00f3 el Hedvig Bulker y se completaron tres embarques en una semana - Puerto de Concepci\u00f3n del Uruguay\",\"isPartOf\":{\"@id\":\"https:\\\/\\\/www.puertocdelu.com.ar\\\/#website\"},\"primaryImageOfPage\":{\"@id\":\"https:\\\/\\\/www.puertocdelu.com.ar\\\/index.php\\\/2019\\\/10\\\/11\\\/zarpo-el-hedvig-bulker-y-se-completaron-tres-embarques-en-una-semana\\\/#primaryimage\"},\"image\":{\"@id\":\"https:\\\/\\\/www.puertocdelu.com.ar\\\/index.php\\\/2019\\\/10\\\/11\\\/zarpo-el-hedvig-bulker-y-se-completaron-tres-embarques-en-una-semana\\\/#primaryimage\"},\"thumbnailUrl\":\"https:\\\/\\\/www.puertocdelu.com.ar\\\/wp-content\\\/uploads\\\/2019\\\/10\\\/dos-buques-cdelu.jpg\",\"datePublished\":\"2019-10-11T10:24:51+00:00\",\"dateModified\":\"2019-10-16T10:25:38+00:00\",\"author\":{\"@id\":\"https:\\\/\\\/www.puertocdelu.com.ar\\\/#\\\/schema\\\/person\\\/9d258b923b29bd5f47ca80d9c8cd72d1\"},\"breadcrumb\":{\"@id\":\"https:\\\/\\\/www.puertocdelu.com.ar\\\/index.php\\\/2019\\\/10\\\/11\\\/zarpo-el-hedvig-bulker-y-se-completaron-tres-embarques-en-una-semana\\\/#breadcrumb\"},\"inLanguage\":\"es\",\"potentialAction\":[{\"@type\":\"ReadAction\",\"target\":[\"https:\\\/\\\/www.puertocdelu.com.ar\\\/index.php\\\/2019\\\/10\\\/11\\\/zarpo-el-hedvig-bulker-y-se-completaron-tres-embarques-en-una-semana\\\/\"]}]},{\"@type\":\"ImageObject\",\"inLanguage\":\"es\",\"@id\":\"https:\\\/\\\/www.puertocdelu.com.ar\\\/index.php\\\/2019\\\/10\\\/11\\\/zarpo-el-hedvig-bulker-y-se-completaron-tres-embarques-en-una-semana\\\/#primaryimage\",\"url\":\"https:\\\/\\\/www.puertocdelu.com.ar\\\/wp-content\\\/uploads\\\/2019\\\/10\\\/dos-buques-cdelu.jpg\",\"contentUrl\":\"https:\\\/\\\/www.puertocdelu.com.ar\\\/wp-content\\\/uploads\\\/2019\\\/10\\\/dos-buques-cdelu.jpg\",\"width\":900,\"height\":525},{\"@type\":\"BreadcrumbList\",\"@id\":\"https:\\\/\\\/www.puertocdelu.com.ar\\\/index.php\\\/2019\\\/10\\\/11\\\/zarpo-el-hedvig-bulker-y-se-completaron-tres-embarques-en-una-semana\\\/#breadcrumb\",\"itemListElement\":[{\"@type\":\"ListItem\",\"position\":1,\"name\":\"Portada\",\"item\":\"https:\\\/\\\/www.puertocdelu.com.ar\\\/\"},{\"@type\":\"ListItem\",\"position\":2,\"name\":\"Zarp\u00f3 el Hedvig Bulker y se completaron tres embarques en una semana\"}]},{\"@type\":\"WebSite\",\"@id\":\"https:\\\/\\\/www.puertocdelu.com.ar\\\/#website\",\"url\":\"https:\\\/\\\/www.puertocdelu.com.ar\\\/\",\"name\":\"Puerto de Concepci\u00f3n del Uruguay\",\"description\":\"\",\"potentialAction\":[{\"@type\":\"SearchAction\",\"target\":{\"@type\":\"EntryPoint\",\"urlTemplate\":\"https:\\\/\\\/www.puertocdelu.com.ar\\\/?s={search_term_string}\"},\"query-input\":{\"@type\":\"PropertyValueSpecification\",\"valueRequired\":true,\"valueName\":\"search_term_string\"}}],\"inLanguage\":\"es\"},{\"@type\":\"Person\",\"@id\":\"https:\\\/\\\/www.puertocdelu.com.ar\\\/#\\\/schema\\\/person\\\/9d258b923b29bd5f47ca80d9c8cd72d1\",\"name\":\"PuertoCdelU\",\"image\":{\"@type\":\"ImageObject\",\"inLanguage\":\"es\",\"@id\":\"https:\\\/\\\/secure.gravatar.com\\\/avatar\\\/99e38dea1727d397df18aced5ac6840012bb7f24c8570dcfafabb73086aed88c?s=96&d=mm&r=g\",\"url\":\"https:\\\/\\\/secure.gravatar.com\\\/avatar\\\/99e38dea1727d397df18aced5ac6840012bb7f24c8570dcfafabb73086aed88c?s=96&d=mm&r=g\",\"contentUrl\":\"https:\\\/\\\/secure.gravatar.com\\\/avatar\\\/99e38dea1727d397df18aced5ac6840012bb7f24c8570dcfafabb73086aed88c?s=96&d=mm&r=g\",\"caption\":\"PuertoCdelU\"},\"url\":\"https:\\\/\\\/www.puertocdelu.com.ar\\\/index.php\\\/author\\\/hectordelos1\\\/\"}]}<\/script>\n<!-- \/ Yoast SEO plugin. -->","yoast_head_json":{"title":"Zarp\u00f3 el Hedvig Bulker y se completaron tres embarques en una semana - Puerto de Concepci\u00f3n del Uruguay","robots":{"index":"index","follow":"follow","max-snippet":"max-snippet:-1","max-image-preview":"max-image-preview:large","max-video-preview":"max-video-preview:-1"},"canonical":"https:\/\/www.puertocdelu.com.ar\/index.php\/2019\/10\/11\/zarpo-el-hedvig-bulker-y-se-completaron-tres-embarques-en-una-semana\/","og_locale":"es_ES","og_type":"article","og_title":"Zarp\u00f3 el Hedvig Bulker y se completaron tres embarques en una semana - Puerto de Concepci\u00f3n del Uruguay","og_description":"El BBC Neptune se cruz\u00f3 cargado con arroz con el Matakana Island que cargaba madera. Contin\u00faa siendo de gran intensidad la actividad de exportaci\u00f3n entrerriana desde el puerto de Concepci\u00f3n del Uruguay. Este viernes termin\u00f3 la carga del tercer buque que oper\u00f3 esta semana donde se embarcaron casi 40 mil toneladas de madera y 17 [&hellip;]","og_url":"https:\/\/www.puertocdelu.com.ar\/index.php\/2019\/10\/11\/zarpo-el-hedvig-bulker-y-se-completaron-tres-embarques-en-una-semana\/","og_site_name":"Puerto de Concepci\u00f3n del Uruguay","article_published_time":"2019-10-11T10:24:51+00:00","article_modified_time":"2019-10-16T10:25:38+00:00","og_image":[{"width":900,"height":525,"url":"https:\/\/www.puertocdelu.com.ar\/wp-content\/uploads\/2019\/10\/dos-buques-cdelu.jpg","type":"image\/jpeg"}],"author":"PuertoCdelU","twitter_card":"summary_large_image","twitter_misc":{"Escrito por":"PuertoCdelU","Tiempo de lectura":"2 minutos"},"schema":{"@context":"https:\/\/schema.org","@graph":[{"@type":"Article","@id":"https:\/\/www.puertocdelu.com.ar\/index.php\/2019\/10\/11\/zarpo-el-hedvig-bulker-y-se-completaron-tres-embarques-en-una-semana\/#article","isPartOf":{"@id":"https:\/\/www.puertocdelu.com.ar\/index.php\/2019\/10\/11\/zarpo-el-hedvig-bulker-y-se-completaron-tres-embarques-en-una-semana\/"},"author":{"name":"PuertoCdelU","@id":"https:\/\/www.puertocdelu.com.ar\/#\/schema\/person\/9d258b923b29bd5f47ca80d9c8cd72d1"},"headline":"Zarp\u00f3 el Hedvig Bulker y se completaron tres embarques en una semana","datePublished":"2019-10-11T10:24:51+00:00","dateModified":"2019-10-16T10:25:38+00:00","mainEntityOfPage":{"@id":"https:\/\/www.puertocdelu.com.ar\/index.php\/2019\/10\/11\/zarpo-el-hedvig-bulker-y-se-completaron-tres-embarques-en-una-semana\/"},"wordCount":417,"commentCount":0,"image":{"@id":"https:\/\/www.puertocdelu.com.ar\/index.php\/2019\/10\/11\/zarpo-el-hedvig-bulker-y-se-completaron-tres-embarques-en-una-semana\/#primaryimage"},"thumbnailUrl":"https:\/\/www.puertocdelu.com.ar\/wp-content\/uploads\/2019\/10\/dos-buques-cdelu.jpg","articleSection":["Noticias"],"inLanguage":"es","potentialAction":[{"@type":"CommentAction","name":"Comment","target":["https:\/\/www.puertocdelu.com.ar\/index.php\/2019\/10\/11\/zarpo-el-hedvig-bulker-y-se-completaron-tres-embarques-en-una-semana\/#respond"]}]},{"@type":"WebPage","@id":"https:\/\/www.puertocdelu.com.ar\/index.php\/2019\/10\/11\/zarpo-el-hedvig-bulker-y-se-completaron-tres-embarques-en-una-semana\/","url":"https:\/\/www.puertocdelu.com.ar\/index.php\/2019\/10\/11\/zarpo-el-hedvig-bulker-y-se-completaron-tres-embarques-en-una-semana\/","name":"Zarp\u00f3 el Hedvig Bulker y se completaron tres embarques en una semana - Puerto de Concepci\u00f3n del Uruguay","isPartOf":{"@id":"https:\/\/www.puertocdelu.com.ar\/#website"},"primaryImageOfPage":{"@id":"https:\/\/www.puertocdelu.com.ar\/index.php\/2019\/10\/11\/zarpo-el-hedvig-bulker-y-se-completaron-tres-embarques-en-una-semana\/#primaryimage"},"image":{"@id":"https:\/\/www.puertocdelu.com.ar\/index.php\/2019\/10\/11\/zarpo-el-hedvig-bulker-y-se-completaron-tres-embarques-en-una-semana\/#primaryimage"},"thumbnailUrl":"https:\/\/www.puertocdelu.com.ar\/wp-content\/uploads\/2019\/10\/dos-buques-cdelu.jpg","datePublished":"2019-10-11T10:24:51+00:00","dateModified":"2019-10-16T10:25:38+00:00","author":{"@id":"https:\/\/www.puertocdelu.com.ar\/#\/schema\/person\/9d258b923b29bd5f47ca80d9c8cd72d1"},"breadcrumb":{"@id":"https:\/\/www.puertocdelu.com.ar\/index.php\/2019\/10\/11\/zarpo-el-hedvig-bulker-y-se-completaron-tres-embarques-en-una-semana\/#breadcrumb"},"inLanguage":"es","potentialAction":[{"@type":"ReadAction","target":["https:\/\/www.puertocdelu.com.ar\/index.php\/2019\/10\/11\/zarpo-el-hedvig-bulker-y-se-completaron-tres-embarques-en-una-semana\/"]}]},{"@type":"ImageObject","inLanguage":"es","@id":"https:\/\/www.puertocdelu.com.ar\/index.php\/2019\/10\/11\/zarpo-el-hedvig-bulker-y-se-completaron-tres-embarques-en-una-semana\/#primaryimage","url":"https:\/\/www.puertocdelu.com.ar\/wp-content\/uploads\/2019\/10\/dos-buques-cdelu.jpg","contentUrl":"https:\/\/www.puertocdelu.com.ar\/wp-content\/uploads\/2019\/10\/dos-buques-cdelu.jpg","width":900,"height":525},{"@type":"BreadcrumbList","@id":"https:\/\/www.puertocdelu.com.ar\/index.php\/2019\/10\/11\/zarpo-el-hedvig-bulker-y-se-completaron-tres-embarques-en-una-semana\/#breadcrumb","itemListElement":[{"@type":"ListItem","position":1,"name":"Portada","item":"https:\/\/www.puertocdelu.com.ar\/"},{"@type":"ListItem","position":2,"name":"Zarp\u00f3 el Hedvig Bulker y se completaron tres embarques en una semana"}]},{"@type":"WebSite","@id":"https:\/\/www.puertocdelu.com.ar\/#website","url":"https:\/\/www.puertocdelu.com.ar\/","name":"Puerto de Concepci\u00f3n del Uruguay","description":"","potentialAction":[{"@type":"SearchAction","target":{"@type":"EntryPoint","urlTemplate":"https:\/\/www.puertocdelu.com.ar\/?s={search_term_string}"},"query-input":{"@type":"PropertyValueSpecification","valueRequired":true,"valueName":"search_term_string"}}],"inLanguage":"es"},{"@type":"Person","@id":"https:\/\/www.puertocdelu.com.ar\/#\/schema\/person\/9d258b923b29bd5f47ca80d9c8cd72d1","name":"PuertoCdelU","image":{"@type":"ImageObject","inLanguage":"es","@id":"https:\/\/secure.gravatar.com\/avatar\/99e38dea1727d397df18aced5ac6840012bb7f24c8570dcfafabb73086aed88c?s=96&d=mm&r=g","url":"https:\/\/secure.gravatar.com\/avatar\/99e38dea1727d397df18aced5ac6840012bb7f24c8570dcfafabb73086aed88c?s=96&d=mm&r=g","contentUrl":"https:\/\/secure.gravatar.com\/avatar\/99e38dea1727d397df18aced5ac6840012bb7f24c8570dcfafabb73086aed88c?s=96&d=mm&r=g","caption":"PuertoCdelU"},"url":"https:\/\/www.puertocdelu.com.ar\/index.php\/author\/hectordelos1\/"}]}},"_links":{"self":[{"href":"https:\/\/www.puertocdelu.com.ar\/index.php\/wp-json\/wp\/v2\/posts\/1887","targetHints":{"allow":["GET"]}}],"collection":[{"href":"https:\/\/www.puertocdelu.com.ar\/index.php\/wp-json\/wp\/v2\/posts"}],"about":[{"href":"https:\/\/www.puertocdelu.com.ar\/index.php\/wp-json\/wp\/v2\/types\/post"}],"author":[{"embeddable":true,"href":"https:\/\/www.puertocdelu.com.ar\/index.php\/wp-json\/wp\/v2\/users\/1"}],"replies":[{"embeddable":true,"href":"https:\/\/www.puertocdelu.com.ar\/index.php\/wp-json\/wp\/v2\/comments?post=1887"}],"version-history":[{"count":1,"href":"https:\/\/www.puertocdelu.com.ar\/index.php\/wp-json\/wp\/v2\/posts\/1887\/revisions"}],"predecessor-version":[{"id":1890,"href":"https:\/\/www.puertocdelu.com.ar\/index.php\/wp-json\/wp\/v2\/posts\/1887\/revisions\/1890"}],"wp:featuredmedia":[{"embeddable":true,"href":"https:\/\/www.puertocdelu.com.ar\/index.php\/wp-json\/wp\/v2\/media\/1888"}],"wp:attachment":[{"href":"https:\/\/www.puertocdelu.com.ar\/index.php\/wp-json\/wp\/v2\/media?parent=1887"}],"wp:term":[{"taxonomy":"category","embeddable":true,"href":"https:\/\/www.puertocdelu.com.ar\/index.php\/wp-json\/wp\/v2\/categories?post=1887"},{"taxonomy":"post_tag","embeddable":true,"href":"https:\/\/www.puertocdelu.com.ar\/index.php\/wp-json\/wp\/v2\/tags?post=1887"}],"curies":[{"name":"wp","href":"https:\/\/api.w.org\/{rel}","templated":true}]}}