{"id":1896,"date":"2020-01-05T21:06:38","date_gmt":"2020-01-05T21:06:38","guid":{"rendered":"http:\/\/www.puertocdelu.com.ar\/?p=1896"},"modified":"2020-01-05T21:06:38","modified_gmt":"2020-01-05T21:06:38","slug":"la-complementariedad-de-los-puertos-entrerrianos-motoriza-el-desarrollo-regional","status":"publish","type":"post","link":"https:\/\/www.puertocdelu.com.ar\/index.php\/2020\/01\/05\/la-complementariedad-de-los-puertos-entrerrianos-motoriza-el-desarrollo-regional\/","title":{"rendered":"La complementariedad de los puertos entrerrianos motoriza el desarrollo regional"},"content":{"rendered":"<p>Mientras finaliza la primera etapa de una nueva exportaci\u00f3n de madera desde el puerto de Concepci\u00f3n del Uruguay, ya est\u00e1 todo listo para completar este embarque en el puerto de Ibicuy que tendr\u00e1 como destino final China. La complementariedad entre los puertos potencia el desarrollo regional.<\/p>\n<p>\u201cLa complementariedad es uno de los puntos fuertes del desarrollo portuario que lleva adelante el gobierno de Entre R\u00edos a trav\u00e9s de un trabajo permanente en respaldo del sector productivo\u201d, se\u00f1al\u00f3 el presidente del Instituto Portuario Provincial de Entre R\u00edos (Ipper), Carlos Schepens.<\/p>\n<p>En este sentido, destac\u00f3 \u00aben un a\u00f1o se han realizado 19 embarques con exportaci\u00f3n de madera y cuatro de arroz de distintas variedades hacia mercados de diferentes partes del mundo como China, Venezuela, Irak, Costa Rica o Senegal\u00bb.<\/p>\n<p>\u201cSe contin\u00faa invirtiendo en infraestructura portuaria y en mejoras que favorezcan la log\u00edstica para continuar en este camino que sigue mostrando con hechos concretos que nuestros puertos est\u00e1n en marcha, siguen creciendo y est\u00e1n sumando competitividad a nivel nacional\u201d, destac\u00f3 Schepens.<\/p>\n<p>El ultramarino Xing Rong Hai, de 180 metros de eslora y bandera de Hong Kong, est\u00e1 terminando su carga de unas 20 mil toneladas de madera de pino en Concepci\u00f3n del Uruguay, y completar\u00e1 sus bodegas en el puerto de Ibicuy, tal como se ha hecho en gran parte de las exportaciones concretadas en el \u00faltimo tiempo. Desde all\u00ed partir\u00e1 rumbo a China donde esta madera es utilizada en la fabricaci\u00f3n de muebles.<\/p>\n<p><a href=\"https:\/\/www.puertocdelu.com.ar\/wp-content\/uploads\/2020\/01\/BUQUE-CHINO.jpg\"><img loading=\"lazy\" decoding=\"async\" class=\"aligncenter size-full wp-image-1898\" src=\"https:\/\/www.puertocdelu.com.ar\/wp-content\/uploads\/2020\/01\/BUQUE-CHINO.jpg\" alt=\"\" width=\"900\" height=\"490\" srcset=\"https:\/\/www.puertocdelu.com.ar\/wp-content\/uploads\/2020\/01\/BUQUE-CHINO.jpg 900w, https:\/\/www.puertocdelu.com.ar\/wp-content\/uploads\/2020\/01\/BUQUE-CHINO-300x163.jpg 300w, https:\/\/www.puertocdelu.com.ar\/wp-content\/uploads\/2020\/01\/BUQUE-CHINO-768x418.jpg 768w, https:\/\/www.puertocdelu.com.ar\/wp-content\/uploads\/2020\/01\/BUQUE-CHINO-696x379.jpg 696w, https:\/\/www.puertocdelu.com.ar\/wp-content\/uploads\/2020\/01\/BUQUE-CHINO-771x420.jpg 771w\" sizes=\"auto, (max-width: 900px) 100vw, 900px\" \/><\/a><\/p>\n<p>\u201cNo solo nos complementamos entre los puertos de nuestra provincia, tambi\u00e9n lo hacemos con los puertos de la Rep\u00fablica Oriental del Uruguay, con quienes compartimos un r\u00edo en com\u00fan y una gran cantidad de potencialidades que debemos unir para sumar volumen y ganar mercados en todo el mundo, tenemos similitudes de producci\u00f3n y necesidades regionales que nos fortalecen para el desarrollo en conjunto\u201d, resalt\u00f3 el presidente del Ipper.<\/p>\n<p>A\u00fan sin fecha confirmada, se aguarda que en los pr\u00f3ximos d\u00edas ingrese un nuevo ultramarino para concretar lo que ser\u00e1 la segunda exportaci\u00f3n del a\u00f1o de producci\u00f3n entrerriana de madera a trav\u00e9s de los puertos entrerrianos.<\/p>\n","protected":false},"excerpt":{"rendered":"<p>Mientras finaliza la primera etapa de una nueva exportaci\u00f3n de madera desde el puerto de Concepci\u00f3n del Uruguay, ya est\u00e1 todo listo para completar este embarque en el puerto de Ibicuy que tendr\u00e1 como destino final China. La complementariedad entre los puertos potencia el desarrollo regional. \u201cLa complementariedad es uno de los puntos fuertes del [&hellip;]<\/p>\n","protected":false},"author":1,"featured_media":1897,"comment_status":"open","ping_status":"open","sticky":false,"template":"","format":"standard","meta":{"footnotes":""},"categories":[81],"tags":[],"class_list":{"0":"post-1896","1":"post","2":"type-post","3":"status-publish","4":"format-standard","5":"has-post-thumbnail","7":"category-noticias"},"yoast_head":"<!-- This site is optimized with the Yoast SEO plugin v27.4 - https:\/\/yoast.com\/product\/yoast-seo-wordpress\/ -->\n<title>La complementariedad de los puertos entrerrianos motoriza el desarrollo regional - Puerto de Concepci\u00f3n del Uruguay<\/title>\n<meta name=\"robots\" content=\"index, follow, max-snippet:-1, max-image-preview:large, max-video-preview:-1\" \/>\n<link rel=\"canonical\" href=\"https:\/\/www.puertocdelu.com.ar\/index.php\/2020\/01\/05\/la-complementariedad-de-los-puertos-entrerrianos-motoriza-el-desarrollo-regional\/\" \/>\n<meta property=\"og:locale\" content=\"es_ES\" \/>\n<meta property=\"og:type\" content=\"article\" \/>\n<meta property=\"og:title\" content=\"La complementariedad de los puertos entrerrianos motoriza el desarrollo regional - Puerto de Concepci\u00f3n del Uruguay\" \/>\n<meta property=\"og:description\" content=\"Mientras finaliza la primera etapa de una nueva exportaci\u00f3n de madera desde el puerto de Concepci\u00f3n del Uruguay, ya est\u00e1 todo listo para completar este embarque en el puerto de Ibicuy que tendr\u00e1 como destino final China. La complementariedad entre los puertos potencia el desarrollo regional. \u201cLa complementariedad es uno de los puntos fuertes del [&hellip;]\" \/>\n<meta property=\"og:url\" content=\"https:\/\/www.puertocdelu.com.ar\/index.php\/2020\/01\/05\/la-complementariedad-de-los-puertos-entrerrianos-motoriza-el-desarrollo-regional\/\" \/>\n<meta property=\"og:site_name\" content=\"Puerto de Concepci\u00f3n del Uruguay\" \/>\n<meta property=\"article:published_time\" content=\"2020-01-05T21:06:38+00:00\" \/>\n<meta property=\"og:image\" content=\"https:\/\/www.puertocdelu.com.ar\/wp-content\/uploads\/2020\/01\/1578239052jpg.jpg\" \/>\n\t<meta property=\"og:image:width\" content=\"900\" \/>\n\t<meta property=\"og:image:height\" content=\"675\" \/>\n\t<meta property=\"og:image:type\" content=\"image\/jpeg\" \/>\n<meta name=\"author\" content=\"PuertoCdelU\" \/>\n<meta name=\"twitter:card\" content=\"summary_large_image\" \/>\n<meta name=\"twitter:label1\" content=\"Escrito por\" \/>\n\t<meta name=\"twitter:data1\" content=\"PuertoCdelU\" \/>\n\t<meta name=\"twitter:label2\" content=\"Tiempo de lectura\" \/>\n\t<meta name=\"twitter:data2\" content=\"2 minutos\" \/>\n<script type=\"application\/ld+json\" class=\"yoast-schema-graph\">{\"@context\":\"https:\\\/\\\/schema.org\",\"@graph\":[{\"@type\":\"Article\",\"@id\":\"https:\\\/\\\/www.puertocdelu.com.ar\\\/index.php\\\/2020\\\/01\\\/05\\\/la-complementariedad-de-los-puertos-entrerrianos-motoriza-el-desarrollo-regional\\\/#article\",\"isPartOf\":{\"@id\":\"https:\\\/\\\/www.puertocdelu.com.ar\\\/index.php\\\/2020\\\/01\\\/05\\\/la-complementariedad-de-los-puertos-entrerrianos-motoriza-el-desarrollo-regional\\\/\"},\"author\":{\"name\":\"PuertoCdelU\",\"@id\":\"https:\\\/\\\/www.puertocdelu.com.ar\\\/#\\\/schema\\\/person\\\/9d258b923b29bd5f47ca80d9c8cd72d1\"},\"headline\":\"La complementariedad de los puertos entrerrianos motoriza el desarrollo regional\",\"datePublished\":\"2020-01-05T21:06:38+00:00\",\"mainEntityOfPage\":{\"@id\":\"https:\\\/\\\/www.puertocdelu.com.ar\\\/index.php\\\/2020\\\/01\\\/05\\\/la-complementariedad-de-los-puertos-entrerrianos-motoriza-el-desarrollo-regional\\\/\"},\"wordCount\":378,\"commentCount\":0,\"image\":{\"@id\":\"https:\\\/\\\/www.puertocdelu.com.ar\\\/index.php\\\/2020\\\/01\\\/05\\\/la-complementariedad-de-los-puertos-entrerrianos-motoriza-el-desarrollo-regional\\\/#primaryimage\"},\"thumbnailUrl\":\"https:\\\/\\\/www.puertocdelu.com.ar\\\/wp-content\\\/uploads\\\/2020\\\/01\\\/1578239052jpg.jpg\",\"articleSection\":[\"Noticias\"],\"inLanguage\":\"es\",\"potentialAction\":[{\"@type\":\"CommentAction\",\"name\":\"Comment\",\"target\":[\"https:\\\/\\\/www.puertocdelu.com.ar\\\/index.php\\\/2020\\\/01\\\/05\\\/la-complementariedad-de-los-puertos-entrerrianos-motoriza-el-desarrollo-regional\\\/#respond\"]}]},{\"@type\":\"WebPage\",\"@id\":\"https:\\\/\\\/www.puertocdelu.com.ar\\\/index.php\\\/2020\\\/01\\\/05\\\/la-complementariedad-de-los-puertos-entrerrianos-motoriza-el-desarrollo-regional\\\/\",\"url\":\"https:\\\/\\\/www.puertocdelu.com.ar\\\/index.php\\\/2020\\\/01\\\/05\\\/la-complementariedad-de-los-puertos-entrerrianos-motoriza-el-desarrollo-regional\\\/\",\"name\":\"La complementariedad de los puertos entrerrianos motoriza el desarrollo regional - Puerto de Concepci\u00f3n del Uruguay\",\"isPartOf\":{\"@id\":\"https:\\\/\\\/www.puertocdelu.com.ar\\\/#website\"},\"primaryImageOfPage\":{\"@id\":\"https:\\\/\\\/www.puertocdelu.com.ar\\\/index.php\\\/2020\\\/01\\\/05\\\/la-complementariedad-de-los-puertos-entrerrianos-motoriza-el-desarrollo-regional\\\/#primaryimage\"},\"image\":{\"@id\":\"https:\\\/\\\/www.puertocdelu.com.ar\\\/index.php\\\/2020\\\/01\\\/05\\\/la-complementariedad-de-los-puertos-entrerrianos-motoriza-el-desarrollo-regional\\\/#primaryimage\"},\"thumbnailUrl\":\"https:\\\/\\\/www.puertocdelu.com.ar\\\/wp-content\\\/uploads\\\/2020\\\/01\\\/1578239052jpg.jpg\",\"datePublished\":\"2020-01-05T21:06:38+00:00\",\"author\":{\"@id\":\"https:\\\/\\\/www.puertocdelu.com.ar\\\/#\\\/schema\\\/person\\\/9d258b923b29bd5f47ca80d9c8cd72d1\"},\"breadcrumb\":{\"@id\":\"https:\\\/\\\/www.puertocdelu.com.ar\\\/index.php\\\/2020\\\/01\\\/05\\\/la-complementariedad-de-los-puertos-entrerrianos-motoriza-el-desarrollo-regional\\\/#breadcrumb\"},\"inLanguage\":\"es\",\"potentialAction\":[{\"@type\":\"ReadAction\",\"target\":[\"https:\\\/\\\/www.puertocdelu.com.ar\\\/index.php\\\/2020\\\/01\\\/05\\\/la-complementariedad-de-los-puertos-entrerrianos-motoriza-el-desarrollo-regional\\\/\"]}]},{\"@type\":\"ImageObject\",\"inLanguage\":\"es\",\"@id\":\"https:\\\/\\\/www.puertocdelu.com.ar\\\/index.php\\\/2020\\\/01\\\/05\\\/la-complementariedad-de-los-puertos-entrerrianos-motoriza-el-desarrollo-regional\\\/#primaryimage\",\"url\":\"https:\\\/\\\/www.puertocdelu.com.ar\\\/wp-content\\\/uploads\\\/2020\\\/01\\\/1578239052jpg.jpg\",\"contentUrl\":\"https:\\\/\\\/www.puertocdelu.com.ar\\\/wp-content\\\/uploads\\\/2020\\\/01\\\/1578239052jpg.jpg\",\"width\":900,\"height\":675},{\"@type\":\"BreadcrumbList\",\"@id\":\"https:\\\/\\\/www.puertocdelu.com.ar\\\/index.php\\\/2020\\\/01\\\/05\\\/la-complementariedad-de-los-puertos-entrerrianos-motoriza-el-desarrollo-regional\\\/#breadcrumb\",\"itemListElement\":[{\"@type\":\"ListItem\",\"position\":1,\"name\":\"Portada\",\"item\":\"https:\\\/\\\/www.puertocdelu.com.ar\\\/\"},{\"@type\":\"ListItem\",\"position\":2,\"name\":\"La complementariedad de los puertos entrerrianos motoriza el desarrollo regional\"}]},{\"@type\":\"WebSite\",\"@id\":\"https:\\\/\\\/www.puertocdelu.com.ar\\\/#website\",\"url\":\"https:\\\/\\\/www.puertocdelu.com.ar\\\/\",\"name\":\"Puerto de Concepci\u00f3n del Uruguay\",\"description\":\"\",\"potentialAction\":[{\"@type\":\"SearchAction\",\"target\":{\"@type\":\"EntryPoint\",\"urlTemplate\":\"https:\\\/\\\/www.puertocdelu.com.ar\\\/?s={search_term_string}\"},\"query-input\":{\"@type\":\"PropertyValueSpecification\",\"valueRequired\":true,\"valueName\":\"search_term_string\"}}],\"inLanguage\":\"es\"},{\"@type\":\"Person\",\"@id\":\"https:\\\/\\\/www.puertocdelu.com.ar\\\/#\\\/schema\\\/person\\\/9d258b923b29bd5f47ca80d9c8cd72d1\",\"name\":\"PuertoCdelU\",\"image\":{\"@type\":\"ImageObject\",\"inLanguage\":\"es\",\"@id\":\"https:\\\/\\\/secure.gravatar.com\\\/avatar\\\/99e38dea1727d397df18aced5ac6840012bb7f24c8570dcfafabb73086aed88c?s=96&d=mm&r=g\",\"url\":\"https:\\\/\\\/secure.gravatar.com\\\/avatar\\\/99e38dea1727d397df18aced5ac6840012bb7f24c8570dcfafabb73086aed88c?s=96&d=mm&r=g\",\"contentUrl\":\"https:\\\/\\\/secure.gravatar.com\\\/avatar\\\/99e38dea1727d397df18aced5ac6840012bb7f24c8570dcfafabb73086aed88c?s=96&d=mm&r=g\",\"caption\":\"PuertoCdelU\"},\"url\":\"https:\\\/\\\/www.puertocdelu.com.ar\\\/index.php\\\/author\\\/hectordelos1\\\/\"}]}<\/script>\n<!-- \/ Yoast SEO plugin. -->","yoast_head_json":{"title":"La complementariedad de los puertos entrerrianos motoriza el desarrollo regional - Puerto de Concepci\u00f3n del Uruguay","robots":{"index":"index","follow":"follow","max-snippet":"max-snippet:-1","max-image-preview":"max-image-preview:large","max-video-preview":"max-video-preview:-1"},"canonical":"https:\/\/www.puertocdelu.com.ar\/index.php\/2020\/01\/05\/la-complementariedad-de-los-puertos-entrerrianos-motoriza-el-desarrollo-regional\/","og_locale":"es_ES","og_type":"article","og_title":"La complementariedad de los puertos entrerrianos motoriza el desarrollo regional - Puerto de Concepci\u00f3n del Uruguay","og_description":"Mientras finaliza la primera etapa de una nueva exportaci\u00f3n de madera desde el puerto de Concepci\u00f3n del Uruguay, ya est\u00e1 todo listo para completar este embarque en el puerto de Ibicuy que tendr\u00e1 como destino final China. La complementariedad entre los puertos potencia el desarrollo regional. \u201cLa complementariedad es uno de los puntos fuertes del [&hellip;]","og_url":"https:\/\/www.puertocdelu.com.ar\/index.php\/2020\/01\/05\/la-complementariedad-de-los-puertos-entrerrianos-motoriza-el-desarrollo-regional\/","og_site_name":"Puerto de Concepci\u00f3n del Uruguay","article_published_time":"2020-01-05T21:06:38+00:00","og_image":[{"width":900,"height":675,"url":"https:\/\/www.puertocdelu.com.ar\/wp-content\/uploads\/2020\/01\/1578239052jpg.jpg","type":"image\/jpeg"}],"author":"PuertoCdelU","twitter_card":"summary_large_image","twitter_misc":{"Escrito por":"PuertoCdelU","Tiempo de lectura":"2 minutos"},"schema":{"@context":"https:\/\/schema.org","@graph":[{"@type":"Article","@id":"https:\/\/www.puertocdelu.com.ar\/index.php\/2020\/01\/05\/la-complementariedad-de-los-puertos-entrerrianos-motoriza-el-desarrollo-regional\/#article","isPartOf":{"@id":"https:\/\/www.puertocdelu.com.ar\/index.php\/2020\/01\/05\/la-complementariedad-de-los-puertos-entrerrianos-motoriza-el-desarrollo-regional\/"},"author":{"name":"PuertoCdelU","@id":"https:\/\/www.puertocdelu.com.ar\/#\/schema\/person\/9d258b923b29bd5f47ca80d9c8cd72d1"},"headline":"La complementariedad de los puertos entrerrianos motoriza el desarrollo regional","datePublished":"2020-01-05T21:06:38+00:00","mainEntityOfPage":{"@id":"https:\/\/www.puertocdelu.com.ar\/index.php\/2020\/01\/05\/la-complementariedad-de-los-puertos-entrerrianos-motoriza-el-desarrollo-regional\/"},"wordCount":378,"commentCount":0,"image":{"@id":"https:\/\/www.puertocdelu.com.ar\/index.php\/2020\/01\/05\/la-complementariedad-de-los-puertos-entrerrianos-motoriza-el-desarrollo-regional\/#primaryimage"},"thumbnailUrl":"https:\/\/www.puertocdelu.com.ar\/wp-content\/uploads\/2020\/01\/1578239052jpg.jpg","articleSection":["Noticias"],"inLanguage":"es","potentialAction":[{"@type":"CommentAction","name":"Comment","target":["https:\/\/www.puertocdelu.com.ar\/index.php\/2020\/01\/05\/la-complementariedad-de-los-puertos-entrerrianos-motoriza-el-desarrollo-regional\/#respond"]}]},{"@type":"WebPage","@id":"https:\/\/www.puertocdelu.com.ar\/index.php\/2020\/01\/05\/la-complementariedad-de-los-puertos-entrerrianos-motoriza-el-desarrollo-regional\/","url":"https:\/\/www.puertocdelu.com.ar\/index.php\/2020\/01\/05\/la-complementariedad-de-los-puertos-entrerrianos-motoriza-el-desarrollo-regional\/","name":"La complementariedad de los puertos entrerrianos motoriza el desarrollo regional - Puerto de Concepci\u00f3n del Uruguay","isPartOf":{"@id":"https:\/\/www.puertocdelu.com.ar\/#website"},"primaryImageOfPage":{"@id":"https:\/\/www.puertocdelu.com.ar\/index.php\/2020\/01\/05\/la-complementariedad-de-los-puertos-entrerrianos-motoriza-el-desarrollo-regional\/#primaryimage"},"image":{"@id":"https:\/\/www.puertocdelu.com.ar\/index.php\/2020\/01\/05\/la-complementariedad-de-los-puertos-entrerrianos-motoriza-el-desarrollo-regional\/#primaryimage"},"thumbnailUrl":"https:\/\/www.puertocdelu.com.ar\/wp-content\/uploads\/2020\/01\/1578239052jpg.jpg","datePublished":"2020-01-05T21:06:38+00:00","author":{"@id":"https:\/\/www.puertocdelu.com.ar\/#\/schema\/person\/9d258b923b29bd5f47ca80d9c8cd72d1"},"breadcrumb":{"@id":"https:\/\/www.puertocdelu.com.ar\/index.php\/2020\/01\/05\/la-complementariedad-de-los-puertos-entrerrianos-motoriza-el-desarrollo-regional\/#breadcrumb"},"inLanguage":"es","potentialAction":[{"@type":"ReadAction","target":["https:\/\/www.puertocdelu.com.ar\/index.php\/2020\/01\/05\/la-complementariedad-de-los-puertos-entrerrianos-motoriza-el-desarrollo-regional\/"]}]},{"@type":"ImageObject","inLanguage":"es","@id":"https:\/\/www.puertocdelu.com.ar\/index.php\/2020\/01\/05\/la-complementariedad-de-los-puertos-entrerrianos-motoriza-el-desarrollo-regional\/#primaryimage","url":"https:\/\/www.puertocdelu.com.ar\/wp-content\/uploads\/2020\/01\/1578239052jpg.jpg","contentUrl":"https:\/\/www.puertocdelu.com.ar\/wp-content\/uploads\/2020\/01\/1578239052jpg.jpg","width":900,"height":675},{"@type":"BreadcrumbList","@id":"https:\/\/www.puertocdelu.com.ar\/index.php\/2020\/01\/05\/la-complementariedad-de-los-puertos-entrerrianos-motoriza-el-desarrollo-regional\/#breadcrumb","itemListElement":[{"@type":"ListItem","position":1,"name":"Portada","item":"https:\/\/www.puertocdelu.com.ar\/"},{"@type":"ListItem","position":2,"name":"La complementariedad de los puertos entrerrianos motoriza el desarrollo regional"}]},{"@type":"WebSite","@id":"https:\/\/www.puertocdelu.com.ar\/#website","url":"https:\/\/www.puertocdelu.com.ar\/","name":"Puerto de Concepci\u00f3n del Uruguay","description":"","potentialAction":[{"@type":"SearchAction","target":{"@type":"EntryPoint","urlTemplate":"https:\/\/www.puertocdelu.com.ar\/?s={search_term_string}"},"query-input":{"@type":"PropertyValueSpecification","valueRequired":true,"valueName":"search_term_string"}}],"inLanguage":"es"},{"@type":"Person","@id":"https:\/\/www.puertocdelu.com.ar\/#\/schema\/person\/9d258b923b29bd5f47ca80d9c8cd72d1","name":"PuertoCdelU","image":{"@type":"ImageObject","inLanguage":"es","@id":"https:\/\/secure.gravatar.com\/avatar\/99e38dea1727d397df18aced5ac6840012bb7f24c8570dcfafabb73086aed88c?s=96&d=mm&r=g","url":"https:\/\/secure.gravatar.com\/avatar\/99e38dea1727d397df18aced5ac6840012bb7f24c8570dcfafabb73086aed88c?s=96&d=mm&r=g","contentUrl":"https:\/\/secure.gravatar.com\/avatar\/99e38dea1727d397df18aced5ac6840012bb7f24c8570dcfafabb73086aed88c?s=96&d=mm&r=g","caption":"PuertoCdelU"},"url":"https:\/\/www.puertocdelu.com.ar\/index.php\/author\/hectordelos1\/"}]}},"_links":{"self":[{"href":"https:\/\/www.puertocdelu.com.ar\/index.php\/wp-json\/wp\/v2\/posts\/1896","targetHints":{"allow":["GET"]}}],"collection":[{"href":"https:\/\/www.puertocdelu.com.ar\/index.php\/wp-json\/wp\/v2\/posts"}],"about":[{"href":"https:\/\/www.puertocdelu.com.ar\/index.php\/wp-json\/wp\/v2\/types\/post"}],"author":[{"embeddable":true,"href":"https:\/\/www.puertocdelu.com.ar\/index.php\/wp-json\/wp\/v2\/users\/1"}],"replies":[{"embeddable":true,"href":"https:\/\/www.puertocdelu.com.ar\/index.php\/wp-json\/wp\/v2\/comments?post=1896"}],"version-history":[{"count":1,"href":"https:\/\/www.puertocdelu.com.ar\/index.php\/wp-json\/wp\/v2\/posts\/1896\/revisions"}],"predecessor-version":[{"id":1899,"href":"https:\/\/www.puertocdelu.com.ar\/index.php\/wp-json\/wp\/v2\/posts\/1896\/revisions\/1899"}],"wp:featuredmedia":[{"embeddable":true,"href":"https:\/\/www.puertocdelu.com.ar\/index.php\/wp-json\/wp\/v2\/media\/1897"}],"wp:attachment":[{"href":"https:\/\/www.puertocdelu.com.ar\/index.php\/wp-json\/wp\/v2\/media?parent=1896"}],"wp:term":[{"taxonomy":"category","embeddable":true,"href":"https:\/\/www.puertocdelu.com.ar\/index.php\/wp-json\/wp\/v2\/categories?post=1896"},{"taxonomy":"post_tag","embeddable":true,"href":"https:\/\/www.puertocdelu.com.ar\/index.php\/wp-json\/wp\/v2\/tags?post=1896"}],"curies":[{"name":"wp","href":"https:\/\/api.w.org\/{rel}","templated":true}]}}