{"id":1909,"date":"2020-01-24T15:35:41","date_gmt":"2020-01-24T15:35:41","guid":{"rendered":"http:\/\/www.puertocdelu.com.ar\/?p=1909"},"modified":"2020-01-27T15:37:23","modified_gmt":"2020-01-27T15:37:23","slug":"el-ministro-de-produccion-aseguro-que-los-puertos-generan-trabajo-genuino","status":"publish","type":"post","link":"https:\/\/www.puertocdelu.com.ar\/index.php\/2020\/01\/24\/el-ministro-de-produccion-aseguro-que-los-puertos-generan-trabajo-genuino\/","title":{"rendered":"El ministro de Producci\u00f3n asegur\u00f3 que los puertos generan trabajo genuino"},"content":{"rendered":"<p>El ministro de Producci\u00f3n y Turismo, Juan Jos\u00e9 Bahillo, recorri\u00f3 la zona de embarque del puerto de Concepci\u00f3n del Uruguay donde el buque TS Honour est\u00e1 cargando 20.000 toneladas de troncos de madera de pino con destino a China.<\/p>\n<p>Bahillo, observ\u00f3 en el lugar la operatoria que involucra decenas de camiones y operarios que abastecen de forma constante a las gr\u00faas que completan las cinco bodegas del ultramarino. \u201cEste trabajo ha puesto en movimiento una enorme cadena log\u00edstica que genera empleo genuino a lo largo de cada actividad, desde los productores, hasta los cientos de camioneros involucrados, guincheros, anotadores, proveedores y administrativos que involucra esa actividad\u201d, detall\u00f3.<\/p>\n<p>Pablo G\u00f3mez, representante de la empresa exportadora Urcel Argentina, brind\u00f3 detalles al ministro sobre los alcances del trabajo que la firma lleva adelante en Entre R\u00edos hace m\u00e1s de un a\u00f1o y que ya suma 20 embarques de madera con destino a China.<\/p>\n<p>\u201cLogramos abrir el mercado chino para la madera entrerriana. Con los excelentes resultados que hemos obtenido en cuanto a vol\u00famenes y ritmo de carga, ahora estamos muy cerca de comenzar a exportar a la India, otro gran mercado para la producci\u00f3n de la provincia que nos permitir\u00e1 fortalecernos desde los puertos entrerrianos\u201d, remarc\u00f3 G\u00f3mez.<\/p>\n<p>En este mismo sentido, se avanza para extender las v\u00edas del ferrocarril en el marco de la reactivaci\u00f3n del tren de cargas que hoy llega hasta el puerto de Ibicuy con cuatro formaciones por semana para acopiar madera seg\u00fan precis\u00f3 el presidente de Instituto Portuario Provincial de Entre R\u00edos, Carlos Schepens, quien acompa\u00f1\u00f3 a Bahillo y al intendente de Concepci\u00f3n del Uruguay Mart\u00edn Oliva.<\/p>\n<p>\u201cLo que ha logrado Entre R\u00edos reactivando el tren de cargas es un s\u00edmbolo del trabajo que el gobierno de Gustavo Bordet lleva adelante para reactivar los puertos y generar ventajas para los productores, ahora la intenci\u00f3n es conectar todo la Mesopotamia, Paraguay y el sur de Brasil a trav\u00e9s del tren, ya se est\u00e1 haciendo y hemos llegado hasta Santo Tom\u00e9 y Tapebicu\u00e1, en la provincia de Corrientes, abriendo un canal de transporte que estuvo anulado por m\u00e1s de 30 a\u00f1os, esto le ha generado mayor actividad a los puertos entrerrianos y queremos seguir avanzando en este sentido\u201d, remarc\u00f3 el jefe de la cartera productiva.<\/p>\n<p>Durante el encuentro se destac\u00f3 la necesidad de reforzar las cadenas log\u00edsticas para generar ventajas competitivas a los sectores productivos e industriales interesados en utilizar los puertos entrerrianos como puntos de salida al mundo a trav\u00e9s de las exportaciones. En consecuencia, Schepens especific\u00f3: \u201cEl puerto de Concepci\u00f3n del Uruguay est\u00e1 en marcha y creciendo, y el puerto de Ibicuy es un punto estrat\u00e9gico sobre el cual continuaremos trabajando, lo pusimos en marcha luego de ocho a\u00f1os paralizado y hoy est\u00e1 para convertirse en un pilar de la hidrov\u00eda, como puerta de entrada a todo el mercado que llega desde distintas partes del mundo, y como salida oce\u00e1nica de todos los pa\u00edses que usan la hidrov\u00eda del Paran\u00e1 como canal de exportaci\u00f3n\u201d.<\/p>\n<p>(Ministerio de Producci\u00f3n y Turismo)<\/p>\n","protected":false},"excerpt":{"rendered":"<p>El ministro de Producci\u00f3n y Turismo, Juan Jos\u00e9 Bahillo, recorri\u00f3 la zona de embarque del puerto de Concepci\u00f3n del Uruguay donde el buque TS Honour est\u00e1 cargando 20.000 toneladas de troncos de madera de pino con destino a China. Bahillo, observ\u00f3 en el lugar la operatoria que involucra decenas de camiones y operarios que abastecen [&hellip;]<\/p>\n","protected":false},"author":1,"featured_media":1910,"comment_status":"open","ping_status":"open","sticky":false,"template":"","format":"standard","meta":{"footnotes":""},"categories":[81],"tags":[],"class_list":{"0":"post-1909","1":"post","2":"type-post","3":"status-publish","4":"format-standard","5":"has-post-thumbnail","7":"category-noticias"},"yoast_head":"<!-- This site is optimized with the Yoast SEO plugin v27.4 - https:\/\/yoast.com\/product\/yoast-seo-wordpress\/ -->\n<title>El ministro de Producci\u00f3n asegur\u00f3 que los puertos generan trabajo genuino - Puerto de Concepci\u00f3n del Uruguay<\/title>\n<meta name=\"robots\" content=\"index, follow, max-snippet:-1, max-image-preview:large, max-video-preview:-1\" \/>\n<link rel=\"canonical\" href=\"https:\/\/www.puertocdelu.com.ar\/index.php\/2020\/01\/24\/el-ministro-de-produccion-aseguro-que-los-puertos-generan-trabajo-genuino\/\" \/>\n<meta property=\"og:locale\" content=\"es_ES\" \/>\n<meta property=\"og:type\" content=\"article\" \/>\n<meta property=\"og:title\" content=\"El ministro de Producci\u00f3n asegur\u00f3 que los puertos generan trabajo genuino - Puerto de Concepci\u00f3n del Uruguay\" \/>\n<meta property=\"og:description\" content=\"El ministro de Producci\u00f3n y Turismo, Juan Jos\u00e9 Bahillo, recorri\u00f3 la zona de embarque del puerto de Concepci\u00f3n del Uruguay donde el buque TS Honour est\u00e1 cargando 20.000 toneladas de troncos de madera de pino con destino a China. Bahillo, observ\u00f3 en el lugar la operatoria que involucra decenas de camiones y operarios que abastecen [&hellip;]\" \/>\n<meta property=\"og:url\" content=\"https:\/\/www.puertocdelu.com.ar\/index.php\/2020\/01\/24\/el-ministro-de-produccion-aseguro-que-los-puertos-generan-trabajo-genuino\/\" \/>\n<meta property=\"og:site_name\" content=\"Puerto de Concepci\u00f3n del Uruguay\" \/>\n<meta property=\"article:published_time\" content=\"2020-01-24T15:35:41+00:00\" \/>\n<meta property=\"article:modified_time\" content=\"2020-01-27T15:37:23+00:00\" \/>\n<meta property=\"og:image\" content=\"https:\/\/www.puertocdelu.com.ar\/wp-content\/uploads\/2020\/01\/IMG_1057.jpg\" \/>\n\t<meta property=\"og:image:width\" content=\"900\" \/>\n\t<meta property=\"og:image:height\" content=\"675\" \/>\n\t<meta property=\"og:image:type\" content=\"image\/jpeg\" \/>\n<meta name=\"author\" content=\"PuertoCdelU\" \/>\n<meta name=\"twitter:card\" content=\"summary_large_image\" \/>\n<meta name=\"twitter:label1\" content=\"Escrito por\" \/>\n\t<meta name=\"twitter:data1\" content=\"PuertoCdelU\" \/>\n\t<meta name=\"twitter:label2\" content=\"Tiempo de lectura\" \/>\n\t<meta name=\"twitter:data2\" content=\"3 minutos\" \/>\n<script type=\"application\/ld+json\" class=\"yoast-schema-graph\">{\"@context\":\"https:\\\/\\\/schema.org\",\"@graph\":[{\"@type\":\"Article\",\"@id\":\"https:\\\/\\\/www.puertocdelu.com.ar\\\/index.php\\\/2020\\\/01\\\/24\\\/el-ministro-de-produccion-aseguro-que-los-puertos-generan-trabajo-genuino\\\/#article\",\"isPartOf\":{\"@id\":\"https:\\\/\\\/www.puertocdelu.com.ar\\\/index.php\\\/2020\\\/01\\\/24\\\/el-ministro-de-produccion-aseguro-que-los-puertos-generan-trabajo-genuino\\\/\"},\"author\":{\"name\":\"PuertoCdelU\",\"@id\":\"https:\\\/\\\/www.puertocdelu.com.ar\\\/#\\\/schema\\\/person\\\/9d258b923b29bd5f47ca80d9c8cd72d1\"},\"headline\":\"El ministro de Producci\u00f3n asegur\u00f3 que los puertos generan trabajo genuino\",\"datePublished\":\"2020-01-24T15:35:41+00:00\",\"dateModified\":\"2020-01-27T15:37:23+00:00\",\"mainEntityOfPage\":{\"@id\":\"https:\\\/\\\/www.puertocdelu.com.ar\\\/index.php\\\/2020\\\/01\\\/24\\\/el-ministro-de-produccion-aseguro-que-los-puertos-generan-trabajo-genuino\\\/\"},\"wordCount\":543,\"commentCount\":0,\"image\":{\"@id\":\"https:\\\/\\\/www.puertocdelu.com.ar\\\/index.php\\\/2020\\\/01\\\/24\\\/el-ministro-de-produccion-aseguro-que-los-puertos-generan-trabajo-genuino\\\/#primaryimage\"},\"thumbnailUrl\":\"https:\\\/\\\/www.puertocdelu.com.ar\\\/wp-content\\\/uploads\\\/2020\\\/01\\\/IMG_1057.jpg\",\"articleSection\":[\"Noticias\"],\"inLanguage\":\"es\",\"potentialAction\":[{\"@type\":\"CommentAction\",\"name\":\"Comment\",\"target\":[\"https:\\\/\\\/www.puertocdelu.com.ar\\\/index.php\\\/2020\\\/01\\\/24\\\/el-ministro-de-produccion-aseguro-que-los-puertos-generan-trabajo-genuino\\\/#respond\"]}]},{\"@type\":\"WebPage\",\"@id\":\"https:\\\/\\\/www.puertocdelu.com.ar\\\/index.php\\\/2020\\\/01\\\/24\\\/el-ministro-de-produccion-aseguro-que-los-puertos-generan-trabajo-genuino\\\/\",\"url\":\"https:\\\/\\\/www.puertocdelu.com.ar\\\/index.php\\\/2020\\\/01\\\/24\\\/el-ministro-de-produccion-aseguro-que-los-puertos-generan-trabajo-genuino\\\/\",\"name\":\"El ministro de Producci\u00f3n asegur\u00f3 que los puertos generan trabajo genuino - Puerto de Concepci\u00f3n del Uruguay\",\"isPartOf\":{\"@id\":\"https:\\\/\\\/www.puertocdelu.com.ar\\\/#website\"},\"primaryImageOfPage\":{\"@id\":\"https:\\\/\\\/www.puertocdelu.com.ar\\\/index.php\\\/2020\\\/01\\\/24\\\/el-ministro-de-produccion-aseguro-que-los-puertos-generan-trabajo-genuino\\\/#primaryimage\"},\"image\":{\"@id\":\"https:\\\/\\\/www.puertocdelu.com.ar\\\/index.php\\\/2020\\\/01\\\/24\\\/el-ministro-de-produccion-aseguro-que-los-puertos-generan-trabajo-genuino\\\/#primaryimage\"},\"thumbnailUrl\":\"https:\\\/\\\/www.puertocdelu.com.ar\\\/wp-content\\\/uploads\\\/2020\\\/01\\\/IMG_1057.jpg\",\"datePublished\":\"2020-01-24T15:35:41+00:00\",\"dateModified\":\"2020-01-27T15:37:23+00:00\",\"author\":{\"@id\":\"https:\\\/\\\/www.puertocdelu.com.ar\\\/#\\\/schema\\\/person\\\/9d258b923b29bd5f47ca80d9c8cd72d1\"},\"breadcrumb\":{\"@id\":\"https:\\\/\\\/www.puertocdelu.com.ar\\\/index.php\\\/2020\\\/01\\\/24\\\/el-ministro-de-produccion-aseguro-que-los-puertos-generan-trabajo-genuino\\\/#breadcrumb\"},\"inLanguage\":\"es\",\"potentialAction\":[{\"@type\":\"ReadAction\",\"target\":[\"https:\\\/\\\/www.puertocdelu.com.ar\\\/index.php\\\/2020\\\/01\\\/24\\\/el-ministro-de-produccion-aseguro-que-los-puertos-generan-trabajo-genuino\\\/\"]}]},{\"@type\":\"ImageObject\",\"inLanguage\":\"es\",\"@id\":\"https:\\\/\\\/www.puertocdelu.com.ar\\\/index.php\\\/2020\\\/01\\\/24\\\/el-ministro-de-produccion-aseguro-que-los-puertos-generan-trabajo-genuino\\\/#primaryimage\",\"url\":\"https:\\\/\\\/www.puertocdelu.com.ar\\\/wp-content\\\/uploads\\\/2020\\\/01\\\/IMG_1057.jpg\",\"contentUrl\":\"https:\\\/\\\/www.puertocdelu.com.ar\\\/wp-content\\\/uploads\\\/2020\\\/01\\\/IMG_1057.jpg\",\"width\":900,\"height\":675},{\"@type\":\"BreadcrumbList\",\"@id\":\"https:\\\/\\\/www.puertocdelu.com.ar\\\/index.php\\\/2020\\\/01\\\/24\\\/el-ministro-de-produccion-aseguro-que-los-puertos-generan-trabajo-genuino\\\/#breadcrumb\",\"itemListElement\":[{\"@type\":\"ListItem\",\"position\":1,\"name\":\"Portada\",\"item\":\"https:\\\/\\\/www.puertocdelu.com.ar\\\/\"},{\"@type\":\"ListItem\",\"position\":2,\"name\":\"El ministro de Producci\u00f3n asegur\u00f3 que los puertos generan trabajo genuino\"}]},{\"@type\":\"WebSite\",\"@id\":\"https:\\\/\\\/www.puertocdelu.com.ar\\\/#website\",\"url\":\"https:\\\/\\\/www.puertocdelu.com.ar\\\/\",\"name\":\"Puerto de Concepci\u00f3n del Uruguay\",\"description\":\"\",\"potentialAction\":[{\"@type\":\"SearchAction\",\"target\":{\"@type\":\"EntryPoint\",\"urlTemplate\":\"https:\\\/\\\/www.puertocdelu.com.ar\\\/?s={search_term_string}\"},\"query-input\":{\"@type\":\"PropertyValueSpecification\",\"valueRequired\":true,\"valueName\":\"search_term_string\"}}],\"inLanguage\":\"es\"},{\"@type\":\"Person\",\"@id\":\"https:\\\/\\\/www.puertocdelu.com.ar\\\/#\\\/schema\\\/person\\\/9d258b923b29bd5f47ca80d9c8cd72d1\",\"name\":\"PuertoCdelU\",\"image\":{\"@type\":\"ImageObject\",\"inLanguage\":\"es\",\"@id\":\"https:\\\/\\\/secure.gravatar.com\\\/avatar\\\/99e38dea1727d397df18aced5ac6840012bb7f24c8570dcfafabb73086aed88c?s=96&d=mm&r=g\",\"url\":\"https:\\\/\\\/secure.gravatar.com\\\/avatar\\\/99e38dea1727d397df18aced5ac6840012bb7f24c8570dcfafabb73086aed88c?s=96&d=mm&r=g\",\"contentUrl\":\"https:\\\/\\\/secure.gravatar.com\\\/avatar\\\/99e38dea1727d397df18aced5ac6840012bb7f24c8570dcfafabb73086aed88c?s=96&d=mm&r=g\",\"caption\":\"PuertoCdelU\"},\"url\":\"https:\\\/\\\/www.puertocdelu.com.ar\\\/index.php\\\/author\\\/hectordelos1\\\/\"}]}<\/script>\n<!-- \/ Yoast SEO plugin. -->","yoast_head_json":{"title":"El ministro de Producci\u00f3n asegur\u00f3 que los puertos generan trabajo genuino - Puerto de Concepci\u00f3n del Uruguay","robots":{"index":"index","follow":"follow","max-snippet":"max-snippet:-1","max-image-preview":"max-image-preview:large","max-video-preview":"max-video-preview:-1"},"canonical":"https:\/\/www.puertocdelu.com.ar\/index.php\/2020\/01\/24\/el-ministro-de-produccion-aseguro-que-los-puertos-generan-trabajo-genuino\/","og_locale":"es_ES","og_type":"article","og_title":"El ministro de Producci\u00f3n asegur\u00f3 que los puertos generan trabajo genuino - Puerto de Concepci\u00f3n del Uruguay","og_description":"El ministro de Producci\u00f3n y Turismo, Juan Jos\u00e9 Bahillo, recorri\u00f3 la zona de embarque del puerto de Concepci\u00f3n del Uruguay donde el buque TS Honour est\u00e1 cargando 20.000 toneladas de troncos de madera de pino con destino a China. Bahillo, observ\u00f3 en el lugar la operatoria que involucra decenas de camiones y operarios que abastecen [&hellip;]","og_url":"https:\/\/www.puertocdelu.com.ar\/index.php\/2020\/01\/24\/el-ministro-de-produccion-aseguro-que-los-puertos-generan-trabajo-genuino\/","og_site_name":"Puerto de Concepci\u00f3n del Uruguay","article_published_time":"2020-01-24T15:35:41+00:00","article_modified_time":"2020-01-27T15:37:23+00:00","og_image":[{"width":900,"height":675,"url":"https:\/\/www.puertocdelu.com.ar\/wp-content\/uploads\/2020\/01\/IMG_1057.jpg","type":"image\/jpeg"}],"author":"PuertoCdelU","twitter_card":"summary_large_image","twitter_misc":{"Escrito por":"PuertoCdelU","Tiempo de lectura":"3 minutos"},"schema":{"@context":"https:\/\/schema.org","@graph":[{"@type":"Article","@id":"https:\/\/www.puertocdelu.com.ar\/index.php\/2020\/01\/24\/el-ministro-de-produccion-aseguro-que-los-puertos-generan-trabajo-genuino\/#article","isPartOf":{"@id":"https:\/\/www.puertocdelu.com.ar\/index.php\/2020\/01\/24\/el-ministro-de-produccion-aseguro-que-los-puertos-generan-trabajo-genuino\/"},"author":{"name":"PuertoCdelU","@id":"https:\/\/www.puertocdelu.com.ar\/#\/schema\/person\/9d258b923b29bd5f47ca80d9c8cd72d1"},"headline":"El ministro de Producci\u00f3n asegur\u00f3 que los puertos generan trabajo genuino","datePublished":"2020-01-24T15:35:41+00:00","dateModified":"2020-01-27T15:37:23+00:00","mainEntityOfPage":{"@id":"https:\/\/www.puertocdelu.com.ar\/index.php\/2020\/01\/24\/el-ministro-de-produccion-aseguro-que-los-puertos-generan-trabajo-genuino\/"},"wordCount":543,"commentCount":0,"image":{"@id":"https:\/\/www.puertocdelu.com.ar\/index.php\/2020\/01\/24\/el-ministro-de-produccion-aseguro-que-los-puertos-generan-trabajo-genuino\/#primaryimage"},"thumbnailUrl":"https:\/\/www.puertocdelu.com.ar\/wp-content\/uploads\/2020\/01\/IMG_1057.jpg","articleSection":["Noticias"],"inLanguage":"es","potentialAction":[{"@type":"CommentAction","name":"Comment","target":["https:\/\/www.puertocdelu.com.ar\/index.php\/2020\/01\/24\/el-ministro-de-produccion-aseguro-que-los-puertos-generan-trabajo-genuino\/#respond"]}]},{"@type":"WebPage","@id":"https:\/\/www.puertocdelu.com.ar\/index.php\/2020\/01\/24\/el-ministro-de-produccion-aseguro-que-los-puertos-generan-trabajo-genuino\/","url":"https:\/\/www.puertocdelu.com.ar\/index.php\/2020\/01\/24\/el-ministro-de-produccion-aseguro-que-los-puertos-generan-trabajo-genuino\/","name":"El ministro de Producci\u00f3n asegur\u00f3 que los puertos generan trabajo genuino - Puerto de Concepci\u00f3n del Uruguay","isPartOf":{"@id":"https:\/\/www.puertocdelu.com.ar\/#website"},"primaryImageOfPage":{"@id":"https:\/\/www.puertocdelu.com.ar\/index.php\/2020\/01\/24\/el-ministro-de-produccion-aseguro-que-los-puertos-generan-trabajo-genuino\/#primaryimage"},"image":{"@id":"https:\/\/www.puertocdelu.com.ar\/index.php\/2020\/01\/24\/el-ministro-de-produccion-aseguro-que-los-puertos-generan-trabajo-genuino\/#primaryimage"},"thumbnailUrl":"https:\/\/www.puertocdelu.com.ar\/wp-content\/uploads\/2020\/01\/IMG_1057.jpg","datePublished":"2020-01-24T15:35:41+00:00","dateModified":"2020-01-27T15:37:23+00:00","author":{"@id":"https:\/\/www.puertocdelu.com.ar\/#\/schema\/person\/9d258b923b29bd5f47ca80d9c8cd72d1"},"breadcrumb":{"@id":"https:\/\/www.puertocdelu.com.ar\/index.php\/2020\/01\/24\/el-ministro-de-produccion-aseguro-que-los-puertos-generan-trabajo-genuino\/#breadcrumb"},"inLanguage":"es","potentialAction":[{"@type":"ReadAction","target":["https:\/\/www.puertocdelu.com.ar\/index.php\/2020\/01\/24\/el-ministro-de-produccion-aseguro-que-los-puertos-generan-trabajo-genuino\/"]}]},{"@type":"ImageObject","inLanguage":"es","@id":"https:\/\/www.puertocdelu.com.ar\/index.php\/2020\/01\/24\/el-ministro-de-produccion-aseguro-que-los-puertos-generan-trabajo-genuino\/#primaryimage","url":"https:\/\/www.puertocdelu.com.ar\/wp-content\/uploads\/2020\/01\/IMG_1057.jpg","contentUrl":"https:\/\/www.puertocdelu.com.ar\/wp-content\/uploads\/2020\/01\/IMG_1057.jpg","width":900,"height":675},{"@type":"BreadcrumbList","@id":"https:\/\/www.puertocdelu.com.ar\/index.php\/2020\/01\/24\/el-ministro-de-produccion-aseguro-que-los-puertos-generan-trabajo-genuino\/#breadcrumb","itemListElement":[{"@type":"ListItem","position":1,"name":"Portada","item":"https:\/\/www.puertocdelu.com.ar\/"},{"@type":"ListItem","position":2,"name":"El ministro de Producci\u00f3n asegur\u00f3 que los puertos generan trabajo genuino"}]},{"@type":"WebSite","@id":"https:\/\/www.puertocdelu.com.ar\/#website","url":"https:\/\/www.puertocdelu.com.ar\/","name":"Puerto de Concepci\u00f3n del Uruguay","description":"","potentialAction":[{"@type":"SearchAction","target":{"@type":"EntryPoint","urlTemplate":"https:\/\/www.puertocdelu.com.ar\/?s={search_term_string}"},"query-input":{"@type":"PropertyValueSpecification","valueRequired":true,"valueName":"search_term_string"}}],"inLanguage":"es"},{"@type":"Person","@id":"https:\/\/www.puertocdelu.com.ar\/#\/schema\/person\/9d258b923b29bd5f47ca80d9c8cd72d1","name":"PuertoCdelU","image":{"@type":"ImageObject","inLanguage":"es","@id":"https:\/\/secure.gravatar.com\/avatar\/99e38dea1727d397df18aced5ac6840012bb7f24c8570dcfafabb73086aed88c?s=96&d=mm&r=g","url":"https:\/\/secure.gravatar.com\/avatar\/99e38dea1727d397df18aced5ac6840012bb7f24c8570dcfafabb73086aed88c?s=96&d=mm&r=g","contentUrl":"https:\/\/secure.gravatar.com\/avatar\/99e38dea1727d397df18aced5ac6840012bb7f24c8570dcfafabb73086aed88c?s=96&d=mm&r=g","caption":"PuertoCdelU"},"url":"https:\/\/www.puertocdelu.com.ar\/index.php\/author\/hectordelos1\/"}]}},"_links":{"self":[{"href":"https:\/\/www.puertocdelu.com.ar\/index.php\/wp-json\/wp\/v2\/posts\/1909","targetHints":{"allow":["GET"]}}],"collection":[{"href":"https:\/\/www.puertocdelu.com.ar\/index.php\/wp-json\/wp\/v2\/posts"}],"about":[{"href":"https:\/\/www.puertocdelu.com.ar\/index.php\/wp-json\/wp\/v2\/types\/post"}],"author":[{"embeddable":true,"href":"https:\/\/www.puertocdelu.com.ar\/index.php\/wp-json\/wp\/v2\/users\/1"}],"replies":[{"embeddable":true,"href":"https:\/\/www.puertocdelu.com.ar\/index.php\/wp-json\/wp\/v2\/comments?post=1909"}],"version-history":[{"count":1,"href":"https:\/\/www.puertocdelu.com.ar\/index.php\/wp-json\/wp\/v2\/posts\/1909\/revisions"}],"predecessor-version":[{"id":1911,"href":"https:\/\/www.puertocdelu.com.ar\/index.php\/wp-json\/wp\/v2\/posts\/1909\/revisions\/1911"}],"wp:featuredmedia":[{"embeddable":true,"href":"https:\/\/www.puertocdelu.com.ar\/index.php\/wp-json\/wp\/v2\/media\/1910"}],"wp:attachment":[{"href":"https:\/\/www.puertocdelu.com.ar\/index.php\/wp-json\/wp\/v2\/media?parent=1909"}],"wp:term":[{"taxonomy":"category","embeddable":true,"href":"https:\/\/www.puertocdelu.com.ar\/index.php\/wp-json\/wp\/v2\/categories?post=1909"},{"taxonomy":"post_tag","embeddable":true,"href":"https:\/\/www.puertocdelu.com.ar\/index.php\/wp-json\/wp\/v2\/tags?post=1909"}],"curies":[{"name":"wp","href":"https:\/\/api.w.org\/{rel}","templated":true}]}}