{"id":1971,"date":"2020-03-16T10:37:45","date_gmt":"2020-03-16T10:37:45","guid":{"rendered":"http:\/\/www.puertocdelu.com.ar\/?p=1971"},"modified":"2020-03-18T10:38:37","modified_gmt":"2020-03-18T10:38:37","slug":"entre-rios-presento-el-desarrollo-del-transporte-multimodal-ante-el-comite-de-la-cuenca-del-rio-uruguay","status":"publish","type":"post","link":"https:\/\/www.puertocdelu.com.ar\/index.php\/2020\/03\/16\/entre-rios-presento-el-desarrollo-del-transporte-multimodal-ante-el-comite-de-la-cuenca-del-rio-uruguay\/","title":{"rendered":"Entre R\u00edos present\u00f3 el desarrollo del transporte multimodal ante el Comit\u00e9 de la Cuenca del R\u00edo Uruguay"},"content":{"rendered":"<p>La reuni\u00f3n del Comit\u00e9 conformado por ciudades argentinas, uruguayas y brasile\u00f1as situadas a la vera de este r\u00edo trinacional, y que buscan conformar un bloque regional con intereses comunes de crecimiento para sus poblaciones, se desarroll\u00f3 en Concepci\u00f3n del Uruguay.<\/p>\n<p>El presidente del Ente Portuario de Concepci\u00f3n del Uruguay, Marcelo Gay Balm\u00e1z, particip\u00f3 del encuentro en representaci\u00f3n del Instituto Portuario del Ministerio de Producci\u00f3n de Entre R\u00edos, quien expuso sobre el desarrollo del transporte multimodal y la importancia de la complementariedad de los puertos entrerrianos y uruguayos como salida al mundo de las exportaciones de toda la cuenca del r\u00edo Uruguay.<\/p>\n<p>La reuni\u00f3n se desarroll\u00f3 en el sal\u00f3n de conferencias del Centro Comercial y fue presidido por el intendente de la ciudad, Mart\u00edn Oliva, quien tras la bienvenida expres\u00f3 su satisfacci\u00f3n por ser esta la primera reuni\u00f3n del 2020, a\u00f1o en que se conmemoran 10 a\u00f1os ininterrumpidos de unidad de acci\u00f3n de los gobiernos subnacionales y locales en la Cuenca del r\u00edo Uruguay.<\/p>\n<p>Tambi\u00e9n estuvieron presentes Jos\u00e9 Eduardo Lauritto, presidente de la Delegaci\u00f3n Argentina ante la Comisi\u00f3n Administradora del R\u00edo Uruguay; la diputada nacional uruguaya, Cecilia Bottino; el presidente del Movimiento Trinacional de ONGs Barra do Quara\u00ed \u2013 Bella Uni\u00f3n \u2013 Monte Caseros, Argemiro Rocha; el director de Relaciones P\u00fablicas de la Intendencia de Salto, Alejandro Berm\u00fadez; el coordinador del Comit\u00e9, Daniel Bentancur, junto a las autoridades y representantes de las intendencias argentinas, uruguayas y brasileras que actualmente son miembros del comit\u00e9.<\/p>\n<p><b>Transporte Multimodal<\/b><\/p>\n<p>Marcelo Gay Balmaz resalt\u00f3 el compromiso con el desarrollo regional del gobierno provincial a trav\u00e9s de su Ministerio de Producci\u00f3n.<\/p>\n<p><a href=\"https:\/\/www.puertocdelu.com.ar\/wp-content\/uploads\/2020\/03\/comite02.jpg\"><img loading=\"lazy\" decoding=\"async\" class=\"aligncenter size-full wp-image-1973\" src=\"https:\/\/www.puertocdelu.com.ar\/wp-content\/uploads\/2020\/03\/comite02.jpg\" alt=\"\" width=\"900\" height=\"520\" srcset=\"https:\/\/www.puertocdelu.com.ar\/wp-content\/uploads\/2020\/03\/comite02.jpg 900w, https:\/\/www.puertocdelu.com.ar\/wp-content\/uploads\/2020\/03\/comite02-300x173.jpg 300w, https:\/\/www.puertocdelu.com.ar\/wp-content\/uploads\/2020\/03\/comite02-768x444.jpg 768w, https:\/\/www.puertocdelu.com.ar\/wp-content\/uploads\/2020\/03\/comite02-696x402.jpg 696w, https:\/\/www.puertocdelu.com.ar\/wp-content\/uploads\/2020\/03\/comite02-727x420.jpg 727w\" sizes=\"auto, (max-width: 900px) 100vw, 900px\" \/><\/a><\/p>\n<p>\u201cEl crecimiento de toda esta regi\u00f3n que hoy nos ocupa vive una coyuntura muy especial a partir de un plan de desarrollo de transporte multimodal que tiene a la provincia como protagonista central a partir de un desarrollo portuario activo y complementario con los puertos uruguayos. Esta situaci\u00f3n nos pone en condiciones de ser una salida al mundo competitiva y para la producci\u00f3n de toda la Mesopotamia, Uruguay, Paraguay, Bolivia y el sur de Brasil\u201d, plante\u00f3 Gay Balm\u00e1z ante los representantes de todas las ciudades presentes.<\/p>\n<p>El plan de desarrollo expuesto por el representante provincial, plantea una interconexi\u00f3n inicial Norte-Sur que recorre gran parte de su trayecto de forma paralela al r\u00edo Uruguay, uniendo las ciudades paraguayas de Asunci\u00f3n y Ciudad del Este a trav\u00e9s de rutas hasta Encarnaci\u00f3n, en el l\u00edmite con Argentina. Desde all\u00ed, y hasta el sur de Entre R\u00edos, se unir\u00e1 toda la regi\u00f3n a trav\u00e9s del ferrocarril de cargas, una l\u00ednea que ya ha sido reactivada en gran parte de este trayecto que hoy llega hasta norte de Corrientes.<\/p>\n<p>Precis\u00f3 que el Ministerio de Producci\u00f3n de Entre R\u00edos, a trav\u00e9s del Instituto Portuario, y en conjunto con empresas privadas interesadas en este desarrollo, \u2022est\u00e1n trabajando en los detalles de este plan y ya hay contratos firmados para avanzar en este sentido, por lo que todo esto ya ha dejado de ser solo una idea y es un plan concreto que ya est\u00e1 en marcha, todo esto posibilitar\u00e1 el acceso a nuestros puertos de millones de toneladas de producci\u00f3n que hoy tiene costos muy altos en fletes por cami\u00f3n\u201d.<\/p>\n<p>Record\u00f3 que hist\u00f3ricamente los puertos entrerrianos de Concepci\u00f3n del Uruguay e Ibicuy han trabajado complementariamente con los puertos de Montevideo, Paysand\u00fa y Fray Bentos, conformando as\u00ed un eje log\u00edstico que permite la salida de productos de distinto tipo, tanto a granel como a trav\u00e9s de contenedores.<\/p>\n<p>El funcionario portuario, se\u00f1al\u00f3 que \u201cParaguay en la actualidad tiene unas siete millones de toneladas de soja, tres millones de toneladas de arroz y un mill\u00f3n de toneladas de ma\u00edz, en el escenario de trabajo que hemos planteado para este plan se eval\u00faa captar entre el 5 y el 20 por ciento de este volumen de mercader\u00eda. Esto no afectar\u00eda lo que actualmente se traslada a trav\u00e9s de la Hidrov\u00eda del Paran\u00e1 o hacia otros puertos, pero para toda la cuenca del r\u00edo Uruguay significar\u00eda un avance gigantesco en materia de reactivaci\u00f3n general, creando puestos de trabajo y sumando ventajas a gran cantidad de productores a lo largo de todo este trayecto que involucra camiones, trenes y buques para todo tipo de productos\u201d, resalt\u00f3.<\/p>\n<p>El funcionario provincial tambi\u00e9n remarc\u00f3 que \u201ceste Comit\u00e9 ser\u00e1, sin dudas, una herramienta de enorme valor para fortalecer la posici\u00f3n de toda la regi\u00f3n ante cualquier tipo de problema que demande la intervenci\u00f3n de los representantes locales ante los gobiernos de nuestros respectivos pa\u00edses, ya lo ha hecho en otras oportunidades, y seguramente lo seguir\u00e1 haciendo porque es una entidad cada vez m\u00e1s fuerte y con grandes objetivos\u201d.<\/p>\n","protected":false},"excerpt":{"rendered":"<p>La reuni\u00f3n del Comit\u00e9 conformado por ciudades argentinas, uruguayas y brasile\u00f1as situadas a la vera de este r\u00edo trinacional, y que buscan conformar un bloque regional con intereses comunes de crecimiento para sus poblaciones, se desarroll\u00f3 en Concepci\u00f3n del Uruguay. El presidente del Ente Portuario de Concepci\u00f3n del Uruguay, Marcelo Gay Balm\u00e1z, particip\u00f3 del encuentro [&hellip;]<\/p>\n","protected":false},"author":1,"featured_media":1972,"comment_status":"open","ping_status":"open","sticky":false,"template":"","format":"standard","meta":{"footnotes":""},"categories":[81],"tags":[],"class_list":{"0":"post-1971","1":"post","2":"type-post","3":"status-publish","4":"format-standard","5":"has-post-thumbnail","7":"category-noticias"},"yoast_head":"<!-- This site is optimized with the Yoast SEO plugin v27.4 - https:\/\/yoast.com\/product\/yoast-seo-wordpress\/ -->\n<title>Entre R\u00edos present\u00f3 el desarrollo del transporte multimodal ante el Comit\u00e9 de la Cuenca del R\u00edo Uruguay - Puerto de Concepci\u00f3n del Uruguay<\/title>\n<meta name=\"robots\" content=\"index, follow, max-snippet:-1, max-image-preview:large, max-video-preview:-1\" \/>\n<link rel=\"canonical\" href=\"https:\/\/www.puertocdelu.com.ar\/index.php\/2020\/03\/16\/entre-rios-presento-el-desarrollo-del-transporte-multimodal-ante-el-comite-de-la-cuenca-del-rio-uruguay\/\" \/>\n<meta property=\"og:locale\" content=\"es_ES\" \/>\n<meta property=\"og:type\" content=\"article\" \/>\n<meta property=\"og:title\" content=\"Entre R\u00edos present\u00f3 el desarrollo del transporte multimodal ante el Comit\u00e9 de la Cuenca del R\u00edo Uruguay - Puerto de Concepci\u00f3n del Uruguay\" \/>\n<meta property=\"og:description\" content=\"La reuni\u00f3n del Comit\u00e9 conformado por ciudades argentinas, uruguayas y brasile\u00f1as situadas a la vera de este r\u00edo trinacional, y que buscan conformar un bloque regional con intereses comunes de crecimiento para sus poblaciones, se desarroll\u00f3 en Concepci\u00f3n del Uruguay. El presidente del Ente Portuario de Concepci\u00f3n del Uruguay, Marcelo Gay Balm\u00e1z, particip\u00f3 del encuentro [&hellip;]\" \/>\n<meta property=\"og:url\" content=\"https:\/\/www.puertocdelu.com.ar\/index.php\/2020\/03\/16\/entre-rios-presento-el-desarrollo-del-transporte-multimodal-ante-el-comite-de-la-cuenca-del-rio-uruguay\/\" \/>\n<meta property=\"og:site_name\" content=\"Puerto de Concepci\u00f3n del Uruguay\" \/>\n<meta property=\"article:published_time\" content=\"2020-03-16T10:37:45+00:00\" \/>\n<meta property=\"article:modified_time\" content=\"2020-03-18T10:38:37+00:00\" \/>\n<meta property=\"og:image\" content=\"https:\/\/www.puertocdelu.com.ar\/wp-content\/uploads\/2020\/03\/comite01.jpg\" \/>\n\t<meta property=\"og:image:width\" content=\"900\" \/>\n\t<meta property=\"og:image:height\" content=\"506\" \/>\n\t<meta property=\"og:image:type\" content=\"image\/jpeg\" \/>\n<meta name=\"author\" content=\"PuertoCdelU\" \/>\n<meta name=\"twitter:card\" content=\"summary_large_image\" \/>\n<meta name=\"twitter:label1\" content=\"Escrito por\" \/>\n\t<meta name=\"twitter:data1\" content=\"PuertoCdelU\" \/>\n\t<meta name=\"twitter:label2\" content=\"Tiempo de lectura\" \/>\n\t<meta name=\"twitter:data2\" content=\"4 minutos\" \/>\n<script type=\"application\/ld+json\" class=\"yoast-schema-graph\">{\"@context\":\"https:\\\/\\\/schema.org\",\"@graph\":[{\"@type\":\"Article\",\"@id\":\"https:\\\/\\\/www.puertocdelu.com.ar\\\/index.php\\\/2020\\\/03\\\/16\\\/entre-rios-presento-el-desarrollo-del-transporte-multimodal-ante-el-comite-de-la-cuenca-del-rio-uruguay\\\/#article\",\"isPartOf\":{\"@id\":\"https:\\\/\\\/www.puertocdelu.com.ar\\\/index.php\\\/2020\\\/03\\\/16\\\/entre-rios-presento-el-desarrollo-del-transporte-multimodal-ante-el-comite-de-la-cuenca-del-rio-uruguay\\\/\"},\"author\":{\"name\":\"PuertoCdelU\",\"@id\":\"https:\\\/\\\/www.puertocdelu.com.ar\\\/#\\\/schema\\\/person\\\/9d258b923b29bd5f47ca80d9c8cd72d1\"},\"headline\":\"Entre R\u00edos present\u00f3 el desarrollo del transporte multimodal ante el Comit\u00e9 de la Cuenca del R\u00edo Uruguay\",\"datePublished\":\"2020-03-16T10:37:45+00:00\",\"dateModified\":\"2020-03-18T10:38:37+00:00\",\"mainEntityOfPage\":{\"@id\":\"https:\\\/\\\/www.puertocdelu.com.ar\\\/index.php\\\/2020\\\/03\\\/16\\\/entre-rios-presento-el-desarrollo-del-transporte-multimodal-ante-el-comite-de-la-cuenca-del-rio-uruguay\\\/\"},\"wordCount\":847,\"commentCount\":0,\"image\":{\"@id\":\"https:\\\/\\\/www.puertocdelu.com.ar\\\/index.php\\\/2020\\\/03\\\/16\\\/entre-rios-presento-el-desarrollo-del-transporte-multimodal-ante-el-comite-de-la-cuenca-del-rio-uruguay\\\/#primaryimage\"},\"thumbnailUrl\":\"https:\\\/\\\/www.puertocdelu.com.ar\\\/wp-content\\\/uploads\\\/2020\\\/03\\\/comite01.jpg\",\"articleSection\":[\"Noticias\"],\"inLanguage\":\"es\",\"potentialAction\":[{\"@type\":\"CommentAction\",\"name\":\"Comment\",\"target\":[\"https:\\\/\\\/www.puertocdelu.com.ar\\\/index.php\\\/2020\\\/03\\\/16\\\/entre-rios-presento-el-desarrollo-del-transporte-multimodal-ante-el-comite-de-la-cuenca-del-rio-uruguay\\\/#respond\"]}]},{\"@type\":\"WebPage\",\"@id\":\"https:\\\/\\\/www.puertocdelu.com.ar\\\/index.php\\\/2020\\\/03\\\/16\\\/entre-rios-presento-el-desarrollo-del-transporte-multimodal-ante-el-comite-de-la-cuenca-del-rio-uruguay\\\/\",\"url\":\"https:\\\/\\\/www.puertocdelu.com.ar\\\/index.php\\\/2020\\\/03\\\/16\\\/entre-rios-presento-el-desarrollo-del-transporte-multimodal-ante-el-comite-de-la-cuenca-del-rio-uruguay\\\/\",\"name\":\"Entre R\u00edos present\u00f3 el desarrollo del transporte multimodal ante el Comit\u00e9 de la Cuenca del R\u00edo Uruguay - Puerto de Concepci\u00f3n del Uruguay\",\"isPartOf\":{\"@id\":\"https:\\\/\\\/www.puertocdelu.com.ar\\\/#website\"},\"primaryImageOfPage\":{\"@id\":\"https:\\\/\\\/www.puertocdelu.com.ar\\\/index.php\\\/2020\\\/03\\\/16\\\/entre-rios-presento-el-desarrollo-del-transporte-multimodal-ante-el-comite-de-la-cuenca-del-rio-uruguay\\\/#primaryimage\"},\"image\":{\"@id\":\"https:\\\/\\\/www.puertocdelu.com.ar\\\/index.php\\\/2020\\\/03\\\/16\\\/entre-rios-presento-el-desarrollo-del-transporte-multimodal-ante-el-comite-de-la-cuenca-del-rio-uruguay\\\/#primaryimage\"},\"thumbnailUrl\":\"https:\\\/\\\/www.puertocdelu.com.ar\\\/wp-content\\\/uploads\\\/2020\\\/03\\\/comite01.jpg\",\"datePublished\":\"2020-03-16T10:37:45+00:00\",\"dateModified\":\"2020-03-18T10:38:37+00:00\",\"author\":{\"@id\":\"https:\\\/\\\/www.puertocdelu.com.ar\\\/#\\\/schema\\\/person\\\/9d258b923b29bd5f47ca80d9c8cd72d1\"},\"breadcrumb\":{\"@id\":\"https:\\\/\\\/www.puertocdelu.com.ar\\\/index.php\\\/2020\\\/03\\\/16\\\/entre-rios-presento-el-desarrollo-del-transporte-multimodal-ante-el-comite-de-la-cuenca-del-rio-uruguay\\\/#breadcrumb\"},\"inLanguage\":\"es\",\"potentialAction\":[{\"@type\":\"ReadAction\",\"target\":[\"https:\\\/\\\/www.puertocdelu.com.ar\\\/index.php\\\/2020\\\/03\\\/16\\\/entre-rios-presento-el-desarrollo-del-transporte-multimodal-ante-el-comite-de-la-cuenca-del-rio-uruguay\\\/\"]}]},{\"@type\":\"ImageObject\",\"inLanguage\":\"es\",\"@id\":\"https:\\\/\\\/www.puertocdelu.com.ar\\\/index.php\\\/2020\\\/03\\\/16\\\/entre-rios-presento-el-desarrollo-del-transporte-multimodal-ante-el-comite-de-la-cuenca-del-rio-uruguay\\\/#primaryimage\",\"url\":\"https:\\\/\\\/www.puertocdelu.com.ar\\\/wp-content\\\/uploads\\\/2020\\\/03\\\/comite01.jpg\",\"contentUrl\":\"https:\\\/\\\/www.puertocdelu.com.ar\\\/wp-content\\\/uploads\\\/2020\\\/03\\\/comite01.jpg\",\"width\":900,\"height\":506},{\"@type\":\"BreadcrumbList\",\"@id\":\"https:\\\/\\\/www.puertocdelu.com.ar\\\/index.php\\\/2020\\\/03\\\/16\\\/entre-rios-presento-el-desarrollo-del-transporte-multimodal-ante-el-comite-de-la-cuenca-del-rio-uruguay\\\/#breadcrumb\",\"itemListElement\":[{\"@type\":\"ListItem\",\"position\":1,\"name\":\"Portada\",\"item\":\"https:\\\/\\\/www.puertocdelu.com.ar\\\/\"},{\"@type\":\"ListItem\",\"position\":2,\"name\":\"Entre R\u00edos present\u00f3 el desarrollo del transporte multimodal ante el Comit\u00e9 de la Cuenca del R\u00edo Uruguay\"}]},{\"@type\":\"WebSite\",\"@id\":\"https:\\\/\\\/www.puertocdelu.com.ar\\\/#website\",\"url\":\"https:\\\/\\\/www.puertocdelu.com.ar\\\/\",\"name\":\"Puerto de Concepci\u00f3n del Uruguay\",\"description\":\"\",\"potentialAction\":[{\"@type\":\"SearchAction\",\"target\":{\"@type\":\"EntryPoint\",\"urlTemplate\":\"https:\\\/\\\/www.puertocdelu.com.ar\\\/?s={search_term_string}\"},\"query-input\":{\"@type\":\"PropertyValueSpecification\",\"valueRequired\":true,\"valueName\":\"search_term_string\"}}],\"inLanguage\":\"es\"},{\"@type\":\"Person\",\"@id\":\"https:\\\/\\\/www.puertocdelu.com.ar\\\/#\\\/schema\\\/person\\\/9d258b923b29bd5f47ca80d9c8cd72d1\",\"name\":\"PuertoCdelU\",\"image\":{\"@type\":\"ImageObject\",\"inLanguage\":\"es\",\"@id\":\"https:\\\/\\\/secure.gravatar.com\\\/avatar\\\/99e38dea1727d397df18aced5ac6840012bb7f24c8570dcfafabb73086aed88c?s=96&d=mm&r=g\",\"url\":\"https:\\\/\\\/secure.gravatar.com\\\/avatar\\\/99e38dea1727d397df18aced5ac6840012bb7f24c8570dcfafabb73086aed88c?s=96&d=mm&r=g\",\"contentUrl\":\"https:\\\/\\\/secure.gravatar.com\\\/avatar\\\/99e38dea1727d397df18aced5ac6840012bb7f24c8570dcfafabb73086aed88c?s=96&d=mm&r=g\",\"caption\":\"PuertoCdelU\"},\"url\":\"https:\\\/\\\/www.puertocdelu.com.ar\\\/index.php\\\/author\\\/hectordelos1\\\/\"}]}<\/script>\n<!-- \/ Yoast SEO plugin. -->","yoast_head_json":{"title":"Entre R\u00edos present\u00f3 el desarrollo del transporte multimodal ante el Comit\u00e9 de la Cuenca del R\u00edo Uruguay - Puerto de Concepci\u00f3n del Uruguay","robots":{"index":"index","follow":"follow","max-snippet":"max-snippet:-1","max-image-preview":"max-image-preview:large","max-video-preview":"max-video-preview:-1"},"canonical":"https:\/\/www.puertocdelu.com.ar\/index.php\/2020\/03\/16\/entre-rios-presento-el-desarrollo-del-transporte-multimodal-ante-el-comite-de-la-cuenca-del-rio-uruguay\/","og_locale":"es_ES","og_type":"article","og_title":"Entre R\u00edos present\u00f3 el desarrollo del transporte multimodal ante el Comit\u00e9 de la Cuenca del R\u00edo Uruguay - Puerto de Concepci\u00f3n del Uruguay","og_description":"La reuni\u00f3n del Comit\u00e9 conformado por ciudades argentinas, uruguayas y brasile\u00f1as situadas a la vera de este r\u00edo trinacional, y que buscan conformar un bloque regional con intereses comunes de crecimiento para sus poblaciones, se desarroll\u00f3 en Concepci\u00f3n del Uruguay. El presidente del Ente Portuario de Concepci\u00f3n del Uruguay, Marcelo Gay Balm\u00e1z, particip\u00f3 del encuentro [&hellip;]","og_url":"https:\/\/www.puertocdelu.com.ar\/index.php\/2020\/03\/16\/entre-rios-presento-el-desarrollo-del-transporte-multimodal-ante-el-comite-de-la-cuenca-del-rio-uruguay\/","og_site_name":"Puerto de Concepci\u00f3n del Uruguay","article_published_time":"2020-03-16T10:37:45+00:00","article_modified_time":"2020-03-18T10:38:37+00:00","og_image":[{"width":900,"height":506,"url":"https:\/\/www.puertocdelu.com.ar\/wp-content\/uploads\/2020\/03\/comite01.jpg","type":"image\/jpeg"}],"author":"PuertoCdelU","twitter_card":"summary_large_image","twitter_misc":{"Escrito por":"PuertoCdelU","Tiempo de lectura":"4 minutos"},"schema":{"@context":"https:\/\/schema.org","@graph":[{"@type":"Article","@id":"https:\/\/www.puertocdelu.com.ar\/index.php\/2020\/03\/16\/entre-rios-presento-el-desarrollo-del-transporte-multimodal-ante-el-comite-de-la-cuenca-del-rio-uruguay\/#article","isPartOf":{"@id":"https:\/\/www.puertocdelu.com.ar\/index.php\/2020\/03\/16\/entre-rios-presento-el-desarrollo-del-transporte-multimodal-ante-el-comite-de-la-cuenca-del-rio-uruguay\/"},"author":{"name":"PuertoCdelU","@id":"https:\/\/www.puertocdelu.com.ar\/#\/schema\/person\/9d258b923b29bd5f47ca80d9c8cd72d1"},"headline":"Entre R\u00edos present\u00f3 el desarrollo del transporte multimodal ante el Comit\u00e9 de la Cuenca del R\u00edo Uruguay","datePublished":"2020-03-16T10:37:45+00:00","dateModified":"2020-03-18T10:38:37+00:00","mainEntityOfPage":{"@id":"https:\/\/www.puertocdelu.com.ar\/index.php\/2020\/03\/16\/entre-rios-presento-el-desarrollo-del-transporte-multimodal-ante-el-comite-de-la-cuenca-del-rio-uruguay\/"},"wordCount":847,"commentCount":0,"image":{"@id":"https:\/\/www.puertocdelu.com.ar\/index.php\/2020\/03\/16\/entre-rios-presento-el-desarrollo-del-transporte-multimodal-ante-el-comite-de-la-cuenca-del-rio-uruguay\/#primaryimage"},"thumbnailUrl":"https:\/\/www.puertocdelu.com.ar\/wp-content\/uploads\/2020\/03\/comite01.jpg","articleSection":["Noticias"],"inLanguage":"es","potentialAction":[{"@type":"CommentAction","name":"Comment","target":["https:\/\/www.puertocdelu.com.ar\/index.php\/2020\/03\/16\/entre-rios-presento-el-desarrollo-del-transporte-multimodal-ante-el-comite-de-la-cuenca-del-rio-uruguay\/#respond"]}]},{"@type":"WebPage","@id":"https:\/\/www.puertocdelu.com.ar\/index.php\/2020\/03\/16\/entre-rios-presento-el-desarrollo-del-transporte-multimodal-ante-el-comite-de-la-cuenca-del-rio-uruguay\/","url":"https:\/\/www.puertocdelu.com.ar\/index.php\/2020\/03\/16\/entre-rios-presento-el-desarrollo-del-transporte-multimodal-ante-el-comite-de-la-cuenca-del-rio-uruguay\/","name":"Entre R\u00edos present\u00f3 el desarrollo del transporte multimodal ante el Comit\u00e9 de la Cuenca del R\u00edo Uruguay - Puerto de Concepci\u00f3n del Uruguay","isPartOf":{"@id":"https:\/\/www.puertocdelu.com.ar\/#website"},"primaryImageOfPage":{"@id":"https:\/\/www.puertocdelu.com.ar\/index.php\/2020\/03\/16\/entre-rios-presento-el-desarrollo-del-transporte-multimodal-ante-el-comite-de-la-cuenca-del-rio-uruguay\/#primaryimage"},"image":{"@id":"https:\/\/www.puertocdelu.com.ar\/index.php\/2020\/03\/16\/entre-rios-presento-el-desarrollo-del-transporte-multimodal-ante-el-comite-de-la-cuenca-del-rio-uruguay\/#primaryimage"},"thumbnailUrl":"https:\/\/www.puertocdelu.com.ar\/wp-content\/uploads\/2020\/03\/comite01.jpg","datePublished":"2020-03-16T10:37:45+00:00","dateModified":"2020-03-18T10:38:37+00:00","author":{"@id":"https:\/\/www.puertocdelu.com.ar\/#\/schema\/person\/9d258b923b29bd5f47ca80d9c8cd72d1"},"breadcrumb":{"@id":"https:\/\/www.puertocdelu.com.ar\/index.php\/2020\/03\/16\/entre-rios-presento-el-desarrollo-del-transporte-multimodal-ante-el-comite-de-la-cuenca-del-rio-uruguay\/#breadcrumb"},"inLanguage":"es","potentialAction":[{"@type":"ReadAction","target":["https:\/\/www.puertocdelu.com.ar\/index.php\/2020\/03\/16\/entre-rios-presento-el-desarrollo-del-transporte-multimodal-ante-el-comite-de-la-cuenca-del-rio-uruguay\/"]}]},{"@type":"ImageObject","inLanguage":"es","@id":"https:\/\/www.puertocdelu.com.ar\/index.php\/2020\/03\/16\/entre-rios-presento-el-desarrollo-del-transporte-multimodal-ante-el-comite-de-la-cuenca-del-rio-uruguay\/#primaryimage","url":"https:\/\/www.puertocdelu.com.ar\/wp-content\/uploads\/2020\/03\/comite01.jpg","contentUrl":"https:\/\/www.puertocdelu.com.ar\/wp-content\/uploads\/2020\/03\/comite01.jpg","width":900,"height":506},{"@type":"BreadcrumbList","@id":"https:\/\/www.puertocdelu.com.ar\/index.php\/2020\/03\/16\/entre-rios-presento-el-desarrollo-del-transporte-multimodal-ante-el-comite-de-la-cuenca-del-rio-uruguay\/#breadcrumb","itemListElement":[{"@type":"ListItem","position":1,"name":"Portada","item":"https:\/\/www.puertocdelu.com.ar\/"},{"@type":"ListItem","position":2,"name":"Entre R\u00edos present\u00f3 el desarrollo del transporte multimodal ante el Comit\u00e9 de la Cuenca del R\u00edo Uruguay"}]},{"@type":"WebSite","@id":"https:\/\/www.puertocdelu.com.ar\/#website","url":"https:\/\/www.puertocdelu.com.ar\/","name":"Puerto de Concepci\u00f3n del Uruguay","description":"","potentialAction":[{"@type":"SearchAction","target":{"@type":"EntryPoint","urlTemplate":"https:\/\/www.puertocdelu.com.ar\/?s={search_term_string}"},"query-input":{"@type":"PropertyValueSpecification","valueRequired":true,"valueName":"search_term_string"}}],"inLanguage":"es"},{"@type":"Person","@id":"https:\/\/www.puertocdelu.com.ar\/#\/schema\/person\/9d258b923b29bd5f47ca80d9c8cd72d1","name":"PuertoCdelU","image":{"@type":"ImageObject","inLanguage":"es","@id":"https:\/\/secure.gravatar.com\/avatar\/99e38dea1727d397df18aced5ac6840012bb7f24c8570dcfafabb73086aed88c?s=96&d=mm&r=g","url":"https:\/\/secure.gravatar.com\/avatar\/99e38dea1727d397df18aced5ac6840012bb7f24c8570dcfafabb73086aed88c?s=96&d=mm&r=g","contentUrl":"https:\/\/secure.gravatar.com\/avatar\/99e38dea1727d397df18aced5ac6840012bb7f24c8570dcfafabb73086aed88c?s=96&d=mm&r=g","caption":"PuertoCdelU"},"url":"https:\/\/www.puertocdelu.com.ar\/index.php\/author\/hectordelos1\/"}]}},"_links":{"self":[{"href":"https:\/\/www.puertocdelu.com.ar\/index.php\/wp-json\/wp\/v2\/posts\/1971","targetHints":{"allow":["GET"]}}],"collection":[{"href":"https:\/\/www.puertocdelu.com.ar\/index.php\/wp-json\/wp\/v2\/posts"}],"about":[{"href":"https:\/\/www.puertocdelu.com.ar\/index.php\/wp-json\/wp\/v2\/types\/post"}],"author":[{"embeddable":true,"href":"https:\/\/www.puertocdelu.com.ar\/index.php\/wp-json\/wp\/v2\/users\/1"}],"replies":[{"embeddable":true,"href":"https:\/\/www.puertocdelu.com.ar\/index.php\/wp-json\/wp\/v2\/comments?post=1971"}],"version-history":[{"count":1,"href":"https:\/\/www.puertocdelu.com.ar\/index.php\/wp-json\/wp\/v2\/posts\/1971\/revisions"}],"predecessor-version":[{"id":1974,"href":"https:\/\/www.puertocdelu.com.ar\/index.php\/wp-json\/wp\/v2\/posts\/1971\/revisions\/1974"}],"wp:featuredmedia":[{"embeddable":true,"href":"https:\/\/www.puertocdelu.com.ar\/index.php\/wp-json\/wp\/v2\/media\/1972"}],"wp:attachment":[{"href":"https:\/\/www.puertocdelu.com.ar\/index.php\/wp-json\/wp\/v2\/media?parent=1971"}],"wp:term":[{"taxonomy":"category","embeddable":true,"href":"https:\/\/www.puertocdelu.com.ar\/index.php\/wp-json\/wp\/v2\/categories?post=1971"},{"taxonomy":"post_tag","embeddable":true,"href":"https:\/\/www.puertocdelu.com.ar\/index.php\/wp-json\/wp\/v2\/tags?post=1971"}],"curies":[{"name":"wp","href":"https:\/\/api.w.org\/{rel}","templated":true}]}}