{"id":1996,"date":"2020-04-04T14:42:21","date_gmt":"2020-04-04T14:42:21","guid":{"rendered":"http:\/\/www.puertocdelu.com.ar\/?p=1996"},"modified":"2020-04-04T15:00:26","modified_gmt":"2020-04-04T15:00:26","slug":"en-un-marco-de-estrictas-normas-sanitarias-comenzo-la-carga-de-madera-en-el-puerto-de-concepcion-del-uruguay","status":"publish","type":"post","link":"https:\/\/www.puertocdelu.com.ar\/index.php\/2020\/04\/04\/en-un-marco-de-estrictas-normas-sanitarias-comenzo-la-carga-de-madera-en-el-puerto-de-concepcion-del-uruguay\/","title":{"rendered":"En un marco de estrictas normas sanitarias se realiz\u00f3 la carga de madera en el puerto de Concepci\u00f3n del Uruguay"},"content":{"rendered":"<p>\u201cLa operatoria portuaria est\u00e1 permitida expresamente por del Decreto Nacional, firmado por el presidente de la Naci\u00f3n, Alberto Fern\u00e1ndez\u201d, destac\u00f3 el ministro de Producci\u00f3n, Turismo y Desarrollo Econ\u00f3mico, Juan Jos\u00e9 Bahillo.<\/p>\n<p>Bahillo hizo referencia al Decreto N\u00b0 260 del 12 de marzo de 2020, donde se establece claramente cu\u00e1les son las actividades y servicios, determinados como esenciales, que est\u00e1n exceptuados del cumplimiento del \u201caislamiento social, preventivo y obligatorio\u201d.<\/p>\n<p>\u201cEn el puerto de Concepci\u00f3n del Uruguay y tambi\u00e9n en Ibicuy, est\u00e1n vigentes los protocolos preventivos dispuestos para este tipo de operaciones y a todo esto le exigimos una gran cantidad de medidas adicionales para garantizar una operatoria adecuada\u201d, destac\u00f3 el titular de la cartera productiva.<\/p>\n<figure id=\"attachment_1997\" aria-describedby=\"caption-attachment-1997\" style=\"width: 900px\" class=\"wp-caption aligncenter\"><a href=\"https:\/\/www.puertocdelu.com.ar\/wp-content\/uploads\/2020\/04\/P1240475.jpg\"><img loading=\"lazy\" decoding=\"async\" class=\"size-full wp-image-1997\" src=\"https:\/\/www.puertocdelu.com.ar\/wp-content\/uploads\/2020\/04\/P1240475.jpg\" alt=\"\" width=\"900\" height=\"506\" srcset=\"https:\/\/www.puertocdelu.com.ar\/wp-content\/uploads\/2020\/04\/P1240475.jpg 900w, https:\/\/www.puertocdelu.com.ar\/wp-content\/uploads\/2020\/04\/P1240475-300x169.jpg 300w, https:\/\/www.puertocdelu.com.ar\/wp-content\/uploads\/2020\/04\/P1240475-768x432.jpg 768w, https:\/\/www.puertocdelu.com.ar\/wp-content\/uploads\/2020\/04\/P1240475-696x391.jpg 696w, https:\/\/www.puertocdelu.com.ar\/wp-content\/uploads\/2020\/04\/P1240475-747x420.jpg 747w\" sizes=\"auto, (max-width: 900px) 100vw, 900px\" \/><\/a><figcaption id=\"caption-attachment-1997\" class=\"wp-caption-text\">El Juez Federal Pablo Ser\u00f3 recorri\u00f3 el predio junto al Presidente del Ente Portuario, Marcelo Gay Balm\u00e1z.<\/figcaption><\/figure>\n<p>\u201cEl barco y su tripulaci\u00f3n est\u00e1n en Argentina hace m\u00e1s de cuarenta d\u00edas, estuvieron en los puertos de Bah\u00eda Blanca y Z\u00e1rate en provincia de Buenos Aries, cumplieron con los protocolos sanitarios vigentes, y antes de su llegada a puertos entrerrianos, fue controlada por personal m\u00e9dico, afirm\u00f3, Bahillo.<\/p>\n<p>\u201cEstuvimos reunidos con todos los sectores involucrados de la comunidad, los intendentes de Concepci\u00f3n del Uruguay y tambi\u00e9n el de Ibicuy, Prefectura, el Hospital Urquiza, Sanidad de Fronteras del Ministerio de Salud de la Naci\u00f3n y la Subsecretar\u00eda de Puertos y V\u00edas Navegables de ah\u00ed surgieron todas las alternativas para tomar las mejores medidas posibles\u201d, remarc\u00f3.<\/p>\n<figure id=\"attachment_1998\" aria-describedby=\"caption-attachment-1998\" style=\"width: 900px\" class=\"wp-caption aligncenter\"><a href=\"https:\/\/www.puertocdelu.com.ar\/wp-content\/uploads\/2020\/04\/P1240455.jpg\"><img loading=\"lazy\" decoding=\"async\" class=\"wp-image-1998 size-full\" src=\"https:\/\/www.puertocdelu.com.ar\/wp-content\/uploads\/2020\/04\/P1240455.jpg\" alt=\"\" width=\"900\" height=\"506\" srcset=\"https:\/\/www.puertocdelu.com.ar\/wp-content\/uploads\/2020\/04\/P1240455.jpg 900w, https:\/\/www.puertocdelu.com.ar\/wp-content\/uploads\/2020\/04\/P1240455-300x169.jpg 300w, https:\/\/www.puertocdelu.com.ar\/wp-content\/uploads\/2020\/04\/P1240455-768x432.jpg 768w, https:\/\/www.puertocdelu.com.ar\/wp-content\/uploads\/2020\/04\/P1240455-696x391.jpg 696w, https:\/\/www.puertocdelu.com.ar\/wp-content\/uploads\/2020\/04\/P1240455-747x420.jpg 747w\" sizes=\"auto, (max-width: 900px) 100vw, 900px\" \/><\/a><figcaption id=\"caption-attachment-1998\" class=\"wp-caption-text\">Al ingresar y egresar del predio portuario hubo controles de temperatura, higiene de manos y desinfecci\u00f3n de calzados.<\/figcaption><\/figure>\n<p>\u201cNadie tiene que preocuparse, ya que el personal del barco no baja a tierra y todos los tr\u00e1mites burocr\u00e1ticos se realizan de forma online\u201d, inform\u00f3 Bahillo.<\/p>\n<p>Por su parte, desde el Ente portuario de Concepci\u00f3n del Uruguay, se inform\u00f3 que todo aquel que ingrese al predio ser\u00e1 controlado por personal m\u00e9dico al acceder a las instalaciones, los camioneros no pueden bajarse de sus camiones durante la carga y descarga, se habilit\u00f3 una playa especial para que no estacionen sobre la Avenida Paysand\u00fa, las ruedas y las aperturas de puertas ser\u00e1n desinfectados, al igual que todos los elementos de trabajo que tengan contacto con los operarios. A todo esto se sumar\u00e1n todos los elementos de protecci\u00f3n personal como son barbijos, guantes descartables, anteojos de seguridad y todo lo que demanda este tipo de operaci\u00f3n\u201d, detallaron desde el organismo.<\/p>\n<figure id=\"attachment_1999\" aria-describedby=\"caption-attachment-1999\" style=\"width: 900px\" class=\"wp-caption aligncenter\"><a href=\"https:\/\/www.puertocdelu.com.ar\/wp-content\/uploads\/2020\/04\/2020-04-01-18.46.01.jpg\"><img loading=\"lazy\" decoding=\"async\" class=\"size-full wp-image-1999\" src=\"https:\/\/www.puertocdelu.com.ar\/wp-content\/uploads\/2020\/04\/2020-04-01-18.46.01.jpg\" alt=\"\" width=\"900\" height=\"492\" srcset=\"https:\/\/www.puertocdelu.com.ar\/wp-content\/uploads\/2020\/04\/2020-04-01-18.46.01.jpg 900w, https:\/\/www.puertocdelu.com.ar\/wp-content\/uploads\/2020\/04\/2020-04-01-18.46.01-300x164.jpg 300w, https:\/\/www.puertocdelu.com.ar\/wp-content\/uploads\/2020\/04\/2020-04-01-18.46.01-768x420.jpg 768w, https:\/\/www.puertocdelu.com.ar\/wp-content\/uploads\/2020\/04\/2020-04-01-18.46.01-696x380.jpg 696w\" sizes=\"auto, (max-width: 900px) 100vw, 900px\" \/><\/a><figcaption id=\"caption-attachment-1999\" class=\"wp-caption-text\">A todo el personal de la operatoria se le dictaron capacitaciones y charlas sobre las medidas de seguridad e higiene.<\/figcaption><\/figure>\n<p>\u201cPara el gobierno provincial lo primero es la salud de la poblaci\u00f3n y esta operatoria se enmarca entre las actividades necesarias para que las cadenas productivas no se detengan y puedan abastecer al sector interno y al mundo y tambi\u00e9n mantengamos la rueda de la econom\u00eda en movimiento, que ya bastante golpeada se encuentra\u201d, finaliz\u00f3 el Ministro de Producci\u00f3n.<\/p>\n","protected":false},"excerpt":{"rendered":"<p>\u201cLa operatoria portuaria est\u00e1 permitida expresamente por del Decreto Nacional, firmado por el presidente de la Naci\u00f3n, Alberto Fern\u00e1ndez\u201d, destac\u00f3 el ministro de Producci\u00f3n, Turismo y Desarrollo Econ\u00f3mico, Juan Jos\u00e9 Bahillo. Bahillo hizo referencia al Decreto N\u00b0 260 del 12 de marzo de 2020, donde se establece claramente cu\u00e1les son las actividades y servicios, determinados [&hellip;]<\/p>\n","protected":false},"author":1,"featured_media":1997,"comment_status":"open","ping_status":"open","sticky":false,"template":"","format":"standard","meta":{"footnotes":""},"categories":[81],"tags":[],"class_list":{"0":"post-1996","1":"post","2":"type-post","3":"status-publish","4":"format-standard","5":"has-post-thumbnail","7":"category-noticias"},"yoast_head":"<!-- This site is optimized with the Yoast SEO plugin v27.4 - https:\/\/yoast.com\/product\/yoast-seo-wordpress\/ -->\n<title>En un marco de estrictas normas sanitarias se realiz\u00f3 la carga de madera en el puerto de Concepci\u00f3n del Uruguay - Puerto de Concepci\u00f3n del Uruguay<\/title>\n<meta name=\"robots\" content=\"index, follow, max-snippet:-1, max-image-preview:large, max-video-preview:-1\" \/>\n<link rel=\"canonical\" href=\"https:\/\/www.puertocdelu.com.ar\/index.php\/2020\/04\/04\/en-un-marco-de-estrictas-normas-sanitarias-comenzo-la-carga-de-madera-en-el-puerto-de-concepcion-del-uruguay\/\" \/>\n<meta property=\"og:locale\" content=\"es_ES\" \/>\n<meta property=\"og:type\" content=\"article\" \/>\n<meta property=\"og:title\" content=\"En un marco de estrictas normas sanitarias se realiz\u00f3 la carga de madera en el puerto de Concepci\u00f3n del Uruguay - Puerto de Concepci\u00f3n del Uruguay\" \/>\n<meta property=\"og:description\" content=\"\u201cLa operatoria portuaria est\u00e1 permitida expresamente por del Decreto Nacional, firmado por el presidente de la Naci\u00f3n, Alberto Fern\u00e1ndez\u201d, destac\u00f3 el ministro de Producci\u00f3n, Turismo y Desarrollo Econ\u00f3mico, Juan Jos\u00e9 Bahillo. Bahillo hizo referencia al Decreto N\u00b0 260 del 12 de marzo de 2020, donde se establece claramente cu\u00e1les son las actividades y servicios, determinados [&hellip;]\" \/>\n<meta property=\"og:url\" content=\"https:\/\/www.puertocdelu.com.ar\/index.php\/2020\/04\/04\/en-un-marco-de-estrictas-normas-sanitarias-comenzo-la-carga-de-madera-en-el-puerto-de-concepcion-del-uruguay\/\" \/>\n<meta property=\"og:site_name\" content=\"Puerto de Concepci\u00f3n del Uruguay\" \/>\n<meta property=\"article:published_time\" content=\"2020-04-04T14:42:21+00:00\" \/>\n<meta property=\"article:modified_time\" content=\"2020-04-04T15:00:26+00:00\" \/>\n<meta property=\"og:image\" content=\"https:\/\/www.puertocdelu.com.ar\/wp-content\/uploads\/2020\/04\/P1240475.jpg\" \/>\n\t<meta property=\"og:image:width\" content=\"900\" \/>\n\t<meta property=\"og:image:height\" content=\"506\" \/>\n\t<meta property=\"og:image:type\" content=\"image\/jpeg\" \/>\n<meta name=\"author\" content=\"PuertoCdelU\" \/>\n<meta name=\"twitter:card\" content=\"summary_large_image\" \/>\n<meta name=\"twitter:label1\" content=\"Escrito por\" \/>\n\t<meta name=\"twitter:data1\" content=\"PuertoCdelU\" \/>\n\t<meta name=\"twitter:label2\" content=\"Tiempo de lectura\" \/>\n\t<meta name=\"twitter:data2\" content=\"3 minutos\" \/>\n<script type=\"application\/ld+json\" class=\"yoast-schema-graph\">{\"@context\":\"https:\\\/\\\/schema.org\",\"@graph\":[{\"@type\":\"Article\",\"@id\":\"https:\\\/\\\/www.puertocdelu.com.ar\\\/index.php\\\/2020\\\/04\\\/04\\\/en-un-marco-de-estrictas-normas-sanitarias-comenzo-la-carga-de-madera-en-el-puerto-de-concepcion-del-uruguay\\\/#article\",\"isPartOf\":{\"@id\":\"https:\\\/\\\/www.puertocdelu.com.ar\\\/index.php\\\/2020\\\/04\\\/04\\\/en-un-marco-de-estrictas-normas-sanitarias-comenzo-la-carga-de-madera-en-el-puerto-de-concepcion-del-uruguay\\\/\"},\"author\":{\"name\":\"PuertoCdelU\",\"@id\":\"https:\\\/\\\/www.puertocdelu.com.ar\\\/#\\\/schema\\\/person\\\/9d258b923b29bd5f47ca80d9c8cd72d1\"},\"headline\":\"En un marco de estrictas normas sanitarias se realiz\u00f3 la carga de madera en el puerto de Concepci\u00f3n del Uruguay\",\"datePublished\":\"2020-04-04T14:42:21+00:00\",\"dateModified\":\"2020-04-04T15:00:26+00:00\",\"mainEntityOfPage\":{\"@id\":\"https:\\\/\\\/www.puertocdelu.com.ar\\\/index.php\\\/2020\\\/04\\\/04\\\/en-un-marco-de-estrictas-normas-sanitarias-comenzo-la-carga-de-madera-en-el-puerto-de-concepcion-del-uruguay\\\/\"},\"wordCount\":543,\"commentCount\":0,\"image\":{\"@id\":\"https:\\\/\\\/www.puertocdelu.com.ar\\\/index.php\\\/2020\\\/04\\\/04\\\/en-un-marco-de-estrictas-normas-sanitarias-comenzo-la-carga-de-madera-en-el-puerto-de-concepcion-del-uruguay\\\/#primaryimage\"},\"thumbnailUrl\":\"https:\\\/\\\/www.puertocdelu.com.ar\\\/wp-content\\\/uploads\\\/2020\\\/04\\\/P1240475.jpg\",\"articleSection\":[\"Noticias\"],\"inLanguage\":\"es\",\"potentialAction\":[{\"@type\":\"CommentAction\",\"name\":\"Comment\",\"target\":[\"https:\\\/\\\/www.puertocdelu.com.ar\\\/index.php\\\/2020\\\/04\\\/04\\\/en-un-marco-de-estrictas-normas-sanitarias-comenzo-la-carga-de-madera-en-el-puerto-de-concepcion-del-uruguay\\\/#respond\"]}]},{\"@type\":\"WebPage\",\"@id\":\"https:\\\/\\\/www.puertocdelu.com.ar\\\/index.php\\\/2020\\\/04\\\/04\\\/en-un-marco-de-estrictas-normas-sanitarias-comenzo-la-carga-de-madera-en-el-puerto-de-concepcion-del-uruguay\\\/\",\"url\":\"https:\\\/\\\/www.puertocdelu.com.ar\\\/index.php\\\/2020\\\/04\\\/04\\\/en-un-marco-de-estrictas-normas-sanitarias-comenzo-la-carga-de-madera-en-el-puerto-de-concepcion-del-uruguay\\\/\",\"name\":\"En un marco de estrictas normas sanitarias se realiz\u00f3 la carga de madera en el puerto de Concepci\u00f3n del Uruguay - Puerto de Concepci\u00f3n del Uruguay\",\"isPartOf\":{\"@id\":\"https:\\\/\\\/www.puertocdelu.com.ar\\\/#website\"},\"primaryImageOfPage\":{\"@id\":\"https:\\\/\\\/www.puertocdelu.com.ar\\\/index.php\\\/2020\\\/04\\\/04\\\/en-un-marco-de-estrictas-normas-sanitarias-comenzo-la-carga-de-madera-en-el-puerto-de-concepcion-del-uruguay\\\/#primaryimage\"},\"image\":{\"@id\":\"https:\\\/\\\/www.puertocdelu.com.ar\\\/index.php\\\/2020\\\/04\\\/04\\\/en-un-marco-de-estrictas-normas-sanitarias-comenzo-la-carga-de-madera-en-el-puerto-de-concepcion-del-uruguay\\\/#primaryimage\"},\"thumbnailUrl\":\"https:\\\/\\\/www.puertocdelu.com.ar\\\/wp-content\\\/uploads\\\/2020\\\/04\\\/P1240475.jpg\",\"datePublished\":\"2020-04-04T14:42:21+00:00\",\"dateModified\":\"2020-04-04T15:00:26+00:00\",\"author\":{\"@id\":\"https:\\\/\\\/www.puertocdelu.com.ar\\\/#\\\/schema\\\/person\\\/9d258b923b29bd5f47ca80d9c8cd72d1\"},\"breadcrumb\":{\"@id\":\"https:\\\/\\\/www.puertocdelu.com.ar\\\/index.php\\\/2020\\\/04\\\/04\\\/en-un-marco-de-estrictas-normas-sanitarias-comenzo-la-carga-de-madera-en-el-puerto-de-concepcion-del-uruguay\\\/#breadcrumb\"},\"inLanguage\":\"es\",\"potentialAction\":[{\"@type\":\"ReadAction\",\"target\":[\"https:\\\/\\\/www.puertocdelu.com.ar\\\/index.php\\\/2020\\\/04\\\/04\\\/en-un-marco-de-estrictas-normas-sanitarias-comenzo-la-carga-de-madera-en-el-puerto-de-concepcion-del-uruguay\\\/\"]}]},{\"@type\":\"ImageObject\",\"inLanguage\":\"es\",\"@id\":\"https:\\\/\\\/www.puertocdelu.com.ar\\\/index.php\\\/2020\\\/04\\\/04\\\/en-un-marco-de-estrictas-normas-sanitarias-comenzo-la-carga-de-madera-en-el-puerto-de-concepcion-del-uruguay\\\/#primaryimage\",\"url\":\"https:\\\/\\\/www.puertocdelu.com.ar\\\/wp-content\\\/uploads\\\/2020\\\/04\\\/P1240475.jpg\",\"contentUrl\":\"https:\\\/\\\/www.puertocdelu.com.ar\\\/wp-content\\\/uploads\\\/2020\\\/04\\\/P1240475.jpg\",\"width\":900,\"height\":506,\"caption\":\"El Juez Federal Pablo Ser\u00f3 recorri\u00f3 el predio junto al Presidente del Ente Portuario, Marcelo Gay Balm\u00e1z.\"},{\"@type\":\"BreadcrumbList\",\"@id\":\"https:\\\/\\\/www.puertocdelu.com.ar\\\/index.php\\\/2020\\\/04\\\/04\\\/en-un-marco-de-estrictas-normas-sanitarias-comenzo-la-carga-de-madera-en-el-puerto-de-concepcion-del-uruguay\\\/#breadcrumb\",\"itemListElement\":[{\"@type\":\"ListItem\",\"position\":1,\"name\":\"Portada\",\"item\":\"https:\\\/\\\/www.puertocdelu.com.ar\\\/\"},{\"@type\":\"ListItem\",\"position\":2,\"name\":\"En un marco de estrictas normas sanitarias se realiz\u00f3 la carga de madera en el puerto de Concepci\u00f3n del Uruguay\"}]},{\"@type\":\"WebSite\",\"@id\":\"https:\\\/\\\/www.puertocdelu.com.ar\\\/#website\",\"url\":\"https:\\\/\\\/www.puertocdelu.com.ar\\\/\",\"name\":\"Puerto de Concepci\u00f3n del Uruguay\",\"description\":\"\",\"potentialAction\":[{\"@type\":\"SearchAction\",\"target\":{\"@type\":\"EntryPoint\",\"urlTemplate\":\"https:\\\/\\\/www.puertocdelu.com.ar\\\/?s={search_term_string}\"},\"query-input\":{\"@type\":\"PropertyValueSpecification\",\"valueRequired\":true,\"valueName\":\"search_term_string\"}}],\"inLanguage\":\"es\"},{\"@type\":\"Person\",\"@id\":\"https:\\\/\\\/www.puertocdelu.com.ar\\\/#\\\/schema\\\/person\\\/9d258b923b29bd5f47ca80d9c8cd72d1\",\"name\":\"PuertoCdelU\",\"image\":{\"@type\":\"ImageObject\",\"inLanguage\":\"es\",\"@id\":\"https:\\\/\\\/secure.gravatar.com\\\/avatar\\\/99e38dea1727d397df18aced5ac6840012bb7f24c8570dcfafabb73086aed88c?s=96&d=mm&r=g\",\"url\":\"https:\\\/\\\/secure.gravatar.com\\\/avatar\\\/99e38dea1727d397df18aced5ac6840012bb7f24c8570dcfafabb73086aed88c?s=96&d=mm&r=g\",\"contentUrl\":\"https:\\\/\\\/secure.gravatar.com\\\/avatar\\\/99e38dea1727d397df18aced5ac6840012bb7f24c8570dcfafabb73086aed88c?s=96&d=mm&r=g\",\"caption\":\"PuertoCdelU\"},\"url\":\"https:\\\/\\\/www.puertocdelu.com.ar\\\/index.php\\\/author\\\/hectordelos1\\\/\"}]}<\/script>\n<!-- \/ Yoast SEO plugin. -->","yoast_head_json":{"title":"En un marco de estrictas normas sanitarias se realiz\u00f3 la carga de madera en el puerto de Concepci\u00f3n del Uruguay - Puerto de Concepci\u00f3n del Uruguay","robots":{"index":"index","follow":"follow","max-snippet":"max-snippet:-1","max-image-preview":"max-image-preview:large","max-video-preview":"max-video-preview:-1"},"canonical":"https:\/\/www.puertocdelu.com.ar\/index.php\/2020\/04\/04\/en-un-marco-de-estrictas-normas-sanitarias-comenzo-la-carga-de-madera-en-el-puerto-de-concepcion-del-uruguay\/","og_locale":"es_ES","og_type":"article","og_title":"En un marco de estrictas normas sanitarias se realiz\u00f3 la carga de madera en el puerto de Concepci\u00f3n del Uruguay - Puerto de Concepci\u00f3n del Uruguay","og_description":"\u201cLa operatoria portuaria est\u00e1 permitida expresamente por del Decreto Nacional, firmado por el presidente de la Naci\u00f3n, Alberto Fern\u00e1ndez\u201d, destac\u00f3 el ministro de Producci\u00f3n, Turismo y Desarrollo Econ\u00f3mico, Juan Jos\u00e9 Bahillo. Bahillo hizo referencia al Decreto N\u00b0 260 del 12 de marzo de 2020, donde se establece claramente cu\u00e1les son las actividades y servicios, determinados [&hellip;]","og_url":"https:\/\/www.puertocdelu.com.ar\/index.php\/2020\/04\/04\/en-un-marco-de-estrictas-normas-sanitarias-comenzo-la-carga-de-madera-en-el-puerto-de-concepcion-del-uruguay\/","og_site_name":"Puerto de Concepci\u00f3n del Uruguay","article_published_time":"2020-04-04T14:42:21+00:00","article_modified_time":"2020-04-04T15:00:26+00:00","og_image":[{"width":900,"height":506,"url":"https:\/\/www.puertocdelu.com.ar\/wp-content\/uploads\/2020\/04\/P1240475.jpg","type":"image\/jpeg"}],"author":"PuertoCdelU","twitter_card":"summary_large_image","twitter_misc":{"Escrito por":"PuertoCdelU","Tiempo de lectura":"3 minutos"},"schema":{"@context":"https:\/\/schema.org","@graph":[{"@type":"Article","@id":"https:\/\/www.puertocdelu.com.ar\/index.php\/2020\/04\/04\/en-un-marco-de-estrictas-normas-sanitarias-comenzo-la-carga-de-madera-en-el-puerto-de-concepcion-del-uruguay\/#article","isPartOf":{"@id":"https:\/\/www.puertocdelu.com.ar\/index.php\/2020\/04\/04\/en-un-marco-de-estrictas-normas-sanitarias-comenzo-la-carga-de-madera-en-el-puerto-de-concepcion-del-uruguay\/"},"author":{"name":"PuertoCdelU","@id":"https:\/\/www.puertocdelu.com.ar\/#\/schema\/person\/9d258b923b29bd5f47ca80d9c8cd72d1"},"headline":"En un marco de estrictas normas sanitarias se realiz\u00f3 la carga de madera en el puerto de Concepci\u00f3n del Uruguay","datePublished":"2020-04-04T14:42:21+00:00","dateModified":"2020-04-04T15:00:26+00:00","mainEntityOfPage":{"@id":"https:\/\/www.puertocdelu.com.ar\/index.php\/2020\/04\/04\/en-un-marco-de-estrictas-normas-sanitarias-comenzo-la-carga-de-madera-en-el-puerto-de-concepcion-del-uruguay\/"},"wordCount":543,"commentCount":0,"image":{"@id":"https:\/\/www.puertocdelu.com.ar\/index.php\/2020\/04\/04\/en-un-marco-de-estrictas-normas-sanitarias-comenzo-la-carga-de-madera-en-el-puerto-de-concepcion-del-uruguay\/#primaryimage"},"thumbnailUrl":"https:\/\/www.puertocdelu.com.ar\/wp-content\/uploads\/2020\/04\/P1240475.jpg","articleSection":["Noticias"],"inLanguage":"es","potentialAction":[{"@type":"CommentAction","name":"Comment","target":["https:\/\/www.puertocdelu.com.ar\/index.php\/2020\/04\/04\/en-un-marco-de-estrictas-normas-sanitarias-comenzo-la-carga-de-madera-en-el-puerto-de-concepcion-del-uruguay\/#respond"]}]},{"@type":"WebPage","@id":"https:\/\/www.puertocdelu.com.ar\/index.php\/2020\/04\/04\/en-un-marco-de-estrictas-normas-sanitarias-comenzo-la-carga-de-madera-en-el-puerto-de-concepcion-del-uruguay\/","url":"https:\/\/www.puertocdelu.com.ar\/index.php\/2020\/04\/04\/en-un-marco-de-estrictas-normas-sanitarias-comenzo-la-carga-de-madera-en-el-puerto-de-concepcion-del-uruguay\/","name":"En un marco de estrictas normas sanitarias se realiz\u00f3 la carga de madera en el puerto de Concepci\u00f3n del Uruguay - Puerto de Concepci\u00f3n del Uruguay","isPartOf":{"@id":"https:\/\/www.puertocdelu.com.ar\/#website"},"primaryImageOfPage":{"@id":"https:\/\/www.puertocdelu.com.ar\/index.php\/2020\/04\/04\/en-un-marco-de-estrictas-normas-sanitarias-comenzo-la-carga-de-madera-en-el-puerto-de-concepcion-del-uruguay\/#primaryimage"},"image":{"@id":"https:\/\/www.puertocdelu.com.ar\/index.php\/2020\/04\/04\/en-un-marco-de-estrictas-normas-sanitarias-comenzo-la-carga-de-madera-en-el-puerto-de-concepcion-del-uruguay\/#primaryimage"},"thumbnailUrl":"https:\/\/www.puertocdelu.com.ar\/wp-content\/uploads\/2020\/04\/P1240475.jpg","datePublished":"2020-04-04T14:42:21+00:00","dateModified":"2020-04-04T15:00:26+00:00","author":{"@id":"https:\/\/www.puertocdelu.com.ar\/#\/schema\/person\/9d258b923b29bd5f47ca80d9c8cd72d1"},"breadcrumb":{"@id":"https:\/\/www.puertocdelu.com.ar\/index.php\/2020\/04\/04\/en-un-marco-de-estrictas-normas-sanitarias-comenzo-la-carga-de-madera-en-el-puerto-de-concepcion-del-uruguay\/#breadcrumb"},"inLanguage":"es","potentialAction":[{"@type":"ReadAction","target":["https:\/\/www.puertocdelu.com.ar\/index.php\/2020\/04\/04\/en-un-marco-de-estrictas-normas-sanitarias-comenzo-la-carga-de-madera-en-el-puerto-de-concepcion-del-uruguay\/"]}]},{"@type":"ImageObject","inLanguage":"es","@id":"https:\/\/www.puertocdelu.com.ar\/index.php\/2020\/04\/04\/en-un-marco-de-estrictas-normas-sanitarias-comenzo-la-carga-de-madera-en-el-puerto-de-concepcion-del-uruguay\/#primaryimage","url":"https:\/\/www.puertocdelu.com.ar\/wp-content\/uploads\/2020\/04\/P1240475.jpg","contentUrl":"https:\/\/www.puertocdelu.com.ar\/wp-content\/uploads\/2020\/04\/P1240475.jpg","width":900,"height":506,"caption":"El Juez Federal Pablo Ser\u00f3 recorri\u00f3 el predio junto al Presidente del Ente Portuario, Marcelo Gay Balm\u00e1z."},{"@type":"BreadcrumbList","@id":"https:\/\/www.puertocdelu.com.ar\/index.php\/2020\/04\/04\/en-un-marco-de-estrictas-normas-sanitarias-comenzo-la-carga-de-madera-en-el-puerto-de-concepcion-del-uruguay\/#breadcrumb","itemListElement":[{"@type":"ListItem","position":1,"name":"Portada","item":"https:\/\/www.puertocdelu.com.ar\/"},{"@type":"ListItem","position":2,"name":"En un marco de estrictas normas sanitarias se realiz\u00f3 la carga de madera en el puerto de Concepci\u00f3n del Uruguay"}]},{"@type":"WebSite","@id":"https:\/\/www.puertocdelu.com.ar\/#website","url":"https:\/\/www.puertocdelu.com.ar\/","name":"Puerto de Concepci\u00f3n del Uruguay","description":"","potentialAction":[{"@type":"SearchAction","target":{"@type":"EntryPoint","urlTemplate":"https:\/\/www.puertocdelu.com.ar\/?s={search_term_string}"},"query-input":{"@type":"PropertyValueSpecification","valueRequired":true,"valueName":"search_term_string"}}],"inLanguage":"es"},{"@type":"Person","@id":"https:\/\/www.puertocdelu.com.ar\/#\/schema\/person\/9d258b923b29bd5f47ca80d9c8cd72d1","name":"PuertoCdelU","image":{"@type":"ImageObject","inLanguage":"es","@id":"https:\/\/secure.gravatar.com\/avatar\/99e38dea1727d397df18aced5ac6840012bb7f24c8570dcfafabb73086aed88c?s=96&d=mm&r=g","url":"https:\/\/secure.gravatar.com\/avatar\/99e38dea1727d397df18aced5ac6840012bb7f24c8570dcfafabb73086aed88c?s=96&d=mm&r=g","contentUrl":"https:\/\/secure.gravatar.com\/avatar\/99e38dea1727d397df18aced5ac6840012bb7f24c8570dcfafabb73086aed88c?s=96&d=mm&r=g","caption":"PuertoCdelU"},"url":"https:\/\/www.puertocdelu.com.ar\/index.php\/author\/hectordelos1\/"}]}},"_links":{"self":[{"href":"https:\/\/www.puertocdelu.com.ar\/index.php\/wp-json\/wp\/v2\/posts\/1996","targetHints":{"allow":["GET"]}}],"collection":[{"href":"https:\/\/www.puertocdelu.com.ar\/index.php\/wp-json\/wp\/v2\/posts"}],"about":[{"href":"https:\/\/www.puertocdelu.com.ar\/index.php\/wp-json\/wp\/v2\/types\/post"}],"author":[{"embeddable":true,"href":"https:\/\/www.puertocdelu.com.ar\/index.php\/wp-json\/wp\/v2\/users\/1"}],"replies":[{"embeddable":true,"href":"https:\/\/www.puertocdelu.com.ar\/index.php\/wp-json\/wp\/v2\/comments?post=1996"}],"version-history":[{"count":4,"href":"https:\/\/www.puertocdelu.com.ar\/index.php\/wp-json\/wp\/v2\/posts\/1996\/revisions"}],"predecessor-version":[{"id":2006,"href":"https:\/\/www.puertocdelu.com.ar\/index.php\/wp-json\/wp\/v2\/posts\/1996\/revisions\/2006"}],"wp:featuredmedia":[{"embeddable":true,"href":"https:\/\/www.puertocdelu.com.ar\/index.php\/wp-json\/wp\/v2\/media\/1997"}],"wp:attachment":[{"href":"https:\/\/www.puertocdelu.com.ar\/index.php\/wp-json\/wp\/v2\/media?parent=1996"}],"wp:term":[{"taxonomy":"category","embeddable":true,"href":"https:\/\/www.puertocdelu.com.ar\/index.php\/wp-json\/wp\/v2\/categories?post=1996"},{"taxonomy":"post_tag","embeddable":true,"href":"https:\/\/www.puertocdelu.com.ar\/index.php\/wp-json\/wp\/v2\/tags?post=1996"}],"curies":[{"name":"wp","href":"https:\/\/api.w.org\/{rel}","templated":true}]}}