{"id":2042,"date":"2020-05-28T18:48:26","date_gmt":"2020-05-28T18:48:26","guid":{"rendered":"http:\/\/www.puertocdelu.com.ar\/?p=2042"},"modified":"2020-05-28T18:49:59","modified_gmt":"2020-05-28T18:49:59","slug":"puerto-y-municipalidad-articulan-estrategias-para-ayudar-al-sector-industrial-y-productivo-de-la-ciudad","status":"publish","type":"post","link":"https:\/\/www.puertocdelu.com.ar\/index.php\/2020\/05\/28\/puerto-y-municipalidad-articulan-estrategias-para-ayudar-al-sector-industrial-y-productivo-de-la-ciudad\/","title":{"rendered":"Puerto y Municipalidad articulan estrategias para ayudar al sector industrial y productivo de la ciudad"},"content":{"rendered":"<p>En la ma\u00f1ana de este mi\u00e9rcoles tuvo lugar un encuentro entre las autoridades del Puerto de Concepci\u00f3n del Uruguay y de la Direcci\u00f3n de Producci\u00f3n municipal para reforzar el trabajo conjunto entre ambos organismos y potenciar a las cadenas de valor de la ciudad. Marcelo Gay Balm\u00e1z, presidente del Ente Portuario uruguayense, recibi\u00f3 en las oficinas del puerto a Victoria Giarrizzo, directora de Producci\u00f3n, quien asisti\u00f3 junto a Hugo Cettour, representante de la Municipalidad en el Concejo de Administraci\u00f3n del Puerto, y Diego Galliard, coordinador de la Direcci\u00f3n de Producci\u00f3n del municipio.<\/p>\n<p>Del encuentro tambi\u00e9n particip\u00f3 el administrador del Puerto, Carlos Mar\u00eda Scelzi, y se abordaron diferentes temas vinculados a la actividad productiva y exportadora de Concepci\u00f3n del Uruguay y la regi\u00f3n, como as\u00ed tambi\u00e9n la necesidad de reforzar la articulaci\u00f3n que existe entre el puerto y la estructura comunal dedicada a potenciar las \u00e1reas productivas e industriales de la ciudad.<\/p>\n<p>\u201cEs fundamental que desde el puerto y la municipalidad sumemos todo nuestro esfuerzo para que el sector del trabajo de Concepci\u00f3n del Uruguay disponga de herramientas que son vitales para el desarrollo y el crecimiento, son tiempos complicados y debemos establecer los caminos m\u00e1s sencillos para bajar costos, agregar valor y buscar nuevos mercados para todo lo que se produce en nuestra regi\u00f3n, por eso tambi\u00e9n debemos seguir fortaleciendo la complementariedad con la Rep\u00fablica Oriental del Uruguay tal cual lo venimos haciendo hace muchos a\u00f1os\u201d, remarc\u00f3 Gay Balm\u00e1z.<\/p>\n<p>Victoria Giarrizzo, por su parte, apunt\u00f3 a intensificar el trabajo conjunto y elaborar estrategias de consulta con los diferentes sectores industriales y productivos y los operadores portuarios, para analizar las alternativas posibles que ayuden a potenciar el comercio y a favorecer la generaci\u00f3n de trabajo de calidad.<\/p>\n<p>En este sentido, Gay Balm\u00e1z destac\u00f3 que \u201ceste trabajo entre el Puerto y la Municipalidad nos permitir\u00e1 difundir y potenciar las ventajas a las que el sector industrial y productivo de la regi\u00f3n puede acceder a trav\u00e9s de nuevas v\u00edas de comercializaci\u00f3n, tenemos el puerto en la ciudad, esto es una salida al mundo y dispone de toda una cadena log\u00edstica que permite abaratar costos de exportaci\u00f3n\u201d, remarc\u00f3.<\/p>\n<p>De igual manera, el presidente del Ente Portuario detall\u00f3 que \u201ca todo esto hay que sumar una planificaci\u00f3n futura que prev\u00e9 una cadena log\u00edstica mucho mayor que el Gobierno Provincial ya ha puesto en marcha a trav\u00e9s de la reactivaci\u00f3n del ferrocarril, esto lleva a una interconexi\u00f3n m\u00e1s fluida con Paraguay, Bolivia, Uruguay y el sur de Brasil, todo eso es un enorme espacio de mercado que debemos sumar para toda nuestra regi\u00f3n\u201d.<\/p>\n<p>La reuni\u00f3n se prolong\u00f3 por casi dos horas y se acordaron los pasos a seguir para comenzar en los pr\u00f3ximos d\u00edas a gestionar reuniones entre los sectores involucrados, industriales, productores, exportadores, operadores portuarios, y todos los sectores p\u00fablicos y privados en condiciones de sumar ventajas para el crecimiento de la regi\u00f3n.<\/p>\n","protected":false},"excerpt":{"rendered":"<p>En la ma\u00f1ana de este mi\u00e9rcoles tuvo lugar un encuentro entre las autoridades del Puerto de Concepci\u00f3n del Uruguay y de la Direcci\u00f3n de Producci\u00f3n municipal para reforzar el trabajo conjunto entre ambos organismos y potenciar a las cadenas de valor de la ciudad. Marcelo Gay Balm\u00e1z, presidente del Ente Portuario uruguayense, recibi\u00f3 en las [&hellip;]<\/p>\n","protected":false},"author":1,"featured_media":2043,"comment_status":"open","ping_status":"open","sticky":false,"template":"","format":"standard","meta":{"footnotes":""},"categories":[81],"tags":[],"class_list":{"0":"post-2042","1":"post","2":"type-post","3":"status-publish","4":"format-standard","5":"has-post-thumbnail","7":"category-noticias"},"yoast_head":"<!-- This site is optimized with the Yoast SEO plugin v27.4 - https:\/\/yoast.com\/product\/yoast-seo-wordpress\/ -->\n<title>Puerto y Municipalidad articulan estrategias para ayudar al sector industrial y productivo de la ciudad - Puerto de Concepci\u00f3n del Uruguay<\/title>\n<meta name=\"robots\" content=\"index, follow, max-snippet:-1, max-image-preview:large, max-video-preview:-1\" \/>\n<link rel=\"canonical\" href=\"https:\/\/www.puertocdelu.com.ar\/index.php\/2020\/05\/28\/puerto-y-municipalidad-articulan-estrategias-para-ayudar-al-sector-industrial-y-productivo-de-la-ciudad\/\" \/>\n<meta property=\"og:locale\" content=\"es_ES\" \/>\n<meta property=\"og:type\" content=\"article\" \/>\n<meta property=\"og:title\" content=\"Puerto y Municipalidad articulan estrategias para ayudar al sector industrial y productivo de la ciudad - Puerto de Concepci\u00f3n del Uruguay\" \/>\n<meta property=\"og:description\" content=\"En la ma\u00f1ana de este mi\u00e9rcoles tuvo lugar un encuentro entre las autoridades del Puerto de Concepci\u00f3n del Uruguay y de la Direcci\u00f3n de Producci\u00f3n municipal para reforzar el trabajo conjunto entre ambos organismos y potenciar a las cadenas de valor de la ciudad. Marcelo Gay Balm\u00e1z, presidente del Ente Portuario uruguayense, recibi\u00f3 en las [&hellip;]\" \/>\n<meta property=\"og:url\" content=\"https:\/\/www.puertocdelu.com.ar\/index.php\/2020\/05\/28\/puerto-y-municipalidad-articulan-estrategias-para-ayudar-al-sector-industrial-y-productivo-de-la-ciudad\/\" \/>\n<meta property=\"og:site_name\" content=\"Puerto de Concepci\u00f3n del Uruguay\" \/>\n<meta property=\"article:published_time\" content=\"2020-05-28T18:48:26+00:00\" \/>\n<meta property=\"article:modified_time\" content=\"2020-05-28T18:49:59+00:00\" \/>\n<meta property=\"og:image\" content=\"https:\/\/www.puertocdelu.com.ar\/wp-content\/uploads\/2020\/05\/giarrizzo.jpg\" \/>\n\t<meta property=\"og:image:width\" content=\"1280\" \/>\n\t<meta property=\"og:image:height\" content=\"960\" \/>\n\t<meta property=\"og:image:type\" content=\"image\/jpeg\" \/>\n<meta name=\"author\" content=\"PuertoCdelU\" \/>\n<meta name=\"twitter:card\" content=\"summary_large_image\" \/>\n<meta name=\"twitter:label1\" content=\"Escrito por\" \/>\n\t<meta name=\"twitter:data1\" content=\"PuertoCdelU\" \/>\n\t<meta name=\"twitter:label2\" content=\"Tiempo de lectura\" \/>\n\t<meta name=\"twitter:data2\" content=\"3 minutos\" \/>\n<script type=\"application\/ld+json\" class=\"yoast-schema-graph\">{\"@context\":\"https:\\\/\\\/schema.org\",\"@graph\":[{\"@type\":\"Article\",\"@id\":\"https:\\\/\\\/www.puertocdelu.com.ar\\\/index.php\\\/2020\\\/05\\\/28\\\/puerto-y-municipalidad-articulan-estrategias-para-ayudar-al-sector-industrial-y-productivo-de-la-ciudad\\\/#article\",\"isPartOf\":{\"@id\":\"https:\\\/\\\/www.puertocdelu.com.ar\\\/index.php\\\/2020\\\/05\\\/28\\\/puerto-y-municipalidad-articulan-estrategias-para-ayudar-al-sector-industrial-y-productivo-de-la-ciudad\\\/\"},\"author\":{\"name\":\"PuertoCdelU\",\"@id\":\"https:\\\/\\\/www.puertocdelu.com.ar\\\/#\\\/schema\\\/person\\\/9d258b923b29bd5f47ca80d9c8cd72d1\"},\"headline\":\"Puerto y Municipalidad articulan estrategias para ayudar al sector industrial y productivo de la ciudad\",\"datePublished\":\"2020-05-28T18:48:26+00:00\",\"dateModified\":\"2020-05-28T18:49:59+00:00\",\"mainEntityOfPage\":{\"@id\":\"https:\\\/\\\/www.puertocdelu.com.ar\\\/index.php\\\/2020\\\/05\\\/28\\\/puerto-y-municipalidad-articulan-estrategias-para-ayudar-al-sector-industrial-y-productivo-de-la-ciudad\\\/\"},\"wordCount\":536,\"commentCount\":0,\"image\":{\"@id\":\"https:\\\/\\\/www.puertocdelu.com.ar\\\/index.php\\\/2020\\\/05\\\/28\\\/puerto-y-municipalidad-articulan-estrategias-para-ayudar-al-sector-industrial-y-productivo-de-la-ciudad\\\/#primaryimage\"},\"thumbnailUrl\":\"https:\\\/\\\/www.puertocdelu.com.ar\\\/wp-content\\\/uploads\\\/2020\\\/05\\\/giarrizzo.jpg\",\"articleSection\":[\"Noticias\"],\"inLanguage\":\"es\",\"potentialAction\":[{\"@type\":\"CommentAction\",\"name\":\"Comment\",\"target\":[\"https:\\\/\\\/www.puertocdelu.com.ar\\\/index.php\\\/2020\\\/05\\\/28\\\/puerto-y-municipalidad-articulan-estrategias-para-ayudar-al-sector-industrial-y-productivo-de-la-ciudad\\\/#respond\"]}]},{\"@type\":\"WebPage\",\"@id\":\"https:\\\/\\\/www.puertocdelu.com.ar\\\/index.php\\\/2020\\\/05\\\/28\\\/puerto-y-municipalidad-articulan-estrategias-para-ayudar-al-sector-industrial-y-productivo-de-la-ciudad\\\/\",\"url\":\"https:\\\/\\\/www.puertocdelu.com.ar\\\/index.php\\\/2020\\\/05\\\/28\\\/puerto-y-municipalidad-articulan-estrategias-para-ayudar-al-sector-industrial-y-productivo-de-la-ciudad\\\/\",\"name\":\"Puerto y Municipalidad articulan estrategias para ayudar al sector industrial y productivo de la ciudad - Puerto de Concepci\u00f3n del Uruguay\",\"isPartOf\":{\"@id\":\"https:\\\/\\\/www.puertocdelu.com.ar\\\/#website\"},\"primaryImageOfPage\":{\"@id\":\"https:\\\/\\\/www.puertocdelu.com.ar\\\/index.php\\\/2020\\\/05\\\/28\\\/puerto-y-municipalidad-articulan-estrategias-para-ayudar-al-sector-industrial-y-productivo-de-la-ciudad\\\/#primaryimage\"},\"image\":{\"@id\":\"https:\\\/\\\/www.puertocdelu.com.ar\\\/index.php\\\/2020\\\/05\\\/28\\\/puerto-y-municipalidad-articulan-estrategias-para-ayudar-al-sector-industrial-y-productivo-de-la-ciudad\\\/#primaryimage\"},\"thumbnailUrl\":\"https:\\\/\\\/www.puertocdelu.com.ar\\\/wp-content\\\/uploads\\\/2020\\\/05\\\/giarrizzo.jpg\",\"datePublished\":\"2020-05-28T18:48:26+00:00\",\"dateModified\":\"2020-05-28T18:49:59+00:00\",\"author\":{\"@id\":\"https:\\\/\\\/www.puertocdelu.com.ar\\\/#\\\/schema\\\/person\\\/9d258b923b29bd5f47ca80d9c8cd72d1\"},\"breadcrumb\":{\"@id\":\"https:\\\/\\\/www.puertocdelu.com.ar\\\/index.php\\\/2020\\\/05\\\/28\\\/puerto-y-municipalidad-articulan-estrategias-para-ayudar-al-sector-industrial-y-productivo-de-la-ciudad\\\/#breadcrumb\"},\"inLanguage\":\"es\",\"potentialAction\":[{\"@type\":\"ReadAction\",\"target\":[\"https:\\\/\\\/www.puertocdelu.com.ar\\\/index.php\\\/2020\\\/05\\\/28\\\/puerto-y-municipalidad-articulan-estrategias-para-ayudar-al-sector-industrial-y-productivo-de-la-ciudad\\\/\"]}]},{\"@type\":\"ImageObject\",\"inLanguage\":\"es\",\"@id\":\"https:\\\/\\\/www.puertocdelu.com.ar\\\/index.php\\\/2020\\\/05\\\/28\\\/puerto-y-municipalidad-articulan-estrategias-para-ayudar-al-sector-industrial-y-productivo-de-la-ciudad\\\/#primaryimage\",\"url\":\"https:\\\/\\\/www.puertocdelu.com.ar\\\/wp-content\\\/uploads\\\/2020\\\/05\\\/giarrizzo.jpg\",\"contentUrl\":\"https:\\\/\\\/www.puertocdelu.com.ar\\\/wp-content\\\/uploads\\\/2020\\\/05\\\/giarrizzo.jpg\",\"width\":1280,\"height\":960,\"caption\":\"La reuni\u00f3n tuvo lugar en la sede del Ente Aut\u00e1rquico Puerto Concepci\u00f3n del Uruguay.\"},{\"@type\":\"BreadcrumbList\",\"@id\":\"https:\\\/\\\/www.puertocdelu.com.ar\\\/index.php\\\/2020\\\/05\\\/28\\\/puerto-y-municipalidad-articulan-estrategias-para-ayudar-al-sector-industrial-y-productivo-de-la-ciudad\\\/#breadcrumb\",\"itemListElement\":[{\"@type\":\"ListItem\",\"position\":1,\"name\":\"Portada\",\"item\":\"https:\\\/\\\/www.puertocdelu.com.ar\\\/\"},{\"@type\":\"ListItem\",\"position\":2,\"name\":\"Puerto y Municipalidad articulan estrategias para ayudar al sector industrial y productivo de la ciudad\"}]},{\"@type\":\"WebSite\",\"@id\":\"https:\\\/\\\/www.puertocdelu.com.ar\\\/#website\",\"url\":\"https:\\\/\\\/www.puertocdelu.com.ar\\\/\",\"name\":\"Puerto de Concepci\u00f3n del Uruguay\",\"description\":\"\",\"potentialAction\":[{\"@type\":\"SearchAction\",\"target\":{\"@type\":\"EntryPoint\",\"urlTemplate\":\"https:\\\/\\\/www.puertocdelu.com.ar\\\/?s={search_term_string}\"},\"query-input\":{\"@type\":\"PropertyValueSpecification\",\"valueRequired\":true,\"valueName\":\"search_term_string\"}}],\"inLanguage\":\"es\"},{\"@type\":\"Person\",\"@id\":\"https:\\\/\\\/www.puertocdelu.com.ar\\\/#\\\/schema\\\/person\\\/9d258b923b29bd5f47ca80d9c8cd72d1\",\"name\":\"PuertoCdelU\",\"image\":{\"@type\":\"ImageObject\",\"inLanguage\":\"es\",\"@id\":\"https:\\\/\\\/secure.gravatar.com\\\/avatar\\\/99e38dea1727d397df18aced5ac6840012bb7f24c8570dcfafabb73086aed88c?s=96&d=mm&r=g\",\"url\":\"https:\\\/\\\/secure.gravatar.com\\\/avatar\\\/99e38dea1727d397df18aced5ac6840012bb7f24c8570dcfafabb73086aed88c?s=96&d=mm&r=g\",\"contentUrl\":\"https:\\\/\\\/secure.gravatar.com\\\/avatar\\\/99e38dea1727d397df18aced5ac6840012bb7f24c8570dcfafabb73086aed88c?s=96&d=mm&r=g\",\"caption\":\"PuertoCdelU\"},\"url\":\"https:\\\/\\\/www.puertocdelu.com.ar\\\/index.php\\\/author\\\/hectordelos1\\\/\"}]}<\/script>\n<!-- \/ Yoast SEO plugin. -->","yoast_head_json":{"title":"Puerto y Municipalidad articulan estrategias para ayudar al sector industrial y productivo de la ciudad - Puerto de Concepci\u00f3n del Uruguay","robots":{"index":"index","follow":"follow","max-snippet":"max-snippet:-1","max-image-preview":"max-image-preview:large","max-video-preview":"max-video-preview:-1"},"canonical":"https:\/\/www.puertocdelu.com.ar\/index.php\/2020\/05\/28\/puerto-y-municipalidad-articulan-estrategias-para-ayudar-al-sector-industrial-y-productivo-de-la-ciudad\/","og_locale":"es_ES","og_type":"article","og_title":"Puerto y Municipalidad articulan estrategias para ayudar al sector industrial y productivo de la ciudad - Puerto de Concepci\u00f3n del Uruguay","og_description":"En la ma\u00f1ana de este mi\u00e9rcoles tuvo lugar un encuentro entre las autoridades del Puerto de Concepci\u00f3n del Uruguay y de la Direcci\u00f3n de Producci\u00f3n municipal para reforzar el trabajo conjunto entre ambos organismos y potenciar a las cadenas de valor de la ciudad. Marcelo Gay Balm\u00e1z, presidente del Ente Portuario uruguayense, recibi\u00f3 en las [&hellip;]","og_url":"https:\/\/www.puertocdelu.com.ar\/index.php\/2020\/05\/28\/puerto-y-municipalidad-articulan-estrategias-para-ayudar-al-sector-industrial-y-productivo-de-la-ciudad\/","og_site_name":"Puerto de Concepci\u00f3n del Uruguay","article_published_time":"2020-05-28T18:48:26+00:00","article_modified_time":"2020-05-28T18:49:59+00:00","og_image":[{"width":1280,"height":960,"url":"https:\/\/www.puertocdelu.com.ar\/wp-content\/uploads\/2020\/05\/giarrizzo.jpg","type":"image\/jpeg"}],"author":"PuertoCdelU","twitter_card":"summary_large_image","twitter_misc":{"Escrito por":"PuertoCdelU","Tiempo de lectura":"3 minutos"},"schema":{"@context":"https:\/\/schema.org","@graph":[{"@type":"Article","@id":"https:\/\/www.puertocdelu.com.ar\/index.php\/2020\/05\/28\/puerto-y-municipalidad-articulan-estrategias-para-ayudar-al-sector-industrial-y-productivo-de-la-ciudad\/#article","isPartOf":{"@id":"https:\/\/www.puertocdelu.com.ar\/index.php\/2020\/05\/28\/puerto-y-municipalidad-articulan-estrategias-para-ayudar-al-sector-industrial-y-productivo-de-la-ciudad\/"},"author":{"name":"PuertoCdelU","@id":"https:\/\/www.puertocdelu.com.ar\/#\/schema\/person\/9d258b923b29bd5f47ca80d9c8cd72d1"},"headline":"Puerto y Municipalidad articulan estrategias para ayudar al sector industrial y productivo de la ciudad","datePublished":"2020-05-28T18:48:26+00:00","dateModified":"2020-05-28T18:49:59+00:00","mainEntityOfPage":{"@id":"https:\/\/www.puertocdelu.com.ar\/index.php\/2020\/05\/28\/puerto-y-municipalidad-articulan-estrategias-para-ayudar-al-sector-industrial-y-productivo-de-la-ciudad\/"},"wordCount":536,"commentCount":0,"image":{"@id":"https:\/\/www.puertocdelu.com.ar\/index.php\/2020\/05\/28\/puerto-y-municipalidad-articulan-estrategias-para-ayudar-al-sector-industrial-y-productivo-de-la-ciudad\/#primaryimage"},"thumbnailUrl":"https:\/\/www.puertocdelu.com.ar\/wp-content\/uploads\/2020\/05\/giarrizzo.jpg","articleSection":["Noticias"],"inLanguage":"es","potentialAction":[{"@type":"CommentAction","name":"Comment","target":["https:\/\/www.puertocdelu.com.ar\/index.php\/2020\/05\/28\/puerto-y-municipalidad-articulan-estrategias-para-ayudar-al-sector-industrial-y-productivo-de-la-ciudad\/#respond"]}]},{"@type":"WebPage","@id":"https:\/\/www.puertocdelu.com.ar\/index.php\/2020\/05\/28\/puerto-y-municipalidad-articulan-estrategias-para-ayudar-al-sector-industrial-y-productivo-de-la-ciudad\/","url":"https:\/\/www.puertocdelu.com.ar\/index.php\/2020\/05\/28\/puerto-y-municipalidad-articulan-estrategias-para-ayudar-al-sector-industrial-y-productivo-de-la-ciudad\/","name":"Puerto y Municipalidad articulan estrategias para ayudar al sector industrial y productivo de la ciudad - Puerto de Concepci\u00f3n del Uruguay","isPartOf":{"@id":"https:\/\/www.puertocdelu.com.ar\/#website"},"primaryImageOfPage":{"@id":"https:\/\/www.puertocdelu.com.ar\/index.php\/2020\/05\/28\/puerto-y-municipalidad-articulan-estrategias-para-ayudar-al-sector-industrial-y-productivo-de-la-ciudad\/#primaryimage"},"image":{"@id":"https:\/\/www.puertocdelu.com.ar\/index.php\/2020\/05\/28\/puerto-y-municipalidad-articulan-estrategias-para-ayudar-al-sector-industrial-y-productivo-de-la-ciudad\/#primaryimage"},"thumbnailUrl":"https:\/\/www.puertocdelu.com.ar\/wp-content\/uploads\/2020\/05\/giarrizzo.jpg","datePublished":"2020-05-28T18:48:26+00:00","dateModified":"2020-05-28T18:49:59+00:00","author":{"@id":"https:\/\/www.puertocdelu.com.ar\/#\/schema\/person\/9d258b923b29bd5f47ca80d9c8cd72d1"},"breadcrumb":{"@id":"https:\/\/www.puertocdelu.com.ar\/index.php\/2020\/05\/28\/puerto-y-municipalidad-articulan-estrategias-para-ayudar-al-sector-industrial-y-productivo-de-la-ciudad\/#breadcrumb"},"inLanguage":"es","potentialAction":[{"@type":"ReadAction","target":["https:\/\/www.puertocdelu.com.ar\/index.php\/2020\/05\/28\/puerto-y-municipalidad-articulan-estrategias-para-ayudar-al-sector-industrial-y-productivo-de-la-ciudad\/"]}]},{"@type":"ImageObject","inLanguage":"es","@id":"https:\/\/www.puertocdelu.com.ar\/index.php\/2020\/05\/28\/puerto-y-municipalidad-articulan-estrategias-para-ayudar-al-sector-industrial-y-productivo-de-la-ciudad\/#primaryimage","url":"https:\/\/www.puertocdelu.com.ar\/wp-content\/uploads\/2020\/05\/giarrizzo.jpg","contentUrl":"https:\/\/www.puertocdelu.com.ar\/wp-content\/uploads\/2020\/05\/giarrizzo.jpg","width":1280,"height":960,"caption":"La reuni\u00f3n tuvo lugar en la sede del Ente Aut\u00e1rquico Puerto Concepci\u00f3n del Uruguay."},{"@type":"BreadcrumbList","@id":"https:\/\/www.puertocdelu.com.ar\/index.php\/2020\/05\/28\/puerto-y-municipalidad-articulan-estrategias-para-ayudar-al-sector-industrial-y-productivo-de-la-ciudad\/#breadcrumb","itemListElement":[{"@type":"ListItem","position":1,"name":"Portada","item":"https:\/\/www.puertocdelu.com.ar\/"},{"@type":"ListItem","position":2,"name":"Puerto y Municipalidad articulan estrategias para ayudar al sector industrial y productivo de la ciudad"}]},{"@type":"WebSite","@id":"https:\/\/www.puertocdelu.com.ar\/#website","url":"https:\/\/www.puertocdelu.com.ar\/","name":"Puerto de Concepci\u00f3n del Uruguay","description":"","potentialAction":[{"@type":"SearchAction","target":{"@type":"EntryPoint","urlTemplate":"https:\/\/www.puertocdelu.com.ar\/?s={search_term_string}"},"query-input":{"@type":"PropertyValueSpecification","valueRequired":true,"valueName":"search_term_string"}}],"inLanguage":"es"},{"@type":"Person","@id":"https:\/\/www.puertocdelu.com.ar\/#\/schema\/person\/9d258b923b29bd5f47ca80d9c8cd72d1","name":"PuertoCdelU","image":{"@type":"ImageObject","inLanguage":"es","@id":"https:\/\/secure.gravatar.com\/avatar\/99e38dea1727d397df18aced5ac6840012bb7f24c8570dcfafabb73086aed88c?s=96&d=mm&r=g","url":"https:\/\/secure.gravatar.com\/avatar\/99e38dea1727d397df18aced5ac6840012bb7f24c8570dcfafabb73086aed88c?s=96&d=mm&r=g","contentUrl":"https:\/\/secure.gravatar.com\/avatar\/99e38dea1727d397df18aced5ac6840012bb7f24c8570dcfafabb73086aed88c?s=96&d=mm&r=g","caption":"PuertoCdelU"},"url":"https:\/\/www.puertocdelu.com.ar\/index.php\/author\/hectordelos1\/"}]}},"_links":{"self":[{"href":"https:\/\/www.puertocdelu.com.ar\/index.php\/wp-json\/wp\/v2\/posts\/2042","targetHints":{"allow":["GET"]}}],"collection":[{"href":"https:\/\/www.puertocdelu.com.ar\/index.php\/wp-json\/wp\/v2\/posts"}],"about":[{"href":"https:\/\/www.puertocdelu.com.ar\/index.php\/wp-json\/wp\/v2\/types\/post"}],"author":[{"embeddable":true,"href":"https:\/\/www.puertocdelu.com.ar\/index.php\/wp-json\/wp\/v2\/users\/1"}],"replies":[{"embeddable":true,"href":"https:\/\/www.puertocdelu.com.ar\/index.php\/wp-json\/wp\/v2\/comments?post=2042"}],"version-history":[{"count":2,"href":"https:\/\/www.puertocdelu.com.ar\/index.php\/wp-json\/wp\/v2\/posts\/2042\/revisions"}],"predecessor-version":[{"id":2045,"href":"https:\/\/www.puertocdelu.com.ar\/index.php\/wp-json\/wp\/v2\/posts\/2042\/revisions\/2045"}],"wp:featuredmedia":[{"embeddable":true,"href":"https:\/\/www.puertocdelu.com.ar\/index.php\/wp-json\/wp\/v2\/media\/2043"}],"wp:attachment":[{"href":"https:\/\/www.puertocdelu.com.ar\/index.php\/wp-json\/wp\/v2\/media?parent=2042"}],"wp:term":[{"taxonomy":"category","embeddable":true,"href":"https:\/\/www.puertocdelu.com.ar\/index.php\/wp-json\/wp\/v2\/categories?post=2042"},{"taxonomy":"post_tag","embeddable":true,"href":"https:\/\/www.puertocdelu.com.ar\/index.php\/wp-json\/wp\/v2\/tags?post=2042"}],"curies":[{"name":"wp","href":"https:\/\/api.w.org\/{rel}","templated":true}]}}