{"id":2108,"date":"2020-08-02T13:28:22","date_gmt":"2020-08-02T13:28:22","guid":{"rendered":"http:\/\/www.puertocdelu.com.ar\/?p=2108"},"modified":"2020-08-07T13:35:45","modified_gmt":"2020-08-07T13:35:45","slug":"puertos-y-ferrocarriles-entre-las-obras-prioritarias-de-la-provincia","status":"publish","type":"post","link":"https:\/\/www.puertocdelu.com.ar\/index.php\/2020\/08\/02\/puertos-y-ferrocarriles-entre-las-obras-prioritarias-de-la-provincia\/","title":{"rendered":"Puertos y ferrocarriles entre las obras prioritarias de la provincia"},"content":{"rendered":"<p>Con miras a proyectar para fortalecer la econom\u00eda cuando finalice la pandemia del Covid-19, el ministro de Producci\u00f3n, Juan Jos\u00e9 Bahillo, con el secretario de la Comisi\u00f3n de Presupuesto de la c\u00e1mara de Diputados de la Naci\u00f3n, Marcelo Casaretto, mantuvieron una reuni\u00f3n de trabajo en la que analizaron obras de infraestructura prioritarias para Entre R\u00edos.<\/p>\n<p>El ministro de Producci\u00f3n, Turismo y Desarrollo Econ\u00f3mico, Juan Jos\u00e9 Bahillo, se reuni\u00f3 con el Diputado Nacional, Marcelo Casaretto, para Bahillo recibi\u00f3 en su despacho al legislador y evaluaron las principales iniciativas que desde el gobierno provincial se propone en el terreno de infraestructura para mejorar los sistemas de transportes, la generaci\u00f3n de energ\u00eda, caminos en sectores productivos y la conectividad en zonas rurales, entre otros temas.<\/p>\n<p>Casaretto y Bahillo analizaron las necesidades de infraestructura en Entre R\u00edos.<br \/>\nCon respecto a puertos y ferrocarriles, Bahillo destac\u00f3 la potencialidad del sistema portuario provincial, \u201cestamos proyectando un gran complejo log\u00edstico basado en un sistema multimodal de cargas, no solo para beneficiar a la producci\u00f3n entrerriana, sino la Mesopotamia argentina y una gran oportunidad para ser la salida de la producci\u00f3n del Paraguay y Sur de Brasil\u201d, sostuvo el titular de la cartera productiva, pensando en una perspectiva regional.<\/p>\n<p><a href=\"https:\/\/www.puertocdelu.com.ar\/wp-content\/uploads\/2020\/01\/1578239052jpg.jpg\"><img loading=\"lazy\" decoding=\"async\" class=\"aligncenter size-full wp-image-1897\" src=\"https:\/\/www.puertocdelu.com.ar\/wp-content\/uploads\/2020\/01\/1578239052jpg.jpg\" alt=\"\" width=\"900\" height=\"675\" srcset=\"https:\/\/www.puertocdelu.com.ar\/wp-content\/uploads\/2020\/01\/1578239052jpg.jpg 900w, https:\/\/www.puertocdelu.com.ar\/wp-content\/uploads\/2020\/01\/1578239052jpg-300x225.jpg 300w, https:\/\/www.puertocdelu.com.ar\/wp-content\/uploads\/2020\/01\/1578239052jpg-768x576.jpg 768w, https:\/\/www.puertocdelu.com.ar\/wp-content\/uploads\/2020\/01\/1578239052jpg-80x60.jpg 80w, https:\/\/www.puertocdelu.com.ar\/wp-content\/uploads\/2020\/01\/1578239052jpg-265x198.jpg 265w, https:\/\/www.puertocdelu.com.ar\/wp-content\/uploads\/2020\/01\/1578239052jpg-696x522.jpg 696w, https:\/\/www.puertocdelu.com.ar\/wp-content\/uploads\/2020\/01\/1578239052jpg-560x420.jpg 560w\" sizes=\"auto, (max-width: 900px) 100vw, 900px\" \/><\/a><\/p>\n<p>El ministro de Producci\u00f3n tambi\u00e9n analiz\u00f3 con Casaretto, que se desempe\u00f1a como secretario de la Comisi\u00f3n de Presupuesto de la c\u00e1mara de Diputados de la Naci\u00f3n, el rol de Salto Grande y el sistema de las regal\u00edas que genera para la Provincia y discutir el destino de la mismas con el Gobierno Nacional ya sea mediante un pago en valor monetario o \u201cespecies\u201d (valor de vatios). Para el ministro es esencial trabajar sobre la matriz energ\u00e9tica y tornarla competitiva en t\u00e9rminos de costo para la producci\u00f3n entrerriana, sobre todo para aquellos sectores donde la energ\u00eda tiene una incidencia determinante.<\/p>\n<p>En la agenda de la reuni\u00f3n tambi\u00e9n se habl\u00f3 sobre la necesidad de seguir invirtiendo en los caminos rurales en zonas productivas. \u201cDebemos contar con una traza vial acorde a los desaf\u00edos y necesidades de la producci\u00f3n agropecuaria, para tener una comunicaci\u00f3n terrestre fluida y poder colocar la producci\u00f3n en una provincia como la nuestra con el perfil agroalimentario que tenemos\u201d, afirm\u00f3 Bahillo.<\/p>\n<p>Bahillo y Casaretto tambi\u00e9n analizaron los desaf\u00edos y exigencias que se plantean en la provincia en el marco de la llamada Revoluci\u00f3n 4.0. \u201cEntre R\u00edos cuenta con uno de los tendidos troncales de fibra \u00f3ptica m\u00e1s destacados de Argentina, cubriendo la totalidad del territorio provincial y el paso siguiente es desarrollar la llamada \u00faltima milla para conectar los troncales con la demanda efectiva de ese servicio\u201d, afirm\u00f3 el Ministro.<\/p>\n<p>\u201cEstamos ante un plan de desarrollo de telecomunicaciones y conectividad, que se viene haciendo junto a Enersa y se priorizan las tem\u00e1ticas de inclusi\u00f3n digital, servicios gubernamentales y el desarrollo de la conectividad vinculado con la producci\u00f3n para llevarla a puertos y parques industriales\u201d, afirm\u00f3 Bahillo.<\/p>\n<p>El Legislador le anticip\u00f3, que el presidente Alberto Fern\u00e1ndez solicit\u00f3 a la C\u00e1mara de Diputados la ampliaci\u00f3n presupuestaria que prev\u00e9 readecuaciones para contar con m\u00e1s recursos para hacer frente a los compromisos derivados de la atenci\u00f3n de la pandemia, prioritariamente. \u201cLa idea es conseguir la autorizaci\u00f3n legislativa para ampliar el presupuesto para atender lo que son las necesidades de financiamiento del Estado Nacional, especialmente los programas vinculados con la Pandemia y por supuesto, aportamos todos los proyectos que nuestra provincia necesita\u201d, destac\u00f3 Casaretto.<\/p>\n","protected":false},"excerpt":{"rendered":"<p>Con miras a proyectar para fortalecer la econom\u00eda cuando finalice la pandemia del Covid-19, el ministro de Producci\u00f3n, Juan Jos\u00e9 Bahillo, con el secretario de la Comisi\u00f3n de Presupuesto de la c\u00e1mara de Diputados de la Naci\u00f3n, Marcelo Casaretto, mantuvieron una reuni\u00f3n de trabajo en la que analizaron obras de infraestructura prioritarias para Entre R\u00edos. [&hellip;]<\/p>\n","protected":false},"author":1,"featured_media":2110,"comment_status":"open","ping_status":"open","sticky":false,"template":"","format":"standard","meta":{"footnotes":""},"categories":[81],"tags":[],"class_list":{"0":"post-2108","1":"post","2":"type-post","3":"status-publish","4":"format-standard","5":"has-post-thumbnail","7":"category-noticias"},"yoast_head":"<!-- This site is optimized with the Yoast SEO plugin v27.4 - https:\/\/yoast.com\/product\/yoast-seo-wordpress\/ -->\n<title>Puertos y ferrocarriles entre las obras prioritarias de la provincia - Puerto de Concepci\u00f3n del Uruguay<\/title>\n<meta name=\"robots\" content=\"index, follow, max-snippet:-1, max-image-preview:large, max-video-preview:-1\" \/>\n<link rel=\"canonical\" href=\"https:\/\/www.puertocdelu.com.ar\/index.php\/2020\/08\/02\/puertos-y-ferrocarriles-entre-las-obras-prioritarias-de-la-provincia\/\" \/>\n<meta property=\"og:locale\" content=\"es_ES\" \/>\n<meta property=\"og:type\" content=\"article\" \/>\n<meta property=\"og:title\" content=\"Puertos y ferrocarriles entre las obras prioritarias de la provincia - Puerto de Concepci\u00f3n del Uruguay\" \/>\n<meta property=\"og:description\" content=\"Con miras a proyectar para fortalecer la econom\u00eda cuando finalice la pandemia del Covid-19, el ministro de Producci\u00f3n, Juan Jos\u00e9 Bahillo, con el secretario de la Comisi\u00f3n de Presupuesto de la c\u00e1mara de Diputados de la Naci\u00f3n, Marcelo Casaretto, mantuvieron una reuni\u00f3n de trabajo en la que analizaron obras de infraestructura prioritarias para Entre R\u00edos. [&hellip;]\" \/>\n<meta property=\"og:url\" content=\"https:\/\/www.puertocdelu.com.ar\/index.php\/2020\/08\/02\/puertos-y-ferrocarriles-entre-las-obras-prioritarias-de-la-provincia\/\" \/>\n<meta property=\"og:site_name\" content=\"Puerto de Concepci\u00f3n del Uruguay\" \/>\n<meta property=\"article:published_time\" content=\"2020-08-02T13:28:22+00:00\" \/>\n<meta property=\"article:modified_time\" content=\"2020-08-07T13:35:45+00:00\" \/>\n<meta property=\"og:image\" content=\"https:\/\/www.puertocdelu.com.ar\/wp-content\/uploads\/2020\/08\/bahillo-e1596381138694-1.jpg\" \/>\n\t<meta property=\"og:image:width\" content=\"896\" \/>\n\t<meta property=\"og:image:height\" content=\"410\" \/>\n\t<meta property=\"og:image:type\" content=\"image\/jpeg\" \/>\n<meta name=\"author\" content=\"PuertoCdelU\" \/>\n<meta name=\"twitter:card\" content=\"summary_large_image\" \/>\n<meta name=\"twitter:label1\" content=\"Escrito por\" \/>\n\t<meta name=\"twitter:data1\" content=\"PuertoCdelU\" \/>\n\t<meta name=\"twitter:label2\" content=\"Tiempo de lectura\" \/>\n\t<meta name=\"twitter:data2\" content=\"3 minutos\" \/>\n<script type=\"application\/ld+json\" class=\"yoast-schema-graph\">{\"@context\":\"https:\\\/\\\/schema.org\",\"@graph\":[{\"@type\":\"Article\",\"@id\":\"https:\\\/\\\/www.puertocdelu.com.ar\\\/index.php\\\/2020\\\/08\\\/02\\\/puertos-y-ferrocarriles-entre-las-obras-prioritarias-de-la-provincia\\\/#article\",\"isPartOf\":{\"@id\":\"https:\\\/\\\/www.puertocdelu.com.ar\\\/index.php\\\/2020\\\/08\\\/02\\\/puertos-y-ferrocarriles-entre-las-obras-prioritarias-de-la-provincia\\\/\"},\"author\":{\"name\":\"PuertoCdelU\",\"@id\":\"https:\\\/\\\/www.puertocdelu.com.ar\\\/#\\\/schema\\\/person\\\/9d258b923b29bd5f47ca80d9c8cd72d1\"},\"headline\":\"Puertos y ferrocarriles entre las obras prioritarias de la provincia\",\"datePublished\":\"2020-08-02T13:28:22+00:00\",\"dateModified\":\"2020-08-07T13:35:45+00:00\",\"mainEntityOfPage\":{\"@id\":\"https:\\\/\\\/www.puertocdelu.com.ar\\\/index.php\\\/2020\\\/08\\\/02\\\/puertos-y-ferrocarriles-entre-las-obras-prioritarias-de-la-provincia\\\/\"},\"wordCount\":616,\"commentCount\":0,\"image\":{\"@id\":\"https:\\\/\\\/www.puertocdelu.com.ar\\\/index.php\\\/2020\\\/08\\\/02\\\/puertos-y-ferrocarriles-entre-las-obras-prioritarias-de-la-provincia\\\/#primaryimage\"},\"thumbnailUrl\":\"https:\\\/\\\/www.puertocdelu.com.ar\\\/wp-content\\\/uploads\\\/2020\\\/08\\\/bahillo-e1596381138694-1.jpg\",\"articleSection\":[\"Noticias\"],\"inLanguage\":\"es\",\"potentialAction\":[{\"@type\":\"CommentAction\",\"name\":\"Comment\",\"target\":[\"https:\\\/\\\/www.puertocdelu.com.ar\\\/index.php\\\/2020\\\/08\\\/02\\\/puertos-y-ferrocarriles-entre-las-obras-prioritarias-de-la-provincia\\\/#respond\"]}]},{\"@type\":\"WebPage\",\"@id\":\"https:\\\/\\\/www.puertocdelu.com.ar\\\/index.php\\\/2020\\\/08\\\/02\\\/puertos-y-ferrocarriles-entre-las-obras-prioritarias-de-la-provincia\\\/\",\"url\":\"https:\\\/\\\/www.puertocdelu.com.ar\\\/index.php\\\/2020\\\/08\\\/02\\\/puertos-y-ferrocarriles-entre-las-obras-prioritarias-de-la-provincia\\\/\",\"name\":\"Puertos y ferrocarriles entre las obras prioritarias de la provincia - Puerto de Concepci\u00f3n del Uruguay\",\"isPartOf\":{\"@id\":\"https:\\\/\\\/www.puertocdelu.com.ar\\\/#website\"},\"primaryImageOfPage\":{\"@id\":\"https:\\\/\\\/www.puertocdelu.com.ar\\\/index.php\\\/2020\\\/08\\\/02\\\/puertos-y-ferrocarriles-entre-las-obras-prioritarias-de-la-provincia\\\/#primaryimage\"},\"image\":{\"@id\":\"https:\\\/\\\/www.puertocdelu.com.ar\\\/index.php\\\/2020\\\/08\\\/02\\\/puertos-y-ferrocarriles-entre-las-obras-prioritarias-de-la-provincia\\\/#primaryimage\"},\"thumbnailUrl\":\"https:\\\/\\\/www.puertocdelu.com.ar\\\/wp-content\\\/uploads\\\/2020\\\/08\\\/bahillo-e1596381138694-1.jpg\",\"datePublished\":\"2020-08-02T13:28:22+00:00\",\"dateModified\":\"2020-08-07T13:35:45+00:00\",\"author\":{\"@id\":\"https:\\\/\\\/www.puertocdelu.com.ar\\\/#\\\/schema\\\/person\\\/9d258b923b29bd5f47ca80d9c8cd72d1\"},\"breadcrumb\":{\"@id\":\"https:\\\/\\\/www.puertocdelu.com.ar\\\/index.php\\\/2020\\\/08\\\/02\\\/puertos-y-ferrocarriles-entre-las-obras-prioritarias-de-la-provincia\\\/#breadcrumb\"},\"inLanguage\":\"es\",\"potentialAction\":[{\"@type\":\"ReadAction\",\"target\":[\"https:\\\/\\\/www.puertocdelu.com.ar\\\/index.php\\\/2020\\\/08\\\/02\\\/puertos-y-ferrocarriles-entre-las-obras-prioritarias-de-la-provincia\\\/\"]}]},{\"@type\":\"ImageObject\",\"inLanguage\":\"es\",\"@id\":\"https:\\\/\\\/www.puertocdelu.com.ar\\\/index.php\\\/2020\\\/08\\\/02\\\/puertos-y-ferrocarriles-entre-las-obras-prioritarias-de-la-provincia\\\/#primaryimage\",\"url\":\"https:\\\/\\\/www.puertocdelu.com.ar\\\/wp-content\\\/uploads\\\/2020\\\/08\\\/bahillo-e1596381138694-1.jpg\",\"contentUrl\":\"https:\\\/\\\/www.puertocdelu.com.ar\\\/wp-content\\\/uploads\\\/2020\\\/08\\\/bahillo-e1596381138694-1.jpg\",\"width\":896,\"height\":410},{\"@type\":\"BreadcrumbList\",\"@id\":\"https:\\\/\\\/www.puertocdelu.com.ar\\\/index.php\\\/2020\\\/08\\\/02\\\/puertos-y-ferrocarriles-entre-las-obras-prioritarias-de-la-provincia\\\/#breadcrumb\",\"itemListElement\":[{\"@type\":\"ListItem\",\"position\":1,\"name\":\"Portada\",\"item\":\"https:\\\/\\\/www.puertocdelu.com.ar\\\/\"},{\"@type\":\"ListItem\",\"position\":2,\"name\":\"Puertos y ferrocarriles entre las obras prioritarias de la provincia\"}]},{\"@type\":\"WebSite\",\"@id\":\"https:\\\/\\\/www.puertocdelu.com.ar\\\/#website\",\"url\":\"https:\\\/\\\/www.puertocdelu.com.ar\\\/\",\"name\":\"Puerto de Concepci\u00f3n del Uruguay\",\"description\":\"\",\"potentialAction\":[{\"@type\":\"SearchAction\",\"target\":{\"@type\":\"EntryPoint\",\"urlTemplate\":\"https:\\\/\\\/www.puertocdelu.com.ar\\\/?s={search_term_string}\"},\"query-input\":{\"@type\":\"PropertyValueSpecification\",\"valueRequired\":true,\"valueName\":\"search_term_string\"}}],\"inLanguage\":\"es\"},{\"@type\":\"Person\",\"@id\":\"https:\\\/\\\/www.puertocdelu.com.ar\\\/#\\\/schema\\\/person\\\/9d258b923b29bd5f47ca80d9c8cd72d1\",\"name\":\"PuertoCdelU\",\"image\":{\"@type\":\"ImageObject\",\"inLanguage\":\"es\",\"@id\":\"https:\\\/\\\/secure.gravatar.com\\\/avatar\\\/99e38dea1727d397df18aced5ac6840012bb7f24c8570dcfafabb73086aed88c?s=96&d=mm&r=g\",\"url\":\"https:\\\/\\\/secure.gravatar.com\\\/avatar\\\/99e38dea1727d397df18aced5ac6840012bb7f24c8570dcfafabb73086aed88c?s=96&d=mm&r=g\",\"contentUrl\":\"https:\\\/\\\/secure.gravatar.com\\\/avatar\\\/99e38dea1727d397df18aced5ac6840012bb7f24c8570dcfafabb73086aed88c?s=96&d=mm&r=g\",\"caption\":\"PuertoCdelU\"},\"url\":\"https:\\\/\\\/www.puertocdelu.com.ar\\\/index.php\\\/author\\\/hectordelos1\\\/\"}]}<\/script>\n<!-- \/ Yoast SEO plugin. -->","yoast_head_json":{"title":"Puertos y ferrocarriles entre las obras prioritarias de la provincia - Puerto de Concepci\u00f3n del Uruguay","robots":{"index":"index","follow":"follow","max-snippet":"max-snippet:-1","max-image-preview":"max-image-preview:large","max-video-preview":"max-video-preview:-1"},"canonical":"https:\/\/www.puertocdelu.com.ar\/index.php\/2020\/08\/02\/puertos-y-ferrocarriles-entre-las-obras-prioritarias-de-la-provincia\/","og_locale":"es_ES","og_type":"article","og_title":"Puertos y ferrocarriles entre las obras prioritarias de la provincia - Puerto de Concepci\u00f3n del Uruguay","og_description":"Con miras a proyectar para fortalecer la econom\u00eda cuando finalice la pandemia del Covid-19, el ministro de Producci\u00f3n, Juan Jos\u00e9 Bahillo, con el secretario de la Comisi\u00f3n de Presupuesto de la c\u00e1mara de Diputados de la Naci\u00f3n, Marcelo Casaretto, mantuvieron una reuni\u00f3n de trabajo en la que analizaron obras de infraestructura prioritarias para Entre R\u00edos. [&hellip;]","og_url":"https:\/\/www.puertocdelu.com.ar\/index.php\/2020\/08\/02\/puertos-y-ferrocarriles-entre-las-obras-prioritarias-de-la-provincia\/","og_site_name":"Puerto de Concepci\u00f3n del Uruguay","article_published_time":"2020-08-02T13:28:22+00:00","article_modified_time":"2020-08-07T13:35:45+00:00","og_image":[{"width":896,"height":410,"url":"https:\/\/www.puertocdelu.com.ar\/wp-content\/uploads\/2020\/08\/bahillo-e1596381138694-1.jpg","type":"image\/jpeg"}],"author":"PuertoCdelU","twitter_card":"summary_large_image","twitter_misc":{"Escrito por":"PuertoCdelU","Tiempo de lectura":"3 minutos"},"schema":{"@context":"https:\/\/schema.org","@graph":[{"@type":"Article","@id":"https:\/\/www.puertocdelu.com.ar\/index.php\/2020\/08\/02\/puertos-y-ferrocarriles-entre-las-obras-prioritarias-de-la-provincia\/#article","isPartOf":{"@id":"https:\/\/www.puertocdelu.com.ar\/index.php\/2020\/08\/02\/puertos-y-ferrocarriles-entre-las-obras-prioritarias-de-la-provincia\/"},"author":{"name":"PuertoCdelU","@id":"https:\/\/www.puertocdelu.com.ar\/#\/schema\/person\/9d258b923b29bd5f47ca80d9c8cd72d1"},"headline":"Puertos y ferrocarriles entre las obras prioritarias de la provincia","datePublished":"2020-08-02T13:28:22+00:00","dateModified":"2020-08-07T13:35:45+00:00","mainEntityOfPage":{"@id":"https:\/\/www.puertocdelu.com.ar\/index.php\/2020\/08\/02\/puertos-y-ferrocarriles-entre-las-obras-prioritarias-de-la-provincia\/"},"wordCount":616,"commentCount":0,"image":{"@id":"https:\/\/www.puertocdelu.com.ar\/index.php\/2020\/08\/02\/puertos-y-ferrocarriles-entre-las-obras-prioritarias-de-la-provincia\/#primaryimage"},"thumbnailUrl":"https:\/\/www.puertocdelu.com.ar\/wp-content\/uploads\/2020\/08\/bahillo-e1596381138694-1.jpg","articleSection":["Noticias"],"inLanguage":"es","potentialAction":[{"@type":"CommentAction","name":"Comment","target":["https:\/\/www.puertocdelu.com.ar\/index.php\/2020\/08\/02\/puertos-y-ferrocarriles-entre-las-obras-prioritarias-de-la-provincia\/#respond"]}]},{"@type":"WebPage","@id":"https:\/\/www.puertocdelu.com.ar\/index.php\/2020\/08\/02\/puertos-y-ferrocarriles-entre-las-obras-prioritarias-de-la-provincia\/","url":"https:\/\/www.puertocdelu.com.ar\/index.php\/2020\/08\/02\/puertos-y-ferrocarriles-entre-las-obras-prioritarias-de-la-provincia\/","name":"Puertos y ferrocarriles entre las obras prioritarias de la provincia - Puerto de Concepci\u00f3n del Uruguay","isPartOf":{"@id":"https:\/\/www.puertocdelu.com.ar\/#website"},"primaryImageOfPage":{"@id":"https:\/\/www.puertocdelu.com.ar\/index.php\/2020\/08\/02\/puertos-y-ferrocarriles-entre-las-obras-prioritarias-de-la-provincia\/#primaryimage"},"image":{"@id":"https:\/\/www.puertocdelu.com.ar\/index.php\/2020\/08\/02\/puertos-y-ferrocarriles-entre-las-obras-prioritarias-de-la-provincia\/#primaryimage"},"thumbnailUrl":"https:\/\/www.puertocdelu.com.ar\/wp-content\/uploads\/2020\/08\/bahillo-e1596381138694-1.jpg","datePublished":"2020-08-02T13:28:22+00:00","dateModified":"2020-08-07T13:35:45+00:00","author":{"@id":"https:\/\/www.puertocdelu.com.ar\/#\/schema\/person\/9d258b923b29bd5f47ca80d9c8cd72d1"},"breadcrumb":{"@id":"https:\/\/www.puertocdelu.com.ar\/index.php\/2020\/08\/02\/puertos-y-ferrocarriles-entre-las-obras-prioritarias-de-la-provincia\/#breadcrumb"},"inLanguage":"es","potentialAction":[{"@type":"ReadAction","target":["https:\/\/www.puertocdelu.com.ar\/index.php\/2020\/08\/02\/puertos-y-ferrocarriles-entre-las-obras-prioritarias-de-la-provincia\/"]}]},{"@type":"ImageObject","inLanguage":"es","@id":"https:\/\/www.puertocdelu.com.ar\/index.php\/2020\/08\/02\/puertos-y-ferrocarriles-entre-las-obras-prioritarias-de-la-provincia\/#primaryimage","url":"https:\/\/www.puertocdelu.com.ar\/wp-content\/uploads\/2020\/08\/bahillo-e1596381138694-1.jpg","contentUrl":"https:\/\/www.puertocdelu.com.ar\/wp-content\/uploads\/2020\/08\/bahillo-e1596381138694-1.jpg","width":896,"height":410},{"@type":"BreadcrumbList","@id":"https:\/\/www.puertocdelu.com.ar\/index.php\/2020\/08\/02\/puertos-y-ferrocarriles-entre-las-obras-prioritarias-de-la-provincia\/#breadcrumb","itemListElement":[{"@type":"ListItem","position":1,"name":"Portada","item":"https:\/\/www.puertocdelu.com.ar\/"},{"@type":"ListItem","position":2,"name":"Puertos y ferrocarriles entre las obras prioritarias de la provincia"}]},{"@type":"WebSite","@id":"https:\/\/www.puertocdelu.com.ar\/#website","url":"https:\/\/www.puertocdelu.com.ar\/","name":"Puerto de Concepci\u00f3n del Uruguay","description":"","potentialAction":[{"@type":"SearchAction","target":{"@type":"EntryPoint","urlTemplate":"https:\/\/www.puertocdelu.com.ar\/?s={search_term_string}"},"query-input":{"@type":"PropertyValueSpecification","valueRequired":true,"valueName":"search_term_string"}}],"inLanguage":"es"},{"@type":"Person","@id":"https:\/\/www.puertocdelu.com.ar\/#\/schema\/person\/9d258b923b29bd5f47ca80d9c8cd72d1","name":"PuertoCdelU","image":{"@type":"ImageObject","inLanguage":"es","@id":"https:\/\/secure.gravatar.com\/avatar\/99e38dea1727d397df18aced5ac6840012bb7f24c8570dcfafabb73086aed88c?s=96&d=mm&r=g","url":"https:\/\/secure.gravatar.com\/avatar\/99e38dea1727d397df18aced5ac6840012bb7f24c8570dcfafabb73086aed88c?s=96&d=mm&r=g","contentUrl":"https:\/\/secure.gravatar.com\/avatar\/99e38dea1727d397df18aced5ac6840012bb7f24c8570dcfafabb73086aed88c?s=96&d=mm&r=g","caption":"PuertoCdelU"},"url":"https:\/\/www.puertocdelu.com.ar\/index.php\/author\/hectordelos1\/"}]}},"_links":{"self":[{"href":"https:\/\/www.puertocdelu.com.ar\/index.php\/wp-json\/wp\/v2\/posts\/2108","targetHints":{"allow":["GET"]}}],"collection":[{"href":"https:\/\/www.puertocdelu.com.ar\/index.php\/wp-json\/wp\/v2\/posts"}],"about":[{"href":"https:\/\/www.puertocdelu.com.ar\/index.php\/wp-json\/wp\/v2\/types\/post"}],"author":[{"embeddable":true,"href":"https:\/\/www.puertocdelu.com.ar\/index.php\/wp-json\/wp\/v2\/users\/1"}],"replies":[{"embeddable":true,"href":"https:\/\/www.puertocdelu.com.ar\/index.php\/wp-json\/wp\/v2\/comments?post=2108"}],"version-history":[{"count":2,"href":"https:\/\/www.puertocdelu.com.ar\/index.php\/wp-json\/wp\/v2\/posts\/2108\/revisions"}],"predecessor-version":[{"id":2111,"href":"https:\/\/www.puertocdelu.com.ar\/index.php\/wp-json\/wp\/v2\/posts\/2108\/revisions\/2111"}],"wp:featuredmedia":[{"embeddable":true,"href":"https:\/\/www.puertocdelu.com.ar\/index.php\/wp-json\/wp\/v2\/media\/2110"}],"wp:attachment":[{"href":"https:\/\/www.puertocdelu.com.ar\/index.php\/wp-json\/wp\/v2\/media?parent=2108"}],"wp:term":[{"taxonomy":"category","embeddable":true,"href":"https:\/\/www.puertocdelu.com.ar\/index.php\/wp-json\/wp\/v2\/categories?post=2108"},{"taxonomy":"post_tag","embeddable":true,"href":"https:\/\/www.puertocdelu.com.ar\/index.php\/wp-json\/wp\/v2\/tags?post=2108"}],"curies":[{"name":"wp","href":"https:\/\/api.w.org\/{rel}","templated":true}]}}