{"id":2121,"date":"2020-08-27T13:07:01","date_gmt":"2020-08-27T13:07:01","guid":{"rendered":"http:\/\/www.puertocdelu.com.ar\/?p=2121"},"modified":"2020-08-27T13:07:01","modified_gmt":"2020-08-27T13:07:01","slug":"el-puerto-de-concepcion-del-uruguay-trabaja-en-la-recuperacion-del-transporte-de-contenedores","status":"publish","type":"post","link":"https:\/\/www.puertocdelu.com.ar\/index.php\/2020\/08\/27\/el-puerto-de-concepcion-del-uruguay-trabaja-en-la-recuperacion-del-transporte-de-contenedores\/","title":{"rendered":"El puerto de Concepci\u00f3n del Uruguay trabaja en la recuperaci\u00f3n del transporte de contenedores"},"content":{"rendered":"<p>El fortalecimiento del sistema portuario entrerriano contin\u00faa sumando el inter\u00e9s de empresas privadas con el objetivo de multiplicar servicios y ventajas para las cadenas productivas de la regi\u00f3n.<\/p>\n<p>Este mi\u00e9rcoles hizo su presentaci\u00f3n ante el puerto de Concepci\u00f3n del Uruguay, la empresa Guaran Feeder, un grupo empresario paraguayo que desarrolla servicios de transporte fluvial de containers en la Hidrov\u00eda Paraguay-Paran\u00e1, en la Hidrov\u00eda del r\u00edo Uruguay, y en puertos del R\u00edo de la Plata.<\/p>\n<p>El encuentro se realiz\u00f3 bajo el formato de teleconferencia en el marco de una nueva reuni\u00f3n del Comit\u00e9 para el Desarrollo de la Cuenca del R\u00edo Uruguay. Entre los presentes estuvieron el intendente de Concepci\u00f3n del Uruguay, Mart\u00edn Oliva, el Presidente del Instituto Portuario de Entre R\u00edos (IPPER), Carlos Schepens, la Diputada Nacional, Maida Cresto, el titular de la Administraci\u00f3n Nacional de Puertos del Uruguay, Juan Curbelo, el presidente del Ente Portuario de Concepci\u00f3n del Uruguay, Marcelo Gay Balm\u00e1z, como as\u00ed tambi\u00e9n representantes de la Asociaci\u00f3n Forestal Argentina, del Parque Industrial de Concordia, de la C\u00e1mara de Exportadores de Citrus, de las empresas exportadoras Egger, Iberpapel y TPCU, entre otros agentes aduaneros y operadores portuarios.<\/p>\n<p>El presidente del IPPER, Carlos Schepens, destac\u00f3 la relevancia de la presentaci\u00f3n de este grupo empresario \u201cya que se trata de una propuesta necesaria que nos permitir\u00eda sumar otra alternativa de carga y nuevas ventajas para los productores. El ministro de la Producci\u00f3n, Juan Jos\u00e9 Bahillo, ha trazado una l\u00ednea de trabajo donde los puertos son uno de los motores de crecimiento para muchas cadenas de valor, por eso es doblemente importante que hoy est\u00e9n presentes representantes de empresas y sectores exportadores de distintos lugares de nuestra provincia y de la Rep\u00fablica Oriental del Uruguay\u201d.<\/p>\n<p><a href=\"https:\/\/www.puertocdelu.com.ar\/wp-content\/uploads\/2020\/08\/conferencia-puerto.jpg\"><img loading=\"lazy\" decoding=\"async\" class=\"aligncenter size-full wp-image-2122\" src=\"https:\/\/www.puertocdelu.com.ar\/wp-content\/uploads\/2020\/08\/conferencia-puerto.jpg\" alt=\"\" width=\"900\" height=\"451\" srcset=\"https:\/\/www.puertocdelu.com.ar\/wp-content\/uploads\/2020\/08\/conferencia-puerto.jpg 900w, https:\/\/www.puertocdelu.com.ar\/wp-content\/uploads\/2020\/08\/conferencia-puerto-300x150.jpg 300w, https:\/\/www.puertocdelu.com.ar\/wp-content\/uploads\/2020\/08\/conferencia-puerto-768x385.jpg 768w, https:\/\/www.puertocdelu.com.ar\/wp-content\/uploads\/2020\/08\/conferencia-puerto-696x349.jpg 696w, https:\/\/www.puertocdelu.com.ar\/wp-content\/uploads\/2020\/08\/conferencia-puerto-838x420.jpg 838w\" sizes=\"auto, (max-width: 900px) 100vw, 900px\" \/><\/a><\/p>\n<p>Guillermo Brasesco, representante del grupo empresario, remarc\u00f3 \u201cque es de enorme inter\u00e9s para nosotros trabajar con el puerto de Concepci\u00f3n del Uruguay pues hoy forma parte de una de nuestras rutas, y podemos complementar de forma total con el puerto de Paysand\u00fa, donde tambi\u00e9n tenemos una escala donde estamos cargando todas las semanas, por lo que solo es cuesti\u00f3n de encontrar las cargas y los contenedores para que podamos incluir a este puerto en nuestra ruta\u201d, remarc\u00f3.<\/p>\n<p>Schepens se\u00f1al\u00f3 que \u201cla complementariedad con el Uruguay ha sido uno de los valores que los puertos entrerrianos vienen sosteniendo hace a\u00f1os, y es uno de los ejes de la pol\u00edtica portuaria que el Gobernador Bordet ha planteado para Entre R\u00edos, una pol\u00edtica que nos ha permitido reactivar todos nuestros puertos, generar ventajas para todo el sector productivo, y estar cerca del mill\u00f3n de toneladas exportadas desde los puertos de Concepci\u00f3n del Uruguay e Ibicuy en el \u00faltimo a\u00f1o y medio\u201d, destac\u00f3 el presidente del IPPER<\/p>\n<p>Guaran Feeder es un grupo l\u00edder en el segmento de las empresas dedicadas al servicio de transporte fluvial de containers, con m\u00e1s de 2.5 millones de toneladas transportadas y cuenta como clientes a las empresas mar\u00edtimas m\u00e1s importantes a nivel global, tales como Maersk, Hamburg Sud, Hapag Lloyd, Msc, entre otras.<\/p>\n<p>\u201cContamos con una flota de barcazas especialmente dise\u00f1ada con una capacidad de carga de 6.500 toneladas, tenemos remolcadores y contamos con un buque portacontenedores que actualmente hace servicio de cabotaje en la Rep\u00fablica Oriental del Uruguay\u201d, detall\u00f3 Brasesco.<br \/>\nMarcelo Gay Balm\u00e1z, presidente del Ente Portuario de Concepci\u00f3n del Uruguay, resalt\u00f3 que \u201cnuestro puerto cuenta con toda la infraestructura necesaria para el manejo de contenedores, tanto para la carga y descarga, como para el consolidado y desconsolidado en sus instalaciones. Se dispone de los espacios necesarios, como tambi\u00e9n de una Zona Primaria Aduanera y un Dep\u00f3sito Fiscal que permiten operar de forma segura y previsible\u201d.<\/p>\n<p>La diputada Maida Cresto, por su parte, destac\u00f3 los avances en materia portuaria que est\u00e1 llevando adelante Entre R\u00edos y se puso a disposici\u00f3n para colaborar \u201ccon el desarrollo de la cuenca del r\u00edo Uruguay destacando el compromiso de los Presidentes Alberto Fern\u00e1ndez y Luis La Calle Pou, como as\u00ed tambi\u00e9n de nuestro gobernador Gustavo Bordet en el desarrollo de pol\u00edticas portuarias con una visi\u00f3n federal\u201d.<\/p>\n<p>Carlos Schepens remarc\u00f3 finalmente que \u201ctambi\u00e9n ser\u00e1 necesario el respaldo de las autoridades nacionales, tanto de Argentina como de Uruguay, para gestionar ante las navieras internacionales, que son las due\u00f1as de los contenedores, para que posicionen sus unidades en estos puertos, esto ser\u00eda de enorme ayuda para poder acercar esta alternativa a los productores entrerrianos\u201d, resalt\u00f3 el titular del Instituto Portuario.<\/p>\n<p>(Prensa Instituto Portuario Provincial de Entre R\u00edos)<\/p>\n","protected":false},"excerpt":{"rendered":"<p>El fortalecimiento del sistema portuario entrerriano contin\u00faa sumando el inter\u00e9s de empresas privadas con el objetivo de multiplicar servicios y ventajas para las cadenas productivas de la regi\u00f3n. Este mi\u00e9rcoles hizo su presentaci\u00f3n ante el puerto de Concepci\u00f3n del Uruguay, la empresa Guaran Feeder, un grupo empresario paraguayo que desarrolla servicios de transporte fluvial de [&hellip;]<\/p>\n","protected":false},"author":1,"featured_media":2123,"comment_status":"open","ping_status":"open","sticky":false,"template":"","format":"standard","meta":{"footnotes":""},"categories":[81],"tags":[],"class_list":{"0":"post-2121","1":"post","2":"type-post","3":"status-publish","4":"format-standard","5":"has-post-thumbnail","7":"category-noticias"},"yoast_head":"<!-- This site is optimized with the Yoast SEO plugin v27.4 - https:\/\/yoast.com\/product\/yoast-seo-wordpress\/ -->\n<title>El puerto de Concepci\u00f3n del Uruguay trabaja en la recuperaci\u00f3n del transporte de contenedores - Puerto de Concepci\u00f3n del Uruguay<\/title>\n<meta name=\"robots\" content=\"index, follow, max-snippet:-1, max-image-preview:large, max-video-preview:-1\" \/>\n<link rel=\"canonical\" href=\"https:\/\/www.puertocdelu.com.ar\/index.php\/2020\/08\/27\/el-puerto-de-concepcion-del-uruguay-trabaja-en-la-recuperacion-del-transporte-de-contenedores\/\" \/>\n<meta property=\"og:locale\" content=\"es_ES\" \/>\n<meta property=\"og:type\" content=\"article\" \/>\n<meta property=\"og:title\" content=\"El puerto de Concepci\u00f3n del Uruguay trabaja en la recuperaci\u00f3n del transporte de contenedores - Puerto de Concepci\u00f3n del Uruguay\" \/>\n<meta property=\"og:description\" content=\"El fortalecimiento del sistema portuario entrerriano contin\u00faa sumando el inter\u00e9s de empresas privadas con el objetivo de multiplicar servicios y ventajas para las cadenas productivas de la regi\u00f3n. Este mi\u00e9rcoles hizo su presentaci\u00f3n ante el puerto de Concepci\u00f3n del Uruguay, la empresa Guaran Feeder, un grupo empresario paraguayo que desarrolla servicios de transporte fluvial de [&hellip;]\" \/>\n<meta property=\"og:url\" content=\"https:\/\/www.puertocdelu.com.ar\/index.php\/2020\/08\/27\/el-puerto-de-concepcion-del-uruguay-trabaja-en-la-recuperacion-del-transporte-de-contenedores\/\" \/>\n<meta property=\"og:site_name\" content=\"Puerto de Concepci\u00f3n del Uruguay\" \/>\n<meta property=\"article:published_time\" content=\"2020-08-27T13:07:01+00:00\" \/>\n<meta property=\"og:image\" content=\"https:\/\/www.puertocdelu.com.ar\/wp-content\/uploads\/2020\/08\/x_1598482272.jpg\" \/>\n\t<meta property=\"og:image:width\" content=\"900\" \/>\n\t<meta property=\"og:image:height\" content=\"600\" \/>\n\t<meta property=\"og:image:type\" content=\"image\/jpeg\" \/>\n<meta name=\"author\" content=\"PuertoCdelU\" \/>\n<meta name=\"twitter:card\" content=\"summary_large_image\" \/>\n<meta name=\"twitter:label1\" content=\"Escrito por\" \/>\n\t<meta name=\"twitter:data1\" content=\"PuertoCdelU\" \/>\n\t<meta name=\"twitter:label2\" content=\"Tiempo de lectura\" \/>\n\t<meta name=\"twitter:data2\" content=\"4 minutos\" \/>\n<script type=\"application\/ld+json\" class=\"yoast-schema-graph\">{\"@context\":\"https:\\\/\\\/schema.org\",\"@graph\":[{\"@type\":\"Article\",\"@id\":\"https:\\\/\\\/www.puertocdelu.com.ar\\\/index.php\\\/2020\\\/08\\\/27\\\/el-puerto-de-concepcion-del-uruguay-trabaja-en-la-recuperacion-del-transporte-de-contenedores\\\/#article\",\"isPartOf\":{\"@id\":\"https:\\\/\\\/www.puertocdelu.com.ar\\\/index.php\\\/2020\\\/08\\\/27\\\/el-puerto-de-concepcion-del-uruguay-trabaja-en-la-recuperacion-del-transporte-de-contenedores\\\/\"},\"author\":{\"name\":\"PuertoCdelU\",\"@id\":\"https:\\\/\\\/www.puertocdelu.com.ar\\\/#\\\/schema\\\/person\\\/9d258b923b29bd5f47ca80d9c8cd72d1\"},\"headline\":\"El puerto de Concepci\u00f3n del Uruguay trabaja en la recuperaci\u00f3n del transporte de contenedores\",\"datePublished\":\"2020-08-27T13:07:01+00:00\",\"mainEntityOfPage\":{\"@id\":\"https:\\\/\\\/www.puertocdelu.com.ar\\\/index.php\\\/2020\\\/08\\\/27\\\/el-puerto-de-concepcion-del-uruguay-trabaja-en-la-recuperacion-del-transporte-de-contenedores\\\/\"},\"wordCount\":810,\"commentCount\":0,\"image\":{\"@id\":\"https:\\\/\\\/www.puertocdelu.com.ar\\\/index.php\\\/2020\\\/08\\\/27\\\/el-puerto-de-concepcion-del-uruguay-trabaja-en-la-recuperacion-del-transporte-de-contenedores\\\/#primaryimage\"},\"thumbnailUrl\":\"https:\\\/\\\/www.puertocdelu.com.ar\\\/wp-content\\\/uploads\\\/2020\\\/08\\\/x_1598482272.jpg\",\"articleSection\":[\"Noticias\"],\"inLanguage\":\"es\",\"potentialAction\":[{\"@type\":\"CommentAction\",\"name\":\"Comment\",\"target\":[\"https:\\\/\\\/www.puertocdelu.com.ar\\\/index.php\\\/2020\\\/08\\\/27\\\/el-puerto-de-concepcion-del-uruguay-trabaja-en-la-recuperacion-del-transporte-de-contenedores\\\/#respond\"]}]},{\"@type\":\"WebPage\",\"@id\":\"https:\\\/\\\/www.puertocdelu.com.ar\\\/index.php\\\/2020\\\/08\\\/27\\\/el-puerto-de-concepcion-del-uruguay-trabaja-en-la-recuperacion-del-transporte-de-contenedores\\\/\",\"url\":\"https:\\\/\\\/www.puertocdelu.com.ar\\\/index.php\\\/2020\\\/08\\\/27\\\/el-puerto-de-concepcion-del-uruguay-trabaja-en-la-recuperacion-del-transporte-de-contenedores\\\/\",\"name\":\"El puerto de Concepci\u00f3n del Uruguay trabaja en la recuperaci\u00f3n del transporte de contenedores - Puerto de Concepci\u00f3n del Uruguay\",\"isPartOf\":{\"@id\":\"https:\\\/\\\/www.puertocdelu.com.ar\\\/#website\"},\"primaryImageOfPage\":{\"@id\":\"https:\\\/\\\/www.puertocdelu.com.ar\\\/index.php\\\/2020\\\/08\\\/27\\\/el-puerto-de-concepcion-del-uruguay-trabaja-en-la-recuperacion-del-transporte-de-contenedores\\\/#primaryimage\"},\"image\":{\"@id\":\"https:\\\/\\\/www.puertocdelu.com.ar\\\/index.php\\\/2020\\\/08\\\/27\\\/el-puerto-de-concepcion-del-uruguay-trabaja-en-la-recuperacion-del-transporte-de-contenedores\\\/#primaryimage\"},\"thumbnailUrl\":\"https:\\\/\\\/www.puertocdelu.com.ar\\\/wp-content\\\/uploads\\\/2020\\\/08\\\/x_1598482272.jpg\",\"datePublished\":\"2020-08-27T13:07:01+00:00\",\"author\":{\"@id\":\"https:\\\/\\\/www.puertocdelu.com.ar\\\/#\\\/schema\\\/person\\\/9d258b923b29bd5f47ca80d9c8cd72d1\"},\"breadcrumb\":{\"@id\":\"https:\\\/\\\/www.puertocdelu.com.ar\\\/index.php\\\/2020\\\/08\\\/27\\\/el-puerto-de-concepcion-del-uruguay-trabaja-en-la-recuperacion-del-transporte-de-contenedores\\\/#breadcrumb\"},\"inLanguage\":\"es\",\"potentialAction\":[{\"@type\":\"ReadAction\",\"target\":[\"https:\\\/\\\/www.puertocdelu.com.ar\\\/index.php\\\/2020\\\/08\\\/27\\\/el-puerto-de-concepcion-del-uruguay-trabaja-en-la-recuperacion-del-transporte-de-contenedores\\\/\"]}]},{\"@type\":\"ImageObject\",\"inLanguage\":\"es\",\"@id\":\"https:\\\/\\\/www.puertocdelu.com.ar\\\/index.php\\\/2020\\\/08\\\/27\\\/el-puerto-de-concepcion-del-uruguay-trabaja-en-la-recuperacion-del-transporte-de-contenedores\\\/#primaryimage\",\"url\":\"https:\\\/\\\/www.puertocdelu.com.ar\\\/wp-content\\\/uploads\\\/2020\\\/08\\\/x_1598482272.jpg\",\"contentUrl\":\"https:\\\/\\\/www.puertocdelu.com.ar\\\/wp-content\\\/uploads\\\/2020\\\/08\\\/x_1598482272.jpg\",\"width\":900,\"height\":600},{\"@type\":\"BreadcrumbList\",\"@id\":\"https:\\\/\\\/www.puertocdelu.com.ar\\\/index.php\\\/2020\\\/08\\\/27\\\/el-puerto-de-concepcion-del-uruguay-trabaja-en-la-recuperacion-del-transporte-de-contenedores\\\/#breadcrumb\",\"itemListElement\":[{\"@type\":\"ListItem\",\"position\":1,\"name\":\"Portada\",\"item\":\"https:\\\/\\\/www.puertocdelu.com.ar\\\/\"},{\"@type\":\"ListItem\",\"position\":2,\"name\":\"El puerto de Concepci\u00f3n del Uruguay trabaja en la recuperaci\u00f3n del transporte de contenedores\"}]},{\"@type\":\"WebSite\",\"@id\":\"https:\\\/\\\/www.puertocdelu.com.ar\\\/#website\",\"url\":\"https:\\\/\\\/www.puertocdelu.com.ar\\\/\",\"name\":\"Puerto de Concepci\u00f3n del Uruguay\",\"description\":\"\",\"potentialAction\":[{\"@type\":\"SearchAction\",\"target\":{\"@type\":\"EntryPoint\",\"urlTemplate\":\"https:\\\/\\\/www.puertocdelu.com.ar\\\/?s={search_term_string}\"},\"query-input\":{\"@type\":\"PropertyValueSpecification\",\"valueRequired\":true,\"valueName\":\"search_term_string\"}}],\"inLanguage\":\"es\"},{\"@type\":\"Person\",\"@id\":\"https:\\\/\\\/www.puertocdelu.com.ar\\\/#\\\/schema\\\/person\\\/9d258b923b29bd5f47ca80d9c8cd72d1\",\"name\":\"PuertoCdelU\",\"image\":{\"@type\":\"ImageObject\",\"inLanguage\":\"es\",\"@id\":\"https:\\\/\\\/secure.gravatar.com\\\/avatar\\\/99e38dea1727d397df18aced5ac6840012bb7f24c8570dcfafabb73086aed88c?s=96&d=mm&r=g\",\"url\":\"https:\\\/\\\/secure.gravatar.com\\\/avatar\\\/99e38dea1727d397df18aced5ac6840012bb7f24c8570dcfafabb73086aed88c?s=96&d=mm&r=g\",\"contentUrl\":\"https:\\\/\\\/secure.gravatar.com\\\/avatar\\\/99e38dea1727d397df18aced5ac6840012bb7f24c8570dcfafabb73086aed88c?s=96&d=mm&r=g\",\"caption\":\"PuertoCdelU\"},\"url\":\"https:\\\/\\\/www.puertocdelu.com.ar\\\/index.php\\\/author\\\/hectordelos1\\\/\"}]}<\/script>\n<!-- \/ Yoast SEO plugin. -->","yoast_head_json":{"title":"El puerto de Concepci\u00f3n del Uruguay trabaja en la recuperaci\u00f3n del transporte de contenedores - Puerto de Concepci\u00f3n del Uruguay","robots":{"index":"index","follow":"follow","max-snippet":"max-snippet:-1","max-image-preview":"max-image-preview:large","max-video-preview":"max-video-preview:-1"},"canonical":"https:\/\/www.puertocdelu.com.ar\/index.php\/2020\/08\/27\/el-puerto-de-concepcion-del-uruguay-trabaja-en-la-recuperacion-del-transporte-de-contenedores\/","og_locale":"es_ES","og_type":"article","og_title":"El puerto de Concepci\u00f3n del Uruguay trabaja en la recuperaci\u00f3n del transporte de contenedores - Puerto de Concepci\u00f3n del Uruguay","og_description":"El fortalecimiento del sistema portuario entrerriano contin\u00faa sumando el inter\u00e9s de empresas privadas con el objetivo de multiplicar servicios y ventajas para las cadenas productivas de la regi\u00f3n. Este mi\u00e9rcoles hizo su presentaci\u00f3n ante el puerto de Concepci\u00f3n del Uruguay, la empresa Guaran Feeder, un grupo empresario paraguayo que desarrolla servicios de transporte fluvial de [&hellip;]","og_url":"https:\/\/www.puertocdelu.com.ar\/index.php\/2020\/08\/27\/el-puerto-de-concepcion-del-uruguay-trabaja-en-la-recuperacion-del-transporte-de-contenedores\/","og_site_name":"Puerto de Concepci\u00f3n del Uruguay","article_published_time":"2020-08-27T13:07:01+00:00","og_image":[{"width":900,"height":600,"url":"https:\/\/www.puertocdelu.com.ar\/wp-content\/uploads\/2020\/08\/x_1598482272.jpg","type":"image\/jpeg"}],"author":"PuertoCdelU","twitter_card":"summary_large_image","twitter_misc":{"Escrito por":"PuertoCdelU","Tiempo de lectura":"4 minutos"},"schema":{"@context":"https:\/\/schema.org","@graph":[{"@type":"Article","@id":"https:\/\/www.puertocdelu.com.ar\/index.php\/2020\/08\/27\/el-puerto-de-concepcion-del-uruguay-trabaja-en-la-recuperacion-del-transporte-de-contenedores\/#article","isPartOf":{"@id":"https:\/\/www.puertocdelu.com.ar\/index.php\/2020\/08\/27\/el-puerto-de-concepcion-del-uruguay-trabaja-en-la-recuperacion-del-transporte-de-contenedores\/"},"author":{"name":"PuertoCdelU","@id":"https:\/\/www.puertocdelu.com.ar\/#\/schema\/person\/9d258b923b29bd5f47ca80d9c8cd72d1"},"headline":"El puerto de Concepci\u00f3n del Uruguay trabaja en la recuperaci\u00f3n del transporte de contenedores","datePublished":"2020-08-27T13:07:01+00:00","mainEntityOfPage":{"@id":"https:\/\/www.puertocdelu.com.ar\/index.php\/2020\/08\/27\/el-puerto-de-concepcion-del-uruguay-trabaja-en-la-recuperacion-del-transporte-de-contenedores\/"},"wordCount":810,"commentCount":0,"image":{"@id":"https:\/\/www.puertocdelu.com.ar\/index.php\/2020\/08\/27\/el-puerto-de-concepcion-del-uruguay-trabaja-en-la-recuperacion-del-transporte-de-contenedores\/#primaryimage"},"thumbnailUrl":"https:\/\/www.puertocdelu.com.ar\/wp-content\/uploads\/2020\/08\/x_1598482272.jpg","articleSection":["Noticias"],"inLanguage":"es","potentialAction":[{"@type":"CommentAction","name":"Comment","target":["https:\/\/www.puertocdelu.com.ar\/index.php\/2020\/08\/27\/el-puerto-de-concepcion-del-uruguay-trabaja-en-la-recuperacion-del-transporte-de-contenedores\/#respond"]}]},{"@type":"WebPage","@id":"https:\/\/www.puertocdelu.com.ar\/index.php\/2020\/08\/27\/el-puerto-de-concepcion-del-uruguay-trabaja-en-la-recuperacion-del-transporte-de-contenedores\/","url":"https:\/\/www.puertocdelu.com.ar\/index.php\/2020\/08\/27\/el-puerto-de-concepcion-del-uruguay-trabaja-en-la-recuperacion-del-transporte-de-contenedores\/","name":"El puerto de Concepci\u00f3n del Uruguay trabaja en la recuperaci\u00f3n del transporte de contenedores - Puerto de Concepci\u00f3n del Uruguay","isPartOf":{"@id":"https:\/\/www.puertocdelu.com.ar\/#website"},"primaryImageOfPage":{"@id":"https:\/\/www.puertocdelu.com.ar\/index.php\/2020\/08\/27\/el-puerto-de-concepcion-del-uruguay-trabaja-en-la-recuperacion-del-transporte-de-contenedores\/#primaryimage"},"image":{"@id":"https:\/\/www.puertocdelu.com.ar\/index.php\/2020\/08\/27\/el-puerto-de-concepcion-del-uruguay-trabaja-en-la-recuperacion-del-transporte-de-contenedores\/#primaryimage"},"thumbnailUrl":"https:\/\/www.puertocdelu.com.ar\/wp-content\/uploads\/2020\/08\/x_1598482272.jpg","datePublished":"2020-08-27T13:07:01+00:00","author":{"@id":"https:\/\/www.puertocdelu.com.ar\/#\/schema\/person\/9d258b923b29bd5f47ca80d9c8cd72d1"},"breadcrumb":{"@id":"https:\/\/www.puertocdelu.com.ar\/index.php\/2020\/08\/27\/el-puerto-de-concepcion-del-uruguay-trabaja-en-la-recuperacion-del-transporte-de-contenedores\/#breadcrumb"},"inLanguage":"es","potentialAction":[{"@type":"ReadAction","target":["https:\/\/www.puertocdelu.com.ar\/index.php\/2020\/08\/27\/el-puerto-de-concepcion-del-uruguay-trabaja-en-la-recuperacion-del-transporte-de-contenedores\/"]}]},{"@type":"ImageObject","inLanguage":"es","@id":"https:\/\/www.puertocdelu.com.ar\/index.php\/2020\/08\/27\/el-puerto-de-concepcion-del-uruguay-trabaja-en-la-recuperacion-del-transporte-de-contenedores\/#primaryimage","url":"https:\/\/www.puertocdelu.com.ar\/wp-content\/uploads\/2020\/08\/x_1598482272.jpg","contentUrl":"https:\/\/www.puertocdelu.com.ar\/wp-content\/uploads\/2020\/08\/x_1598482272.jpg","width":900,"height":600},{"@type":"BreadcrumbList","@id":"https:\/\/www.puertocdelu.com.ar\/index.php\/2020\/08\/27\/el-puerto-de-concepcion-del-uruguay-trabaja-en-la-recuperacion-del-transporte-de-contenedores\/#breadcrumb","itemListElement":[{"@type":"ListItem","position":1,"name":"Portada","item":"https:\/\/www.puertocdelu.com.ar\/"},{"@type":"ListItem","position":2,"name":"El puerto de Concepci\u00f3n del Uruguay trabaja en la recuperaci\u00f3n del transporte de contenedores"}]},{"@type":"WebSite","@id":"https:\/\/www.puertocdelu.com.ar\/#website","url":"https:\/\/www.puertocdelu.com.ar\/","name":"Puerto de Concepci\u00f3n del Uruguay","description":"","potentialAction":[{"@type":"SearchAction","target":{"@type":"EntryPoint","urlTemplate":"https:\/\/www.puertocdelu.com.ar\/?s={search_term_string}"},"query-input":{"@type":"PropertyValueSpecification","valueRequired":true,"valueName":"search_term_string"}}],"inLanguage":"es"},{"@type":"Person","@id":"https:\/\/www.puertocdelu.com.ar\/#\/schema\/person\/9d258b923b29bd5f47ca80d9c8cd72d1","name":"PuertoCdelU","image":{"@type":"ImageObject","inLanguage":"es","@id":"https:\/\/secure.gravatar.com\/avatar\/99e38dea1727d397df18aced5ac6840012bb7f24c8570dcfafabb73086aed88c?s=96&d=mm&r=g","url":"https:\/\/secure.gravatar.com\/avatar\/99e38dea1727d397df18aced5ac6840012bb7f24c8570dcfafabb73086aed88c?s=96&d=mm&r=g","contentUrl":"https:\/\/secure.gravatar.com\/avatar\/99e38dea1727d397df18aced5ac6840012bb7f24c8570dcfafabb73086aed88c?s=96&d=mm&r=g","caption":"PuertoCdelU"},"url":"https:\/\/www.puertocdelu.com.ar\/index.php\/author\/hectordelos1\/"}]}},"_links":{"self":[{"href":"https:\/\/www.puertocdelu.com.ar\/index.php\/wp-json\/wp\/v2\/posts\/2121","targetHints":{"allow":["GET"]}}],"collection":[{"href":"https:\/\/www.puertocdelu.com.ar\/index.php\/wp-json\/wp\/v2\/posts"}],"about":[{"href":"https:\/\/www.puertocdelu.com.ar\/index.php\/wp-json\/wp\/v2\/types\/post"}],"author":[{"embeddable":true,"href":"https:\/\/www.puertocdelu.com.ar\/index.php\/wp-json\/wp\/v2\/users\/1"}],"replies":[{"embeddable":true,"href":"https:\/\/www.puertocdelu.com.ar\/index.php\/wp-json\/wp\/v2\/comments?post=2121"}],"version-history":[{"count":1,"href":"https:\/\/www.puertocdelu.com.ar\/index.php\/wp-json\/wp\/v2\/posts\/2121\/revisions"}],"predecessor-version":[{"id":2124,"href":"https:\/\/www.puertocdelu.com.ar\/index.php\/wp-json\/wp\/v2\/posts\/2121\/revisions\/2124"}],"wp:featuredmedia":[{"embeddable":true,"href":"https:\/\/www.puertocdelu.com.ar\/index.php\/wp-json\/wp\/v2\/media\/2123"}],"wp:attachment":[{"href":"https:\/\/www.puertocdelu.com.ar\/index.php\/wp-json\/wp\/v2\/media?parent=2121"}],"wp:term":[{"taxonomy":"category","embeddable":true,"href":"https:\/\/www.puertocdelu.com.ar\/index.php\/wp-json\/wp\/v2\/categories?post=2121"},{"taxonomy":"post_tag","embeddable":true,"href":"https:\/\/www.puertocdelu.com.ar\/index.php\/wp-json\/wp\/v2\/tags?post=2121"}],"curies":[{"name":"wp","href":"https:\/\/api.w.org\/{rel}","templated":true}]}}