{"id":2130,"date":"2020-08-30T20:13:46","date_gmt":"2020-08-30T20:13:46","guid":{"rendered":"http:\/\/www.puertocdelu.com.ar\/?p=2130"},"modified":"2020-09-03T20:14:58","modified_gmt":"2020-09-03T20:14:58","slug":"mientras-en-el-puerto-estan-en-plena-carga-arribo-un-segundo-buque","status":"publish","type":"post","link":"https:\/\/www.puertocdelu.com.ar\/index.php\/2020\/08\/30\/mientras-en-el-puerto-estan-en-plena-carga-arribo-un-segundo-buque\/","title":{"rendered":"Mientras en el puerto est\u00e1n en plena carga, arrib\u00f3 un segundo buque"},"content":{"rendered":"<p>En horas de la tarde de este domingo, lleg\u00f3 a la rada exterior del puerto de Concepci\u00f3n del Uruguay el ultramarino SFL Spey, de bandera de Hong Kong y 180 metros de eslora.<\/p>\n<p>El arribo se produce mientras en los muelles 3 y 4 del puerto se desarrollan las tareas de embarque de 20 mil toneladas de troncos de madera de pino en el buque Daiwan Champion.<\/p>\n<p>Como hac\u00eda muchos a\u00f1os, vuelve a haber buques en espera en el puerto de La Hist\u00f3rica, una muestra de la enorme actividad que se desarrolla en los puertos entrerrianos y que sostiene una parte importante de la econom\u00eda provincial, como as\u00ed tambi\u00e9n genera empleo para cientos de personas de forma directa e indirecta.<\/p>\n<p>El segundo buque qued\u00f3 anclado frente a las costas del balneario Banco Pelay.<br \/>\nSeg\u00fan las estimaciones, el buque que actualmente est\u00e1 cargando, terminar\u00e1 las tareas ma\u00f1ana por la noche, por lo que se aguarda que de forma inmediata el SFL Spey ingrese a la rada interior para comenzar su trabajo de embarque.<\/p>\n<p>Ambos buques completar\u00e1n sus bodegas en el puerto de Ibicuy, una labor complementaria que ha permitido exportar casi 30 buques con producci\u00f3n entrerriana hacia distintos destinos del mundo.<\/p>\n","protected":false},"excerpt":{"rendered":"<p>En horas de la tarde de este domingo, lleg\u00f3 a la rada exterior del puerto de Concepci\u00f3n del Uruguay el ultramarino SFL Spey, de bandera de Hong Kong y 180 metros de eslora. El arribo se produce mientras en los muelles 3 y 4 del puerto se desarrollan las tareas de embarque de 20 mil [&hellip;]<\/p>\n","protected":false},"author":1,"featured_media":2131,"comment_status":"open","ping_status":"open","sticky":false,"template":"","format":"standard","meta":{"footnotes":""},"categories":[81],"tags":[],"class_list":{"0":"post-2130","1":"post","2":"type-post","3":"status-publish","4":"format-standard","5":"has-post-thumbnail","7":"category-noticias"},"yoast_head":"<!-- This site is optimized with the Yoast SEO plugin v27.4 - https:\/\/yoast.com\/product\/yoast-seo-wordpress\/ -->\n<title>Mientras en el puerto est\u00e1n en plena carga, arrib\u00f3 un segundo buque - Puerto de Concepci\u00f3n del Uruguay<\/title>\n<meta name=\"robots\" content=\"index, follow, max-snippet:-1, max-image-preview:large, max-video-preview:-1\" \/>\n<link rel=\"canonical\" href=\"https:\/\/www.puertocdelu.com.ar\/index.php\/2020\/08\/30\/mientras-en-el-puerto-estan-en-plena-carga-arribo-un-segundo-buque\/\" \/>\n<meta property=\"og:locale\" content=\"es_ES\" \/>\n<meta property=\"og:type\" content=\"article\" \/>\n<meta property=\"og:title\" content=\"Mientras en el puerto est\u00e1n en plena carga, arrib\u00f3 un segundo buque - Puerto de Concepci\u00f3n del Uruguay\" \/>\n<meta property=\"og:description\" content=\"En horas de la tarde de este domingo, lleg\u00f3 a la rada exterior del puerto de Concepci\u00f3n del Uruguay el ultramarino SFL Spey, de bandera de Hong Kong y 180 metros de eslora. El arribo se produce mientras en los muelles 3 y 4 del puerto se desarrollan las tareas de embarque de 20 mil [&hellip;]\" \/>\n<meta property=\"og:url\" content=\"https:\/\/www.puertocdelu.com.ar\/index.php\/2020\/08\/30\/mientras-en-el-puerto-estan-en-plena-carga-arribo-un-segundo-buque\/\" \/>\n<meta property=\"og:site_name\" content=\"Puerto de Concepci\u00f3n del Uruguay\" \/>\n<meta property=\"article:published_time\" content=\"2020-08-30T20:13:46+00:00\" \/>\n<meta property=\"article:modified_time\" content=\"2020-09-03T20:14:58+00:00\" \/>\n<meta property=\"og:image\" content=\"https:\/\/www.puertocdelu.com.ar\/wp-content\/uploads\/2020\/09\/dos-barcos.jpg\" \/>\n\t<meta property=\"og:image:width\" content=\"900\" \/>\n\t<meta property=\"og:image:height\" content=\"526\" \/>\n\t<meta property=\"og:image:type\" content=\"image\/jpeg\" \/>\n<meta name=\"author\" content=\"PuertoCdelU\" \/>\n<meta name=\"twitter:card\" content=\"summary_large_image\" \/>\n<meta name=\"twitter:label1\" content=\"Escrito por\" \/>\n\t<meta name=\"twitter:data1\" content=\"PuertoCdelU\" \/>\n\t<meta name=\"twitter:label2\" content=\"Tiempo de lectura\" \/>\n\t<meta name=\"twitter:data2\" content=\"1 minuto\" \/>\n<script type=\"application\/ld+json\" class=\"yoast-schema-graph\">{\"@context\":\"https:\\\/\\\/schema.org\",\"@graph\":[{\"@type\":\"Article\",\"@id\":\"https:\\\/\\\/www.puertocdelu.com.ar\\\/index.php\\\/2020\\\/08\\\/30\\\/mientras-en-el-puerto-estan-en-plena-carga-arribo-un-segundo-buque\\\/#article\",\"isPartOf\":{\"@id\":\"https:\\\/\\\/www.puertocdelu.com.ar\\\/index.php\\\/2020\\\/08\\\/30\\\/mientras-en-el-puerto-estan-en-plena-carga-arribo-un-segundo-buque\\\/\"},\"author\":{\"name\":\"PuertoCdelU\",\"@id\":\"https:\\\/\\\/www.puertocdelu.com.ar\\\/#\\\/schema\\\/person\\\/9d258b923b29bd5f47ca80d9c8cd72d1\"},\"headline\":\"Mientras en el puerto est\u00e1n en plena carga, arrib\u00f3 un segundo buque\",\"datePublished\":\"2020-08-30T20:13:46+00:00\",\"dateModified\":\"2020-09-03T20:14:58+00:00\",\"mainEntityOfPage\":{\"@id\":\"https:\\\/\\\/www.puertocdelu.com.ar\\\/index.php\\\/2020\\\/08\\\/30\\\/mientras-en-el-puerto-estan-en-plena-carga-arribo-un-segundo-buque\\\/\"},\"wordCount\":218,\"commentCount\":0,\"image\":{\"@id\":\"https:\\\/\\\/www.puertocdelu.com.ar\\\/index.php\\\/2020\\\/08\\\/30\\\/mientras-en-el-puerto-estan-en-plena-carga-arribo-un-segundo-buque\\\/#primaryimage\"},\"thumbnailUrl\":\"https:\\\/\\\/www.puertocdelu.com.ar\\\/wp-content\\\/uploads\\\/2020\\\/09\\\/dos-barcos.jpg\",\"articleSection\":[\"Noticias\"],\"inLanguage\":\"es\",\"potentialAction\":[{\"@type\":\"CommentAction\",\"name\":\"Comment\",\"target\":[\"https:\\\/\\\/www.puertocdelu.com.ar\\\/index.php\\\/2020\\\/08\\\/30\\\/mientras-en-el-puerto-estan-en-plena-carga-arribo-un-segundo-buque\\\/#respond\"]}]},{\"@type\":\"WebPage\",\"@id\":\"https:\\\/\\\/www.puertocdelu.com.ar\\\/index.php\\\/2020\\\/08\\\/30\\\/mientras-en-el-puerto-estan-en-plena-carga-arribo-un-segundo-buque\\\/\",\"url\":\"https:\\\/\\\/www.puertocdelu.com.ar\\\/index.php\\\/2020\\\/08\\\/30\\\/mientras-en-el-puerto-estan-en-plena-carga-arribo-un-segundo-buque\\\/\",\"name\":\"Mientras en el puerto est\u00e1n en plena carga, arrib\u00f3 un segundo buque - Puerto de Concepci\u00f3n del Uruguay\",\"isPartOf\":{\"@id\":\"https:\\\/\\\/www.puertocdelu.com.ar\\\/#website\"},\"primaryImageOfPage\":{\"@id\":\"https:\\\/\\\/www.puertocdelu.com.ar\\\/index.php\\\/2020\\\/08\\\/30\\\/mientras-en-el-puerto-estan-en-plena-carga-arribo-un-segundo-buque\\\/#primaryimage\"},\"image\":{\"@id\":\"https:\\\/\\\/www.puertocdelu.com.ar\\\/index.php\\\/2020\\\/08\\\/30\\\/mientras-en-el-puerto-estan-en-plena-carga-arribo-un-segundo-buque\\\/#primaryimage\"},\"thumbnailUrl\":\"https:\\\/\\\/www.puertocdelu.com.ar\\\/wp-content\\\/uploads\\\/2020\\\/09\\\/dos-barcos.jpg\",\"datePublished\":\"2020-08-30T20:13:46+00:00\",\"dateModified\":\"2020-09-03T20:14:58+00:00\",\"author\":{\"@id\":\"https:\\\/\\\/www.puertocdelu.com.ar\\\/#\\\/schema\\\/person\\\/9d258b923b29bd5f47ca80d9c8cd72d1\"},\"breadcrumb\":{\"@id\":\"https:\\\/\\\/www.puertocdelu.com.ar\\\/index.php\\\/2020\\\/08\\\/30\\\/mientras-en-el-puerto-estan-en-plena-carga-arribo-un-segundo-buque\\\/#breadcrumb\"},\"inLanguage\":\"es\",\"potentialAction\":[{\"@type\":\"ReadAction\",\"target\":[\"https:\\\/\\\/www.puertocdelu.com.ar\\\/index.php\\\/2020\\\/08\\\/30\\\/mientras-en-el-puerto-estan-en-plena-carga-arribo-un-segundo-buque\\\/\"]}]},{\"@type\":\"ImageObject\",\"inLanguage\":\"es\",\"@id\":\"https:\\\/\\\/www.puertocdelu.com.ar\\\/index.php\\\/2020\\\/08\\\/30\\\/mientras-en-el-puerto-estan-en-plena-carga-arribo-un-segundo-buque\\\/#primaryimage\",\"url\":\"https:\\\/\\\/www.puertocdelu.com.ar\\\/wp-content\\\/uploads\\\/2020\\\/09\\\/dos-barcos.jpg\",\"contentUrl\":\"https:\\\/\\\/www.puertocdelu.com.ar\\\/wp-content\\\/uploads\\\/2020\\\/09\\\/dos-barcos.jpg\",\"width\":900,\"height\":526,\"caption\":\"DCIM\\\/100MEDIA\\\/DJI_0657.JPG\"},{\"@type\":\"BreadcrumbList\",\"@id\":\"https:\\\/\\\/www.puertocdelu.com.ar\\\/index.php\\\/2020\\\/08\\\/30\\\/mientras-en-el-puerto-estan-en-plena-carga-arribo-un-segundo-buque\\\/#breadcrumb\",\"itemListElement\":[{\"@type\":\"ListItem\",\"position\":1,\"name\":\"Portada\",\"item\":\"https:\\\/\\\/www.puertocdelu.com.ar\\\/\"},{\"@type\":\"ListItem\",\"position\":2,\"name\":\"Mientras en el puerto est\u00e1n en plena carga, arrib\u00f3 un segundo buque\"}]},{\"@type\":\"WebSite\",\"@id\":\"https:\\\/\\\/www.puertocdelu.com.ar\\\/#website\",\"url\":\"https:\\\/\\\/www.puertocdelu.com.ar\\\/\",\"name\":\"Puerto de Concepci\u00f3n del Uruguay\",\"description\":\"\",\"potentialAction\":[{\"@type\":\"SearchAction\",\"target\":{\"@type\":\"EntryPoint\",\"urlTemplate\":\"https:\\\/\\\/www.puertocdelu.com.ar\\\/?s={search_term_string}\"},\"query-input\":{\"@type\":\"PropertyValueSpecification\",\"valueRequired\":true,\"valueName\":\"search_term_string\"}}],\"inLanguage\":\"es\"},{\"@type\":\"Person\",\"@id\":\"https:\\\/\\\/www.puertocdelu.com.ar\\\/#\\\/schema\\\/person\\\/9d258b923b29bd5f47ca80d9c8cd72d1\",\"name\":\"PuertoCdelU\",\"image\":{\"@type\":\"ImageObject\",\"inLanguage\":\"es\",\"@id\":\"https:\\\/\\\/secure.gravatar.com\\\/avatar\\\/99e38dea1727d397df18aced5ac6840012bb7f24c8570dcfafabb73086aed88c?s=96&d=mm&r=g\",\"url\":\"https:\\\/\\\/secure.gravatar.com\\\/avatar\\\/99e38dea1727d397df18aced5ac6840012bb7f24c8570dcfafabb73086aed88c?s=96&d=mm&r=g\",\"contentUrl\":\"https:\\\/\\\/secure.gravatar.com\\\/avatar\\\/99e38dea1727d397df18aced5ac6840012bb7f24c8570dcfafabb73086aed88c?s=96&d=mm&r=g\",\"caption\":\"PuertoCdelU\"},\"url\":\"https:\\\/\\\/www.puertocdelu.com.ar\\\/index.php\\\/author\\\/hectordelos1\\\/\"}]}<\/script>\n<!-- \/ Yoast SEO plugin. -->","yoast_head_json":{"title":"Mientras en el puerto est\u00e1n en plena carga, arrib\u00f3 un segundo buque - Puerto de Concepci\u00f3n del Uruguay","robots":{"index":"index","follow":"follow","max-snippet":"max-snippet:-1","max-image-preview":"max-image-preview:large","max-video-preview":"max-video-preview:-1"},"canonical":"https:\/\/www.puertocdelu.com.ar\/index.php\/2020\/08\/30\/mientras-en-el-puerto-estan-en-plena-carga-arribo-un-segundo-buque\/","og_locale":"es_ES","og_type":"article","og_title":"Mientras en el puerto est\u00e1n en plena carga, arrib\u00f3 un segundo buque - Puerto de Concepci\u00f3n del Uruguay","og_description":"En horas de la tarde de este domingo, lleg\u00f3 a la rada exterior del puerto de Concepci\u00f3n del Uruguay el ultramarino SFL Spey, de bandera de Hong Kong y 180 metros de eslora. El arribo se produce mientras en los muelles 3 y 4 del puerto se desarrollan las tareas de embarque de 20 mil [&hellip;]","og_url":"https:\/\/www.puertocdelu.com.ar\/index.php\/2020\/08\/30\/mientras-en-el-puerto-estan-en-plena-carga-arribo-un-segundo-buque\/","og_site_name":"Puerto de Concepci\u00f3n del Uruguay","article_published_time":"2020-08-30T20:13:46+00:00","article_modified_time":"2020-09-03T20:14:58+00:00","og_image":[{"width":900,"height":526,"url":"https:\/\/www.puertocdelu.com.ar\/wp-content\/uploads\/2020\/09\/dos-barcos.jpg","type":"image\/jpeg"}],"author":"PuertoCdelU","twitter_card":"summary_large_image","twitter_misc":{"Escrito por":"PuertoCdelU","Tiempo de lectura":"1 minuto"},"schema":{"@context":"https:\/\/schema.org","@graph":[{"@type":"Article","@id":"https:\/\/www.puertocdelu.com.ar\/index.php\/2020\/08\/30\/mientras-en-el-puerto-estan-en-plena-carga-arribo-un-segundo-buque\/#article","isPartOf":{"@id":"https:\/\/www.puertocdelu.com.ar\/index.php\/2020\/08\/30\/mientras-en-el-puerto-estan-en-plena-carga-arribo-un-segundo-buque\/"},"author":{"name":"PuertoCdelU","@id":"https:\/\/www.puertocdelu.com.ar\/#\/schema\/person\/9d258b923b29bd5f47ca80d9c8cd72d1"},"headline":"Mientras en el puerto est\u00e1n en plena carga, arrib\u00f3 un segundo buque","datePublished":"2020-08-30T20:13:46+00:00","dateModified":"2020-09-03T20:14:58+00:00","mainEntityOfPage":{"@id":"https:\/\/www.puertocdelu.com.ar\/index.php\/2020\/08\/30\/mientras-en-el-puerto-estan-en-plena-carga-arribo-un-segundo-buque\/"},"wordCount":218,"commentCount":0,"image":{"@id":"https:\/\/www.puertocdelu.com.ar\/index.php\/2020\/08\/30\/mientras-en-el-puerto-estan-en-plena-carga-arribo-un-segundo-buque\/#primaryimage"},"thumbnailUrl":"https:\/\/www.puertocdelu.com.ar\/wp-content\/uploads\/2020\/09\/dos-barcos.jpg","articleSection":["Noticias"],"inLanguage":"es","potentialAction":[{"@type":"CommentAction","name":"Comment","target":["https:\/\/www.puertocdelu.com.ar\/index.php\/2020\/08\/30\/mientras-en-el-puerto-estan-en-plena-carga-arribo-un-segundo-buque\/#respond"]}]},{"@type":"WebPage","@id":"https:\/\/www.puertocdelu.com.ar\/index.php\/2020\/08\/30\/mientras-en-el-puerto-estan-en-plena-carga-arribo-un-segundo-buque\/","url":"https:\/\/www.puertocdelu.com.ar\/index.php\/2020\/08\/30\/mientras-en-el-puerto-estan-en-plena-carga-arribo-un-segundo-buque\/","name":"Mientras en el puerto est\u00e1n en plena carga, arrib\u00f3 un segundo buque - Puerto de Concepci\u00f3n del Uruguay","isPartOf":{"@id":"https:\/\/www.puertocdelu.com.ar\/#website"},"primaryImageOfPage":{"@id":"https:\/\/www.puertocdelu.com.ar\/index.php\/2020\/08\/30\/mientras-en-el-puerto-estan-en-plena-carga-arribo-un-segundo-buque\/#primaryimage"},"image":{"@id":"https:\/\/www.puertocdelu.com.ar\/index.php\/2020\/08\/30\/mientras-en-el-puerto-estan-en-plena-carga-arribo-un-segundo-buque\/#primaryimage"},"thumbnailUrl":"https:\/\/www.puertocdelu.com.ar\/wp-content\/uploads\/2020\/09\/dos-barcos.jpg","datePublished":"2020-08-30T20:13:46+00:00","dateModified":"2020-09-03T20:14:58+00:00","author":{"@id":"https:\/\/www.puertocdelu.com.ar\/#\/schema\/person\/9d258b923b29bd5f47ca80d9c8cd72d1"},"breadcrumb":{"@id":"https:\/\/www.puertocdelu.com.ar\/index.php\/2020\/08\/30\/mientras-en-el-puerto-estan-en-plena-carga-arribo-un-segundo-buque\/#breadcrumb"},"inLanguage":"es","potentialAction":[{"@type":"ReadAction","target":["https:\/\/www.puertocdelu.com.ar\/index.php\/2020\/08\/30\/mientras-en-el-puerto-estan-en-plena-carga-arribo-un-segundo-buque\/"]}]},{"@type":"ImageObject","inLanguage":"es","@id":"https:\/\/www.puertocdelu.com.ar\/index.php\/2020\/08\/30\/mientras-en-el-puerto-estan-en-plena-carga-arribo-un-segundo-buque\/#primaryimage","url":"https:\/\/www.puertocdelu.com.ar\/wp-content\/uploads\/2020\/09\/dos-barcos.jpg","contentUrl":"https:\/\/www.puertocdelu.com.ar\/wp-content\/uploads\/2020\/09\/dos-barcos.jpg","width":900,"height":526,"caption":"DCIM\/100MEDIA\/DJI_0657.JPG"},{"@type":"BreadcrumbList","@id":"https:\/\/www.puertocdelu.com.ar\/index.php\/2020\/08\/30\/mientras-en-el-puerto-estan-en-plena-carga-arribo-un-segundo-buque\/#breadcrumb","itemListElement":[{"@type":"ListItem","position":1,"name":"Portada","item":"https:\/\/www.puertocdelu.com.ar\/"},{"@type":"ListItem","position":2,"name":"Mientras en el puerto est\u00e1n en plena carga, arrib\u00f3 un segundo buque"}]},{"@type":"WebSite","@id":"https:\/\/www.puertocdelu.com.ar\/#website","url":"https:\/\/www.puertocdelu.com.ar\/","name":"Puerto de Concepci\u00f3n del Uruguay","description":"","potentialAction":[{"@type":"SearchAction","target":{"@type":"EntryPoint","urlTemplate":"https:\/\/www.puertocdelu.com.ar\/?s={search_term_string}"},"query-input":{"@type":"PropertyValueSpecification","valueRequired":true,"valueName":"search_term_string"}}],"inLanguage":"es"},{"@type":"Person","@id":"https:\/\/www.puertocdelu.com.ar\/#\/schema\/person\/9d258b923b29bd5f47ca80d9c8cd72d1","name":"PuertoCdelU","image":{"@type":"ImageObject","inLanguage":"es","@id":"https:\/\/secure.gravatar.com\/avatar\/99e38dea1727d397df18aced5ac6840012bb7f24c8570dcfafabb73086aed88c?s=96&d=mm&r=g","url":"https:\/\/secure.gravatar.com\/avatar\/99e38dea1727d397df18aced5ac6840012bb7f24c8570dcfafabb73086aed88c?s=96&d=mm&r=g","contentUrl":"https:\/\/secure.gravatar.com\/avatar\/99e38dea1727d397df18aced5ac6840012bb7f24c8570dcfafabb73086aed88c?s=96&d=mm&r=g","caption":"PuertoCdelU"},"url":"https:\/\/www.puertocdelu.com.ar\/index.php\/author\/hectordelos1\/"}]}},"_links":{"self":[{"href":"https:\/\/www.puertocdelu.com.ar\/index.php\/wp-json\/wp\/v2\/posts\/2130","targetHints":{"allow":["GET"]}}],"collection":[{"href":"https:\/\/www.puertocdelu.com.ar\/index.php\/wp-json\/wp\/v2\/posts"}],"about":[{"href":"https:\/\/www.puertocdelu.com.ar\/index.php\/wp-json\/wp\/v2\/types\/post"}],"author":[{"embeddable":true,"href":"https:\/\/www.puertocdelu.com.ar\/index.php\/wp-json\/wp\/v2\/users\/1"}],"replies":[{"embeddable":true,"href":"https:\/\/www.puertocdelu.com.ar\/index.php\/wp-json\/wp\/v2\/comments?post=2130"}],"version-history":[{"count":1,"href":"https:\/\/www.puertocdelu.com.ar\/index.php\/wp-json\/wp\/v2\/posts\/2130\/revisions"}],"predecessor-version":[{"id":2132,"href":"https:\/\/www.puertocdelu.com.ar\/index.php\/wp-json\/wp\/v2\/posts\/2130\/revisions\/2132"}],"wp:featuredmedia":[{"embeddable":true,"href":"https:\/\/www.puertocdelu.com.ar\/index.php\/wp-json\/wp\/v2\/media\/2131"}],"wp:attachment":[{"href":"https:\/\/www.puertocdelu.com.ar\/index.php\/wp-json\/wp\/v2\/media?parent=2130"}],"wp:term":[{"taxonomy":"category","embeddable":true,"href":"https:\/\/www.puertocdelu.com.ar\/index.php\/wp-json\/wp\/v2\/categories?post=2130"},{"taxonomy":"post_tag","embeddable":true,"href":"https:\/\/www.puertocdelu.com.ar\/index.php\/wp-json\/wp\/v2\/tags?post=2130"}],"curies":[{"name":"wp","href":"https:\/\/api.w.org\/{rel}","templated":true}]}}