{"id":2133,"date":"2020-09-03T20:17:01","date_gmt":"2020-09-03T20:17:01","guid":{"rendered":"http:\/\/www.puertocdelu.com.ar\/?p=2133"},"modified":"2020-09-03T20:17:01","modified_gmt":"2020-09-03T20:17:01","slug":"los-puertos-de-concepcion-del-uruguay-e-ibicuy-estan-cargando-en-simultaneo","status":"publish","type":"post","link":"https:\/\/www.puertocdelu.com.ar\/index.php\/2020\/09\/03\/los-puertos-de-concepcion-del-uruguay-e-ibicuy-estan-cargando-en-simultaneo\/","title":{"rendered":"Los puertos de Concepci\u00f3n del Uruguay e Ibicuy est\u00e1n cargando en simult\u00e1neo"},"content":{"rendered":"<p>Los dos puertos de ultramar de la provincia de Entre R\u00edos se encuentran totalmente abocados a las tareas de carga de dos ultramarinos de forma simult\u00e1nea, una situaci\u00f3n que hac\u00eda a\u00f1os no se daba en estas terminales y que dan cuenta del intenso ritmo de trabajo que ha recuperado el sistema portuario.<\/p>\n<p>En la madrugada del mi\u00e9rcoles arrib\u00f3 al muelle continental del puerto de Ibicuy el buque Daiwan Champion de bandera paname\u00f1a y 180 metros de eslora, para comenzar la carga de troncos de madera de pino con destino a China.<\/p>\n<p>Durante el pasado fin de semana, y en tan s\u00f3lo 50 horas de trabajo, este mismo buque carg\u00f3 20.000 toneladas de ese mismo tipo de madera en el puerto de Concepci\u00f3n del Uruguay.<\/p>\n<p><a href=\"https:\/\/www.puertocdelu.com.ar\/wp-content\/uploads\/2020\/09\/x_1599161458.jpg\"><img loading=\"lazy\" decoding=\"async\" class=\"aligncenter size-full wp-image-2135\" src=\"https:\/\/www.puertocdelu.com.ar\/wp-content\/uploads\/2020\/09\/x_1599161458.jpg\" alt=\"\" width=\"900\" height=\"600\" srcset=\"https:\/\/www.puertocdelu.com.ar\/wp-content\/uploads\/2020\/09\/x_1599161458.jpg 900w, https:\/\/www.puertocdelu.com.ar\/wp-content\/uploads\/2020\/09\/x_1599161458-300x200.jpg 300w, https:\/\/www.puertocdelu.com.ar\/wp-content\/uploads\/2020\/09\/x_1599161458-768x512.jpg 768w, https:\/\/www.puertocdelu.com.ar\/wp-content\/uploads\/2020\/09\/x_1599161458-696x464.jpg 696w, https:\/\/www.puertocdelu.com.ar\/wp-content\/uploads\/2020\/09\/x_1599161458-630x420.jpg 630w\" sizes=\"auto, (max-width: 900px) 100vw, 900px\" \/><\/a><\/p>\n<p>Mientras se estaba en plena tarea de embarque, arrib\u00f3 el SFL Spey, otro carguero de 180 metros de eslora, con bandera de Hong Kong, y debi\u00f3 esperar en la rada exterior para ingresar cuando finaliz\u00f3 el embarque del primero.<\/p>\n<p>El Ministro de la Producci\u00f3n, Juan Jos\u00e9 Bahillo, destac\u00f3 la calidad del trabajo que se est\u00e1 llevando adelante en las terminales portuarias entrerrianas \u201cque est\u00e1n embarcando a un ritmo que est\u00e1 al nivel de los puertos m\u00e1s importantes del pa\u00eds, esto habla de puertos eficientes, con calidad y capacidad de parte de sus trabajadores y con un enorme compromiso de parte del Gobierno Provincial para continuar respaldando esta tarea que es uno de los ejes del esquema productivo entrerriano\u201d.<\/p>\n<figure id=\"attachment_2136\" aria-describedby=\"caption-attachment-2136\" style=\"width: 900px\" class=\"wp-caption aligncenter\"><a href=\"https:\/\/www.puertocdelu.com.ar\/wp-content\/uploads\/2020\/09\/x_1599161540.jpg\"><img loading=\"lazy\" decoding=\"async\" class=\"size-full wp-image-2136\" src=\"https:\/\/www.puertocdelu.com.ar\/wp-content\/uploads\/2020\/09\/x_1599161540.jpg\" alt=\"\" width=\"900\" height=\"600\" srcset=\"https:\/\/www.puertocdelu.com.ar\/wp-content\/uploads\/2020\/09\/x_1599161540.jpg 900w, https:\/\/www.puertocdelu.com.ar\/wp-content\/uploads\/2020\/09\/x_1599161540-300x200.jpg 300w, https:\/\/www.puertocdelu.com.ar\/wp-content\/uploads\/2020\/09\/x_1599161540-768x512.jpg 768w, https:\/\/www.puertocdelu.com.ar\/wp-content\/uploads\/2020\/09\/x_1599161540-696x464.jpg 696w, https:\/\/www.puertocdelu.com.ar\/wp-content\/uploads\/2020\/09\/x_1599161540-630x420.jpg 630w\" sizes=\"auto, (max-width: 900px) 100vw, 900px\" \/><\/a><figcaption id=\"caption-attachment-2136\" class=\"wp-caption-text\">Aspecto del trabajo en el interior de las bodegas del buque.<\/figcaption><\/figure>\n<p>El lunes el SFL Spey ingres\u00f3 a los muelles 3 y 4 del puerto, mientras el Daiwan Champion navegaba hacia el puerto de Ibicuy donde lo esperaba toda la log\u00edstica necesaria para comenzar con la carga.<\/p>\n<p>En la jornada de este jueves ambos buques se encontraban operando de forma simult\u00e1nea en los dos puertos, generando cientos de puestos de trabajo de forma directa e indirecta, y potenciando ventajas para el sector forestal entrerriano, una de las principales cadenas de valor de la provincia.<\/p>\n<p>Cabe recordar que todas las operatorias portuarias en las terminales entrerrianas se cumplen bajo los m\u00e1s estrictos protocolos sanitarios de prevenci\u00f3n del Covid-19, tal cual se ha establecido desde la Direcci\u00f3n Nacional de Puertos y V\u00edas Navegables, y bajo el control del Ministerio de la Producci\u00f3n de Entre R\u00edos, que elabor\u00f3 protocolos adicionales para los puertos entrerrianos seg\u00fan las normas del Ministerio de Salud.<\/p>\n<p>(Prensa Ministerio de Producci\u00f3n)<\/p>\n","protected":false},"excerpt":{"rendered":"<p>Los dos puertos de ultramar de la provincia de Entre R\u00edos se encuentran totalmente abocados a las tareas de carga de dos ultramarinos de forma simult\u00e1nea, una situaci\u00f3n que hac\u00eda a\u00f1os no se daba en estas terminales y que dan cuenta del intenso ritmo de trabajo que ha recuperado el sistema portuario. En la madrugada [&hellip;]<\/p>\n","protected":false},"author":1,"featured_media":2134,"comment_status":"open","ping_status":"open","sticky":false,"template":"","format":"standard","meta":{"footnotes":""},"categories":[81],"tags":[],"class_list":{"0":"post-2133","1":"post","2":"type-post","3":"status-publish","4":"format-standard","5":"has-post-thumbnail","7":"category-noticias"},"yoast_head":"<!-- This site is optimized with the Yoast SEO plugin v27.4 - https:\/\/yoast.com\/product\/yoast-seo-wordpress\/ -->\n<title>Los puertos de Concepci\u00f3n del Uruguay e Ibicuy est\u00e1n cargando en simult\u00e1neo - Puerto de Concepci\u00f3n del Uruguay<\/title>\n<meta name=\"robots\" content=\"index, follow, max-snippet:-1, max-image-preview:large, max-video-preview:-1\" \/>\n<link rel=\"canonical\" href=\"https:\/\/www.puertocdelu.com.ar\/index.php\/2020\/09\/03\/los-puertos-de-concepcion-del-uruguay-e-ibicuy-estan-cargando-en-simultaneo\/\" \/>\n<meta property=\"og:locale\" content=\"es_ES\" \/>\n<meta property=\"og:type\" content=\"article\" \/>\n<meta property=\"og:title\" content=\"Los puertos de Concepci\u00f3n del Uruguay e Ibicuy est\u00e1n cargando en simult\u00e1neo - Puerto de Concepci\u00f3n del Uruguay\" \/>\n<meta property=\"og:description\" content=\"Los dos puertos de ultramar de la provincia de Entre R\u00edos se encuentran totalmente abocados a las tareas de carga de dos ultramarinos de forma simult\u00e1nea, una situaci\u00f3n que hac\u00eda a\u00f1os no se daba en estas terminales y que dan cuenta del intenso ritmo de trabajo que ha recuperado el sistema portuario. En la madrugada [&hellip;]\" \/>\n<meta property=\"og:url\" content=\"https:\/\/www.puertocdelu.com.ar\/index.php\/2020\/09\/03\/los-puertos-de-concepcion-del-uruguay-e-ibicuy-estan-cargando-en-simultaneo\/\" \/>\n<meta property=\"og:site_name\" content=\"Puerto de Concepci\u00f3n del Uruguay\" \/>\n<meta property=\"article:published_time\" content=\"2020-09-03T20:17:01+00:00\" \/>\n<meta property=\"og:image\" content=\"https:\/\/www.puertocdelu.com.ar\/wp-content\/uploads\/2020\/09\/x_1599161611.jpg\" \/>\n\t<meta property=\"og:image:width\" content=\"900\" \/>\n\t<meta property=\"og:image:height\" content=\"600\" \/>\n\t<meta property=\"og:image:type\" content=\"image\/jpeg\" \/>\n<meta name=\"author\" content=\"PuertoCdelU\" \/>\n<meta name=\"twitter:card\" content=\"summary_large_image\" \/>\n<meta name=\"twitter:label1\" content=\"Escrito por\" \/>\n\t<meta name=\"twitter:data1\" content=\"PuertoCdelU\" \/>\n\t<meta name=\"twitter:label2\" content=\"Tiempo de lectura\" \/>\n\t<meta name=\"twitter:data2\" content=\"2 minutos\" \/>\n<script type=\"application\/ld+json\" class=\"yoast-schema-graph\">{\"@context\":\"https:\\\/\\\/schema.org\",\"@graph\":[{\"@type\":\"Article\",\"@id\":\"https:\\\/\\\/www.puertocdelu.com.ar\\\/index.php\\\/2020\\\/09\\\/03\\\/los-puertos-de-concepcion-del-uruguay-e-ibicuy-estan-cargando-en-simultaneo\\\/#article\",\"isPartOf\":{\"@id\":\"https:\\\/\\\/www.puertocdelu.com.ar\\\/index.php\\\/2020\\\/09\\\/03\\\/los-puertos-de-concepcion-del-uruguay-e-ibicuy-estan-cargando-en-simultaneo\\\/\"},\"author\":{\"name\":\"PuertoCdelU\",\"@id\":\"https:\\\/\\\/www.puertocdelu.com.ar\\\/#\\\/schema\\\/person\\\/9d258b923b29bd5f47ca80d9c8cd72d1\"},\"headline\":\"Los puertos de Concepci\u00f3n del Uruguay e Ibicuy est\u00e1n cargando en simult\u00e1neo\",\"datePublished\":\"2020-09-03T20:17:01+00:00\",\"mainEntityOfPage\":{\"@id\":\"https:\\\/\\\/www.puertocdelu.com.ar\\\/index.php\\\/2020\\\/09\\\/03\\\/los-puertos-de-concepcion-del-uruguay-e-ibicuy-estan-cargando-en-simultaneo\\\/\"},\"wordCount\":443,\"commentCount\":0,\"image\":{\"@id\":\"https:\\\/\\\/www.puertocdelu.com.ar\\\/index.php\\\/2020\\\/09\\\/03\\\/los-puertos-de-concepcion-del-uruguay-e-ibicuy-estan-cargando-en-simultaneo\\\/#primaryimage\"},\"thumbnailUrl\":\"https:\\\/\\\/www.puertocdelu.com.ar\\\/wp-content\\\/uploads\\\/2020\\\/09\\\/x_1599161611.jpg\",\"articleSection\":[\"Noticias\"],\"inLanguage\":\"es\",\"potentialAction\":[{\"@type\":\"CommentAction\",\"name\":\"Comment\",\"target\":[\"https:\\\/\\\/www.puertocdelu.com.ar\\\/index.php\\\/2020\\\/09\\\/03\\\/los-puertos-de-concepcion-del-uruguay-e-ibicuy-estan-cargando-en-simultaneo\\\/#respond\"]}]},{\"@type\":\"WebPage\",\"@id\":\"https:\\\/\\\/www.puertocdelu.com.ar\\\/index.php\\\/2020\\\/09\\\/03\\\/los-puertos-de-concepcion-del-uruguay-e-ibicuy-estan-cargando-en-simultaneo\\\/\",\"url\":\"https:\\\/\\\/www.puertocdelu.com.ar\\\/index.php\\\/2020\\\/09\\\/03\\\/los-puertos-de-concepcion-del-uruguay-e-ibicuy-estan-cargando-en-simultaneo\\\/\",\"name\":\"Los puertos de Concepci\u00f3n del Uruguay e Ibicuy est\u00e1n cargando en simult\u00e1neo - Puerto de Concepci\u00f3n del Uruguay\",\"isPartOf\":{\"@id\":\"https:\\\/\\\/www.puertocdelu.com.ar\\\/#website\"},\"primaryImageOfPage\":{\"@id\":\"https:\\\/\\\/www.puertocdelu.com.ar\\\/index.php\\\/2020\\\/09\\\/03\\\/los-puertos-de-concepcion-del-uruguay-e-ibicuy-estan-cargando-en-simultaneo\\\/#primaryimage\"},\"image\":{\"@id\":\"https:\\\/\\\/www.puertocdelu.com.ar\\\/index.php\\\/2020\\\/09\\\/03\\\/los-puertos-de-concepcion-del-uruguay-e-ibicuy-estan-cargando-en-simultaneo\\\/#primaryimage\"},\"thumbnailUrl\":\"https:\\\/\\\/www.puertocdelu.com.ar\\\/wp-content\\\/uploads\\\/2020\\\/09\\\/x_1599161611.jpg\",\"datePublished\":\"2020-09-03T20:17:01+00:00\",\"author\":{\"@id\":\"https:\\\/\\\/www.puertocdelu.com.ar\\\/#\\\/schema\\\/person\\\/9d258b923b29bd5f47ca80d9c8cd72d1\"},\"breadcrumb\":{\"@id\":\"https:\\\/\\\/www.puertocdelu.com.ar\\\/index.php\\\/2020\\\/09\\\/03\\\/los-puertos-de-concepcion-del-uruguay-e-ibicuy-estan-cargando-en-simultaneo\\\/#breadcrumb\"},\"inLanguage\":\"es\",\"potentialAction\":[{\"@type\":\"ReadAction\",\"target\":[\"https:\\\/\\\/www.puertocdelu.com.ar\\\/index.php\\\/2020\\\/09\\\/03\\\/los-puertos-de-concepcion-del-uruguay-e-ibicuy-estan-cargando-en-simultaneo\\\/\"]}]},{\"@type\":\"ImageObject\",\"inLanguage\":\"es\",\"@id\":\"https:\\\/\\\/www.puertocdelu.com.ar\\\/index.php\\\/2020\\\/09\\\/03\\\/los-puertos-de-concepcion-del-uruguay-e-ibicuy-estan-cargando-en-simultaneo\\\/#primaryimage\",\"url\":\"https:\\\/\\\/www.puertocdelu.com.ar\\\/wp-content\\\/uploads\\\/2020\\\/09\\\/x_1599161611.jpg\",\"contentUrl\":\"https:\\\/\\\/www.puertocdelu.com.ar\\\/wp-content\\\/uploads\\\/2020\\\/09\\\/x_1599161611.jpg\",\"width\":900,\"height\":600,\"caption\":\"El SFL Spey trabaja las 24 horas en el puerto de Concepci\u00f3n del Uruguay.\"},{\"@type\":\"BreadcrumbList\",\"@id\":\"https:\\\/\\\/www.puertocdelu.com.ar\\\/index.php\\\/2020\\\/09\\\/03\\\/los-puertos-de-concepcion-del-uruguay-e-ibicuy-estan-cargando-en-simultaneo\\\/#breadcrumb\",\"itemListElement\":[{\"@type\":\"ListItem\",\"position\":1,\"name\":\"Portada\",\"item\":\"https:\\\/\\\/www.puertocdelu.com.ar\\\/\"},{\"@type\":\"ListItem\",\"position\":2,\"name\":\"Los puertos de Concepci\u00f3n del Uruguay e Ibicuy est\u00e1n cargando en simult\u00e1neo\"}]},{\"@type\":\"WebSite\",\"@id\":\"https:\\\/\\\/www.puertocdelu.com.ar\\\/#website\",\"url\":\"https:\\\/\\\/www.puertocdelu.com.ar\\\/\",\"name\":\"Puerto de Concepci\u00f3n del Uruguay\",\"description\":\"\",\"potentialAction\":[{\"@type\":\"SearchAction\",\"target\":{\"@type\":\"EntryPoint\",\"urlTemplate\":\"https:\\\/\\\/www.puertocdelu.com.ar\\\/?s={search_term_string}\"},\"query-input\":{\"@type\":\"PropertyValueSpecification\",\"valueRequired\":true,\"valueName\":\"search_term_string\"}}],\"inLanguage\":\"es\"},{\"@type\":\"Person\",\"@id\":\"https:\\\/\\\/www.puertocdelu.com.ar\\\/#\\\/schema\\\/person\\\/9d258b923b29bd5f47ca80d9c8cd72d1\",\"name\":\"PuertoCdelU\",\"image\":{\"@type\":\"ImageObject\",\"inLanguage\":\"es\",\"@id\":\"https:\\\/\\\/secure.gravatar.com\\\/avatar\\\/99e38dea1727d397df18aced5ac6840012bb7f24c8570dcfafabb73086aed88c?s=96&d=mm&r=g\",\"url\":\"https:\\\/\\\/secure.gravatar.com\\\/avatar\\\/99e38dea1727d397df18aced5ac6840012bb7f24c8570dcfafabb73086aed88c?s=96&d=mm&r=g\",\"contentUrl\":\"https:\\\/\\\/secure.gravatar.com\\\/avatar\\\/99e38dea1727d397df18aced5ac6840012bb7f24c8570dcfafabb73086aed88c?s=96&d=mm&r=g\",\"caption\":\"PuertoCdelU\"},\"url\":\"https:\\\/\\\/www.puertocdelu.com.ar\\\/index.php\\\/author\\\/hectordelos1\\\/\"}]}<\/script>\n<!-- \/ Yoast SEO plugin. -->","yoast_head_json":{"title":"Los puertos de Concepci\u00f3n del Uruguay e Ibicuy est\u00e1n cargando en simult\u00e1neo - Puerto de Concepci\u00f3n del Uruguay","robots":{"index":"index","follow":"follow","max-snippet":"max-snippet:-1","max-image-preview":"max-image-preview:large","max-video-preview":"max-video-preview:-1"},"canonical":"https:\/\/www.puertocdelu.com.ar\/index.php\/2020\/09\/03\/los-puertos-de-concepcion-del-uruguay-e-ibicuy-estan-cargando-en-simultaneo\/","og_locale":"es_ES","og_type":"article","og_title":"Los puertos de Concepci\u00f3n del Uruguay e Ibicuy est\u00e1n cargando en simult\u00e1neo - Puerto de Concepci\u00f3n del Uruguay","og_description":"Los dos puertos de ultramar de la provincia de Entre R\u00edos se encuentran totalmente abocados a las tareas de carga de dos ultramarinos de forma simult\u00e1nea, una situaci\u00f3n que hac\u00eda a\u00f1os no se daba en estas terminales y que dan cuenta del intenso ritmo de trabajo que ha recuperado el sistema portuario. En la madrugada [&hellip;]","og_url":"https:\/\/www.puertocdelu.com.ar\/index.php\/2020\/09\/03\/los-puertos-de-concepcion-del-uruguay-e-ibicuy-estan-cargando-en-simultaneo\/","og_site_name":"Puerto de Concepci\u00f3n del Uruguay","article_published_time":"2020-09-03T20:17:01+00:00","og_image":[{"width":900,"height":600,"url":"https:\/\/www.puertocdelu.com.ar\/wp-content\/uploads\/2020\/09\/x_1599161611.jpg","type":"image\/jpeg"}],"author":"PuertoCdelU","twitter_card":"summary_large_image","twitter_misc":{"Escrito por":"PuertoCdelU","Tiempo de lectura":"2 minutos"},"schema":{"@context":"https:\/\/schema.org","@graph":[{"@type":"Article","@id":"https:\/\/www.puertocdelu.com.ar\/index.php\/2020\/09\/03\/los-puertos-de-concepcion-del-uruguay-e-ibicuy-estan-cargando-en-simultaneo\/#article","isPartOf":{"@id":"https:\/\/www.puertocdelu.com.ar\/index.php\/2020\/09\/03\/los-puertos-de-concepcion-del-uruguay-e-ibicuy-estan-cargando-en-simultaneo\/"},"author":{"name":"PuertoCdelU","@id":"https:\/\/www.puertocdelu.com.ar\/#\/schema\/person\/9d258b923b29bd5f47ca80d9c8cd72d1"},"headline":"Los puertos de Concepci\u00f3n del Uruguay e Ibicuy est\u00e1n cargando en simult\u00e1neo","datePublished":"2020-09-03T20:17:01+00:00","mainEntityOfPage":{"@id":"https:\/\/www.puertocdelu.com.ar\/index.php\/2020\/09\/03\/los-puertos-de-concepcion-del-uruguay-e-ibicuy-estan-cargando-en-simultaneo\/"},"wordCount":443,"commentCount":0,"image":{"@id":"https:\/\/www.puertocdelu.com.ar\/index.php\/2020\/09\/03\/los-puertos-de-concepcion-del-uruguay-e-ibicuy-estan-cargando-en-simultaneo\/#primaryimage"},"thumbnailUrl":"https:\/\/www.puertocdelu.com.ar\/wp-content\/uploads\/2020\/09\/x_1599161611.jpg","articleSection":["Noticias"],"inLanguage":"es","potentialAction":[{"@type":"CommentAction","name":"Comment","target":["https:\/\/www.puertocdelu.com.ar\/index.php\/2020\/09\/03\/los-puertos-de-concepcion-del-uruguay-e-ibicuy-estan-cargando-en-simultaneo\/#respond"]}]},{"@type":"WebPage","@id":"https:\/\/www.puertocdelu.com.ar\/index.php\/2020\/09\/03\/los-puertos-de-concepcion-del-uruguay-e-ibicuy-estan-cargando-en-simultaneo\/","url":"https:\/\/www.puertocdelu.com.ar\/index.php\/2020\/09\/03\/los-puertos-de-concepcion-del-uruguay-e-ibicuy-estan-cargando-en-simultaneo\/","name":"Los puertos de Concepci\u00f3n del Uruguay e Ibicuy est\u00e1n cargando en simult\u00e1neo - Puerto de Concepci\u00f3n del Uruguay","isPartOf":{"@id":"https:\/\/www.puertocdelu.com.ar\/#website"},"primaryImageOfPage":{"@id":"https:\/\/www.puertocdelu.com.ar\/index.php\/2020\/09\/03\/los-puertos-de-concepcion-del-uruguay-e-ibicuy-estan-cargando-en-simultaneo\/#primaryimage"},"image":{"@id":"https:\/\/www.puertocdelu.com.ar\/index.php\/2020\/09\/03\/los-puertos-de-concepcion-del-uruguay-e-ibicuy-estan-cargando-en-simultaneo\/#primaryimage"},"thumbnailUrl":"https:\/\/www.puertocdelu.com.ar\/wp-content\/uploads\/2020\/09\/x_1599161611.jpg","datePublished":"2020-09-03T20:17:01+00:00","author":{"@id":"https:\/\/www.puertocdelu.com.ar\/#\/schema\/person\/9d258b923b29bd5f47ca80d9c8cd72d1"},"breadcrumb":{"@id":"https:\/\/www.puertocdelu.com.ar\/index.php\/2020\/09\/03\/los-puertos-de-concepcion-del-uruguay-e-ibicuy-estan-cargando-en-simultaneo\/#breadcrumb"},"inLanguage":"es","potentialAction":[{"@type":"ReadAction","target":["https:\/\/www.puertocdelu.com.ar\/index.php\/2020\/09\/03\/los-puertos-de-concepcion-del-uruguay-e-ibicuy-estan-cargando-en-simultaneo\/"]}]},{"@type":"ImageObject","inLanguage":"es","@id":"https:\/\/www.puertocdelu.com.ar\/index.php\/2020\/09\/03\/los-puertos-de-concepcion-del-uruguay-e-ibicuy-estan-cargando-en-simultaneo\/#primaryimage","url":"https:\/\/www.puertocdelu.com.ar\/wp-content\/uploads\/2020\/09\/x_1599161611.jpg","contentUrl":"https:\/\/www.puertocdelu.com.ar\/wp-content\/uploads\/2020\/09\/x_1599161611.jpg","width":900,"height":600,"caption":"El SFL Spey trabaja las 24 horas en el puerto de Concepci\u00f3n del Uruguay."},{"@type":"BreadcrumbList","@id":"https:\/\/www.puertocdelu.com.ar\/index.php\/2020\/09\/03\/los-puertos-de-concepcion-del-uruguay-e-ibicuy-estan-cargando-en-simultaneo\/#breadcrumb","itemListElement":[{"@type":"ListItem","position":1,"name":"Portada","item":"https:\/\/www.puertocdelu.com.ar\/"},{"@type":"ListItem","position":2,"name":"Los puertos de Concepci\u00f3n del Uruguay e Ibicuy est\u00e1n cargando en simult\u00e1neo"}]},{"@type":"WebSite","@id":"https:\/\/www.puertocdelu.com.ar\/#website","url":"https:\/\/www.puertocdelu.com.ar\/","name":"Puerto de Concepci\u00f3n del Uruguay","description":"","potentialAction":[{"@type":"SearchAction","target":{"@type":"EntryPoint","urlTemplate":"https:\/\/www.puertocdelu.com.ar\/?s={search_term_string}"},"query-input":{"@type":"PropertyValueSpecification","valueRequired":true,"valueName":"search_term_string"}}],"inLanguage":"es"},{"@type":"Person","@id":"https:\/\/www.puertocdelu.com.ar\/#\/schema\/person\/9d258b923b29bd5f47ca80d9c8cd72d1","name":"PuertoCdelU","image":{"@type":"ImageObject","inLanguage":"es","@id":"https:\/\/secure.gravatar.com\/avatar\/99e38dea1727d397df18aced5ac6840012bb7f24c8570dcfafabb73086aed88c?s=96&d=mm&r=g","url":"https:\/\/secure.gravatar.com\/avatar\/99e38dea1727d397df18aced5ac6840012bb7f24c8570dcfafabb73086aed88c?s=96&d=mm&r=g","contentUrl":"https:\/\/secure.gravatar.com\/avatar\/99e38dea1727d397df18aced5ac6840012bb7f24c8570dcfafabb73086aed88c?s=96&d=mm&r=g","caption":"PuertoCdelU"},"url":"https:\/\/www.puertocdelu.com.ar\/index.php\/author\/hectordelos1\/"}]}},"_links":{"self":[{"href":"https:\/\/www.puertocdelu.com.ar\/index.php\/wp-json\/wp\/v2\/posts\/2133","targetHints":{"allow":["GET"]}}],"collection":[{"href":"https:\/\/www.puertocdelu.com.ar\/index.php\/wp-json\/wp\/v2\/posts"}],"about":[{"href":"https:\/\/www.puertocdelu.com.ar\/index.php\/wp-json\/wp\/v2\/types\/post"}],"author":[{"embeddable":true,"href":"https:\/\/www.puertocdelu.com.ar\/index.php\/wp-json\/wp\/v2\/users\/1"}],"replies":[{"embeddable":true,"href":"https:\/\/www.puertocdelu.com.ar\/index.php\/wp-json\/wp\/v2\/comments?post=2133"}],"version-history":[{"count":1,"href":"https:\/\/www.puertocdelu.com.ar\/index.php\/wp-json\/wp\/v2\/posts\/2133\/revisions"}],"predecessor-version":[{"id":2137,"href":"https:\/\/www.puertocdelu.com.ar\/index.php\/wp-json\/wp\/v2\/posts\/2133\/revisions\/2137"}],"wp:featuredmedia":[{"embeddable":true,"href":"https:\/\/www.puertocdelu.com.ar\/index.php\/wp-json\/wp\/v2\/media\/2134"}],"wp:attachment":[{"href":"https:\/\/www.puertocdelu.com.ar\/index.php\/wp-json\/wp\/v2\/media?parent=2133"}],"wp:term":[{"taxonomy":"category","embeddable":true,"href":"https:\/\/www.puertocdelu.com.ar\/index.php\/wp-json\/wp\/v2\/categories?post=2133"},{"taxonomy":"post_tag","embeddable":true,"href":"https:\/\/www.puertocdelu.com.ar\/index.php\/wp-json\/wp\/v2\/tags?post=2133"}],"curies":[{"name":"wp","href":"https:\/\/api.w.org\/{rel}","templated":true}]}}