{"id":2139,"date":"2020-09-14T12:49:53","date_gmt":"2020-09-14T12:49:53","guid":{"rendered":"http:\/\/www.puertocdelu.com.ar\/?p=2139"},"modified":"2020-09-14T12:49:53","modified_gmt":"2020-09-14T12:49:53","slug":"mas-de-un-millon-de-toneladas-exportadas-desde-los-puertos-entrerrianos","status":"publish","type":"post","link":"https:\/\/www.puertocdelu.com.ar\/index.php\/2020\/09\/14\/mas-de-un-millon-de-toneladas-exportadas-desde-los-puertos-entrerrianos\/","title":{"rendered":"M\u00e1s de un mill\u00f3n de toneladas exportadas desde los puertos entrerrianos"},"content":{"rendered":"<p>La reactivaci\u00f3n del sistema portuario entrerriano repercuti\u00f3 de forma directa en las cifras de la balanza comercial de la provincia, sumando casi un mill\u00f3n de toneladas en los \u00faltimos 20 meses de trabajo pleno en los puertos.<\/p>\n<p>Tanto el puerto de Concepci\u00f3n del Uruguay, como el de Ibicuy, se han transformado en la puerta de salida al mundo de la producci\u00f3n regional hacia destinos en todo el mundo, y se siguen sumando mercados y productos con un horizonte de expansi\u00f3n que presenta nuevas ventajas para los productores y para la industria entrerriana.<\/p>\n<p>Con la partida desde Ibicuy del ultramarino SFL Spey, que carg\u00f3 34.000 toneladas de troncos de madera de pino en los puertos de Concepci\u00f3n del Uruguay y all\u00ed, ya suman 32 los buques con productos entrerrianos que han salido en los \u00faltimos 20 meses, totalizando 1.050.000 toneladas exportadas a destinos tan distantes como China, Senegal, Irak, Costa Rica o Venezuela.<\/p>\n<p>Arroz en distintas variedades como son medio grano, c\u00e1scara, o en bolsa, han sido parte de esta nueva etapa de reactivaci\u00f3n que viven los puertos entrerrianos y que devolvi\u00f3 a los productores de toda la provincia una de las ventajas m\u00e1s importantes de cara a la competitividad de sus productos en los mercados internacionales, reduciendo costos de transporte y ganando en agilidad y eficiencia al tener los puertos cercanos y en plena actividad.<\/p>\n<p>La industria forestal de Entre R\u00edos, y de toda la regi\u00f3n, tambi\u00e9n sum\u00f3 su producci\u00f3n a esta actividad a trav\u00e9s de la exportaci\u00f3n de troncos de madera de pino, un producto requerido por el mercado chino desde hace m\u00e1s de un a\u00f1o y que sostiene un ritmo de cargas constantes y con perspectivas de expansi\u00f3n a otros productos.<\/p>\n<h2>Nuevos mercados y valor agregado<\/h2>\n<p>En el marco de la conquista de nuevos mercados en el mundo para la producci\u00f3n regional, avanzan las gestiones para concretar en los pr\u00f3ximos meses el primer embarque de troncos de madera de pino a la India por parte de la empresa exportadora Urcel Argentina S.A., por lo que este enorme mercado comercial se sumar\u00e1 a China como destino para este producto.<\/p>\n<p>De igual manera se avanza en la incorporaci\u00f3n de madera aserrada en formato de tablas para exportar a China, sumando valor agregado a un producto que ser\u00e1 procesado en diferentes aserraderos de la regi\u00f3n.<\/p>\n<p>El ministro de Producci\u00f3n de la provincia, Juan Jos\u00e9 Bahillo, junto al presidente del Instituto Portuario Provincial de Entre R\u00edos (Ipper), Carlos Schepens, avanza con las gestiones necesarias para que esta nueva iniciativa se sume al eje exportador entrerriano.<\/p>\n<p>\u201cLa producci\u00f3n entrerriana sigue creciendo y el gobierno provincial genera los espacios necesarios para facilitar esta expansi\u00f3n, sumar nuevos mercados y potenciar el crecimiento. Todo esto genera m\u00e1s mano de obra, mejoras para los trabajadores y potencialidades para nuevos productos.<br \/>\nA trav\u00e9s de los puertos hemos vuelto a poner en marcha un c\u00edrculo virtuoso que el gobernador Gustavo Bordet respald\u00f3 como uno de los pilares del desarrollo desde el comienzo de su gesti\u00f3n\u201d, se\u00f1al\u00f3 Bahillo.<\/p>\n<p>En este sentido, tambi\u00e9n destac\u00f3 el avance en materia log\u00edstica al haber recuperado el tren de cargas que hoy llega hasta el puerto de Ibicuy, en un contexto donde la disminuci\u00f3n de los costos de los fletes es uno de los puntos centrales de la competitividad.<\/p>\n<p>\u00abTrenes Argentinos Cargas est\u00e1 avanzando en la ampliaci\u00f3n de las trazas de v\u00edas hacia el norte del pa\u00eds, alcanzando a Paraguay y el sur de Brasil. Esto es un enorme espacio de mercado que utilizar\u00e1n nuestros puertos para exportar. Estamos a la altura de hacer frente a este desaf\u00edo y trabajamos para sumar nuevas ventajas para los exportadores\u201d, sostuvo el ministro.<\/p>\n<h2>Contenedores<\/h2>\n<p>Como parte de la expansi\u00f3n que viven los puertos de Entre R\u00edos, tambi\u00e9n se avanza en la recuperaci\u00f3n del transporte de contenedores en el puerto de Concepci\u00f3n del Uruguay. En este sentido, desde el Ministerio de la Producci\u00f3n y el Instituto Portuario se trabaja en la incorporaci\u00f3n de este servicio a trav\u00e9s de la empresa Guaran Feeder. Se trata de un grupo empresario paraguayo que desarrolla servicios de transporte fluvial de containers en la Hidrov\u00eda Paraguay-Paran\u00e1, en la Hidrov\u00eda del r\u00edo Uruguay, y en puertos del R\u00edo de la Plata.<\/p>\n<p>El presidente del Ipper, Carlos Schepens, destac\u00f3 la relevancia de la presentaci\u00f3n de este grupo empresario \u201cya que se trata de una propuesta necesaria que nos permitir\u00eda sumar otra alternativa de carga y nuevas ventajas para los productores. El ministro Bahillo traz\u00f3 una l\u00ednea de trabajo donde los puertos son uno de los motores de crecimiento para muchas cadenas de valor, en este marco el transporte multimodal, a trav\u00e9s de rutas, r\u00edos y ferrocarril es el camino para lograr una cadena log\u00edstica competitiva\u201d.<\/p>\n","protected":false},"excerpt":{"rendered":"<p>La reactivaci\u00f3n del sistema portuario entrerriano repercuti\u00f3 de forma directa en las cifras de la balanza comercial de la provincia, sumando casi un mill\u00f3n de toneladas en los \u00faltimos 20 meses de trabajo pleno en los puertos. Tanto el puerto de Concepci\u00f3n del Uruguay, como el de Ibicuy, se han transformado en la puerta de [&hellip;]<\/p>\n","protected":false},"author":1,"featured_media":1824,"comment_status":"open","ping_status":"open","sticky":false,"template":"","format":"standard","meta":{"footnotes":""},"categories":[81],"tags":[],"class_list":{"0":"post-2139","1":"post","2":"type-post","3":"status-publish","4":"format-standard","5":"has-post-thumbnail","7":"category-noticias"},"yoast_head":"<!-- This site is optimized with the Yoast SEO plugin v27.4 - https:\/\/yoast.com\/product\/yoast-seo-wordpress\/ -->\n<title>M\u00e1s de un mill\u00f3n de toneladas exportadas desde los puertos entrerrianos - Puerto de Concepci\u00f3n del Uruguay<\/title>\n<meta name=\"robots\" content=\"index, follow, max-snippet:-1, max-image-preview:large, max-video-preview:-1\" \/>\n<link rel=\"canonical\" href=\"https:\/\/www.puertocdelu.com.ar\/index.php\/2020\/09\/14\/mas-de-un-millon-de-toneladas-exportadas-desde-los-puertos-entrerrianos\/\" \/>\n<meta property=\"og:locale\" content=\"es_ES\" \/>\n<meta property=\"og:type\" content=\"article\" \/>\n<meta property=\"og:title\" content=\"M\u00e1s de un mill\u00f3n de toneladas exportadas desde los puertos entrerrianos - Puerto de Concepci\u00f3n del Uruguay\" \/>\n<meta property=\"og:description\" content=\"La reactivaci\u00f3n del sistema portuario entrerriano repercuti\u00f3 de forma directa en las cifras de la balanza comercial de la provincia, sumando casi un mill\u00f3n de toneladas en los \u00faltimos 20 meses de trabajo pleno en los puertos. Tanto el puerto de Concepci\u00f3n del Uruguay, como el de Ibicuy, se han transformado en la puerta de [&hellip;]\" \/>\n<meta property=\"og:url\" content=\"https:\/\/www.puertocdelu.com.ar\/index.php\/2020\/09\/14\/mas-de-un-millon-de-toneladas-exportadas-desde-los-puertos-entrerrianos\/\" \/>\n<meta property=\"og:site_name\" content=\"Puerto de Concepci\u00f3n del Uruguay\" \/>\n<meta property=\"article:published_time\" content=\"2020-09-14T12:49:53+00:00\" \/>\n<meta property=\"og:image\" content=\"https:\/\/www.puertocdelu.com.ar\/wp-content\/uploads\/2019\/05\/allegra01-1.jpg\" \/>\n\t<meta property=\"og:image:width\" content=\"1134\" \/>\n\t<meta property=\"og:image:height\" content=\"850\" \/>\n\t<meta property=\"og:image:type\" content=\"image\/jpeg\" \/>\n<meta name=\"author\" content=\"PuertoCdelU\" \/>\n<meta name=\"twitter:card\" content=\"summary_large_image\" \/>\n<meta name=\"twitter:label1\" content=\"Escrito por\" \/>\n\t<meta name=\"twitter:data1\" content=\"PuertoCdelU\" \/>\n\t<meta name=\"twitter:label2\" content=\"Tiempo de lectura\" \/>\n\t<meta name=\"twitter:data2\" content=\"4 minutos\" \/>\n<script type=\"application\/ld+json\" class=\"yoast-schema-graph\">{\"@context\":\"https:\\\/\\\/schema.org\",\"@graph\":[{\"@type\":\"Article\",\"@id\":\"https:\\\/\\\/www.puertocdelu.com.ar\\\/index.php\\\/2020\\\/09\\\/14\\\/mas-de-un-millon-de-toneladas-exportadas-desde-los-puertos-entrerrianos\\\/#article\",\"isPartOf\":{\"@id\":\"https:\\\/\\\/www.puertocdelu.com.ar\\\/index.php\\\/2020\\\/09\\\/14\\\/mas-de-un-millon-de-toneladas-exportadas-desde-los-puertos-entrerrianos\\\/\"},\"author\":{\"name\":\"PuertoCdelU\",\"@id\":\"https:\\\/\\\/www.puertocdelu.com.ar\\\/#\\\/schema\\\/person\\\/9d258b923b29bd5f47ca80d9c8cd72d1\"},\"headline\":\"M\u00e1s de un mill\u00f3n de toneladas exportadas desde los puertos entrerrianos\",\"datePublished\":\"2020-09-14T12:49:53+00:00\",\"mainEntityOfPage\":{\"@id\":\"https:\\\/\\\/www.puertocdelu.com.ar\\\/index.php\\\/2020\\\/09\\\/14\\\/mas-de-un-millon-de-toneladas-exportadas-desde-los-puertos-entrerrianos\\\/\"},\"wordCount\":845,\"commentCount\":0,\"image\":{\"@id\":\"https:\\\/\\\/www.puertocdelu.com.ar\\\/index.php\\\/2020\\\/09\\\/14\\\/mas-de-un-millon-de-toneladas-exportadas-desde-los-puertos-entrerrianos\\\/#primaryimage\"},\"thumbnailUrl\":\"https:\\\/\\\/www.puertocdelu.com.ar\\\/wp-content\\\/uploads\\\/2019\\\/05\\\/allegra01-1.jpg\",\"articleSection\":[\"Noticias\"],\"inLanguage\":\"es\",\"potentialAction\":[{\"@type\":\"CommentAction\",\"name\":\"Comment\",\"target\":[\"https:\\\/\\\/www.puertocdelu.com.ar\\\/index.php\\\/2020\\\/09\\\/14\\\/mas-de-un-millon-de-toneladas-exportadas-desde-los-puertos-entrerrianos\\\/#respond\"]}]},{\"@type\":\"WebPage\",\"@id\":\"https:\\\/\\\/www.puertocdelu.com.ar\\\/index.php\\\/2020\\\/09\\\/14\\\/mas-de-un-millon-de-toneladas-exportadas-desde-los-puertos-entrerrianos\\\/\",\"url\":\"https:\\\/\\\/www.puertocdelu.com.ar\\\/index.php\\\/2020\\\/09\\\/14\\\/mas-de-un-millon-de-toneladas-exportadas-desde-los-puertos-entrerrianos\\\/\",\"name\":\"M\u00e1s de un mill\u00f3n de toneladas exportadas desde los puertos entrerrianos - Puerto de Concepci\u00f3n del Uruguay\",\"isPartOf\":{\"@id\":\"https:\\\/\\\/www.puertocdelu.com.ar\\\/#website\"},\"primaryImageOfPage\":{\"@id\":\"https:\\\/\\\/www.puertocdelu.com.ar\\\/index.php\\\/2020\\\/09\\\/14\\\/mas-de-un-millon-de-toneladas-exportadas-desde-los-puertos-entrerrianos\\\/#primaryimage\"},\"image\":{\"@id\":\"https:\\\/\\\/www.puertocdelu.com.ar\\\/index.php\\\/2020\\\/09\\\/14\\\/mas-de-un-millon-de-toneladas-exportadas-desde-los-puertos-entrerrianos\\\/#primaryimage\"},\"thumbnailUrl\":\"https:\\\/\\\/www.puertocdelu.com.ar\\\/wp-content\\\/uploads\\\/2019\\\/05\\\/allegra01-1.jpg\",\"datePublished\":\"2020-09-14T12:49:53+00:00\",\"author\":{\"@id\":\"https:\\\/\\\/www.puertocdelu.com.ar\\\/#\\\/schema\\\/person\\\/9d258b923b29bd5f47ca80d9c8cd72d1\"},\"breadcrumb\":{\"@id\":\"https:\\\/\\\/www.puertocdelu.com.ar\\\/index.php\\\/2020\\\/09\\\/14\\\/mas-de-un-millon-de-toneladas-exportadas-desde-los-puertos-entrerrianos\\\/#breadcrumb\"},\"inLanguage\":\"es\",\"potentialAction\":[{\"@type\":\"ReadAction\",\"target\":[\"https:\\\/\\\/www.puertocdelu.com.ar\\\/index.php\\\/2020\\\/09\\\/14\\\/mas-de-un-millon-de-toneladas-exportadas-desde-los-puertos-entrerrianos\\\/\"]}]},{\"@type\":\"ImageObject\",\"inLanguage\":\"es\",\"@id\":\"https:\\\/\\\/www.puertocdelu.com.ar\\\/index.php\\\/2020\\\/09\\\/14\\\/mas-de-un-millon-de-toneladas-exportadas-desde-los-puertos-entrerrianos\\\/#primaryimage\",\"url\":\"https:\\\/\\\/www.puertocdelu.com.ar\\\/wp-content\\\/uploads\\\/2019\\\/05\\\/allegra01-1.jpg\",\"contentUrl\":\"https:\\\/\\\/www.puertocdelu.com.ar\\\/wp-content\\\/uploads\\\/2019\\\/05\\\/allegra01-1.jpg\",\"width\":1134,\"height\":850,\"caption\":\"DCIM\\\/100MEDIA\\\/DJI_0148.JPG\"},{\"@type\":\"BreadcrumbList\",\"@id\":\"https:\\\/\\\/www.puertocdelu.com.ar\\\/index.php\\\/2020\\\/09\\\/14\\\/mas-de-un-millon-de-toneladas-exportadas-desde-los-puertos-entrerrianos\\\/#breadcrumb\",\"itemListElement\":[{\"@type\":\"ListItem\",\"position\":1,\"name\":\"Portada\",\"item\":\"https:\\\/\\\/www.puertocdelu.com.ar\\\/\"},{\"@type\":\"ListItem\",\"position\":2,\"name\":\"M\u00e1s de un mill\u00f3n de toneladas exportadas desde los puertos entrerrianos\"}]},{\"@type\":\"WebSite\",\"@id\":\"https:\\\/\\\/www.puertocdelu.com.ar\\\/#website\",\"url\":\"https:\\\/\\\/www.puertocdelu.com.ar\\\/\",\"name\":\"Puerto de Concepci\u00f3n del Uruguay\",\"description\":\"\",\"potentialAction\":[{\"@type\":\"SearchAction\",\"target\":{\"@type\":\"EntryPoint\",\"urlTemplate\":\"https:\\\/\\\/www.puertocdelu.com.ar\\\/?s={search_term_string}\"},\"query-input\":{\"@type\":\"PropertyValueSpecification\",\"valueRequired\":true,\"valueName\":\"search_term_string\"}}],\"inLanguage\":\"es\"},{\"@type\":\"Person\",\"@id\":\"https:\\\/\\\/www.puertocdelu.com.ar\\\/#\\\/schema\\\/person\\\/9d258b923b29bd5f47ca80d9c8cd72d1\",\"name\":\"PuertoCdelU\",\"image\":{\"@type\":\"ImageObject\",\"inLanguage\":\"es\",\"@id\":\"https:\\\/\\\/secure.gravatar.com\\\/avatar\\\/99e38dea1727d397df18aced5ac6840012bb7f24c8570dcfafabb73086aed88c?s=96&d=mm&r=g\",\"url\":\"https:\\\/\\\/secure.gravatar.com\\\/avatar\\\/99e38dea1727d397df18aced5ac6840012bb7f24c8570dcfafabb73086aed88c?s=96&d=mm&r=g\",\"contentUrl\":\"https:\\\/\\\/secure.gravatar.com\\\/avatar\\\/99e38dea1727d397df18aced5ac6840012bb7f24c8570dcfafabb73086aed88c?s=96&d=mm&r=g\",\"caption\":\"PuertoCdelU\"},\"url\":\"https:\\\/\\\/www.puertocdelu.com.ar\\\/index.php\\\/author\\\/hectordelos1\\\/\"}]}<\/script>\n<!-- \/ Yoast SEO plugin. -->","yoast_head_json":{"title":"M\u00e1s de un mill\u00f3n de toneladas exportadas desde los puertos entrerrianos - Puerto de Concepci\u00f3n del Uruguay","robots":{"index":"index","follow":"follow","max-snippet":"max-snippet:-1","max-image-preview":"max-image-preview:large","max-video-preview":"max-video-preview:-1"},"canonical":"https:\/\/www.puertocdelu.com.ar\/index.php\/2020\/09\/14\/mas-de-un-millon-de-toneladas-exportadas-desde-los-puertos-entrerrianos\/","og_locale":"es_ES","og_type":"article","og_title":"M\u00e1s de un mill\u00f3n de toneladas exportadas desde los puertos entrerrianos - Puerto de Concepci\u00f3n del Uruguay","og_description":"La reactivaci\u00f3n del sistema portuario entrerriano repercuti\u00f3 de forma directa en las cifras de la balanza comercial de la provincia, sumando casi un mill\u00f3n de toneladas en los \u00faltimos 20 meses de trabajo pleno en los puertos. Tanto el puerto de Concepci\u00f3n del Uruguay, como el de Ibicuy, se han transformado en la puerta de [&hellip;]","og_url":"https:\/\/www.puertocdelu.com.ar\/index.php\/2020\/09\/14\/mas-de-un-millon-de-toneladas-exportadas-desde-los-puertos-entrerrianos\/","og_site_name":"Puerto de Concepci\u00f3n del Uruguay","article_published_time":"2020-09-14T12:49:53+00:00","og_image":[{"width":1134,"height":850,"url":"https:\/\/www.puertocdelu.com.ar\/wp-content\/uploads\/2019\/05\/allegra01-1.jpg","type":"image\/jpeg"}],"author":"PuertoCdelU","twitter_card":"summary_large_image","twitter_misc":{"Escrito por":"PuertoCdelU","Tiempo de lectura":"4 minutos"},"schema":{"@context":"https:\/\/schema.org","@graph":[{"@type":"Article","@id":"https:\/\/www.puertocdelu.com.ar\/index.php\/2020\/09\/14\/mas-de-un-millon-de-toneladas-exportadas-desde-los-puertos-entrerrianos\/#article","isPartOf":{"@id":"https:\/\/www.puertocdelu.com.ar\/index.php\/2020\/09\/14\/mas-de-un-millon-de-toneladas-exportadas-desde-los-puertos-entrerrianos\/"},"author":{"name":"PuertoCdelU","@id":"https:\/\/www.puertocdelu.com.ar\/#\/schema\/person\/9d258b923b29bd5f47ca80d9c8cd72d1"},"headline":"M\u00e1s de un mill\u00f3n de toneladas exportadas desde los puertos entrerrianos","datePublished":"2020-09-14T12:49:53+00:00","mainEntityOfPage":{"@id":"https:\/\/www.puertocdelu.com.ar\/index.php\/2020\/09\/14\/mas-de-un-millon-de-toneladas-exportadas-desde-los-puertos-entrerrianos\/"},"wordCount":845,"commentCount":0,"image":{"@id":"https:\/\/www.puertocdelu.com.ar\/index.php\/2020\/09\/14\/mas-de-un-millon-de-toneladas-exportadas-desde-los-puertos-entrerrianos\/#primaryimage"},"thumbnailUrl":"https:\/\/www.puertocdelu.com.ar\/wp-content\/uploads\/2019\/05\/allegra01-1.jpg","articleSection":["Noticias"],"inLanguage":"es","potentialAction":[{"@type":"CommentAction","name":"Comment","target":["https:\/\/www.puertocdelu.com.ar\/index.php\/2020\/09\/14\/mas-de-un-millon-de-toneladas-exportadas-desde-los-puertos-entrerrianos\/#respond"]}]},{"@type":"WebPage","@id":"https:\/\/www.puertocdelu.com.ar\/index.php\/2020\/09\/14\/mas-de-un-millon-de-toneladas-exportadas-desde-los-puertos-entrerrianos\/","url":"https:\/\/www.puertocdelu.com.ar\/index.php\/2020\/09\/14\/mas-de-un-millon-de-toneladas-exportadas-desde-los-puertos-entrerrianos\/","name":"M\u00e1s de un mill\u00f3n de toneladas exportadas desde los puertos entrerrianos - Puerto de Concepci\u00f3n del Uruguay","isPartOf":{"@id":"https:\/\/www.puertocdelu.com.ar\/#website"},"primaryImageOfPage":{"@id":"https:\/\/www.puertocdelu.com.ar\/index.php\/2020\/09\/14\/mas-de-un-millon-de-toneladas-exportadas-desde-los-puertos-entrerrianos\/#primaryimage"},"image":{"@id":"https:\/\/www.puertocdelu.com.ar\/index.php\/2020\/09\/14\/mas-de-un-millon-de-toneladas-exportadas-desde-los-puertos-entrerrianos\/#primaryimage"},"thumbnailUrl":"https:\/\/www.puertocdelu.com.ar\/wp-content\/uploads\/2019\/05\/allegra01-1.jpg","datePublished":"2020-09-14T12:49:53+00:00","author":{"@id":"https:\/\/www.puertocdelu.com.ar\/#\/schema\/person\/9d258b923b29bd5f47ca80d9c8cd72d1"},"breadcrumb":{"@id":"https:\/\/www.puertocdelu.com.ar\/index.php\/2020\/09\/14\/mas-de-un-millon-de-toneladas-exportadas-desde-los-puertos-entrerrianos\/#breadcrumb"},"inLanguage":"es","potentialAction":[{"@type":"ReadAction","target":["https:\/\/www.puertocdelu.com.ar\/index.php\/2020\/09\/14\/mas-de-un-millon-de-toneladas-exportadas-desde-los-puertos-entrerrianos\/"]}]},{"@type":"ImageObject","inLanguage":"es","@id":"https:\/\/www.puertocdelu.com.ar\/index.php\/2020\/09\/14\/mas-de-un-millon-de-toneladas-exportadas-desde-los-puertos-entrerrianos\/#primaryimage","url":"https:\/\/www.puertocdelu.com.ar\/wp-content\/uploads\/2019\/05\/allegra01-1.jpg","contentUrl":"https:\/\/www.puertocdelu.com.ar\/wp-content\/uploads\/2019\/05\/allegra01-1.jpg","width":1134,"height":850,"caption":"DCIM\/100MEDIA\/DJI_0148.JPG"},{"@type":"BreadcrumbList","@id":"https:\/\/www.puertocdelu.com.ar\/index.php\/2020\/09\/14\/mas-de-un-millon-de-toneladas-exportadas-desde-los-puertos-entrerrianos\/#breadcrumb","itemListElement":[{"@type":"ListItem","position":1,"name":"Portada","item":"https:\/\/www.puertocdelu.com.ar\/"},{"@type":"ListItem","position":2,"name":"M\u00e1s de un mill\u00f3n de toneladas exportadas desde los puertos entrerrianos"}]},{"@type":"WebSite","@id":"https:\/\/www.puertocdelu.com.ar\/#website","url":"https:\/\/www.puertocdelu.com.ar\/","name":"Puerto de Concepci\u00f3n del Uruguay","description":"","potentialAction":[{"@type":"SearchAction","target":{"@type":"EntryPoint","urlTemplate":"https:\/\/www.puertocdelu.com.ar\/?s={search_term_string}"},"query-input":{"@type":"PropertyValueSpecification","valueRequired":true,"valueName":"search_term_string"}}],"inLanguage":"es"},{"@type":"Person","@id":"https:\/\/www.puertocdelu.com.ar\/#\/schema\/person\/9d258b923b29bd5f47ca80d9c8cd72d1","name":"PuertoCdelU","image":{"@type":"ImageObject","inLanguage":"es","@id":"https:\/\/secure.gravatar.com\/avatar\/99e38dea1727d397df18aced5ac6840012bb7f24c8570dcfafabb73086aed88c?s=96&d=mm&r=g","url":"https:\/\/secure.gravatar.com\/avatar\/99e38dea1727d397df18aced5ac6840012bb7f24c8570dcfafabb73086aed88c?s=96&d=mm&r=g","contentUrl":"https:\/\/secure.gravatar.com\/avatar\/99e38dea1727d397df18aced5ac6840012bb7f24c8570dcfafabb73086aed88c?s=96&d=mm&r=g","caption":"PuertoCdelU"},"url":"https:\/\/www.puertocdelu.com.ar\/index.php\/author\/hectordelos1\/"}]}},"_links":{"self":[{"href":"https:\/\/www.puertocdelu.com.ar\/index.php\/wp-json\/wp\/v2\/posts\/2139","targetHints":{"allow":["GET"]}}],"collection":[{"href":"https:\/\/www.puertocdelu.com.ar\/index.php\/wp-json\/wp\/v2\/posts"}],"about":[{"href":"https:\/\/www.puertocdelu.com.ar\/index.php\/wp-json\/wp\/v2\/types\/post"}],"author":[{"embeddable":true,"href":"https:\/\/www.puertocdelu.com.ar\/index.php\/wp-json\/wp\/v2\/users\/1"}],"replies":[{"embeddable":true,"href":"https:\/\/www.puertocdelu.com.ar\/index.php\/wp-json\/wp\/v2\/comments?post=2139"}],"version-history":[{"count":1,"href":"https:\/\/www.puertocdelu.com.ar\/index.php\/wp-json\/wp\/v2\/posts\/2139\/revisions"}],"predecessor-version":[{"id":2140,"href":"https:\/\/www.puertocdelu.com.ar\/index.php\/wp-json\/wp\/v2\/posts\/2139\/revisions\/2140"}],"wp:featuredmedia":[{"embeddable":true,"href":"https:\/\/www.puertocdelu.com.ar\/index.php\/wp-json\/wp\/v2\/media\/1824"}],"wp:attachment":[{"href":"https:\/\/www.puertocdelu.com.ar\/index.php\/wp-json\/wp\/v2\/media?parent=2139"}],"wp:term":[{"taxonomy":"category","embeddable":true,"href":"https:\/\/www.puertocdelu.com.ar\/index.php\/wp-json\/wp\/v2\/categories?post=2139"},{"taxonomy":"post_tag","embeddable":true,"href":"https:\/\/www.puertocdelu.com.ar\/index.php\/wp-json\/wp\/v2\/tags?post=2139"}],"curies":[{"name":"wp","href":"https:\/\/api.w.org\/{rel}","templated":true}]}}