{"id":2185,"date":"2020-12-05T14:46:03","date_gmt":"2020-12-05T14:46:03","guid":{"rendered":"http:\/\/www.puertocdelu.com.ar\/?p=2185"},"modified":"2020-12-05T14:46:31","modified_gmt":"2020-12-05T14:46:31","slug":"ingreso-un-nuevo-buque-al-puerto-local-y-piden-evitar-en-el-transito-por-av-paysandu","status":"publish","type":"post","link":"https:\/\/www.puertocdelu.com.ar\/index.php\/2020\/12\/05\/ingreso-un-nuevo-buque-al-puerto-local-y-piden-evitar-en-el-transito-por-av-paysandu\/","title":{"rendered":"Ingres\u00f3 un nuevo buque al puerto local y se pide evitar en el tr\u00e1nsito por Av. Paysand\u00fa"},"content":{"rendered":"<p>A las 6 de la ma\u00f1ana de este s\u00e1bado 5 de diciembre ingres\u00f3 al Puerto de Concepci\u00f3n del Uruguay el ultramarino Happy Hiro.<\/p>\n<p>Tiene 180 metros de eslora, 30 de manga, es de bandera de las Islas Marshall y, seg\u00fan las estimaciones, cargar\u00e1 unas 20.000 toneladas de troncos de madera de pino con destino al puerto de Taicang, China.<\/p>\n<p>Completar\u00e1 sus bodegas en el puerto de Ibicuy. 400 personas ocupadas de forma directa en cada puerto trabajando las 24 horas.<\/p>\n<p>Dentro de 15 d\u00edas ingresar\u00e1 otro buque, ser\u00e1 el tercer embarque en menos de 30 d\u00edas.<\/p>\n<p><a href=\"https:\/\/www.puertocdelu.com.ar\/wp-content\/uploads\/2020\/12\/IMG_3981.jpg\"><img loading=\"lazy\" decoding=\"async\" class=\"aligncenter size-full wp-image-2187\" src=\"https:\/\/www.puertocdelu.com.ar\/wp-content\/uploads\/2020\/12\/IMG_3981.jpg\" alt=\"\" width=\"900\" height=\"675\" srcset=\"https:\/\/www.puertocdelu.com.ar\/wp-content\/uploads\/2020\/12\/IMG_3981.jpg 900w, https:\/\/www.puertocdelu.com.ar\/wp-content\/uploads\/2020\/12\/IMG_3981-300x225.jpg 300w, https:\/\/www.puertocdelu.com.ar\/wp-content\/uploads\/2020\/12\/IMG_3981-768x576.jpg 768w, https:\/\/www.puertocdelu.com.ar\/wp-content\/uploads\/2020\/12\/IMG_3981-696x522.jpg 696w, https:\/\/www.puertocdelu.com.ar\/wp-content\/uploads\/2020\/12\/IMG_3981-560x420.jpg 560w, https:\/\/www.puertocdelu.com.ar\/wp-content\/uploads\/2020\/12\/IMG_3981-80x60.jpg 80w, https:\/\/www.puertocdelu.com.ar\/wp-content\/uploads\/2020\/12\/IMG_3981-265x198.jpg 265w\" sizes=\"auto, (max-width: 900px) 100vw, 900px\" \/><\/a><\/p>\n<h2>Tr\u00e1nsito por Av. Paysand\u00fa<\/h2>\n<p>Desde el Ente Puerto Concepci\u00f3n del Uruguay (EAPCU) se solicita a la poblaci\u00f3n evitar la circulaci\u00f3n por la avenida Paysand\u00fa debido al intenso tr\u00e1nsito de camiones que se desplazar\u00e1n por esa v\u00eda durante todo el fin de semana ya que se encuentran en pleno desarrollo las tareas de carga del buque Happy Hiro.<\/p>\n<p>Estos trabajos se desarrollar\u00e1n durante los d\u00edas s\u00e1bado 5, domingo 6 y lunes 7 de diciembre durante las 24 horas.<\/p>\n<p>Cabe recordar que para completar la carga programada en el puerto de Concepci\u00f3n del Uruguay son necesarios m\u00e1s de 500 viajes de camiones entre los acopios y la zona portuaria.<\/p>\n<p>Por este motivo se pide extremar los cuidados a los automovilistas y peatones que se vean en la obligaci\u00f3n de circular por esta zona de la ciudad que estar\u00e1 abocada durante estos tres d\u00edas a las operaciones de carga del buque amarrado en los muelles 3 y 4 del puerto local.<\/p>\n<p><a href=\"https:\/\/www.puertocdelu.com.ar\/wp-content\/uploads\/2020\/12\/camiones-paysandu-01.jpg\"><img loading=\"lazy\" decoding=\"async\" class=\"aligncenter size-full wp-image-2188\" src=\"https:\/\/www.puertocdelu.com.ar\/wp-content\/uploads\/2020\/12\/camiones-paysandu-01.jpg\" alt=\"\" width=\"900\" height=\"610\" srcset=\"https:\/\/www.puertocdelu.com.ar\/wp-content\/uploads\/2020\/12\/camiones-paysandu-01.jpg 900w, https:\/\/www.puertocdelu.com.ar\/wp-content\/uploads\/2020\/12\/camiones-paysandu-01-300x203.jpg 300w, https:\/\/www.puertocdelu.com.ar\/wp-content\/uploads\/2020\/12\/camiones-paysandu-01-768x521.jpg 768w, https:\/\/www.puertocdelu.com.ar\/wp-content\/uploads\/2020\/12\/camiones-paysandu-01-696x472.jpg 696w, https:\/\/www.puertocdelu.com.ar\/wp-content\/uploads\/2020\/12\/camiones-paysandu-01-620x420.jpg 620w\" sizes=\"auto, (max-width: 900px) 100vw, 900px\" \/><\/a><\/p>\n","protected":false},"excerpt":{"rendered":"<p>A las 6 de la ma\u00f1ana de este s\u00e1bado 5 de diciembre ingres\u00f3 al Puerto de Concepci\u00f3n del Uruguay el ultramarino Happy Hiro. Tiene 180 metros de eslora, 30 de manga, es de bandera de las Islas Marshall y, seg\u00fan las estimaciones, cargar\u00e1 unas 20.000 toneladas de troncos de madera de pino con destino al [&hellip;]<\/p>\n","protected":false},"author":1,"featured_media":2186,"comment_status":"open","ping_status":"open","sticky":false,"template":"","format":"standard","meta":{"footnotes":""},"categories":[81],"tags":[],"class_list":{"0":"post-2185","1":"post","2":"type-post","3":"status-publish","4":"format-standard","5":"has-post-thumbnail","7":"category-noticias"},"yoast_head":"<!-- This site is optimized with the Yoast SEO plugin v27.4 - https:\/\/yoast.com\/product\/yoast-seo-wordpress\/ -->\n<title>Ingres\u00f3 un nuevo buque al puerto local y se pide evitar en el tr\u00e1nsito por Av. Paysand\u00fa - Puerto de Concepci\u00f3n del Uruguay<\/title>\n<meta name=\"robots\" content=\"index, follow, max-snippet:-1, max-image-preview:large, max-video-preview:-1\" \/>\n<link rel=\"canonical\" href=\"https:\/\/www.puertocdelu.com.ar\/index.php\/2020\/12\/05\/ingreso-un-nuevo-buque-al-puerto-local-y-piden-evitar-en-el-transito-por-av-paysandu\/\" \/>\n<meta property=\"og:locale\" content=\"es_ES\" \/>\n<meta property=\"og:type\" content=\"article\" \/>\n<meta property=\"og:title\" content=\"Ingres\u00f3 un nuevo buque al puerto local y se pide evitar en el tr\u00e1nsito por Av. Paysand\u00fa - Puerto de Concepci\u00f3n del Uruguay\" \/>\n<meta property=\"og:description\" content=\"A las 6 de la ma\u00f1ana de este s\u00e1bado 5 de diciembre ingres\u00f3 al Puerto de Concepci\u00f3n del Uruguay el ultramarino Happy Hiro. Tiene 180 metros de eslora, 30 de manga, es de bandera de las Islas Marshall y, seg\u00fan las estimaciones, cargar\u00e1 unas 20.000 toneladas de troncos de madera de pino con destino al [&hellip;]\" \/>\n<meta property=\"og:url\" content=\"https:\/\/www.puertocdelu.com.ar\/index.php\/2020\/12\/05\/ingreso-un-nuevo-buque-al-puerto-local-y-piden-evitar-en-el-transito-por-av-paysandu\/\" \/>\n<meta property=\"og:site_name\" content=\"Puerto de Concepci\u00f3n del Uruguay\" \/>\n<meta property=\"article:published_time\" content=\"2020-12-05T14:46:03+00:00\" \/>\n<meta property=\"article:modified_time\" content=\"2020-12-05T14:46:31+00:00\" \/>\n<meta property=\"og:image\" content=\"https:\/\/www.puertocdelu.com.ar\/wp-content\/uploads\/2020\/12\/DJI_0743.jpg\" \/>\n\t<meta property=\"og:image:width\" content=\"900\" \/>\n\t<meta property=\"og:image:height\" content=\"626\" \/>\n\t<meta property=\"og:image:type\" content=\"image\/jpeg\" \/>\n<meta name=\"author\" content=\"PuertoCdelU\" \/>\n<meta name=\"twitter:card\" content=\"summary_large_image\" \/>\n<meta name=\"twitter:label1\" content=\"Escrito por\" \/>\n\t<meta name=\"twitter:data1\" content=\"PuertoCdelU\" \/>\n\t<meta name=\"twitter:label2\" content=\"Tiempo de lectura\" \/>\n\t<meta name=\"twitter:data2\" content=\"1 minuto\" \/>\n<script type=\"application\/ld+json\" class=\"yoast-schema-graph\">{\"@context\":\"https:\\\/\\\/schema.org\",\"@graph\":[{\"@type\":\"Article\",\"@id\":\"https:\\\/\\\/www.puertocdelu.com.ar\\\/index.php\\\/2020\\\/12\\\/05\\\/ingreso-un-nuevo-buque-al-puerto-local-y-piden-evitar-en-el-transito-por-av-paysandu\\\/#article\",\"isPartOf\":{\"@id\":\"https:\\\/\\\/www.puertocdelu.com.ar\\\/index.php\\\/2020\\\/12\\\/05\\\/ingreso-un-nuevo-buque-al-puerto-local-y-piden-evitar-en-el-transito-por-av-paysandu\\\/\"},\"author\":{\"name\":\"PuertoCdelU\",\"@id\":\"https:\\\/\\\/www.puertocdelu.com.ar\\\/#\\\/schema\\\/person\\\/9d258b923b29bd5f47ca80d9c8cd72d1\"},\"headline\":\"Ingres\u00f3 un nuevo buque al puerto local y se pide evitar en el tr\u00e1nsito por Av. Paysand\u00fa\",\"datePublished\":\"2020-12-05T14:46:03+00:00\",\"dateModified\":\"2020-12-05T14:46:31+00:00\",\"mainEntityOfPage\":{\"@id\":\"https:\\\/\\\/www.puertocdelu.com.ar\\\/index.php\\\/2020\\\/12\\\/05\\\/ingreso-un-nuevo-buque-al-puerto-local-y-piden-evitar-en-el-transito-por-av-paysandu\\\/\"},\"wordCount\":276,\"commentCount\":0,\"image\":{\"@id\":\"https:\\\/\\\/www.puertocdelu.com.ar\\\/index.php\\\/2020\\\/12\\\/05\\\/ingreso-un-nuevo-buque-al-puerto-local-y-piden-evitar-en-el-transito-por-av-paysandu\\\/#primaryimage\"},\"thumbnailUrl\":\"https:\\\/\\\/www.puertocdelu.com.ar\\\/wp-content\\\/uploads\\\/2020\\\/12\\\/DJI_0743.jpg\",\"articleSection\":[\"Noticias\"],\"inLanguage\":\"es\",\"potentialAction\":[{\"@type\":\"CommentAction\",\"name\":\"Comment\",\"target\":[\"https:\\\/\\\/www.puertocdelu.com.ar\\\/index.php\\\/2020\\\/12\\\/05\\\/ingreso-un-nuevo-buque-al-puerto-local-y-piden-evitar-en-el-transito-por-av-paysandu\\\/#respond\"]}]},{\"@type\":\"WebPage\",\"@id\":\"https:\\\/\\\/www.puertocdelu.com.ar\\\/index.php\\\/2020\\\/12\\\/05\\\/ingreso-un-nuevo-buque-al-puerto-local-y-piden-evitar-en-el-transito-por-av-paysandu\\\/\",\"url\":\"https:\\\/\\\/www.puertocdelu.com.ar\\\/index.php\\\/2020\\\/12\\\/05\\\/ingreso-un-nuevo-buque-al-puerto-local-y-piden-evitar-en-el-transito-por-av-paysandu\\\/\",\"name\":\"Ingres\u00f3 un nuevo buque al puerto local y se pide evitar en el tr\u00e1nsito por Av. Paysand\u00fa - Puerto de Concepci\u00f3n del Uruguay\",\"isPartOf\":{\"@id\":\"https:\\\/\\\/www.puertocdelu.com.ar\\\/#website\"},\"primaryImageOfPage\":{\"@id\":\"https:\\\/\\\/www.puertocdelu.com.ar\\\/index.php\\\/2020\\\/12\\\/05\\\/ingreso-un-nuevo-buque-al-puerto-local-y-piden-evitar-en-el-transito-por-av-paysandu\\\/#primaryimage\"},\"image\":{\"@id\":\"https:\\\/\\\/www.puertocdelu.com.ar\\\/index.php\\\/2020\\\/12\\\/05\\\/ingreso-un-nuevo-buque-al-puerto-local-y-piden-evitar-en-el-transito-por-av-paysandu\\\/#primaryimage\"},\"thumbnailUrl\":\"https:\\\/\\\/www.puertocdelu.com.ar\\\/wp-content\\\/uploads\\\/2020\\\/12\\\/DJI_0743.jpg\",\"datePublished\":\"2020-12-05T14:46:03+00:00\",\"dateModified\":\"2020-12-05T14:46:31+00:00\",\"author\":{\"@id\":\"https:\\\/\\\/www.puertocdelu.com.ar\\\/#\\\/schema\\\/person\\\/9d258b923b29bd5f47ca80d9c8cd72d1\"},\"breadcrumb\":{\"@id\":\"https:\\\/\\\/www.puertocdelu.com.ar\\\/index.php\\\/2020\\\/12\\\/05\\\/ingreso-un-nuevo-buque-al-puerto-local-y-piden-evitar-en-el-transito-por-av-paysandu\\\/#breadcrumb\"},\"inLanguage\":\"es\",\"potentialAction\":[{\"@type\":\"ReadAction\",\"target\":[\"https:\\\/\\\/www.puertocdelu.com.ar\\\/index.php\\\/2020\\\/12\\\/05\\\/ingreso-un-nuevo-buque-al-puerto-local-y-piden-evitar-en-el-transito-por-av-paysandu\\\/\"]}]},{\"@type\":\"ImageObject\",\"inLanguage\":\"es\",\"@id\":\"https:\\\/\\\/www.puertocdelu.com.ar\\\/index.php\\\/2020\\\/12\\\/05\\\/ingreso-un-nuevo-buque-al-puerto-local-y-piden-evitar-en-el-transito-por-av-paysandu\\\/#primaryimage\",\"url\":\"https:\\\/\\\/www.puertocdelu.com.ar\\\/wp-content\\\/uploads\\\/2020\\\/12\\\/DJI_0743.jpg\",\"contentUrl\":\"https:\\\/\\\/www.puertocdelu.com.ar\\\/wp-content\\\/uploads\\\/2020\\\/12\\\/DJI_0743.jpg\",\"width\":900,\"height\":626,\"caption\":\"DCIM\\\/100MEDIA\\\/DJI_0743.JPG\"},{\"@type\":\"BreadcrumbList\",\"@id\":\"https:\\\/\\\/www.puertocdelu.com.ar\\\/index.php\\\/2020\\\/12\\\/05\\\/ingreso-un-nuevo-buque-al-puerto-local-y-piden-evitar-en-el-transito-por-av-paysandu\\\/#breadcrumb\",\"itemListElement\":[{\"@type\":\"ListItem\",\"position\":1,\"name\":\"Portada\",\"item\":\"https:\\\/\\\/www.puertocdelu.com.ar\\\/\"},{\"@type\":\"ListItem\",\"position\":2,\"name\":\"Ingres\u00f3 un nuevo buque al puerto local y se pide evitar en el tr\u00e1nsito por Av. Paysand\u00fa\"}]},{\"@type\":\"WebSite\",\"@id\":\"https:\\\/\\\/www.puertocdelu.com.ar\\\/#website\",\"url\":\"https:\\\/\\\/www.puertocdelu.com.ar\\\/\",\"name\":\"Puerto de Concepci\u00f3n del Uruguay\",\"description\":\"\",\"potentialAction\":[{\"@type\":\"SearchAction\",\"target\":{\"@type\":\"EntryPoint\",\"urlTemplate\":\"https:\\\/\\\/www.puertocdelu.com.ar\\\/?s={search_term_string}\"},\"query-input\":{\"@type\":\"PropertyValueSpecification\",\"valueRequired\":true,\"valueName\":\"search_term_string\"}}],\"inLanguage\":\"es\"},{\"@type\":\"Person\",\"@id\":\"https:\\\/\\\/www.puertocdelu.com.ar\\\/#\\\/schema\\\/person\\\/9d258b923b29bd5f47ca80d9c8cd72d1\",\"name\":\"PuertoCdelU\",\"image\":{\"@type\":\"ImageObject\",\"inLanguage\":\"es\",\"@id\":\"https:\\\/\\\/secure.gravatar.com\\\/avatar\\\/99e38dea1727d397df18aced5ac6840012bb7f24c8570dcfafabb73086aed88c?s=96&d=mm&r=g\",\"url\":\"https:\\\/\\\/secure.gravatar.com\\\/avatar\\\/99e38dea1727d397df18aced5ac6840012bb7f24c8570dcfafabb73086aed88c?s=96&d=mm&r=g\",\"contentUrl\":\"https:\\\/\\\/secure.gravatar.com\\\/avatar\\\/99e38dea1727d397df18aced5ac6840012bb7f24c8570dcfafabb73086aed88c?s=96&d=mm&r=g\",\"caption\":\"PuertoCdelU\"},\"url\":\"https:\\\/\\\/www.puertocdelu.com.ar\\\/index.php\\\/author\\\/hectordelos1\\\/\"}]}<\/script>\n<!-- \/ Yoast SEO plugin. -->","yoast_head_json":{"title":"Ingres\u00f3 un nuevo buque al puerto local y se pide evitar en el tr\u00e1nsito por Av. Paysand\u00fa - Puerto de Concepci\u00f3n del Uruguay","robots":{"index":"index","follow":"follow","max-snippet":"max-snippet:-1","max-image-preview":"max-image-preview:large","max-video-preview":"max-video-preview:-1"},"canonical":"https:\/\/www.puertocdelu.com.ar\/index.php\/2020\/12\/05\/ingreso-un-nuevo-buque-al-puerto-local-y-piden-evitar-en-el-transito-por-av-paysandu\/","og_locale":"es_ES","og_type":"article","og_title":"Ingres\u00f3 un nuevo buque al puerto local y se pide evitar en el tr\u00e1nsito por Av. Paysand\u00fa - Puerto de Concepci\u00f3n del Uruguay","og_description":"A las 6 de la ma\u00f1ana de este s\u00e1bado 5 de diciembre ingres\u00f3 al Puerto de Concepci\u00f3n del Uruguay el ultramarino Happy Hiro. Tiene 180 metros de eslora, 30 de manga, es de bandera de las Islas Marshall y, seg\u00fan las estimaciones, cargar\u00e1 unas 20.000 toneladas de troncos de madera de pino con destino al [&hellip;]","og_url":"https:\/\/www.puertocdelu.com.ar\/index.php\/2020\/12\/05\/ingreso-un-nuevo-buque-al-puerto-local-y-piden-evitar-en-el-transito-por-av-paysandu\/","og_site_name":"Puerto de Concepci\u00f3n del Uruguay","article_published_time":"2020-12-05T14:46:03+00:00","article_modified_time":"2020-12-05T14:46:31+00:00","og_image":[{"width":900,"height":626,"url":"https:\/\/www.puertocdelu.com.ar\/wp-content\/uploads\/2020\/12\/DJI_0743.jpg","type":"image\/jpeg"}],"author":"PuertoCdelU","twitter_card":"summary_large_image","twitter_misc":{"Escrito por":"PuertoCdelU","Tiempo de lectura":"1 minuto"},"schema":{"@context":"https:\/\/schema.org","@graph":[{"@type":"Article","@id":"https:\/\/www.puertocdelu.com.ar\/index.php\/2020\/12\/05\/ingreso-un-nuevo-buque-al-puerto-local-y-piden-evitar-en-el-transito-por-av-paysandu\/#article","isPartOf":{"@id":"https:\/\/www.puertocdelu.com.ar\/index.php\/2020\/12\/05\/ingreso-un-nuevo-buque-al-puerto-local-y-piden-evitar-en-el-transito-por-av-paysandu\/"},"author":{"name":"PuertoCdelU","@id":"https:\/\/www.puertocdelu.com.ar\/#\/schema\/person\/9d258b923b29bd5f47ca80d9c8cd72d1"},"headline":"Ingres\u00f3 un nuevo buque al puerto local y se pide evitar en el tr\u00e1nsito por Av. Paysand\u00fa","datePublished":"2020-12-05T14:46:03+00:00","dateModified":"2020-12-05T14:46:31+00:00","mainEntityOfPage":{"@id":"https:\/\/www.puertocdelu.com.ar\/index.php\/2020\/12\/05\/ingreso-un-nuevo-buque-al-puerto-local-y-piden-evitar-en-el-transito-por-av-paysandu\/"},"wordCount":276,"commentCount":0,"image":{"@id":"https:\/\/www.puertocdelu.com.ar\/index.php\/2020\/12\/05\/ingreso-un-nuevo-buque-al-puerto-local-y-piden-evitar-en-el-transito-por-av-paysandu\/#primaryimage"},"thumbnailUrl":"https:\/\/www.puertocdelu.com.ar\/wp-content\/uploads\/2020\/12\/DJI_0743.jpg","articleSection":["Noticias"],"inLanguage":"es","potentialAction":[{"@type":"CommentAction","name":"Comment","target":["https:\/\/www.puertocdelu.com.ar\/index.php\/2020\/12\/05\/ingreso-un-nuevo-buque-al-puerto-local-y-piden-evitar-en-el-transito-por-av-paysandu\/#respond"]}]},{"@type":"WebPage","@id":"https:\/\/www.puertocdelu.com.ar\/index.php\/2020\/12\/05\/ingreso-un-nuevo-buque-al-puerto-local-y-piden-evitar-en-el-transito-por-av-paysandu\/","url":"https:\/\/www.puertocdelu.com.ar\/index.php\/2020\/12\/05\/ingreso-un-nuevo-buque-al-puerto-local-y-piden-evitar-en-el-transito-por-av-paysandu\/","name":"Ingres\u00f3 un nuevo buque al puerto local y se pide evitar en el tr\u00e1nsito por Av. Paysand\u00fa - Puerto de Concepci\u00f3n del Uruguay","isPartOf":{"@id":"https:\/\/www.puertocdelu.com.ar\/#website"},"primaryImageOfPage":{"@id":"https:\/\/www.puertocdelu.com.ar\/index.php\/2020\/12\/05\/ingreso-un-nuevo-buque-al-puerto-local-y-piden-evitar-en-el-transito-por-av-paysandu\/#primaryimage"},"image":{"@id":"https:\/\/www.puertocdelu.com.ar\/index.php\/2020\/12\/05\/ingreso-un-nuevo-buque-al-puerto-local-y-piden-evitar-en-el-transito-por-av-paysandu\/#primaryimage"},"thumbnailUrl":"https:\/\/www.puertocdelu.com.ar\/wp-content\/uploads\/2020\/12\/DJI_0743.jpg","datePublished":"2020-12-05T14:46:03+00:00","dateModified":"2020-12-05T14:46:31+00:00","author":{"@id":"https:\/\/www.puertocdelu.com.ar\/#\/schema\/person\/9d258b923b29bd5f47ca80d9c8cd72d1"},"breadcrumb":{"@id":"https:\/\/www.puertocdelu.com.ar\/index.php\/2020\/12\/05\/ingreso-un-nuevo-buque-al-puerto-local-y-piden-evitar-en-el-transito-por-av-paysandu\/#breadcrumb"},"inLanguage":"es","potentialAction":[{"@type":"ReadAction","target":["https:\/\/www.puertocdelu.com.ar\/index.php\/2020\/12\/05\/ingreso-un-nuevo-buque-al-puerto-local-y-piden-evitar-en-el-transito-por-av-paysandu\/"]}]},{"@type":"ImageObject","inLanguage":"es","@id":"https:\/\/www.puertocdelu.com.ar\/index.php\/2020\/12\/05\/ingreso-un-nuevo-buque-al-puerto-local-y-piden-evitar-en-el-transito-por-av-paysandu\/#primaryimage","url":"https:\/\/www.puertocdelu.com.ar\/wp-content\/uploads\/2020\/12\/DJI_0743.jpg","contentUrl":"https:\/\/www.puertocdelu.com.ar\/wp-content\/uploads\/2020\/12\/DJI_0743.jpg","width":900,"height":626,"caption":"DCIM\/100MEDIA\/DJI_0743.JPG"},{"@type":"BreadcrumbList","@id":"https:\/\/www.puertocdelu.com.ar\/index.php\/2020\/12\/05\/ingreso-un-nuevo-buque-al-puerto-local-y-piden-evitar-en-el-transito-por-av-paysandu\/#breadcrumb","itemListElement":[{"@type":"ListItem","position":1,"name":"Portada","item":"https:\/\/www.puertocdelu.com.ar\/"},{"@type":"ListItem","position":2,"name":"Ingres\u00f3 un nuevo buque al puerto local y se pide evitar en el tr\u00e1nsito por Av. Paysand\u00fa"}]},{"@type":"WebSite","@id":"https:\/\/www.puertocdelu.com.ar\/#website","url":"https:\/\/www.puertocdelu.com.ar\/","name":"Puerto de Concepci\u00f3n del Uruguay","description":"","potentialAction":[{"@type":"SearchAction","target":{"@type":"EntryPoint","urlTemplate":"https:\/\/www.puertocdelu.com.ar\/?s={search_term_string}"},"query-input":{"@type":"PropertyValueSpecification","valueRequired":true,"valueName":"search_term_string"}}],"inLanguage":"es"},{"@type":"Person","@id":"https:\/\/www.puertocdelu.com.ar\/#\/schema\/person\/9d258b923b29bd5f47ca80d9c8cd72d1","name":"PuertoCdelU","image":{"@type":"ImageObject","inLanguage":"es","@id":"https:\/\/secure.gravatar.com\/avatar\/99e38dea1727d397df18aced5ac6840012bb7f24c8570dcfafabb73086aed88c?s=96&d=mm&r=g","url":"https:\/\/secure.gravatar.com\/avatar\/99e38dea1727d397df18aced5ac6840012bb7f24c8570dcfafabb73086aed88c?s=96&d=mm&r=g","contentUrl":"https:\/\/secure.gravatar.com\/avatar\/99e38dea1727d397df18aced5ac6840012bb7f24c8570dcfafabb73086aed88c?s=96&d=mm&r=g","caption":"PuertoCdelU"},"url":"https:\/\/www.puertocdelu.com.ar\/index.php\/author\/hectordelos1\/"}]}},"_links":{"self":[{"href":"https:\/\/www.puertocdelu.com.ar\/index.php\/wp-json\/wp\/v2\/posts\/2185","targetHints":{"allow":["GET"]}}],"collection":[{"href":"https:\/\/www.puertocdelu.com.ar\/index.php\/wp-json\/wp\/v2\/posts"}],"about":[{"href":"https:\/\/www.puertocdelu.com.ar\/index.php\/wp-json\/wp\/v2\/types\/post"}],"author":[{"embeddable":true,"href":"https:\/\/www.puertocdelu.com.ar\/index.php\/wp-json\/wp\/v2\/users\/1"}],"replies":[{"embeddable":true,"href":"https:\/\/www.puertocdelu.com.ar\/index.php\/wp-json\/wp\/v2\/comments?post=2185"}],"version-history":[{"count":2,"href":"https:\/\/www.puertocdelu.com.ar\/index.php\/wp-json\/wp\/v2\/posts\/2185\/revisions"}],"predecessor-version":[{"id":2190,"href":"https:\/\/www.puertocdelu.com.ar\/index.php\/wp-json\/wp\/v2\/posts\/2185\/revisions\/2190"}],"wp:featuredmedia":[{"embeddable":true,"href":"https:\/\/www.puertocdelu.com.ar\/index.php\/wp-json\/wp\/v2\/media\/2186"}],"wp:attachment":[{"href":"https:\/\/www.puertocdelu.com.ar\/index.php\/wp-json\/wp\/v2\/media?parent=2185"}],"wp:term":[{"taxonomy":"category","embeddable":true,"href":"https:\/\/www.puertocdelu.com.ar\/index.php\/wp-json\/wp\/v2\/categories?post=2185"},{"taxonomy":"post_tag","embeddable":true,"href":"https:\/\/www.puertocdelu.com.ar\/index.php\/wp-json\/wp\/v2\/tags?post=2185"}],"curies":[{"name":"wp","href":"https:\/\/api.w.org\/{rel}","templated":true}]}}