{"id":2195,"date":"2020-12-15T20:33:16","date_gmt":"2020-12-15T20:33:16","guid":{"rendered":"http:\/\/www.puertocdelu.com.ar\/?p=2195"},"modified":"2020-12-15T20:33:35","modified_gmt":"2020-12-15T20:33:35","slug":"el-puerto-restaura-el-edificio-de-la-antigua-aduana-para-ubicar-a-las-nuevas-empresas-exportadoras","status":"publish","type":"post","link":"https:\/\/www.puertocdelu.com.ar\/index.php\/2020\/12\/15\/el-puerto-restaura-el-edificio-de-la-antigua-aduana-para-ubicar-a-las-nuevas-empresas-exportadoras\/","title":{"rendered":"El puerto restaura el edificio de la antigua Aduana para ubicar a las nuevas empresas exportadoras"},"content":{"rendered":"<p>Desde hace varias semanas el Ente Aut\u00e1rquico Puerto Concepci\u00f3n del Uruguay est\u00e1 abocado a la restauraci\u00f3n del edificio conocido como de la Aduana Vieja, en el extremo norte del puerto, para el desarrollo de una Zona de Actividades Logisticas (ZAL), donde se ubicar\u00e1n las nuevas empresas exportadoras que se suman a la actividad portuaria.<\/p>\n<p>El mismo ser\u00e1 utilizado como centro de oficinas administrativas y de actividades log\u00edsticas, de los nuevos operadores portuarios que se est\u00e1n radicando en la ciudad para exportar desde el puerto de Concepci\u00f3n del Uruguay.<\/p>\n<p>El presidente del Ente Portuario local, Marcelo Gay Balm\u00e1z, se\u00f1al\u00f3 que \u201cel puerto sigue sumando nuevos operadores portuarios los cuales oportunamente nos solicitaron un espacio f\u00edsico dentro del predio portuario en cercan\u00edas de los muelles donde trabajar\u00e1n. Ya contamos con la empresa exportadora Urcel Argentina que tiene espacios alquilados dentro del puerto para su labor administrativa, ahora se sumar\u00e1 la empresa TGL Uruguay que tambi\u00e9n necesita de un lugar f\u00edsico para su funcionamiento ZAL, y hay dos empresas m\u00e1s a punto de firmar contrato, es por eso que estamos adecuando las dependencias de la Aduana Vieja, que es propiedad del Ente Portuario, para dar lugar a varias oficinas para las operaciones de carga y de log\u00edstica, que son muy necesarias para que el puerto siga creciendo y generando m\u00e1s trabajo\u201d,<\/p>\n<p>Adem\u00e1s de un amplio sal\u00f3n de reuniones, el lugar dispone de diferentes dependencias que servir\u00e1n para que cada empresa disponga del lugar necesario para desarrollar sus tareas.<\/p>\n<p><a href=\"https:\/\/www.puertocdelu.com.ar\/wp-content\/uploads\/2020\/12\/IMG_4128.jpg\"><img loading=\"lazy\" decoding=\"async\" class=\"aligncenter size-full wp-image-2197\" src=\"https:\/\/www.puertocdelu.com.ar\/wp-content\/uploads\/2020\/12\/IMG_4128.jpg\" alt=\"\" width=\"900\" height=\"675\" srcset=\"https:\/\/www.puertocdelu.com.ar\/wp-content\/uploads\/2020\/12\/IMG_4128.jpg 900w, https:\/\/www.puertocdelu.com.ar\/wp-content\/uploads\/2020\/12\/IMG_4128-300x225.jpg 300w, https:\/\/www.puertocdelu.com.ar\/wp-content\/uploads\/2020\/12\/IMG_4128-768x576.jpg 768w, https:\/\/www.puertocdelu.com.ar\/wp-content\/uploads\/2020\/12\/IMG_4128-696x522.jpg 696w, https:\/\/www.puertocdelu.com.ar\/wp-content\/uploads\/2020\/12\/IMG_4128-560x420.jpg 560w, https:\/\/www.puertocdelu.com.ar\/wp-content\/uploads\/2020\/12\/IMG_4128-80x60.jpg 80w, https:\/\/www.puertocdelu.com.ar\/wp-content\/uploads\/2020\/12\/IMG_4128-265x198.jpg 265w\" sizes=\"auto, (max-width: 900px) 100vw, 900px\" \/><\/a><\/p>\n<p>Seg\u00fan detall\u00f3 Gay Balm\u00e1z, ya se avanz\u00f3 en los trabajos de pintura y reacondicionamiento del sistema el\u00e9ctrico, como as\u00ed tambi\u00e9n en la recuperaci\u00f3n de los pisos y de las paredes que han sido seriamente afectadas por las crecientes que cubren toda la zona de muelles y alcanzan los niveles inferiores de este espacio.<\/p>\n<p>El se\u00f1orial edificio est\u00e1 ubicado sobre la Avenida Spiro, a la altura de calle Belgrano y a espaldas del r\u00edo Uruguay. Se trata de una construcci\u00f3n terminada a mediados de la d\u00e9cada de 1920, apenas algunos a\u00f1os despu\u00e9s de finalizada la construcci\u00f3n del muelle de alto nivel que data del a\u00f1o 1919. All\u00ed funcion\u00f3, inicialmente, la llamada Estaci\u00f3n Fluvial, y luego pasaron por all\u00ed varias dependencias vinculadas a la actividad portuaria. Durante algunos a\u00f1os, tambi\u00e9n fue sede de la Sala Evocativa de la Rivera, una exposici\u00f3n de objetos vinculados al puerto y a la n\u00e1utica, que hoy est\u00e1 ubicada en una de las torres del portal de ingreso a la Isla del Puerto.<\/p>\n","protected":false},"excerpt":{"rendered":"<p>Desde hace varias semanas el Ente Aut\u00e1rquico Puerto Concepci\u00f3n del Uruguay est\u00e1 abocado a la restauraci\u00f3n del edificio conocido como de la Aduana Vieja, en el extremo norte del puerto, para el desarrollo de una Zona de Actividades Logisticas (ZAL), donde se ubicar\u00e1n las nuevas empresas exportadoras que se suman a la actividad portuaria. El [&hellip;]<\/p>\n","protected":false},"author":1,"featured_media":2196,"comment_status":"open","ping_status":"open","sticky":false,"template":"","format":"standard","meta":{"footnotes":""},"categories":[81],"tags":[],"class_list":{"0":"post-2195","1":"post","2":"type-post","3":"status-publish","4":"format-standard","5":"has-post-thumbnail","7":"category-noticias"},"yoast_head":"<!-- This site is optimized with the Yoast SEO plugin v27.4 - https:\/\/yoast.com\/product\/yoast-seo-wordpress\/ -->\n<title>El puerto restaura el edificio de la antigua Aduana para ubicar a las nuevas empresas exportadoras - Puerto de Concepci\u00f3n del Uruguay<\/title>\n<meta name=\"robots\" content=\"index, follow, max-snippet:-1, max-image-preview:large, max-video-preview:-1\" \/>\n<link rel=\"canonical\" href=\"https:\/\/www.puertocdelu.com.ar\/index.php\/2020\/12\/15\/el-puerto-restaura-el-edificio-de-la-antigua-aduana-para-ubicar-a-las-nuevas-empresas-exportadoras\/\" \/>\n<meta property=\"og:locale\" content=\"es_ES\" \/>\n<meta property=\"og:type\" content=\"article\" \/>\n<meta property=\"og:title\" content=\"El puerto restaura el edificio de la antigua Aduana para ubicar a las nuevas empresas exportadoras - Puerto de Concepci\u00f3n del Uruguay\" \/>\n<meta property=\"og:description\" content=\"Desde hace varias semanas el Ente Aut\u00e1rquico Puerto Concepci\u00f3n del Uruguay est\u00e1 abocado a la restauraci\u00f3n del edificio conocido como de la Aduana Vieja, en el extremo norte del puerto, para el desarrollo de una Zona de Actividades Logisticas (ZAL), donde se ubicar\u00e1n las nuevas empresas exportadoras que se suman a la actividad portuaria. El [&hellip;]\" \/>\n<meta property=\"og:url\" content=\"https:\/\/www.puertocdelu.com.ar\/index.php\/2020\/12\/15\/el-puerto-restaura-el-edificio-de-la-antigua-aduana-para-ubicar-a-las-nuevas-empresas-exportadoras\/\" \/>\n<meta property=\"og:site_name\" content=\"Puerto de Concepci\u00f3n del Uruguay\" \/>\n<meta property=\"article:published_time\" content=\"2020-12-15T20:33:16+00:00\" \/>\n<meta property=\"article:modified_time\" content=\"2020-12-15T20:33:35+00:00\" \/>\n<meta property=\"og:image\" content=\"https:\/\/www.puertocdelu.com.ar\/wp-content\/uploads\/2020\/12\/IMG_4125.jpg\" \/>\n\t<meta property=\"og:image:width\" content=\"900\" \/>\n\t<meta property=\"og:image:height\" content=\"675\" \/>\n\t<meta property=\"og:image:type\" content=\"image\/jpeg\" \/>\n<meta name=\"author\" content=\"PuertoCdelU\" \/>\n<meta name=\"twitter:card\" content=\"summary_large_image\" \/>\n<meta name=\"twitter:label1\" content=\"Escrito por\" \/>\n\t<meta name=\"twitter:data1\" content=\"PuertoCdelU\" \/>\n\t<meta name=\"twitter:label2\" content=\"Tiempo de lectura\" \/>\n\t<meta name=\"twitter:data2\" content=\"2 minutos\" \/>\n<script type=\"application\/ld+json\" class=\"yoast-schema-graph\">{\"@context\":\"https:\\\/\\\/schema.org\",\"@graph\":[{\"@type\":\"Article\",\"@id\":\"https:\\\/\\\/www.puertocdelu.com.ar\\\/index.php\\\/2020\\\/12\\\/15\\\/el-puerto-restaura-el-edificio-de-la-antigua-aduana-para-ubicar-a-las-nuevas-empresas-exportadoras\\\/#article\",\"isPartOf\":{\"@id\":\"https:\\\/\\\/www.puertocdelu.com.ar\\\/index.php\\\/2020\\\/12\\\/15\\\/el-puerto-restaura-el-edificio-de-la-antigua-aduana-para-ubicar-a-las-nuevas-empresas-exportadoras\\\/\"},\"author\":{\"name\":\"PuertoCdelU\",\"@id\":\"https:\\\/\\\/www.puertocdelu.com.ar\\\/#\\\/schema\\\/person\\\/9d258b923b29bd5f47ca80d9c8cd72d1\"},\"headline\":\"El puerto restaura el edificio de la antigua Aduana para ubicar a las nuevas empresas exportadoras\",\"datePublished\":\"2020-12-15T20:33:16+00:00\",\"dateModified\":\"2020-12-15T20:33:35+00:00\",\"mainEntityOfPage\":{\"@id\":\"https:\\\/\\\/www.puertocdelu.com.ar\\\/index.php\\\/2020\\\/12\\\/15\\\/el-puerto-restaura-el-edificio-de-la-antigua-aduana-para-ubicar-a-las-nuevas-empresas-exportadoras\\\/\"},\"wordCount\":463,\"commentCount\":0,\"image\":{\"@id\":\"https:\\\/\\\/www.puertocdelu.com.ar\\\/index.php\\\/2020\\\/12\\\/15\\\/el-puerto-restaura-el-edificio-de-la-antigua-aduana-para-ubicar-a-las-nuevas-empresas-exportadoras\\\/#primaryimage\"},\"thumbnailUrl\":\"https:\\\/\\\/www.puertocdelu.com.ar\\\/wp-content\\\/uploads\\\/2020\\\/12\\\/IMG_4125.jpg\",\"articleSection\":[\"Noticias\"],\"inLanguage\":\"es\",\"potentialAction\":[{\"@type\":\"CommentAction\",\"name\":\"Comment\",\"target\":[\"https:\\\/\\\/www.puertocdelu.com.ar\\\/index.php\\\/2020\\\/12\\\/15\\\/el-puerto-restaura-el-edificio-de-la-antigua-aduana-para-ubicar-a-las-nuevas-empresas-exportadoras\\\/#respond\"]}]},{\"@type\":\"WebPage\",\"@id\":\"https:\\\/\\\/www.puertocdelu.com.ar\\\/index.php\\\/2020\\\/12\\\/15\\\/el-puerto-restaura-el-edificio-de-la-antigua-aduana-para-ubicar-a-las-nuevas-empresas-exportadoras\\\/\",\"url\":\"https:\\\/\\\/www.puertocdelu.com.ar\\\/index.php\\\/2020\\\/12\\\/15\\\/el-puerto-restaura-el-edificio-de-la-antigua-aduana-para-ubicar-a-las-nuevas-empresas-exportadoras\\\/\",\"name\":\"El puerto restaura el edificio de la antigua Aduana para ubicar a las nuevas empresas exportadoras - Puerto de Concepci\u00f3n del Uruguay\",\"isPartOf\":{\"@id\":\"https:\\\/\\\/www.puertocdelu.com.ar\\\/#website\"},\"primaryImageOfPage\":{\"@id\":\"https:\\\/\\\/www.puertocdelu.com.ar\\\/index.php\\\/2020\\\/12\\\/15\\\/el-puerto-restaura-el-edificio-de-la-antigua-aduana-para-ubicar-a-las-nuevas-empresas-exportadoras\\\/#primaryimage\"},\"image\":{\"@id\":\"https:\\\/\\\/www.puertocdelu.com.ar\\\/index.php\\\/2020\\\/12\\\/15\\\/el-puerto-restaura-el-edificio-de-la-antigua-aduana-para-ubicar-a-las-nuevas-empresas-exportadoras\\\/#primaryimage\"},\"thumbnailUrl\":\"https:\\\/\\\/www.puertocdelu.com.ar\\\/wp-content\\\/uploads\\\/2020\\\/12\\\/IMG_4125.jpg\",\"datePublished\":\"2020-12-15T20:33:16+00:00\",\"dateModified\":\"2020-12-15T20:33:35+00:00\",\"author\":{\"@id\":\"https:\\\/\\\/www.puertocdelu.com.ar\\\/#\\\/schema\\\/person\\\/9d258b923b29bd5f47ca80d9c8cd72d1\"},\"breadcrumb\":{\"@id\":\"https:\\\/\\\/www.puertocdelu.com.ar\\\/index.php\\\/2020\\\/12\\\/15\\\/el-puerto-restaura-el-edificio-de-la-antigua-aduana-para-ubicar-a-las-nuevas-empresas-exportadoras\\\/#breadcrumb\"},\"inLanguage\":\"es\",\"potentialAction\":[{\"@type\":\"ReadAction\",\"target\":[\"https:\\\/\\\/www.puertocdelu.com.ar\\\/index.php\\\/2020\\\/12\\\/15\\\/el-puerto-restaura-el-edificio-de-la-antigua-aduana-para-ubicar-a-las-nuevas-empresas-exportadoras\\\/\"]}]},{\"@type\":\"ImageObject\",\"inLanguage\":\"es\",\"@id\":\"https:\\\/\\\/www.puertocdelu.com.ar\\\/index.php\\\/2020\\\/12\\\/15\\\/el-puerto-restaura-el-edificio-de-la-antigua-aduana-para-ubicar-a-las-nuevas-empresas-exportadoras\\\/#primaryimage\",\"url\":\"https:\\\/\\\/www.puertocdelu.com.ar\\\/wp-content\\\/uploads\\\/2020\\\/12\\\/IMG_4125.jpg\",\"contentUrl\":\"https:\\\/\\\/www.puertocdelu.com.ar\\\/wp-content\\\/uploads\\\/2020\\\/12\\\/IMG_4125.jpg\",\"width\":900,\"height\":675},{\"@type\":\"BreadcrumbList\",\"@id\":\"https:\\\/\\\/www.puertocdelu.com.ar\\\/index.php\\\/2020\\\/12\\\/15\\\/el-puerto-restaura-el-edificio-de-la-antigua-aduana-para-ubicar-a-las-nuevas-empresas-exportadoras\\\/#breadcrumb\",\"itemListElement\":[{\"@type\":\"ListItem\",\"position\":1,\"name\":\"Portada\",\"item\":\"https:\\\/\\\/www.puertocdelu.com.ar\\\/\"},{\"@type\":\"ListItem\",\"position\":2,\"name\":\"El puerto restaura el edificio de la antigua Aduana para ubicar a las nuevas empresas exportadoras\"}]},{\"@type\":\"WebSite\",\"@id\":\"https:\\\/\\\/www.puertocdelu.com.ar\\\/#website\",\"url\":\"https:\\\/\\\/www.puertocdelu.com.ar\\\/\",\"name\":\"Puerto de Concepci\u00f3n del Uruguay\",\"description\":\"\",\"potentialAction\":[{\"@type\":\"SearchAction\",\"target\":{\"@type\":\"EntryPoint\",\"urlTemplate\":\"https:\\\/\\\/www.puertocdelu.com.ar\\\/?s={search_term_string}\"},\"query-input\":{\"@type\":\"PropertyValueSpecification\",\"valueRequired\":true,\"valueName\":\"search_term_string\"}}],\"inLanguage\":\"es\"},{\"@type\":\"Person\",\"@id\":\"https:\\\/\\\/www.puertocdelu.com.ar\\\/#\\\/schema\\\/person\\\/9d258b923b29bd5f47ca80d9c8cd72d1\",\"name\":\"PuertoCdelU\",\"image\":{\"@type\":\"ImageObject\",\"inLanguage\":\"es\",\"@id\":\"https:\\\/\\\/secure.gravatar.com\\\/avatar\\\/99e38dea1727d397df18aced5ac6840012bb7f24c8570dcfafabb73086aed88c?s=96&d=mm&r=g\",\"url\":\"https:\\\/\\\/secure.gravatar.com\\\/avatar\\\/99e38dea1727d397df18aced5ac6840012bb7f24c8570dcfafabb73086aed88c?s=96&d=mm&r=g\",\"contentUrl\":\"https:\\\/\\\/secure.gravatar.com\\\/avatar\\\/99e38dea1727d397df18aced5ac6840012bb7f24c8570dcfafabb73086aed88c?s=96&d=mm&r=g\",\"caption\":\"PuertoCdelU\"},\"url\":\"https:\\\/\\\/www.puertocdelu.com.ar\\\/index.php\\\/author\\\/hectordelos1\\\/\"}]}<\/script>\n<!-- \/ Yoast SEO plugin. -->","yoast_head_json":{"title":"El puerto restaura el edificio de la antigua Aduana para ubicar a las nuevas empresas exportadoras - Puerto de Concepci\u00f3n del Uruguay","robots":{"index":"index","follow":"follow","max-snippet":"max-snippet:-1","max-image-preview":"max-image-preview:large","max-video-preview":"max-video-preview:-1"},"canonical":"https:\/\/www.puertocdelu.com.ar\/index.php\/2020\/12\/15\/el-puerto-restaura-el-edificio-de-la-antigua-aduana-para-ubicar-a-las-nuevas-empresas-exportadoras\/","og_locale":"es_ES","og_type":"article","og_title":"El puerto restaura el edificio de la antigua Aduana para ubicar a las nuevas empresas exportadoras - Puerto de Concepci\u00f3n del Uruguay","og_description":"Desde hace varias semanas el Ente Aut\u00e1rquico Puerto Concepci\u00f3n del Uruguay est\u00e1 abocado a la restauraci\u00f3n del edificio conocido como de la Aduana Vieja, en el extremo norte del puerto, para el desarrollo de una Zona de Actividades Logisticas (ZAL), donde se ubicar\u00e1n las nuevas empresas exportadoras que se suman a la actividad portuaria. El [&hellip;]","og_url":"https:\/\/www.puertocdelu.com.ar\/index.php\/2020\/12\/15\/el-puerto-restaura-el-edificio-de-la-antigua-aduana-para-ubicar-a-las-nuevas-empresas-exportadoras\/","og_site_name":"Puerto de Concepci\u00f3n del Uruguay","article_published_time":"2020-12-15T20:33:16+00:00","article_modified_time":"2020-12-15T20:33:35+00:00","og_image":[{"width":900,"height":675,"url":"https:\/\/www.puertocdelu.com.ar\/wp-content\/uploads\/2020\/12\/IMG_4125.jpg","type":"image\/jpeg"}],"author":"PuertoCdelU","twitter_card":"summary_large_image","twitter_misc":{"Escrito por":"PuertoCdelU","Tiempo de lectura":"2 minutos"},"schema":{"@context":"https:\/\/schema.org","@graph":[{"@type":"Article","@id":"https:\/\/www.puertocdelu.com.ar\/index.php\/2020\/12\/15\/el-puerto-restaura-el-edificio-de-la-antigua-aduana-para-ubicar-a-las-nuevas-empresas-exportadoras\/#article","isPartOf":{"@id":"https:\/\/www.puertocdelu.com.ar\/index.php\/2020\/12\/15\/el-puerto-restaura-el-edificio-de-la-antigua-aduana-para-ubicar-a-las-nuevas-empresas-exportadoras\/"},"author":{"name":"PuertoCdelU","@id":"https:\/\/www.puertocdelu.com.ar\/#\/schema\/person\/9d258b923b29bd5f47ca80d9c8cd72d1"},"headline":"El puerto restaura el edificio de la antigua Aduana para ubicar a las nuevas empresas exportadoras","datePublished":"2020-12-15T20:33:16+00:00","dateModified":"2020-12-15T20:33:35+00:00","mainEntityOfPage":{"@id":"https:\/\/www.puertocdelu.com.ar\/index.php\/2020\/12\/15\/el-puerto-restaura-el-edificio-de-la-antigua-aduana-para-ubicar-a-las-nuevas-empresas-exportadoras\/"},"wordCount":463,"commentCount":0,"image":{"@id":"https:\/\/www.puertocdelu.com.ar\/index.php\/2020\/12\/15\/el-puerto-restaura-el-edificio-de-la-antigua-aduana-para-ubicar-a-las-nuevas-empresas-exportadoras\/#primaryimage"},"thumbnailUrl":"https:\/\/www.puertocdelu.com.ar\/wp-content\/uploads\/2020\/12\/IMG_4125.jpg","articleSection":["Noticias"],"inLanguage":"es","potentialAction":[{"@type":"CommentAction","name":"Comment","target":["https:\/\/www.puertocdelu.com.ar\/index.php\/2020\/12\/15\/el-puerto-restaura-el-edificio-de-la-antigua-aduana-para-ubicar-a-las-nuevas-empresas-exportadoras\/#respond"]}]},{"@type":"WebPage","@id":"https:\/\/www.puertocdelu.com.ar\/index.php\/2020\/12\/15\/el-puerto-restaura-el-edificio-de-la-antigua-aduana-para-ubicar-a-las-nuevas-empresas-exportadoras\/","url":"https:\/\/www.puertocdelu.com.ar\/index.php\/2020\/12\/15\/el-puerto-restaura-el-edificio-de-la-antigua-aduana-para-ubicar-a-las-nuevas-empresas-exportadoras\/","name":"El puerto restaura el edificio de la antigua Aduana para ubicar a las nuevas empresas exportadoras - Puerto de Concepci\u00f3n del Uruguay","isPartOf":{"@id":"https:\/\/www.puertocdelu.com.ar\/#website"},"primaryImageOfPage":{"@id":"https:\/\/www.puertocdelu.com.ar\/index.php\/2020\/12\/15\/el-puerto-restaura-el-edificio-de-la-antigua-aduana-para-ubicar-a-las-nuevas-empresas-exportadoras\/#primaryimage"},"image":{"@id":"https:\/\/www.puertocdelu.com.ar\/index.php\/2020\/12\/15\/el-puerto-restaura-el-edificio-de-la-antigua-aduana-para-ubicar-a-las-nuevas-empresas-exportadoras\/#primaryimage"},"thumbnailUrl":"https:\/\/www.puertocdelu.com.ar\/wp-content\/uploads\/2020\/12\/IMG_4125.jpg","datePublished":"2020-12-15T20:33:16+00:00","dateModified":"2020-12-15T20:33:35+00:00","author":{"@id":"https:\/\/www.puertocdelu.com.ar\/#\/schema\/person\/9d258b923b29bd5f47ca80d9c8cd72d1"},"breadcrumb":{"@id":"https:\/\/www.puertocdelu.com.ar\/index.php\/2020\/12\/15\/el-puerto-restaura-el-edificio-de-la-antigua-aduana-para-ubicar-a-las-nuevas-empresas-exportadoras\/#breadcrumb"},"inLanguage":"es","potentialAction":[{"@type":"ReadAction","target":["https:\/\/www.puertocdelu.com.ar\/index.php\/2020\/12\/15\/el-puerto-restaura-el-edificio-de-la-antigua-aduana-para-ubicar-a-las-nuevas-empresas-exportadoras\/"]}]},{"@type":"ImageObject","inLanguage":"es","@id":"https:\/\/www.puertocdelu.com.ar\/index.php\/2020\/12\/15\/el-puerto-restaura-el-edificio-de-la-antigua-aduana-para-ubicar-a-las-nuevas-empresas-exportadoras\/#primaryimage","url":"https:\/\/www.puertocdelu.com.ar\/wp-content\/uploads\/2020\/12\/IMG_4125.jpg","contentUrl":"https:\/\/www.puertocdelu.com.ar\/wp-content\/uploads\/2020\/12\/IMG_4125.jpg","width":900,"height":675},{"@type":"BreadcrumbList","@id":"https:\/\/www.puertocdelu.com.ar\/index.php\/2020\/12\/15\/el-puerto-restaura-el-edificio-de-la-antigua-aduana-para-ubicar-a-las-nuevas-empresas-exportadoras\/#breadcrumb","itemListElement":[{"@type":"ListItem","position":1,"name":"Portada","item":"https:\/\/www.puertocdelu.com.ar\/"},{"@type":"ListItem","position":2,"name":"El puerto restaura el edificio de la antigua Aduana para ubicar a las nuevas empresas exportadoras"}]},{"@type":"WebSite","@id":"https:\/\/www.puertocdelu.com.ar\/#website","url":"https:\/\/www.puertocdelu.com.ar\/","name":"Puerto de Concepci\u00f3n del Uruguay","description":"","potentialAction":[{"@type":"SearchAction","target":{"@type":"EntryPoint","urlTemplate":"https:\/\/www.puertocdelu.com.ar\/?s={search_term_string}"},"query-input":{"@type":"PropertyValueSpecification","valueRequired":true,"valueName":"search_term_string"}}],"inLanguage":"es"},{"@type":"Person","@id":"https:\/\/www.puertocdelu.com.ar\/#\/schema\/person\/9d258b923b29bd5f47ca80d9c8cd72d1","name":"PuertoCdelU","image":{"@type":"ImageObject","inLanguage":"es","@id":"https:\/\/secure.gravatar.com\/avatar\/99e38dea1727d397df18aced5ac6840012bb7f24c8570dcfafabb73086aed88c?s=96&d=mm&r=g","url":"https:\/\/secure.gravatar.com\/avatar\/99e38dea1727d397df18aced5ac6840012bb7f24c8570dcfafabb73086aed88c?s=96&d=mm&r=g","contentUrl":"https:\/\/secure.gravatar.com\/avatar\/99e38dea1727d397df18aced5ac6840012bb7f24c8570dcfafabb73086aed88c?s=96&d=mm&r=g","caption":"PuertoCdelU"},"url":"https:\/\/www.puertocdelu.com.ar\/index.php\/author\/hectordelos1\/"}]}},"_links":{"self":[{"href":"https:\/\/www.puertocdelu.com.ar\/index.php\/wp-json\/wp\/v2\/posts\/2195","targetHints":{"allow":["GET"]}}],"collection":[{"href":"https:\/\/www.puertocdelu.com.ar\/index.php\/wp-json\/wp\/v2\/posts"}],"about":[{"href":"https:\/\/www.puertocdelu.com.ar\/index.php\/wp-json\/wp\/v2\/types\/post"}],"author":[{"embeddable":true,"href":"https:\/\/www.puertocdelu.com.ar\/index.php\/wp-json\/wp\/v2\/users\/1"}],"replies":[{"embeddable":true,"href":"https:\/\/www.puertocdelu.com.ar\/index.php\/wp-json\/wp\/v2\/comments?post=2195"}],"version-history":[{"count":1,"href":"https:\/\/www.puertocdelu.com.ar\/index.php\/wp-json\/wp\/v2\/posts\/2195\/revisions"}],"predecessor-version":[{"id":2198,"href":"https:\/\/www.puertocdelu.com.ar\/index.php\/wp-json\/wp\/v2\/posts\/2195\/revisions\/2198"}],"wp:featuredmedia":[{"embeddable":true,"href":"https:\/\/www.puertocdelu.com.ar\/index.php\/wp-json\/wp\/v2\/media\/2196"}],"wp:attachment":[{"href":"https:\/\/www.puertocdelu.com.ar\/index.php\/wp-json\/wp\/v2\/media?parent=2195"}],"wp:term":[{"taxonomy":"category","embeddable":true,"href":"https:\/\/www.puertocdelu.com.ar\/index.php\/wp-json\/wp\/v2\/categories?post=2195"},{"taxonomy":"post_tag","embeddable":true,"href":"https:\/\/www.puertocdelu.com.ar\/index.php\/wp-json\/wp\/v2\/tags?post=2195"}],"curies":[{"name":"wp","href":"https:\/\/api.w.org\/{rel}","templated":true}]}}