{"id":2233,"date":"2021-03-22T00:25:20","date_gmt":"2021-03-22T00:25:20","guid":{"rendered":"http:\/\/www.puertocdelu.com.ar\/?p=2233"},"modified":"2021-03-22T00:25:20","modified_gmt":"2021-03-22T00:25:20","slug":"el-puerto-de-concepcion-del-uruguay-suma-tecnologia-y-competitividad","status":"publish","type":"post","link":"https:\/\/www.puertocdelu.com.ar\/index.php\/2021\/03\/22\/el-puerto-de-concepcion-del-uruguay-suma-tecnologia-y-competitividad\/","title":{"rendered":"El puerto de Concepci\u00f3n del Uruguay suma tecnolog\u00eda y competitividad"},"content":{"rendered":"<p>A trav\u00e9s de un convenio suscripto entre el Instituto Portuario Provincial de Entre R\u00edos (IPPER), y la empresa Enersa S.A., los puertos entrerrianos suman agilidad y confiabilidad en sus operaciones a trav\u00e9s de la instalaci\u00f3n una nueva red de fibra \u00f3ptica que permite una interconectividad plena de alta velocidad en todas sus terminales.<\/p>\n<p>El Presidente del IPPER, Carlos Schepens, junto al Presidente de Enersa, Jorge Gonz\u00e1lez, suscribieron un convenio en la sede del Ente Aut\u00e1rquico Puerto Concepci\u00f3n del Uruguay, donde se formaliz\u00f3 la incorporaci\u00f3n de estas nuevas tecnolog\u00edas de comunicaci\u00f3n en los puertos de la provincia de Entre R\u00edos. Su instalaci\u00f3n demand\u00f3 un tiempo r\u00e9cord de 90 d\u00edas en los que se realiz\u00f3 el tendido de fibra \u00f3ptica, la interconexi\u00f3n de todas las dependencias del puerto, todas las pruebas t\u00e9cnicas, y finalmente la puesta en marcha del sistema.<\/p>\n<p>Carlos Schepens destac\u00f3 que \u201cestamos dejando atr\u00e1s puertos dise\u00f1ados en el Siglo XIX para meternos de lleno en el Siglo XXI, donde las telecomunicaciones son la base del comercio global y donde todo es monitoreado en tiempo real desde cualquier punto del mundo. Con esta tecnolog\u00eda nos estamos equiparando a los mejores puertos de la regi\u00f3n para poder pelear las cargas en igualdad de condiciones\u201d, remarc\u00f3.<\/p>\n<p>En el mismo sentido, el Presidente del IPPER destac\u00f3 que \u201cun hecho central ha sido el enorme valor del compromiso de Enersa para con esta obra, Jorge Gonz\u00e1lez se comprometi\u00f3 a hacerlo, fij\u00f3 los tiempos, y hoy ya estamos disfrutando de este beneficio. Esto tiene el valor de la palabra cumplida, pero tambi\u00e9n el respaldo del gobierno de la provincia en nuestra relaci\u00f3n con las empresas exportadoras que nos demandan este tipo de tecnolog\u00eda para competir en los diferentes mercados del mundo\u201d, indic\u00f3.<\/p>\n<p><a href=\"https:\/\/www.puertocdelu.com.ar\/wp-content\/uploads\/2021\/03\/convenio02.jpg\"><img loading=\"lazy\" decoding=\"async\" class=\"aligncenter size-full wp-image-2235\" src=\"https:\/\/www.puertocdelu.com.ar\/wp-content\/uploads\/2021\/03\/convenio02.jpg\" alt=\"\" width=\"1732\" height=\"1026\" srcset=\"https:\/\/www.puertocdelu.com.ar\/wp-content\/uploads\/2021\/03\/convenio02.jpg 1732w, https:\/\/www.puertocdelu.com.ar\/wp-content\/uploads\/2021\/03\/convenio02-300x178.jpg 300w, https:\/\/www.puertocdelu.com.ar\/wp-content\/uploads\/2021\/03\/convenio02-1024x607.jpg 1024w, https:\/\/www.puertocdelu.com.ar\/wp-content\/uploads\/2021\/03\/convenio02-768x455.jpg 768w, https:\/\/www.puertocdelu.com.ar\/wp-content\/uploads\/2021\/03\/convenio02-1536x910.jpg 1536w, https:\/\/www.puertocdelu.com.ar\/wp-content\/uploads\/2021\/03\/convenio02-696x412.jpg 696w, https:\/\/www.puertocdelu.com.ar\/wp-content\/uploads\/2021\/03\/convenio02-1068x633.jpg 1068w, https:\/\/www.puertocdelu.com.ar\/wp-content\/uploads\/2021\/03\/convenio02-709x420.jpg 709w\" sizes=\"auto, (max-width: 1732px) 100vw, 1732px\" \/><\/a><\/p>\n<p>En tanto, el presidente de Enersa, Jorge Gonz\u00e1lez, remarc\u00f3 que \u201cuno de los ejes fundamentales de la gesti\u00f3n del gobernador es la activaci\u00f3n de los puertos, y desde Enersa Telecomunicaciones estamos trabajando en Concepci\u00f3n del Uruguay e Ibicuy, y ya estamos proyectando el puerto de Diamante. Si bien hoy firmamos este acuerdo, el sistema ac\u00e1 ya est\u00e1 funcionando desde hace 60 d\u00edas. Para nosotros, es una satisfacci\u00f3n que desde una empresa del Estado como Enersa podamos brindar un servicio de calidad, como los hacemos con la energ\u00eda el\u00e9ctrica, pero esta vez de conectividad para nuestros puertos. Este sistema por fibra \u00f3ptica mejorar\u00e1 considerablemente su competitividad y su posicionamiento en los mercados nacionales e internacionales\u201d, rese\u00f1\u00f3.<\/p>\n<p>Durante la firma del convenio se cont\u00f3 tambi\u00e9n con la presencia del Presidente del Ente Puerto Concepci\u00f3n del Uruguay, Marcelo Gay Balmaz; el director de Enersa, Guillermo Gianello; el secretario general del Sindicato Luz y Fuerza Concepci\u00f3n del Uruguay, Pablo Rodr\u00edguez; el gerente de Distrito zona Este de Enersa, Andr\u00e9s Chichi; y el jefe de Comunicaciones de Enersa, Mart\u00edn Bouchet.<\/p>\n","protected":false},"excerpt":{"rendered":"<p>A trav\u00e9s de un convenio suscripto entre el Instituto Portuario Provincial de Entre R\u00edos (IPPER), y la empresa Enersa S.A., los puertos entrerrianos suman agilidad y confiabilidad en sus operaciones a trav\u00e9s de la instalaci\u00f3n una nueva red de fibra \u00f3ptica que permite una interconectividad plena de alta velocidad en todas sus terminales. El Presidente [&hellip;]<\/p>\n","protected":false},"author":1,"featured_media":2234,"comment_status":"open","ping_status":"open","sticky":false,"template":"","format":"standard","meta":{"footnotes":""},"categories":[81],"tags":[],"class_list":{"0":"post-2233","1":"post","2":"type-post","3":"status-publish","4":"format-standard","5":"has-post-thumbnail","7":"category-noticias"},"yoast_head":"<!-- This site is optimized with the Yoast SEO plugin v27.4 - https:\/\/yoast.com\/product\/yoast-seo-wordpress\/ -->\n<title>El puerto de Concepci\u00f3n del Uruguay suma tecnolog\u00eda y competitividad - Puerto de Concepci\u00f3n del Uruguay<\/title>\n<meta name=\"robots\" content=\"index, follow, max-snippet:-1, max-image-preview:large, max-video-preview:-1\" \/>\n<link rel=\"canonical\" href=\"https:\/\/www.puertocdelu.com.ar\/index.php\/2021\/03\/22\/el-puerto-de-concepcion-del-uruguay-suma-tecnologia-y-competitividad\/\" \/>\n<meta property=\"og:locale\" content=\"es_ES\" \/>\n<meta property=\"og:type\" content=\"article\" \/>\n<meta property=\"og:title\" content=\"El puerto de Concepci\u00f3n del Uruguay suma tecnolog\u00eda y competitividad - Puerto de Concepci\u00f3n del Uruguay\" \/>\n<meta property=\"og:description\" content=\"A trav\u00e9s de un convenio suscripto entre el Instituto Portuario Provincial de Entre R\u00edos (IPPER), y la empresa Enersa S.A., los puertos entrerrianos suman agilidad y confiabilidad en sus operaciones a trav\u00e9s de la instalaci\u00f3n una nueva red de fibra \u00f3ptica que permite una interconectividad plena de alta velocidad en todas sus terminales. El Presidente [&hellip;]\" \/>\n<meta property=\"og:url\" content=\"https:\/\/www.puertocdelu.com.ar\/index.php\/2021\/03\/22\/el-puerto-de-concepcion-del-uruguay-suma-tecnologia-y-competitividad\/\" \/>\n<meta property=\"og:site_name\" content=\"Puerto de Concepci\u00f3n del Uruguay\" \/>\n<meta property=\"article:published_time\" content=\"2021-03-22T00:25:20+00:00\" \/>\n<meta property=\"og:image\" content=\"https:\/\/www.puertocdelu.com.ar\/wp-content\/uploads\/2021\/03\/convenio01.jpg\" \/>\n\t<meta property=\"og:image:width\" content=\"1516\" \/>\n\t<meta property=\"og:image:height\" content=\"820\" \/>\n\t<meta property=\"og:image:type\" content=\"image\/jpeg\" \/>\n<meta name=\"author\" content=\"PuertoCdelU\" \/>\n<meta name=\"twitter:card\" content=\"summary_large_image\" \/>\n<meta name=\"twitter:label1\" content=\"Escrito por\" \/>\n\t<meta name=\"twitter:data1\" content=\"PuertoCdelU\" \/>\n\t<meta name=\"twitter:label2\" content=\"Tiempo de lectura\" \/>\n\t<meta name=\"twitter:data2\" content=\"2 minutos\" \/>\n<script type=\"application\/ld+json\" class=\"yoast-schema-graph\">{\"@context\":\"https:\\\/\\\/schema.org\",\"@graph\":[{\"@type\":\"Article\",\"@id\":\"https:\\\/\\\/www.puertocdelu.com.ar\\\/index.php\\\/2021\\\/03\\\/22\\\/el-puerto-de-concepcion-del-uruguay-suma-tecnologia-y-competitividad\\\/#article\",\"isPartOf\":{\"@id\":\"https:\\\/\\\/www.puertocdelu.com.ar\\\/index.php\\\/2021\\\/03\\\/22\\\/el-puerto-de-concepcion-del-uruguay-suma-tecnologia-y-competitividad\\\/\"},\"author\":{\"name\":\"PuertoCdelU\",\"@id\":\"https:\\\/\\\/www.puertocdelu.com.ar\\\/#\\\/schema\\\/person\\\/9d258b923b29bd5f47ca80d9c8cd72d1\"},\"headline\":\"El puerto de Concepci\u00f3n del Uruguay suma tecnolog\u00eda y competitividad\",\"datePublished\":\"2021-03-22T00:25:20+00:00\",\"mainEntityOfPage\":{\"@id\":\"https:\\\/\\\/www.puertocdelu.com.ar\\\/index.php\\\/2021\\\/03\\\/22\\\/el-puerto-de-concepcion-del-uruguay-suma-tecnologia-y-competitividad\\\/\"},\"wordCount\":511,\"commentCount\":0,\"image\":{\"@id\":\"https:\\\/\\\/www.puertocdelu.com.ar\\\/index.php\\\/2021\\\/03\\\/22\\\/el-puerto-de-concepcion-del-uruguay-suma-tecnologia-y-competitividad\\\/#primaryimage\"},\"thumbnailUrl\":\"https:\\\/\\\/www.puertocdelu.com.ar\\\/wp-content\\\/uploads\\\/2021\\\/03\\\/convenio01.jpg\",\"articleSection\":[\"Noticias\"],\"inLanguage\":\"es\",\"potentialAction\":[{\"@type\":\"CommentAction\",\"name\":\"Comment\",\"target\":[\"https:\\\/\\\/www.puertocdelu.com.ar\\\/index.php\\\/2021\\\/03\\\/22\\\/el-puerto-de-concepcion-del-uruguay-suma-tecnologia-y-competitividad\\\/#respond\"]}]},{\"@type\":\"WebPage\",\"@id\":\"https:\\\/\\\/www.puertocdelu.com.ar\\\/index.php\\\/2021\\\/03\\\/22\\\/el-puerto-de-concepcion-del-uruguay-suma-tecnologia-y-competitividad\\\/\",\"url\":\"https:\\\/\\\/www.puertocdelu.com.ar\\\/index.php\\\/2021\\\/03\\\/22\\\/el-puerto-de-concepcion-del-uruguay-suma-tecnologia-y-competitividad\\\/\",\"name\":\"El puerto de Concepci\u00f3n del Uruguay suma tecnolog\u00eda y competitividad - Puerto de Concepci\u00f3n del Uruguay\",\"isPartOf\":{\"@id\":\"https:\\\/\\\/www.puertocdelu.com.ar\\\/#website\"},\"primaryImageOfPage\":{\"@id\":\"https:\\\/\\\/www.puertocdelu.com.ar\\\/index.php\\\/2021\\\/03\\\/22\\\/el-puerto-de-concepcion-del-uruguay-suma-tecnologia-y-competitividad\\\/#primaryimage\"},\"image\":{\"@id\":\"https:\\\/\\\/www.puertocdelu.com.ar\\\/index.php\\\/2021\\\/03\\\/22\\\/el-puerto-de-concepcion-del-uruguay-suma-tecnologia-y-competitividad\\\/#primaryimage\"},\"thumbnailUrl\":\"https:\\\/\\\/www.puertocdelu.com.ar\\\/wp-content\\\/uploads\\\/2021\\\/03\\\/convenio01.jpg\",\"datePublished\":\"2021-03-22T00:25:20+00:00\",\"author\":{\"@id\":\"https:\\\/\\\/www.puertocdelu.com.ar\\\/#\\\/schema\\\/person\\\/9d258b923b29bd5f47ca80d9c8cd72d1\"},\"breadcrumb\":{\"@id\":\"https:\\\/\\\/www.puertocdelu.com.ar\\\/index.php\\\/2021\\\/03\\\/22\\\/el-puerto-de-concepcion-del-uruguay-suma-tecnologia-y-competitividad\\\/#breadcrumb\"},\"inLanguage\":\"es\",\"potentialAction\":[{\"@type\":\"ReadAction\",\"target\":[\"https:\\\/\\\/www.puertocdelu.com.ar\\\/index.php\\\/2021\\\/03\\\/22\\\/el-puerto-de-concepcion-del-uruguay-suma-tecnologia-y-competitividad\\\/\"]}]},{\"@type\":\"ImageObject\",\"inLanguage\":\"es\",\"@id\":\"https:\\\/\\\/www.puertocdelu.com.ar\\\/index.php\\\/2021\\\/03\\\/22\\\/el-puerto-de-concepcion-del-uruguay-suma-tecnologia-y-competitividad\\\/#primaryimage\",\"url\":\"https:\\\/\\\/www.puertocdelu.com.ar\\\/wp-content\\\/uploads\\\/2021\\\/03\\\/convenio01.jpg\",\"contentUrl\":\"https:\\\/\\\/www.puertocdelu.com.ar\\\/wp-content\\\/uploads\\\/2021\\\/03\\\/convenio01.jpg\",\"width\":1516,\"height\":820},{\"@type\":\"BreadcrumbList\",\"@id\":\"https:\\\/\\\/www.puertocdelu.com.ar\\\/index.php\\\/2021\\\/03\\\/22\\\/el-puerto-de-concepcion-del-uruguay-suma-tecnologia-y-competitividad\\\/#breadcrumb\",\"itemListElement\":[{\"@type\":\"ListItem\",\"position\":1,\"name\":\"Portada\",\"item\":\"https:\\\/\\\/www.puertocdelu.com.ar\\\/\"},{\"@type\":\"ListItem\",\"position\":2,\"name\":\"El puerto de Concepci\u00f3n del Uruguay suma tecnolog\u00eda y competitividad\"}]},{\"@type\":\"WebSite\",\"@id\":\"https:\\\/\\\/www.puertocdelu.com.ar\\\/#website\",\"url\":\"https:\\\/\\\/www.puertocdelu.com.ar\\\/\",\"name\":\"Puerto de Concepci\u00f3n del Uruguay\",\"description\":\"\",\"potentialAction\":[{\"@type\":\"SearchAction\",\"target\":{\"@type\":\"EntryPoint\",\"urlTemplate\":\"https:\\\/\\\/www.puertocdelu.com.ar\\\/?s={search_term_string}\"},\"query-input\":{\"@type\":\"PropertyValueSpecification\",\"valueRequired\":true,\"valueName\":\"search_term_string\"}}],\"inLanguage\":\"es\"},{\"@type\":\"Person\",\"@id\":\"https:\\\/\\\/www.puertocdelu.com.ar\\\/#\\\/schema\\\/person\\\/9d258b923b29bd5f47ca80d9c8cd72d1\",\"name\":\"PuertoCdelU\",\"image\":{\"@type\":\"ImageObject\",\"inLanguage\":\"es\",\"@id\":\"https:\\\/\\\/secure.gravatar.com\\\/avatar\\\/99e38dea1727d397df18aced5ac6840012bb7f24c8570dcfafabb73086aed88c?s=96&d=mm&r=g\",\"url\":\"https:\\\/\\\/secure.gravatar.com\\\/avatar\\\/99e38dea1727d397df18aced5ac6840012bb7f24c8570dcfafabb73086aed88c?s=96&d=mm&r=g\",\"contentUrl\":\"https:\\\/\\\/secure.gravatar.com\\\/avatar\\\/99e38dea1727d397df18aced5ac6840012bb7f24c8570dcfafabb73086aed88c?s=96&d=mm&r=g\",\"caption\":\"PuertoCdelU\"},\"url\":\"https:\\\/\\\/www.puertocdelu.com.ar\\\/index.php\\\/author\\\/hectordelos1\\\/\"}]}<\/script>\n<!-- \/ Yoast SEO plugin. -->","yoast_head_json":{"title":"El puerto de Concepci\u00f3n del Uruguay suma tecnolog\u00eda y competitividad - Puerto de Concepci\u00f3n del Uruguay","robots":{"index":"index","follow":"follow","max-snippet":"max-snippet:-1","max-image-preview":"max-image-preview:large","max-video-preview":"max-video-preview:-1"},"canonical":"https:\/\/www.puertocdelu.com.ar\/index.php\/2021\/03\/22\/el-puerto-de-concepcion-del-uruguay-suma-tecnologia-y-competitividad\/","og_locale":"es_ES","og_type":"article","og_title":"El puerto de Concepci\u00f3n del Uruguay suma tecnolog\u00eda y competitividad - Puerto de Concepci\u00f3n del Uruguay","og_description":"A trav\u00e9s de un convenio suscripto entre el Instituto Portuario Provincial de Entre R\u00edos (IPPER), y la empresa Enersa S.A., los puertos entrerrianos suman agilidad y confiabilidad en sus operaciones a trav\u00e9s de la instalaci\u00f3n una nueva red de fibra \u00f3ptica que permite una interconectividad plena de alta velocidad en todas sus terminales. El Presidente [&hellip;]","og_url":"https:\/\/www.puertocdelu.com.ar\/index.php\/2021\/03\/22\/el-puerto-de-concepcion-del-uruguay-suma-tecnologia-y-competitividad\/","og_site_name":"Puerto de Concepci\u00f3n del Uruguay","article_published_time":"2021-03-22T00:25:20+00:00","og_image":[{"width":1516,"height":820,"url":"https:\/\/www.puertocdelu.com.ar\/wp-content\/uploads\/2021\/03\/convenio01.jpg","type":"image\/jpeg"}],"author":"PuertoCdelU","twitter_card":"summary_large_image","twitter_misc":{"Escrito por":"PuertoCdelU","Tiempo de lectura":"2 minutos"},"schema":{"@context":"https:\/\/schema.org","@graph":[{"@type":"Article","@id":"https:\/\/www.puertocdelu.com.ar\/index.php\/2021\/03\/22\/el-puerto-de-concepcion-del-uruguay-suma-tecnologia-y-competitividad\/#article","isPartOf":{"@id":"https:\/\/www.puertocdelu.com.ar\/index.php\/2021\/03\/22\/el-puerto-de-concepcion-del-uruguay-suma-tecnologia-y-competitividad\/"},"author":{"name":"PuertoCdelU","@id":"https:\/\/www.puertocdelu.com.ar\/#\/schema\/person\/9d258b923b29bd5f47ca80d9c8cd72d1"},"headline":"El puerto de Concepci\u00f3n del Uruguay suma tecnolog\u00eda y competitividad","datePublished":"2021-03-22T00:25:20+00:00","mainEntityOfPage":{"@id":"https:\/\/www.puertocdelu.com.ar\/index.php\/2021\/03\/22\/el-puerto-de-concepcion-del-uruguay-suma-tecnologia-y-competitividad\/"},"wordCount":511,"commentCount":0,"image":{"@id":"https:\/\/www.puertocdelu.com.ar\/index.php\/2021\/03\/22\/el-puerto-de-concepcion-del-uruguay-suma-tecnologia-y-competitividad\/#primaryimage"},"thumbnailUrl":"https:\/\/www.puertocdelu.com.ar\/wp-content\/uploads\/2021\/03\/convenio01.jpg","articleSection":["Noticias"],"inLanguage":"es","potentialAction":[{"@type":"CommentAction","name":"Comment","target":["https:\/\/www.puertocdelu.com.ar\/index.php\/2021\/03\/22\/el-puerto-de-concepcion-del-uruguay-suma-tecnologia-y-competitividad\/#respond"]}]},{"@type":"WebPage","@id":"https:\/\/www.puertocdelu.com.ar\/index.php\/2021\/03\/22\/el-puerto-de-concepcion-del-uruguay-suma-tecnologia-y-competitividad\/","url":"https:\/\/www.puertocdelu.com.ar\/index.php\/2021\/03\/22\/el-puerto-de-concepcion-del-uruguay-suma-tecnologia-y-competitividad\/","name":"El puerto de Concepci\u00f3n del Uruguay suma tecnolog\u00eda y competitividad - Puerto de Concepci\u00f3n del Uruguay","isPartOf":{"@id":"https:\/\/www.puertocdelu.com.ar\/#website"},"primaryImageOfPage":{"@id":"https:\/\/www.puertocdelu.com.ar\/index.php\/2021\/03\/22\/el-puerto-de-concepcion-del-uruguay-suma-tecnologia-y-competitividad\/#primaryimage"},"image":{"@id":"https:\/\/www.puertocdelu.com.ar\/index.php\/2021\/03\/22\/el-puerto-de-concepcion-del-uruguay-suma-tecnologia-y-competitividad\/#primaryimage"},"thumbnailUrl":"https:\/\/www.puertocdelu.com.ar\/wp-content\/uploads\/2021\/03\/convenio01.jpg","datePublished":"2021-03-22T00:25:20+00:00","author":{"@id":"https:\/\/www.puertocdelu.com.ar\/#\/schema\/person\/9d258b923b29bd5f47ca80d9c8cd72d1"},"breadcrumb":{"@id":"https:\/\/www.puertocdelu.com.ar\/index.php\/2021\/03\/22\/el-puerto-de-concepcion-del-uruguay-suma-tecnologia-y-competitividad\/#breadcrumb"},"inLanguage":"es","potentialAction":[{"@type":"ReadAction","target":["https:\/\/www.puertocdelu.com.ar\/index.php\/2021\/03\/22\/el-puerto-de-concepcion-del-uruguay-suma-tecnologia-y-competitividad\/"]}]},{"@type":"ImageObject","inLanguage":"es","@id":"https:\/\/www.puertocdelu.com.ar\/index.php\/2021\/03\/22\/el-puerto-de-concepcion-del-uruguay-suma-tecnologia-y-competitividad\/#primaryimage","url":"https:\/\/www.puertocdelu.com.ar\/wp-content\/uploads\/2021\/03\/convenio01.jpg","contentUrl":"https:\/\/www.puertocdelu.com.ar\/wp-content\/uploads\/2021\/03\/convenio01.jpg","width":1516,"height":820},{"@type":"BreadcrumbList","@id":"https:\/\/www.puertocdelu.com.ar\/index.php\/2021\/03\/22\/el-puerto-de-concepcion-del-uruguay-suma-tecnologia-y-competitividad\/#breadcrumb","itemListElement":[{"@type":"ListItem","position":1,"name":"Portada","item":"https:\/\/www.puertocdelu.com.ar\/"},{"@type":"ListItem","position":2,"name":"El puerto de Concepci\u00f3n del Uruguay suma tecnolog\u00eda y competitividad"}]},{"@type":"WebSite","@id":"https:\/\/www.puertocdelu.com.ar\/#website","url":"https:\/\/www.puertocdelu.com.ar\/","name":"Puerto de Concepci\u00f3n del Uruguay","description":"","potentialAction":[{"@type":"SearchAction","target":{"@type":"EntryPoint","urlTemplate":"https:\/\/www.puertocdelu.com.ar\/?s={search_term_string}"},"query-input":{"@type":"PropertyValueSpecification","valueRequired":true,"valueName":"search_term_string"}}],"inLanguage":"es"},{"@type":"Person","@id":"https:\/\/www.puertocdelu.com.ar\/#\/schema\/person\/9d258b923b29bd5f47ca80d9c8cd72d1","name":"PuertoCdelU","image":{"@type":"ImageObject","inLanguage":"es","@id":"https:\/\/secure.gravatar.com\/avatar\/99e38dea1727d397df18aced5ac6840012bb7f24c8570dcfafabb73086aed88c?s=96&d=mm&r=g","url":"https:\/\/secure.gravatar.com\/avatar\/99e38dea1727d397df18aced5ac6840012bb7f24c8570dcfafabb73086aed88c?s=96&d=mm&r=g","contentUrl":"https:\/\/secure.gravatar.com\/avatar\/99e38dea1727d397df18aced5ac6840012bb7f24c8570dcfafabb73086aed88c?s=96&d=mm&r=g","caption":"PuertoCdelU"},"url":"https:\/\/www.puertocdelu.com.ar\/index.php\/author\/hectordelos1\/"}]}},"_links":{"self":[{"href":"https:\/\/www.puertocdelu.com.ar\/index.php\/wp-json\/wp\/v2\/posts\/2233","targetHints":{"allow":["GET"]}}],"collection":[{"href":"https:\/\/www.puertocdelu.com.ar\/index.php\/wp-json\/wp\/v2\/posts"}],"about":[{"href":"https:\/\/www.puertocdelu.com.ar\/index.php\/wp-json\/wp\/v2\/types\/post"}],"author":[{"embeddable":true,"href":"https:\/\/www.puertocdelu.com.ar\/index.php\/wp-json\/wp\/v2\/users\/1"}],"replies":[{"embeddable":true,"href":"https:\/\/www.puertocdelu.com.ar\/index.php\/wp-json\/wp\/v2\/comments?post=2233"}],"version-history":[{"count":1,"href":"https:\/\/www.puertocdelu.com.ar\/index.php\/wp-json\/wp\/v2\/posts\/2233\/revisions"}],"predecessor-version":[{"id":2236,"href":"https:\/\/www.puertocdelu.com.ar\/index.php\/wp-json\/wp\/v2\/posts\/2233\/revisions\/2236"}],"wp:featuredmedia":[{"embeddable":true,"href":"https:\/\/www.puertocdelu.com.ar\/index.php\/wp-json\/wp\/v2\/media\/2234"}],"wp:attachment":[{"href":"https:\/\/www.puertocdelu.com.ar\/index.php\/wp-json\/wp\/v2\/media?parent=2233"}],"wp:term":[{"taxonomy":"category","embeddable":true,"href":"https:\/\/www.puertocdelu.com.ar\/index.php\/wp-json\/wp\/v2\/categories?post=2233"},{"taxonomy":"post_tag","embeddable":true,"href":"https:\/\/www.puertocdelu.com.ar\/index.php\/wp-json\/wp\/v2\/tags?post=2233"}],"curies":[{"name":"wp","href":"https:\/\/api.w.org\/{rel}","templated":true}]}}