{"id":2330,"date":"2021-07-10T11:40:44","date_gmt":"2021-07-10T11:40:44","guid":{"rendered":"http:\/\/www.puertocdelu.com.ar\/?p=2330"},"modified":"2021-07-10T11:40:44","modified_gmt":"2021-07-10T11:40:44","slug":"puerto-de-concepcion-del-uruguay-dos-buques-en-una-semana-madera-por-tren-y-barcazas-con-granos","status":"publish","type":"post","link":"https:\/\/www.puertocdelu.com.ar\/index.php\/2021\/07\/10\/puerto-de-concepcion-del-uruguay-dos-buques-en-una-semana-madera-por-tren-y-barcazas-con-granos\/","title":{"rendered":"Puerto de Concepci\u00f3n del Uruguay: Dos buques en una semana, madera por tren, y barcazas con granos"},"content":{"rendered":"<p>Como parte de la intensa actividad del sistema portuario entrerriano, para la semana entrante ingresar\u00e1n dos nuevos buques al puerto de Concepci\u00f3n del Uruguay. De forma paralela, lleg\u00f3 hasta la estaci\u00f3n de Basavilbaso, una formaci\u00f3n de Trenes Argentinos con una carga de mil toneladas de madera que ser\u00e1 exportada desde Concepci\u00f3n del Uruguay.<\/p>\n<p>Como parte de este cronograma de operaciones, el puerto sumar\u00e1 tambi\u00e9n un nuevo embarque de granos a trav\u00e9s de barcazas desde los muelles especiales del elevador de granos que dispone esta terminal.<\/p>\n<p>Los dos buques que llegar\u00e1n en las pr\u00f3ximas horas est\u00e1n programados para el pr\u00f3ximo lunes 12 de julio, sin embargo, se estima que el primero en ingresar ser\u00e1 el Luchow, mientras que en el transcurso de la misma semana lo har\u00eda el Loch Maree.<\/p>\n<p>Ambos buques amarrar\u00e1n en los muelles 3 y 4 del puerto. Cargar\u00e1n troncos de pino para distintas empresas exportadoras que est\u00e1n operando desde los puertos entrerrianos y comercializan este producto con los mercados de China e India.<\/p>\n<p>El Luchow, es un buque que navega bajo bandera de Hong Kong, tiene 180 metros de eslora, y completar\u00e1 la carga en el puerto de Montevideo. La empresa encargada de la comercializaci\u00f3n es TGL, mientras que PTP Group, se ocupar\u00e1 de la log\u00edstica de carga.<\/p>\n<p>El Loch Maree, por su parte, es un buque de bandera paname\u00f1a, de 176 metros de eslora y 29 de manga, que llega proveniente del puerto de San Nicol\u00e1s, en Santa Fe. Este embarque ser\u00e1 operado de forma integral por la empresa Urcel Argentina. Luego de cargar en Concepci\u00f3n del Uruguay, completar\u00e1 sus bodegas en el puerto entrerriano de Ibicuy.<\/p>\n<p><strong>Cargas por tren<\/strong><\/p>\n<p>Esta semana sali\u00f3 de la estaci\u00f3n Virasoro, en la provincia de Corrientes, una formaci\u00f3n de Trenes Argentinos Cargas con mil toneladas de troncos de madera con destino a la estaci\u00f3n Basavilbaso, la que est\u00e1 siendo trasladada por cami\u00f3n hasta el puerto de Concepci\u00f3n del Uruguay.<\/p>\n<p>Es la primera vez que se utiliza esta modalidad de transporte con destino a esta terminal portuaria, ya que, desde la reactivaci\u00f3n del ferrocarril de cargas, hace un a\u00f1o y medio, todas las formaciones han tenido como destino final el puerto de Ibicuy.<\/p>\n<p>En Basavilbaso se ha destinado un espacio log\u00edstico destinado al acopio de la madera, y el trabajo de los camiones que deber\u00e1n trasladar la carga hasta el puerto de La Hist\u00f3rica.<\/p>\n<figure id=\"attachment_2332\" aria-describedby=\"caption-attachment-2332\" style=\"width: 900px\" class=\"wp-caption aligncenter\"><a href=\"https:\/\/www.puertocdelu.com.ar\/wp-content\/uploads\/2021\/07\/02.jpg\"><img loading=\"lazy\" decoding=\"async\" class=\"size-full wp-image-2332\" src=\"https:\/\/www.puertocdelu.com.ar\/wp-content\/uploads\/2021\/07\/02.jpg\" alt=\"\" width=\"900\" height=\"528\" srcset=\"https:\/\/www.puertocdelu.com.ar\/wp-content\/uploads\/2021\/07\/02.jpg 900w, https:\/\/www.puertocdelu.com.ar\/wp-content\/uploads\/2021\/07\/02-300x176.jpg 300w, https:\/\/www.puertocdelu.com.ar\/wp-content\/uploads\/2021\/07\/02-768x451.jpg 768w, https:\/\/www.puertocdelu.com.ar\/wp-content\/uploads\/2021\/07\/02-696x408.jpg 696w, https:\/\/www.puertocdelu.com.ar\/wp-content\/uploads\/2021\/07\/02-716x420.jpg 716w\" sizes=\"auto, (max-width: 900px) 100vw, 900px\" \/><\/a><figcaption id=\"caption-attachment-2332\" class=\"wp-caption-text\">default<\/figcaption><\/figure>\n<p><strong>Barcazas<\/strong><\/p>\n<p>Los silos del puerto y el elevador de granos tambi\u00e9n est\u00e1n operando a tiempo completo, recibiendo y acopiando soja proveniente de distintos productores de la regi\u00f3n. Estas cargas ser\u00e1n embarcadas en barcazas que operar\u00e1n en los muelles espec\u00edficos con que cuenta este puerto para la carga de graneles.<\/p>\n<p>&nbsp;<\/p>\n<p><strong>Hidrov\u00eda alternativa<\/strong><\/p>\n<p>La intensa actividad multimodal que se desarrolla a trav\u00e9s del puerto de Concepci\u00f3n del Uruguay sumando trenes, camiones y buques, refuerzan la idea del Gobierno de Entre R\u00edos de recuperar la hidrov\u00eda del r\u00edo Uruguay como una v\u00eda alternativa para la salida de las cargas para gran parte de la regi\u00f3n.<\/p>\n<p>Ante la hist\u00f3rica bajante que est\u00e1 registrando el r\u00edo Paran\u00e1, cuyos efectos se est\u00e1n haciendo sentir en una amplia zona del norte argentino, Paraguay, Bolivia, y el sur de Brasil, autoridades del Ministerio de la Producci\u00f3n y del Instituto Portuario Provincial, avanzan en las gestiones para sumar a esta actividad, el transporte por contenedores, complementando cargas con los puertos uruguayos de Paysand\u00fa y Fray Bentos.<\/p>\n","protected":false},"excerpt":{"rendered":"<p>Como parte de la intensa actividad del sistema portuario entrerriano, para la semana entrante ingresar\u00e1n dos nuevos buques al puerto de Concepci\u00f3n del Uruguay. De forma paralela, lleg\u00f3 hasta la estaci\u00f3n de Basavilbaso, una formaci\u00f3n de Trenes Argentinos con una carga de mil toneladas de madera que ser\u00e1 exportada desde Concepci\u00f3n del Uruguay. Como parte [&hellip;]<\/p>\n","protected":false},"author":1,"featured_media":2331,"comment_status":"open","ping_status":"open","sticky":false,"template":"","format":"standard","meta":{"footnotes":""},"categories":[81],"tags":[],"class_list":{"0":"post-2330","1":"post","2":"type-post","3":"status-publish","4":"format-standard","5":"has-post-thumbnail","7":"category-noticias"},"yoast_head":"<!-- This site is optimized with the Yoast SEO plugin v27.4 - https:\/\/yoast.com\/product\/yoast-seo-wordpress\/ -->\n<title>Puerto de Concepci\u00f3n del Uruguay: Dos buques en una semana, madera por tren, y barcazas con granos - Puerto de Concepci\u00f3n del Uruguay<\/title>\n<meta name=\"robots\" content=\"index, follow, max-snippet:-1, max-image-preview:large, max-video-preview:-1\" \/>\n<link rel=\"canonical\" href=\"https:\/\/www.puertocdelu.com.ar\/index.php\/2021\/07\/10\/puerto-de-concepcion-del-uruguay-dos-buques-en-una-semana-madera-por-tren-y-barcazas-con-granos\/\" \/>\n<meta property=\"og:locale\" content=\"es_ES\" \/>\n<meta property=\"og:type\" content=\"article\" \/>\n<meta property=\"og:title\" content=\"Puerto de Concepci\u00f3n del Uruguay: Dos buques en una semana, madera por tren, y barcazas con granos - Puerto de Concepci\u00f3n del Uruguay\" \/>\n<meta property=\"og:description\" content=\"Como parte de la intensa actividad del sistema portuario entrerriano, para la semana entrante ingresar\u00e1n dos nuevos buques al puerto de Concepci\u00f3n del Uruguay. De forma paralela, lleg\u00f3 hasta la estaci\u00f3n de Basavilbaso, una formaci\u00f3n de Trenes Argentinos con una carga de mil toneladas de madera que ser\u00e1 exportada desde Concepci\u00f3n del Uruguay. Como parte [&hellip;]\" \/>\n<meta property=\"og:url\" content=\"https:\/\/www.puertocdelu.com.ar\/index.php\/2021\/07\/10\/puerto-de-concepcion-del-uruguay-dos-buques-en-una-semana-madera-por-tren-y-barcazas-con-granos\/\" \/>\n<meta property=\"og:site_name\" content=\"Puerto de Concepci\u00f3n del Uruguay\" \/>\n<meta property=\"article:published_time\" content=\"2021-07-10T11:40:44+00:00\" \/>\n<meta property=\"og:image\" content=\"https:\/\/www.puertocdelu.com.ar\/wp-content\/uploads\/2021\/07\/01.jpg\" \/>\n\t<meta property=\"og:image:width\" content=\"900\" \/>\n\t<meta property=\"og:image:height\" content=\"479\" \/>\n\t<meta property=\"og:image:type\" content=\"image\/jpeg\" \/>\n<meta name=\"author\" content=\"PuertoCdelU\" \/>\n<meta name=\"twitter:card\" content=\"summary_large_image\" \/>\n<meta name=\"twitter:label1\" content=\"Escrito por\" \/>\n\t<meta name=\"twitter:data1\" content=\"PuertoCdelU\" \/>\n\t<meta name=\"twitter:label2\" content=\"Tiempo de lectura\" \/>\n\t<meta name=\"twitter:data2\" content=\"3 minutos\" \/>\n<script type=\"application\/ld+json\" class=\"yoast-schema-graph\">{\"@context\":\"https:\\\/\\\/schema.org\",\"@graph\":[{\"@type\":\"Article\",\"@id\":\"https:\\\/\\\/www.puertocdelu.com.ar\\\/index.php\\\/2021\\\/07\\\/10\\\/puerto-de-concepcion-del-uruguay-dos-buques-en-una-semana-madera-por-tren-y-barcazas-con-granos\\\/#article\",\"isPartOf\":{\"@id\":\"https:\\\/\\\/www.puertocdelu.com.ar\\\/index.php\\\/2021\\\/07\\\/10\\\/puerto-de-concepcion-del-uruguay-dos-buques-en-una-semana-madera-por-tren-y-barcazas-con-granos\\\/\"},\"author\":{\"name\":\"PuertoCdelU\",\"@id\":\"https:\\\/\\\/www.puertocdelu.com.ar\\\/#\\\/schema\\\/person\\\/9d258b923b29bd5f47ca80d9c8cd72d1\"},\"headline\":\"Puerto de Concepci\u00f3n del Uruguay: Dos buques en una semana, madera por tren, y barcazas con granos\",\"datePublished\":\"2021-07-10T11:40:44+00:00\",\"mainEntityOfPage\":{\"@id\":\"https:\\\/\\\/www.puertocdelu.com.ar\\\/index.php\\\/2021\\\/07\\\/10\\\/puerto-de-concepcion-del-uruguay-dos-buques-en-una-semana-madera-por-tren-y-barcazas-con-granos\\\/\"},\"wordCount\":629,\"commentCount\":0,\"image\":{\"@id\":\"https:\\\/\\\/www.puertocdelu.com.ar\\\/index.php\\\/2021\\\/07\\\/10\\\/puerto-de-concepcion-del-uruguay-dos-buques-en-una-semana-madera-por-tren-y-barcazas-con-granos\\\/#primaryimage\"},\"thumbnailUrl\":\"https:\\\/\\\/www.puertocdelu.com.ar\\\/wp-content\\\/uploads\\\/2021\\\/07\\\/01.jpg\",\"articleSection\":[\"Noticias\"],\"inLanguage\":\"es\",\"potentialAction\":[{\"@type\":\"CommentAction\",\"name\":\"Comment\",\"target\":[\"https:\\\/\\\/www.puertocdelu.com.ar\\\/index.php\\\/2021\\\/07\\\/10\\\/puerto-de-concepcion-del-uruguay-dos-buques-en-una-semana-madera-por-tren-y-barcazas-con-granos\\\/#respond\"]}]},{\"@type\":\"WebPage\",\"@id\":\"https:\\\/\\\/www.puertocdelu.com.ar\\\/index.php\\\/2021\\\/07\\\/10\\\/puerto-de-concepcion-del-uruguay-dos-buques-en-una-semana-madera-por-tren-y-barcazas-con-granos\\\/\",\"url\":\"https:\\\/\\\/www.puertocdelu.com.ar\\\/index.php\\\/2021\\\/07\\\/10\\\/puerto-de-concepcion-del-uruguay-dos-buques-en-una-semana-madera-por-tren-y-barcazas-con-granos\\\/\",\"name\":\"Puerto de Concepci\u00f3n del Uruguay: Dos buques en una semana, madera por tren, y barcazas con granos - Puerto de Concepci\u00f3n del Uruguay\",\"isPartOf\":{\"@id\":\"https:\\\/\\\/www.puertocdelu.com.ar\\\/#website\"},\"primaryImageOfPage\":{\"@id\":\"https:\\\/\\\/www.puertocdelu.com.ar\\\/index.php\\\/2021\\\/07\\\/10\\\/puerto-de-concepcion-del-uruguay-dos-buques-en-una-semana-madera-por-tren-y-barcazas-con-granos\\\/#primaryimage\"},\"image\":{\"@id\":\"https:\\\/\\\/www.puertocdelu.com.ar\\\/index.php\\\/2021\\\/07\\\/10\\\/puerto-de-concepcion-del-uruguay-dos-buques-en-una-semana-madera-por-tren-y-barcazas-con-granos\\\/#primaryimage\"},\"thumbnailUrl\":\"https:\\\/\\\/www.puertocdelu.com.ar\\\/wp-content\\\/uploads\\\/2021\\\/07\\\/01.jpg\",\"datePublished\":\"2021-07-10T11:40:44+00:00\",\"author\":{\"@id\":\"https:\\\/\\\/www.puertocdelu.com.ar\\\/#\\\/schema\\\/person\\\/9d258b923b29bd5f47ca80d9c8cd72d1\"},\"breadcrumb\":{\"@id\":\"https:\\\/\\\/www.puertocdelu.com.ar\\\/index.php\\\/2021\\\/07\\\/10\\\/puerto-de-concepcion-del-uruguay-dos-buques-en-una-semana-madera-por-tren-y-barcazas-con-granos\\\/#breadcrumb\"},\"inLanguage\":\"es\",\"potentialAction\":[{\"@type\":\"ReadAction\",\"target\":[\"https:\\\/\\\/www.puertocdelu.com.ar\\\/index.php\\\/2021\\\/07\\\/10\\\/puerto-de-concepcion-del-uruguay-dos-buques-en-una-semana-madera-por-tren-y-barcazas-con-granos\\\/\"]}]},{\"@type\":\"ImageObject\",\"inLanguage\":\"es\",\"@id\":\"https:\\\/\\\/www.puertocdelu.com.ar\\\/index.php\\\/2021\\\/07\\\/10\\\/puerto-de-concepcion-del-uruguay-dos-buques-en-una-semana-madera-por-tren-y-barcazas-con-granos\\\/#primaryimage\",\"url\":\"https:\\\/\\\/www.puertocdelu.com.ar\\\/wp-content\\\/uploads\\\/2021\\\/07\\\/01.jpg\",\"contentUrl\":\"https:\\\/\\\/www.puertocdelu.com.ar\\\/wp-content\\\/uploads\\\/2021\\\/07\\\/01.jpg\",\"width\":900,\"height\":479},{\"@type\":\"BreadcrumbList\",\"@id\":\"https:\\\/\\\/www.puertocdelu.com.ar\\\/index.php\\\/2021\\\/07\\\/10\\\/puerto-de-concepcion-del-uruguay-dos-buques-en-una-semana-madera-por-tren-y-barcazas-con-granos\\\/#breadcrumb\",\"itemListElement\":[{\"@type\":\"ListItem\",\"position\":1,\"name\":\"Portada\",\"item\":\"https:\\\/\\\/www.puertocdelu.com.ar\\\/\"},{\"@type\":\"ListItem\",\"position\":2,\"name\":\"Puerto de Concepci\u00f3n del Uruguay: Dos buques en una semana, madera por tren, y barcazas con granos\"}]},{\"@type\":\"WebSite\",\"@id\":\"https:\\\/\\\/www.puertocdelu.com.ar\\\/#website\",\"url\":\"https:\\\/\\\/www.puertocdelu.com.ar\\\/\",\"name\":\"Puerto de Concepci\u00f3n del Uruguay\",\"description\":\"\",\"potentialAction\":[{\"@type\":\"SearchAction\",\"target\":{\"@type\":\"EntryPoint\",\"urlTemplate\":\"https:\\\/\\\/www.puertocdelu.com.ar\\\/?s={search_term_string}\"},\"query-input\":{\"@type\":\"PropertyValueSpecification\",\"valueRequired\":true,\"valueName\":\"search_term_string\"}}],\"inLanguage\":\"es\"},{\"@type\":\"Person\",\"@id\":\"https:\\\/\\\/www.puertocdelu.com.ar\\\/#\\\/schema\\\/person\\\/9d258b923b29bd5f47ca80d9c8cd72d1\",\"name\":\"PuertoCdelU\",\"image\":{\"@type\":\"ImageObject\",\"inLanguage\":\"es\",\"@id\":\"https:\\\/\\\/secure.gravatar.com\\\/avatar\\\/99e38dea1727d397df18aced5ac6840012bb7f24c8570dcfafabb73086aed88c?s=96&d=mm&r=g\",\"url\":\"https:\\\/\\\/secure.gravatar.com\\\/avatar\\\/99e38dea1727d397df18aced5ac6840012bb7f24c8570dcfafabb73086aed88c?s=96&d=mm&r=g\",\"contentUrl\":\"https:\\\/\\\/secure.gravatar.com\\\/avatar\\\/99e38dea1727d397df18aced5ac6840012bb7f24c8570dcfafabb73086aed88c?s=96&d=mm&r=g\",\"caption\":\"PuertoCdelU\"},\"url\":\"https:\\\/\\\/www.puertocdelu.com.ar\\\/index.php\\\/author\\\/hectordelos1\\\/\"}]}<\/script>\n<!-- \/ Yoast SEO plugin. -->","yoast_head_json":{"title":"Puerto de Concepci\u00f3n del Uruguay: Dos buques en una semana, madera por tren, y barcazas con granos - Puerto de Concepci\u00f3n del Uruguay","robots":{"index":"index","follow":"follow","max-snippet":"max-snippet:-1","max-image-preview":"max-image-preview:large","max-video-preview":"max-video-preview:-1"},"canonical":"https:\/\/www.puertocdelu.com.ar\/index.php\/2021\/07\/10\/puerto-de-concepcion-del-uruguay-dos-buques-en-una-semana-madera-por-tren-y-barcazas-con-granos\/","og_locale":"es_ES","og_type":"article","og_title":"Puerto de Concepci\u00f3n del Uruguay: Dos buques en una semana, madera por tren, y barcazas con granos - Puerto de Concepci\u00f3n del Uruguay","og_description":"Como parte de la intensa actividad del sistema portuario entrerriano, para la semana entrante ingresar\u00e1n dos nuevos buques al puerto de Concepci\u00f3n del Uruguay. De forma paralela, lleg\u00f3 hasta la estaci\u00f3n de Basavilbaso, una formaci\u00f3n de Trenes Argentinos con una carga de mil toneladas de madera que ser\u00e1 exportada desde Concepci\u00f3n del Uruguay. Como parte [&hellip;]","og_url":"https:\/\/www.puertocdelu.com.ar\/index.php\/2021\/07\/10\/puerto-de-concepcion-del-uruguay-dos-buques-en-una-semana-madera-por-tren-y-barcazas-con-granos\/","og_site_name":"Puerto de Concepci\u00f3n del Uruguay","article_published_time":"2021-07-10T11:40:44+00:00","og_image":[{"width":900,"height":479,"url":"https:\/\/www.puertocdelu.com.ar\/wp-content\/uploads\/2021\/07\/01.jpg","type":"image\/jpeg"}],"author":"PuertoCdelU","twitter_card":"summary_large_image","twitter_misc":{"Escrito por":"PuertoCdelU","Tiempo de lectura":"3 minutos"},"schema":{"@context":"https:\/\/schema.org","@graph":[{"@type":"Article","@id":"https:\/\/www.puertocdelu.com.ar\/index.php\/2021\/07\/10\/puerto-de-concepcion-del-uruguay-dos-buques-en-una-semana-madera-por-tren-y-barcazas-con-granos\/#article","isPartOf":{"@id":"https:\/\/www.puertocdelu.com.ar\/index.php\/2021\/07\/10\/puerto-de-concepcion-del-uruguay-dos-buques-en-una-semana-madera-por-tren-y-barcazas-con-granos\/"},"author":{"name":"PuertoCdelU","@id":"https:\/\/www.puertocdelu.com.ar\/#\/schema\/person\/9d258b923b29bd5f47ca80d9c8cd72d1"},"headline":"Puerto de Concepci\u00f3n del Uruguay: Dos buques en una semana, madera por tren, y barcazas con granos","datePublished":"2021-07-10T11:40:44+00:00","mainEntityOfPage":{"@id":"https:\/\/www.puertocdelu.com.ar\/index.php\/2021\/07\/10\/puerto-de-concepcion-del-uruguay-dos-buques-en-una-semana-madera-por-tren-y-barcazas-con-granos\/"},"wordCount":629,"commentCount":0,"image":{"@id":"https:\/\/www.puertocdelu.com.ar\/index.php\/2021\/07\/10\/puerto-de-concepcion-del-uruguay-dos-buques-en-una-semana-madera-por-tren-y-barcazas-con-granos\/#primaryimage"},"thumbnailUrl":"https:\/\/www.puertocdelu.com.ar\/wp-content\/uploads\/2021\/07\/01.jpg","articleSection":["Noticias"],"inLanguage":"es","potentialAction":[{"@type":"CommentAction","name":"Comment","target":["https:\/\/www.puertocdelu.com.ar\/index.php\/2021\/07\/10\/puerto-de-concepcion-del-uruguay-dos-buques-en-una-semana-madera-por-tren-y-barcazas-con-granos\/#respond"]}]},{"@type":"WebPage","@id":"https:\/\/www.puertocdelu.com.ar\/index.php\/2021\/07\/10\/puerto-de-concepcion-del-uruguay-dos-buques-en-una-semana-madera-por-tren-y-barcazas-con-granos\/","url":"https:\/\/www.puertocdelu.com.ar\/index.php\/2021\/07\/10\/puerto-de-concepcion-del-uruguay-dos-buques-en-una-semana-madera-por-tren-y-barcazas-con-granos\/","name":"Puerto de Concepci\u00f3n del Uruguay: Dos buques en una semana, madera por tren, y barcazas con granos - Puerto de Concepci\u00f3n del Uruguay","isPartOf":{"@id":"https:\/\/www.puertocdelu.com.ar\/#website"},"primaryImageOfPage":{"@id":"https:\/\/www.puertocdelu.com.ar\/index.php\/2021\/07\/10\/puerto-de-concepcion-del-uruguay-dos-buques-en-una-semana-madera-por-tren-y-barcazas-con-granos\/#primaryimage"},"image":{"@id":"https:\/\/www.puertocdelu.com.ar\/index.php\/2021\/07\/10\/puerto-de-concepcion-del-uruguay-dos-buques-en-una-semana-madera-por-tren-y-barcazas-con-granos\/#primaryimage"},"thumbnailUrl":"https:\/\/www.puertocdelu.com.ar\/wp-content\/uploads\/2021\/07\/01.jpg","datePublished":"2021-07-10T11:40:44+00:00","author":{"@id":"https:\/\/www.puertocdelu.com.ar\/#\/schema\/person\/9d258b923b29bd5f47ca80d9c8cd72d1"},"breadcrumb":{"@id":"https:\/\/www.puertocdelu.com.ar\/index.php\/2021\/07\/10\/puerto-de-concepcion-del-uruguay-dos-buques-en-una-semana-madera-por-tren-y-barcazas-con-granos\/#breadcrumb"},"inLanguage":"es","potentialAction":[{"@type":"ReadAction","target":["https:\/\/www.puertocdelu.com.ar\/index.php\/2021\/07\/10\/puerto-de-concepcion-del-uruguay-dos-buques-en-una-semana-madera-por-tren-y-barcazas-con-granos\/"]}]},{"@type":"ImageObject","inLanguage":"es","@id":"https:\/\/www.puertocdelu.com.ar\/index.php\/2021\/07\/10\/puerto-de-concepcion-del-uruguay-dos-buques-en-una-semana-madera-por-tren-y-barcazas-con-granos\/#primaryimage","url":"https:\/\/www.puertocdelu.com.ar\/wp-content\/uploads\/2021\/07\/01.jpg","contentUrl":"https:\/\/www.puertocdelu.com.ar\/wp-content\/uploads\/2021\/07\/01.jpg","width":900,"height":479},{"@type":"BreadcrumbList","@id":"https:\/\/www.puertocdelu.com.ar\/index.php\/2021\/07\/10\/puerto-de-concepcion-del-uruguay-dos-buques-en-una-semana-madera-por-tren-y-barcazas-con-granos\/#breadcrumb","itemListElement":[{"@type":"ListItem","position":1,"name":"Portada","item":"https:\/\/www.puertocdelu.com.ar\/"},{"@type":"ListItem","position":2,"name":"Puerto de Concepci\u00f3n del Uruguay: Dos buques en una semana, madera por tren, y barcazas con granos"}]},{"@type":"WebSite","@id":"https:\/\/www.puertocdelu.com.ar\/#website","url":"https:\/\/www.puertocdelu.com.ar\/","name":"Puerto de Concepci\u00f3n del Uruguay","description":"","potentialAction":[{"@type":"SearchAction","target":{"@type":"EntryPoint","urlTemplate":"https:\/\/www.puertocdelu.com.ar\/?s={search_term_string}"},"query-input":{"@type":"PropertyValueSpecification","valueRequired":true,"valueName":"search_term_string"}}],"inLanguage":"es"},{"@type":"Person","@id":"https:\/\/www.puertocdelu.com.ar\/#\/schema\/person\/9d258b923b29bd5f47ca80d9c8cd72d1","name":"PuertoCdelU","image":{"@type":"ImageObject","inLanguage":"es","@id":"https:\/\/secure.gravatar.com\/avatar\/99e38dea1727d397df18aced5ac6840012bb7f24c8570dcfafabb73086aed88c?s=96&d=mm&r=g","url":"https:\/\/secure.gravatar.com\/avatar\/99e38dea1727d397df18aced5ac6840012bb7f24c8570dcfafabb73086aed88c?s=96&d=mm&r=g","contentUrl":"https:\/\/secure.gravatar.com\/avatar\/99e38dea1727d397df18aced5ac6840012bb7f24c8570dcfafabb73086aed88c?s=96&d=mm&r=g","caption":"PuertoCdelU"},"url":"https:\/\/www.puertocdelu.com.ar\/index.php\/author\/hectordelos1\/"}]}},"_links":{"self":[{"href":"https:\/\/www.puertocdelu.com.ar\/index.php\/wp-json\/wp\/v2\/posts\/2330","targetHints":{"allow":["GET"]}}],"collection":[{"href":"https:\/\/www.puertocdelu.com.ar\/index.php\/wp-json\/wp\/v2\/posts"}],"about":[{"href":"https:\/\/www.puertocdelu.com.ar\/index.php\/wp-json\/wp\/v2\/types\/post"}],"author":[{"embeddable":true,"href":"https:\/\/www.puertocdelu.com.ar\/index.php\/wp-json\/wp\/v2\/users\/1"}],"replies":[{"embeddable":true,"href":"https:\/\/www.puertocdelu.com.ar\/index.php\/wp-json\/wp\/v2\/comments?post=2330"}],"version-history":[{"count":1,"href":"https:\/\/www.puertocdelu.com.ar\/index.php\/wp-json\/wp\/v2\/posts\/2330\/revisions"}],"predecessor-version":[{"id":2333,"href":"https:\/\/www.puertocdelu.com.ar\/index.php\/wp-json\/wp\/v2\/posts\/2330\/revisions\/2333"}],"wp:featuredmedia":[{"embeddable":true,"href":"https:\/\/www.puertocdelu.com.ar\/index.php\/wp-json\/wp\/v2\/media\/2331"}],"wp:attachment":[{"href":"https:\/\/www.puertocdelu.com.ar\/index.php\/wp-json\/wp\/v2\/media?parent=2330"}],"wp:term":[{"taxonomy":"category","embeddable":true,"href":"https:\/\/www.puertocdelu.com.ar\/index.php\/wp-json\/wp\/v2\/categories?post=2330"},{"taxonomy":"post_tag","embeddable":true,"href":"https:\/\/www.puertocdelu.com.ar\/index.php\/wp-json\/wp\/v2\/tags?post=2330"}],"curies":[{"name":"wp","href":"https:\/\/api.w.org\/{rel}","templated":true}]}}