{"id":2339,"date":"2021-07-19T23:56:21","date_gmt":"2021-07-19T23:56:21","guid":{"rendered":"http:\/\/www.puertocdelu.com.ar\/?p=2339"},"modified":"2021-07-19T23:56:21","modified_gmt":"2021-07-19T23:56:21","slug":"dos-buques-cargan-en-simultaneo-en-los-puertos-entrerrianos","status":"publish","type":"post","link":"https:\/\/www.puertocdelu.com.ar\/index.php\/2021\/07\/19\/dos-buques-cargan-en-simultaneo-en-los-puertos-entrerrianos\/","title":{"rendered":"Dos buques cargan en simult\u00e1neo en los puertos entrerrianos"},"content":{"rendered":"<p>Los puertos de Concepci\u00f3n del Uruguay e Ibicuy trabajan de forma simult\u00e1nea cargando dos ultramarinos con destino de exportaci\u00f3n.<\/p>\n<p>Hace 10 d\u00edas que estos puertos trabajan intensamente para cumplir con los tiempos que exigen los mercados internacionales que comercializan productos entrerrianos y de la regi\u00f3n.<\/p>\n<p>El Loch Maree es un buque de bandera paname\u00f1a que la semana pasada carg\u00f3 20.000 toneladas de troncos de pino a granel en Concepci\u00f3n del Uruguay. Al finalizar este embarque zarp\u00f3 rumbo al puerto de Ibicuy en el sur entrerriano. Inmediatamente ingres\u00f3 al puerto de La Hist\u00f3rica el carguero Luchow, que comenz\u00f3 a operar para realizar una carga similar.<\/p>\n<p>Desde el pasado fin de semana, ambos buques operan de forma simult\u00e1nea y continua durante las 24 horas en ambas terminales portuarias entrerrianas, sumando cargas, generando trabajo y posibilitando una salida al mundo para la producci\u00f3n que proviene de montes de cultivo en Entre R\u00edos, Corrientes y Misiones.<\/p>\n<p><a href=\"https:\/\/www.puertocdelu.com.ar\/wp-content\/uploads\/2021\/07\/IMG_6346.jpg\"><img loading=\"lazy\" decoding=\"async\" class=\"aligncenter size-full wp-image-2341\" src=\"https:\/\/www.puertocdelu.com.ar\/wp-content\/uploads\/2021\/07\/IMG_6346.jpg\" alt=\"\" width=\"900\" height=\"675\" srcset=\"https:\/\/www.puertocdelu.com.ar\/wp-content\/uploads\/2021\/07\/IMG_6346.jpg 900w, https:\/\/www.puertocdelu.com.ar\/wp-content\/uploads\/2021\/07\/IMG_6346-300x225.jpg 300w, https:\/\/www.puertocdelu.com.ar\/wp-content\/uploads\/2021\/07\/IMG_6346-768x576.jpg 768w, https:\/\/www.puertocdelu.com.ar\/wp-content\/uploads\/2021\/07\/IMG_6346-696x522.jpg 696w, https:\/\/www.puertocdelu.com.ar\/wp-content\/uploads\/2021\/07\/IMG_6346-560x420.jpg 560w, https:\/\/www.puertocdelu.com.ar\/wp-content\/uploads\/2021\/07\/IMG_6346-80x60.jpg 80w, https:\/\/www.puertocdelu.com.ar\/wp-content\/uploads\/2021\/07\/IMG_6346-265x198.jpg 265w\" sizes=\"auto, (max-width: 900px) 100vw, 900px\" \/><\/a><\/p>\n<p>El plan de reactivaci\u00f3n portuaria puesto en marcha por el gobierno provincial, posibilit\u00f3 tambi\u00e9n el retorno de tren de cargas a Entre R\u00edos. La log\u00edstica multimodal que utiliza camiones, trenes y barcos, se ha convertido en una alternativa de salida al mundo para el comercio exterior de la regi\u00f3n.<\/p>\n<p>Adem\u00e1s de centenares de camiones, para abastecer a ambos puertos tambi\u00e9n llegan formaciones del ferrocarril de cargas directamente hasta las estaciones de Holt, en Ibicuy, y hasta Basavilbaso con destino a Concepci\u00f3n del Uruguay.<\/p>\n<p>Desde ah\u00ed son transportados en camiones hasta los muelles para su embarque. Para completar cada una de las operaciones son necesarios, en promedio, unos 600 viajes de cami\u00f3n en cada puerto.<\/p>\n<p>El Loch Maree partir\u00e1 desde Ibicuy directamente hacia el puerto de Taicang, en China. Mientras que el Luchow, zarpar\u00e1 en las pr\u00f3ximas horas desde Concepci\u00f3n del Uruguay para completar sus bodegas en el puerto de Montevideo.<\/p>\n","protected":false},"excerpt":{"rendered":"<p>Los puertos de Concepci\u00f3n del Uruguay e Ibicuy trabajan de forma simult\u00e1nea cargando dos ultramarinos con destino de exportaci\u00f3n. Hace 10 d\u00edas que estos puertos trabajan intensamente para cumplir con los tiempos que exigen los mercados internacionales que comercializan productos entrerrianos y de la regi\u00f3n. El Loch Maree es un buque de bandera paname\u00f1a que [&hellip;]<\/p>\n","protected":false},"author":1,"featured_media":2340,"comment_status":"open","ping_status":"open","sticky":false,"template":"","format":"standard","meta":{"footnotes":""},"categories":[81],"tags":[],"class_list":{"0":"post-2339","1":"post","2":"type-post","3":"status-publish","4":"format-standard","5":"has-post-thumbnail","7":"category-noticias"},"yoast_head":"<!-- This site is optimized with the Yoast SEO plugin v27.4 - https:\/\/yoast.com\/product\/yoast-seo-wordpress\/ -->\n<title>Dos buques cargan en simult\u00e1neo en los puertos entrerrianos - Puerto de Concepci\u00f3n del Uruguay<\/title>\n<meta name=\"robots\" content=\"index, follow, max-snippet:-1, max-image-preview:large, max-video-preview:-1\" \/>\n<link rel=\"canonical\" href=\"https:\/\/www.puertocdelu.com.ar\/index.php\/2021\/07\/19\/dos-buques-cargan-en-simultaneo-en-los-puertos-entrerrianos\/\" \/>\n<meta property=\"og:locale\" content=\"es_ES\" \/>\n<meta property=\"og:type\" content=\"article\" \/>\n<meta property=\"og:title\" content=\"Dos buques cargan en simult\u00e1neo en los puertos entrerrianos - Puerto de Concepci\u00f3n del Uruguay\" \/>\n<meta property=\"og:description\" content=\"Los puertos de Concepci\u00f3n del Uruguay e Ibicuy trabajan de forma simult\u00e1nea cargando dos ultramarinos con destino de exportaci\u00f3n. Hace 10 d\u00edas que estos puertos trabajan intensamente para cumplir con los tiempos que exigen los mercados internacionales que comercializan productos entrerrianos y de la regi\u00f3n. El Loch Maree es un buque de bandera paname\u00f1a que [&hellip;]\" \/>\n<meta property=\"og:url\" content=\"https:\/\/www.puertocdelu.com.ar\/index.php\/2021\/07\/19\/dos-buques-cargan-en-simultaneo-en-los-puertos-entrerrianos\/\" \/>\n<meta property=\"og:site_name\" content=\"Puerto de Concepci\u00f3n del Uruguay\" \/>\n<meta property=\"article:published_time\" content=\"2021-07-19T23:56:21+00:00\" \/>\n<meta property=\"og:image\" content=\"https:\/\/www.puertocdelu.com.ar\/wp-content\/uploads\/2021\/07\/IMG_6343.jpg\" \/>\n\t<meta property=\"og:image:width\" content=\"900\" \/>\n\t<meta property=\"og:image:height\" content=\"675\" \/>\n\t<meta property=\"og:image:type\" content=\"image\/jpeg\" \/>\n<meta name=\"author\" content=\"PuertoCdelU\" \/>\n<meta name=\"twitter:card\" content=\"summary_large_image\" \/>\n<meta name=\"twitter:label1\" content=\"Escrito por\" \/>\n\t<meta name=\"twitter:data1\" content=\"PuertoCdelU\" \/>\n\t<meta name=\"twitter:label2\" content=\"Tiempo de lectura\" \/>\n\t<meta name=\"twitter:data2\" content=\"2 minutos\" \/>\n<script type=\"application\/ld+json\" class=\"yoast-schema-graph\">{\"@context\":\"https:\\\/\\\/schema.org\",\"@graph\":[{\"@type\":\"Article\",\"@id\":\"https:\\\/\\\/www.puertocdelu.com.ar\\\/index.php\\\/2021\\\/07\\\/19\\\/dos-buques-cargan-en-simultaneo-en-los-puertos-entrerrianos\\\/#article\",\"isPartOf\":{\"@id\":\"https:\\\/\\\/www.puertocdelu.com.ar\\\/index.php\\\/2021\\\/07\\\/19\\\/dos-buques-cargan-en-simultaneo-en-los-puertos-entrerrianos\\\/\"},\"author\":{\"name\":\"PuertoCdelU\",\"@id\":\"https:\\\/\\\/www.puertocdelu.com.ar\\\/#\\\/schema\\\/person\\\/9d258b923b29bd5f47ca80d9c8cd72d1\"},\"headline\":\"Dos buques cargan en simult\u00e1neo en los puertos entrerrianos\",\"datePublished\":\"2021-07-19T23:56:21+00:00\",\"mainEntityOfPage\":{\"@id\":\"https:\\\/\\\/www.puertocdelu.com.ar\\\/index.php\\\/2021\\\/07\\\/19\\\/dos-buques-cargan-en-simultaneo-en-los-puertos-entrerrianos\\\/\"},\"wordCount\":330,\"commentCount\":0,\"image\":{\"@id\":\"https:\\\/\\\/www.puertocdelu.com.ar\\\/index.php\\\/2021\\\/07\\\/19\\\/dos-buques-cargan-en-simultaneo-en-los-puertos-entrerrianos\\\/#primaryimage\"},\"thumbnailUrl\":\"https:\\\/\\\/www.puertocdelu.com.ar\\\/wp-content\\\/uploads\\\/2021\\\/07\\\/IMG_6343.jpg\",\"articleSection\":[\"Noticias\"],\"inLanguage\":\"es\",\"potentialAction\":[{\"@type\":\"CommentAction\",\"name\":\"Comment\",\"target\":[\"https:\\\/\\\/www.puertocdelu.com.ar\\\/index.php\\\/2021\\\/07\\\/19\\\/dos-buques-cargan-en-simultaneo-en-los-puertos-entrerrianos\\\/#respond\"]}]},{\"@type\":\"WebPage\",\"@id\":\"https:\\\/\\\/www.puertocdelu.com.ar\\\/index.php\\\/2021\\\/07\\\/19\\\/dos-buques-cargan-en-simultaneo-en-los-puertos-entrerrianos\\\/\",\"url\":\"https:\\\/\\\/www.puertocdelu.com.ar\\\/index.php\\\/2021\\\/07\\\/19\\\/dos-buques-cargan-en-simultaneo-en-los-puertos-entrerrianos\\\/\",\"name\":\"Dos buques cargan en simult\u00e1neo en los puertos entrerrianos - Puerto de Concepci\u00f3n del Uruguay\",\"isPartOf\":{\"@id\":\"https:\\\/\\\/www.puertocdelu.com.ar\\\/#website\"},\"primaryImageOfPage\":{\"@id\":\"https:\\\/\\\/www.puertocdelu.com.ar\\\/index.php\\\/2021\\\/07\\\/19\\\/dos-buques-cargan-en-simultaneo-en-los-puertos-entrerrianos\\\/#primaryimage\"},\"image\":{\"@id\":\"https:\\\/\\\/www.puertocdelu.com.ar\\\/index.php\\\/2021\\\/07\\\/19\\\/dos-buques-cargan-en-simultaneo-en-los-puertos-entrerrianos\\\/#primaryimage\"},\"thumbnailUrl\":\"https:\\\/\\\/www.puertocdelu.com.ar\\\/wp-content\\\/uploads\\\/2021\\\/07\\\/IMG_6343.jpg\",\"datePublished\":\"2021-07-19T23:56:21+00:00\",\"author\":{\"@id\":\"https:\\\/\\\/www.puertocdelu.com.ar\\\/#\\\/schema\\\/person\\\/9d258b923b29bd5f47ca80d9c8cd72d1\"},\"breadcrumb\":{\"@id\":\"https:\\\/\\\/www.puertocdelu.com.ar\\\/index.php\\\/2021\\\/07\\\/19\\\/dos-buques-cargan-en-simultaneo-en-los-puertos-entrerrianos\\\/#breadcrumb\"},\"inLanguage\":\"es\",\"potentialAction\":[{\"@type\":\"ReadAction\",\"target\":[\"https:\\\/\\\/www.puertocdelu.com.ar\\\/index.php\\\/2021\\\/07\\\/19\\\/dos-buques-cargan-en-simultaneo-en-los-puertos-entrerrianos\\\/\"]}]},{\"@type\":\"ImageObject\",\"inLanguage\":\"es\",\"@id\":\"https:\\\/\\\/www.puertocdelu.com.ar\\\/index.php\\\/2021\\\/07\\\/19\\\/dos-buques-cargan-en-simultaneo-en-los-puertos-entrerrianos\\\/#primaryimage\",\"url\":\"https:\\\/\\\/www.puertocdelu.com.ar\\\/wp-content\\\/uploads\\\/2021\\\/07\\\/IMG_6343.jpg\",\"contentUrl\":\"https:\\\/\\\/www.puertocdelu.com.ar\\\/wp-content\\\/uploads\\\/2021\\\/07\\\/IMG_6343.jpg\",\"width\":900,\"height\":675},{\"@type\":\"BreadcrumbList\",\"@id\":\"https:\\\/\\\/www.puertocdelu.com.ar\\\/index.php\\\/2021\\\/07\\\/19\\\/dos-buques-cargan-en-simultaneo-en-los-puertos-entrerrianos\\\/#breadcrumb\",\"itemListElement\":[{\"@type\":\"ListItem\",\"position\":1,\"name\":\"Portada\",\"item\":\"https:\\\/\\\/www.puertocdelu.com.ar\\\/\"},{\"@type\":\"ListItem\",\"position\":2,\"name\":\"Dos buques cargan en simult\u00e1neo en los puertos entrerrianos\"}]},{\"@type\":\"WebSite\",\"@id\":\"https:\\\/\\\/www.puertocdelu.com.ar\\\/#website\",\"url\":\"https:\\\/\\\/www.puertocdelu.com.ar\\\/\",\"name\":\"Puerto de Concepci\u00f3n del Uruguay\",\"description\":\"\",\"potentialAction\":[{\"@type\":\"SearchAction\",\"target\":{\"@type\":\"EntryPoint\",\"urlTemplate\":\"https:\\\/\\\/www.puertocdelu.com.ar\\\/?s={search_term_string}\"},\"query-input\":{\"@type\":\"PropertyValueSpecification\",\"valueRequired\":true,\"valueName\":\"search_term_string\"}}],\"inLanguage\":\"es\"},{\"@type\":\"Person\",\"@id\":\"https:\\\/\\\/www.puertocdelu.com.ar\\\/#\\\/schema\\\/person\\\/9d258b923b29bd5f47ca80d9c8cd72d1\",\"name\":\"PuertoCdelU\",\"image\":{\"@type\":\"ImageObject\",\"inLanguage\":\"es\",\"@id\":\"https:\\\/\\\/secure.gravatar.com\\\/avatar\\\/99e38dea1727d397df18aced5ac6840012bb7f24c8570dcfafabb73086aed88c?s=96&d=mm&r=g\",\"url\":\"https:\\\/\\\/secure.gravatar.com\\\/avatar\\\/99e38dea1727d397df18aced5ac6840012bb7f24c8570dcfafabb73086aed88c?s=96&d=mm&r=g\",\"contentUrl\":\"https:\\\/\\\/secure.gravatar.com\\\/avatar\\\/99e38dea1727d397df18aced5ac6840012bb7f24c8570dcfafabb73086aed88c?s=96&d=mm&r=g\",\"caption\":\"PuertoCdelU\"},\"url\":\"https:\\\/\\\/www.puertocdelu.com.ar\\\/index.php\\\/author\\\/hectordelos1\\\/\"}]}<\/script>\n<!-- \/ Yoast SEO plugin. -->","yoast_head_json":{"title":"Dos buques cargan en simult\u00e1neo en los puertos entrerrianos - Puerto de Concepci\u00f3n del Uruguay","robots":{"index":"index","follow":"follow","max-snippet":"max-snippet:-1","max-image-preview":"max-image-preview:large","max-video-preview":"max-video-preview:-1"},"canonical":"https:\/\/www.puertocdelu.com.ar\/index.php\/2021\/07\/19\/dos-buques-cargan-en-simultaneo-en-los-puertos-entrerrianos\/","og_locale":"es_ES","og_type":"article","og_title":"Dos buques cargan en simult\u00e1neo en los puertos entrerrianos - Puerto de Concepci\u00f3n del Uruguay","og_description":"Los puertos de Concepci\u00f3n del Uruguay e Ibicuy trabajan de forma simult\u00e1nea cargando dos ultramarinos con destino de exportaci\u00f3n. Hace 10 d\u00edas que estos puertos trabajan intensamente para cumplir con los tiempos que exigen los mercados internacionales que comercializan productos entrerrianos y de la regi\u00f3n. El Loch Maree es un buque de bandera paname\u00f1a que [&hellip;]","og_url":"https:\/\/www.puertocdelu.com.ar\/index.php\/2021\/07\/19\/dos-buques-cargan-en-simultaneo-en-los-puertos-entrerrianos\/","og_site_name":"Puerto de Concepci\u00f3n del Uruguay","article_published_time":"2021-07-19T23:56:21+00:00","og_image":[{"width":900,"height":675,"url":"https:\/\/www.puertocdelu.com.ar\/wp-content\/uploads\/2021\/07\/IMG_6343.jpg","type":"image\/jpeg"}],"author":"PuertoCdelU","twitter_card":"summary_large_image","twitter_misc":{"Escrito por":"PuertoCdelU","Tiempo de lectura":"2 minutos"},"schema":{"@context":"https:\/\/schema.org","@graph":[{"@type":"Article","@id":"https:\/\/www.puertocdelu.com.ar\/index.php\/2021\/07\/19\/dos-buques-cargan-en-simultaneo-en-los-puertos-entrerrianos\/#article","isPartOf":{"@id":"https:\/\/www.puertocdelu.com.ar\/index.php\/2021\/07\/19\/dos-buques-cargan-en-simultaneo-en-los-puertos-entrerrianos\/"},"author":{"name":"PuertoCdelU","@id":"https:\/\/www.puertocdelu.com.ar\/#\/schema\/person\/9d258b923b29bd5f47ca80d9c8cd72d1"},"headline":"Dos buques cargan en simult\u00e1neo en los puertos entrerrianos","datePublished":"2021-07-19T23:56:21+00:00","mainEntityOfPage":{"@id":"https:\/\/www.puertocdelu.com.ar\/index.php\/2021\/07\/19\/dos-buques-cargan-en-simultaneo-en-los-puertos-entrerrianos\/"},"wordCount":330,"commentCount":0,"image":{"@id":"https:\/\/www.puertocdelu.com.ar\/index.php\/2021\/07\/19\/dos-buques-cargan-en-simultaneo-en-los-puertos-entrerrianos\/#primaryimage"},"thumbnailUrl":"https:\/\/www.puertocdelu.com.ar\/wp-content\/uploads\/2021\/07\/IMG_6343.jpg","articleSection":["Noticias"],"inLanguage":"es","potentialAction":[{"@type":"CommentAction","name":"Comment","target":["https:\/\/www.puertocdelu.com.ar\/index.php\/2021\/07\/19\/dos-buques-cargan-en-simultaneo-en-los-puertos-entrerrianos\/#respond"]}]},{"@type":"WebPage","@id":"https:\/\/www.puertocdelu.com.ar\/index.php\/2021\/07\/19\/dos-buques-cargan-en-simultaneo-en-los-puertos-entrerrianos\/","url":"https:\/\/www.puertocdelu.com.ar\/index.php\/2021\/07\/19\/dos-buques-cargan-en-simultaneo-en-los-puertos-entrerrianos\/","name":"Dos buques cargan en simult\u00e1neo en los puertos entrerrianos - Puerto de Concepci\u00f3n del Uruguay","isPartOf":{"@id":"https:\/\/www.puertocdelu.com.ar\/#website"},"primaryImageOfPage":{"@id":"https:\/\/www.puertocdelu.com.ar\/index.php\/2021\/07\/19\/dos-buques-cargan-en-simultaneo-en-los-puertos-entrerrianos\/#primaryimage"},"image":{"@id":"https:\/\/www.puertocdelu.com.ar\/index.php\/2021\/07\/19\/dos-buques-cargan-en-simultaneo-en-los-puertos-entrerrianos\/#primaryimage"},"thumbnailUrl":"https:\/\/www.puertocdelu.com.ar\/wp-content\/uploads\/2021\/07\/IMG_6343.jpg","datePublished":"2021-07-19T23:56:21+00:00","author":{"@id":"https:\/\/www.puertocdelu.com.ar\/#\/schema\/person\/9d258b923b29bd5f47ca80d9c8cd72d1"},"breadcrumb":{"@id":"https:\/\/www.puertocdelu.com.ar\/index.php\/2021\/07\/19\/dos-buques-cargan-en-simultaneo-en-los-puertos-entrerrianos\/#breadcrumb"},"inLanguage":"es","potentialAction":[{"@type":"ReadAction","target":["https:\/\/www.puertocdelu.com.ar\/index.php\/2021\/07\/19\/dos-buques-cargan-en-simultaneo-en-los-puertos-entrerrianos\/"]}]},{"@type":"ImageObject","inLanguage":"es","@id":"https:\/\/www.puertocdelu.com.ar\/index.php\/2021\/07\/19\/dos-buques-cargan-en-simultaneo-en-los-puertos-entrerrianos\/#primaryimage","url":"https:\/\/www.puertocdelu.com.ar\/wp-content\/uploads\/2021\/07\/IMG_6343.jpg","contentUrl":"https:\/\/www.puertocdelu.com.ar\/wp-content\/uploads\/2021\/07\/IMG_6343.jpg","width":900,"height":675},{"@type":"BreadcrumbList","@id":"https:\/\/www.puertocdelu.com.ar\/index.php\/2021\/07\/19\/dos-buques-cargan-en-simultaneo-en-los-puertos-entrerrianos\/#breadcrumb","itemListElement":[{"@type":"ListItem","position":1,"name":"Portada","item":"https:\/\/www.puertocdelu.com.ar\/"},{"@type":"ListItem","position":2,"name":"Dos buques cargan en simult\u00e1neo en los puertos entrerrianos"}]},{"@type":"WebSite","@id":"https:\/\/www.puertocdelu.com.ar\/#website","url":"https:\/\/www.puertocdelu.com.ar\/","name":"Puerto de Concepci\u00f3n del Uruguay","description":"","potentialAction":[{"@type":"SearchAction","target":{"@type":"EntryPoint","urlTemplate":"https:\/\/www.puertocdelu.com.ar\/?s={search_term_string}"},"query-input":{"@type":"PropertyValueSpecification","valueRequired":true,"valueName":"search_term_string"}}],"inLanguage":"es"},{"@type":"Person","@id":"https:\/\/www.puertocdelu.com.ar\/#\/schema\/person\/9d258b923b29bd5f47ca80d9c8cd72d1","name":"PuertoCdelU","image":{"@type":"ImageObject","inLanguage":"es","@id":"https:\/\/secure.gravatar.com\/avatar\/99e38dea1727d397df18aced5ac6840012bb7f24c8570dcfafabb73086aed88c?s=96&d=mm&r=g","url":"https:\/\/secure.gravatar.com\/avatar\/99e38dea1727d397df18aced5ac6840012bb7f24c8570dcfafabb73086aed88c?s=96&d=mm&r=g","contentUrl":"https:\/\/secure.gravatar.com\/avatar\/99e38dea1727d397df18aced5ac6840012bb7f24c8570dcfafabb73086aed88c?s=96&d=mm&r=g","caption":"PuertoCdelU"},"url":"https:\/\/www.puertocdelu.com.ar\/index.php\/author\/hectordelos1\/"}]}},"_links":{"self":[{"href":"https:\/\/www.puertocdelu.com.ar\/index.php\/wp-json\/wp\/v2\/posts\/2339","targetHints":{"allow":["GET"]}}],"collection":[{"href":"https:\/\/www.puertocdelu.com.ar\/index.php\/wp-json\/wp\/v2\/posts"}],"about":[{"href":"https:\/\/www.puertocdelu.com.ar\/index.php\/wp-json\/wp\/v2\/types\/post"}],"author":[{"embeddable":true,"href":"https:\/\/www.puertocdelu.com.ar\/index.php\/wp-json\/wp\/v2\/users\/1"}],"replies":[{"embeddable":true,"href":"https:\/\/www.puertocdelu.com.ar\/index.php\/wp-json\/wp\/v2\/comments?post=2339"}],"version-history":[{"count":1,"href":"https:\/\/www.puertocdelu.com.ar\/index.php\/wp-json\/wp\/v2\/posts\/2339\/revisions"}],"predecessor-version":[{"id":2342,"href":"https:\/\/www.puertocdelu.com.ar\/index.php\/wp-json\/wp\/v2\/posts\/2339\/revisions\/2342"}],"wp:featuredmedia":[{"embeddable":true,"href":"https:\/\/www.puertocdelu.com.ar\/index.php\/wp-json\/wp\/v2\/media\/2340"}],"wp:attachment":[{"href":"https:\/\/www.puertocdelu.com.ar\/index.php\/wp-json\/wp\/v2\/media?parent=2339"}],"wp:term":[{"taxonomy":"category","embeddable":true,"href":"https:\/\/www.puertocdelu.com.ar\/index.php\/wp-json\/wp\/v2\/categories?post=2339"},{"taxonomy":"post_tag","embeddable":true,"href":"https:\/\/www.puertocdelu.com.ar\/index.php\/wp-json\/wp\/v2\/tags?post=2339"}],"curies":[{"name":"wp","href":"https:\/\/api.w.org\/{rel}","templated":true}]}}