{"id":2349,"date":"2021-08-22T19:53:40","date_gmt":"2021-08-22T19:53:40","guid":{"rendered":"http:\/\/www.puertocdelu.com.ar\/?p=2349"},"modified":"2021-08-22T19:53:40","modified_gmt":"2021-08-22T19:53:40","slug":"encuentro-entre-el-puerto-de-concepcion-del-uruguay-y-la-corporacion-para-el-desarrollo-de-gualeguaychu","status":"publish","type":"post","link":"https:\/\/www.puertocdelu.com.ar\/index.php\/2021\/08\/22\/encuentro-entre-el-puerto-de-concepcion-del-uruguay-y-la-corporacion-para-el-desarrollo-de-gualeguaychu\/","title":{"rendered":"Encuentro entre el Puerto de Concepci\u00f3n del Uruguay y la Corporaci\u00f3n para el Desarrollo de Gualeguaych\u00fa"},"content":{"rendered":"<p>Esta semana tuvo lugar un encuentro virtual entre autoridades portuarias y los representantes de la Corporaci\u00f3n para el Desarrollo de Gualeguaych\u00fa (CODEGU).<\/p>\n<p>Carlos Schepens, Presidente del Instituto Portuario de Entre R\u00edos, junto a Marcelo Gay Balm\u00e1z, titular del Puerto de Concepci\u00f3n del Uruguay, se reunieron el pasado martes con Estela Mi\u00f1o, Presidenta de CODEGU, y Juan Schroll, miembro de la corporaci\u00f3n, para abordar temas de inter\u00e9s com\u00fan que hacen al desarrollo de la regi\u00f3n.<\/p>\n<p>\u201cDurante la reuni\u00f3n se dialog\u00f3 sobre la articulaci\u00f3n log\u00edstica con el puerto, y m\u00e1s precisamente sobre la producci\u00f3n industrializada en el Parque Industrial Gualeguaych\u00fa y la regi\u00f3n, tambi\u00e9n se profundiz\u00f3 respecto de las condiciones de calado y lo que ello permite, sobre los costos log\u00edsticos del puerto para madera, cereales, contenedores y carga polimodal, y sobre todo lo atinente a las necesidades de embarque de las empresas de la regi\u00f3n\u201d, se\u00f1al\u00f3 Estela Mi\u00f1o.<\/p>\n<p>Carlos Schepens, por su parte, remarc\u00f3 que \u201csomos una sola regi\u00f3n, sobre todo en lo vinculado a nuestra producci\u00f3n y desarrollo industrial, tenemos intereses en com\u00fan que tienen que ver con la generaci\u00f3n de empleo genuino para los entrerrianos, y todo eso tiene un solo objetivo que es mejorar la calidad de vida de nuestras ciudades\u201d, detall\u00f3 Schepens.<\/p>\n<p>El titular del IPPER resalt\u00f3 que \u201cel Gobierno Provincial siempre busca articular el trabajo del Estado y el sector privado para brindar todas las herramientas que necesitan los productores y las industrias para mejorar y multiplicar las fuentes de trabajo, lo venimos haciendo con todos los sectores, no solo en Entre R\u00edos, sino en tambi\u00e9n en otras provincias, porque los puertos entrerrianos son los puertos de toda la regi\u00f3n\u201d.<\/p>\n<p>Gay Balm\u00e1z, resalt\u00f3 que \u201ces necesaria una interacci\u00f3n constante entre nuestras comunidades porque buscamos desarrollarnos como regi\u00f3n porque juntos generamos volumen y ventajas competitivas en cuanto a log\u00edstica, en ese crecimiento tenemos que unirnos para potenciar la exportaci\u00f3n de productos entrerrianos a trav\u00e9s de puertos entrerrianos\u201d.<\/p>\n<p>En este sentido, el Presidente del Ente Puerto Concepci\u00f3n del Uruguay, remarc\u00f3 que \u201csomos un puerto de salida para toda la regi\u00f3n, a\u00fan m\u00e1s para zonas de influencia tan directa como lo son Concepci\u00f3n del Uruguay y Gualeguaych\u00fa, dos potentes generadores de producci\u00f3n industrial que cuentan con beneficios log\u00edsticos de enorme importancia al tener un puerto de ultramar a tan corta distancia\u201d, resalt\u00f3.<\/p>\n","protected":false},"excerpt":{"rendered":"<p>Esta semana tuvo lugar un encuentro virtual entre autoridades portuarias y los representantes de la Corporaci\u00f3n para el Desarrollo de Gualeguaych\u00fa (CODEGU). Carlos Schepens, Presidente del Instituto Portuario de Entre R\u00edos, junto a Marcelo Gay Balm\u00e1z, titular del Puerto de Concepci\u00f3n del Uruguay, se reunieron el pasado martes con Estela Mi\u00f1o, Presidenta de CODEGU, y [&hellip;]<\/p>\n","protected":false},"author":1,"featured_media":2350,"comment_status":"open","ping_status":"open","sticky":false,"template":"","format":"standard","meta":{"footnotes":""},"categories":[81],"tags":[],"class_list":{"0":"post-2349","1":"post","2":"type-post","3":"status-publish","4":"format-standard","5":"has-post-thumbnail","7":"category-noticias"},"yoast_head":"<!-- This site is optimized with the Yoast SEO plugin v27.4 - https:\/\/yoast.com\/product\/yoast-seo-wordpress\/ -->\n<title>Encuentro entre el Puerto de Concepci\u00f3n del Uruguay y la Corporaci\u00f3n para el Desarrollo de Gualeguaych\u00fa - Puerto de Concepci\u00f3n del Uruguay<\/title>\n<meta name=\"robots\" content=\"index, follow, max-snippet:-1, max-image-preview:large, max-video-preview:-1\" \/>\n<link rel=\"canonical\" href=\"https:\/\/www.puertocdelu.com.ar\/index.php\/2021\/08\/22\/encuentro-entre-el-puerto-de-concepcion-del-uruguay-y-la-corporacion-para-el-desarrollo-de-gualeguaychu\/\" \/>\n<meta property=\"og:locale\" content=\"es_ES\" \/>\n<meta property=\"og:type\" content=\"article\" \/>\n<meta property=\"og:title\" content=\"Encuentro entre el Puerto de Concepci\u00f3n del Uruguay y la Corporaci\u00f3n para el Desarrollo de Gualeguaych\u00fa - Puerto de Concepci\u00f3n del Uruguay\" \/>\n<meta property=\"og:description\" content=\"Esta semana tuvo lugar un encuentro virtual entre autoridades portuarias y los representantes de la Corporaci\u00f3n para el Desarrollo de Gualeguaych\u00fa (CODEGU). Carlos Schepens, Presidente del Instituto Portuario de Entre R\u00edos, junto a Marcelo Gay Balm\u00e1z, titular del Puerto de Concepci\u00f3n del Uruguay, se reunieron el pasado martes con Estela Mi\u00f1o, Presidenta de CODEGU, y [&hellip;]\" \/>\n<meta property=\"og:url\" content=\"https:\/\/www.puertocdelu.com.ar\/index.php\/2021\/08\/22\/encuentro-entre-el-puerto-de-concepcion-del-uruguay-y-la-corporacion-para-el-desarrollo-de-gualeguaychu\/\" \/>\n<meta property=\"og:site_name\" content=\"Puerto de Concepci\u00f3n del Uruguay\" \/>\n<meta property=\"article:published_time\" content=\"2021-08-22T19:53:40+00:00\" \/>\n<meta property=\"og:image\" content=\"https:\/\/www.puertocdelu.com.ar\/wp-content\/uploads\/2021\/08\/codegu.jpeg\" \/>\n\t<meta property=\"og:image:width\" content=\"1099\" \/>\n\t<meta property=\"og:image:height\" content=\"618\" \/>\n\t<meta property=\"og:image:type\" content=\"image\/jpeg\" \/>\n<meta name=\"author\" content=\"PuertoCdelU\" \/>\n<meta name=\"twitter:card\" content=\"summary_large_image\" \/>\n<meta name=\"twitter:label1\" content=\"Escrito por\" \/>\n\t<meta name=\"twitter:data1\" content=\"PuertoCdelU\" \/>\n\t<meta name=\"twitter:label2\" content=\"Tiempo de lectura\" \/>\n\t<meta name=\"twitter:data2\" content=\"2 minutos\" \/>\n<script type=\"application\/ld+json\" class=\"yoast-schema-graph\">{\"@context\":\"https:\\\/\\\/schema.org\",\"@graph\":[{\"@type\":\"Article\",\"@id\":\"https:\\\/\\\/www.puertocdelu.com.ar\\\/index.php\\\/2021\\\/08\\\/22\\\/encuentro-entre-el-puerto-de-concepcion-del-uruguay-y-la-corporacion-para-el-desarrollo-de-gualeguaychu\\\/#article\",\"isPartOf\":{\"@id\":\"https:\\\/\\\/www.puertocdelu.com.ar\\\/index.php\\\/2021\\\/08\\\/22\\\/encuentro-entre-el-puerto-de-concepcion-del-uruguay-y-la-corporacion-para-el-desarrollo-de-gualeguaychu\\\/\"},\"author\":{\"name\":\"PuertoCdelU\",\"@id\":\"https:\\\/\\\/www.puertocdelu.com.ar\\\/#\\\/schema\\\/person\\\/9d258b923b29bd5f47ca80d9c8cd72d1\"},\"headline\":\"Encuentro entre el Puerto de Concepci\u00f3n del Uruguay y la Corporaci\u00f3n para el Desarrollo de Gualeguaych\u00fa\",\"datePublished\":\"2021-08-22T19:53:40+00:00\",\"mainEntityOfPage\":{\"@id\":\"https:\\\/\\\/www.puertocdelu.com.ar\\\/index.php\\\/2021\\\/08\\\/22\\\/encuentro-entre-el-puerto-de-concepcion-del-uruguay-y-la-corporacion-para-el-desarrollo-de-gualeguaychu\\\/\"},\"wordCount\":441,\"commentCount\":0,\"image\":{\"@id\":\"https:\\\/\\\/www.puertocdelu.com.ar\\\/index.php\\\/2021\\\/08\\\/22\\\/encuentro-entre-el-puerto-de-concepcion-del-uruguay-y-la-corporacion-para-el-desarrollo-de-gualeguaychu\\\/#primaryimage\"},\"thumbnailUrl\":\"https:\\\/\\\/www.puertocdelu.com.ar\\\/wp-content\\\/uploads\\\/2021\\\/08\\\/codegu.jpeg\",\"articleSection\":[\"Noticias\"],\"inLanguage\":\"es\",\"potentialAction\":[{\"@type\":\"CommentAction\",\"name\":\"Comment\",\"target\":[\"https:\\\/\\\/www.puertocdelu.com.ar\\\/index.php\\\/2021\\\/08\\\/22\\\/encuentro-entre-el-puerto-de-concepcion-del-uruguay-y-la-corporacion-para-el-desarrollo-de-gualeguaychu\\\/#respond\"]}]},{\"@type\":\"WebPage\",\"@id\":\"https:\\\/\\\/www.puertocdelu.com.ar\\\/index.php\\\/2021\\\/08\\\/22\\\/encuentro-entre-el-puerto-de-concepcion-del-uruguay-y-la-corporacion-para-el-desarrollo-de-gualeguaychu\\\/\",\"url\":\"https:\\\/\\\/www.puertocdelu.com.ar\\\/index.php\\\/2021\\\/08\\\/22\\\/encuentro-entre-el-puerto-de-concepcion-del-uruguay-y-la-corporacion-para-el-desarrollo-de-gualeguaychu\\\/\",\"name\":\"Encuentro entre el Puerto de Concepci\u00f3n del Uruguay y la Corporaci\u00f3n para el Desarrollo de Gualeguaych\u00fa - Puerto de Concepci\u00f3n del Uruguay\",\"isPartOf\":{\"@id\":\"https:\\\/\\\/www.puertocdelu.com.ar\\\/#website\"},\"primaryImageOfPage\":{\"@id\":\"https:\\\/\\\/www.puertocdelu.com.ar\\\/index.php\\\/2021\\\/08\\\/22\\\/encuentro-entre-el-puerto-de-concepcion-del-uruguay-y-la-corporacion-para-el-desarrollo-de-gualeguaychu\\\/#primaryimage\"},\"image\":{\"@id\":\"https:\\\/\\\/www.puertocdelu.com.ar\\\/index.php\\\/2021\\\/08\\\/22\\\/encuentro-entre-el-puerto-de-concepcion-del-uruguay-y-la-corporacion-para-el-desarrollo-de-gualeguaychu\\\/#primaryimage\"},\"thumbnailUrl\":\"https:\\\/\\\/www.puertocdelu.com.ar\\\/wp-content\\\/uploads\\\/2021\\\/08\\\/codegu.jpeg\",\"datePublished\":\"2021-08-22T19:53:40+00:00\",\"author\":{\"@id\":\"https:\\\/\\\/www.puertocdelu.com.ar\\\/#\\\/schema\\\/person\\\/9d258b923b29bd5f47ca80d9c8cd72d1\"},\"breadcrumb\":{\"@id\":\"https:\\\/\\\/www.puertocdelu.com.ar\\\/index.php\\\/2021\\\/08\\\/22\\\/encuentro-entre-el-puerto-de-concepcion-del-uruguay-y-la-corporacion-para-el-desarrollo-de-gualeguaychu\\\/#breadcrumb\"},\"inLanguage\":\"es\",\"potentialAction\":[{\"@type\":\"ReadAction\",\"target\":[\"https:\\\/\\\/www.puertocdelu.com.ar\\\/index.php\\\/2021\\\/08\\\/22\\\/encuentro-entre-el-puerto-de-concepcion-del-uruguay-y-la-corporacion-para-el-desarrollo-de-gualeguaychu\\\/\"]}]},{\"@type\":\"ImageObject\",\"inLanguage\":\"es\",\"@id\":\"https:\\\/\\\/www.puertocdelu.com.ar\\\/index.php\\\/2021\\\/08\\\/22\\\/encuentro-entre-el-puerto-de-concepcion-del-uruguay-y-la-corporacion-para-el-desarrollo-de-gualeguaychu\\\/#primaryimage\",\"url\":\"https:\\\/\\\/www.puertocdelu.com.ar\\\/wp-content\\\/uploads\\\/2021\\\/08\\\/codegu.jpeg\",\"contentUrl\":\"https:\\\/\\\/www.puertocdelu.com.ar\\\/wp-content\\\/uploads\\\/2021\\\/08\\\/codegu.jpeg\",\"width\":1099,\"height\":618},{\"@type\":\"BreadcrumbList\",\"@id\":\"https:\\\/\\\/www.puertocdelu.com.ar\\\/index.php\\\/2021\\\/08\\\/22\\\/encuentro-entre-el-puerto-de-concepcion-del-uruguay-y-la-corporacion-para-el-desarrollo-de-gualeguaychu\\\/#breadcrumb\",\"itemListElement\":[{\"@type\":\"ListItem\",\"position\":1,\"name\":\"Portada\",\"item\":\"https:\\\/\\\/www.puertocdelu.com.ar\\\/\"},{\"@type\":\"ListItem\",\"position\":2,\"name\":\"Encuentro entre el Puerto de Concepci\u00f3n del Uruguay y la Corporaci\u00f3n para el Desarrollo de Gualeguaych\u00fa\"}]},{\"@type\":\"WebSite\",\"@id\":\"https:\\\/\\\/www.puertocdelu.com.ar\\\/#website\",\"url\":\"https:\\\/\\\/www.puertocdelu.com.ar\\\/\",\"name\":\"Puerto de Concepci\u00f3n del Uruguay\",\"description\":\"\",\"potentialAction\":[{\"@type\":\"SearchAction\",\"target\":{\"@type\":\"EntryPoint\",\"urlTemplate\":\"https:\\\/\\\/www.puertocdelu.com.ar\\\/?s={search_term_string}\"},\"query-input\":{\"@type\":\"PropertyValueSpecification\",\"valueRequired\":true,\"valueName\":\"search_term_string\"}}],\"inLanguage\":\"es\"},{\"@type\":\"Person\",\"@id\":\"https:\\\/\\\/www.puertocdelu.com.ar\\\/#\\\/schema\\\/person\\\/9d258b923b29bd5f47ca80d9c8cd72d1\",\"name\":\"PuertoCdelU\",\"image\":{\"@type\":\"ImageObject\",\"inLanguage\":\"es\",\"@id\":\"https:\\\/\\\/secure.gravatar.com\\\/avatar\\\/99e38dea1727d397df18aced5ac6840012bb7f24c8570dcfafabb73086aed88c?s=96&d=mm&r=g\",\"url\":\"https:\\\/\\\/secure.gravatar.com\\\/avatar\\\/99e38dea1727d397df18aced5ac6840012bb7f24c8570dcfafabb73086aed88c?s=96&d=mm&r=g\",\"contentUrl\":\"https:\\\/\\\/secure.gravatar.com\\\/avatar\\\/99e38dea1727d397df18aced5ac6840012bb7f24c8570dcfafabb73086aed88c?s=96&d=mm&r=g\",\"caption\":\"PuertoCdelU\"},\"url\":\"https:\\\/\\\/www.puertocdelu.com.ar\\\/index.php\\\/author\\\/hectordelos1\\\/\"}]}<\/script>\n<!-- \/ Yoast SEO plugin. -->","yoast_head_json":{"title":"Encuentro entre el Puerto de Concepci\u00f3n del Uruguay y la Corporaci\u00f3n para el Desarrollo de Gualeguaych\u00fa - Puerto de Concepci\u00f3n del Uruguay","robots":{"index":"index","follow":"follow","max-snippet":"max-snippet:-1","max-image-preview":"max-image-preview:large","max-video-preview":"max-video-preview:-1"},"canonical":"https:\/\/www.puertocdelu.com.ar\/index.php\/2021\/08\/22\/encuentro-entre-el-puerto-de-concepcion-del-uruguay-y-la-corporacion-para-el-desarrollo-de-gualeguaychu\/","og_locale":"es_ES","og_type":"article","og_title":"Encuentro entre el Puerto de Concepci\u00f3n del Uruguay y la Corporaci\u00f3n para el Desarrollo de Gualeguaych\u00fa - Puerto de Concepci\u00f3n del Uruguay","og_description":"Esta semana tuvo lugar un encuentro virtual entre autoridades portuarias y los representantes de la Corporaci\u00f3n para el Desarrollo de Gualeguaych\u00fa (CODEGU). Carlos Schepens, Presidente del Instituto Portuario de Entre R\u00edos, junto a Marcelo Gay Balm\u00e1z, titular del Puerto de Concepci\u00f3n del Uruguay, se reunieron el pasado martes con Estela Mi\u00f1o, Presidenta de CODEGU, y [&hellip;]","og_url":"https:\/\/www.puertocdelu.com.ar\/index.php\/2021\/08\/22\/encuentro-entre-el-puerto-de-concepcion-del-uruguay-y-la-corporacion-para-el-desarrollo-de-gualeguaychu\/","og_site_name":"Puerto de Concepci\u00f3n del Uruguay","article_published_time":"2021-08-22T19:53:40+00:00","og_image":[{"width":1099,"height":618,"url":"https:\/\/www.puertocdelu.com.ar\/wp-content\/uploads\/2021\/08\/codegu.jpeg","type":"image\/jpeg"}],"author":"PuertoCdelU","twitter_card":"summary_large_image","twitter_misc":{"Escrito por":"PuertoCdelU","Tiempo de lectura":"2 minutos"},"schema":{"@context":"https:\/\/schema.org","@graph":[{"@type":"Article","@id":"https:\/\/www.puertocdelu.com.ar\/index.php\/2021\/08\/22\/encuentro-entre-el-puerto-de-concepcion-del-uruguay-y-la-corporacion-para-el-desarrollo-de-gualeguaychu\/#article","isPartOf":{"@id":"https:\/\/www.puertocdelu.com.ar\/index.php\/2021\/08\/22\/encuentro-entre-el-puerto-de-concepcion-del-uruguay-y-la-corporacion-para-el-desarrollo-de-gualeguaychu\/"},"author":{"name":"PuertoCdelU","@id":"https:\/\/www.puertocdelu.com.ar\/#\/schema\/person\/9d258b923b29bd5f47ca80d9c8cd72d1"},"headline":"Encuentro entre el Puerto de Concepci\u00f3n del Uruguay y la Corporaci\u00f3n para el Desarrollo de Gualeguaych\u00fa","datePublished":"2021-08-22T19:53:40+00:00","mainEntityOfPage":{"@id":"https:\/\/www.puertocdelu.com.ar\/index.php\/2021\/08\/22\/encuentro-entre-el-puerto-de-concepcion-del-uruguay-y-la-corporacion-para-el-desarrollo-de-gualeguaychu\/"},"wordCount":441,"commentCount":0,"image":{"@id":"https:\/\/www.puertocdelu.com.ar\/index.php\/2021\/08\/22\/encuentro-entre-el-puerto-de-concepcion-del-uruguay-y-la-corporacion-para-el-desarrollo-de-gualeguaychu\/#primaryimage"},"thumbnailUrl":"https:\/\/www.puertocdelu.com.ar\/wp-content\/uploads\/2021\/08\/codegu.jpeg","articleSection":["Noticias"],"inLanguage":"es","potentialAction":[{"@type":"CommentAction","name":"Comment","target":["https:\/\/www.puertocdelu.com.ar\/index.php\/2021\/08\/22\/encuentro-entre-el-puerto-de-concepcion-del-uruguay-y-la-corporacion-para-el-desarrollo-de-gualeguaychu\/#respond"]}]},{"@type":"WebPage","@id":"https:\/\/www.puertocdelu.com.ar\/index.php\/2021\/08\/22\/encuentro-entre-el-puerto-de-concepcion-del-uruguay-y-la-corporacion-para-el-desarrollo-de-gualeguaychu\/","url":"https:\/\/www.puertocdelu.com.ar\/index.php\/2021\/08\/22\/encuentro-entre-el-puerto-de-concepcion-del-uruguay-y-la-corporacion-para-el-desarrollo-de-gualeguaychu\/","name":"Encuentro entre el Puerto de Concepci\u00f3n del Uruguay y la Corporaci\u00f3n para el Desarrollo de Gualeguaych\u00fa - Puerto de Concepci\u00f3n del Uruguay","isPartOf":{"@id":"https:\/\/www.puertocdelu.com.ar\/#website"},"primaryImageOfPage":{"@id":"https:\/\/www.puertocdelu.com.ar\/index.php\/2021\/08\/22\/encuentro-entre-el-puerto-de-concepcion-del-uruguay-y-la-corporacion-para-el-desarrollo-de-gualeguaychu\/#primaryimage"},"image":{"@id":"https:\/\/www.puertocdelu.com.ar\/index.php\/2021\/08\/22\/encuentro-entre-el-puerto-de-concepcion-del-uruguay-y-la-corporacion-para-el-desarrollo-de-gualeguaychu\/#primaryimage"},"thumbnailUrl":"https:\/\/www.puertocdelu.com.ar\/wp-content\/uploads\/2021\/08\/codegu.jpeg","datePublished":"2021-08-22T19:53:40+00:00","author":{"@id":"https:\/\/www.puertocdelu.com.ar\/#\/schema\/person\/9d258b923b29bd5f47ca80d9c8cd72d1"},"breadcrumb":{"@id":"https:\/\/www.puertocdelu.com.ar\/index.php\/2021\/08\/22\/encuentro-entre-el-puerto-de-concepcion-del-uruguay-y-la-corporacion-para-el-desarrollo-de-gualeguaychu\/#breadcrumb"},"inLanguage":"es","potentialAction":[{"@type":"ReadAction","target":["https:\/\/www.puertocdelu.com.ar\/index.php\/2021\/08\/22\/encuentro-entre-el-puerto-de-concepcion-del-uruguay-y-la-corporacion-para-el-desarrollo-de-gualeguaychu\/"]}]},{"@type":"ImageObject","inLanguage":"es","@id":"https:\/\/www.puertocdelu.com.ar\/index.php\/2021\/08\/22\/encuentro-entre-el-puerto-de-concepcion-del-uruguay-y-la-corporacion-para-el-desarrollo-de-gualeguaychu\/#primaryimage","url":"https:\/\/www.puertocdelu.com.ar\/wp-content\/uploads\/2021\/08\/codegu.jpeg","contentUrl":"https:\/\/www.puertocdelu.com.ar\/wp-content\/uploads\/2021\/08\/codegu.jpeg","width":1099,"height":618},{"@type":"BreadcrumbList","@id":"https:\/\/www.puertocdelu.com.ar\/index.php\/2021\/08\/22\/encuentro-entre-el-puerto-de-concepcion-del-uruguay-y-la-corporacion-para-el-desarrollo-de-gualeguaychu\/#breadcrumb","itemListElement":[{"@type":"ListItem","position":1,"name":"Portada","item":"https:\/\/www.puertocdelu.com.ar\/"},{"@type":"ListItem","position":2,"name":"Encuentro entre el Puerto de Concepci\u00f3n del Uruguay y la Corporaci\u00f3n para el Desarrollo de Gualeguaych\u00fa"}]},{"@type":"WebSite","@id":"https:\/\/www.puertocdelu.com.ar\/#website","url":"https:\/\/www.puertocdelu.com.ar\/","name":"Puerto de Concepci\u00f3n del Uruguay","description":"","potentialAction":[{"@type":"SearchAction","target":{"@type":"EntryPoint","urlTemplate":"https:\/\/www.puertocdelu.com.ar\/?s={search_term_string}"},"query-input":{"@type":"PropertyValueSpecification","valueRequired":true,"valueName":"search_term_string"}}],"inLanguage":"es"},{"@type":"Person","@id":"https:\/\/www.puertocdelu.com.ar\/#\/schema\/person\/9d258b923b29bd5f47ca80d9c8cd72d1","name":"PuertoCdelU","image":{"@type":"ImageObject","inLanguage":"es","@id":"https:\/\/secure.gravatar.com\/avatar\/99e38dea1727d397df18aced5ac6840012bb7f24c8570dcfafabb73086aed88c?s=96&d=mm&r=g","url":"https:\/\/secure.gravatar.com\/avatar\/99e38dea1727d397df18aced5ac6840012bb7f24c8570dcfafabb73086aed88c?s=96&d=mm&r=g","contentUrl":"https:\/\/secure.gravatar.com\/avatar\/99e38dea1727d397df18aced5ac6840012bb7f24c8570dcfafabb73086aed88c?s=96&d=mm&r=g","caption":"PuertoCdelU"},"url":"https:\/\/www.puertocdelu.com.ar\/index.php\/author\/hectordelos1\/"}]}},"_links":{"self":[{"href":"https:\/\/www.puertocdelu.com.ar\/index.php\/wp-json\/wp\/v2\/posts\/2349","targetHints":{"allow":["GET"]}}],"collection":[{"href":"https:\/\/www.puertocdelu.com.ar\/index.php\/wp-json\/wp\/v2\/posts"}],"about":[{"href":"https:\/\/www.puertocdelu.com.ar\/index.php\/wp-json\/wp\/v2\/types\/post"}],"author":[{"embeddable":true,"href":"https:\/\/www.puertocdelu.com.ar\/index.php\/wp-json\/wp\/v2\/users\/1"}],"replies":[{"embeddable":true,"href":"https:\/\/www.puertocdelu.com.ar\/index.php\/wp-json\/wp\/v2\/comments?post=2349"}],"version-history":[{"count":1,"href":"https:\/\/www.puertocdelu.com.ar\/index.php\/wp-json\/wp\/v2\/posts\/2349\/revisions"}],"predecessor-version":[{"id":2351,"href":"https:\/\/www.puertocdelu.com.ar\/index.php\/wp-json\/wp\/v2\/posts\/2349\/revisions\/2351"}],"wp:featuredmedia":[{"embeddable":true,"href":"https:\/\/www.puertocdelu.com.ar\/index.php\/wp-json\/wp\/v2\/media\/2350"}],"wp:attachment":[{"href":"https:\/\/www.puertocdelu.com.ar\/index.php\/wp-json\/wp\/v2\/media?parent=2349"}],"wp:term":[{"taxonomy":"category","embeddable":true,"href":"https:\/\/www.puertocdelu.com.ar\/index.php\/wp-json\/wp\/v2\/categories?post=2349"},{"taxonomy":"post_tag","embeddable":true,"href":"https:\/\/www.puertocdelu.com.ar\/index.php\/wp-json\/wp\/v2\/tags?post=2349"}],"curies":[{"name":"wp","href":"https:\/\/api.w.org\/{rel}","templated":true}]}}