{"id":2359,"date":"2021-09-27T06:52:18","date_gmt":"2021-09-27T06:52:18","guid":{"rendered":"http:\/\/www.puertocdelu.com.ar\/?p=2359"},"modified":"2021-09-27T06:52:18","modified_gmt":"2021-09-27T06:52:18","slug":"tres-buques-con-operaciones-en-el-puerto-de-concepcion-del-uruguay","status":"publish","type":"post","link":"https:\/\/www.puertocdelu.com.ar\/index.php\/2021\/09\/27\/tres-buques-con-operaciones-en-el-puerto-de-concepcion-del-uruguay\/","title":{"rendered":"Tres buques con operaciones en el puerto de Concepci\u00f3n del Uruguay"},"content":{"rendered":"<p>Durante todo este domingo el puerto de Concepci\u00f3n del Uruguay tuvo una jornada con tareas de salida y entrada de grandes buques para operar en sus muelles.<\/p>\n<p>Dos cargueros de 180 metros, y un buque tanque con combustible, debieron turnarse para realizar sus maniobras de zarpada y amarre en los diferentes muelles de la terminal portuaria uruguayense.<\/p>\n<p>El buque Latika Naree, que se encontraba cargando troncos de pino en los muelles 3 y 4, finaliz\u00f3 el embarque en la noche del s\u00e1bado, y a las 7 de la ma\u00f1ana comenz\u00f3 con sus maniobras de salida a trav\u00e9s del canal de acceso para dirigirse al puerto de Ibicuy, donde completar\u00e1 su carga para partir rumbo a la India.<br \/>\n<a href=\"https:\/\/www.puertocdelu.com.ar\/wp-content\/uploads\/2021\/09\/Latika-Naree.jpg\"><img loading=\"lazy\" decoding=\"async\" class=\"aligncenter size-full wp-image-2361\" src=\"https:\/\/www.puertocdelu.com.ar\/wp-content\/uploads\/2021\/09\/Latika-Naree.jpg\" alt=\"\" width=\"900\" height=\"675\" srcset=\"https:\/\/www.puertocdelu.com.ar\/wp-content\/uploads\/2021\/09\/Latika-Naree.jpg 900w, https:\/\/www.puertocdelu.com.ar\/wp-content\/uploads\/2021\/09\/Latika-Naree-300x225.jpg 300w, https:\/\/www.puertocdelu.com.ar\/wp-content\/uploads\/2021\/09\/Latika-Naree-768x576.jpg 768w, https:\/\/www.puertocdelu.com.ar\/wp-content\/uploads\/2021\/09\/Latika-Naree-696x522.jpg 696w, https:\/\/www.puertocdelu.com.ar\/wp-content\/uploads\/2021\/09\/Latika-Naree-560x420.jpg 560w, https:\/\/www.puertocdelu.com.ar\/wp-content\/uploads\/2021\/09\/Latika-Naree-80x60.jpg 80w, https:\/\/www.puertocdelu.com.ar\/wp-content\/uploads\/2021\/09\/Latika-Naree-265x198.jpg 265w\" sizes=\"auto, (max-width: 900px) 100vw, 900px\" \/><\/a><\/p>\n<p>De forma paralela, el buque tanque Alberto V, que abastece de combustible a la planta que la empresa YPF tiene en Concepci\u00f3n del Uruguay, realiz\u00f3 su ingreso a la rada interior y se traslad\u00f3 hasta los muelles de inflamables que dispone el puerto en su extremo sur. Las tareas de descarga comenzaron de forma inmediata.<\/p>\n<figure id=\"attachment_2362\" aria-describedby=\"caption-attachment-2362\" style=\"width: 900px\" class=\"wp-caption aligncenter\"><a href=\"https:\/\/www.puertocdelu.com.ar\/wp-content\/uploads\/2021\/09\/Alberto-V.jpg\"><img loading=\"lazy\" decoding=\"async\" class=\"size-full wp-image-2362\" src=\"https:\/\/www.puertocdelu.com.ar\/wp-content\/uploads\/2021\/09\/Alberto-V.jpg\" alt=\"\" width=\"900\" height=\"506\" srcset=\"https:\/\/www.puertocdelu.com.ar\/wp-content\/uploads\/2021\/09\/Alberto-V.jpg 900w, https:\/\/www.puertocdelu.com.ar\/wp-content\/uploads\/2021\/09\/Alberto-V-300x169.jpg 300w, https:\/\/www.puertocdelu.com.ar\/wp-content\/uploads\/2021\/09\/Alberto-V-768x432.jpg 768w, https:\/\/www.puertocdelu.com.ar\/wp-content\/uploads\/2021\/09\/Alberto-V-696x391.jpg 696w, https:\/\/www.puertocdelu.com.ar\/wp-content\/uploads\/2021\/09\/Alberto-V-747x420.jpg 747w\" sizes=\"auto, (max-width: 900px) 100vw, 900px\" \/><\/a><figcaption id=\"caption-attachment-2362\" class=\"wp-caption-text\">default<\/figcaption><\/figure>\n<p>Mientras todas estas operaciones se realizaban en la zona portuaria, el carguero African Swan, de 180 metros de eslora y bandera de Bahamas, aguard\u00f3 fondeado a la altura de la Isla Cambacu\u00e1 a la espera de la salida aguas abajo del Latika Naree.<\/p>\n<p>Sobre las 11 de la ma\u00f1ana, finalmente, este \u00faltimo ultramarino hizo su ingreso a los muelles para amarrar y quedar a la espera de una nueva carga de madera que tendr\u00e1 destino de exportaci\u00f3n, previo paso por el puerto de Montevideo.<\/p>\n<p>Las operaciones de embarque comenzaron inmediatamente, y a las 14 ya se encontraba con decenas de camiones y todos los turnos de operarios trabajando a pleno en las cinco bodegas.<\/p>\n<p>Este buque tiene programado cargar unas 17.500 toneladas y las tareas de embarque se desarrollar\u00e1n durante las 24 horas durante unos cuatro d\u00edas.<\/p>\n","protected":false},"excerpt":{"rendered":"<p>Durante todo este domingo el puerto de Concepci\u00f3n del Uruguay tuvo una jornada con tareas de salida y entrada de grandes buques para operar en sus muelles. Dos cargueros de 180 metros, y un buque tanque con combustible, debieron turnarse para realizar sus maniobras de zarpada y amarre en los diferentes muelles de la terminal [&hellip;]<\/p>\n","protected":false},"author":1,"featured_media":2360,"comment_status":"open","ping_status":"open","sticky":false,"template":"","format":"standard","meta":{"footnotes":""},"categories":[81],"tags":[],"class_list":{"0":"post-2359","1":"post","2":"type-post","3":"status-publish","4":"format-standard","5":"has-post-thumbnail","7":"category-noticias"},"yoast_head":"<!-- This site is optimized with the Yoast SEO plugin v27.4 - https:\/\/yoast.com\/product\/yoast-seo-wordpress\/ -->\n<title>Tres buques con operaciones en el puerto de Concepci\u00f3n del Uruguay - Puerto de Concepci\u00f3n del Uruguay<\/title>\n<meta name=\"robots\" content=\"index, follow, max-snippet:-1, max-image-preview:large, max-video-preview:-1\" \/>\n<link rel=\"canonical\" href=\"https:\/\/www.puertocdelu.com.ar\/index.php\/2021\/09\/27\/tres-buques-con-operaciones-en-el-puerto-de-concepcion-del-uruguay\/\" \/>\n<meta property=\"og:locale\" content=\"es_ES\" \/>\n<meta property=\"og:type\" content=\"article\" \/>\n<meta property=\"og:title\" content=\"Tres buques con operaciones en el puerto de Concepci\u00f3n del Uruguay - Puerto de Concepci\u00f3n del Uruguay\" \/>\n<meta property=\"og:description\" content=\"Durante todo este domingo el puerto de Concepci\u00f3n del Uruguay tuvo una jornada con tareas de salida y entrada de grandes buques para operar en sus muelles. Dos cargueros de 180 metros, y un buque tanque con combustible, debieron turnarse para realizar sus maniobras de zarpada y amarre en los diferentes muelles de la terminal [&hellip;]\" \/>\n<meta property=\"og:url\" content=\"https:\/\/www.puertocdelu.com.ar\/index.php\/2021\/09\/27\/tres-buques-con-operaciones-en-el-puerto-de-concepcion-del-uruguay\/\" \/>\n<meta property=\"og:site_name\" content=\"Puerto de Concepci\u00f3n del Uruguay\" \/>\n<meta property=\"article:published_time\" content=\"2021-09-27T06:52:18+00:00\" \/>\n<meta property=\"og:image\" content=\"https:\/\/www.puertocdelu.com.ar\/wp-content\/uploads\/2021\/09\/African-Swan-01.jpg\" \/>\n\t<meta property=\"og:image:width\" content=\"900\" \/>\n\t<meta property=\"og:image:height\" content=\"506\" \/>\n\t<meta property=\"og:image:type\" content=\"image\/jpeg\" \/>\n<meta name=\"author\" content=\"PuertoCdelU\" \/>\n<meta name=\"twitter:card\" content=\"summary_large_image\" \/>\n<meta name=\"twitter:label1\" content=\"Escrito por\" \/>\n\t<meta name=\"twitter:data1\" content=\"PuertoCdelU\" \/>\n\t<meta name=\"twitter:label2\" content=\"Tiempo de lectura\" \/>\n\t<meta name=\"twitter:data2\" content=\"2 minutos\" \/>\n<script type=\"application\/ld+json\" class=\"yoast-schema-graph\">{\"@context\":\"https:\\\/\\\/schema.org\",\"@graph\":[{\"@type\":\"Article\",\"@id\":\"https:\\\/\\\/www.puertocdelu.com.ar\\\/index.php\\\/2021\\\/09\\\/27\\\/tres-buques-con-operaciones-en-el-puerto-de-concepcion-del-uruguay\\\/#article\",\"isPartOf\":{\"@id\":\"https:\\\/\\\/www.puertocdelu.com.ar\\\/index.php\\\/2021\\\/09\\\/27\\\/tres-buques-con-operaciones-en-el-puerto-de-concepcion-del-uruguay\\\/\"},\"author\":{\"name\":\"PuertoCdelU\",\"@id\":\"https:\\\/\\\/www.puertocdelu.com.ar\\\/#\\\/schema\\\/person\\\/9d258b923b29bd5f47ca80d9c8cd72d1\"},\"headline\":\"Tres buques con operaciones en el puerto de Concepci\u00f3n del Uruguay\",\"datePublished\":\"2021-09-27T06:52:18+00:00\",\"mainEntityOfPage\":{\"@id\":\"https:\\\/\\\/www.puertocdelu.com.ar\\\/index.php\\\/2021\\\/09\\\/27\\\/tres-buques-con-operaciones-en-el-puerto-de-concepcion-del-uruguay\\\/\"},\"wordCount\":329,\"commentCount\":0,\"image\":{\"@id\":\"https:\\\/\\\/www.puertocdelu.com.ar\\\/index.php\\\/2021\\\/09\\\/27\\\/tres-buques-con-operaciones-en-el-puerto-de-concepcion-del-uruguay\\\/#primaryimage\"},\"thumbnailUrl\":\"https:\\\/\\\/www.puertocdelu.com.ar\\\/wp-content\\\/uploads\\\/2021\\\/09\\\/African-Swan-01.jpg\",\"articleSection\":[\"Noticias\"],\"inLanguage\":\"es\",\"potentialAction\":[{\"@type\":\"CommentAction\",\"name\":\"Comment\",\"target\":[\"https:\\\/\\\/www.puertocdelu.com.ar\\\/index.php\\\/2021\\\/09\\\/27\\\/tres-buques-con-operaciones-en-el-puerto-de-concepcion-del-uruguay\\\/#respond\"]}]},{\"@type\":\"WebPage\",\"@id\":\"https:\\\/\\\/www.puertocdelu.com.ar\\\/index.php\\\/2021\\\/09\\\/27\\\/tres-buques-con-operaciones-en-el-puerto-de-concepcion-del-uruguay\\\/\",\"url\":\"https:\\\/\\\/www.puertocdelu.com.ar\\\/index.php\\\/2021\\\/09\\\/27\\\/tres-buques-con-operaciones-en-el-puerto-de-concepcion-del-uruguay\\\/\",\"name\":\"Tres buques con operaciones en el puerto de Concepci\u00f3n del Uruguay - Puerto de Concepci\u00f3n del Uruguay\",\"isPartOf\":{\"@id\":\"https:\\\/\\\/www.puertocdelu.com.ar\\\/#website\"},\"primaryImageOfPage\":{\"@id\":\"https:\\\/\\\/www.puertocdelu.com.ar\\\/index.php\\\/2021\\\/09\\\/27\\\/tres-buques-con-operaciones-en-el-puerto-de-concepcion-del-uruguay\\\/#primaryimage\"},\"image\":{\"@id\":\"https:\\\/\\\/www.puertocdelu.com.ar\\\/index.php\\\/2021\\\/09\\\/27\\\/tres-buques-con-operaciones-en-el-puerto-de-concepcion-del-uruguay\\\/#primaryimage\"},\"thumbnailUrl\":\"https:\\\/\\\/www.puertocdelu.com.ar\\\/wp-content\\\/uploads\\\/2021\\\/09\\\/African-Swan-01.jpg\",\"datePublished\":\"2021-09-27T06:52:18+00:00\",\"author\":{\"@id\":\"https:\\\/\\\/www.puertocdelu.com.ar\\\/#\\\/schema\\\/person\\\/9d258b923b29bd5f47ca80d9c8cd72d1\"},\"breadcrumb\":{\"@id\":\"https:\\\/\\\/www.puertocdelu.com.ar\\\/index.php\\\/2021\\\/09\\\/27\\\/tres-buques-con-operaciones-en-el-puerto-de-concepcion-del-uruguay\\\/#breadcrumb\"},\"inLanguage\":\"es\",\"potentialAction\":[{\"@type\":\"ReadAction\",\"target\":[\"https:\\\/\\\/www.puertocdelu.com.ar\\\/index.php\\\/2021\\\/09\\\/27\\\/tres-buques-con-operaciones-en-el-puerto-de-concepcion-del-uruguay\\\/\"]}]},{\"@type\":\"ImageObject\",\"inLanguage\":\"es\",\"@id\":\"https:\\\/\\\/www.puertocdelu.com.ar\\\/index.php\\\/2021\\\/09\\\/27\\\/tres-buques-con-operaciones-en-el-puerto-de-concepcion-del-uruguay\\\/#primaryimage\",\"url\":\"https:\\\/\\\/www.puertocdelu.com.ar\\\/wp-content\\\/uploads\\\/2021\\\/09\\\/African-Swan-01.jpg\",\"contentUrl\":\"https:\\\/\\\/www.puertocdelu.com.ar\\\/wp-content\\\/uploads\\\/2021\\\/09\\\/African-Swan-01.jpg\",\"width\":900,\"height\":506,\"caption\":\"default\"},{\"@type\":\"BreadcrumbList\",\"@id\":\"https:\\\/\\\/www.puertocdelu.com.ar\\\/index.php\\\/2021\\\/09\\\/27\\\/tres-buques-con-operaciones-en-el-puerto-de-concepcion-del-uruguay\\\/#breadcrumb\",\"itemListElement\":[{\"@type\":\"ListItem\",\"position\":1,\"name\":\"Portada\",\"item\":\"https:\\\/\\\/www.puertocdelu.com.ar\\\/\"},{\"@type\":\"ListItem\",\"position\":2,\"name\":\"Tres buques con operaciones en el puerto de Concepci\u00f3n del Uruguay\"}]},{\"@type\":\"WebSite\",\"@id\":\"https:\\\/\\\/www.puertocdelu.com.ar\\\/#website\",\"url\":\"https:\\\/\\\/www.puertocdelu.com.ar\\\/\",\"name\":\"Puerto de Concepci\u00f3n del Uruguay\",\"description\":\"\",\"potentialAction\":[{\"@type\":\"SearchAction\",\"target\":{\"@type\":\"EntryPoint\",\"urlTemplate\":\"https:\\\/\\\/www.puertocdelu.com.ar\\\/?s={search_term_string}\"},\"query-input\":{\"@type\":\"PropertyValueSpecification\",\"valueRequired\":true,\"valueName\":\"search_term_string\"}}],\"inLanguage\":\"es\"},{\"@type\":\"Person\",\"@id\":\"https:\\\/\\\/www.puertocdelu.com.ar\\\/#\\\/schema\\\/person\\\/9d258b923b29bd5f47ca80d9c8cd72d1\",\"name\":\"PuertoCdelU\",\"image\":{\"@type\":\"ImageObject\",\"inLanguage\":\"es\",\"@id\":\"https:\\\/\\\/secure.gravatar.com\\\/avatar\\\/99e38dea1727d397df18aced5ac6840012bb7f24c8570dcfafabb73086aed88c?s=96&d=mm&r=g\",\"url\":\"https:\\\/\\\/secure.gravatar.com\\\/avatar\\\/99e38dea1727d397df18aced5ac6840012bb7f24c8570dcfafabb73086aed88c?s=96&d=mm&r=g\",\"contentUrl\":\"https:\\\/\\\/secure.gravatar.com\\\/avatar\\\/99e38dea1727d397df18aced5ac6840012bb7f24c8570dcfafabb73086aed88c?s=96&d=mm&r=g\",\"caption\":\"PuertoCdelU\"},\"url\":\"https:\\\/\\\/www.puertocdelu.com.ar\\\/index.php\\\/author\\\/hectordelos1\\\/\"}]}<\/script>\n<!-- \/ Yoast SEO plugin. -->","yoast_head_json":{"title":"Tres buques con operaciones en el puerto de Concepci\u00f3n del Uruguay - Puerto de Concepci\u00f3n del Uruguay","robots":{"index":"index","follow":"follow","max-snippet":"max-snippet:-1","max-image-preview":"max-image-preview:large","max-video-preview":"max-video-preview:-1"},"canonical":"https:\/\/www.puertocdelu.com.ar\/index.php\/2021\/09\/27\/tres-buques-con-operaciones-en-el-puerto-de-concepcion-del-uruguay\/","og_locale":"es_ES","og_type":"article","og_title":"Tres buques con operaciones en el puerto de Concepci\u00f3n del Uruguay - Puerto de Concepci\u00f3n del Uruguay","og_description":"Durante todo este domingo el puerto de Concepci\u00f3n del Uruguay tuvo una jornada con tareas de salida y entrada de grandes buques para operar en sus muelles. Dos cargueros de 180 metros, y un buque tanque con combustible, debieron turnarse para realizar sus maniobras de zarpada y amarre en los diferentes muelles de la terminal [&hellip;]","og_url":"https:\/\/www.puertocdelu.com.ar\/index.php\/2021\/09\/27\/tres-buques-con-operaciones-en-el-puerto-de-concepcion-del-uruguay\/","og_site_name":"Puerto de Concepci\u00f3n del Uruguay","article_published_time":"2021-09-27T06:52:18+00:00","og_image":[{"width":900,"height":506,"url":"https:\/\/www.puertocdelu.com.ar\/wp-content\/uploads\/2021\/09\/African-Swan-01.jpg","type":"image\/jpeg"}],"author":"PuertoCdelU","twitter_card":"summary_large_image","twitter_misc":{"Escrito por":"PuertoCdelU","Tiempo de lectura":"2 minutos"},"schema":{"@context":"https:\/\/schema.org","@graph":[{"@type":"Article","@id":"https:\/\/www.puertocdelu.com.ar\/index.php\/2021\/09\/27\/tres-buques-con-operaciones-en-el-puerto-de-concepcion-del-uruguay\/#article","isPartOf":{"@id":"https:\/\/www.puertocdelu.com.ar\/index.php\/2021\/09\/27\/tres-buques-con-operaciones-en-el-puerto-de-concepcion-del-uruguay\/"},"author":{"name":"PuertoCdelU","@id":"https:\/\/www.puertocdelu.com.ar\/#\/schema\/person\/9d258b923b29bd5f47ca80d9c8cd72d1"},"headline":"Tres buques con operaciones en el puerto de Concepci\u00f3n del Uruguay","datePublished":"2021-09-27T06:52:18+00:00","mainEntityOfPage":{"@id":"https:\/\/www.puertocdelu.com.ar\/index.php\/2021\/09\/27\/tres-buques-con-operaciones-en-el-puerto-de-concepcion-del-uruguay\/"},"wordCount":329,"commentCount":0,"image":{"@id":"https:\/\/www.puertocdelu.com.ar\/index.php\/2021\/09\/27\/tres-buques-con-operaciones-en-el-puerto-de-concepcion-del-uruguay\/#primaryimage"},"thumbnailUrl":"https:\/\/www.puertocdelu.com.ar\/wp-content\/uploads\/2021\/09\/African-Swan-01.jpg","articleSection":["Noticias"],"inLanguage":"es","potentialAction":[{"@type":"CommentAction","name":"Comment","target":["https:\/\/www.puertocdelu.com.ar\/index.php\/2021\/09\/27\/tres-buques-con-operaciones-en-el-puerto-de-concepcion-del-uruguay\/#respond"]}]},{"@type":"WebPage","@id":"https:\/\/www.puertocdelu.com.ar\/index.php\/2021\/09\/27\/tres-buques-con-operaciones-en-el-puerto-de-concepcion-del-uruguay\/","url":"https:\/\/www.puertocdelu.com.ar\/index.php\/2021\/09\/27\/tres-buques-con-operaciones-en-el-puerto-de-concepcion-del-uruguay\/","name":"Tres buques con operaciones en el puerto de Concepci\u00f3n del Uruguay - Puerto de Concepci\u00f3n del Uruguay","isPartOf":{"@id":"https:\/\/www.puertocdelu.com.ar\/#website"},"primaryImageOfPage":{"@id":"https:\/\/www.puertocdelu.com.ar\/index.php\/2021\/09\/27\/tres-buques-con-operaciones-en-el-puerto-de-concepcion-del-uruguay\/#primaryimage"},"image":{"@id":"https:\/\/www.puertocdelu.com.ar\/index.php\/2021\/09\/27\/tres-buques-con-operaciones-en-el-puerto-de-concepcion-del-uruguay\/#primaryimage"},"thumbnailUrl":"https:\/\/www.puertocdelu.com.ar\/wp-content\/uploads\/2021\/09\/African-Swan-01.jpg","datePublished":"2021-09-27T06:52:18+00:00","author":{"@id":"https:\/\/www.puertocdelu.com.ar\/#\/schema\/person\/9d258b923b29bd5f47ca80d9c8cd72d1"},"breadcrumb":{"@id":"https:\/\/www.puertocdelu.com.ar\/index.php\/2021\/09\/27\/tres-buques-con-operaciones-en-el-puerto-de-concepcion-del-uruguay\/#breadcrumb"},"inLanguage":"es","potentialAction":[{"@type":"ReadAction","target":["https:\/\/www.puertocdelu.com.ar\/index.php\/2021\/09\/27\/tres-buques-con-operaciones-en-el-puerto-de-concepcion-del-uruguay\/"]}]},{"@type":"ImageObject","inLanguage":"es","@id":"https:\/\/www.puertocdelu.com.ar\/index.php\/2021\/09\/27\/tres-buques-con-operaciones-en-el-puerto-de-concepcion-del-uruguay\/#primaryimage","url":"https:\/\/www.puertocdelu.com.ar\/wp-content\/uploads\/2021\/09\/African-Swan-01.jpg","contentUrl":"https:\/\/www.puertocdelu.com.ar\/wp-content\/uploads\/2021\/09\/African-Swan-01.jpg","width":900,"height":506,"caption":"default"},{"@type":"BreadcrumbList","@id":"https:\/\/www.puertocdelu.com.ar\/index.php\/2021\/09\/27\/tres-buques-con-operaciones-en-el-puerto-de-concepcion-del-uruguay\/#breadcrumb","itemListElement":[{"@type":"ListItem","position":1,"name":"Portada","item":"https:\/\/www.puertocdelu.com.ar\/"},{"@type":"ListItem","position":2,"name":"Tres buques con operaciones en el puerto de Concepci\u00f3n del Uruguay"}]},{"@type":"WebSite","@id":"https:\/\/www.puertocdelu.com.ar\/#website","url":"https:\/\/www.puertocdelu.com.ar\/","name":"Puerto de Concepci\u00f3n del Uruguay","description":"","potentialAction":[{"@type":"SearchAction","target":{"@type":"EntryPoint","urlTemplate":"https:\/\/www.puertocdelu.com.ar\/?s={search_term_string}"},"query-input":{"@type":"PropertyValueSpecification","valueRequired":true,"valueName":"search_term_string"}}],"inLanguage":"es"},{"@type":"Person","@id":"https:\/\/www.puertocdelu.com.ar\/#\/schema\/person\/9d258b923b29bd5f47ca80d9c8cd72d1","name":"PuertoCdelU","image":{"@type":"ImageObject","inLanguage":"es","@id":"https:\/\/secure.gravatar.com\/avatar\/99e38dea1727d397df18aced5ac6840012bb7f24c8570dcfafabb73086aed88c?s=96&d=mm&r=g","url":"https:\/\/secure.gravatar.com\/avatar\/99e38dea1727d397df18aced5ac6840012bb7f24c8570dcfafabb73086aed88c?s=96&d=mm&r=g","contentUrl":"https:\/\/secure.gravatar.com\/avatar\/99e38dea1727d397df18aced5ac6840012bb7f24c8570dcfafabb73086aed88c?s=96&d=mm&r=g","caption":"PuertoCdelU"},"url":"https:\/\/www.puertocdelu.com.ar\/index.php\/author\/hectordelos1\/"}]}},"_links":{"self":[{"href":"https:\/\/www.puertocdelu.com.ar\/index.php\/wp-json\/wp\/v2\/posts\/2359","targetHints":{"allow":["GET"]}}],"collection":[{"href":"https:\/\/www.puertocdelu.com.ar\/index.php\/wp-json\/wp\/v2\/posts"}],"about":[{"href":"https:\/\/www.puertocdelu.com.ar\/index.php\/wp-json\/wp\/v2\/types\/post"}],"author":[{"embeddable":true,"href":"https:\/\/www.puertocdelu.com.ar\/index.php\/wp-json\/wp\/v2\/users\/1"}],"replies":[{"embeddable":true,"href":"https:\/\/www.puertocdelu.com.ar\/index.php\/wp-json\/wp\/v2\/comments?post=2359"}],"version-history":[{"count":1,"href":"https:\/\/www.puertocdelu.com.ar\/index.php\/wp-json\/wp\/v2\/posts\/2359\/revisions"}],"predecessor-version":[{"id":2363,"href":"https:\/\/www.puertocdelu.com.ar\/index.php\/wp-json\/wp\/v2\/posts\/2359\/revisions\/2363"}],"wp:featuredmedia":[{"embeddable":true,"href":"https:\/\/www.puertocdelu.com.ar\/index.php\/wp-json\/wp\/v2\/media\/2360"}],"wp:attachment":[{"href":"https:\/\/www.puertocdelu.com.ar\/index.php\/wp-json\/wp\/v2\/media?parent=2359"}],"wp:term":[{"taxonomy":"category","embeddable":true,"href":"https:\/\/www.puertocdelu.com.ar\/index.php\/wp-json\/wp\/v2\/categories?post=2359"},{"taxonomy":"post_tag","embeddable":true,"href":"https:\/\/www.puertocdelu.com.ar\/index.php\/wp-json\/wp\/v2\/tags?post=2359"}],"curies":[{"name":"wp","href":"https:\/\/api.w.org\/{rel}","templated":true}]}}