{"id":2369,"date":"2021-10-09T21:21:35","date_gmt":"2021-10-09T21:21:35","guid":{"rendered":"http:\/\/www.puertocdelu.com.ar\/?p=2369"},"modified":"2021-10-09T21:21:35","modified_gmt":"2021-10-09T21:21:35","slug":"comunidades-de-la-region-del-rio-uruguay-gestionan-por-contenedores-para-exportacion","status":"publish","type":"post","link":"https:\/\/www.puertocdelu.com.ar\/index.php\/2021\/10\/09\/comunidades-de-la-region-del-rio-uruguay-gestionan-por-contenedores-para-exportacion\/","title":{"rendered":"Comunidades de la regi\u00f3n del r\u00edo Uruguay gestionan por contenedores para exportaci\u00f3n"},"content":{"rendered":"<p>El Presidente del Instituto Portuario de Entre R\u00edos, Carlos Schepens, particip\u00f3 del encuentro convocado por el Comit\u00e9 para el Desarrollo de la Cuenca del r\u00edo Uruguay, y brind\u00f3 detalles sobre la situaci\u00f3n por la que atraviesan los puertos de la provincia ante la falta de contenedores.<\/p>\n<p>De igual manera detall\u00f3 las dificultades por las que atraviesan los productores e industriales de la regi\u00f3n al tener paralizada gran parte de su producci\u00f3n destinada a la exportaci\u00f3n.<\/p>\n<p>\u201cDesde el gobierno de Entre R\u00edos se ha concretado la reactivaci\u00f3n y respalda el desarrollo portuario entendiendo que los puertos entrerrianos son puertos al servicio de toda la regi\u00f3n. Hist\u00f3ricamente trabajamos en conjunto con el Uruguay, apoyando el crecimiento y la generaci\u00f3n de trabajo genuino para nuestras comunidades. Gran parte de la producci\u00f3n de la regi\u00f3n demanda contenedores para exportar desde nuestros puertos, y esta necesidad no tiene respuestas de parte de las empresas navieras\u201d, se\u00f1al\u00f3 Schepens.<\/p>\n<p>Este Comit\u00e9 de Cuenca est\u00e1 integrado por 29 intendencias pertenecientes a los tres pa\u00edses, y emiti\u00f3 un documento conjunto que pide \u201ca las compa\u00f1\u00edas navieras arbitrar todos los medios necesarios para potenciar definitivamente el sistema de ingreso y egreso de contenedores para el comercio exterior en la regi\u00f3n del r\u00edo Uruguay\u201d.<\/p>\n<p>Seg\u00fan detallan los jefes comunales, estas tres terminales cuentan con todos los elementos de tierra necesarios para estas operaciones, como as\u00ed tambi\u00e9n de un buque feeder que une estos puertos semanalmente.<\/p>\n<p>La reuni\u00f3n plenaria de los jefes comunales de la regi\u00f3n estuvo presidida por los intendentes de Concepci\u00f3n del Uruguay, Mart\u00edn Oliva, y de Fray Bentos, Omar Lafluf.<\/p>\n<p>El encuentro tuvo lugar en la sede de la Comisi\u00f3n Administradora del R\u00edo Uruguay (CARU), donde los titulares de la delegaci\u00f3n uruguaya, Daniel Ayala Barrios, y argentina, Jos\u00e9 Lauritto, dieron la bienvenida a los presentes y brindaron detalles sobre los trabajos realizados por esa Comisi\u00f3n en el r\u00edo Uruguay.<\/p>\n<p>Como representantes de cada una de las comunidades a la vera del r\u00edo, los intendentes expusieron que \u201cproductores y exportadores de ambas orillas del r\u00edo, plantean la necesidad imperiosa de sostener este sistema de contenedores por el R\u00edo Uruguay, ya que se cuenta con puertos de bajos costos que permitir\u00edan sostener la actividad econ\u00f3mica que hoy genera miles de puestos de trabajo\u201d.<\/p>\n<p>Se se\u00f1al\u00f3 que tanto los usuarios de cargas secas, como las principales empresas exportadoras de carne av\u00edcola y carnes rojas, cuentan con sus c\u00e1maras de fr\u00edo completas, y en ambos casos, sin posibilidad de acceder a los mercados internacionales m\u00e1s alejados.<\/p>\n<p>Esto se debe al desequilibrio de costos que implica la falta de contenedores, el traslado de sus cargas a puertos lejanos, y la falta de espacios en los puertos m\u00e1s grandes de la regi\u00f3n.<\/p>\n<p>\u201cAnte lo expuesto se confirma que esta regi\u00f3n cuenta con gran cantidad de cargas, dispone de puertos con toda la infraestructura necesaria para operar con contenedores, y hay un feeder recorriendo la regi\u00f3n. S\u00f3lo falta que las empresas navieras posicionen contenedores en estos puertos\u201d, afirman.<\/p>\n<p>Cierran este documento solicitando a las \u201crespectivas \u00e1reas de nuestros gobiernos centrales, como as\u00ed tambi\u00e9n a los directivos de las empresas navieras, se de curso de forma urgente al pedido de este Comit\u00e9, en virtud de que el comercio exterior es el eje central de la generaci\u00f3n de trabajo genuino como motor para el desarrollo de toda la regi\u00f3n\u201d.<\/p>\n","protected":false},"excerpt":{"rendered":"<p>El Presidente del Instituto Portuario de Entre R\u00edos, Carlos Schepens, particip\u00f3 del encuentro convocado por el Comit\u00e9 para el Desarrollo de la Cuenca del r\u00edo Uruguay, y brind\u00f3 detalles sobre la situaci\u00f3n por la que atraviesan los puertos de la provincia ante la falta de contenedores. De igual manera detall\u00f3 las dificultades por las que [&hellip;]<\/p>\n","protected":false},"author":1,"featured_media":2370,"comment_status":"open","ping_status":"open","sticky":false,"template":"","format":"standard","meta":{"footnotes":""},"categories":[81],"tags":[],"class_list":{"0":"post-2369","1":"post","2":"type-post","3":"status-publish","4":"format-standard","5":"has-post-thumbnail","7":"category-noticias"},"yoast_head":"<!-- This site is optimized with the Yoast SEO plugin v27.4 - https:\/\/yoast.com\/product\/yoast-seo-wordpress\/ -->\n<title>Comunidades de la regi\u00f3n del r\u00edo Uruguay gestionan por contenedores para exportaci\u00f3n - Puerto de Concepci\u00f3n del Uruguay<\/title>\n<meta name=\"robots\" content=\"index, follow, max-snippet:-1, max-image-preview:large, max-video-preview:-1\" \/>\n<link rel=\"canonical\" href=\"https:\/\/www.puertocdelu.com.ar\/index.php\/2021\/10\/09\/comunidades-de-la-region-del-rio-uruguay-gestionan-por-contenedores-para-exportacion\/\" \/>\n<meta property=\"og:locale\" content=\"es_ES\" \/>\n<meta property=\"og:type\" content=\"article\" \/>\n<meta property=\"og:title\" content=\"Comunidades de la regi\u00f3n del r\u00edo Uruguay gestionan por contenedores para exportaci\u00f3n - Puerto de Concepci\u00f3n del Uruguay\" \/>\n<meta property=\"og:description\" content=\"El Presidente del Instituto Portuario de Entre R\u00edos, Carlos Schepens, particip\u00f3 del encuentro convocado por el Comit\u00e9 para el Desarrollo de la Cuenca del r\u00edo Uruguay, y brind\u00f3 detalles sobre la situaci\u00f3n por la que atraviesan los puertos de la provincia ante la falta de contenedores. De igual manera detall\u00f3 las dificultades por las que [&hellip;]\" \/>\n<meta property=\"og:url\" content=\"https:\/\/www.puertocdelu.com.ar\/index.php\/2021\/10\/09\/comunidades-de-la-region-del-rio-uruguay-gestionan-por-contenedores-para-exportacion\/\" \/>\n<meta property=\"og:site_name\" content=\"Puerto de Concepci\u00f3n del Uruguay\" \/>\n<meta property=\"article:published_time\" content=\"2021-10-09T21:21:35+00:00\" \/>\n<meta property=\"og:image\" content=\"https:\/\/www.puertocdelu.com.ar\/wp-content\/uploads\/2021\/10\/Comite-Hidrovia.jpg\" \/>\n\t<meta property=\"og:image:width\" content=\"900\" \/>\n\t<meta property=\"og:image:height\" content=\"600\" \/>\n\t<meta property=\"og:image:type\" content=\"image\/jpeg\" \/>\n<meta name=\"author\" content=\"PuertoCdelU\" \/>\n<meta name=\"twitter:card\" content=\"summary_large_image\" \/>\n<meta name=\"twitter:label1\" content=\"Escrito por\" \/>\n\t<meta name=\"twitter:data1\" content=\"PuertoCdelU\" \/>\n\t<meta name=\"twitter:label2\" content=\"Tiempo de lectura\" \/>\n\t<meta name=\"twitter:data2\" content=\"3 minutos\" \/>\n<script type=\"application\/ld+json\" class=\"yoast-schema-graph\">{\"@context\":\"https:\\\/\\\/schema.org\",\"@graph\":[{\"@type\":\"Article\",\"@id\":\"https:\\\/\\\/www.puertocdelu.com.ar\\\/index.php\\\/2021\\\/10\\\/09\\\/comunidades-de-la-region-del-rio-uruguay-gestionan-por-contenedores-para-exportacion\\\/#article\",\"isPartOf\":{\"@id\":\"https:\\\/\\\/www.puertocdelu.com.ar\\\/index.php\\\/2021\\\/10\\\/09\\\/comunidades-de-la-region-del-rio-uruguay-gestionan-por-contenedores-para-exportacion\\\/\"},\"author\":{\"name\":\"PuertoCdelU\",\"@id\":\"https:\\\/\\\/www.puertocdelu.com.ar\\\/#\\\/schema\\\/person\\\/9d258b923b29bd5f47ca80d9c8cd72d1\"},\"headline\":\"Comunidades de la regi\u00f3n del r\u00edo Uruguay gestionan por contenedores para exportaci\u00f3n\",\"datePublished\":\"2021-10-09T21:21:35+00:00\",\"mainEntityOfPage\":{\"@id\":\"https:\\\/\\\/www.puertocdelu.com.ar\\\/index.php\\\/2021\\\/10\\\/09\\\/comunidades-de-la-region-del-rio-uruguay-gestionan-por-contenedores-para-exportacion\\\/\"},\"wordCount\":612,\"commentCount\":0,\"image\":{\"@id\":\"https:\\\/\\\/www.puertocdelu.com.ar\\\/index.php\\\/2021\\\/10\\\/09\\\/comunidades-de-la-region-del-rio-uruguay-gestionan-por-contenedores-para-exportacion\\\/#primaryimage\"},\"thumbnailUrl\":\"https:\\\/\\\/www.puertocdelu.com.ar\\\/wp-content\\\/uploads\\\/2021\\\/10\\\/Comite-Hidrovia.jpg\",\"articleSection\":[\"Noticias\"],\"inLanguage\":\"es\",\"potentialAction\":[{\"@type\":\"CommentAction\",\"name\":\"Comment\",\"target\":[\"https:\\\/\\\/www.puertocdelu.com.ar\\\/index.php\\\/2021\\\/10\\\/09\\\/comunidades-de-la-region-del-rio-uruguay-gestionan-por-contenedores-para-exportacion\\\/#respond\"]}]},{\"@type\":\"WebPage\",\"@id\":\"https:\\\/\\\/www.puertocdelu.com.ar\\\/index.php\\\/2021\\\/10\\\/09\\\/comunidades-de-la-region-del-rio-uruguay-gestionan-por-contenedores-para-exportacion\\\/\",\"url\":\"https:\\\/\\\/www.puertocdelu.com.ar\\\/index.php\\\/2021\\\/10\\\/09\\\/comunidades-de-la-region-del-rio-uruguay-gestionan-por-contenedores-para-exportacion\\\/\",\"name\":\"Comunidades de la regi\u00f3n del r\u00edo Uruguay gestionan por contenedores para exportaci\u00f3n - Puerto de Concepci\u00f3n del Uruguay\",\"isPartOf\":{\"@id\":\"https:\\\/\\\/www.puertocdelu.com.ar\\\/#website\"},\"primaryImageOfPage\":{\"@id\":\"https:\\\/\\\/www.puertocdelu.com.ar\\\/index.php\\\/2021\\\/10\\\/09\\\/comunidades-de-la-region-del-rio-uruguay-gestionan-por-contenedores-para-exportacion\\\/#primaryimage\"},\"image\":{\"@id\":\"https:\\\/\\\/www.puertocdelu.com.ar\\\/index.php\\\/2021\\\/10\\\/09\\\/comunidades-de-la-region-del-rio-uruguay-gestionan-por-contenedores-para-exportacion\\\/#primaryimage\"},\"thumbnailUrl\":\"https:\\\/\\\/www.puertocdelu.com.ar\\\/wp-content\\\/uploads\\\/2021\\\/10\\\/Comite-Hidrovia.jpg\",\"datePublished\":\"2021-10-09T21:21:35+00:00\",\"author\":{\"@id\":\"https:\\\/\\\/www.puertocdelu.com.ar\\\/#\\\/schema\\\/person\\\/9d258b923b29bd5f47ca80d9c8cd72d1\"},\"breadcrumb\":{\"@id\":\"https:\\\/\\\/www.puertocdelu.com.ar\\\/index.php\\\/2021\\\/10\\\/09\\\/comunidades-de-la-region-del-rio-uruguay-gestionan-por-contenedores-para-exportacion\\\/#breadcrumb\"},\"inLanguage\":\"es\",\"potentialAction\":[{\"@type\":\"ReadAction\",\"target\":[\"https:\\\/\\\/www.puertocdelu.com.ar\\\/index.php\\\/2021\\\/10\\\/09\\\/comunidades-de-la-region-del-rio-uruguay-gestionan-por-contenedores-para-exportacion\\\/\"]}]},{\"@type\":\"ImageObject\",\"inLanguage\":\"es\",\"@id\":\"https:\\\/\\\/www.puertocdelu.com.ar\\\/index.php\\\/2021\\\/10\\\/09\\\/comunidades-de-la-region-del-rio-uruguay-gestionan-por-contenedores-para-exportacion\\\/#primaryimage\",\"url\":\"https:\\\/\\\/www.puertocdelu.com.ar\\\/wp-content\\\/uploads\\\/2021\\\/10\\\/Comite-Hidrovia.jpg\",\"contentUrl\":\"https:\\\/\\\/www.puertocdelu.com.ar\\\/wp-content\\\/uploads\\\/2021\\\/10\\\/Comite-Hidrovia.jpg\",\"width\":900,\"height\":600,\"caption\":\"DCIM100GOPROGOPR1423.JPG\"},{\"@type\":\"BreadcrumbList\",\"@id\":\"https:\\\/\\\/www.puertocdelu.com.ar\\\/index.php\\\/2021\\\/10\\\/09\\\/comunidades-de-la-region-del-rio-uruguay-gestionan-por-contenedores-para-exportacion\\\/#breadcrumb\",\"itemListElement\":[{\"@type\":\"ListItem\",\"position\":1,\"name\":\"Portada\",\"item\":\"https:\\\/\\\/www.puertocdelu.com.ar\\\/\"},{\"@type\":\"ListItem\",\"position\":2,\"name\":\"Comunidades de la regi\u00f3n del r\u00edo Uruguay gestionan por contenedores para exportaci\u00f3n\"}]},{\"@type\":\"WebSite\",\"@id\":\"https:\\\/\\\/www.puertocdelu.com.ar\\\/#website\",\"url\":\"https:\\\/\\\/www.puertocdelu.com.ar\\\/\",\"name\":\"Puerto de Concepci\u00f3n del Uruguay\",\"description\":\"\",\"potentialAction\":[{\"@type\":\"SearchAction\",\"target\":{\"@type\":\"EntryPoint\",\"urlTemplate\":\"https:\\\/\\\/www.puertocdelu.com.ar\\\/?s={search_term_string}\"},\"query-input\":{\"@type\":\"PropertyValueSpecification\",\"valueRequired\":true,\"valueName\":\"search_term_string\"}}],\"inLanguage\":\"es\"},{\"@type\":\"Person\",\"@id\":\"https:\\\/\\\/www.puertocdelu.com.ar\\\/#\\\/schema\\\/person\\\/9d258b923b29bd5f47ca80d9c8cd72d1\",\"name\":\"PuertoCdelU\",\"image\":{\"@type\":\"ImageObject\",\"inLanguage\":\"es\",\"@id\":\"https:\\\/\\\/secure.gravatar.com\\\/avatar\\\/99e38dea1727d397df18aced5ac6840012bb7f24c8570dcfafabb73086aed88c?s=96&d=mm&r=g\",\"url\":\"https:\\\/\\\/secure.gravatar.com\\\/avatar\\\/99e38dea1727d397df18aced5ac6840012bb7f24c8570dcfafabb73086aed88c?s=96&d=mm&r=g\",\"contentUrl\":\"https:\\\/\\\/secure.gravatar.com\\\/avatar\\\/99e38dea1727d397df18aced5ac6840012bb7f24c8570dcfafabb73086aed88c?s=96&d=mm&r=g\",\"caption\":\"PuertoCdelU\"},\"url\":\"https:\\\/\\\/www.puertocdelu.com.ar\\\/index.php\\\/author\\\/hectordelos1\\\/\"}]}<\/script>\n<!-- \/ Yoast SEO plugin. -->","yoast_head_json":{"title":"Comunidades de la regi\u00f3n del r\u00edo Uruguay gestionan por contenedores para exportaci\u00f3n - Puerto de Concepci\u00f3n del Uruguay","robots":{"index":"index","follow":"follow","max-snippet":"max-snippet:-1","max-image-preview":"max-image-preview:large","max-video-preview":"max-video-preview:-1"},"canonical":"https:\/\/www.puertocdelu.com.ar\/index.php\/2021\/10\/09\/comunidades-de-la-region-del-rio-uruguay-gestionan-por-contenedores-para-exportacion\/","og_locale":"es_ES","og_type":"article","og_title":"Comunidades de la regi\u00f3n del r\u00edo Uruguay gestionan por contenedores para exportaci\u00f3n - Puerto de Concepci\u00f3n del Uruguay","og_description":"El Presidente del Instituto Portuario de Entre R\u00edos, Carlos Schepens, particip\u00f3 del encuentro convocado por el Comit\u00e9 para el Desarrollo de la Cuenca del r\u00edo Uruguay, y brind\u00f3 detalles sobre la situaci\u00f3n por la que atraviesan los puertos de la provincia ante la falta de contenedores. De igual manera detall\u00f3 las dificultades por las que [&hellip;]","og_url":"https:\/\/www.puertocdelu.com.ar\/index.php\/2021\/10\/09\/comunidades-de-la-region-del-rio-uruguay-gestionan-por-contenedores-para-exportacion\/","og_site_name":"Puerto de Concepci\u00f3n del Uruguay","article_published_time":"2021-10-09T21:21:35+00:00","og_image":[{"width":900,"height":600,"url":"https:\/\/www.puertocdelu.com.ar\/wp-content\/uploads\/2021\/10\/Comite-Hidrovia.jpg","type":"image\/jpeg"}],"author":"PuertoCdelU","twitter_card":"summary_large_image","twitter_misc":{"Escrito por":"PuertoCdelU","Tiempo de lectura":"3 minutos"},"schema":{"@context":"https:\/\/schema.org","@graph":[{"@type":"Article","@id":"https:\/\/www.puertocdelu.com.ar\/index.php\/2021\/10\/09\/comunidades-de-la-region-del-rio-uruguay-gestionan-por-contenedores-para-exportacion\/#article","isPartOf":{"@id":"https:\/\/www.puertocdelu.com.ar\/index.php\/2021\/10\/09\/comunidades-de-la-region-del-rio-uruguay-gestionan-por-contenedores-para-exportacion\/"},"author":{"name":"PuertoCdelU","@id":"https:\/\/www.puertocdelu.com.ar\/#\/schema\/person\/9d258b923b29bd5f47ca80d9c8cd72d1"},"headline":"Comunidades de la regi\u00f3n del r\u00edo Uruguay gestionan por contenedores para exportaci\u00f3n","datePublished":"2021-10-09T21:21:35+00:00","mainEntityOfPage":{"@id":"https:\/\/www.puertocdelu.com.ar\/index.php\/2021\/10\/09\/comunidades-de-la-region-del-rio-uruguay-gestionan-por-contenedores-para-exportacion\/"},"wordCount":612,"commentCount":0,"image":{"@id":"https:\/\/www.puertocdelu.com.ar\/index.php\/2021\/10\/09\/comunidades-de-la-region-del-rio-uruguay-gestionan-por-contenedores-para-exportacion\/#primaryimage"},"thumbnailUrl":"https:\/\/www.puertocdelu.com.ar\/wp-content\/uploads\/2021\/10\/Comite-Hidrovia.jpg","articleSection":["Noticias"],"inLanguage":"es","potentialAction":[{"@type":"CommentAction","name":"Comment","target":["https:\/\/www.puertocdelu.com.ar\/index.php\/2021\/10\/09\/comunidades-de-la-region-del-rio-uruguay-gestionan-por-contenedores-para-exportacion\/#respond"]}]},{"@type":"WebPage","@id":"https:\/\/www.puertocdelu.com.ar\/index.php\/2021\/10\/09\/comunidades-de-la-region-del-rio-uruguay-gestionan-por-contenedores-para-exportacion\/","url":"https:\/\/www.puertocdelu.com.ar\/index.php\/2021\/10\/09\/comunidades-de-la-region-del-rio-uruguay-gestionan-por-contenedores-para-exportacion\/","name":"Comunidades de la regi\u00f3n del r\u00edo Uruguay gestionan por contenedores para exportaci\u00f3n - Puerto de Concepci\u00f3n del Uruguay","isPartOf":{"@id":"https:\/\/www.puertocdelu.com.ar\/#website"},"primaryImageOfPage":{"@id":"https:\/\/www.puertocdelu.com.ar\/index.php\/2021\/10\/09\/comunidades-de-la-region-del-rio-uruguay-gestionan-por-contenedores-para-exportacion\/#primaryimage"},"image":{"@id":"https:\/\/www.puertocdelu.com.ar\/index.php\/2021\/10\/09\/comunidades-de-la-region-del-rio-uruguay-gestionan-por-contenedores-para-exportacion\/#primaryimage"},"thumbnailUrl":"https:\/\/www.puertocdelu.com.ar\/wp-content\/uploads\/2021\/10\/Comite-Hidrovia.jpg","datePublished":"2021-10-09T21:21:35+00:00","author":{"@id":"https:\/\/www.puertocdelu.com.ar\/#\/schema\/person\/9d258b923b29bd5f47ca80d9c8cd72d1"},"breadcrumb":{"@id":"https:\/\/www.puertocdelu.com.ar\/index.php\/2021\/10\/09\/comunidades-de-la-region-del-rio-uruguay-gestionan-por-contenedores-para-exportacion\/#breadcrumb"},"inLanguage":"es","potentialAction":[{"@type":"ReadAction","target":["https:\/\/www.puertocdelu.com.ar\/index.php\/2021\/10\/09\/comunidades-de-la-region-del-rio-uruguay-gestionan-por-contenedores-para-exportacion\/"]}]},{"@type":"ImageObject","inLanguage":"es","@id":"https:\/\/www.puertocdelu.com.ar\/index.php\/2021\/10\/09\/comunidades-de-la-region-del-rio-uruguay-gestionan-por-contenedores-para-exportacion\/#primaryimage","url":"https:\/\/www.puertocdelu.com.ar\/wp-content\/uploads\/2021\/10\/Comite-Hidrovia.jpg","contentUrl":"https:\/\/www.puertocdelu.com.ar\/wp-content\/uploads\/2021\/10\/Comite-Hidrovia.jpg","width":900,"height":600,"caption":"DCIM100GOPROGOPR1423.JPG"},{"@type":"BreadcrumbList","@id":"https:\/\/www.puertocdelu.com.ar\/index.php\/2021\/10\/09\/comunidades-de-la-region-del-rio-uruguay-gestionan-por-contenedores-para-exportacion\/#breadcrumb","itemListElement":[{"@type":"ListItem","position":1,"name":"Portada","item":"https:\/\/www.puertocdelu.com.ar\/"},{"@type":"ListItem","position":2,"name":"Comunidades de la regi\u00f3n del r\u00edo Uruguay gestionan por contenedores para exportaci\u00f3n"}]},{"@type":"WebSite","@id":"https:\/\/www.puertocdelu.com.ar\/#website","url":"https:\/\/www.puertocdelu.com.ar\/","name":"Puerto de Concepci\u00f3n del Uruguay","description":"","potentialAction":[{"@type":"SearchAction","target":{"@type":"EntryPoint","urlTemplate":"https:\/\/www.puertocdelu.com.ar\/?s={search_term_string}"},"query-input":{"@type":"PropertyValueSpecification","valueRequired":true,"valueName":"search_term_string"}}],"inLanguage":"es"},{"@type":"Person","@id":"https:\/\/www.puertocdelu.com.ar\/#\/schema\/person\/9d258b923b29bd5f47ca80d9c8cd72d1","name":"PuertoCdelU","image":{"@type":"ImageObject","inLanguage":"es","@id":"https:\/\/secure.gravatar.com\/avatar\/99e38dea1727d397df18aced5ac6840012bb7f24c8570dcfafabb73086aed88c?s=96&d=mm&r=g","url":"https:\/\/secure.gravatar.com\/avatar\/99e38dea1727d397df18aced5ac6840012bb7f24c8570dcfafabb73086aed88c?s=96&d=mm&r=g","contentUrl":"https:\/\/secure.gravatar.com\/avatar\/99e38dea1727d397df18aced5ac6840012bb7f24c8570dcfafabb73086aed88c?s=96&d=mm&r=g","caption":"PuertoCdelU"},"url":"https:\/\/www.puertocdelu.com.ar\/index.php\/author\/hectordelos1\/"}]}},"_links":{"self":[{"href":"https:\/\/www.puertocdelu.com.ar\/index.php\/wp-json\/wp\/v2\/posts\/2369","targetHints":{"allow":["GET"]}}],"collection":[{"href":"https:\/\/www.puertocdelu.com.ar\/index.php\/wp-json\/wp\/v2\/posts"}],"about":[{"href":"https:\/\/www.puertocdelu.com.ar\/index.php\/wp-json\/wp\/v2\/types\/post"}],"author":[{"embeddable":true,"href":"https:\/\/www.puertocdelu.com.ar\/index.php\/wp-json\/wp\/v2\/users\/1"}],"replies":[{"embeddable":true,"href":"https:\/\/www.puertocdelu.com.ar\/index.php\/wp-json\/wp\/v2\/comments?post=2369"}],"version-history":[{"count":1,"href":"https:\/\/www.puertocdelu.com.ar\/index.php\/wp-json\/wp\/v2\/posts\/2369\/revisions"}],"predecessor-version":[{"id":2371,"href":"https:\/\/www.puertocdelu.com.ar\/index.php\/wp-json\/wp\/v2\/posts\/2369\/revisions\/2371"}],"wp:featuredmedia":[{"embeddable":true,"href":"https:\/\/www.puertocdelu.com.ar\/index.php\/wp-json\/wp\/v2\/media\/2370"}],"wp:attachment":[{"href":"https:\/\/www.puertocdelu.com.ar\/index.php\/wp-json\/wp\/v2\/media?parent=2369"}],"wp:term":[{"taxonomy":"category","embeddable":true,"href":"https:\/\/www.puertocdelu.com.ar\/index.php\/wp-json\/wp\/v2\/categories?post=2369"},{"taxonomy":"post_tag","embeddable":true,"href":"https:\/\/www.puertocdelu.com.ar\/index.php\/wp-json\/wp\/v2\/tags?post=2369"}],"curies":[{"name":"wp","href":"https:\/\/api.w.org\/{rel}","templated":true}]}}