{"id":2387,"date":"2021-11-20T17:56:27","date_gmt":"2021-11-20T17:56:27","guid":{"rendered":"http:\/\/www.puertocdelu.com.ar\/?p=2387"},"modified":"2021-11-20T17:56:27","modified_gmt":"2021-11-20T17:56:27","slug":"el-sector-empresario-de-gualeguaychu-respalda-el-desarrollo-portuario-entrerriano","status":"publish","type":"post","link":"https:\/\/www.puertocdelu.com.ar\/index.php\/2021\/11\/20\/el-sector-empresario-de-gualeguaychu-respalda-el-desarrollo-portuario-entrerriano\/","title":{"rendered":"El sector empresario de Gualeguaych\u00fa respalda el desarrollo portuario entrerriano"},"content":{"rendered":"<p>Representantes del sector empresario de Gualeguaych\u00fa apoyaron y valoraron las gestiones necesarias para exportar desde Concepci\u00f3n del Uruguay durante un encuentro que mantuvieron con el ministro de Producci\u00f3n, Juan Jos\u00e9 Bahillo, en La Hist\u00f3rica.<\/p>\n<p>\u201cHemos participado de diferentes reuniones con distintos sectores productivos e industriales de Gualeguaych\u00fa, todos sostienen que les servir\u00eda exportar por Concepci\u00f3n del Uruguay. Est\u00e1 el contexto, est\u00e1 la decisi\u00f3n pol\u00edtica del Estado, est\u00e1n las cargas, por lo que es necesario respaldar todas las gestiones que se necesiten para lograr que lleguen contenedores hasta Concepci\u00f3n del Uruguay y poder exportar desde aqu\u00ed\u201d, destac\u00f3 la presidente de la Corporaci\u00f3n para el Desarrollo de Gualeguaych\u00fa (Codegu), Estela Mi\u00f1o, quien mantuvo un encuentro con el el ministro de Producci\u00f3n, Juan Jos\u00e9 Bahillo, en la sede del Puerto de Concepci\u00f3n del Uruguay.<\/p>\n<p>Estuvieron tambi\u00e9n el presidente del Instituto Portuario Provincial, Carlos Schepens; el titular del Ente Puerto Concepci\u00f3n del Uruguay, Marcelo Gay Balm\u00e1z; el presidente de la C\u00e1mara de Comercio Exterior de Gualeguaychu, Domingo Veronesi; integrantes de la Agencia de Desarrollo Gualeguaych\u00fa, Juan Schroll y Gaspar Girard; el administrador de la Aduana de Concepci\u00f3n del Uruguay, Ludovico L\u00f3pez Meyer, y el gerente de la empresa TPCU, operadora de la terminal de contenedores del puerto uruguayense, Cristian Galante.<\/p>\n<p>En ese marco, Bahillo remarc\u00f3 la importancia de regionalizar los beneficios de los puertos entrerrianos sobre las distintas cadenas de valor de la provincia. \u00abEl sistema portuario entrerriano est\u00e1 al servicio de la regi\u00f3n, brinda ventajas competitivas para todos los productores e industriales que demandan una salida al mundo a trav\u00e9s de puertos de cercan\u00eda, y que permiten bajar costos y ganar en seguridad y previsibilidad para sus cargas\u201d, sostuvo el ministro de Producci\u00f3n.<\/p>\n<p>Destac\u00f3 adem\u00e1s que el desarrollo portuario es una pol\u00edtica de Estado desde el primer d\u00eda de gesti\u00f3n del gobernador Gustavo Bordet. \u201cPor eso las inversiones en infraestructura, la recuperaci\u00f3n del ferrocarril de cargas en Entre R\u00edos, y por eso tambi\u00e9n el respaldo permanente de todas las \u00e1reas de gobierno para facilitar la cooperaci\u00f3n entre el Estado y el sector privado en todas las cadenas de valor que tiene la provincia\u201d.<\/p>\n<p>Durante la reuni\u00f3n se pusieron de relieve las gestiones realizadas ante las empresas navieras internacionales para contar con contenedores posicionados en el puerto de Concepci\u00f3n del Uruguay, una necesidad que demanda la regi\u00f3n para exportar a trav\u00e9s de La Hist\u00f3rica, y evitar los largos viajes y dificultades que presenta el puerto de Buenos Aires.<\/p>\n<p>En este mismo sentido, el ministro Bahillo resalt\u00f3 el respaldo del Ministerio de Transporte de la Naci\u00f3n, a trav\u00e9s de la figura del Ministro Alexis Guerrera \u201ccon quien estamos en contacto para avanzar en una federalizaci\u00f3n efectiva de los puertos y facilitar el desarrollo regional para que la producci\u00f3n entrerriana salga a trav\u00e9s de puertos entrerrianos\u201d.<\/p>\n<p>Estela Mi\u00f1o resalt\u00f3 que desde la Agencia de Desarrollo de Gualeguaych\u00fa se respaldan todas las acciones que tengan que ver con el desarrollo del sector productivo e industrial, y que los puertos forman parte de un sistema log\u00edstico que resulta vital para el crecimiento regional.<\/p>\n<p>\u201cHemos participado de diferentes reuniones con distintos sectores productivos e industriales de Gualeguaych\u00fa, todos sostienen que les servir\u00eda exportar por Concepci\u00f3n del Uruguay. Est\u00e1 el contexto, est\u00e1 la decisi\u00f3n pol\u00edtica del Estado, est\u00e1n las cargas, por lo que es necesario respaldar todas las gestiones que se necesiten para lograr que lleguen contenedores hasta Concepci\u00f3n del Uruguay y poder exportar desde aqu\u00ed\u201d, destac\u00f3 Mi\u00f1o.<\/p>\n<p>En el mismo sentido, al finalizar el encuentro, la presidenta de la Codegu rese\u00f1\u00f3 que \u201cnos hicimos de datos precisos en lo que hace a las frecuencias de cargadores, la disponibilidad de contenedores, infraestructura y la log\u00edstica en general. La idea es trasladar lo que observamos y seguir generando v\u00ednculos virtuosos que puedan llevar mejoras en las ventajas competitivas a nuestras empresas y por ende promover el desarrollo regional en general\u201d, detall\u00f3 Estela Mi\u00f1o.<\/p>\n<p>Carlos Schepens, por su parte, puntualiz\u00f3 que \u201clos puertos entrerrianos est\u00e1n enmarcados dentro de una gran regi\u00f3n que involucra a toda la Mesopotamia, Paraguay, Uruguay, Bolivia y el sur de Brasil, en ese contexto, Concepci\u00f3n del Uruguay y Gualeguaych\u00fa debemos trabajar en conjunto porque hay fuerza productiva e infraestructura log\u00edstica para potenciar el desarrollo de nuestras comunidades\u201d.<\/p>\n<p>Desde la Agencia de Desarrollo de Gualeguaych\u00fa se resalt\u00f3 finalmente que \u201cesta visita es un nuevo cap\u00edtulo en el acercamiento de las partes que ya tuvo una serie de encuentros en la b\u00fasqueda de la promoci\u00f3n del puerto ultramarino de Concepci\u00f3n del Uruguay, que, con infraestructura y precios competitivos, reducir\u00eda sustancialmente los costos log\u00edsticos al encontrarse solamente a 70 kil\u00f3metros de la zona de influencia\u201d, destacaron.<\/p>\n","protected":false},"excerpt":{"rendered":"<p>Representantes del sector empresario de Gualeguaych\u00fa apoyaron y valoraron las gestiones necesarias para exportar desde Concepci\u00f3n del Uruguay durante un encuentro que mantuvieron con el ministro de Producci\u00f3n, Juan Jos\u00e9 Bahillo, en La Hist\u00f3rica. \u201cHemos participado de diferentes reuniones con distintos sectores productivos e industriales de Gualeguaych\u00fa, todos sostienen que les servir\u00eda exportar por Concepci\u00f3n [&hellip;]<\/p>\n","protected":false},"author":1,"featured_media":2388,"comment_status":"open","ping_status":"open","sticky":false,"template":"","format":"standard","meta":{"footnotes":""},"categories":[81],"tags":[],"class_list":{"0":"post-2387","1":"post","2":"type-post","3":"status-publish","4":"format-standard","5":"has-post-thumbnail","7":"category-noticias"},"yoast_head":"<!-- This site is optimized with the Yoast SEO plugin v27.4 - https:\/\/yoast.com\/product\/yoast-seo-wordpress\/ -->\n<title>El sector empresario de Gualeguaych\u00fa respalda el desarrollo portuario entrerriano - Puerto de Concepci\u00f3n del Uruguay<\/title>\n<meta name=\"robots\" content=\"index, follow, max-snippet:-1, max-image-preview:large, max-video-preview:-1\" \/>\n<link rel=\"canonical\" href=\"https:\/\/www.puertocdelu.com.ar\/index.php\/2021\/11\/20\/el-sector-empresario-de-gualeguaychu-respalda-el-desarrollo-portuario-entrerriano\/\" \/>\n<meta property=\"og:locale\" content=\"es_ES\" \/>\n<meta property=\"og:type\" content=\"article\" \/>\n<meta property=\"og:title\" content=\"El sector empresario de Gualeguaych\u00fa respalda el desarrollo portuario entrerriano - Puerto de Concepci\u00f3n del Uruguay\" \/>\n<meta property=\"og:description\" content=\"Representantes del sector empresario de Gualeguaych\u00fa apoyaron y valoraron las gestiones necesarias para exportar desde Concepci\u00f3n del Uruguay durante un encuentro que mantuvieron con el ministro de Producci\u00f3n, Juan Jos\u00e9 Bahillo, en La Hist\u00f3rica. \u201cHemos participado de diferentes reuniones con distintos sectores productivos e industriales de Gualeguaych\u00fa, todos sostienen que les servir\u00eda exportar por Concepci\u00f3n [&hellip;]\" \/>\n<meta property=\"og:url\" content=\"https:\/\/www.puertocdelu.com.ar\/index.php\/2021\/11\/20\/el-sector-empresario-de-gualeguaychu-respalda-el-desarrollo-portuario-entrerriano\/\" \/>\n<meta property=\"og:site_name\" content=\"Puerto de Concepci\u00f3n del Uruguay\" \/>\n<meta property=\"article:published_time\" content=\"2021-11-20T17:56:27+00:00\" \/>\n<meta property=\"og:image\" content=\"https:\/\/www.puertocdelu.com.ar\/wp-content\/uploads\/2021\/11\/gualeguaychu03.jpg\" \/>\n\t<meta property=\"og:image:width\" content=\"1920\" \/>\n\t<meta property=\"og:image:height\" content=\"1280\" \/>\n\t<meta property=\"og:image:type\" content=\"image\/jpeg\" \/>\n<meta name=\"author\" content=\"PuertoCdelU\" \/>\n<meta name=\"twitter:card\" content=\"summary_large_image\" \/>\n<meta name=\"twitter:label1\" content=\"Escrito por\" \/>\n\t<meta name=\"twitter:data1\" content=\"PuertoCdelU\" \/>\n\t<meta name=\"twitter:label2\" content=\"Tiempo de lectura\" \/>\n\t<meta name=\"twitter:data2\" content=\"4 minutos\" \/>\n<script type=\"application\/ld+json\" class=\"yoast-schema-graph\">{\"@context\":\"https:\\\/\\\/schema.org\",\"@graph\":[{\"@type\":\"Article\",\"@id\":\"https:\\\/\\\/www.puertocdelu.com.ar\\\/index.php\\\/2021\\\/11\\\/20\\\/el-sector-empresario-de-gualeguaychu-respalda-el-desarrollo-portuario-entrerriano\\\/#article\",\"isPartOf\":{\"@id\":\"https:\\\/\\\/www.puertocdelu.com.ar\\\/index.php\\\/2021\\\/11\\\/20\\\/el-sector-empresario-de-gualeguaychu-respalda-el-desarrollo-portuario-entrerriano\\\/\"},\"author\":{\"name\":\"PuertoCdelU\",\"@id\":\"https:\\\/\\\/www.puertocdelu.com.ar\\\/#\\\/schema\\\/person\\\/9d258b923b29bd5f47ca80d9c8cd72d1\"},\"headline\":\"El sector empresario de Gualeguaych\u00fa respalda el desarrollo portuario entrerriano\",\"datePublished\":\"2021-11-20T17:56:27+00:00\",\"mainEntityOfPage\":{\"@id\":\"https:\\\/\\\/www.puertocdelu.com.ar\\\/index.php\\\/2021\\\/11\\\/20\\\/el-sector-empresario-de-gualeguaychu-respalda-el-desarrollo-portuario-entrerriano\\\/\"},\"wordCount\":838,\"commentCount\":0,\"image\":{\"@id\":\"https:\\\/\\\/www.puertocdelu.com.ar\\\/index.php\\\/2021\\\/11\\\/20\\\/el-sector-empresario-de-gualeguaychu-respalda-el-desarrollo-portuario-entrerriano\\\/#primaryimage\"},\"thumbnailUrl\":\"https:\\\/\\\/www.puertocdelu.com.ar\\\/wp-content\\\/uploads\\\/2021\\\/11\\\/gualeguaychu03.jpg\",\"articleSection\":[\"Noticias\"],\"inLanguage\":\"es\",\"potentialAction\":[{\"@type\":\"CommentAction\",\"name\":\"Comment\",\"target\":[\"https:\\\/\\\/www.puertocdelu.com.ar\\\/index.php\\\/2021\\\/11\\\/20\\\/el-sector-empresario-de-gualeguaychu-respalda-el-desarrollo-portuario-entrerriano\\\/#respond\"]}]},{\"@type\":\"WebPage\",\"@id\":\"https:\\\/\\\/www.puertocdelu.com.ar\\\/index.php\\\/2021\\\/11\\\/20\\\/el-sector-empresario-de-gualeguaychu-respalda-el-desarrollo-portuario-entrerriano\\\/\",\"url\":\"https:\\\/\\\/www.puertocdelu.com.ar\\\/index.php\\\/2021\\\/11\\\/20\\\/el-sector-empresario-de-gualeguaychu-respalda-el-desarrollo-portuario-entrerriano\\\/\",\"name\":\"El sector empresario de Gualeguaych\u00fa respalda el desarrollo portuario entrerriano - Puerto de Concepci\u00f3n del Uruguay\",\"isPartOf\":{\"@id\":\"https:\\\/\\\/www.puertocdelu.com.ar\\\/#website\"},\"primaryImageOfPage\":{\"@id\":\"https:\\\/\\\/www.puertocdelu.com.ar\\\/index.php\\\/2021\\\/11\\\/20\\\/el-sector-empresario-de-gualeguaychu-respalda-el-desarrollo-portuario-entrerriano\\\/#primaryimage\"},\"image\":{\"@id\":\"https:\\\/\\\/www.puertocdelu.com.ar\\\/index.php\\\/2021\\\/11\\\/20\\\/el-sector-empresario-de-gualeguaychu-respalda-el-desarrollo-portuario-entrerriano\\\/#primaryimage\"},\"thumbnailUrl\":\"https:\\\/\\\/www.puertocdelu.com.ar\\\/wp-content\\\/uploads\\\/2021\\\/11\\\/gualeguaychu03.jpg\",\"datePublished\":\"2021-11-20T17:56:27+00:00\",\"author\":{\"@id\":\"https:\\\/\\\/www.puertocdelu.com.ar\\\/#\\\/schema\\\/person\\\/9d258b923b29bd5f47ca80d9c8cd72d1\"},\"breadcrumb\":{\"@id\":\"https:\\\/\\\/www.puertocdelu.com.ar\\\/index.php\\\/2021\\\/11\\\/20\\\/el-sector-empresario-de-gualeguaychu-respalda-el-desarrollo-portuario-entrerriano\\\/#breadcrumb\"},\"inLanguage\":\"es\",\"potentialAction\":[{\"@type\":\"ReadAction\",\"target\":[\"https:\\\/\\\/www.puertocdelu.com.ar\\\/index.php\\\/2021\\\/11\\\/20\\\/el-sector-empresario-de-gualeguaychu-respalda-el-desarrollo-portuario-entrerriano\\\/\"]}]},{\"@type\":\"ImageObject\",\"inLanguage\":\"es\",\"@id\":\"https:\\\/\\\/www.puertocdelu.com.ar\\\/index.php\\\/2021\\\/11\\\/20\\\/el-sector-empresario-de-gualeguaychu-respalda-el-desarrollo-portuario-entrerriano\\\/#primaryimage\",\"url\":\"https:\\\/\\\/www.puertocdelu.com.ar\\\/wp-content\\\/uploads\\\/2021\\\/11\\\/gualeguaychu03.jpg\",\"contentUrl\":\"https:\\\/\\\/www.puertocdelu.com.ar\\\/wp-content\\\/uploads\\\/2021\\\/11\\\/gualeguaychu03.jpg\",\"width\":1920,\"height\":1280,\"caption\":\"DCIM100GOPROGOPR1524.JPG\"},{\"@type\":\"BreadcrumbList\",\"@id\":\"https:\\\/\\\/www.puertocdelu.com.ar\\\/index.php\\\/2021\\\/11\\\/20\\\/el-sector-empresario-de-gualeguaychu-respalda-el-desarrollo-portuario-entrerriano\\\/#breadcrumb\",\"itemListElement\":[{\"@type\":\"ListItem\",\"position\":1,\"name\":\"Portada\",\"item\":\"https:\\\/\\\/www.puertocdelu.com.ar\\\/\"},{\"@type\":\"ListItem\",\"position\":2,\"name\":\"El sector empresario de Gualeguaych\u00fa respalda el desarrollo portuario entrerriano\"}]},{\"@type\":\"WebSite\",\"@id\":\"https:\\\/\\\/www.puertocdelu.com.ar\\\/#website\",\"url\":\"https:\\\/\\\/www.puertocdelu.com.ar\\\/\",\"name\":\"Puerto de Concepci\u00f3n del Uruguay\",\"description\":\"\",\"potentialAction\":[{\"@type\":\"SearchAction\",\"target\":{\"@type\":\"EntryPoint\",\"urlTemplate\":\"https:\\\/\\\/www.puertocdelu.com.ar\\\/?s={search_term_string}\"},\"query-input\":{\"@type\":\"PropertyValueSpecification\",\"valueRequired\":true,\"valueName\":\"search_term_string\"}}],\"inLanguage\":\"es\"},{\"@type\":\"Person\",\"@id\":\"https:\\\/\\\/www.puertocdelu.com.ar\\\/#\\\/schema\\\/person\\\/9d258b923b29bd5f47ca80d9c8cd72d1\",\"name\":\"PuertoCdelU\",\"image\":{\"@type\":\"ImageObject\",\"inLanguage\":\"es\",\"@id\":\"https:\\\/\\\/secure.gravatar.com\\\/avatar\\\/99e38dea1727d397df18aced5ac6840012bb7f24c8570dcfafabb73086aed88c?s=96&d=mm&r=g\",\"url\":\"https:\\\/\\\/secure.gravatar.com\\\/avatar\\\/99e38dea1727d397df18aced5ac6840012bb7f24c8570dcfafabb73086aed88c?s=96&d=mm&r=g\",\"contentUrl\":\"https:\\\/\\\/secure.gravatar.com\\\/avatar\\\/99e38dea1727d397df18aced5ac6840012bb7f24c8570dcfafabb73086aed88c?s=96&d=mm&r=g\",\"caption\":\"PuertoCdelU\"},\"url\":\"https:\\\/\\\/www.puertocdelu.com.ar\\\/index.php\\\/author\\\/hectordelos1\\\/\"}]}<\/script>\n<!-- \/ Yoast SEO plugin. -->","yoast_head_json":{"title":"El sector empresario de Gualeguaych\u00fa respalda el desarrollo portuario entrerriano - Puerto de Concepci\u00f3n del Uruguay","robots":{"index":"index","follow":"follow","max-snippet":"max-snippet:-1","max-image-preview":"max-image-preview:large","max-video-preview":"max-video-preview:-1"},"canonical":"https:\/\/www.puertocdelu.com.ar\/index.php\/2021\/11\/20\/el-sector-empresario-de-gualeguaychu-respalda-el-desarrollo-portuario-entrerriano\/","og_locale":"es_ES","og_type":"article","og_title":"El sector empresario de Gualeguaych\u00fa respalda el desarrollo portuario entrerriano - Puerto de Concepci\u00f3n del Uruguay","og_description":"Representantes del sector empresario de Gualeguaych\u00fa apoyaron y valoraron las gestiones necesarias para exportar desde Concepci\u00f3n del Uruguay durante un encuentro que mantuvieron con el ministro de Producci\u00f3n, Juan Jos\u00e9 Bahillo, en La Hist\u00f3rica. \u201cHemos participado de diferentes reuniones con distintos sectores productivos e industriales de Gualeguaych\u00fa, todos sostienen que les servir\u00eda exportar por Concepci\u00f3n [&hellip;]","og_url":"https:\/\/www.puertocdelu.com.ar\/index.php\/2021\/11\/20\/el-sector-empresario-de-gualeguaychu-respalda-el-desarrollo-portuario-entrerriano\/","og_site_name":"Puerto de Concepci\u00f3n del Uruguay","article_published_time":"2021-11-20T17:56:27+00:00","og_image":[{"width":1920,"height":1280,"url":"https:\/\/www.puertocdelu.com.ar\/wp-content\/uploads\/2021\/11\/gualeguaychu03.jpg","type":"image\/jpeg"}],"author":"PuertoCdelU","twitter_card":"summary_large_image","twitter_misc":{"Escrito por":"PuertoCdelU","Tiempo de lectura":"4 minutos"},"schema":{"@context":"https:\/\/schema.org","@graph":[{"@type":"Article","@id":"https:\/\/www.puertocdelu.com.ar\/index.php\/2021\/11\/20\/el-sector-empresario-de-gualeguaychu-respalda-el-desarrollo-portuario-entrerriano\/#article","isPartOf":{"@id":"https:\/\/www.puertocdelu.com.ar\/index.php\/2021\/11\/20\/el-sector-empresario-de-gualeguaychu-respalda-el-desarrollo-portuario-entrerriano\/"},"author":{"name":"PuertoCdelU","@id":"https:\/\/www.puertocdelu.com.ar\/#\/schema\/person\/9d258b923b29bd5f47ca80d9c8cd72d1"},"headline":"El sector empresario de Gualeguaych\u00fa respalda el desarrollo portuario entrerriano","datePublished":"2021-11-20T17:56:27+00:00","mainEntityOfPage":{"@id":"https:\/\/www.puertocdelu.com.ar\/index.php\/2021\/11\/20\/el-sector-empresario-de-gualeguaychu-respalda-el-desarrollo-portuario-entrerriano\/"},"wordCount":838,"commentCount":0,"image":{"@id":"https:\/\/www.puertocdelu.com.ar\/index.php\/2021\/11\/20\/el-sector-empresario-de-gualeguaychu-respalda-el-desarrollo-portuario-entrerriano\/#primaryimage"},"thumbnailUrl":"https:\/\/www.puertocdelu.com.ar\/wp-content\/uploads\/2021\/11\/gualeguaychu03.jpg","articleSection":["Noticias"],"inLanguage":"es","potentialAction":[{"@type":"CommentAction","name":"Comment","target":["https:\/\/www.puertocdelu.com.ar\/index.php\/2021\/11\/20\/el-sector-empresario-de-gualeguaychu-respalda-el-desarrollo-portuario-entrerriano\/#respond"]}]},{"@type":"WebPage","@id":"https:\/\/www.puertocdelu.com.ar\/index.php\/2021\/11\/20\/el-sector-empresario-de-gualeguaychu-respalda-el-desarrollo-portuario-entrerriano\/","url":"https:\/\/www.puertocdelu.com.ar\/index.php\/2021\/11\/20\/el-sector-empresario-de-gualeguaychu-respalda-el-desarrollo-portuario-entrerriano\/","name":"El sector empresario de Gualeguaych\u00fa respalda el desarrollo portuario entrerriano - Puerto de Concepci\u00f3n del Uruguay","isPartOf":{"@id":"https:\/\/www.puertocdelu.com.ar\/#website"},"primaryImageOfPage":{"@id":"https:\/\/www.puertocdelu.com.ar\/index.php\/2021\/11\/20\/el-sector-empresario-de-gualeguaychu-respalda-el-desarrollo-portuario-entrerriano\/#primaryimage"},"image":{"@id":"https:\/\/www.puertocdelu.com.ar\/index.php\/2021\/11\/20\/el-sector-empresario-de-gualeguaychu-respalda-el-desarrollo-portuario-entrerriano\/#primaryimage"},"thumbnailUrl":"https:\/\/www.puertocdelu.com.ar\/wp-content\/uploads\/2021\/11\/gualeguaychu03.jpg","datePublished":"2021-11-20T17:56:27+00:00","author":{"@id":"https:\/\/www.puertocdelu.com.ar\/#\/schema\/person\/9d258b923b29bd5f47ca80d9c8cd72d1"},"breadcrumb":{"@id":"https:\/\/www.puertocdelu.com.ar\/index.php\/2021\/11\/20\/el-sector-empresario-de-gualeguaychu-respalda-el-desarrollo-portuario-entrerriano\/#breadcrumb"},"inLanguage":"es","potentialAction":[{"@type":"ReadAction","target":["https:\/\/www.puertocdelu.com.ar\/index.php\/2021\/11\/20\/el-sector-empresario-de-gualeguaychu-respalda-el-desarrollo-portuario-entrerriano\/"]}]},{"@type":"ImageObject","inLanguage":"es","@id":"https:\/\/www.puertocdelu.com.ar\/index.php\/2021\/11\/20\/el-sector-empresario-de-gualeguaychu-respalda-el-desarrollo-portuario-entrerriano\/#primaryimage","url":"https:\/\/www.puertocdelu.com.ar\/wp-content\/uploads\/2021\/11\/gualeguaychu03.jpg","contentUrl":"https:\/\/www.puertocdelu.com.ar\/wp-content\/uploads\/2021\/11\/gualeguaychu03.jpg","width":1920,"height":1280,"caption":"DCIM100GOPROGOPR1524.JPG"},{"@type":"BreadcrumbList","@id":"https:\/\/www.puertocdelu.com.ar\/index.php\/2021\/11\/20\/el-sector-empresario-de-gualeguaychu-respalda-el-desarrollo-portuario-entrerriano\/#breadcrumb","itemListElement":[{"@type":"ListItem","position":1,"name":"Portada","item":"https:\/\/www.puertocdelu.com.ar\/"},{"@type":"ListItem","position":2,"name":"El sector empresario de Gualeguaych\u00fa respalda el desarrollo portuario entrerriano"}]},{"@type":"WebSite","@id":"https:\/\/www.puertocdelu.com.ar\/#website","url":"https:\/\/www.puertocdelu.com.ar\/","name":"Puerto de Concepci\u00f3n del Uruguay","description":"","potentialAction":[{"@type":"SearchAction","target":{"@type":"EntryPoint","urlTemplate":"https:\/\/www.puertocdelu.com.ar\/?s={search_term_string}"},"query-input":{"@type":"PropertyValueSpecification","valueRequired":true,"valueName":"search_term_string"}}],"inLanguage":"es"},{"@type":"Person","@id":"https:\/\/www.puertocdelu.com.ar\/#\/schema\/person\/9d258b923b29bd5f47ca80d9c8cd72d1","name":"PuertoCdelU","image":{"@type":"ImageObject","inLanguage":"es","@id":"https:\/\/secure.gravatar.com\/avatar\/99e38dea1727d397df18aced5ac6840012bb7f24c8570dcfafabb73086aed88c?s=96&d=mm&r=g","url":"https:\/\/secure.gravatar.com\/avatar\/99e38dea1727d397df18aced5ac6840012bb7f24c8570dcfafabb73086aed88c?s=96&d=mm&r=g","contentUrl":"https:\/\/secure.gravatar.com\/avatar\/99e38dea1727d397df18aced5ac6840012bb7f24c8570dcfafabb73086aed88c?s=96&d=mm&r=g","caption":"PuertoCdelU"},"url":"https:\/\/www.puertocdelu.com.ar\/index.php\/author\/hectordelos1\/"}]}},"_links":{"self":[{"href":"https:\/\/www.puertocdelu.com.ar\/index.php\/wp-json\/wp\/v2\/posts\/2387","targetHints":{"allow":["GET"]}}],"collection":[{"href":"https:\/\/www.puertocdelu.com.ar\/index.php\/wp-json\/wp\/v2\/posts"}],"about":[{"href":"https:\/\/www.puertocdelu.com.ar\/index.php\/wp-json\/wp\/v2\/types\/post"}],"author":[{"embeddable":true,"href":"https:\/\/www.puertocdelu.com.ar\/index.php\/wp-json\/wp\/v2\/users\/1"}],"replies":[{"embeddable":true,"href":"https:\/\/www.puertocdelu.com.ar\/index.php\/wp-json\/wp\/v2\/comments?post=2387"}],"version-history":[{"count":1,"href":"https:\/\/www.puertocdelu.com.ar\/index.php\/wp-json\/wp\/v2\/posts\/2387\/revisions"}],"predecessor-version":[{"id":2389,"href":"https:\/\/www.puertocdelu.com.ar\/index.php\/wp-json\/wp\/v2\/posts\/2387\/revisions\/2389"}],"wp:featuredmedia":[{"embeddable":true,"href":"https:\/\/www.puertocdelu.com.ar\/index.php\/wp-json\/wp\/v2\/media\/2388"}],"wp:attachment":[{"href":"https:\/\/www.puertocdelu.com.ar\/index.php\/wp-json\/wp\/v2\/media?parent=2387"}],"wp:term":[{"taxonomy":"category","embeddable":true,"href":"https:\/\/www.puertocdelu.com.ar\/index.php\/wp-json\/wp\/v2\/categories?post=2387"},{"taxonomy":"post_tag","embeddable":true,"href":"https:\/\/www.puertocdelu.com.ar\/index.php\/wp-json\/wp\/v2\/tags?post=2387"}],"curies":[{"name":"wp","href":"https:\/\/api.w.org\/{rel}","templated":true}]}}