{"id":2390,"date":"2021-11-24T19:07:21","date_gmt":"2021-11-24T19:07:21","guid":{"rendered":"http:\/\/www.puertocdelu.com.ar\/?p=2390"},"modified":"2021-11-24T19:07:29","modified_gmt":"2021-11-24T19:07:29","slug":"los-puertos-entrerrianos-ya-suman-mas-de-un-millon-y-medio-de-toneladas-exportadas","status":"publish","type":"post","link":"https:\/\/www.puertocdelu.com.ar\/index.php\/2021\/11\/24\/los-puertos-entrerrianos-ya-suman-mas-de-un-millon-y-medio-de-toneladas-exportadas\/","title":{"rendered":"Los puertos entrerrianos ya suman m\u00e1s de un mill\u00f3n y medio de toneladas exportadas"},"content":{"rendered":"<p>Este martes zarp\u00f3 del puerto de Concepci\u00f3n del Uruguay el buque ultramarino Fengtien, transportando 16.000 toneladas de troncos de pino con destino a la India.<\/p>\n<p>Este embarque se suma a otras 55 operaciones de exportaci\u00f3n que se han llevado adelante desde los puertos entrerrianos comercializando maderas y granos hacia distintos destinos en el mundo.<\/p>\n<p>Este buque de bandera de Singapur, lleg\u00f3 el pasado viernes a Entre R\u00edos proveniente del puerto de Durban, en Sud\u00e1frica.<br \/>\nDurante los tres d\u00edas del pasado fin de semana largo oper\u00f3 de forma ininterrumpida durante las 24 horas en Concepci\u00f3n del Uruguay.<\/p>\n<p>M\u00e1s de 500 viajes de camiones fueron necesarios para abastecer las 5 bodegas de este carguero que tiene 180 metros de eslora y 30 de manga.<\/p>\n<p>Los puertos de Concepci\u00f3n del Uruguay e Ibicuy se han transformado en una alternativa vital para el comercio exterior de la provincia de Entre R\u00edos, posibilitando el ingreso de divisas, generando miles de empleos genuinos para los entrerrianos, y brindando ventajas competitivas a los productores de toda la regi\u00f3n.<\/p>\n<p>La reactivaci\u00f3n portuaria ha sido uno de los pilares de la pol\u00edtica de desarrollo que el gobernador Gustavo Bordet puso en marcha para potenciar al sector productivo e industrial de Entre R\u00edos.<\/p>\n<p>El gobierno provincial respald\u00f3 el dragado del r\u00edo Uruguay logrado en el a\u00f1o 2018, generando las condiciones necesarias para una navegabilidad segura y previsible en esta hidrov\u00eda.<\/p>\n<p>De igual manera la Provincia formaliz\u00f3 la habilitaci\u00f3n definitiva del Puerto de Ibicuy, posibilitando la puesta en marcha de este importante puerto de aguas profundas sobre la costa del Paran\u00e1.<\/p>\n<p>A trav\u00e9s de ambos puertos ya se han exportado m\u00e1s de 1.5 millones de toneladas de cargas provenientes de la provincia de Entre R\u00edos, Corrientes y Misiones.<\/p>\n<p>Productos como arroz en bolsa, elaborado, medio grano o c\u00e1scara, han tenido destinos como Irak, Senegal, Costa Rica, Uruguay, o Venezuela.<br \/>\nLa madera, por su parte, proviene de montes de cultivo de gran parte de la Mesopotamia, y tiene mercados de enorme importancia global, como lo son China e India.<\/p>\n<p>Recuperaci\u00f3n integral<br \/>\nLa intensa actividad portuaria de la provincia permiti\u00f3, a su vez, el retorno del tren de cargas a Entre R\u00edos, Corrientes y Misiones, llegando hasta el l\u00edmite con Paraguay, lo que sum\u00f3 una alternativa multimodal para una gran cantidad de productores e industriales de toda esta regi\u00f3n que ahora pueden sumar sus cargas al ferrocarril para disminuir costos log\u00edsticos.<\/p>\n<p>Finalmente, este a\u00f1o se volvi\u00f3 a poner en marcha el Elevador Terminal de Granos del puerto uruguayense, sumando tambi\u00e9n barcazas como alternativa de embarque para las exportaciones que s\u00f3lo se hac\u00edan a trav\u00e9s de buques ultramarinos de gran porte.<\/p>\n","protected":false},"excerpt":{"rendered":"<p>Este martes zarp\u00f3 del puerto de Concepci\u00f3n del Uruguay el buque ultramarino Fengtien, transportando 16.000 toneladas de troncos de pino con destino a la India. Este embarque se suma a otras 55 operaciones de exportaci\u00f3n que se han llevado adelante desde los puertos entrerrianos comercializando maderas y granos hacia distintos destinos en el mundo. Este [&hellip;]<\/p>\n","protected":false},"author":1,"featured_media":2391,"comment_status":"open","ping_status":"open","sticky":false,"template":"","format":"standard","meta":{"footnotes":""},"categories":[81],"tags":[],"class_list":{"0":"post-2390","1":"post","2":"type-post","3":"status-publish","4":"format-standard","5":"has-post-thumbnail","7":"category-noticias"},"yoast_head":"<!-- This site is optimized with the Yoast SEO plugin v27.4 - https:\/\/yoast.com\/product\/yoast-seo-wordpress\/ -->\n<title>Los puertos entrerrianos ya suman m\u00e1s de un mill\u00f3n y medio de toneladas exportadas - Puerto de Concepci\u00f3n del Uruguay<\/title>\n<meta name=\"robots\" content=\"index, follow, max-snippet:-1, max-image-preview:large, max-video-preview:-1\" \/>\n<link rel=\"canonical\" href=\"https:\/\/www.puertocdelu.com.ar\/index.php\/2021\/11\/24\/los-puertos-entrerrianos-ya-suman-mas-de-un-millon-y-medio-de-toneladas-exportadas\/\" \/>\n<meta property=\"og:locale\" content=\"es_ES\" \/>\n<meta property=\"og:type\" content=\"article\" \/>\n<meta property=\"og:title\" content=\"Los puertos entrerrianos ya suman m\u00e1s de un mill\u00f3n y medio de toneladas exportadas - Puerto de Concepci\u00f3n del Uruguay\" \/>\n<meta property=\"og:description\" content=\"Este martes zarp\u00f3 del puerto de Concepci\u00f3n del Uruguay el buque ultramarino Fengtien, transportando 16.000 toneladas de troncos de pino con destino a la India. Este embarque se suma a otras 55 operaciones de exportaci\u00f3n que se han llevado adelante desde los puertos entrerrianos comercializando maderas y granos hacia distintos destinos en el mundo. Este [&hellip;]\" \/>\n<meta property=\"og:url\" content=\"https:\/\/www.puertocdelu.com.ar\/index.php\/2021\/11\/24\/los-puertos-entrerrianos-ya-suman-mas-de-un-millon-y-medio-de-toneladas-exportadas\/\" \/>\n<meta property=\"og:site_name\" content=\"Puerto de Concepci\u00f3n del Uruguay\" \/>\n<meta property=\"article:published_time\" content=\"2021-11-24T19:07:21+00:00\" \/>\n<meta property=\"article:modified_time\" content=\"2021-11-24T19:07:29+00:00\" \/>\n<meta property=\"og:image\" content=\"https:\/\/www.puertocdelu.com.ar\/wp-content\/uploads\/2021\/11\/DJI_0860.jpg\" \/>\n\t<meta property=\"og:image:width\" content=\"900\" \/>\n\t<meta property=\"og:image:height\" content=\"506\" \/>\n\t<meta property=\"og:image:type\" content=\"image\/jpeg\" \/>\n<meta name=\"author\" content=\"PuertoCdelU\" \/>\n<meta name=\"twitter:card\" content=\"summary_large_image\" \/>\n<meta name=\"twitter:label1\" content=\"Escrito por\" \/>\n\t<meta name=\"twitter:data1\" content=\"PuertoCdelU\" \/>\n\t<meta name=\"twitter:label2\" content=\"Tiempo de lectura\" \/>\n\t<meta name=\"twitter:data2\" content=\"2 minutos\" \/>\n<script type=\"application\/ld+json\" class=\"yoast-schema-graph\">{\"@context\":\"https:\\\/\\\/schema.org\",\"@graph\":[{\"@type\":\"Article\",\"@id\":\"https:\\\/\\\/www.puertocdelu.com.ar\\\/index.php\\\/2021\\\/11\\\/24\\\/los-puertos-entrerrianos-ya-suman-mas-de-un-millon-y-medio-de-toneladas-exportadas\\\/#article\",\"isPartOf\":{\"@id\":\"https:\\\/\\\/www.puertocdelu.com.ar\\\/index.php\\\/2021\\\/11\\\/24\\\/los-puertos-entrerrianos-ya-suman-mas-de-un-millon-y-medio-de-toneladas-exportadas\\\/\"},\"author\":{\"name\":\"PuertoCdelU\",\"@id\":\"https:\\\/\\\/www.puertocdelu.com.ar\\\/#\\\/schema\\\/person\\\/9d258b923b29bd5f47ca80d9c8cd72d1\"},\"headline\":\"Los puertos entrerrianos ya suman m\u00e1s de un mill\u00f3n y medio de toneladas exportadas\",\"datePublished\":\"2021-11-24T19:07:21+00:00\",\"dateModified\":\"2021-11-24T19:07:29+00:00\",\"mainEntityOfPage\":{\"@id\":\"https:\\\/\\\/www.puertocdelu.com.ar\\\/index.php\\\/2021\\\/11\\\/24\\\/los-puertos-entrerrianos-ya-suman-mas-de-un-millon-y-medio-de-toneladas-exportadas\\\/\"},\"wordCount\":475,\"commentCount\":0,\"image\":{\"@id\":\"https:\\\/\\\/www.puertocdelu.com.ar\\\/index.php\\\/2021\\\/11\\\/24\\\/los-puertos-entrerrianos-ya-suman-mas-de-un-millon-y-medio-de-toneladas-exportadas\\\/#primaryimage\"},\"thumbnailUrl\":\"https:\\\/\\\/www.puertocdelu.com.ar\\\/wp-content\\\/uploads\\\/2021\\\/11\\\/DJI_0860.jpg\",\"articleSection\":[\"Noticias\"],\"inLanguage\":\"es\",\"potentialAction\":[{\"@type\":\"CommentAction\",\"name\":\"Comment\",\"target\":[\"https:\\\/\\\/www.puertocdelu.com.ar\\\/index.php\\\/2021\\\/11\\\/24\\\/los-puertos-entrerrianos-ya-suman-mas-de-un-millon-y-medio-de-toneladas-exportadas\\\/#respond\"]}]},{\"@type\":\"WebPage\",\"@id\":\"https:\\\/\\\/www.puertocdelu.com.ar\\\/index.php\\\/2021\\\/11\\\/24\\\/los-puertos-entrerrianos-ya-suman-mas-de-un-millon-y-medio-de-toneladas-exportadas\\\/\",\"url\":\"https:\\\/\\\/www.puertocdelu.com.ar\\\/index.php\\\/2021\\\/11\\\/24\\\/los-puertos-entrerrianos-ya-suman-mas-de-un-millon-y-medio-de-toneladas-exportadas\\\/\",\"name\":\"Los puertos entrerrianos ya suman m\u00e1s de un mill\u00f3n y medio de toneladas exportadas - Puerto de Concepci\u00f3n del Uruguay\",\"isPartOf\":{\"@id\":\"https:\\\/\\\/www.puertocdelu.com.ar\\\/#website\"},\"primaryImageOfPage\":{\"@id\":\"https:\\\/\\\/www.puertocdelu.com.ar\\\/index.php\\\/2021\\\/11\\\/24\\\/los-puertos-entrerrianos-ya-suman-mas-de-un-millon-y-medio-de-toneladas-exportadas\\\/#primaryimage\"},\"image\":{\"@id\":\"https:\\\/\\\/www.puertocdelu.com.ar\\\/index.php\\\/2021\\\/11\\\/24\\\/los-puertos-entrerrianos-ya-suman-mas-de-un-millon-y-medio-de-toneladas-exportadas\\\/#primaryimage\"},\"thumbnailUrl\":\"https:\\\/\\\/www.puertocdelu.com.ar\\\/wp-content\\\/uploads\\\/2021\\\/11\\\/DJI_0860.jpg\",\"datePublished\":\"2021-11-24T19:07:21+00:00\",\"dateModified\":\"2021-11-24T19:07:29+00:00\",\"author\":{\"@id\":\"https:\\\/\\\/www.puertocdelu.com.ar\\\/#\\\/schema\\\/person\\\/9d258b923b29bd5f47ca80d9c8cd72d1\"},\"breadcrumb\":{\"@id\":\"https:\\\/\\\/www.puertocdelu.com.ar\\\/index.php\\\/2021\\\/11\\\/24\\\/los-puertos-entrerrianos-ya-suman-mas-de-un-millon-y-medio-de-toneladas-exportadas\\\/#breadcrumb\"},\"inLanguage\":\"es\",\"potentialAction\":[{\"@type\":\"ReadAction\",\"target\":[\"https:\\\/\\\/www.puertocdelu.com.ar\\\/index.php\\\/2021\\\/11\\\/24\\\/los-puertos-entrerrianos-ya-suman-mas-de-un-millon-y-medio-de-toneladas-exportadas\\\/\"]}]},{\"@type\":\"ImageObject\",\"inLanguage\":\"es\",\"@id\":\"https:\\\/\\\/www.puertocdelu.com.ar\\\/index.php\\\/2021\\\/11\\\/24\\\/los-puertos-entrerrianos-ya-suman-mas-de-un-millon-y-medio-de-toneladas-exportadas\\\/#primaryimage\",\"url\":\"https:\\\/\\\/www.puertocdelu.com.ar\\\/wp-content\\\/uploads\\\/2021\\\/11\\\/DJI_0860.jpg\",\"contentUrl\":\"https:\\\/\\\/www.puertocdelu.com.ar\\\/wp-content\\\/uploads\\\/2021\\\/11\\\/DJI_0860.jpg\",\"width\":900,\"height\":506,\"caption\":\"default\"},{\"@type\":\"BreadcrumbList\",\"@id\":\"https:\\\/\\\/www.puertocdelu.com.ar\\\/index.php\\\/2021\\\/11\\\/24\\\/los-puertos-entrerrianos-ya-suman-mas-de-un-millon-y-medio-de-toneladas-exportadas\\\/#breadcrumb\",\"itemListElement\":[{\"@type\":\"ListItem\",\"position\":1,\"name\":\"Portada\",\"item\":\"https:\\\/\\\/www.puertocdelu.com.ar\\\/\"},{\"@type\":\"ListItem\",\"position\":2,\"name\":\"Los puertos entrerrianos ya suman m\u00e1s de un mill\u00f3n y medio de toneladas exportadas\"}]},{\"@type\":\"WebSite\",\"@id\":\"https:\\\/\\\/www.puertocdelu.com.ar\\\/#website\",\"url\":\"https:\\\/\\\/www.puertocdelu.com.ar\\\/\",\"name\":\"Puerto de Concepci\u00f3n del Uruguay\",\"description\":\"\",\"potentialAction\":[{\"@type\":\"SearchAction\",\"target\":{\"@type\":\"EntryPoint\",\"urlTemplate\":\"https:\\\/\\\/www.puertocdelu.com.ar\\\/?s={search_term_string}\"},\"query-input\":{\"@type\":\"PropertyValueSpecification\",\"valueRequired\":true,\"valueName\":\"search_term_string\"}}],\"inLanguage\":\"es\"},{\"@type\":\"Person\",\"@id\":\"https:\\\/\\\/www.puertocdelu.com.ar\\\/#\\\/schema\\\/person\\\/9d258b923b29bd5f47ca80d9c8cd72d1\",\"name\":\"PuertoCdelU\",\"image\":{\"@type\":\"ImageObject\",\"inLanguage\":\"es\",\"@id\":\"https:\\\/\\\/secure.gravatar.com\\\/avatar\\\/99e38dea1727d397df18aced5ac6840012bb7f24c8570dcfafabb73086aed88c?s=96&d=mm&r=g\",\"url\":\"https:\\\/\\\/secure.gravatar.com\\\/avatar\\\/99e38dea1727d397df18aced5ac6840012bb7f24c8570dcfafabb73086aed88c?s=96&d=mm&r=g\",\"contentUrl\":\"https:\\\/\\\/secure.gravatar.com\\\/avatar\\\/99e38dea1727d397df18aced5ac6840012bb7f24c8570dcfafabb73086aed88c?s=96&d=mm&r=g\",\"caption\":\"PuertoCdelU\"},\"url\":\"https:\\\/\\\/www.puertocdelu.com.ar\\\/index.php\\\/author\\\/hectordelos1\\\/\"}]}<\/script>\n<!-- \/ Yoast SEO plugin. -->","yoast_head_json":{"title":"Los puertos entrerrianos ya suman m\u00e1s de un mill\u00f3n y medio de toneladas exportadas - Puerto de Concepci\u00f3n del Uruguay","robots":{"index":"index","follow":"follow","max-snippet":"max-snippet:-1","max-image-preview":"max-image-preview:large","max-video-preview":"max-video-preview:-1"},"canonical":"https:\/\/www.puertocdelu.com.ar\/index.php\/2021\/11\/24\/los-puertos-entrerrianos-ya-suman-mas-de-un-millon-y-medio-de-toneladas-exportadas\/","og_locale":"es_ES","og_type":"article","og_title":"Los puertos entrerrianos ya suman m\u00e1s de un mill\u00f3n y medio de toneladas exportadas - Puerto de Concepci\u00f3n del Uruguay","og_description":"Este martes zarp\u00f3 del puerto de Concepci\u00f3n del Uruguay el buque ultramarino Fengtien, transportando 16.000 toneladas de troncos de pino con destino a la India. Este embarque se suma a otras 55 operaciones de exportaci\u00f3n que se han llevado adelante desde los puertos entrerrianos comercializando maderas y granos hacia distintos destinos en el mundo. Este [&hellip;]","og_url":"https:\/\/www.puertocdelu.com.ar\/index.php\/2021\/11\/24\/los-puertos-entrerrianos-ya-suman-mas-de-un-millon-y-medio-de-toneladas-exportadas\/","og_site_name":"Puerto de Concepci\u00f3n del Uruguay","article_published_time":"2021-11-24T19:07:21+00:00","article_modified_time":"2021-11-24T19:07:29+00:00","og_image":[{"width":900,"height":506,"url":"https:\/\/www.puertocdelu.com.ar\/wp-content\/uploads\/2021\/11\/DJI_0860.jpg","type":"image\/jpeg"}],"author":"PuertoCdelU","twitter_card":"summary_large_image","twitter_misc":{"Escrito por":"PuertoCdelU","Tiempo de lectura":"2 minutos"},"schema":{"@context":"https:\/\/schema.org","@graph":[{"@type":"Article","@id":"https:\/\/www.puertocdelu.com.ar\/index.php\/2021\/11\/24\/los-puertos-entrerrianos-ya-suman-mas-de-un-millon-y-medio-de-toneladas-exportadas\/#article","isPartOf":{"@id":"https:\/\/www.puertocdelu.com.ar\/index.php\/2021\/11\/24\/los-puertos-entrerrianos-ya-suman-mas-de-un-millon-y-medio-de-toneladas-exportadas\/"},"author":{"name":"PuertoCdelU","@id":"https:\/\/www.puertocdelu.com.ar\/#\/schema\/person\/9d258b923b29bd5f47ca80d9c8cd72d1"},"headline":"Los puertos entrerrianos ya suman m\u00e1s de un mill\u00f3n y medio de toneladas exportadas","datePublished":"2021-11-24T19:07:21+00:00","dateModified":"2021-11-24T19:07:29+00:00","mainEntityOfPage":{"@id":"https:\/\/www.puertocdelu.com.ar\/index.php\/2021\/11\/24\/los-puertos-entrerrianos-ya-suman-mas-de-un-millon-y-medio-de-toneladas-exportadas\/"},"wordCount":475,"commentCount":0,"image":{"@id":"https:\/\/www.puertocdelu.com.ar\/index.php\/2021\/11\/24\/los-puertos-entrerrianos-ya-suman-mas-de-un-millon-y-medio-de-toneladas-exportadas\/#primaryimage"},"thumbnailUrl":"https:\/\/www.puertocdelu.com.ar\/wp-content\/uploads\/2021\/11\/DJI_0860.jpg","articleSection":["Noticias"],"inLanguage":"es","potentialAction":[{"@type":"CommentAction","name":"Comment","target":["https:\/\/www.puertocdelu.com.ar\/index.php\/2021\/11\/24\/los-puertos-entrerrianos-ya-suman-mas-de-un-millon-y-medio-de-toneladas-exportadas\/#respond"]}]},{"@type":"WebPage","@id":"https:\/\/www.puertocdelu.com.ar\/index.php\/2021\/11\/24\/los-puertos-entrerrianos-ya-suman-mas-de-un-millon-y-medio-de-toneladas-exportadas\/","url":"https:\/\/www.puertocdelu.com.ar\/index.php\/2021\/11\/24\/los-puertos-entrerrianos-ya-suman-mas-de-un-millon-y-medio-de-toneladas-exportadas\/","name":"Los puertos entrerrianos ya suman m\u00e1s de un mill\u00f3n y medio de toneladas exportadas - Puerto de Concepci\u00f3n del Uruguay","isPartOf":{"@id":"https:\/\/www.puertocdelu.com.ar\/#website"},"primaryImageOfPage":{"@id":"https:\/\/www.puertocdelu.com.ar\/index.php\/2021\/11\/24\/los-puertos-entrerrianos-ya-suman-mas-de-un-millon-y-medio-de-toneladas-exportadas\/#primaryimage"},"image":{"@id":"https:\/\/www.puertocdelu.com.ar\/index.php\/2021\/11\/24\/los-puertos-entrerrianos-ya-suman-mas-de-un-millon-y-medio-de-toneladas-exportadas\/#primaryimage"},"thumbnailUrl":"https:\/\/www.puertocdelu.com.ar\/wp-content\/uploads\/2021\/11\/DJI_0860.jpg","datePublished":"2021-11-24T19:07:21+00:00","dateModified":"2021-11-24T19:07:29+00:00","author":{"@id":"https:\/\/www.puertocdelu.com.ar\/#\/schema\/person\/9d258b923b29bd5f47ca80d9c8cd72d1"},"breadcrumb":{"@id":"https:\/\/www.puertocdelu.com.ar\/index.php\/2021\/11\/24\/los-puertos-entrerrianos-ya-suman-mas-de-un-millon-y-medio-de-toneladas-exportadas\/#breadcrumb"},"inLanguage":"es","potentialAction":[{"@type":"ReadAction","target":["https:\/\/www.puertocdelu.com.ar\/index.php\/2021\/11\/24\/los-puertos-entrerrianos-ya-suman-mas-de-un-millon-y-medio-de-toneladas-exportadas\/"]}]},{"@type":"ImageObject","inLanguage":"es","@id":"https:\/\/www.puertocdelu.com.ar\/index.php\/2021\/11\/24\/los-puertos-entrerrianos-ya-suman-mas-de-un-millon-y-medio-de-toneladas-exportadas\/#primaryimage","url":"https:\/\/www.puertocdelu.com.ar\/wp-content\/uploads\/2021\/11\/DJI_0860.jpg","contentUrl":"https:\/\/www.puertocdelu.com.ar\/wp-content\/uploads\/2021\/11\/DJI_0860.jpg","width":900,"height":506,"caption":"default"},{"@type":"BreadcrumbList","@id":"https:\/\/www.puertocdelu.com.ar\/index.php\/2021\/11\/24\/los-puertos-entrerrianos-ya-suman-mas-de-un-millon-y-medio-de-toneladas-exportadas\/#breadcrumb","itemListElement":[{"@type":"ListItem","position":1,"name":"Portada","item":"https:\/\/www.puertocdelu.com.ar\/"},{"@type":"ListItem","position":2,"name":"Los puertos entrerrianos ya suman m\u00e1s de un mill\u00f3n y medio de toneladas exportadas"}]},{"@type":"WebSite","@id":"https:\/\/www.puertocdelu.com.ar\/#website","url":"https:\/\/www.puertocdelu.com.ar\/","name":"Puerto de Concepci\u00f3n del Uruguay","description":"","potentialAction":[{"@type":"SearchAction","target":{"@type":"EntryPoint","urlTemplate":"https:\/\/www.puertocdelu.com.ar\/?s={search_term_string}"},"query-input":{"@type":"PropertyValueSpecification","valueRequired":true,"valueName":"search_term_string"}}],"inLanguage":"es"},{"@type":"Person","@id":"https:\/\/www.puertocdelu.com.ar\/#\/schema\/person\/9d258b923b29bd5f47ca80d9c8cd72d1","name":"PuertoCdelU","image":{"@type":"ImageObject","inLanguage":"es","@id":"https:\/\/secure.gravatar.com\/avatar\/99e38dea1727d397df18aced5ac6840012bb7f24c8570dcfafabb73086aed88c?s=96&d=mm&r=g","url":"https:\/\/secure.gravatar.com\/avatar\/99e38dea1727d397df18aced5ac6840012bb7f24c8570dcfafabb73086aed88c?s=96&d=mm&r=g","contentUrl":"https:\/\/secure.gravatar.com\/avatar\/99e38dea1727d397df18aced5ac6840012bb7f24c8570dcfafabb73086aed88c?s=96&d=mm&r=g","caption":"PuertoCdelU"},"url":"https:\/\/www.puertocdelu.com.ar\/index.php\/author\/hectordelos1\/"}]}},"_links":{"self":[{"href":"https:\/\/www.puertocdelu.com.ar\/index.php\/wp-json\/wp\/v2\/posts\/2390","targetHints":{"allow":["GET"]}}],"collection":[{"href":"https:\/\/www.puertocdelu.com.ar\/index.php\/wp-json\/wp\/v2\/posts"}],"about":[{"href":"https:\/\/www.puertocdelu.com.ar\/index.php\/wp-json\/wp\/v2\/types\/post"}],"author":[{"embeddable":true,"href":"https:\/\/www.puertocdelu.com.ar\/index.php\/wp-json\/wp\/v2\/users\/1"}],"replies":[{"embeddable":true,"href":"https:\/\/www.puertocdelu.com.ar\/index.php\/wp-json\/wp\/v2\/comments?post=2390"}],"version-history":[{"count":1,"href":"https:\/\/www.puertocdelu.com.ar\/index.php\/wp-json\/wp\/v2\/posts\/2390\/revisions"}],"predecessor-version":[{"id":2392,"href":"https:\/\/www.puertocdelu.com.ar\/index.php\/wp-json\/wp\/v2\/posts\/2390\/revisions\/2392"}],"wp:featuredmedia":[{"embeddable":true,"href":"https:\/\/www.puertocdelu.com.ar\/index.php\/wp-json\/wp\/v2\/media\/2391"}],"wp:attachment":[{"href":"https:\/\/www.puertocdelu.com.ar\/index.php\/wp-json\/wp\/v2\/media?parent=2390"}],"wp:term":[{"taxonomy":"category","embeddable":true,"href":"https:\/\/www.puertocdelu.com.ar\/index.php\/wp-json\/wp\/v2\/categories?post=2390"},{"taxonomy":"post_tag","embeddable":true,"href":"https:\/\/www.puertocdelu.com.ar\/index.php\/wp-json\/wp\/v2\/tags?post=2390"}],"curies":[{"name":"wp","href":"https:\/\/api.w.org\/{rel}","templated":true}]}}