{"id":2413,"date":"2022-04-04T14:12:10","date_gmt":"2022-04-04T14:12:10","guid":{"rendered":"http:\/\/www.puertocdelu.com.ar\/?p=2413"},"modified":"2022-04-06T14:13:06","modified_gmt":"2022-04-06T14:13:06","slug":"nueva-exportacion-de-troncos-de-pino-desde-concepcion-del-uruguay","status":"publish","type":"post","link":"https:\/\/www.puertocdelu.com.ar\/index.php\/2022\/04\/04\/nueva-exportacion-de-troncos-de-pino-desde-concepcion-del-uruguay\/","title":{"rendered":"Nueva exportaci\u00f3n de troncos de pino desde Concepci\u00f3n del Uruguay"},"content":{"rendered":"<p>Arrib\u00f3 en la ma\u00f1ana de este lunes al puerto de Concepci\u00f3n del Uruguay el buque Inspiration Lake para concretar una nueva exportaci\u00f3n desde los puertos entrerrianos.<\/p>\n<p>Se trata del sexto buque que llega este a\u00f1o para embarcar troncos de madera de pino. En este caso se trata de una exportaci\u00f3n a cargo de la empresa Urcel Argentina, que cargar\u00e1 15.000 toneladas destinadas a China.<\/p>\n<p>El Inspiration Lake es un buque ultramarino de 180 metros de eslora y 30 de manga que navega bajo bandera de Hong Kong.<\/p>\n<figure id=\"attachment_381446\" class=\"wp-caption alignnone\" aria-describedby=\"caption-attachment-381446\"><img loading=\"lazy\" decoding=\"async\" class=\"size-full wp-image-381446\" src=\"https:\/\/03442.com.ar\/wp-content\/uploads\/2022\/04\/il02-scaled.jpg\" sizes=\"auto, (max-width: 2560px) 100vw, 2560px\" srcset=\"https:\/\/03442.com.ar\/wp-content\/uploads\/2022\/04\/il02-scaled.jpg 2560w, https:\/\/03442.com.ar\/wp-content\/uploads\/2022\/04\/il02-300x169.jpg 300w, https:\/\/03442.com.ar\/wp-content\/uploads\/2022\/04\/il02-1024x576.jpg 1024w, https:\/\/03442.com.ar\/wp-content\/uploads\/2022\/04\/il02-768x432.jpg 768w, https:\/\/03442.com.ar\/wp-content\/uploads\/2022\/04\/il02-1536x864.jpg 1536w, https:\/\/03442.com.ar\/wp-content\/uploads\/2022\/04\/il02-2048x1152.jpg 2048w, https:\/\/03442.com.ar\/wp-content\/uploads\/2022\/04\/il02-696x392.jpg 696w, https:\/\/03442.com.ar\/wp-content\/uploads\/2022\/04\/il02-1068x601.jpg 1068w\" alt=\"\" width=\"2560\" height=\"1440\" \/><figcaption id=\"caption-attachment-381446\" class=\"wp-caption-text\">default<\/figcaption><\/figure>\n<p>El buque lleg\u00f3 a aguas argentinas proveniente del puerto de Arat\u00fa, en Brasil, y luego de cargar en Concepci\u00f3n del Uruguay completar\u00e1 sus bodegas en el puerto de Ibicuy, en el sur entrerriano, sobre el r\u00edo Paran\u00e1.<\/p>\n<p>Luego de completar todo el esquema de documentaci\u00f3n y revisiones sanitarias, el carguero amarr\u00f3 en los muelles 3 y 4 del puerto uruguayense, comenzando inmediatamente con las operaciones de carga, que, seg\u00fan las estimaciones de la empresa encargada de la estiba, se prolongar\u00e1n durante tres o cuatro d\u00edas.<\/p>\n<figure id=\"attachment_381450\" class=\"wp-caption alignnone\" aria-describedby=\"caption-attachment-381450\"><img loading=\"lazy\" decoding=\"async\" class=\"size-full wp-image-381450\" src=\"https:\/\/03442.com.ar\/wp-content\/uploads\/2022\/04\/il03-1.jpg\" sizes=\"auto, (max-width: 900px) 100vw, 900px\" srcset=\"https:\/\/03442.com.ar\/wp-content\/uploads\/2022\/04\/il03-1.jpg 900w, https:\/\/03442.com.ar\/wp-content\/uploads\/2022\/04\/il03-1-300x169.jpg 300w, https:\/\/03442.com.ar\/wp-content\/uploads\/2022\/04\/il03-1-768x432.jpg 768w, https:\/\/03442.com.ar\/wp-content\/uploads\/2022\/04\/il03-1-696x391.jpg 696w\" alt=\"\" width=\"900\" height=\"506\" \/><figcaption id=\"caption-attachment-381450\" class=\"wp-caption-text\">default<\/figcaption><\/figure>\n<div class=\"td-a-rec td-a-rec-id-content_bottom  tdi_4 td_block_template_8\"><\/div>\n","protected":false},"excerpt":{"rendered":"<p>Arrib\u00f3 en la ma\u00f1ana de este lunes al puerto de Concepci\u00f3n del Uruguay el buque Inspiration Lake para concretar una nueva exportaci\u00f3n desde los puertos entrerrianos. Se trata del sexto buque que llega este a\u00f1o para embarcar troncos de madera de pino. En este caso se trata de una exportaci\u00f3n a cargo de la empresa [&hellip;]<\/p>\n","protected":false},"author":1,"featured_media":2414,"comment_status":"open","ping_status":"open","sticky":false,"template":"","format":"standard","meta":{"footnotes":""},"categories":[81],"tags":[],"class_list":{"0":"post-2413","1":"post","2":"type-post","3":"status-publish","4":"format-standard","5":"has-post-thumbnail","7":"category-noticias"},"yoast_head":"<!-- This site is optimized with the Yoast SEO plugin v27.4 - https:\/\/yoast.com\/product\/yoast-seo-wordpress\/ -->\n<title>Nueva exportaci\u00f3n de troncos de pino desde Concepci\u00f3n del Uruguay - Puerto de Concepci\u00f3n del Uruguay<\/title>\n<meta name=\"robots\" content=\"index, follow, max-snippet:-1, max-image-preview:large, max-video-preview:-1\" \/>\n<link rel=\"canonical\" href=\"https:\/\/www.puertocdelu.com.ar\/index.php\/2022\/04\/04\/nueva-exportacion-de-troncos-de-pino-desde-concepcion-del-uruguay\/\" \/>\n<meta property=\"og:locale\" content=\"es_ES\" \/>\n<meta property=\"og:type\" content=\"article\" \/>\n<meta property=\"og:title\" content=\"Nueva exportaci\u00f3n de troncos de pino desde Concepci\u00f3n del Uruguay - Puerto de Concepci\u00f3n del Uruguay\" \/>\n<meta property=\"og:description\" content=\"Arrib\u00f3 en la ma\u00f1ana de este lunes al puerto de Concepci\u00f3n del Uruguay el buque Inspiration Lake para concretar una nueva exportaci\u00f3n desde los puertos entrerrianos. Se trata del sexto buque que llega este a\u00f1o para embarcar troncos de madera de pino. En este caso se trata de una exportaci\u00f3n a cargo de la empresa [&hellip;]\" \/>\n<meta property=\"og:url\" content=\"https:\/\/www.puertocdelu.com.ar\/index.php\/2022\/04\/04\/nueva-exportacion-de-troncos-de-pino-desde-concepcion-del-uruguay\/\" \/>\n<meta property=\"og:site_name\" content=\"Puerto de Concepci\u00f3n del Uruguay\" \/>\n<meta property=\"article:published_time\" content=\"2022-04-04T14:12:10+00:00\" \/>\n<meta property=\"article:modified_time\" content=\"2022-04-06T14:13:06+00:00\" \/>\n<meta property=\"og:image\" content=\"https:\/\/www.puertocdelu.com.ar\/wp-content\/uploads\/2022\/04\/il01.jpg\" \/>\n\t<meta property=\"og:image:width\" content=\"900\" \/>\n\t<meta property=\"og:image:height\" content=\"506\" \/>\n\t<meta property=\"og:image:type\" content=\"image\/jpeg\" \/>\n<meta name=\"author\" content=\"PuertoCdelU\" \/>\n<meta name=\"twitter:card\" content=\"summary_large_image\" \/>\n<meta name=\"twitter:label1\" content=\"Escrito por\" \/>\n\t<meta name=\"twitter:data1\" content=\"PuertoCdelU\" \/>\n\t<meta name=\"twitter:label2\" content=\"Tiempo de lectura\" \/>\n\t<meta name=\"twitter:data2\" content=\"1 minuto\" \/>\n<script type=\"application\/ld+json\" class=\"yoast-schema-graph\">{\"@context\":\"https:\\\/\\\/schema.org\",\"@graph\":[{\"@type\":\"Article\",\"@id\":\"https:\\\/\\\/www.puertocdelu.com.ar\\\/index.php\\\/2022\\\/04\\\/04\\\/nueva-exportacion-de-troncos-de-pino-desde-concepcion-del-uruguay\\\/#article\",\"isPartOf\":{\"@id\":\"https:\\\/\\\/www.puertocdelu.com.ar\\\/index.php\\\/2022\\\/04\\\/04\\\/nueva-exportacion-de-troncos-de-pino-desde-concepcion-del-uruguay\\\/\"},\"author\":{\"name\":\"PuertoCdelU\",\"@id\":\"https:\\\/\\\/www.puertocdelu.com.ar\\\/#\\\/schema\\\/person\\\/9d258b923b29bd5f47ca80d9c8cd72d1\"},\"headline\":\"Nueva exportaci\u00f3n de troncos de pino desde Concepci\u00f3n del Uruguay\",\"datePublished\":\"2022-04-04T14:12:10+00:00\",\"dateModified\":\"2022-04-06T14:13:06+00:00\",\"mainEntityOfPage\":{\"@id\":\"https:\\\/\\\/www.puertocdelu.com.ar\\\/index.php\\\/2022\\\/04\\\/04\\\/nueva-exportacion-de-troncos-de-pino-desde-concepcion-del-uruguay\\\/\"},\"wordCount\":192,\"commentCount\":0,\"image\":{\"@id\":\"https:\\\/\\\/www.puertocdelu.com.ar\\\/index.php\\\/2022\\\/04\\\/04\\\/nueva-exportacion-de-troncos-de-pino-desde-concepcion-del-uruguay\\\/#primaryimage\"},\"thumbnailUrl\":\"https:\\\/\\\/www.puertocdelu.com.ar\\\/wp-content\\\/uploads\\\/2022\\\/04\\\/il01.jpg\",\"articleSection\":[\"Noticias\"],\"inLanguage\":\"es\",\"potentialAction\":[{\"@type\":\"CommentAction\",\"name\":\"Comment\",\"target\":[\"https:\\\/\\\/www.puertocdelu.com.ar\\\/index.php\\\/2022\\\/04\\\/04\\\/nueva-exportacion-de-troncos-de-pino-desde-concepcion-del-uruguay\\\/#respond\"]}]},{\"@type\":\"WebPage\",\"@id\":\"https:\\\/\\\/www.puertocdelu.com.ar\\\/index.php\\\/2022\\\/04\\\/04\\\/nueva-exportacion-de-troncos-de-pino-desde-concepcion-del-uruguay\\\/\",\"url\":\"https:\\\/\\\/www.puertocdelu.com.ar\\\/index.php\\\/2022\\\/04\\\/04\\\/nueva-exportacion-de-troncos-de-pino-desde-concepcion-del-uruguay\\\/\",\"name\":\"Nueva exportaci\u00f3n de troncos de pino desde Concepci\u00f3n del Uruguay - Puerto de Concepci\u00f3n del Uruguay\",\"isPartOf\":{\"@id\":\"https:\\\/\\\/www.puertocdelu.com.ar\\\/#website\"},\"primaryImageOfPage\":{\"@id\":\"https:\\\/\\\/www.puertocdelu.com.ar\\\/index.php\\\/2022\\\/04\\\/04\\\/nueva-exportacion-de-troncos-de-pino-desde-concepcion-del-uruguay\\\/#primaryimage\"},\"image\":{\"@id\":\"https:\\\/\\\/www.puertocdelu.com.ar\\\/index.php\\\/2022\\\/04\\\/04\\\/nueva-exportacion-de-troncos-de-pino-desde-concepcion-del-uruguay\\\/#primaryimage\"},\"thumbnailUrl\":\"https:\\\/\\\/www.puertocdelu.com.ar\\\/wp-content\\\/uploads\\\/2022\\\/04\\\/il01.jpg\",\"datePublished\":\"2022-04-04T14:12:10+00:00\",\"dateModified\":\"2022-04-06T14:13:06+00:00\",\"author\":{\"@id\":\"https:\\\/\\\/www.puertocdelu.com.ar\\\/#\\\/schema\\\/person\\\/9d258b923b29bd5f47ca80d9c8cd72d1\"},\"breadcrumb\":{\"@id\":\"https:\\\/\\\/www.puertocdelu.com.ar\\\/index.php\\\/2022\\\/04\\\/04\\\/nueva-exportacion-de-troncos-de-pino-desde-concepcion-del-uruguay\\\/#breadcrumb\"},\"inLanguage\":\"es\",\"potentialAction\":[{\"@type\":\"ReadAction\",\"target\":[\"https:\\\/\\\/www.puertocdelu.com.ar\\\/index.php\\\/2022\\\/04\\\/04\\\/nueva-exportacion-de-troncos-de-pino-desde-concepcion-del-uruguay\\\/\"]}]},{\"@type\":\"ImageObject\",\"inLanguage\":\"es\",\"@id\":\"https:\\\/\\\/www.puertocdelu.com.ar\\\/index.php\\\/2022\\\/04\\\/04\\\/nueva-exportacion-de-troncos-de-pino-desde-concepcion-del-uruguay\\\/#primaryimage\",\"url\":\"https:\\\/\\\/www.puertocdelu.com.ar\\\/wp-content\\\/uploads\\\/2022\\\/04\\\/il01.jpg\",\"contentUrl\":\"https:\\\/\\\/www.puertocdelu.com.ar\\\/wp-content\\\/uploads\\\/2022\\\/04\\\/il01.jpg\",\"width\":900,\"height\":506,\"caption\":\"default\"},{\"@type\":\"BreadcrumbList\",\"@id\":\"https:\\\/\\\/www.puertocdelu.com.ar\\\/index.php\\\/2022\\\/04\\\/04\\\/nueva-exportacion-de-troncos-de-pino-desde-concepcion-del-uruguay\\\/#breadcrumb\",\"itemListElement\":[{\"@type\":\"ListItem\",\"position\":1,\"name\":\"Portada\",\"item\":\"https:\\\/\\\/www.puertocdelu.com.ar\\\/\"},{\"@type\":\"ListItem\",\"position\":2,\"name\":\"Nueva exportaci\u00f3n de troncos de pino desde Concepci\u00f3n del Uruguay\"}]},{\"@type\":\"WebSite\",\"@id\":\"https:\\\/\\\/www.puertocdelu.com.ar\\\/#website\",\"url\":\"https:\\\/\\\/www.puertocdelu.com.ar\\\/\",\"name\":\"Puerto de Concepci\u00f3n del Uruguay\",\"description\":\"\",\"potentialAction\":[{\"@type\":\"SearchAction\",\"target\":{\"@type\":\"EntryPoint\",\"urlTemplate\":\"https:\\\/\\\/www.puertocdelu.com.ar\\\/?s={search_term_string}\"},\"query-input\":{\"@type\":\"PropertyValueSpecification\",\"valueRequired\":true,\"valueName\":\"search_term_string\"}}],\"inLanguage\":\"es\"},{\"@type\":\"Person\",\"@id\":\"https:\\\/\\\/www.puertocdelu.com.ar\\\/#\\\/schema\\\/person\\\/9d258b923b29bd5f47ca80d9c8cd72d1\",\"name\":\"PuertoCdelU\",\"image\":{\"@type\":\"ImageObject\",\"inLanguage\":\"es\",\"@id\":\"https:\\\/\\\/secure.gravatar.com\\\/avatar\\\/99e38dea1727d397df18aced5ac6840012bb7f24c8570dcfafabb73086aed88c?s=96&d=mm&r=g\",\"url\":\"https:\\\/\\\/secure.gravatar.com\\\/avatar\\\/99e38dea1727d397df18aced5ac6840012bb7f24c8570dcfafabb73086aed88c?s=96&d=mm&r=g\",\"contentUrl\":\"https:\\\/\\\/secure.gravatar.com\\\/avatar\\\/99e38dea1727d397df18aced5ac6840012bb7f24c8570dcfafabb73086aed88c?s=96&d=mm&r=g\",\"caption\":\"PuertoCdelU\"},\"url\":\"https:\\\/\\\/www.puertocdelu.com.ar\\\/index.php\\\/author\\\/hectordelos1\\\/\"}]}<\/script>\n<!-- \/ Yoast SEO plugin. -->","yoast_head_json":{"title":"Nueva exportaci\u00f3n de troncos de pino desde Concepci\u00f3n del Uruguay - Puerto de Concepci\u00f3n del Uruguay","robots":{"index":"index","follow":"follow","max-snippet":"max-snippet:-1","max-image-preview":"max-image-preview:large","max-video-preview":"max-video-preview:-1"},"canonical":"https:\/\/www.puertocdelu.com.ar\/index.php\/2022\/04\/04\/nueva-exportacion-de-troncos-de-pino-desde-concepcion-del-uruguay\/","og_locale":"es_ES","og_type":"article","og_title":"Nueva exportaci\u00f3n de troncos de pino desde Concepci\u00f3n del Uruguay - Puerto de Concepci\u00f3n del Uruguay","og_description":"Arrib\u00f3 en la ma\u00f1ana de este lunes al puerto de Concepci\u00f3n del Uruguay el buque Inspiration Lake para concretar una nueva exportaci\u00f3n desde los puertos entrerrianos. Se trata del sexto buque que llega este a\u00f1o para embarcar troncos de madera de pino. En este caso se trata de una exportaci\u00f3n a cargo de la empresa [&hellip;]","og_url":"https:\/\/www.puertocdelu.com.ar\/index.php\/2022\/04\/04\/nueva-exportacion-de-troncos-de-pino-desde-concepcion-del-uruguay\/","og_site_name":"Puerto de Concepci\u00f3n del Uruguay","article_published_time":"2022-04-04T14:12:10+00:00","article_modified_time":"2022-04-06T14:13:06+00:00","og_image":[{"width":900,"height":506,"url":"https:\/\/www.puertocdelu.com.ar\/wp-content\/uploads\/2022\/04\/il01.jpg","type":"image\/jpeg"}],"author":"PuertoCdelU","twitter_card":"summary_large_image","twitter_misc":{"Escrito por":"PuertoCdelU","Tiempo de lectura":"1 minuto"},"schema":{"@context":"https:\/\/schema.org","@graph":[{"@type":"Article","@id":"https:\/\/www.puertocdelu.com.ar\/index.php\/2022\/04\/04\/nueva-exportacion-de-troncos-de-pino-desde-concepcion-del-uruguay\/#article","isPartOf":{"@id":"https:\/\/www.puertocdelu.com.ar\/index.php\/2022\/04\/04\/nueva-exportacion-de-troncos-de-pino-desde-concepcion-del-uruguay\/"},"author":{"name":"PuertoCdelU","@id":"https:\/\/www.puertocdelu.com.ar\/#\/schema\/person\/9d258b923b29bd5f47ca80d9c8cd72d1"},"headline":"Nueva exportaci\u00f3n de troncos de pino desde Concepci\u00f3n del Uruguay","datePublished":"2022-04-04T14:12:10+00:00","dateModified":"2022-04-06T14:13:06+00:00","mainEntityOfPage":{"@id":"https:\/\/www.puertocdelu.com.ar\/index.php\/2022\/04\/04\/nueva-exportacion-de-troncos-de-pino-desde-concepcion-del-uruguay\/"},"wordCount":192,"commentCount":0,"image":{"@id":"https:\/\/www.puertocdelu.com.ar\/index.php\/2022\/04\/04\/nueva-exportacion-de-troncos-de-pino-desde-concepcion-del-uruguay\/#primaryimage"},"thumbnailUrl":"https:\/\/www.puertocdelu.com.ar\/wp-content\/uploads\/2022\/04\/il01.jpg","articleSection":["Noticias"],"inLanguage":"es","potentialAction":[{"@type":"CommentAction","name":"Comment","target":["https:\/\/www.puertocdelu.com.ar\/index.php\/2022\/04\/04\/nueva-exportacion-de-troncos-de-pino-desde-concepcion-del-uruguay\/#respond"]}]},{"@type":"WebPage","@id":"https:\/\/www.puertocdelu.com.ar\/index.php\/2022\/04\/04\/nueva-exportacion-de-troncos-de-pino-desde-concepcion-del-uruguay\/","url":"https:\/\/www.puertocdelu.com.ar\/index.php\/2022\/04\/04\/nueva-exportacion-de-troncos-de-pino-desde-concepcion-del-uruguay\/","name":"Nueva exportaci\u00f3n de troncos de pino desde Concepci\u00f3n del Uruguay - Puerto de Concepci\u00f3n del Uruguay","isPartOf":{"@id":"https:\/\/www.puertocdelu.com.ar\/#website"},"primaryImageOfPage":{"@id":"https:\/\/www.puertocdelu.com.ar\/index.php\/2022\/04\/04\/nueva-exportacion-de-troncos-de-pino-desde-concepcion-del-uruguay\/#primaryimage"},"image":{"@id":"https:\/\/www.puertocdelu.com.ar\/index.php\/2022\/04\/04\/nueva-exportacion-de-troncos-de-pino-desde-concepcion-del-uruguay\/#primaryimage"},"thumbnailUrl":"https:\/\/www.puertocdelu.com.ar\/wp-content\/uploads\/2022\/04\/il01.jpg","datePublished":"2022-04-04T14:12:10+00:00","dateModified":"2022-04-06T14:13:06+00:00","author":{"@id":"https:\/\/www.puertocdelu.com.ar\/#\/schema\/person\/9d258b923b29bd5f47ca80d9c8cd72d1"},"breadcrumb":{"@id":"https:\/\/www.puertocdelu.com.ar\/index.php\/2022\/04\/04\/nueva-exportacion-de-troncos-de-pino-desde-concepcion-del-uruguay\/#breadcrumb"},"inLanguage":"es","potentialAction":[{"@type":"ReadAction","target":["https:\/\/www.puertocdelu.com.ar\/index.php\/2022\/04\/04\/nueva-exportacion-de-troncos-de-pino-desde-concepcion-del-uruguay\/"]}]},{"@type":"ImageObject","inLanguage":"es","@id":"https:\/\/www.puertocdelu.com.ar\/index.php\/2022\/04\/04\/nueva-exportacion-de-troncos-de-pino-desde-concepcion-del-uruguay\/#primaryimage","url":"https:\/\/www.puertocdelu.com.ar\/wp-content\/uploads\/2022\/04\/il01.jpg","contentUrl":"https:\/\/www.puertocdelu.com.ar\/wp-content\/uploads\/2022\/04\/il01.jpg","width":900,"height":506,"caption":"default"},{"@type":"BreadcrumbList","@id":"https:\/\/www.puertocdelu.com.ar\/index.php\/2022\/04\/04\/nueva-exportacion-de-troncos-de-pino-desde-concepcion-del-uruguay\/#breadcrumb","itemListElement":[{"@type":"ListItem","position":1,"name":"Portada","item":"https:\/\/www.puertocdelu.com.ar\/"},{"@type":"ListItem","position":2,"name":"Nueva exportaci\u00f3n de troncos de pino desde Concepci\u00f3n del Uruguay"}]},{"@type":"WebSite","@id":"https:\/\/www.puertocdelu.com.ar\/#website","url":"https:\/\/www.puertocdelu.com.ar\/","name":"Puerto de Concepci\u00f3n del Uruguay","description":"","potentialAction":[{"@type":"SearchAction","target":{"@type":"EntryPoint","urlTemplate":"https:\/\/www.puertocdelu.com.ar\/?s={search_term_string}"},"query-input":{"@type":"PropertyValueSpecification","valueRequired":true,"valueName":"search_term_string"}}],"inLanguage":"es"},{"@type":"Person","@id":"https:\/\/www.puertocdelu.com.ar\/#\/schema\/person\/9d258b923b29bd5f47ca80d9c8cd72d1","name":"PuertoCdelU","image":{"@type":"ImageObject","inLanguage":"es","@id":"https:\/\/secure.gravatar.com\/avatar\/99e38dea1727d397df18aced5ac6840012bb7f24c8570dcfafabb73086aed88c?s=96&d=mm&r=g","url":"https:\/\/secure.gravatar.com\/avatar\/99e38dea1727d397df18aced5ac6840012bb7f24c8570dcfafabb73086aed88c?s=96&d=mm&r=g","contentUrl":"https:\/\/secure.gravatar.com\/avatar\/99e38dea1727d397df18aced5ac6840012bb7f24c8570dcfafabb73086aed88c?s=96&d=mm&r=g","caption":"PuertoCdelU"},"url":"https:\/\/www.puertocdelu.com.ar\/index.php\/author\/hectordelos1\/"}]}},"_links":{"self":[{"href":"https:\/\/www.puertocdelu.com.ar\/index.php\/wp-json\/wp\/v2\/posts\/2413","targetHints":{"allow":["GET"]}}],"collection":[{"href":"https:\/\/www.puertocdelu.com.ar\/index.php\/wp-json\/wp\/v2\/posts"}],"about":[{"href":"https:\/\/www.puertocdelu.com.ar\/index.php\/wp-json\/wp\/v2\/types\/post"}],"author":[{"embeddable":true,"href":"https:\/\/www.puertocdelu.com.ar\/index.php\/wp-json\/wp\/v2\/users\/1"}],"replies":[{"embeddable":true,"href":"https:\/\/www.puertocdelu.com.ar\/index.php\/wp-json\/wp\/v2\/comments?post=2413"}],"version-history":[{"count":1,"href":"https:\/\/www.puertocdelu.com.ar\/index.php\/wp-json\/wp\/v2\/posts\/2413\/revisions"}],"predecessor-version":[{"id":2415,"href":"https:\/\/www.puertocdelu.com.ar\/index.php\/wp-json\/wp\/v2\/posts\/2413\/revisions\/2415"}],"wp:featuredmedia":[{"embeddable":true,"href":"https:\/\/www.puertocdelu.com.ar\/index.php\/wp-json\/wp\/v2\/media\/2414"}],"wp:attachment":[{"href":"https:\/\/www.puertocdelu.com.ar\/index.php\/wp-json\/wp\/v2\/media?parent=2413"}],"wp:term":[{"taxonomy":"category","embeddable":true,"href":"https:\/\/www.puertocdelu.com.ar\/index.php\/wp-json\/wp\/v2\/categories?post=2413"},{"taxonomy":"post_tag","embeddable":true,"href":"https:\/\/www.puertocdelu.com.ar\/index.php\/wp-json\/wp\/v2\/tags?post=2413"}],"curies":[{"name":"wp","href":"https:\/\/api.w.org\/{rel}","templated":true}]}}