{"id":2444,"date":"2022-06-02T10:34:27","date_gmt":"2022-06-02T10:34:27","guid":{"rendered":"http:\/\/www.puertocdelu.com.ar\/?p=2444"},"modified":"2022-06-09T10:41:47","modified_gmt":"2022-06-09T10:41:47","slug":"encuentro-en-el-puerto-de-concepcion-del-uruguay-por-la-reactivacion-del-transporte-fluvial-de-pasajeros","status":"publish","type":"post","link":"https:\/\/www.puertocdelu.com.ar\/index.php\/2022\/06\/02\/encuentro-en-el-puerto-de-concepcion-del-uruguay-por-la-reactivacion-del-transporte-fluvial-de-pasajeros\/","title":{"rendered":"Encuentro en el puerto de Concepci\u00f3n del Uruguay por la reactivaci\u00f3n del transporte fluvial de pasajeros"},"content":{"rendered":"<p>El pasado mi\u00e9rcoles se reunieron en la sede del Ente Puerto Concepci\u00f3n del Uruguay, miembros de la Junta Departamental Paysand\u00fa, con autoridades portuarias, y organismos argentinos vinculados a la actividad transfronteriza.<\/p>\n<p>Marcelo Gay Balm\u00e1z, presidente del Ente portuario uruguayense, recibi\u00f3 al presidente del Puerto Paysand\u00fa, y los dem\u00e1s miembros de la Junta Departamental, para analizar los pasos a seguir con el objetivo de explorar la posibilidad de restablecer el servicio de transporte fluvial de pasajeros entre ambas ciudades.<\/p>\n<p>Las cabeceras para esta potencial l\u00ednea de transporte a trav\u00e9s del r\u00edo Uruguay ser\u00edan los respectivos puertos, con una escala en la ciudad de Col\u00f3n.<\/p>\n<p>\u201cPara nosotros implica la restituci\u00f3n de un servicio que marc\u00f3 parte de la historia de nuestras ciudades, y que a\u00fan permanece en el recuerdo mucha gente que lo uso durante a\u00f1os. Esta fue una de las formas m\u00e1s concretas de vinculaci\u00f3n directa que tuvimos durante d\u00e9cadas, y ser\u00eda de gran utilidad para fortalecer la integraci\u00f3n real entre nuestras comunidades\u201d, destac\u00f3 Gay Balm\u00e1z.<\/p>\n<p>Marcelo Tortorella, titular del Puerto Paysand\u00fa, resalt\u00f3 durante el encuentro que \u201ctodas estas reuniones nos est\u00e1n sumando informaci\u00f3n, exigencias, necesidades y aspectos que debemos tener en cuenta para conformar un servicio de la mejor calidad y con todas las garant\u00edas de seguridad que exige una actividad de este tipo entre nuestros dos pa\u00edses\u201d.<\/p>\n<p>Durante el encuentro celebrado en el sal\u00f3n de conferencias del Puerto Concepci\u00f3n del Uruguay, participaron tambi\u00e9n el Jefe de Prefectura de La Hist\u00f3rica, Francisco Contreras, quien puntualiz\u00f3 todos los aspectos vinculados a la seguridad en el transporte fluvial, como as\u00ed tambi\u00e9n las exigencias de los controles que exige la navegaci\u00f3n fluvial.<\/p>\n<p>De igual manera se explay\u00f3 Ludovico L\u00f3pez Meyer, Administrado de la Aduana Concepci\u00f3n del Uruguay, resaltando todos los aspectos que se deben tener en cuenta para el traspaso de la frontera, tanto para personas como mercanc\u00edas.<\/p>\n","protected":false},"excerpt":{"rendered":"<p>El pasado mi\u00e9rcoles se reunieron en la sede del Ente Puerto Concepci\u00f3n del Uruguay, miembros de la Junta Departamental Paysand\u00fa, con autoridades portuarias, y organismos argentinos vinculados a la actividad transfronteriza. Marcelo Gay Balm\u00e1z, presidente del Ente portuario uruguayense, recibi\u00f3 al presidente del Puerto Paysand\u00fa, y los dem\u00e1s miembros de la Junta Departamental, para analizar [&hellip;]<\/p>\n","protected":false},"author":1,"featured_media":2445,"comment_status":"open","ping_status":"open","sticky":false,"template":"","format":"standard","meta":{"footnotes":""},"categories":[81],"tags":[],"class_list":{"0":"post-2444","1":"post","2":"type-post","3":"status-publish","4":"format-standard","5":"has-post-thumbnail","7":"category-noticias"},"yoast_head":"<!-- This site is optimized with the Yoast SEO plugin v27.4 - https:\/\/yoast.com\/product\/yoast-seo-wordpress\/ -->\n<title>Encuentro en el puerto de Concepci\u00f3n del Uruguay por la reactivaci\u00f3n del transporte fluvial de pasajeros - Puerto de Concepci\u00f3n del Uruguay<\/title>\n<meta name=\"robots\" content=\"index, follow, max-snippet:-1, max-image-preview:large, max-video-preview:-1\" \/>\n<link rel=\"canonical\" href=\"https:\/\/www.puertocdelu.com.ar\/index.php\/2022\/06\/02\/encuentro-en-el-puerto-de-concepcion-del-uruguay-por-la-reactivacion-del-transporte-fluvial-de-pasajeros\/\" \/>\n<meta property=\"og:locale\" content=\"es_ES\" \/>\n<meta property=\"og:type\" content=\"article\" \/>\n<meta property=\"og:title\" content=\"Encuentro en el puerto de Concepci\u00f3n del Uruguay por la reactivaci\u00f3n del transporte fluvial de pasajeros - Puerto de Concepci\u00f3n del Uruguay\" \/>\n<meta property=\"og:description\" content=\"El pasado mi\u00e9rcoles se reunieron en la sede del Ente Puerto Concepci\u00f3n del Uruguay, miembros de la Junta Departamental Paysand\u00fa, con autoridades portuarias, y organismos argentinos vinculados a la actividad transfronteriza. Marcelo Gay Balm\u00e1z, presidente del Ente portuario uruguayense, recibi\u00f3 al presidente del Puerto Paysand\u00fa, y los dem\u00e1s miembros de la Junta Departamental, para analizar [&hellip;]\" \/>\n<meta property=\"og:url\" content=\"https:\/\/www.puertocdelu.com.ar\/index.php\/2022\/06\/02\/encuentro-en-el-puerto-de-concepcion-del-uruguay-por-la-reactivacion-del-transporte-fluvial-de-pasajeros\/\" \/>\n<meta property=\"og:site_name\" content=\"Puerto de Concepci\u00f3n del Uruguay\" \/>\n<meta property=\"article:published_time\" content=\"2022-06-02T10:34:27+00:00\" \/>\n<meta property=\"article:modified_time\" content=\"2022-06-09T10:41:47+00:00\" \/>\n<meta property=\"og:image\" content=\"https:\/\/www.puertocdelu.com.ar\/wp-content\/uploads\/2022\/06\/Lanchas-de-pasajeros-scaled.jpg\" \/>\n\t<meta property=\"og:image:width\" content=\"2560\" \/>\n\t<meta property=\"og:image:height\" content=\"1920\" \/>\n\t<meta property=\"og:image:type\" content=\"image\/jpeg\" \/>\n<meta name=\"author\" content=\"PuertoCdelU\" \/>\n<meta name=\"twitter:card\" content=\"summary_large_image\" \/>\n<meta name=\"twitter:label1\" content=\"Escrito por\" \/>\n\t<meta name=\"twitter:data1\" content=\"PuertoCdelU\" \/>\n\t<meta name=\"twitter:label2\" content=\"Tiempo de lectura\" \/>\n\t<meta name=\"twitter:data2\" content=\"2 minutos\" \/>\n<script type=\"application\/ld+json\" class=\"yoast-schema-graph\">{\"@context\":\"https:\\\/\\\/schema.org\",\"@graph\":[{\"@type\":\"Article\",\"@id\":\"https:\\\/\\\/www.puertocdelu.com.ar\\\/index.php\\\/2022\\\/06\\\/02\\\/encuentro-en-el-puerto-de-concepcion-del-uruguay-por-la-reactivacion-del-transporte-fluvial-de-pasajeros\\\/#article\",\"isPartOf\":{\"@id\":\"https:\\\/\\\/www.puertocdelu.com.ar\\\/index.php\\\/2022\\\/06\\\/02\\\/encuentro-en-el-puerto-de-concepcion-del-uruguay-por-la-reactivacion-del-transporte-fluvial-de-pasajeros\\\/\"},\"author\":{\"name\":\"PuertoCdelU\",\"@id\":\"https:\\\/\\\/www.puertocdelu.com.ar\\\/#\\\/schema\\\/person\\\/9d258b923b29bd5f47ca80d9c8cd72d1\"},\"headline\":\"Encuentro en el puerto de Concepci\u00f3n del Uruguay por la reactivaci\u00f3n del transporte fluvial de pasajeros\",\"datePublished\":\"2022-06-02T10:34:27+00:00\",\"dateModified\":\"2022-06-09T10:41:47+00:00\",\"mainEntityOfPage\":{\"@id\":\"https:\\\/\\\/www.puertocdelu.com.ar\\\/index.php\\\/2022\\\/06\\\/02\\\/encuentro-en-el-puerto-de-concepcion-del-uruguay-por-la-reactivacion-del-transporte-fluvial-de-pasajeros\\\/\"},\"wordCount\":354,\"commentCount\":0,\"image\":{\"@id\":\"https:\\\/\\\/www.puertocdelu.com.ar\\\/index.php\\\/2022\\\/06\\\/02\\\/encuentro-en-el-puerto-de-concepcion-del-uruguay-por-la-reactivacion-del-transporte-fluvial-de-pasajeros\\\/#primaryimage\"},\"thumbnailUrl\":\"https:\\\/\\\/www.puertocdelu.com.ar\\\/wp-content\\\/uploads\\\/2022\\\/06\\\/Lanchas-de-pasajeros-scaled.jpg\",\"articleSection\":[\"Noticias\"],\"inLanguage\":\"es\",\"potentialAction\":[{\"@type\":\"CommentAction\",\"name\":\"Comment\",\"target\":[\"https:\\\/\\\/www.puertocdelu.com.ar\\\/index.php\\\/2022\\\/06\\\/02\\\/encuentro-en-el-puerto-de-concepcion-del-uruguay-por-la-reactivacion-del-transporte-fluvial-de-pasajeros\\\/#respond\"]}]},{\"@type\":\"WebPage\",\"@id\":\"https:\\\/\\\/www.puertocdelu.com.ar\\\/index.php\\\/2022\\\/06\\\/02\\\/encuentro-en-el-puerto-de-concepcion-del-uruguay-por-la-reactivacion-del-transporte-fluvial-de-pasajeros\\\/\",\"url\":\"https:\\\/\\\/www.puertocdelu.com.ar\\\/index.php\\\/2022\\\/06\\\/02\\\/encuentro-en-el-puerto-de-concepcion-del-uruguay-por-la-reactivacion-del-transporte-fluvial-de-pasajeros\\\/\",\"name\":\"Encuentro en el puerto de Concepci\u00f3n del Uruguay por la reactivaci\u00f3n del transporte fluvial de pasajeros - Puerto de Concepci\u00f3n del Uruguay\",\"isPartOf\":{\"@id\":\"https:\\\/\\\/www.puertocdelu.com.ar\\\/#website\"},\"primaryImageOfPage\":{\"@id\":\"https:\\\/\\\/www.puertocdelu.com.ar\\\/index.php\\\/2022\\\/06\\\/02\\\/encuentro-en-el-puerto-de-concepcion-del-uruguay-por-la-reactivacion-del-transporte-fluvial-de-pasajeros\\\/#primaryimage\"},\"image\":{\"@id\":\"https:\\\/\\\/www.puertocdelu.com.ar\\\/index.php\\\/2022\\\/06\\\/02\\\/encuentro-en-el-puerto-de-concepcion-del-uruguay-por-la-reactivacion-del-transporte-fluvial-de-pasajeros\\\/#primaryimage\"},\"thumbnailUrl\":\"https:\\\/\\\/www.puertocdelu.com.ar\\\/wp-content\\\/uploads\\\/2022\\\/06\\\/Lanchas-de-pasajeros-scaled.jpg\",\"datePublished\":\"2022-06-02T10:34:27+00:00\",\"dateModified\":\"2022-06-09T10:41:47+00:00\",\"author\":{\"@id\":\"https:\\\/\\\/www.puertocdelu.com.ar\\\/#\\\/schema\\\/person\\\/9d258b923b29bd5f47ca80d9c8cd72d1\"},\"breadcrumb\":{\"@id\":\"https:\\\/\\\/www.puertocdelu.com.ar\\\/index.php\\\/2022\\\/06\\\/02\\\/encuentro-en-el-puerto-de-concepcion-del-uruguay-por-la-reactivacion-del-transporte-fluvial-de-pasajeros\\\/#breadcrumb\"},\"inLanguage\":\"es\",\"potentialAction\":[{\"@type\":\"ReadAction\",\"target\":[\"https:\\\/\\\/www.puertocdelu.com.ar\\\/index.php\\\/2022\\\/06\\\/02\\\/encuentro-en-el-puerto-de-concepcion-del-uruguay-por-la-reactivacion-del-transporte-fluvial-de-pasajeros\\\/\"]}]},{\"@type\":\"ImageObject\",\"inLanguage\":\"es\",\"@id\":\"https:\\\/\\\/www.puertocdelu.com.ar\\\/index.php\\\/2022\\\/06\\\/02\\\/encuentro-en-el-puerto-de-concepcion-del-uruguay-por-la-reactivacion-del-transporte-fluvial-de-pasajeros\\\/#primaryimage\",\"url\":\"https:\\\/\\\/www.puertocdelu.com.ar\\\/wp-content\\\/uploads\\\/2022\\\/06\\\/Lanchas-de-pasajeros-scaled.jpg\",\"contentUrl\":\"https:\\\/\\\/www.puertocdelu.com.ar\\\/wp-content\\\/uploads\\\/2022\\\/06\\\/Lanchas-de-pasajeros-scaled.jpg\",\"width\":2560,\"height\":1920},{\"@type\":\"BreadcrumbList\",\"@id\":\"https:\\\/\\\/www.puertocdelu.com.ar\\\/index.php\\\/2022\\\/06\\\/02\\\/encuentro-en-el-puerto-de-concepcion-del-uruguay-por-la-reactivacion-del-transporte-fluvial-de-pasajeros\\\/#breadcrumb\",\"itemListElement\":[{\"@type\":\"ListItem\",\"position\":1,\"name\":\"Portada\",\"item\":\"https:\\\/\\\/www.puertocdelu.com.ar\\\/\"},{\"@type\":\"ListItem\",\"position\":2,\"name\":\"Encuentro en el puerto de Concepci\u00f3n del Uruguay por la reactivaci\u00f3n del transporte fluvial de pasajeros\"}]},{\"@type\":\"WebSite\",\"@id\":\"https:\\\/\\\/www.puertocdelu.com.ar\\\/#website\",\"url\":\"https:\\\/\\\/www.puertocdelu.com.ar\\\/\",\"name\":\"Puerto de Concepci\u00f3n del Uruguay\",\"description\":\"\",\"potentialAction\":[{\"@type\":\"SearchAction\",\"target\":{\"@type\":\"EntryPoint\",\"urlTemplate\":\"https:\\\/\\\/www.puertocdelu.com.ar\\\/?s={search_term_string}\"},\"query-input\":{\"@type\":\"PropertyValueSpecification\",\"valueRequired\":true,\"valueName\":\"search_term_string\"}}],\"inLanguage\":\"es\"},{\"@type\":\"Person\",\"@id\":\"https:\\\/\\\/www.puertocdelu.com.ar\\\/#\\\/schema\\\/person\\\/9d258b923b29bd5f47ca80d9c8cd72d1\",\"name\":\"PuertoCdelU\",\"image\":{\"@type\":\"ImageObject\",\"inLanguage\":\"es\",\"@id\":\"https:\\\/\\\/secure.gravatar.com\\\/avatar\\\/99e38dea1727d397df18aced5ac6840012bb7f24c8570dcfafabb73086aed88c?s=96&d=mm&r=g\",\"url\":\"https:\\\/\\\/secure.gravatar.com\\\/avatar\\\/99e38dea1727d397df18aced5ac6840012bb7f24c8570dcfafabb73086aed88c?s=96&d=mm&r=g\",\"contentUrl\":\"https:\\\/\\\/secure.gravatar.com\\\/avatar\\\/99e38dea1727d397df18aced5ac6840012bb7f24c8570dcfafabb73086aed88c?s=96&d=mm&r=g\",\"caption\":\"PuertoCdelU\"},\"url\":\"https:\\\/\\\/www.puertocdelu.com.ar\\\/index.php\\\/author\\\/hectordelos1\\\/\"}]}<\/script>\n<!-- \/ Yoast SEO plugin. -->","yoast_head_json":{"title":"Encuentro en el puerto de Concepci\u00f3n del Uruguay por la reactivaci\u00f3n del transporte fluvial de pasajeros - Puerto de Concepci\u00f3n del Uruguay","robots":{"index":"index","follow":"follow","max-snippet":"max-snippet:-1","max-image-preview":"max-image-preview:large","max-video-preview":"max-video-preview:-1"},"canonical":"https:\/\/www.puertocdelu.com.ar\/index.php\/2022\/06\/02\/encuentro-en-el-puerto-de-concepcion-del-uruguay-por-la-reactivacion-del-transporte-fluvial-de-pasajeros\/","og_locale":"es_ES","og_type":"article","og_title":"Encuentro en el puerto de Concepci\u00f3n del Uruguay por la reactivaci\u00f3n del transporte fluvial de pasajeros - Puerto de Concepci\u00f3n del Uruguay","og_description":"El pasado mi\u00e9rcoles se reunieron en la sede del Ente Puerto Concepci\u00f3n del Uruguay, miembros de la Junta Departamental Paysand\u00fa, con autoridades portuarias, y organismos argentinos vinculados a la actividad transfronteriza. Marcelo Gay Balm\u00e1z, presidente del Ente portuario uruguayense, recibi\u00f3 al presidente del Puerto Paysand\u00fa, y los dem\u00e1s miembros de la Junta Departamental, para analizar [&hellip;]","og_url":"https:\/\/www.puertocdelu.com.ar\/index.php\/2022\/06\/02\/encuentro-en-el-puerto-de-concepcion-del-uruguay-por-la-reactivacion-del-transporte-fluvial-de-pasajeros\/","og_site_name":"Puerto de Concepci\u00f3n del Uruguay","article_published_time":"2022-06-02T10:34:27+00:00","article_modified_time":"2022-06-09T10:41:47+00:00","og_image":[{"width":2560,"height":1920,"url":"https:\/\/www.puertocdelu.com.ar\/wp-content\/uploads\/2022\/06\/Lanchas-de-pasajeros-scaled.jpg","type":"image\/jpeg"}],"author":"PuertoCdelU","twitter_card":"summary_large_image","twitter_misc":{"Escrito por":"PuertoCdelU","Tiempo de lectura":"2 minutos"},"schema":{"@context":"https:\/\/schema.org","@graph":[{"@type":"Article","@id":"https:\/\/www.puertocdelu.com.ar\/index.php\/2022\/06\/02\/encuentro-en-el-puerto-de-concepcion-del-uruguay-por-la-reactivacion-del-transporte-fluvial-de-pasajeros\/#article","isPartOf":{"@id":"https:\/\/www.puertocdelu.com.ar\/index.php\/2022\/06\/02\/encuentro-en-el-puerto-de-concepcion-del-uruguay-por-la-reactivacion-del-transporte-fluvial-de-pasajeros\/"},"author":{"name":"PuertoCdelU","@id":"https:\/\/www.puertocdelu.com.ar\/#\/schema\/person\/9d258b923b29bd5f47ca80d9c8cd72d1"},"headline":"Encuentro en el puerto de Concepci\u00f3n del Uruguay por la reactivaci\u00f3n del transporte fluvial de pasajeros","datePublished":"2022-06-02T10:34:27+00:00","dateModified":"2022-06-09T10:41:47+00:00","mainEntityOfPage":{"@id":"https:\/\/www.puertocdelu.com.ar\/index.php\/2022\/06\/02\/encuentro-en-el-puerto-de-concepcion-del-uruguay-por-la-reactivacion-del-transporte-fluvial-de-pasajeros\/"},"wordCount":354,"commentCount":0,"image":{"@id":"https:\/\/www.puertocdelu.com.ar\/index.php\/2022\/06\/02\/encuentro-en-el-puerto-de-concepcion-del-uruguay-por-la-reactivacion-del-transporte-fluvial-de-pasajeros\/#primaryimage"},"thumbnailUrl":"https:\/\/www.puertocdelu.com.ar\/wp-content\/uploads\/2022\/06\/Lanchas-de-pasajeros-scaled.jpg","articleSection":["Noticias"],"inLanguage":"es","potentialAction":[{"@type":"CommentAction","name":"Comment","target":["https:\/\/www.puertocdelu.com.ar\/index.php\/2022\/06\/02\/encuentro-en-el-puerto-de-concepcion-del-uruguay-por-la-reactivacion-del-transporte-fluvial-de-pasajeros\/#respond"]}]},{"@type":"WebPage","@id":"https:\/\/www.puertocdelu.com.ar\/index.php\/2022\/06\/02\/encuentro-en-el-puerto-de-concepcion-del-uruguay-por-la-reactivacion-del-transporte-fluvial-de-pasajeros\/","url":"https:\/\/www.puertocdelu.com.ar\/index.php\/2022\/06\/02\/encuentro-en-el-puerto-de-concepcion-del-uruguay-por-la-reactivacion-del-transporte-fluvial-de-pasajeros\/","name":"Encuentro en el puerto de Concepci\u00f3n del Uruguay por la reactivaci\u00f3n del transporte fluvial de pasajeros - Puerto de Concepci\u00f3n del Uruguay","isPartOf":{"@id":"https:\/\/www.puertocdelu.com.ar\/#website"},"primaryImageOfPage":{"@id":"https:\/\/www.puertocdelu.com.ar\/index.php\/2022\/06\/02\/encuentro-en-el-puerto-de-concepcion-del-uruguay-por-la-reactivacion-del-transporte-fluvial-de-pasajeros\/#primaryimage"},"image":{"@id":"https:\/\/www.puertocdelu.com.ar\/index.php\/2022\/06\/02\/encuentro-en-el-puerto-de-concepcion-del-uruguay-por-la-reactivacion-del-transporte-fluvial-de-pasajeros\/#primaryimage"},"thumbnailUrl":"https:\/\/www.puertocdelu.com.ar\/wp-content\/uploads\/2022\/06\/Lanchas-de-pasajeros-scaled.jpg","datePublished":"2022-06-02T10:34:27+00:00","dateModified":"2022-06-09T10:41:47+00:00","author":{"@id":"https:\/\/www.puertocdelu.com.ar\/#\/schema\/person\/9d258b923b29bd5f47ca80d9c8cd72d1"},"breadcrumb":{"@id":"https:\/\/www.puertocdelu.com.ar\/index.php\/2022\/06\/02\/encuentro-en-el-puerto-de-concepcion-del-uruguay-por-la-reactivacion-del-transporte-fluvial-de-pasajeros\/#breadcrumb"},"inLanguage":"es","potentialAction":[{"@type":"ReadAction","target":["https:\/\/www.puertocdelu.com.ar\/index.php\/2022\/06\/02\/encuentro-en-el-puerto-de-concepcion-del-uruguay-por-la-reactivacion-del-transporte-fluvial-de-pasajeros\/"]}]},{"@type":"ImageObject","inLanguage":"es","@id":"https:\/\/www.puertocdelu.com.ar\/index.php\/2022\/06\/02\/encuentro-en-el-puerto-de-concepcion-del-uruguay-por-la-reactivacion-del-transporte-fluvial-de-pasajeros\/#primaryimage","url":"https:\/\/www.puertocdelu.com.ar\/wp-content\/uploads\/2022\/06\/Lanchas-de-pasajeros-scaled.jpg","contentUrl":"https:\/\/www.puertocdelu.com.ar\/wp-content\/uploads\/2022\/06\/Lanchas-de-pasajeros-scaled.jpg","width":2560,"height":1920},{"@type":"BreadcrumbList","@id":"https:\/\/www.puertocdelu.com.ar\/index.php\/2022\/06\/02\/encuentro-en-el-puerto-de-concepcion-del-uruguay-por-la-reactivacion-del-transporte-fluvial-de-pasajeros\/#breadcrumb","itemListElement":[{"@type":"ListItem","position":1,"name":"Portada","item":"https:\/\/www.puertocdelu.com.ar\/"},{"@type":"ListItem","position":2,"name":"Encuentro en el puerto de Concepci\u00f3n del Uruguay por la reactivaci\u00f3n del transporte fluvial de pasajeros"}]},{"@type":"WebSite","@id":"https:\/\/www.puertocdelu.com.ar\/#website","url":"https:\/\/www.puertocdelu.com.ar\/","name":"Puerto de Concepci\u00f3n del Uruguay","description":"","potentialAction":[{"@type":"SearchAction","target":{"@type":"EntryPoint","urlTemplate":"https:\/\/www.puertocdelu.com.ar\/?s={search_term_string}"},"query-input":{"@type":"PropertyValueSpecification","valueRequired":true,"valueName":"search_term_string"}}],"inLanguage":"es"},{"@type":"Person","@id":"https:\/\/www.puertocdelu.com.ar\/#\/schema\/person\/9d258b923b29bd5f47ca80d9c8cd72d1","name":"PuertoCdelU","image":{"@type":"ImageObject","inLanguage":"es","@id":"https:\/\/secure.gravatar.com\/avatar\/99e38dea1727d397df18aced5ac6840012bb7f24c8570dcfafabb73086aed88c?s=96&d=mm&r=g","url":"https:\/\/secure.gravatar.com\/avatar\/99e38dea1727d397df18aced5ac6840012bb7f24c8570dcfafabb73086aed88c?s=96&d=mm&r=g","contentUrl":"https:\/\/secure.gravatar.com\/avatar\/99e38dea1727d397df18aced5ac6840012bb7f24c8570dcfafabb73086aed88c?s=96&d=mm&r=g","caption":"PuertoCdelU"},"url":"https:\/\/www.puertocdelu.com.ar\/index.php\/author\/hectordelos1\/"}]}},"_links":{"self":[{"href":"https:\/\/www.puertocdelu.com.ar\/index.php\/wp-json\/wp\/v2\/posts\/2444","targetHints":{"allow":["GET"]}}],"collection":[{"href":"https:\/\/www.puertocdelu.com.ar\/index.php\/wp-json\/wp\/v2\/posts"}],"about":[{"href":"https:\/\/www.puertocdelu.com.ar\/index.php\/wp-json\/wp\/v2\/types\/post"}],"author":[{"embeddable":true,"href":"https:\/\/www.puertocdelu.com.ar\/index.php\/wp-json\/wp\/v2\/users\/1"}],"replies":[{"embeddable":true,"href":"https:\/\/www.puertocdelu.com.ar\/index.php\/wp-json\/wp\/v2\/comments?post=2444"}],"version-history":[{"count":1,"href":"https:\/\/www.puertocdelu.com.ar\/index.php\/wp-json\/wp\/v2\/posts\/2444\/revisions"}],"predecessor-version":[{"id":2446,"href":"https:\/\/www.puertocdelu.com.ar\/index.php\/wp-json\/wp\/v2\/posts\/2444\/revisions\/2446"}],"wp:featuredmedia":[{"embeddable":true,"href":"https:\/\/www.puertocdelu.com.ar\/index.php\/wp-json\/wp\/v2\/media\/2445"}],"wp:attachment":[{"href":"https:\/\/www.puertocdelu.com.ar\/index.php\/wp-json\/wp\/v2\/media?parent=2444"}],"wp:term":[{"taxonomy":"category","embeddable":true,"href":"https:\/\/www.puertocdelu.com.ar\/index.php\/wp-json\/wp\/v2\/categories?post=2444"},{"taxonomy":"post_tag","embeddable":true,"href":"https:\/\/www.puertocdelu.com.ar\/index.php\/wp-json\/wp\/v2\/tags?post=2444"}],"curies":[{"name":"wp","href":"https:\/\/api.w.org\/{rel}","templated":true}]}}