{"id":2467,"date":"2022-07-25T12:38:54","date_gmt":"2022-07-25T12:38:54","guid":{"rendered":"http:\/\/www.puertocdelu.com.ar\/?p=2467"},"modified":"2022-07-25T12:38:54","modified_gmt":"2022-07-25T12:38:54","slug":"entre-rios-fortalece-su-matriz-logistica-junto-a-la-administracion-general-de-puertos-y-trenes-argentinos","status":"publish","type":"post","link":"https:\/\/www.puertocdelu.com.ar\/index.php\/2022\/07\/25\/entre-rios-fortalece-su-matriz-logistica-junto-a-la-administracion-general-de-puertos-y-trenes-argentinos\/","title":{"rendered":"Entre R\u00edos fortalece su matriz log\u00edstica junto a la Administraci\u00f3n General de Puertos y Trenes Argentinos"},"content":{"rendered":"<p>La provincia de Entre R\u00edos contin\u00faa su trabajo coordinado con el gobierno nacional con el objetivo de fortalecer su matriz log\u00edstica y de transporte para sumar servicios y competitividad a sus puertos.<\/p>\n<p>Tal cual lo acordaron el gobernador Gustavo Bordet y el ministro de Transporte de la Naci\u00f3n, Alexis Guerrera, en octubre del a\u00f1o pasado, Entre R\u00edos forma parte del Plan de federalizaci\u00f3n de los puertos argentinos, por lo que la provincia contin\u00faa fortaleciendo su sistema portuario como pol\u00edtica de Estado para el desarrollo de todas las cadenas de valor en beneficio de los productores e industriales entrerrianos.<\/p>\n<p>El presidente del Instituto Portuario de Entre R\u00edos (IPPER), Carlos Schepens, mantuvo un encuentro este viernes con el interventor de la Administraci\u00f3n General de Puertos de la Argentina (AGP), Jos\u00e9 Beni, y con el presidente de Trenes Argentinos Cargas (TAG), Daniel Vispo.<\/p>\n<p>Del encuentro participaron tambi\u00e9n el administrador del IPPER, Hugo Rodr\u00edguez, y el presidente del Ente Portuario de Concepci\u00f3n del Uruguay, Marcelo Gay Balm\u00e1z.<\/p>\n<p>\u201cHemos planteado las necesidades de Entre R\u00edos para continuar fortaleciendo el sistema multimodal de transporte que demanda puertos eficientes y competitivos, como as\u00ed tambi\u00e9n la llegada de las v\u00edas del tren hasta sus puertos, cuestiones impostergables para fortalecer nuestra matriz log\u00edstica\u201d, destac\u00f3 Schepens.<\/p>\n<p>Jos\u00e9 Beni, por su parte, remarc\u00f3 que \u201cla federalizaci\u00f3n de los puertos es un trabajo que se est\u00e1 llevando adelante y que ya est\u00e1 en marcha entre la AGP y los puertos entrerrianos. Nuestro sistema de capacitaci\u00f3n, como as\u00ed tambi\u00e9n todo nuestro equipo t\u00e9cnico, est\u00e1 al servicio de los puertos y es una herramienta de enorme importancia para el trabajo eficiente en las terminales\u201d, destac\u00f3.<\/p>\n<p>En este sentido, se acord\u00f3 establecer una serie de convenios entre el Instituto Portuario Provincial de Entre R\u00edos y la Administraci\u00f3n General de Puertos para expandir el alcance de los acuerdos actuales y sumar el respaldo t\u00e9cnico de AGP para la elaboraci\u00f3n de proyectos y desarrollo de planes de trabajo en los puertos entrerrianos.<\/p>\n<p>\u201cEl respaldo y la predisposici\u00f3n de Jos\u00e9 Beni y la AGP para trabajar en conjunto nos da una gran perspectiva de futuro, sobre todo porque hablamos de puertos p\u00fablicos, y porque Entre R\u00edos cuenta con planes de ampliaci\u00f3n y modernizaci\u00f3n para sus puertos respaldados por el Estado provincial. La AGP nos puede brindar las herramientas t\u00e9cnicas y operativas necesarias para avanzar hacia la implementaci\u00f3n de estos proyectos que nos permitir\u00e1n sumar infraestructura y mejorar nuestros servicios. Concepci\u00f3n del Uruguay ya avanz\u00f3 con un proyecto de readecuaci\u00f3n completa, con cambios en su circulaci\u00f3n interna, nuevos muelles y frentes de atraque, y el aporte de AGP nos puede ayudar mucho para avanzar en este sentido\u201d, destac\u00f3 Schepens.<\/p>\n<p>Trenes en marcha<\/p>\n<p>Daniel Vispo, titular de Trenes Argentinos Cargas, remarc\u00f3 el trabajo que se viene llevando adelante para la recuperaci\u00f3n de la L\u00ednea Urquiza que sigue sumando inversiones y cargas a lo largo de toda la Mesopotamia.<\/p>\n<p>\u201cCuando comenzamos a trabajar en la L\u00ednea Urquiza ten\u00edamos unas 9.000 toneladas mensuales de carga, hoy superamos las 42.000 y seguimos sumando inversiones para mejorar y ampliar el servicio. Las cargas de toda la regi\u00f3n son el motor para continuar creciendo\u201d, sostuvo Vispo.<\/p>\n<p>Carlos Schepens remarc\u00f3 el compromiso del gobernador Gustavo Bordet para la recuperaci\u00f3n del tren de cargas a trav\u00e9s del respaldo permanente al sector productivo y el trabajo conjunto entre el Estado y el sector privado.<\/p>\n<p>\u201cLa cadena de valor forestal fue uno de los pilares para esta recuperaci\u00f3n del tren de cargas, y esto ha sido posible por la decisi\u00f3n pol\u00edtica del gobierno provincial de recuperar una de las cadenas productivas m\u00e1s importantes de la provincia y de la regi\u00f3n. Gran parte de las cargas que lleva hoy el tren es producto de la industria forestal\u201d, destac\u00f3 Schepens.<\/p>\n<p>El presidente del IPPER hizo hincapi\u00e9 en la necesidad de recuperar los 60 kil\u00f3metros de v\u00edas que hoy separan a la ciudad de Basavibaso con el puerto de Concepci\u00f3n del Uruguay.<\/p>\n<p>\u201cEl Ferrocarril Urquiza es un s\u00edmbolo para Entre R\u00edos, desde su rol fundamental para nuestro desarrollo, hasta el nombre que nos representa como entrerrianos. Los puertos y el tren son los pilares para el crecimiento productivo de la regi\u00f3n, son necesarios e inseparables para generar desarrollo y trabajo genuino para la gente, es urgente poner en marcha un plan de trabajo para analizar en profundidad la reactivaci\u00f3n de las v\u00edas que llegan, tanto a al puerto de Concepci\u00f3n del Uruguay, como al de Diamante. Hoy el tren de cargas llega hasta la Estaci\u00f3n Holt en Ibicuy, pero tambi\u00e9n hay que pensar en extenderla hasta los muelles de este puerto que Entre R\u00edos tiene sobre la Hidrov\u00eda del Paran\u00e1\u201d, remarc\u00f3 Schepens.<\/p>\n<p>En este sentido, Vispo, Beni y Schepens, acordaron realizar un nuevo encuentro para avanzar en los diferentes planes de desarrollo vinculados a fortalecer a los puertos entrerrianos y a la matriz log\u00edstica de la provincia.<\/p>\n","protected":false},"excerpt":{"rendered":"<p>La provincia de Entre R\u00edos contin\u00faa su trabajo coordinado con el gobierno nacional con el objetivo de fortalecer su matriz log\u00edstica y de transporte para sumar servicios y competitividad a sus puertos. Tal cual lo acordaron el gobernador Gustavo Bordet y el ministro de Transporte de la Naci\u00f3n, Alexis Guerrera, en octubre del a\u00f1o pasado, [&hellip;]<\/p>\n","protected":false},"author":1,"featured_media":2468,"comment_status":"open","ping_status":"open","sticky":false,"template":"","format":"standard","meta":{"footnotes":""},"categories":[81],"tags":[],"class_list":{"0":"post-2467","1":"post","2":"type-post","3":"status-publish","4":"format-standard","5":"has-post-thumbnail","7":"category-noticias"},"yoast_head":"<!-- This site is optimized with the Yoast SEO plugin v27.4 - https:\/\/yoast.com\/product\/yoast-seo-wordpress\/ -->\n<title>Entre R\u00edos fortalece su matriz log\u00edstica junto a la Administraci\u00f3n General de Puertos y Trenes Argentinos - Puerto de Concepci\u00f3n del Uruguay<\/title>\n<meta name=\"robots\" content=\"index, follow, max-snippet:-1, max-image-preview:large, max-video-preview:-1\" \/>\n<link rel=\"canonical\" href=\"https:\/\/www.puertocdelu.com.ar\/index.php\/2022\/07\/25\/entre-rios-fortalece-su-matriz-logistica-junto-a-la-administracion-general-de-puertos-y-trenes-argentinos\/\" \/>\n<meta property=\"og:locale\" content=\"es_ES\" \/>\n<meta property=\"og:type\" content=\"article\" \/>\n<meta property=\"og:title\" content=\"Entre R\u00edos fortalece su matriz log\u00edstica junto a la Administraci\u00f3n General de Puertos y Trenes Argentinos - Puerto de Concepci\u00f3n del Uruguay\" \/>\n<meta property=\"og:description\" content=\"La provincia de Entre R\u00edos contin\u00faa su trabajo coordinado con el gobierno nacional con el objetivo de fortalecer su matriz log\u00edstica y de transporte para sumar servicios y competitividad a sus puertos. Tal cual lo acordaron el gobernador Gustavo Bordet y el ministro de Transporte de la Naci\u00f3n, Alexis Guerrera, en octubre del a\u00f1o pasado, [&hellip;]\" \/>\n<meta property=\"og:url\" content=\"https:\/\/www.puertocdelu.com.ar\/index.php\/2022\/07\/25\/entre-rios-fortalece-su-matriz-logistica-junto-a-la-administracion-general-de-puertos-y-trenes-argentinos\/\" \/>\n<meta property=\"og:site_name\" content=\"Puerto de Concepci\u00f3n del Uruguay\" \/>\n<meta property=\"article:published_time\" content=\"2022-07-25T12:38:54+00:00\" \/>\n<meta property=\"og:image\" content=\"https:\/\/www.puertocdelu.com.ar\/wp-content\/uploads\/2022\/07\/x_1658588845-scaled.jpg\" \/>\n\t<meta property=\"og:image:width\" content=\"2560\" \/>\n\t<meta property=\"og:image:height\" content=\"1470\" \/>\n\t<meta property=\"og:image:type\" content=\"image\/jpeg\" \/>\n<meta name=\"author\" content=\"PuertoCdelU\" \/>\n<meta name=\"twitter:card\" content=\"summary_large_image\" \/>\n<meta name=\"twitter:label1\" content=\"Escrito por\" \/>\n\t<meta name=\"twitter:data1\" content=\"PuertoCdelU\" \/>\n\t<meta name=\"twitter:label2\" content=\"Tiempo de lectura\" \/>\n\t<meta name=\"twitter:data2\" content=\"4 minutos\" \/>\n<script type=\"application\/ld+json\" class=\"yoast-schema-graph\">{\"@context\":\"https:\\\/\\\/schema.org\",\"@graph\":[{\"@type\":\"Article\",\"@id\":\"https:\\\/\\\/www.puertocdelu.com.ar\\\/index.php\\\/2022\\\/07\\\/25\\\/entre-rios-fortalece-su-matriz-logistica-junto-a-la-administracion-general-de-puertos-y-trenes-argentinos\\\/#article\",\"isPartOf\":{\"@id\":\"https:\\\/\\\/www.puertocdelu.com.ar\\\/index.php\\\/2022\\\/07\\\/25\\\/entre-rios-fortalece-su-matriz-logistica-junto-a-la-administracion-general-de-puertos-y-trenes-argentinos\\\/\"},\"author\":{\"name\":\"PuertoCdelU\",\"@id\":\"https:\\\/\\\/www.puertocdelu.com.ar\\\/#\\\/schema\\\/person\\\/9d258b923b29bd5f47ca80d9c8cd72d1\"},\"headline\":\"Entre R\u00edos fortalece su matriz log\u00edstica junto a la Administraci\u00f3n General de Puertos y Trenes Argentinos\",\"datePublished\":\"2022-07-25T12:38:54+00:00\",\"mainEntityOfPage\":{\"@id\":\"https:\\\/\\\/www.puertocdelu.com.ar\\\/index.php\\\/2022\\\/07\\\/25\\\/entre-rios-fortalece-su-matriz-logistica-junto-a-la-administracion-general-de-puertos-y-trenes-argentinos\\\/\"},\"wordCount\":885,\"commentCount\":0,\"image\":{\"@id\":\"https:\\\/\\\/www.puertocdelu.com.ar\\\/index.php\\\/2022\\\/07\\\/25\\\/entre-rios-fortalece-su-matriz-logistica-junto-a-la-administracion-general-de-puertos-y-trenes-argentinos\\\/#primaryimage\"},\"thumbnailUrl\":\"https:\\\/\\\/www.puertocdelu.com.ar\\\/wp-content\\\/uploads\\\/2022\\\/07\\\/x_1658588845-scaled.jpg\",\"articleSection\":[\"Noticias\"],\"inLanguage\":\"es\",\"potentialAction\":[{\"@type\":\"CommentAction\",\"name\":\"Comment\",\"target\":[\"https:\\\/\\\/www.puertocdelu.com.ar\\\/index.php\\\/2022\\\/07\\\/25\\\/entre-rios-fortalece-su-matriz-logistica-junto-a-la-administracion-general-de-puertos-y-trenes-argentinos\\\/#respond\"]}]},{\"@type\":\"WebPage\",\"@id\":\"https:\\\/\\\/www.puertocdelu.com.ar\\\/index.php\\\/2022\\\/07\\\/25\\\/entre-rios-fortalece-su-matriz-logistica-junto-a-la-administracion-general-de-puertos-y-trenes-argentinos\\\/\",\"url\":\"https:\\\/\\\/www.puertocdelu.com.ar\\\/index.php\\\/2022\\\/07\\\/25\\\/entre-rios-fortalece-su-matriz-logistica-junto-a-la-administracion-general-de-puertos-y-trenes-argentinos\\\/\",\"name\":\"Entre R\u00edos fortalece su matriz log\u00edstica junto a la Administraci\u00f3n General de Puertos y Trenes Argentinos - Puerto de Concepci\u00f3n del Uruguay\",\"isPartOf\":{\"@id\":\"https:\\\/\\\/www.puertocdelu.com.ar\\\/#website\"},\"primaryImageOfPage\":{\"@id\":\"https:\\\/\\\/www.puertocdelu.com.ar\\\/index.php\\\/2022\\\/07\\\/25\\\/entre-rios-fortalece-su-matriz-logistica-junto-a-la-administracion-general-de-puertos-y-trenes-argentinos\\\/#primaryimage\"},\"image\":{\"@id\":\"https:\\\/\\\/www.puertocdelu.com.ar\\\/index.php\\\/2022\\\/07\\\/25\\\/entre-rios-fortalece-su-matriz-logistica-junto-a-la-administracion-general-de-puertos-y-trenes-argentinos\\\/#primaryimage\"},\"thumbnailUrl\":\"https:\\\/\\\/www.puertocdelu.com.ar\\\/wp-content\\\/uploads\\\/2022\\\/07\\\/x_1658588845-scaled.jpg\",\"datePublished\":\"2022-07-25T12:38:54+00:00\",\"author\":{\"@id\":\"https:\\\/\\\/www.puertocdelu.com.ar\\\/#\\\/schema\\\/person\\\/9d258b923b29bd5f47ca80d9c8cd72d1\"},\"breadcrumb\":{\"@id\":\"https:\\\/\\\/www.puertocdelu.com.ar\\\/index.php\\\/2022\\\/07\\\/25\\\/entre-rios-fortalece-su-matriz-logistica-junto-a-la-administracion-general-de-puertos-y-trenes-argentinos\\\/#breadcrumb\"},\"inLanguage\":\"es\",\"potentialAction\":[{\"@type\":\"ReadAction\",\"target\":[\"https:\\\/\\\/www.puertocdelu.com.ar\\\/index.php\\\/2022\\\/07\\\/25\\\/entre-rios-fortalece-su-matriz-logistica-junto-a-la-administracion-general-de-puertos-y-trenes-argentinos\\\/\"]}]},{\"@type\":\"ImageObject\",\"inLanguage\":\"es\",\"@id\":\"https:\\\/\\\/www.puertocdelu.com.ar\\\/index.php\\\/2022\\\/07\\\/25\\\/entre-rios-fortalece-su-matriz-logistica-junto-a-la-administracion-general-de-puertos-y-trenes-argentinos\\\/#primaryimage\",\"url\":\"https:\\\/\\\/www.puertocdelu.com.ar\\\/wp-content\\\/uploads\\\/2022\\\/07\\\/x_1658588845-scaled.jpg\",\"contentUrl\":\"https:\\\/\\\/www.puertocdelu.com.ar\\\/wp-content\\\/uploads\\\/2022\\\/07\\\/x_1658588845-scaled.jpg\",\"width\":2560,\"height\":1470},{\"@type\":\"BreadcrumbList\",\"@id\":\"https:\\\/\\\/www.puertocdelu.com.ar\\\/index.php\\\/2022\\\/07\\\/25\\\/entre-rios-fortalece-su-matriz-logistica-junto-a-la-administracion-general-de-puertos-y-trenes-argentinos\\\/#breadcrumb\",\"itemListElement\":[{\"@type\":\"ListItem\",\"position\":1,\"name\":\"Portada\",\"item\":\"https:\\\/\\\/www.puertocdelu.com.ar\\\/\"},{\"@type\":\"ListItem\",\"position\":2,\"name\":\"Entre R\u00edos fortalece su matriz log\u00edstica junto a la Administraci\u00f3n General de Puertos y Trenes Argentinos\"}]},{\"@type\":\"WebSite\",\"@id\":\"https:\\\/\\\/www.puertocdelu.com.ar\\\/#website\",\"url\":\"https:\\\/\\\/www.puertocdelu.com.ar\\\/\",\"name\":\"Puerto de Concepci\u00f3n del Uruguay\",\"description\":\"\",\"potentialAction\":[{\"@type\":\"SearchAction\",\"target\":{\"@type\":\"EntryPoint\",\"urlTemplate\":\"https:\\\/\\\/www.puertocdelu.com.ar\\\/?s={search_term_string}\"},\"query-input\":{\"@type\":\"PropertyValueSpecification\",\"valueRequired\":true,\"valueName\":\"search_term_string\"}}],\"inLanguage\":\"es\"},{\"@type\":\"Person\",\"@id\":\"https:\\\/\\\/www.puertocdelu.com.ar\\\/#\\\/schema\\\/person\\\/9d258b923b29bd5f47ca80d9c8cd72d1\",\"name\":\"PuertoCdelU\",\"image\":{\"@type\":\"ImageObject\",\"inLanguage\":\"es\",\"@id\":\"https:\\\/\\\/secure.gravatar.com\\\/avatar\\\/99e38dea1727d397df18aced5ac6840012bb7f24c8570dcfafabb73086aed88c?s=96&d=mm&r=g\",\"url\":\"https:\\\/\\\/secure.gravatar.com\\\/avatar\\\/99e38dea1727d397df18aced5ac6840012bb7f24c8570dcfafabb73086aed88c?s=96&d=mm&r=g\",\"contentUrl\":\"https:\\\/\\\/secure.gravatar.com\\\/avatar\\\/99e38dea1727d397df18aced5ac6840012bb7f24c8570dcfafabb73086aed88c?s=96&d=mm&r=g\",\"caption\":\"PuertoCdelU\"},\"url\":\"https:\\\/\\\/www.puertocdelu.com.ar\\\/index.php\\\/author\\\/hectordelos1\\\/\"}]}<\/script>\n<!-- \/ Yoast SEO plugin. -->","yoast_head_json":{"title":"Entre R\u00edos fortalece su matriz log\u00edstica junto a la Administraci\u00f3n General de Puertos y Trenes Argentinos - Puerto de Concepci\u00f3n del Uruguay","robots":{"index":"index","follow":"follow","max-snippet":"max-snippet:-1","max-image-preview":"max-image-preview:large","max-video-preview":"max-video-preview:-1"},"canonical":"https:\/\/www.puertocdelu.com.ar\/index.php\/2022\/07\/25\/entre-rios-fortalece-su-matriz-logistica-junto-a-la-administracion-general-de-puertos-y-trenes-argentinos\/","og_locale":"es_ES","og_type":"article","og_title":"Entre R\u00edos fortalece su matriz log\u00edstica junto a la Administraci\u00f3n General de Puertos y Trenes Argentinos - Puerto de Concepci\u00f3n del Uruguay","og_description":"La provincia de Entre R\u00edos contin\u00faa su trabajo coordinado con el gobierno nacional con el objetivo de fortalecer su matriz log\u00edstica y de transporte para sumar servicios y competitividad a sus puertos. Tal cual lo acordaron el gobernador Gustavo Bordet y el ministro de Transporte de la Naci\u00f3n, Alexis Guerrera, en octubre del a\u00f1o pasado, [&hellip;]","og_url":"https:\/\/www.puertocdelu.com.ar\/index.php\/2022\/07\/25\/entre-rios-fortalece-su-matriz-logistica-junto-a-la-administracion-general-de-puertos-y-trenes-argentinos\/","og_site_name":"Puerto de Concepci\u00f3n del Uruguay","article_published_time":"2022-07-25T12:38:54+00:00","og_image":[{"width":2560,"height":1470,"url":"https:\/\/www.puertocdelu.com.ar\/wp-content\/uploads\/2022\/07\/x_1658588845-scaled.jpg","type":"image\/jpeg"}],"author":"PuertoCdelU","twitter_card":"summary_large_image","twitter_misc":{"Escrito por":"PuertoCdelU","Tiempo de lectura":"4 minutos"},"schema":{"@context":"https:\/\/schema.org","@graph":[{"@type":"Article","@id":"https:\/\/www.puertocdelu.com.ar\/index.php\/2022\/07\/25\/entre-rios-fortalece-su-matriz-logistica-junto-a-la-administracion-general-de-puertos-y-trenes-argentinos\/#article","isPartOf":{"@id":"https:\/\/www.puertocdelu.com.ar\/index.php\/2022\/07\/25\/entre-rios-fortalece-su-matriz-logistica-junto-a-la-administracion-general-de-puertos-y-trenes-argentinos\/"},"author":{"name":"PuertoCdelU","@id":"https:\/\/www.puertocdelu.com.ar\/#\/schema\/person\/9d258b923b29bd5f47ca80d9c8cd72d1"},"headline":"Entre R\u00edos fortalece su matriz log\u00edstica junto a la Administraci\u00f3n General de Puertos y Trenes Argentinos","datePublished":"2022-07-25T12:38:54+00:00","mainEntityOfPage":{"@id":"https:\/\/www.puertocdelu.com.ar\/index.php\/2022\/07\/25\/entre-rios-fortalece-su-matriz-logistica-junto-a-la-administracion-general-de-puertos-y-trenes-argentinos\/"},"wordCount":885,"commentCount":0,"image":{"@id":"https:\/\/www.puertocdelu.com.ar\/index.php\/2022\/07\/25\/entre-rios-fortalece-su-matriz-logistica-junto-a-la-administracion-general-de-puertos-y-trenes-argentinos\/#primaryimage"},"thumbnailUrl":"https:\/\/www.puertocdelu.com.ar\/wp-content\/uploads\/2022\/07\/x_1658588845-scaled.jpg","articleSection":["Noticias"],"inLanguage":"es","potentialAction":[{"@type":"CommentAction","name":"Comment","target":["https:\/\/www.puertocdelu.com.ar\/index.php\/2022\/07\/25\/entre-rios-fortalece-su-matriz-logistica-junto-a-la-administracion-general-de-puertos-y-trenes-argentinos\/#respond"]}]},{"@type":"WebPage","@id":"https:\/\/www.puertocdelu.com.ar\/index.php\/2022\/07\/25\/entre-rios-fortalece-su-matriz-logistica-junto-a-la-administracion-general-de-puertos-y-trenes-argentinos\/","url":"https:\/\/www.puertocdelu.com.ar\/index.php\/2022\/07\/25\/entre-rios-fortalece-su-matriz-logistica-junto-a-la-administracion-general-de-puertos-y-trenes-argentinos\/","name":"Entre R\u00edos fortalece su matriz log\u00edstica junto a la Administraci\u00f3n General de Puertos y Trenes Argentinos - Puerto de Concepci\u00f3n del Uruguay","isPartOf":{"@id":"https:\/\/www.puertocdelu.com.ar\/#website"},"primaryImageOfPage":{"@id":"https:\/\/www.puertocdelu.com.ar\/index.php\/2022\/07\/25\/entre-rios-fortalece-su-matriz-logistica-junto-a-la-administracion-general-de-puertos-y-trenes-argentinos\/#primaryimage"},"image":{"@id":"https:\/\/www.puertocdelu.com.ar\/index.php\/2022\/07\/25\/entre-rios-fortalece-su-matriz-logistica-junto-a-la-administracion-general-de-puertos-y-trenes-argentinos\/#primaryimage"},"thumbnailUrl":"https:\/\/www.puertocdelu.com.ar\/wp-content\/uploads\/2022\/07\/x_1658588845-scaled.jpg","datePublished":"2022-07-25T12:38:54+00:00","author":{"@id":"https:\/\/www.puertocdelu.com.ar\/#\/schema\/person\/9d258b923b29bd5f47ca80d9c8cd72d1"},"breadcrumb":{"@id":"https:\/\/www.puertocdelu.com.ar\/index.php\/2022\/07\/25\/entre-rios-fortalece-su-matriz-logistica-junto-a-la-administracion-general-de-puertos-y-trenes-argentinos\/#breadcrumb"},"inLanguage":"es","potentialAction":[{"@type":"ReadAction","target":["https:\/\/www.puertocdelu.com.ar\/index.php\/2022\/07\/25\/entre-rios-fortalece-su-matriz-logistica-junto-a-la-administracion-general-de-puertos-y-trenes-argentinos\/"]}]},{"@type":"ImageObject","inLanguage":"es","@id":"https:\/\/www.puertocdelu.com.ar\/index.php\/2022\/07\/25\/entre-rios-fortalece-su-matriz-logistica-junto-a-la-administracion-general-de-puertos-y-trenes-argentinos\/#primaryimage","url":"https:\/\/www.puertocdelu.com.ar\/wp-content\/uploads\/2022\/07\/x_1658588845-scaled.jpg","contentUrl":"https:\/\/www.puertocdelu.com.ar\/wp-content\/uploads\/2022\/07\/x_1658588845-scaled.jpg","width":2560,"height":1470},{"@type":"BreadcrumbList","@id":"https:\/\/www.puertocdelu.com.ar\/index.php\/2022\/07\/25\/entre-rios-fortalece-su-matriz-logistica-junto-a-la-administracion-general-de-puertos-y-trenes-argentinos\/#breadcrumb","itemListElement":[{"@type":"ListItem","position":1,"name":"Portada","item":"https:\/\/www.puertocdelu.com.ar\/"},{"@type":"ListItem","position":2,"name":"Entre R\u00edos fortalece su matriz log\u00edstica junto a la Administraci\u00f3n General de Puertos y Trenes Argentinos"}]},{"@type":"WebSite","@id":"https:\/\/www.puertocdelu.com.ar\/#website","url":"https:\/\/www.puertocdelu.com.ar\/","name":"Puerto de Concepci\u00f3n del Uruguay","description":"","potentialAction":[{"@type":"SearchAction","target":{"@type":"EntryPoint","urlTemplate":"https:\/\/www.puertocdelu.com.ar\/?s={search_term_string}"},"query-input":{"@type":"PropertyValueSpecification","valueRequired":true,"valueName":"search_term_string"}}],"inLanguage":"es"},{"@type":"Person","@id":"https:\/\/www.puertocdelu.com.ar\/#\/schema\/person\/9d258b923b29bd5f47ca80d9c8cd72d1","name":"PuertoCdelU","image":{"@type":"ImageObject","inLanguage":"es","@id":"https:\/\/secure.gravatar.com\/avatar\/99e38dea1727d397df18aced5ac6840012bb7f24c8570dcfafabb73086aed88c?s=96&d=mm&r=g","url":"https:\/\/secure.gravatar.com\/avatar\/99e38dea1727d397df18aced5ac6840012bb7f24c8570dcfafabb73086aed88c?s=96&d=mm&r=g","contentUrl":"https:\/\/secure.gravatar.com\/avatar\/99e38dea1727d397df18aced5ac6840012bb7f24c8570dcfafabb73086aed88c?s=96&d=mm&r=g","caption":"PuertoCdelU"},"url":"https:\/\/www.puertocdelu.com.ar\/index.php\/author\/hectordelos1\/"}]}},"_links":{"self":[{"href":"https:\/\/www.puertocdelu.com.ar\/index.php\/wp-json\/wp\/v2\/posts\/2467","targetHints":{"allow":["GET"]}}],"collection":[{"href":"https:\/\/www.puertocdelu.com.ar\/index.php\/wp-json\/wp\/v2\/posts"}],"about":[{"href":"https:\/\/www.puertocdelu.com.ar\/index.php\/wp-json\/wp\/v2\/types\/post"}],"author":[{"embeddable":true,"href":"https:\/\/www.puertocdelu.com.ar\/index.php\/wp-json\/wp\/v2\/users\/1"}],"replies":[{"embeddable":true,"href":"https:\/\/www.puertocdelu.com.ar\/index.php\/wp-json\/wp\/v2\/comments?post=2467"}],"version-history":[{"count":1,"href":"https:\/\/www.puertocdelu.com.ar\/index.php\/wp-json\/wp\/v2\/posts\/2467\/revisions"}],"predecessor-version":[{"id":2469,"href":"https:\/\/www.puertocdelu.com.ar\/index.php\/wp-json\/wp\/v2\/posts\/2467\/revisions\/2469"}],"wp:featuredmedia":[{"embeddable":true,"href":"https:\/\/www.puertocdelu.com.ar\/index.php\/wp-json\/wp\/v2\/media\/2468"}],"wp:attachment":[{"href":"https:\/\/www.puertocdelu.com.ar\/index.php\/wp-json\/wp\/v2\/media?parent=2467"}],"wp:term":[{"taxonomy":"category","embeddable":true,"href":"https:\/\/www.puertocdelu.com.ar\/index.php\/wp-json\/wp\/v2\/categories?post=2467"},{"taxonomy":"post_tag","embeddable":true,"href":"https:\/\/www.puertocdelu.com.ar\/index.php\/wp-json\/wp\/v2\/tags?post=2467"}],"curies":[{"name":"wp","href":"https:\/\/api.w.org\/{rel}","templated":true}]}}