{"id":2480,"date":"2022-08-24T00:26:37","date_gmt":"2022-08-24T00:26:37","guid":{"rendered":"https:\/\/www.puertocdelu.com.ar\/?p=2480"},"modified":"2022-08-24T00:26:37","modified_gmt":"2022-08-24T00:26:37","slug":"se-licito-la-compra-de-una-grua-para-el-puerto-de-concepcion-del-uruguay","status":"publish","type":"post","link":"https:\/\/www.puertocdelu.com.ar\/index.php\/2022\/08\/24\/se-licito-la-compra-de-una-grua-para-el-puerto-de-concepcion-del-uruguay\/","title":{"rendered":"Se licit\u00f3 la compra de una gr\u00faa para el puerto de Concepci\u00f3n del Uruguay"},"content":{"rendered":"<p>Se realiz\u00f3 el acto de apertura de sobres de la licitaci\u00f3n p\u00fablica que llam\u00f3 el Ente Puerto Concepci\u00f3n del Uruguay (EAPCU) para la adquisici\u00f3n de una gr\u00faa destinada a operaciones con contenedores.<\/p>\n<p>En la sede del Ente portuario uruguayense, este lunes se licit\u00f3 la compra de una gr\u00faa para el puerto de Concepci\u00f3n del Uruguay. Del acto participaron el escribano delegado de la Escriban\u00eda Mayor de Gobierno, Sebasti\u00e1n Ibarra; el presidente del Instituto Portuario Provincial de Entre R\u00edos (IPPER), Carlos Schepens; el presidente del Ente Puerto Concepci\u00f3n del Uruguay, Marcelo Gay Balm\u00e1z; autoridades portuarias y representantes de las empresas que se presentaron al llamado.<\/p>\n<p>El proceso licitatorio se llev\u00f3 adelante en un tiempo r\u00e9cord, ya que en poco m\u00e1s de seis meses se completaron todas las instancias exigidas con la intervenci\u00f3n de organismos del Estado provincial, el gobierno nacional y la administraci\u00f3n del Ente Portuario Concepci\u00f3n del Uruguay.<\/p>\n<p><a href=\"https:\/\/www.puertocdelu.com.ar\/wp-content\/uploads\/2022\/08\/licitacion-grupa-EAPCU.jpg\"><img loading=\"lazy\" decoding=\"async\" class=\"aligncenter size-full wp-image-2482\" src=\"https:\/\/www.puertocdelu.com.ar\/wp-content\/uploads\/2022\/08\/licitacion-grupa-EAPCU.jpg\" alt=\"\" width=\"1200\" height=\"675\" srcset=\"https:\/\/www.puertocdelu.com.ar\/wp-content\/uploads\/2022\/08\/licitacion-grupa-EAPCU.jpg 1200w, https:\/\/www.puertocdelu.com.ar\/wp-content\/uploads\/2022\/08\/licitacion-grupa-EAPCU-300x169.jpg 300w, https:\/\/www.puertocdelu.com.ar\/wp-content\/uploads\/2022\/08\/licitacion-grupa-EAPCU-1024x576.jpg 1024w, https:\/\/www.puertocdelu.com.ar\/wp-content\/uploads\/2022\/08\/licitacion-grupa-EAPCU-768x432.jpg 768w, https:\/\/www.puertocdelu.com.ar\/wp-content\/uploads\/2022\/08\/licitacion-grupa-EAPCU-696x392.jpg 696w, https:\/\/www.puertocdelu.com.ar\/wp-content\/uploads\/2022\/08\/licitacion-grupa-EAPCU-1068x601.jpg 1068w, https:\/\/www.puertocdelu.com.ar\/wp-content\/uploads\/2022\/08\/licitacion-grupa-EAPCU-747x420.jpg 747w\" sizes=\"auto, (max-width: 1200px) 100vw, 1200px\" \/><\/a><\/p>\n<p>En total se vendieron cinco pliegos, que estuvieron a disposici\u00f3n de los interesados una vez cumplimentados todos los requisitos para el llamado a Licitaci\u00f3n P\u00fablica 001\/22 del EAPCU.<\/p>\n<p>Finalmente una sola oferta se present\u00f3 este lunes y correspondi\u00f3 a la empresa American Vial Group, quien ofreci\u00f3, tal cual las especificaciones del pliego, una gr\u00faa m\u00f3vil con pluma, ganchos dobles y simples para izaje, con capacidad m\u00ednima de 60 toneladas, con cuatro asas de elevaci\u00f3n (lifting lugs) para contenedores de 40 TN, y capacitaci\u00f3n en el uso y mantenimiento, con flete incluido.<\/p>\n<p>La compra se realizar\u00e1 con fondos provistos a trav\u00e9s de un convenio entre el gobierno provincial y el Ministerio de Transporte de la Naci\u00f3n, suscripto en octubre del a\u00f1o pasado en Concepci\u00f3n del Uruguay por el gobernador Gustavo Bordet, y el ministro de Transporte, Alexis Guerrera.<\/p>\n<p>Luego de verificada toda la documentaci\u00f3n presentada, el representante de la Escriban\u00eda Mayor de Gobierno de Entre R\u00edos procedi\u00f3 a formalizar el cierre del acto con la firma de todos los presentes.<\/p>\n<p>Una Comisi\u00f3n Evaluadora proceder\u00e1 ahora a analizar la propuesta presentada en sus aspectos t\u00e9cnicos y econ\u00f3micos.<\/p>\n","protected":false},"excerpt":{"rendered":"<p>Se realiz\u00f3 el acto de apertura de sobres de la licitaci\u00f3n p\u00fablica que llam\u00f3 el Ente Puerto Concepci\u00f3n del Uruguay (EAPCU) para la adquisici\u00f3n de una gr\u00faa destinada a operaciones con contenedores. En la sede del Ente portuario uruguayense, este lunes se licit\u00f3 la compra de una gr\u00faa para el puerto de Concepci\u00f3n del Uruguay. [&hellip;]<\/p>\n","protected":false},"author":1,"featured_media":2481,"comment_status":"open","ping_status":"open","sticky":false,"template":"","format":"standard","meta":{"footnotes":""},"categories":[81],"tags":[],"class_list":{"0":"post-2480","1":"post","2":"type-post","3":"status-publish","4":"format-standard","5":"has-post-thumbnail","7":"category-noticias"},"yoast_head":"<!-- This site is optimized with the Yoast SEO plugin v27.4 - https:\/\/yoast.com\/product\/yoast-seo-wordpress\/ -->\n<title>Se licit\u00f3 la compra de una gr\u00faa para el puerto de Concepci\u00f3n del Uruguay - Puerto de Concepci\u00f3n del Uruguay<\/title>\n<meta name=\"robots\" content=\"index, follow, max-snippet:-1, max-image-preview:large, max-video-preview:-1\" \/>\n<link rel=\"canonical\" href=\"https:\/\/www.puertocdelu.com.ar\/index.php\/2022\/08\/24\/se-licito-la-compra-de-una-grua-para-el-puerto-de-concepcion-del-uruguay\/\" \/>\n<meta property=\"og:locale\" content=\"es_ES\" \/>\n<meta property=\"og:type\" content=\"article\" \/>\n<meta property=\"og:title\" content=\"Se licit\u00f3 la compra de una gr\u00faa para el puerto de Concepci\u00f3n del Uruguay - Puerto de Concepci\u00f3n del Uruguay\" \/>\n<meta property=\"og:description\" content=\"Se realiz\u00f3 el acto de apertura de sobres de la licitaci\u00f3n p\u00fablica que llam\u00f3 el Ente Puerto Concepci\u00f3n del Uruguay (EAPCU) para la adquisici\u00f3n de una gr\u00faa destinada a operaciones con contenedores. En la sede del Ente portuario uruguayense, este lunes se licit\u00f3 la compra de una gr\u00faa para el puerto de Concepci\u00f3n del Uruguay. [&hellip;]\" \/>\n<meta property=\"og:url\" content=\"https:\/\/www.puertocdelu.com.ar\/index.php\/2022\/08\/24\/se-licito-la-compra-de-una-grua-para-el-puerto-de-concepcion-del-uruguay\/\" \/>\n<meta property=\"og:site_name\" content=\"Puerto de Concepci\u00f3n del Uruguay\" \/>\n<meta property=\"article:published_time\" content=\"2022-08-24T00:26:37+00:00\" \/>\n<meta property=\"og:image\" content=\"https:\/\/www.puertocdelu.com.ar\/wp-content\/uploads\/2022\/08\/contenedores04.jpg\" \/>\n\t<meta property=\"og:image:width\" content=\"1067\" \/>\n\t<meta property=\"og:image:height\" content=\"563\" \/>\n\t<meta property=\"og:image:type\" content=\"image\/jpeg\" \/>\n<meta name=\"author\" content=\"PuertoCdelU\" \/>\n<meta name=\"twitter:card\" content=\"summary_large_image\" \/>\n<meta name=\"twitter:label1\" content=\"Escrito por\" \/>\n\t<meta name=\"twitter:data1\" content=\"PuertoCdelU\" \/>\n\t<meta name=\"twitter:label2\" content=\"Tiempo de lectura\" \/>\n\t<meta name=\"twitter:data2\" content=\"2 minutos\" \/>\n<script type=\"application\/ld+json\" class=\"yoast-schema-graph\">{\"@context\":\"https:\\\/\\\/schema.org\",\"@graph\":[{\"@type\":\"Article\",\"@id\":\"https:\\\/\\\/www.puertocdelu.com.ar\\\/index.php\\\/2022\\\/08\\\/24\\\/se-licito-la-compra-de-una-grua-para-el-puerto-de-concepcion-del-uruguay\\\/#article\",\"isPartOf\":{\"@id\":\"https:\\\/\\\/www.puertocdelu.com.ar\\\/index.php\\\/2022\\\/08\\\/24\\\/se-licito-la-compra-de-una-grua-para-el-puerto-de-concepcion-del-uruguay\\\/\"},\"author\":{\"name\":\"PuertoCdelU\",\"@id\":\"https:\\\/\\\/www.puertocdelu.com.ar\\\/#\\\/schema\\\/person\\\/9d258b923b29bd5f47ca80d9c8cd72d1\"},\"headline\":\"Se licit\u00f3 la compra de una gr\u00faa para el puerto de Concepci\u00f3n del Uruguay\",\"datePublished\":\"2022-08-24T00:26:37+00:00\",\"mainEntityOfPage\":{\"@id\":\"https:\\\/\\\/www.puertocdelu.com.ar\\\/index.php\\\/2022\\\/08\\\/24\\\/se-licito-la-compra-de-una-grua-para-el-puerto-de-concepcion-del-uruguay\\\/\"},\"wordCount\":381,\"commentCount\":0,\"image\":{\"@id\":\"https:\\\/\\\/www.puertocdelu.com.ar\\\/index.php\\\/2022\\\/08\\\/24\\\/se-licito-la-compra-de-una-grua-para-el-puerto-de-concepcion-del-uruguay\\\/#primaryimage\"},\"thumbnailUrl\":\"https:\\\/\\\/www.puertocdelu.com.ar\\\/wp-content\\\/uploads\\\/2022\\\/08\\\/contenedores04.jpg\",\"articleSection\":[\"Noticias\"],\"inLanguage\":\"es\",\"potentialAction\":[{\"@type\":\"CommentAction\",\"name\":\"Comment\",\"target\":[\"https:\\\/\\\/www.puertocdelu.com.ar\\\/index.php\\\/2022\\\/08\\\/24\\\/se-licito-la-compra-de-una-grua-para-el-puerto-de-concepcion-del-uruguay\\\/#respond\"]}]},{\"@type\":\"WebPage\",\"@id\":\"https:\\\/\\\/www.puertocdelu.com.ar\\\/index.php\\\/2022\\\/08\\\/24\\\/se-licito-la-compra-de-una-grua-para-el-puerto-de-concepcion-del-uruguay\\\/\",\"url\":\"https:\\\/\\\/www.puertocdelu.com.ar\\\/index.php\\\/2022\\\/08\\\/24\\\/se-licito-la-compra-de-una-grua-para-el-puerto-de-concepcion-del-uruguay\\\/\",\"name\":\"Se licit\u00f3 la compra de una gr\u00faa para el puerto de Concepci\u00f3n del Uruguay - Puerto de Concepci\u00f3n del Uruguay\",\"isPartOf\":{\"@id\":\"https:\\\/\\\/www.puertocdelu.com.ar\\\/#website\"},\"primaryImageOfPage\":{\"@id\":\"https:\\\/\\\/www.puertocdelu.com.ar\\\/index.php\\\/2022\\\/08\\\/24\\\/se-licito-la-compra-de-una-grua-para-el-puerto-de-concepcion-del-uruguay\\\/#primaryimage\"},\"image\":{\"@id\":\"https:\\\/\\\/www.puertocdelu.com.ar\\\/index.php\\\/2022\\\/08\\\/24\\\/se-licito-la-compra-de-una-grua-para-el-puerto-de-concepcion-del-uruguay\\\/#primaryimage\"},\"thumbnailUrl\":\"https:\\\/\\\/www.puertocdelu.com.ar\\\/wp-content\\\/uploads\\\/2022\\\/08\\\/contenedores04.jpg\",\"datePublished\":\"2022-08-24T00:26:37+00:00\",\"author\":{\"@id\":\"https:\\\/\\\/www.puertocdelu.com.ar\\\/#\\\/schema\\\/person\\\/9d258b923b29bd5f47ca80d9c8cd72d1\"},\"breadcrumb\":{\"@id\":\"https:\\\/\\\/www.puertocdelu.com.ar\\\/index.php\\\/2022\\\/08\\\/24\\\/se-licito-la-compra-de-una-grua-para-el-puerto-de-concepcion-del-uruguay\\\/#breadcrumb\"},\"inLanguage\":\"es\",\"potentialAction\":[{\"@type\":\"ReadAction\",\"target\":[\"https:\\\/\\\/www.puertocdelu.com.ar\\\/index.php\\\/2022\\\/08\\\/24\\\/se-licito-la-compra-de-una-grua-para-el-puerto-de-concepcion-del-uruguay\\\/\"]}]},{\"@type\":\"ImageObject\",\"inLanguage\":\"es\",\"@id\":\"https:\\\/\\\/www.puertocdelu.com.ar\\\/index.php\\\/2022\\\/08\\\/24\\\/se-licito-la-compra-de-una-grua-para-el-puerto-de-concepcion-del-uruguay\\\/#primaryimage\",\"url\":\"https:\\\/\\\/www.puertocdelu.com.ar\\\/wp-content\\\/uploads\\\/2022\\\/08\\\/contenedores04.jpg\",\"contentUrl\":\"https:\\\/\\\/www.puertocdelu.com.ar\\\/wp-content\\\/uploads\\\/2022\\\/08\\\/contenedores04.jpg\",\"width\":1067,\"height\":563},{\"@type\":\"BreadcrumbList\",\"@id\":\"https:\\\/\\\/www.puertocdelu.com.ar\\\/index.php\\\/2022\\\/08\\\/24\\\/se-licito-la-compra-de-una-grua-para-el-puerto-de-concepcion-del-uruguay\\\/#breadcrumb\",\"itemListElement\":[{\"@type\":\"ListItem\",\"position\":1,\"name\":\"Portada\",\"item\":\"https:\\\/\\\/www.puertocdelu.com.ar\\\/\"},{\"@type\":\"ListItem\",\"position\":2,\"name\":\"Se licit\u00f3 la compra de una gr\u00faa para el puerto de Concepci\u00f3n del Uruguay\"}]},{\"@type\":\"WebSite\",\"@id\":\"https:\\\/\\\/www.puertocdelu.com.ar\\\/#website\",\"url\":\"https:\\\/\\\/www.puertocdelu.com.ar\\\/\",\"name\":\"Puerto de Concepci\u00f3n del Uruguay\",\"description\":\"\",\"potentialAction\":[{\"@type\":\"SearchAction\",\"target\":{\"@type\":\"EntryPoint\",\"urlTemplate\":\"https:\\\/\\\/www.puertocdelu.com.ar\\\/?s={search_term_string}\"},\"query-input\":{\"@type\":\"PropertyValueSpecification\",\"valueRequired\":true,\"valueName\":\"search_term_string\"}}],\"inLanguage\":\"es\"},{\"@type\":\"Person\",\"@id\":\"https:\\\/\\\/www.puertocdelu.com.ar\\\/#\\\/schema\\\/person\\\/9d258b923b29bd5f47ca80d9c8cd72d1\",\"name\":\"PuertoCdelU\",\"image\":{\"@type\":\"ImageObject\",\"inLanguage\":\"es\",\"@id\":\"https:\\\/\\\/secure.gravatar.com\\\/avatar\\\/99e38dea1727d397df18aced5ac6840012bb7f24c8570dcfafabb73086aed88c?s=96&d=mm&r=g\",\"url\":\"https:\\\/\\\/secure.gravatar.com\\\/avatar\\\/99e38dea1727d397df18aced5ac6840012bb7f24c8570dcfafabb73086aed88c?s=96&d=mm&r=g\",\"contentUrl\":\"https:\\\/\\\/secure.gravatar.com\\\/avatar\\\/99e38dea1727d397df18aced5ac6840012bb7f24c8570dcfafabb73086aed88c?s=96&d=mm&r=g\",\"caption\":\"PuertoCdelU\"},\"url\":\"https:\\\/\\\/www.puertocdelu.com.ar\\\/index.php\\\/author\\\/hectordelos1\\\/\"}]}<\/script>\n<!-- \/ Yoast SEO plugin. -->","yoast_head_json":{"title":"Se licit\u00f3 la compra de una gr\u00faa para el puerto de Concepci\u00f3n del Uruguay - Puerto de Concepci\u00f3n del Uruguay","robots":{"index":"index","follow":"follow","max-snippet":"max-snippet:-1","max-image-preview":"max-image-preview:large","max-video-preview":"max-video-preview:-1"},"canonical":"https:\/\/www.puertocdelu.com.ar\/index.php\/2022\/08\/24\/se-licito-la-compra-de-una-grua-para-el-puerto-de-concepcion-del-uruguay\/","og_locale":"es_ES","og_type":"article","og_title":"Se licit\u00f3 la compra de una gr\u00faa para el puerto de Concepci\u00f3n del Uruguay - Puerto de Concepci\u00f3n del Uruguay","og_description":"Se realiz\u00f3 el acto de apertura de sobres de la licitaci\u00f3n p\u00fablica que llam\u00f3 el Ente Puerto Concepci\u00f3n del Uruguay (EAPCU) para la adquisici\u00f3n de una gr\u00faa destinada a operaciones con contenedores. En la sede del Ente portuario uruguayense, este lunes se licit\u00f3 la compra de una gr\u00faa para el puerto de Concepci\u00f3n del Uruguay. [&hellip;]","og_url":"https:\/\/www.puertocdelu.com.ar\/index.php\/2022\/08\/24\/se-licito-la-compra-de-una-grua-para-el-puerto-de-concepcion-del-uruguay\/","og_site_name":"Puerto de Concepci\u00f3n del Uruguay","article_published_time":"2022-08-24T00:26:37+00:00","og_image":[{"width":1067,"height":563,"url":"https:\/\/www.puertocdelu.com.ar\/wp-content\/uploads\/2022\/08\/contenedores04.jpg","type":"image\/jpeg"}],"author":"PuertoCdelU","twitter_card":"summary_large_image","twitter_misc":{"Escrito por":"PuertoCdelU","Tiempo de lectura":"2 minutos"},"schema":{"@context":"https:\/\/schema.org","@graph":[{"@type":"Article","@id":"https:\/\/www.puertocdelu.com.ar\/index.php\/2022\/08\/24\/se-licito-la-compra-de-una-grua-para-el-puerto-de-concepcion-del-uruguay\/#article","isPartOf":{"@id":"https:\/\/www.puertocdelu.com.ar\/index.php\/2022\/08\/24\/se-licito-la-compra-de-una-grua-para-el-puerto-de-concepcion-del-uruguay\/"},"author":{"name":"PuertoCdelU","@id":"https:\/\/www.puertocdelu.com.ar\/#\/schema\/person\/9d258b923b29bd5f47ca80d9c8cd72d1"},"headline":"Se licit\u00f3 la compra de una gr\u00faa para el puerto de Concepci\u00f3n del Uruguay","datePublished":"2022-08-24T00:26:37+00:00","mainEntityOfPage":{"@id":"https:\/\/www.puertocdelu.com.ar\/index.php\/2022\/08\/24\/se-licito-la-compra-de-una-grua-para-el-puerto-de-concepcion-del-uruguay\/"},"wordCount":381,"commentCount":0,"image":{"@id":"https:\/\/www.puertocdelu.com.ar\/index.php\/2022\/08\/24\/se-licito-la-compra-de-una-grua-para-el-puerto-de-concepcion-del-uruguay\/#primaryimage"},"thumbnailUrl":"https:\/\/www.puertocdelu.com.ar\/wp-content\/uploads\/2022\/08\/contenedores04.jpg","articleSection":["Noticias"],"inLanguage":"es","potentialAction":[{"@type":"CommentAction","name":"Comment","target":["https:\/\/www.puertocdelu.com.ar\/index.php\/2022\/08\/24\/se-licito-la-compra-de-una-grua-para-el-puerto-de-concepcion-del-uruguay\/#respond"]}]},{"@type":"WebPage","@id":"https:\/\/www.puertocdelu.com.ar\/index.php\/2022\/08\/24\/se-licito-la-compra-de-una-grua-para-el-puerto-de-concepcion-del-uruguay\/","url":"https:\/\/www.puertocdelu.com.ar\/index.php\/2022\/08\/24\/se-licito-la-compra-de-una-grua-para-el-puerto-de-concepcion-del-uruguay\/","name":"Se licit\u00f3 la compra de una gr\u00faa para el puerto de Concepci\u00f3n del Uruguay - Puerto de Concepci\u00f3n del Uruguay","isPartOf":{"@id":"https:\/\/www.puertocdelu.com.ar\/#website"},"primaryImageOfPage":{"@id":"https:\/\/www.puertocdelu.com.ar\/index.php\/2022\/08\/24\/se-licito-la-compra-de-una-grua-para-el-puerto-de-concepcion-del-uruguay\/#primaryimage"},"image":{"@id":"https:\/\/www.puertocdelu.com.ar\/index.php\/2022\/08\/24\/se-licito-la-compra-de-una-grua-para-el-puerto-de-concepcion-del-uruguay\/#primaryimage"},"thumbnailUrl":"https:\/\/www.puertocdelu.com.ar\/wp-content\/uploads\/2022\/08\/contenedores04.jpg","datePublished":"2022-08-24T00:26:37+00:00","author":{"@id":"https:\/\/www.puertocdelu.com.ar\/#\/schema\/person\/9d258b923b29bd5f47ca80d9c8cd72d1"},"breadcrumb":{"@id":"https:\/\/www.puertocdelu.com.ar\/index.php\/2022\/08\/24\/se-licito-la-compra-de-una-grua-para-el-puerto-de-concepcion-del-uruguay\/#breadcrumb"},"inLanguage":"es","potentialAction":[{"@type":"ReadAction","target":["https:\/\/www.puertocdelu.com.ar\/index.php\/2022\/08\/24\/se-licito-la-compra-de-una-grua-para-el-puerto-de-concepcion-del-uruguay\/"]}]},{"@type":"ImageObject","inLanguage":"es","@id":"https:\/\/www.puertocdelu.com.ar\/index.php\/2022\/08\/24\/se-licito-la-compra-de-una-grua-para-el-puerto-de-concepcion-del-uruguay\/#primaryimage","url":"https:\/\/www.puertocdelu.com.ar\/wp-content\/uploads\/2022\/08\/contenedores04.jpg","contentUrl":"https:\/\/www.puertocdelu.com.ar\/wp-content\/uploads\/2022\/08\/contenedores04.jpg","width":1067,"height":563},{"@type":"BreadcrumbList","@id":"https:\/\/www.puertocdelu.com.ar\/index.php\/2022\/08\/24\/se-licito-la-compra-de-una-grua-para-el-puerto-de-concepcion-del-uruguay\/#breadcrumb","itemListElement":[{"@type":"ListItem","position":1,"name":"Portada","item":"https:\/\/www.puertocdelu.com.ar\/"},{"@type":"ListItem","position":2,"name":"Se licit\u00f3 la compra de una gr\u00faa para el puerto de Concepci\u00f3n del Uruguay"}]},{"@type":"WebSite","@id":"https:\/\/www.puertocdelu.com.ar\/#website","url":"https:\/\/www.puertocdelu.com.ar\/","name":"Puerto de Concepci\u00f3n del Uruguay","description":"","potentialAction":[{"@type":"SearchAction","target":{"@type":"EntryPoint","urlTemplate":"https:\/\/www.puertocdelu.com.ar\/?s={search_term_string}"},"query-input":{"@type":"PropertyValueSpecification","valueRequired":true,"valueName":"search_term_string"}}],"inLanguage":"es"},{"@type":"Person","@id":"https:\/\/www.puertocdelu.com.ar\/#\/schema\/person\/9d258b923b29bd5f47ca80d9c8cd72d1","name":"PuertoCdelU","image":{"@type":"ImageObject","inLanguage":"es","@id":"https:\/\/secure.gravatar.com\/avatar\/99e38dea1727d397df18aced5ac6840012bb7f24c8570dcfafabb73086aed88c?s=96&d=mm&r=g","url":"https:\/\/secure.gravatar.com\/avatar\/99e38dea1727d397df18aced5ac6840012bb7f24c8570dcfafabb73086aed88c?s=96&d=mm&r=g","contentUrl":"https:\/\/secure.gravatar.com\/avatar\/99e38dea1727d397df18aced5ac6840012bb7f24c8570dcfafabb73086aed88c?s=96&d=mm&r=g","caption":"PuertoCdelU"},"url":"https:\/\/www.puertocdelu.com.ar\/index.php\/author\/hectordelos1\/"}]}},"_links":{"self":[{"href":"https:\/\/www.puertocdelu.com.ar\/index.php\/wp-json\/wp\/v2\/posts\/2480","targetHints":{"allow":["GET"]}}],"collection":[{"href":"https:\/\/www.puertocdelu.com.ar\/index.php\/wp-json\/wp\/v2\/posts"}],"about":[{"href":"https:\/\/www.puertocdelu.com.ar\/index.php\/wp-json\/wp\/v2\/types\/post"}],"author":[{"embeddable":true,"href":"https:\/\/www.puertocdelu.com.ar\/index.php\/wp-json\/wp\/v2\/users\/1"}],"replies":[{"embeddable":true,"href":"https:\/\/www.puertocdelu.com.ar\/index.php\/wp-json\/wp\/v2\/comments?post=2480"}],"version-history":[{"count":1,"href":"https:\/\/www.puertocdelu.com.ar\/index.php\/wp-json\/wp\/v2\/posts\/2480\/revisions"}],"predecessor-version":[{"id":2483,"href":"https:\/\/www.puertocdelu.com.ar\/index.php\/wp-json\/wp\/v2\/posts\/2480\/revisions\/2483"}],"wp:featuredmedia":[{"embeddable":true,"href":"https:\/\/www.puertocdelu.com.ar\/index.php\/wp-json\/wp\/v2\/media\/2481"}],"wp:attachment":[{"href":"https:\/\/www.puertocdelu.com.ar\/index.php\/wp-json\/wp\/v2\/media?parent=2480"}],"wp:term":[{"taxonomy":"category","embeddable":true,"href":"https:\/\/www.puertocdelu.com.ar\/index.php\/wp-json\/wp\/v2\/categories?post=2480"},{"taxonomy":"post_tag","embeddable":true,"href":"https:\/\/www.puertocdelu.com.ar\/index.php\/wp-json\/wp\/v2\/tags?post=2480"}],"curies":[{"name":"wp","href":"https:\/\/api.w.org\/{rel}","templated":true}]}}